{"id":25861,"date":"2020-07-14T10:38:50","date_gmt":"2020-07-14T13:38:50","guid":{"rendered":"http:\/\/noticiasemdestaque.com\/cd\/?p=25861"},"modified":"2020-07-14T10:38:50","modified_gmt":"2020-07-14T13:38:50","slug":"morre-jornalista-campinense-e-deixa-tambem-de-luto-o-setor-cultural","status":"publish","type":"post","link":"https:\/\/noticiasemdestaque.com\/cd\/?p=25861","title":{"rendered":"Morre jornalista campinense e deixa tamb\u00e9m de luto o setor cultural"},"content":{"rendered":"<p><a href=\"https:\/\/noticiasemdestaque.com\/cd\/wp-content\/uploads\/2020\/07\/inaudete1407a.jpg\"><img fetchpriority=\"high\" decoding=\"async\" class=\"wp-image-25862 aligncenter\" src=\"https:\/\/noticiasemdestaque.com\/cd\/wp-content\/uploads\/2020\/07\/inaudete1407a.jpg\" alt=\"\" width=\"399\" height=\"567\" srcset=\"https:\/\/noticiasemdestaque.com\/cd\/wp-content\/uploads\/2020\/07\/inaudete1407a.jpg 540w, https:\/\/noticiasemdestaque.com\/cd\/wp-content\/uploads\/2020\/07\/inaudete1407a-211x300.jpg 211w\" sizes=\"(max-width: 399px) 100vw, 399px\" \/><\/a><\/p>\n<p>Morreu na manh\u00e3 desta ter\u00e7a-feira, na Cl\u00ednica Santa Clara, a jornalista, publicit\u00e1ria e cantora Inaudete Amorim, que enfrentava havia alguns anos as sequelas de um tratamento oncol\u00f3gico.<\/p>\n<p>Inaudete trabalhou por muitos anos na R\u00e1dio Campina Grande FM e ultimamente atuava como diretora comercial da TV Itarar\u00e9, vinculada \u00e0 Funda\u00e7\u00e3o Pedro Am\u00e9rico.<\/p>\n<p>Ela tinha estreita liga\u00e7\u00e3o com\u00a0o setor musical da cidade, sendo uma presen\u00e7a constante nas edi\u00e7\u00f5es do Maior S\u00e3o Jo\u00e3o do Mundo.<\/p>\n<p>Fonte: Para\u00edba Online<\/p>\n","protected":false},"excerpt":{"rendered":"<p>Morreu na manh\u00e3 desta ter\u00e7a-feira, na Cl\u00ednica Santa Clara, a jornalista, publicit\u00e1ria e cantora Inaudete Amorim, que enfrentava havia alguns anos as sequelas de um tratamento oncol\u00f3gico. Inaudete trabalhou por muitos anos na R\u00e1dio Campina Grande FM e ultimamente atuava como diretora comercial da TV Itarar\u00e9, vinculada \u00e0 Funda\u00e7\u00e3o Pedro Am\u00e9rico. Ela tinha estreita liga\u00e7\u00e3o com\u00a0o setor musical da cidade, sendo uma presen\u00e7a constante nas edi\u00e7\u00f5es do Maior S\u00e3o Jo\u00e3o do Mundo. Fonte: Para\u00edba Online<\/p>\n","protected":false},"author":2,"featured_media":25862,"comment_status":"closed","ping_status":"open","sticky":false,"template":"","format":"standard","meta":{"_eb_attr":"","_jetpack_memberships_contains_paid_content":false,"footnotes":""},"categories":[12],"tags":[],"class_list":["post-25861","post","type-post","status-publish","format-standard","has-post-thumbnail","hentry","category-geral"],"yoast_head":"<!-- This site is optimized with the Yoast SEO plugin v26.5 - https:\/\/yoast.com\/wordpress\/plugins\/seo\/ -->\n<title>Morre jornalista campinense e deixa tamb\u00e9m de luto o setor cultural - Not&iacute;cias em Destaque<\/title>\n<meta name=\"robots\" content=\"index, follow, max-snippet:-1, max-image-preview:large, max-video-preview:-1\" \/>\n<link rel=\"canonical\" href=\"https:\/\/noticiasemdestaque.com\/cd\/?p=25861\" \/>\n<meta property=\"og:locale\" content=\"pt_BR\" \/>\n<meta property=\"og:type\" content=\"article\" \/>\n<meta property=\"og:title\" content=\"Morre jornalista campinense e deixa tamb\u00e9m de luto o setor cultural - Not&iacute;cias em Destaque\" \/>\n<meta property=\"og:description\" content=\"Morreu na manh\u00e3 desta ter\u00e7a-feira, na Cl\u00ednica Santa Clara, a jornalista, publicit\u00e1ria e cantora Inaudete Amorim, que enfrentava havia alguns anos as sequelas de um tratamento oncol\u00f3gico. Inaudete trabalhou por muitos anos na R\u00e1dio Campina Grande FM e ultimamente atuava como diretora comercial da TV Itarar\u00e9, vinculada \u00e0 Funda\u00e7\u00e3o Pedro Am\u00e9rico. Ela tinha estreita liga\u00e7\u00e3o com\u00a0o setor musical da cidade, sendo uma presen\u00e7a constante nas edi\u00e7\u00f5es do Maior S\u00e3o Jo\u00e3o do Mundo. Fonte: Para\u00edba Online\" \/>\n<meta property=\"og:url\" content=\"https:\/\/noticiasemdestaque.com\/cd\/?p=25861\" \/>\n<meta property=\"og:site_name\" content=\"Not&iacute;cias em Destaque\" \/>\n<meta property=\"article:published_time\" content=\"2020-07-14T13:38:50+00:00\" \/>\n<meta property=\"og:image\" content=\"https:\/\/noticiasemdestaque.com\/cd\/wp-content\/uploads\/2020\/07\/inaudete1407a.jpg\" \/>\n\t<meta property=\"og:image:width\" content=\"540\" \/>\n\t<meta property=\"og:image:height\" content=\"767\" \/>\n\t<meta property=\"og:image:type\" content=\"image\/jpeg\" \/>\n<meta name=\"author\" content=\"Not\u00edcias em Destaque\" \/>\n<meta name=\"twitter:card\" content=\"summary_large_image\" \/>\n<meta name=\"twitter:label1\" content=\"Escrito por\" \/>\n\t<meta name=\"twitter:data1\" content=\"Not\u00edcias em Destaque\" \/>\n<script type=\"application\/ld+json\" class=\"yoast-schema-graph\">{\"@context\":\"https:\/\/schema.org\",\"@graph\":[{\"@type\":\"Article\",\"@id\":\"https:\/\/noticiasemdestaque.com\/cd\/?p=25861#article\",\"isPartOf\":{\"@id\":\"https:\/\/noticiasemdestaque.com\/cd\/?p=25861\"},\"author\":{\"name\":\"Not\u00edcias em Destaque\",\"@id\":\"https:\/\/noticiasemdestaque.com\/cd\/#\/schema\/person\/47f7d4f55eec17c6b2ca036c5500f6ce\"},\"headline\":\"Morre jornalista campinense e deixa tamb\u00e9m de luto o setor cultural\",\"datePublished\":\"2020-07-14T13:38:50+00:00\",\"mainEntityOfPage\":{\"@id\":\"https:\/\/noticiasemdestaque.com\/cd\/?p=25861\"},\"wordCount\":100,\"publisher\":{\"@id\":\"https:\/\/noticiasemdestaque.com\/cd\/#organization\"},\"image\":{\"@id\":\"https:\/\/noticiasemdestaque.com\/cd\/?p=25861#primaryimage\"},\"thumbnailUrl\":\"https:\/\/noticiasemdestaque.com\/cd\/wp-content\/uploads\/2020\/07\/inaudete1407a.jpg\",\"articleSection\":[\"Geral\"],\"inLanguage\":\"pt-BR\"},{\"@type\":\"WebPage\",\"@id\":\"https:\/\/noticiasemdestaque.com\/cd\/?p=25861\",\"url\":\"https:\/\/noticiasemdestaque.com\/cd\/?p=25861\",\"name\":\"Morre jornalista campinense e deixa tamb\u00e9m de luto o setor cultural - Not&iacute;cias em Destaque\",\"isPartOf\":{\"@id\":\"https:\/\/noticiasemdestaque.com\/cd\/#website\"},\"primaryImageOfPage\":{\"@id\":\"https:\/\/noticiasemdestaque.com\/cd\/?p=25861#primaryimage\"},\"image\":{\"@id\":\"https:\/\/noticiasemdestaque.com\/cd\/?p=25861#primaryimage\"},\"thumbnailUrl\":\"https:\/\/noticiasemdestaque.com\/cd\/wp-content\/uploads\/2020\/07\/inaudete1407a.jpg\",\"datePublished\":\"2020-07-14T13:38:50+00:00\",\"breadcrumb\":{\"@id\":\"https:\/\/noticiasemdestaque.com\/cd\/?p=25861#breadcrumb\"},\"inLanguage\":\"pt-BR\",\"potentialAction\":[{\"@type\":\"ReadAction\",\"target\":[\"https:\/\/noticiasemdestaque.com\/cd\/?p=25861\"]}]},{\"@type\":\"ImageObject\",\"inLanguage\":\"pt-BR\",\"@id\":\"https:\/\/noticiasemdestaque.com\/cd\/?p=25861#primaryimage\",\"url\":\"https:\/\/noticiasemdestaque.com\/cd\/wp-content\/uploads\/2020\/07\/inaudete1407a.jpg\",\"contentUrl\":\"https:\/\/noticiasemdestaque.com\/cd\/wp-content\/uploads\/2020\/07\/inaudete1407a.jpg\",\"width\":540,\"height\":767},{\"@type\":\"BreadcrumbList\",\"@id\":\"https:\/\/noticiasemdestaque.com\/cd\/?p=25861#breadcrumb\",\"itemListElement\":[{\"@type\":\"ListItem\",\"position\":1,\"name\":\"In\u00edcio\",\"item\":\"https:\/\/noticiasemdestaque.com\/cd\/\"},{\"@type\":\"ListItem\",\"position\":2,\"name\":\"Morre jornalista campinense e deixa tamb\u00e9m de luto o setor cultural\"}]},{\"@type\":\"WebSite\",\"@id\":\"https:\/\/noticiasemdestaque.com\/cd\/#website\",\"url\":\"https:\/\/noticiasemdestaque.com\/cd\/\",\"name\":\"Not&iacute;cias em Destaque\",\"description\":\"\",\"publisher\":{\"@id\":\"https:\/\/noticiasemdestaque.com\/cd\/#organization\"},\"potentialAction\":[{\"@type\":\"SearchAction\",\"target\":{\"@type\":\"EntryPoint\",\"urlTemplate\":\"https:\/\/noticiasemdestaque.com\/cd\/?s={search_term_string}\"},\"query-input\":{\"@type\":\"PropertyValueSpecification\",\"valueRequired\":true,\"valueName\":\"search_term_string\"}}],\"inLanguage\":\"pt-BR\"},{\"@type\":\"Organization\",\"@id\":\"https:\/\/noticiasemdestaque.com\/cd\/#organization\",\"name\":\"Not\u00edcias em Destaque\",\"url\":\"https:\/\/noticiasemdestaque.com\/cd\/\",\"logo\":{\"@type\":\"ImageObject\",\"inLanguage\":\"pt-BR\",\"@id\":\"https:\/\/noticiasemdestaque.com\/cd\/#\/schema\/logo\/image\/\",\"url\":\"https:\/\/noticiasemdestaque.com\/cd\/wp-content\/uploads\/2022\/05\/imagem-base-noticiasemdestaque.png\",\"contentUrl\":\"https:\/\/noticiasemdestaque.com\/cd\/wp-content\/uploads\/2022\/05\/imagem-base-noticiasemdestaque.png\",\"width\":1200,\"height\":630,\"caption\":\"Not\u00edcias em Destaque\"},\"image\":{\"@id\":\"https:\/\/noticiasemdestaque.com\/cd\/#\/schema\/logo\/image\/\"}},{\"@type\":\"Person\",\"@id\":\"https:\/\/noticiasemdestaque.com\/cd\/#\/schema\/person\/47f7d4f55eec17c6b2ca036c5500f6ce\",\"name\":\"Not\u00edcias em Destaque\",\"url\":\"https:\/\/noticiasemdestaque.com\/cd\/?author=2\"}]}<\/script>\n<!-- \/ Yoast SEO plugin. -->","yoast_head_json":{"title":"Morre jornalista campinense e deixa tamb\u00e9m de luto o setor cultural - Not&iacute;cias em Destaque","robots":{"index":"index","follow":"follow","max-snippet":"max-snippet:-1","max-image-preview":"max-image-preview:large","max-video-preview":"max-video-preview:-1"},"canonical":"https:\/\/noticiasemdestaque.com\/cd\/?p=25861","og_locale":"pt_BR","og_type":"article","og_title":"Morre jornalista campinense e deixa tamb\u00e9m de luto o setor cultural - Not&iacute;cias em Destaque","og_description":"Morreu na manh\u00e3 desta ter\u00e7a-feira, na Cl\u00ednica Santa Clara, a jornalista, publicit\u00e1ria e cantora Inaudete Amorim, que enfrentava havia alguns anos as sequelas de um tratamento oncol\u00f3gico. Inaudete trabalhou por muitos anos na R\u00e1dio Campina Grande FM e ultimamente atuava como diretora comercial da TV Itarar\u00e9, vinculada \u00e0 Funda\u00e7\u00e3o Pedro Am\u00e9rico. Ela tinha estreita liga\u00e7\u00e3o com\u00a0o setor musical da cidade, sendo uma presen\u00e7a constante nas edi\u00e7\u00f5es do Maior S\u00e3o Jo\u00e3o do Mundo. Fonte: Para\u00edba Online","og_url":"https:\/\/noticiasemdestaque.com\/cd\/?p=25861","og_site_name":"Not&iacute;cias em Destaque","article_published_time":"2020-07-14T13:38:50+00:00","og_image":[{"width":540,"height":767,"url":"https:\/\/noticiasemdestaque.com\/cd\/wp-content\/uploads\/2020\/07\/inaudete1407a.jpg","type":"image\/jpeg"}],"author":"Not\u00edcias em Destaque","twitter_card":"summary_large_image","twitter_misc":{"Escrito por":"Not\u00edcias em Destaque"},"schema":{"@context":"https:\/\/schema.org","@graph":[{"@type":"Article","@id":"https:\/\/noticiasemdestaque.com\/cd\/?p=25861#article","isPartOf":{"@id":"https:\/\/noticiasemdestaque.com\/cd\/?p=25861"},"author":{"name":"Not\u00edcias em Destaque","@id":"https:\/\/noticiasemdestaque.com\/cd\/#\/schema\/person\/47f7d4f55eec17c6b2ca036c5500f6ce"},"headline":"Morre jornalista campinense e deixa tamb\u00e9m de luto o setor cultural","datePublished":"2020-07-14T13:38:50+00:00","mainEntityOfPage":{"@id":"https:\/\/noticiasemdestaque.com\/cd\/?p=25861"},"wordCount":100,"publisher":{"@id":"https:\/\/noticiasemdestaque.com\/cd\/#organization"},"image":{"@id":"https:\/\/noticiasemdestaque.com\/cd\/?p=25861#primaryimage"},"thumbnailUrl":"https:\/\/noticiasemdestaque.com\/cd\/wp-content\/uploads\/2020\/07\/inaudete1407a.jpg","articleSection":["Geral"],"inLanguage":"pt-BR"},{"@type":"WebPage","@id":"https:\/\/noticiasemdestaque.com\/cd\/?p=25861","url":"https:\/\/noticiasemdestaque.com\/cd\/?p=25861","name":"Morre jornalista campinense e deixa tamb\u00e9m de luto o setor cultural - Not&iacute;cias em Destaque","isPartOf":{"@id":"https:\/\/noticiasemdestaque.com\/cd\/#website"},"primaryImageOfPage":{"@id":"https:\/\/noticiasemdestaque.com\/cd\/?p=25861#primaryimage"},"image":{"@id":"https:\/\/noticiasemdestaque.com\/cd\/?p=25861#primaryimage"},"thumbnailUrl":"https:\/\/noticiasemdestaque.com\/cd\/wp-content\/uploads\/2020\/07\/inaudete1407a.jpg","datePublished":"2020-07-14T13:38:50+00:00","breadcrumb":{"@id":"https:\/\/noticiasemdestaque.com\/cd\/?p=25861#breadcrumb"},"inLanguage":"pt-BR","potentialAction":[{"@type":"ReadAction","target":["https:\/\/noticiasemdestaque.com\/cd\/?p=25861"]}]},{"@type":"ImageObject","inLanguage":"pt-BR","@id":"https:\/\/noticiasemdestaque.com\/cd\/?p=25861#primaryimage","url":"https:\/\/noticiasemdestaque.com\/cd\/wp-content\/uploads\/2020\/07\/inaudete1407a.jpg","contentUrl":"https:\/\/noticiasemdestaque.com\/cd\/wp-content\/uploads\/2020\/07\/inaudete1407a.jpg","width":540,"height":767},{"@type":"BreadcrumbList","@id":"https:\/\/noticiasemdestaque.com\/cd\/?p=25861#breadcrumb","itemListElement":[{"@type":"ListItem","position":1,"name":"In\u00edcio","item":"https:\/\/noticiasemdestaque.com\/cd\/"},{"@type":"ListItem","position":2,"name":"Morre jornalista campinense e deixa tamb\u00e9m de luto o setor cultural"}]},{"@type":"WebSite","@id":"https:\/\/noticiasemdestaque.com\/cd\/#website","url":"https:\/\/noticiasemdestaque.com\/cd\/","name":"Not&iacute;cias em Destaque","description":"","publisher":{"@id":"https:\/\/noticiasemdestaque.com\/cd\/#organization"},"potentialAction":[{"@type":"SearchAction","target":{"@type":"EntryPoint","urlTemplate":"https:\/\/noticiasemdestaque.com\/cd\/?s={search_term_string}"},"query-input":{"@type":"PropertyValueSpecification","valueRequired":true,"valueName":"search_term_string"}}],"inLanguage":"pt-BR"},{"@type":"Organization","@id":"https:\/\/noticiasemdestaque.com\/cd\/#organization","name":"Not\u00edcias em Destaque","url":"https:\/\/noticiasemdestaque.com\/cd\/","logo":{"@type":"ImageObject","inLanguage":"pt-BR","@id":"https:\/\/noticiasemdestaque.com\/cd\/#\/schema\/logo\/image\/","url":"https:\/\/noticiasemdestaque.com\/cd\/wp-content\/uploads\/2022\/05\/imagem-base-noticiasemdestaque.png","contentUrl":"https:\/\/noticiasemdestaque.com\/cd\/wp-content\/uploads\/2022\/05\/imagem-base-noticiasemdestaque.png","width":1200,"height":630,"caption":"Not\u00edcias em Destaque"},"image":{"@id":"https:\/\/noticiasemdestaque.com\/cd\/#\/schema\/logo\/image\/"}},{"@type":"Person","@id":"https:\/\/noticiasemdestaque.com\/cd\/#\/schema\/person\/47f7d4f55eec17c6b2ca036c5500f6ce","name":"Not\u00edcias em Destaque","url":"https:\/\/noticiasemdestaque.com\/cd\/?author=2"}]}},"jetpack_featured_media_url":"https:\/\/noticiasemdestaque.com\/cd\/wp-content\/uploads\/2020\/07\/inaudete1407a.jpg","jetpack_sharing_enabled":true,"_links":{"self":[{"href":"https:\/\/noticiasemdestaque.com\/cd\/index.php?rest_route=\/wp\/v2\/posts\/25861","targetHints":{"allow":["GET"]}}],"collection":[{"href":"https:\/\/noticiasemdestaque.com\/cd\/index.php?rest_route=\/wp\/v2\/posts"}],"about":[{"href":"https:\/\/noticiasemdestaque.com\/cd\/index.php?rest_route=\/wp\/v2\/types\/post"}],"author":[{"embeddable":true,"href":"https:\/\/noticiasemdestaque.com\/cd\/index.php?rest_route=\/wp\/v2\/users\/2"}],"replies":[{"embeddable":true,"href":"https:\/\/noticiasemdestaque.com\/cd\/index.php?rest_route=%2Fwp%2Fv2%2Fcomments&post=25861"}],"version-history":[{"count":1,"href":"https:\/\/noticiasemdestaque.com\/cd\/index.php?rest_route=\/wp\/v2\/posts\/25861\/revisions"}],"predecessor-version":[{"id":25863,"href":"https:\/\/noticiasemdestaque.com\/cd\/index.php?rest_route=\/wp\/v2\/posts\/25861\/revisions\/25863"}],"wp:featuredmedia":[{"embeddable":true,"href":"https:\/\/noticiasemdestaque.com\/cd\/index.php?rest_route=\/wp\/v2\/media\/25862"}],"wp:attachment":[{"href":"https:\/\/noticiasemdestaque.com\/cd\/index.php?rest_route=%2Fwp%2Fv2%2Fmedia&parent=25861"}],"wp:term":[{"taxonomy":"category","embeddable":true,"href":"https:\/\/noticiasemdestaque.com\/cd\/index.php?rest_route=%2Fwp%2Fv2%2Fcategories&post=25861"},{"taxonomy":"post_tag","embeddable":true,"href":"https:\/\/noticiasemdestaque.com\/cd\/index.php?rest_route=%2Fwp%2Fv2%2Ftags&post=25861"}],"curies":[{"name":"wp","href":"https:\/\/api.w.org\/{rel}","templated":true}]}}