{"id":25822,"date":"2020-07-13T10:48:40","date_gmt":"2020-07-13T13:48:40","guid":{"rendered":"http:\/\/noticiasemdestaque.com\/cd\/?p=25822"},"modified":"2020-07-13T10:48:40","modified_gmt":"2020-07-13T13:48:40","slug":"caixa-credita-saque-emergencial-do-fgts-para-nascidos-em-marco","status":"publish","type":"post","link":"https:\/\/noticiasemdestaque.com\/cd\/?p=25822","title":{"rendered":"Caixa credita saque emergencial do FGTS para nascidos em mar\u00e7o"},"content":{"rendered":"<figure id=\"attachment_24050\" aria-describedby=\"caption-attachment-24050\" style=\"width: 483px\" class=\"wp-caption aligncenter\"><a href=\"https:\/\/noticiasemdestaque.com\/cd\/wp-content\/uploads\/2020\/04\/mcmgo_abr_18071919262df.jpg\"><img fetchpriority=\"high\" decoding=\"async\" class=\" wp-image-24050\" src=\"https:\/\/noticiasemdestaque.com\/cd\/wp-content\/uploads\/2020\/04\/mcmgo_abr_18071919262df-1024x613.jpg\" alt=\"\" width=\"483\" height=\"289\" srcset=\"https:\/\/noticiasemdestaque.com\/cd\/wp-content\/uploads\/2020\/04\/mcmgo_abr_18071919262df-1024x613.jpg 1024w, https:\/\/noticiasemdestaque.com\/cd\/wp-content\/uploads\/2020\/04\/mcmgo_abr_18071919262df-300x179.jpg 300w, https:\/\/noticiasemdestaque.com\/cd\/wp-content\/uploads\/2020\/04\/mcmgo_abr_18071919262df-768x459.jpg 768w, https:\/\/noticiasemdestaque.com\/cd\/wp-content\/uploads\/2020\/04\/mcmgo_abr_18071919262df.jpg 1170w\" sizes=\"(max-width: 483px) 100vw, 483px\" \/><\/a><figcaption id=\"caption-attachment-24050\" class=\"wp-caption-text\">Aplicativo Caixa Econ\u00f4mica Federal- FGTS.<\/figcaption><\/figure>\n<p>A Caixa credita\u00a0hoje\u00a0(13) saque emergencial do Fundo de Garantia do Tempo de Servi\u00e7o (FGTS) para trabalhadores nascidos em mar\u00e7o.<img decoding=\"async\" src=\"https:\/\/agenciabrasil.ebc.com.br\/ebc.png?id=1311407&amp;o=node\" \/><\/p>\n<p>O novo saque tem como objetivo enfrentar o estado de calamidade p\u00fablica em raz\u00e3o da pandemia de covid-19. No total, ser\u00e3o liberados, de acordo com todo o calend\u00e1rio, mais de R$ 37,8 bilh\u00f5es para aproximadamente 60 milh\u00f5es de trabalhadores.<\/p>\n<p>O pagamento do saque emergencial ser\u00e1 realizado por meio de cr\u00e9dito na Conta Poupan\u00e7a Social Digital, aberta automaticamente pela Caixa em nome dos trabalhadores. O valor do saque emergencial \u00e9 de at\u00e9 R$ 1.045, considerando a soma dos saldos de todas as contas ativas ou inativas com saldo no FGTS.<\/p>\n<p>Para sacar os recursos, o trabalhadores nascidos em mar\u00e7o\u00a0ter\u00e3o que esperar at\u00e9 o dia\u00a022 de agosto.<\/p>\n<p>O cr\u00e9dito dos recursos na poupan\u00e7a social come\u00e7ou no dia\u00a029 de junho\u00a0para trabalhadores nascidos em janeiro. Nesse caso, o saque ser\u00e1 liberado no pr\u00f3ximo dia 25.<\/p>\n<p><em><strong>Not\u00edcias em Destaque<\/strong><\/em><\/p>\n<p>Com EBC<\/p>\n","protected":false},"excerpt":{"rendered":"<p>A Caixa credita\u00a0hoje\u00a0(13) saque emergencial do Fundo de Garantia do Tempo de Servi\u00e7o (FGTS) para trabalhadores nascidos em mar\u00e7o. O novo saque tem como objetivo enfrentar o estado de calamidade p\u00fablica em raz\u00e3o da pandemia de covid-19. No total, ser\u00e3o liberados, de acordo com todo o calend\u00e1rio, mais de R$ 37,8 bilh\u00f5es para aproximadamente 60 milh\u00f5es de trabalhadores. O pagamento do saque emergencial ser\u00e1 realizado por meio de cr\u00e9dito na Conta Poupan\u00e7a Social Digital, aberta automaticamente pela Caixa em nome dos trabalhadores. O valor do saque emergencial \u00e9 de at\u00e9 R$ 1.045, considerando a soma dos saldos de todas as contas ativas ou inativas com saldo no FGTS. Para sacar os recursos, o trabalhadores nascidos em mar\u00e7o\u00a0ter\u00e3o que esperar at\u00e9 o dia\u00a022 de agosto. O cr\u00e9dito dos recursos na poupan\u00e7a social come\u00e7ou no dia\u00a029 de junho\u00a0para trabalhadores nascidos em janeiro. Nesse caso, o saque ser\u00e1 liberado no pr\u00f3ximo dia 25. Not\u00edcias em Destaque Com EBC<\/p>\n","protected":false},"author":2,"featured_media":24050,"comment_status":"closed","ping_status":"open","sticky":false,"template":"","format":"standard","meta":{"_eb_attr":"","_jetpack_memberships_contains_paid_content":false,"footnotes":""},"categories":[12],"tags":[],"class_list":["post-25822","post","type-post","status-publish","format-standard","has-post-thumbnail","hentry","category-geral"],"yoast_head":"<!-- This site is optimized with the Yoast SEO plugin v26.5 - https:\/\/yoast.com\/wordpress\/plugins\/seo\/ -->\n<title>Caixa credita saque emergencial do FGTS para nascidos em mar\u00e7o - Not&iacute;cias em Destaque<\/title>\n<meta name=\"robots\" content=\"index, follow, max-snippet:-1, max-image-preview:large, max-video-preview:-1\" \/>\n<link rel=\"canonical\" href=\"https:\/\/noticiasemdestaque.com\/cd\/?p=25822\" \/>\n<meta property=\"og:locale\" content=\"pt_BR\" \/>\n<meta property=\"og:type\" content=\"article\" \/>\n<meta property=\"og:title\" content=\"Caixa credita saque emergencial do FGTS para nascidos em mar\u00e7o - Not&iacute;cias em Destaque\" \/>\n<meta property=\"og:description\" content=\"A Caixa credita\u00a0hoje\u00a0(13) saque emergencial do Fundo de Garantia do Tempo de Servi\u00e7o (FGTS) para trabalhadores nascidos em mar\u00e7o. O novo saque tem como objetivo enfrentar o estado de calamidade p\u00fablica em raz\u00e3o da pandemia de covid-19. No total, ser\u00e3o liberados, de acordo com todo o calend\u00e1rio, mais de R$ 37,8 bilh\u00f5es para aproximadamente 60 milh\u00f5es de trabalhadores. O pagamento do saque emergencial ser\u00e1 realizado por meio de cr\u00e9dito na Conta Poupan\u00e7a Social Digital, aberta automaticamente pela Caixa em nome dos trabalhadores. O valor do saque emergencial \u00e9 de at\u00e9 R$ 1.045, considerando a soma dos saldos de todas as contas ativas ou inativas com saldo no FGTS. Para sacar os recursos, o trabalhadores nascidos em mar\u00e7o\u00a0ter\u00e3o que esperar at\u00e9 o dia\u00a022 de agosto. O cr\u00e9dito dos recursos na poupan\u00e7a social come\u00e7ou no dia\u00a029 de junho\u00a0para trabalhadores nascidos em janeiro. Nesse caso, o saque ser\u00e1 liberado no pr\u00f3ximo dia 25. Not\u00edcias em Destaque Com EBC\" \/>\n<meta property=\"og:url\" content=\"https:\/\/noticiasemdestaque.com\/cd\/?p=25822\" \/>\n<meta property=\"og:site_name\" content=\"Not&iacute;cias em Destaque\" \/>\n<meta property=\"article:published_time\" content=\"2020-07-13T13:48:40+00:00\" \/>\n<meta property=\"og:image\" content=\"https:\/\/noticiasemdestaque.com\/cd\/wp-content\/uploads\/2020\/04\/mcmgo_abr_18071919262df.jpg\" \/>\n\t<meta property=\"og:image:width\" content=\"1170\" \/>\n\t<meta property=\"og:image:height\" content=\"700\" \/>\n\t<meta property=\"og:image:type\" content=\"image\/jpeg\" \/>\n<meta name=\"author\" content=\"Not\u00edcias em Destaque\" \/>\n<meta name=\"twitter:card\" content=\"summary_large_image\" \/>\n<meta name=\"twitter:label1\" content=\"Escrito por\" \/>\n\t<meta name=\"twitter:data1\" content=\"Not\u00edcias em Destaque\" \/>\n\t<meta name=\"twitter:label2\" content=\"Est. tempo de leitura\" \/>\n\t<meta name=\"twitter:data2\" content=\"1 minuto\" \/>\n<script type=\"application\/ld+json\" class=\"yoast-schema-graph\">{\"@context\":\"https:\/\/schema.org\",\"@graph\":[{\"@type\":\"Article\",\"@id\":\"https:\/\/noticiasemdestaque.com\/cd\/?p=25822#article\",\"isPartOf\":{\"@id\":\"https:\/\/noticiasemdestaque.com\/cd\/?p=25822\"},\"author\":{\"name\":\"Not\u00edcias em Destaque\",\"@id\":\"https:\/\/noticiasemdestaque.com\/cd\/#\/schema\/person\/21320b03a7e8bb90128938dafc9b908a\"},\"headline\":\"Caixa credita saque emergencial do FGTS para nascidos em mar\u00e7o\",\"datePublished\":\"2020-07-13T13:48:40+00:00\",\"mainEntityOfPage\":{\"@id\":\"https:\/\/noticiasemdestaque.com\/cd\/?p=25822\"},\"wordCount\":194,\"publisher\":{\"@id\":\"https:\/\/noticiasemdestaque.com\/cd\/#organization\"},\"image\":{\"@id\":\"https:\/\/noticiasemdestaque.com\/cd\/?p=25822#primaryimage\"},\"thumbnailUrl\":\"https:\/\/noticiasemdestaque.com\/cd\/wp-content\/uploads\/2020\/04\/mcmgo_abr_18071919262df.jpg\",\"articleSection\":[\"Geral\"],\"inLanguage\":\"pt-BR\"},{\"@type\":\"WebPage\",\"@id\":\"https:\/\/noticiasemdestaque.com\/cd\/?p=25822\",\"url\":\"https:\/\/noticiasemdestaque.com\/cd\/?p=25822\",\"name\":\"Caixa credita saque emergencial do FGTS para nascidos em mar\u00e7o - Not&iacute;cias em Destaque\",\"isPartOf\":{\"@id\":\"https:\/\/noticiasemdestaque.com\/cd\/#website\"},\"primaryImageOfPage\":{\"@id\":\"https:\/\/noticiasemdestaque.com\/cd\/?p=25822#primaryimage\"},\"image\":{\"@id\":\"https:\/\/noticiasemdestaque.com\/cd\/?p=25822#primaryimage\"},\"thumbnailUrl\":\"https:\/\/noticiasemdestaque.com\/cd\/wp-content\/uploads\/2020\/04\/mcmgo_abr_18071919262df.jpg\",\"datePublished\":\"2020-07-13T13:48:40+00:00\",\"breadcrumb\":{\"@id\":\"https:\/\/noticiasemdestaque.com\/cd\/?p=25822#breadcrumb\"},\"inLanguage\":\"pt-BR\",\"potentialAction\":[{\"@type\":\"ReadAction\",\"target\":[\"https:\/\/noticiasemdestaque.com\/cd\/?p=25822\"]}]},{\"@type\":\"ImageObject\",\"inLanguage\":\"pt-BR\",\"@id\":\"https:\/\/noticiasemdestaque.com\/cd\/?p=25822#primaryimage\",\"url\":\"https:\/\/noticiasemdestaque.com\/cd\/wp-content\/uploads\/2020\/04\/mcmgo_abr_18071919262df.jpg\",\"contentUrl\":\"https:\/\/noticiasemdestaque.com\/cd\/wp-content\/uploads\/2020\/04\/mcmgo_abr_18071919262df.jpg\",\"width\":1170,\"height\":700,\"caption\":\"Aplicativo Caixa Econ\u00f4mica Federal- FGTS.\"},{\"@type\":\"BreadcrumbList\",\"@id\":\"https:\/\/noticiasemdestaque.com\/cd\/?p=25822#breadcrumb\",\"itemListElement\":[{\"@type\":\"ListItem\",\"position\":1,\"name\":\"In\u00edcio\",\"item\":\"https:\/\/noticiasemdestaque.com\/cd\/\"},{\"@type\":\"ListItem\",\"position\":2,\"name\":\"Caixa credita saque emergencial do FGTS para nascidos em mar\u00e7o\"}]},{\"@type\":\"WebSite\",\"@id\":\"https:\/\/noticiasemdestaque.com\/cd\/#website\",\"url\":\"https:\/\/noticiasemdestaque.com\/cd\/\",\"name\":\"Not&iacute;cias em Destaque\",\"description\":\"\",\"publisher\":{\"@id\":\"https:\/\/noticiasemdestaque.com\/cd\/#organization\"},\"potentialAction\":[{\"@type\":\"SearchAction\",\"target\":{\"@type\":\"EntryPoint\",\"urlTemplate\":\"https:\/\/noticiasemdestaque.com\/cd\/?s={search_term_string}\"},\"query-input\":{\"@type\":\"PropertyValueSpecification\",\"valueRequired\":true,\"valueName\":\"search_term_string\"}}],\"inLanguage\":\"pt-BR\"},{\"@type\":\"Organization\",\"@id\":\"https:\/\/noticiasemdestaque.com\/cd\/#organization\",\"name\":\"Not\u00edcias em Destaque\",\"url\":\"https:\/\/noticiasemdestaque.com\/cd\/\",\"logo\":{\"@type\":\"ImageObject\",\"inLanguage\":\"pt-BR\",\"@id\":\"https:\/\/noticiasemdestaque.com\/cd\/#\/schema\/logo\/image\/\",\"url\":\"https:\/\/noticiasemdestaque.com\/cd\/wp-content\/uploads\/2022\/05\/imagem-base-noticiasemdestaque.png\",\"contentUrl\":\"https:\/\/noticiasemdestaque.com\/cd\/wp-content\/uploads\/2022\/05\/imagem-base-noticiasemdestaque.png\",\"width\":1200,\"height\":630,\"caption\":\"Not\u00edcias em Destaque\"},\"image\":{\"@id\":\"https:\/\/noticiasemdestaque.com\/cd\/#\/schema\/logo\/image\/\"}},{\"@type\":\"Person\",\"@id\":\"https:\/\/noticiasemdestaque.com\/cd\/#\/schema\/person\/21320b03a7e8bb90128938dafc9b908a\",\"name\":\"Not\u00edcias em Destaque\",\"url\":\"https:\/\/noticiasemdestaque.com\/cd\/?author=2\"}]}<\/script>\n<!-- \/ Yoast SEO plugin. -->","yoast_head_json":{"title":"Caixa credita saque emergencial do FGTS para nascidos em mar\u00e7o - Not&iacute;cias em Destaque","robots":{"index":"index","follow":"follow","max-snippet":"max-snippet:-1","max-image-preview":"max-image-preview:large","max-video-preview":"max-video-preview:-1"},"canonical":"https:\/\/noticiasemdestaque.com\/cd\/?p=25822","og_locale":"pt_BR","og_type":"article","og_title":"Caixa credita saque emergencial do FGTS para nascidos em mar\u00e7o - Not&iacute;cias em Destaque","og_description":"A Caixa credita\u00a0hoje\u00a0(13) saque emergencial do Fundo de Garantia do Tempo de Servi\u00e7o (FGTS) para trabalhadores nascidos em mar\u00e7o. O novo saque tem como objetivo enfrentar o estado de calamidade p\u00fablica em raz\u00e3o da pandemia de covid-19. No total, ser\u00e3o liberados, de acordo com todo o calend\u00e1rio, mais de R$ 37,8 bilh\u00f5es para aproximadamente 60 milh\u00f5es de trabalhadores. O pagamento do saque emergencial ser\u00e1 realizado por meio de cr\u00e9dito na Conta Poupan\u00e7a Social Digital, aberta automaticamente pela Caixa em nome dos trabalhadores. O valor do saque emergencial \u00e9 de at\u00e9 R$ 1.045, considerando a soma dos saldos de todas as contas ativas ou inativas com saldo no FGTS. Para sacar os recursos, o trabalhadores nascidos em mar\u00e7o\u00a0ter\u00e3o que esperar at\u00e9 o dia\u00a022 de agosto. O cr\u00e9dito dos recursos na poupan\u00e7a social come\u00e7ou no dia\u00a029 de junho\u00a0para trabalhadores nascidos em janeiro. Nesse caso, o saque ser\u00e1 liberado no pr\u00f3ximo dia 25. Not\u00edcias em Destaque Com EBC","og_url":"https:\/\/noticiasemdestaque.com\/cd\/?p=25822","og_site_name":"Not&iacute;cias em Destaque","article_published_time":"2020-07-13T13:48:40+00:00","og_image":[{"width":1170,"height":700,"url":"https:\/\/noticiasemdestaque.com\/cd\/wp-content\/uploads\/2020\/04\/mcmgo_abr_18071919262df.jpg","type":"image\/jpeg"}],"author":"Not\u00edcias em Destaque","twitter_card":"summary_large_image","twitter_misc":{"Escrito por":"Not\u00edcias em Destaque","Est. tempo de leitura":"1 minuto"},"schema":{"@context":"https:\/\/schema.org","@graph":[{"@type":"Article","@id":"https:\/\/noticiasemdestaque.com\/cd\/?p=25822#article","isPartOf":{"@id":"https:\/\/noticiasemdestaque.com\/cd\/?p=25822"},"author":{"name":"Not\u00edcias em Destaque","@id":"https:\/\/noticiasemdestaque.com\/cd\/#\/schema\/person\/21320b03a7e8bb90128938dafc9b908a"},"headline":"Caixa credita saque emergencial do FGTS para nascidos em mar\u00e7o","datePublished":"2020-07-13T13:48:40+00:00","mainEntityOfPage":{"@id":"https:\/\/noticiasemdestaque.com\/cd\/?p=25822"},"wordCount":194,"publisher":{"@id":"https:\/\/noticiasemdestaque.com\/cd\/#organization"},"image":{"@id":"https:\/\/noticiasemdestaque.com\/cd\/?p=25822#primaryimage"},"thumbnailUrl":"https:\/\/noticiasemdestaque.com\/cd\/wp-content\/uploads\/2020\/04\/mcmgo_abr_18071919262df.jpg","articleSection":["Geral"],"inLanguage":"pt-BR"},{"@type":"WebPage","@id":"https:\/\/noticiasemdestaque.com\/cd\/?p=25822","url":"https:\/\/noticiasemdestaque.com\/cd\/?p=25822","name":"Caixa credita saque emergencial do FGTS para nascidos em mar\u00e7o - Not&iacute;cias em Destaque","isPartOf":{"@id":"https:\/\/noticiasemdestaque.com\/cd\/#website"},"primaryImageOfPage":{"@id":"https:\/\/noticiasemdestaque.com\/cd\/?p=25822#primaryimage"},"image":{"@id":"https:\/\/noticiasemdestaque.com\/cd\/?p=25822#primaryimage"},"thumbnailUrl":"https:\/\/noticiasemdestaque.com\/cd\/wp-content\/uploads\/2020\/04\/mcmgo_abr_18071919262df.jpg","datePublished":"2020-07-13T13:48:40+00:00","breadcrumb":{"@id":"https:\/\/noticiasemdestaque.com\/cd\/?p=25822#breadcrumb"},"inLanguage":"pt-BR","potentialAction":[{"@type":"ReadAction","target":["https:\/\/noticiasemdestaque.com\/cd\/?p=25822"]}]},{"@type":"ImageObject","inLanguage":"pt-BR","@id":"https:\/\/noticiasemdestaque.com\/cd\/?p=25822#primaryimage","url":"https:\/\/noticiasemdestaque.com\/cd\/wp-content\/uploads\/2020\/04\/mcmgo_abr_18071919262df.jpg","contentUrl":"https:\/\/noticiasemdestaque.com\/cd\/wp-content\/uploads\/2020\/04\/mcmgo_abr_18071919262df.jpg","width":1170,"height":700,"caption":"Aplicativo Caixa Econ\u00f4mica Federal- FGTS."},{"@type":"BreadcrumbList","@id":"https:\/\/noticiasemdestaque.com\/cd\/?p=25822#breadcrumb","itemListElement":[{"@type":"ListItem","position":1,"name":"In\u00edcio","item":"https:\/\/noticiasemdestaque.com\/cd\/"},{"@type":"ListItem","position":2,"name":"Caixa credita saque emergencial do FGTS para nascidos em mar\u00e7o"}]},{"@type":"WebSite","@id":"https:\/\/noticiasemdestaque.com\/cd\/#website","url":"https:\/\/noticiasemdestaque.com\/cd\/","name":"Not&iacute;cias em Destaque","description":"","publisher":{"@id":"https:\/\/noticiasemdestaque.com\/cd\/#organization"},"potentialAction":[{"@type":"SearchAction","target":{"@type":"EntryPoint","urlTemplate":"https:\/\/noticiasemdestaque.com\/cd\/?s={search_term_string}"},"query-input":{"@type":"PropertyValueSpecification","valueRequired":true,"valueName":"search_term_string"}}],"inLanguage":"pt-BR"},{"@type":"Organization","@id":"https:\/\/noticiasemdestaque.com\/cd\/#organization","name":"Not\u00edcias em Destaque","url":"https:\/\/noticiasemdestaque.com\/cd\/","logo":{"@type":"ImageObject","inLanguage":"pt-BR","@id":"https:\/\/noticiasemdestaque.com\/cd\/#\/schema\/logo\/image\/","url":"https:\/\/noticiasemdestaque.com\/cd\/wp-content\/uploads\/2022\/05\/imagem-base-noticiasemdestaque.png","contentUrl":"https:\/\/noticiasemdestaque.com\/cd\/wp-content\/uploads\/2022\/05\/imagem-base-noticiasemdestaque.png","width":1200,"height":630,"caption":"Not\u00edcias em Destaque"},"image":{"@id":"https:\/\/noticiasemdestaque.com\/cd\/#\/schema\/logo\/image\/"}},{"@type":"Person","@id":"https:\/\/noticiasemdestaque.com\/cd\/#\/schema\/person\/21320b03a7e8bb90128938dafc9b908a","name":"Not\u00edcias em Destaque","url":"https:\/\/noticiasemdestaque.com\/cd\/?author=2"}]}},"jetpack_featured_media_url":"https:\/\/noticiasemdestaque.com\/cd\/wp-content\/uploads\/2020\/04\/mcmgo_abr_18071919262df.jpg","jetpack_sharing_enabled":true,"_links":{"self":[{"href":"https:\/\/noticiasemdestaque.com\/cd\/index.php?rest_route=\/wp\/v2\/posts\/25822","targetHints":{"allow":["GET"]}}],"collection":[{"href":"https:\/\/noticiasemdestaque.com\/cd\/index.php?rest_route=\/wp\/v2\/posts"}],"about":[{"href":"https:\/\/noticiasemdestaque.com\/cd\/index.php?rest_route=\/wp\/v2\/types\/post"}],"author":[{"embeddable":true,"href":"https:\/\/noticiasemdestaque.com\/cd\/index.php?rest_route=\/wp\/v2\/users\/2"}],"replies":[{"embeddable":true,"href":"https:\/\/noticiasemdestaque.com\/cd\/index.php?rest_route=%2Fwp%2Fv2%2Fcomments&post=25822"}],"version-history":[{"count":1,"href":"https:\/\/noticiasemdestaque.com\/cd\/index.php?rest_route=\/wp\/v2\/posts\/25822\/revisions"}],"predecessor-version":[{"id":25823,"href":"https:\/\/noticiasemdestaque.com\/cd\/index.php?rest_route=\/wp\/v2\/posts\/25822\/revisions\/25823"}],"wp:featuredmedia":[{"embeddable":true,"href":"https:\/\/noticiasemdestaque.com\/cd\/index.php?rest_route=\/wp\/v2\/media\/24050"}],"wp:attachment":[{"href":"https:\/\/noticiasemdestaque.com\/cd\/index.php?rest_route=%2Fwp%2Fv2%2Fmedia&parent=25822"}],"wp:term":[{"taxonomy":"category","embeddable":true,"href":"https:\/\/noticiasemdestaque.com\/cd\/index.php?rest_route=%2Fwp%2Fv2%2Fcategories&post=25822"},{"taxonomy":"post_tag","embeddable":true,"href":"https:\/\/noticiasemdestaque.com\/cd\/index.php?rest_route=%2Fwp%2Fv2%2Ftags&post=25822"}],"curies":[{"name":"wp","href":"https:\/\/api.w.org\/{rel}","templated":true}]}}