{"id":25810,"date":"2020-07-12T15:34:40","date_gmt":"2020-07-12T18:34:40","guid":{"rendered":"http:\/\/noticiasemdestaque.com\/cd\/?p=25810"},"modified":"2020-07-12T15:35:01","modified_gmt":"2020-07-12T18:35:01","slug":"prefeitura-municipal-de-amparo-contrata-mais-um-medico-plantonista","status":"publish","type":"post","link":"https:\/\/noticiasemdestaque.com\/cd\/?p=25810","title":{"rendered":"Prefeitura Municipal de Amparo contrata mais um m\u00e9dico plantonista"},"content":{"rendered":"<p><a href=\"https:\/\/noticiasemdestaque.com\/cd\/wp-content\/uploads\/2020\/07\/107592929_1125043121228951_7030871926142831963_n.jpg\"><img fetchpriority=\"high\" decoding=\"async\" class=\"wp-image-25812 aligncenter\" src=\"https:\/\/noticiasemdestaque.com\/cd\/wp-content\/uploads\/2020\/07\/107592929_1125043121228951_7030871926142831963_n.jpg\" alt=\"\" width=\"501\" height=\"501\" srcset=\"https:\/\/noticiasemdestaque.com\/cd\/wp-content\/uploads\/2020\/07\/107592929_1125043121228951_7030871926142831963_n.jpg 960w, https:\/\/noticiasemdestaque.com\/cd\/wp-content\/uploads\/2020\/07\/107592929_1125043121228951_7030871926142831963_n-150x150.jpg 150w, https:\/\/noticiasemdestaque.com\/cd\/wp-content\/uploads\/2020\/07\/107592929_1125043121228951_7030871926142831963_n-300x300.jpg 300w, https:\/\/noticiasemdestaque.com\/cd\/wp-content\/uploads\/2020\/07\/107592929_1125043121228951_7030871926142831963_n-768x768.jpg 768w\" sizes=\"(max-width: 501px) 100vw, 501px\" \/><\/a><\/p>\n<p>Pensando no bem estar e na sa\u00fade dos seus mun\u00edcipes, a prefeitura municipal de Amparo contratou mais um m\u00e9dico plantonista para atender nos finais de semana. Al\u00e9m dos renomados Drs. Vladimir C\u00e2mara Bezerra (Programa Mais M\u00e9dicos), Marcus Vin\u00edcius (Plantonista) se soma agora a equipe o Dr. Jos\u00e9 Roberto Bezerra Mendes.<\/p>\n<p>Na noite deste s\u00e1bado (11), o prefeito In\u00e1cio N\u00f3brega juntamente com a secret\u00e1ria de sa\u00fade Veronica Rafael, deram as boas vindas ao m\u00e9dico mostrando toda infraestrutura de sa\u00fade b\u00e1sica que o munic\u00edpio oferece atrav\u00e9s da unidade b\u00e1sica de sa\u00fade S\u00e3o Sebasti\u00e3o.<\/p>\n<p><a href=\"https:\/\/noticiasemdestaque.com\/cd\/wp-content\/uploads\/2020\/07\/107822461_1125043477895582_4554988947036209980_n.jpg\"><img decoding=\"async\" class=\"wp-image-25811 aligncenter\" src=\"https:\/\/noticiasemdestaque.com\/cd\/wp-content\/uploads\/2020\/07\/107822461_1125043477895582_4554988947036209980_n.jpg\" alt=\"\" width=\"503\" height=\"333\" srcset=\"https:\/\/noticiasemdestaque.com\/cd\/wp-content\/uploads\/2020\/07\/107822461_1125043477895582_4554988947036209980_n.jpg 960w, https:\/\/noticiasemdestaque.com\/cd\/wp-content\/uploads\/2020\/07\/107822461_1125043477895582_4554988947036209980_n-300x199.jpg 300w, https:\/\/noticiasemdestaque.com\/cd\/wp-content\/uploads\/2020\/07\/107822461_1125043477895582_4554988947036209980_n-768x509.jpg 768w\" sizes=\"(max-width: 503px) 100vw, 503px\" \/><\/a><\/p>\n<p>Segundo o prefeito In\u00e1cio, durante todo esse per\u00edodo da sua gest\u00e3o, a grande preocupa\u00e7\u00e3o era de ofertar um servi\u00e7o de sa\u00fade com qualidade e humanizado aos mun\u00edcipes, &#8220;em momento algum perdemos a esperan\u00e7a de montar uma equipe que nos desse esse suporte quantitativo e qualitativo numa \u00e1rea que \u00e9 considerada por muitos como problema, dado a dist\u00e2ncia do nosso munic\u00edpio dos grandes centros, mas, acreditamos sempre, e a\u00ed est\u00e1 o resultado da nossa persist\u00eancia, uma sa\u00fade muito mais cuidada, e com cuidado no nosso povo&#8221; disse o prefeito.<\/p>\n<p><em><strong>Not\u00edcias em Destaque<\/strong><\/em><\/p>\n<p>Com Ascom<\/p>\n","protected":false},"excerpt":{"rendered":"<p>Pensando no bem estar e na sa\u00fade dos seus mun\u00edcipes, a prefeitura municipal de Amparo contratou mais um m\u00e9dico plantonista para atender nos finais de semana. Al\u00e9m dos renomados Drs. Vladimir C\u00e2mara Bezerra (Programa Mais M\u00e9dicos), Marcus Vin\u00edcius (Plantonista) se soma agora a equipe o Dr. Jos\u00e9 Roberto Bezerra Mendes. Na noite deste s\u00e1bado (11), o prefeito In\u00e1cio N\u00f3brega juntamente com a secret\u00e1ria de sa\u00fade Veronica Rafael, deram as boas vindas ao m\u00e9dico mostrando toda infraestrutura de sa\u00fade b\u00e1sica que o munic\u00edpio oferece atrav\u00e9s da unidade b\u00e1sica de sa\u00fade S\u00e3o Sebasti\u00e3o. Segundo o prefeito In\u00e1cio, durante todo esse per\u00edodo da sua gest\u00e3o, a grande preocupa\u00e7\u00e3o era de ofertar um servi\u00e7o de sa\u00fade com qualidade e humanizado aos mun\u00edcipes, &#8220;em momento algum perdemos a esperan\u00e7a de montar uma equipe que nos desse esse suporte quantitativo e qualitativo numa \u00e1rea que \u00e9 considerada por muitos como problema, dado a dist\u00e2ncia do nosso munic\u00edpio dos grandes centros, mas, acreditamos sempre, e a\u00ed est\u00e1 o resultado da nossa persist\u00eancia, uma sa\u00fade muito mais cuidada, e com cuidado no nosso povo&#8221; disse o prefeito. Not\u00edcias em Destaque Com Ascom<\/p>\n","protected":false},"author":2,"featured_media":25812,"comment_status":"closed","ping_status":"open","sticky":false,"template":"","format":"standard","meta":{"_eb_attr":"","_jetpack_memberships_contains_paid_content":false,"footnotes":""},"categories":[3],"tags":[],"class_list":["post-25810","post","type-post","status-publish","format-standard","has-post-thumbnail","hentry","category-cidades"],"yoast_head":"<!-- This site is optimized with the Yoast SEO plugin v26.5 - https:\/\/yoast.com\/wordpress\/plugins\/seo\/ -->\n<title>Prefeitura Municipal de Amparo contrata mais um m\u00e9dico plantonista - Not&iacute;cias em Destaque<\/title>\n<meta name=\"robots\" content=\"index, follow, max-snippet:-1, max-image-preview:large, max-video-preview:-1\" \/>\n<link rel=\"canonical\" href=\"https:\/\/noticiasemdestaque.com\/cd\/?p=25810\" \/>\n<meta property=\"og:locale\" content=\"pt_BR\" \/>\n<meta property=\"og:type\" content=\"article\" \/>\n<meta property=\"og:title\" content=\"Prefeitura Municipal de Amparo contrata mais um m\u00e9dico plantonista - Not&iacute;cias em Destaque\" \/>\n<meta property=\"og:description\" content=\"Pensando no bem estar e na sa\u00fade dos seus mun\u00edcipes, a prefeitura municipal de Amparo contratou mais um m\u00e9dico plantonista para atender nos finais de semana. Al\u00e9m dos renomados Drs. Vladimir C\u00e2mara Bezerra (Programa Mais M\u00e9dicos), Marcus Vin\u00edcius (Plantonista) se soma agora a equipe o Dr. Jos\u00e9 Roberto Bezerra Mendes. Na noite deste s\u00e1bado (11), o prefeito In\u00e1cio N\u00f3brega juntamente com a secret\u00e1ria de sa\u00fade Veronica Rafael, deram as boas vindas ao m\u00e9dico mostrando toda infraestrutura de sa\u00fade b\u00e1sica que o munic\u00edpio oferece atrav\u00e9s da unidade b\u00e1sica de sa\u00fade S\u00e3o Sebasti\u00e3o. Segundo o prefeito In\u00e1cio, durante todo esse per\u00edodo da sua gest\u00e3o, a grande preocupa\u00e7\u00e3o era de ofertar um servi\u00e7o de sa\u00fade com qualidade e humanizado aos mun\u00edcipes, &#8220;em momento algum perdemos a esperan\u00e7a de montar uma equipe que nos desse esse suporte quantitativo e qualitativo numa \u00e1rea que \u00e9 considerada por muitos como problema, dado a dist\u00e2ncia do nosso munic\u00edpio dos grandes centros, mas, acreditamos sempre, e a\u00ed est\u00e1 o resultado da nossa persist\u00eancia, uma sa\u00fade muito mais cuidada, e com cuidado no nosso povo&#8221; disse o prefeito. Not\u00edcias em Destaque Com Ascom\" \/>\n<meta property=\"og:url\" content=\"https:\/\/noticiasemdestaque.com\/cd\/?p=25810\" \/>\n<meta property=\"og:site_name\" content=\"Not&iacute;cias em Destaque\" \/>\n<meta property=\"article:published_time\" content=\"2020-07-12T18:34:40+00:00\" \/>\n<meta property=\"article:modified_time\" content=\"2020-07-12T18:35:01+00:00\" \/>\n<meta property=\"og:image\" content=\"https:\/\/noticiasemdestaque.com\/cd\/wp-content\/uploads\/2020\/07\/107592929_1125043121228951_7030871926142831963_n.jpg\" \/>\n\t<meta property=\"og:image:width\" content=\"960\" \/>\n\t<meta property=\"og:image:height\" content=\"960\" \/>\n\t<meta property=\"og:image:type\" content=\"image\/jpeg\" \/>\n<meta name=\"author\" content=\"Not\u00edcias em Destaque\" \/>\n<meta name=\"twitter:card\" content=\"summary_large_image\" \/>\n<meta name=\"twitter:label1\" content=\"Escrito por\" \/>\n\t<meta name=\"twitter:data1\" content=\"Not\u00edcias em Destaque\" \/>\n\t<meta name=\"twitter:label2\" content=\"Est. tempo de leitura\" \/>\n\t<meta name=\"twitter:data2\" content=\"1 minuto\" \/>\n<script type=\"application\/ld+json\" class=\"yoast-schema-graph\">{\"@context\":\"https:\/\/schema.org\",\"@graph\":[{\"@type\":\"Article\",\"@id\":\"https:\/\/noticiasemdestaque.com\/cd\/?p=25810#article\",\"isPartOf\":{\"@id\":\"https:\/\/noticiasemdestaque.com\/cd\/?p=25810\"},\"author\":{\"name\":\"Not\u00edcias em Destaque\",\"@id\":\"https:\/\/noticiasemdestaque.com\/cd\/#\/schema\/person\/21320b03a7e8bb90128938dafc9b908a\"},\"headline\":\"Prefeitura Municipal de Amparo contrata mais um m\u00e9dico plantonista\",\"datePublished\":\"2020-07-12T18:34:40+00:00\",\"dateModified\":\"2020-07-12T18:35:01+00:00\",\"mainEntityOfPage\":{\"@id\":\"https:\/\/noticiasemdestaque.com\/cd\/?p=25810\"},\"wordCount\":226,\"publisher\":{\"@id\":\"https:\/\/noticiasemdestaque.com\/cd\/#organization\"},\"image\":{\"@id\":\"https:\/\/noticiasemdestaque.com\/cd\/?p=25810#primaryimage\"},\"thumbnailUrl\":\"https:\/\/noticiasemdestaque.com\/cd\/wp-content\/uploads\/2020\/07\/107592929_1125043121228951_7030871926142831963_n.jpg\",\"articleSection\":[\"Cidades\"],\"inLanguage\":\"pt-BR\"},{\"@type\":\"WebPage\",\"@id\":\"https:\/\/noticiasemdestaque.com\/cd\/?p=25810\",\"url\":\"https:\/\/noticiasemdestaque.com\/cd\/?p=25810\",\"name\":\"Prefeitura Municipal de Amparo contrata mais um m\u00e9dico plantonista - Not&iacute;cias em Destaque\",\"isPartOf\":{\"@id\":\"https:\/\/noticiasemdestaque.com\/cd\/#website\"},\"primaryImageOfPage\":{\"@id\":\"https:\/\/noticiasemdestaque.com\/cd\/?p=25810#primaryimage\"},\"image\":{\"@id\":\"https:\/\/noticiasemdestaque.com\/cd\/?p=25810#primaryimage\"},\"thumbnailUrl\":\"https:\/\/noticiasemdestaque.com\/cd\/wp-content\/uploads\/2020\/07\/107592929_1125043121228951_7030871926142831963_n.jpg\",\"datePublished\":\"2020-07-12T18:34:40+00:00\",\"dateModified\":\"2020-07-12T18:35:01+00:00\",\"breadcrumb\":{\"@id\":\"https:\/\/noticiasemdestaque.com\/cd\/?p=25810#breadcrumb\"},\"inLanguage\":\"pt-BR\",\"potentialAction\":[{\"@type\":\"ReadAction\",\"target\":[\"https:\/\/noticiasemdestaque.com\/cd\/?p=25810\"]}]},{\"@type\":\"ImageObject\",\"inLanguage\":\"pt-BR\",\"@id\":\"https:\/\/noticiasemdestaque.com\/cd\/?p=25810#primaryimage\",\"url\":\"https:\/\/noticiasemdestaque.com\/cd\/wp-content\/uploads\/2020\/07\/107592929_1125043121228951_7030871926142831963_n.jpg\",\"contentUrl\":\"https:\/\/noticiasemdestaque.com\/cd\/wp-content\/uploads\/2020\/07\/107592929_1125043121228951_7030871926142831963_n.jpg\",\"width\":960,\"height\":960},{\"@type\":\"BreadcrumbList\",\"@id\":\"https:\/\/noticiasemdestaque.com\/cd\/?p=25810#breadcrumb\",\"itemListElement\":[{\"@type\":\"ListItem\",\"position\":1,\"name\":\"In\u00edcio\",\"item\":\"https:\/\/noticiasemdestaque.com\/cd\/\"},{\"@type\":\"ListItem\",\"position\":2,\"name\":\"Prefeitura Municipal de Amparo contrata mais um m\u00e9dico plantonista\"}]},{\"@type\":\"WebSite\",\"@id\":\"https:\/\/noticiasemdestaque.com\/cd\/#website\",\"url\":\"https:\/\/noticiasemdestaque.com\/cd\/\",\"name\":\"Not&iacute;cias em Destaque\",\"description\":\"\",\"publisher\":{\"@id\":\"https:\/\/noticiasemdestaque.com\/cd\/#organization\"},\"potentialAction\":[{\"@type\":\"SearchAction\",\"target\":{\"@type\":\"EntryPoint\",\"urlTemplate\":\"https:\/\/noticiasemdestaque.com\/cd\/?s={search_term_string}\"},\"query-input\":{\"@type\":\"PropertyValueSpecification\",\"valueRequired\":true,\"valueName\":\"search_term_string\"}}],\"inLanguage\":\"pt-BR\"},{\"@type\":\"Organization\",\"@id\":\"https:\/\/noticiasemdestaque.com\/cd\/#organization\",\"name\":\"Not\u00edcias em Destaque\",\"url\":\"https:\/\/noticiasemdestaque.com\/cd\/\",\"logo\":{\"@type\":\"ImageObject\",\"inLanguage\":\"pt-BR\",\"@id\":\"https:\/\/noticiasemdestaque.com\/cd\/#\/schema\/logo\/image\/\",\"url\":\"https:\/\/noticiasemdestaque.com\/cd\/wp-content\/uploads\/2022\/05\/imagem-base-noticiasemdestaque.png\",\"contentUrl\":\"https:\/\/noticiasemdestaque.com\/cd\/wp-content\/uploads\/2022\/05\/imagem-base-noticiasemdestaque.png\",\"width\":1200,\"height\":630,\"caption\":\"Not\u00edcias em Destaque\"},\"image\":{\"@id\":\"https:\/\/noticiasemdestaque.com\/cd\/#\/schema\/logo\/image\/\"}},{\"@type\":\"Person\",\"@id\":\"https:\/\/noticiasemdestaque.com\/cd\/#\/schema\/person\/21320b03a7e8bb90128938dafc9b908a\",\"name\":\"Not\u00edcias em Destaque\",\"url\":\"https:\/\/noticiasemdestaque.com\/cd\/?author=2\"}]}<\/script>\n<!-- \/ Yoast SEO plugin. -->","yoast_head_json":{"title":"Prefeitura Municipal de Amparo contrata mais um m\u00e9dico plantonista - Not&iacute;cias em Destaque","robots":{"index":"index","follow":"follow","max-snippet":"max-snippet:-1","max-image-preview":"max-image-preview:large","max-video-preview":"max-video-preview:-1"},"canonical":"https:\/\/noticiasemdestaque.com\/cd\/?p=25810","og_locale":"pt_BR","og_type":"article","og_title":"Prefeitura Municipal de Amparo contrata mais um m\u00e9dico plantonista - Not&iacute;cias em Destaque","og_description":"Pensando no bem estar e na sa\u00fade dos seus mun\u00edcipes, a prefeitura municipal de Amparo contratou mais um m\u00e9dico plantonista para atender nos finais de semana. Al\u00e9m dos renomados Drs. Vladimir C\u00e2mara Bezerra (Programa Mais M\u00e9dicos), Marcus Vin\u00edcius (Plantonista) se soma agora a equipe o Dr. Jos\u00e9 Roberto Bezerra Mendes. Na noite deste s\u00e1bado (11), o prefeito In\u00e1cio N\u00f3brega juntamente com a secret\u00e1ria de sa\u00fade Veronica Rafael, deram as boas vindas ao m\u00e9dico mostrando toda infraestrutura de sa\u00fade b\u00e1sica que o munic\u00edpio oferece atrav\u00e9s da unidade b\u00e1sica de sa\u00fade S\u00e3o Sebasti\u00e3o. Segundo o prefeito In\u00e1cio, durante todo esse per\u00edodo da sua gest\u00e3o, a grande preocupa\u00e7\u00e3o era de ofertar um servi\u00e7o de sa\u00fade com qualidade e humanizado aos mun\u00edcipes, &#8220;em momento algum perdemos a esperan\u00e7a de montar uma equipe que nos desse esse suporte quantitativo e qualitativo numa \u00e1rea que \u00e9 considerada por muitos como problema, dado a dist\u00e2ncia do nosso munic\u00edpio dos grandes centros, mas, acreditamos sempre, e a\u00ed est\u00e1 o resultado da nossa persist\u00eancia, uma sa\u00fade muito mais cuidada, e com cuidado no nosso povo&#8221; disse o prefeito. Not\u00edcias em Destaque Com Ascom","og_url":"https:\/\/noticiasemdestaque.com\/cd\/?p=25810","og_site_name":"Not&iacute;cias em Destaque","article_published_time":"2020-07-12T18:34:40+00:00","article_modified_time":"2020-07-12T18:35:01+00:00","og_image":[{"width":960,"height":960,"url":"https:\/\/noticiasemdestaque.com\/cd\/wp-content\/uploads\/2020\/07\/107592929_1125043121228951_7030871926142831963_n.jpg","type":"image\/jpeg"}],"author":"Not\u00edcias em Destaque","twitter_card":"summary_large_image","twitter_misc":{"Escrito por":"Not\u00edcias em Destaque","Est. tempo de leitura":"1 minuto"},"schema":{"@context":"https:\/\/schema.org","@graph":[{"@type":"Article","@id":"https:\/\/noticiasemdestaque.com\/cd\/?p=25810#article","isPartOf":{"@id":"https:\/\/noticiasemdestaque.com\/cd\/?p=25810"},"author":{"name":"Not\u00edcias em Destaque","@id":"https:\/\/noticiasemdestaque.com\/cd\/#\/schema\/person\/21320b03a7e8bb90128938dafc9b908a"},"headline":"Prefeitura Municipal de Amparo contrata mais um m\u00e9dico plantonista","datePublished":"2020-07-12T18:34:40+00:00","dateModified":"2020-07-12T18:35:01+00:00","mainEntityOfPage":{"@id":"https:\/\/noticiasemdestaque.com\/cd\/?p=25810"},"wordCount":226,"publisher":{"@id":"https:\/\/noticiasemdestaque.com\/cd\/#organization"},"image":{"@id":"https:\/\/noticiasemdestaque.com\/cd\/?p=25810#primaryimage"},"thumbnailUrl":"https:\/\/noticiasemdestaque.com\/cd\/wp-content\/uploads\/2020\/07\/107592929_1125043121228951_7030871926142831963_n.jpg","articleSection":["Cidades"],"inLanguage":"pt-BR"},{"@type":"WebPage","@id":"https:\/\/noticiasemdestaque.com\/cd\/?p=25810","url":"https:\/\/noticiasemdestaque.com\/cd\/?p=25810","name":"Prefeitura Municipal de Amparo contrata mais um m\u00e9dico plantonista - Not&iacute;cias em Destaque","isPartOf":{"@id":"https:\/\/noticiasemdestaque.com\/cd\/#website"},"primaryImageOfPage":{"@id":"https:\/\/noticiasemdestaque.com\/cd\/?p=25810#primaryimage"},"image":{"@id":"https:\/\/noticiasemdestaque.com\/cd\/?p=25810#primaryimage"},"thumbnailUrl":"https:\/\/noticiasemdestaque.com\/cd\/wp-content\/uploads\/2020\/07\/107592929_1125043121228951_7030871926142831963_n.jpg","datePublished":"2020-07-12T18:34:40+00:00","dateModified":"2020-07-12T18:35:01+00:00","breadcrumb":{"@id":"https:\/\/noticiasemdestaque.com\/cd\/?p=25810#breadcrumb"},"inLanguage":"pt-BR","potentialAction":[{"@type":"ReadAction","target":["https:\/\/noticiasemdestaque.com\/cd\/?p=25810"]}]},{"@type":"ImageObject","inLanguage":"pt-BR","@id":"https:\/\/noticiasemdestaque.com\/cd\/?p=25810#primaryimage","url":"https:\/\/noticiasemdestaque.com\/cd\/wp-content\/uploads\/2020\/07\/107592929_1125043121228951_7030871926142831963_n.jpg","contentUrl":"https:\/\/noticiasemdestaque.com\/cd\/wp-content\/uploads\/2020\/07\/107592929_1125043121228951_7030871926142831963_n.jpg","width":960,"height":960},{"@type":"BreadcrumbList","@id":"https:\/\/noticiasemdestaque.com\/cd\/?p=25810#breadcrumb","itemListElement":[{"@type":"ListItem","position":1,"name":"In\u00edcio","item":"https:\/\/noticiasemdestaque.com\/cd\/"},{"@type":"ListItem","position":2,"name":"Prefeitura Municipal de Amparo contrata mais um m\u00e9dico plantonista"}]},{"@type":"WebSite","@id":"https:\/\/noticiasemdestaque.com\/cd\/#website","url":"https:\/\/noticiasemdestaque.com\/cd\/","name":"Not&iacute;cias em Destaque","description":"","publisher":{"@id":"https:\/\/noticiasemdestaque.com\/cd\/#organization"},"potentialAction":[{"@type":"SearchAction","target":{"@type":"EntryPoint","urlTemplate":"https:\/\/noticiasemdestaque.com\/cd\/?s={search_term_string}"},"query-input":{"@type":"PropertyValueSpecification","valueRequired":true,"valueName":"search_term_string"}}],"inLanguage":"pt-BR"},{"@type":"Organization","@id":"https:\/\/noticiasemdestaque.com\/cd\/#organization","name":"Not\u00edcias em Destaque","url":"https:\/\/noticiasemdestaque.com\/cd\/","logo":{"@type":"ImageObject","inLanguage":"pt-BR","@id":"https:\/\/noticiasemdestaque.com\/cd\/#\/schema\/logo\/image\/","url":"https:\/\/noticiasemdestaque.com\/cd\/wp-content\/uploads\/2022\/05\/imagem-base-noticiasemdestaque.png","contentUrl":"https:\/\/noticiasemdestaque.com\/cd\/wp-content\/uploads\/2022\/05\/imagem-base-noticiasemdestaque.png","width":1200,"height":630,"caption":"Not\u00edcias em Destaque"},"image":{"@id":"https:\/\/noticiasemdestaque.com\/cd\/#\/schema\/logo\/image\/"}},{"@type":"Person","@id":"https:\/\/noticiasemdestaque.com\/cd\/#\/schema\/person\/21320b03a7e8bb90128938dafc9b908a","name":"Not\u00edcias em Destaque","url":"https:\/\/noticiasemdestaque.com\/cd\/?author=2"}]}},"jetpack_featured_media_url":"https:\/\/noticiasemdestaque.com\/cd\/wp-content\/uploads\/2020\/07\/107592929_1125043121228951_7030871926142831963_n.jpg","jetpack_sharing_enabled":true,"_links":{"self":[{"href":"https:\/\/noticiasemdestaque.com\/cd\/index.php?rest_route=\/wp\/v2\/posts\/25810","targetHints":{"allow":["GET"]}}],"collection":[{"href":"https:\/\/noticiasemdestaque.com\/cd\/index.php?rest_route=\/wp\/v2\/posts"}],"about":[{"href":"https:\/\/noticiasemdestaque.com\/cd\/index.php?rest_route=\/wp\/v2\/types\/post"}],"author":[{"embeddable":true,"href":"https:\/\/noticiasemdestaque.com\/cd\/index.php?rest_route=\/wp\/v2\/users\/2"}],"replies":[{"embeddable":true,"href":"https:\/\/noticiasemdestaque.com\/cd\/index.php?rest_route=%2Fwp%2Fv2%2Fcomments&post=25810"}],"version-history":[{"count":2,"href":"https:\/\/noticiasemdestaque.com\/cd\/index.php?rest_route=\/wp\/v2\/posts\/25810\/revisions"}],"predecessor-version":[{"id":25814,"href":"https:\/\/noticiasemdestaque.com\/cd\/index.php?rest_route=\/wp\/v2\/posts\/25810\/revisions\/25814"}],"wp:featuredmedia":[{"embeddable":true,"href":"https:\/\/noticiasemdestaque.com\/cd\/index.php?rest_route=\/wp\/v2\/media\/25812"}],"wp:attachment":[{"href":"https:\/\/noticiasemdestaque.com\/cd\/index.php?rest_route=%2Fwp%2Fv2%2Fmedia&parent=25810"}],"wp:term":[{"taxonomy":"category","embeddable":true,"href":"https:\/\/noticiasemdestaque.com\/cd\/index.php?rest_route=%2Fwp%2Fv2%2Fcategories&post=25810"},{"taxonomy":"post_tag","embeddable":true,"href":"https:\/\/noticiasemdestaque.com\/cd\/index.php?rest_route=%2Fwp%2Fv2%2Ftags&post=25810"}],"curies":[{"name":"wp","href":"https:\/\/api.w.org\/{rel}","templated":true}]}}