{"id":25802,"date":"2020-07-11T07:51:59","date_gmt":"2020-07-11T10:51:59","guid":{"rendered":"http:\/\/noticiasemdestaque.com\/cd\/?p=25802"},"modified":"2020-07-11T07:51:59","modified_gmt":"2020-07-11T10:51:59","slug":"bolsonaro-anuncia-milton-ribeiro-como-novo-ministro-da-educacao","status":"publish","type":"post","link":"https:\/\/noticiasemdestaque.com\/cd\/?p=25802","title":{"rendered":"Bolsonaro anuncia Milton Ribeiro como novo ministro da Educa\u00e7\u00e3o"},"content":{"rendered":"<p><a href=\"https:\/\/noticiasemdestaque.com\/cd\/wp-content\/uploads\/2020\/07\/pastor-milton-ribeiro-palestra-reproducao_widelg.jpg\"><img fetchpriority=\"high\" decoding=\"async\" class=\"wp-image-25805 aligncenter\" src=\"https:\/\/noticiasemdestaque.com\/cd\/wp-content\/uploads\/2020\/07\/pastor-milton-ribeiro-palestra-reproducao_widelg.jpg\" alt=\"\" width=\"464\" height=\"261\" srcset=\"https:\/\/noticiasemdestaque.com\/cd\/wp-content\/uploads\/2020\/07\/pastor-milton-ribeiro-palestra-reproducao_widelg.jpg 800w, https:\/\/noticiasemdestaque.com\/cd\/wp-content\/uploads\/2020\/07\/pastor-milton-ribeiro-palestra-reproducao_widelg-300x169.jpg 300w, https:\/\/noticiasemdestaque.com\/cd\/wp-content\/uploads\/2020\/07\/pastor-milton-ribeiro-palestra-reproducao_widelg-768x432.jpg 768w\" sizes=\"(max-width: 464px) 100vw, 464px\" \/><\/a><\/p>\n<p>O presidente Jair Bolsonaro anunciou, nesta sexta-feira (10), a indica\u00e7\u00e3o do professor Milton Ribeiro para ministro da Educa\u00e7\u00e3o. Ribeiro \u00e9 doutor em educac\u0327a\u0303o pela Universidade de S\u00e3o Paulo (USP), mestre em direito pela Universidade Presbiteriana Mackenzie e graduado em direito e teologia. Desde maio do ano passado, integra a Comissa\u0303o de E\u0301tica da Preside\u0302ncia da Repu\u0301blica. O decreto de nomea\u00e7\u00e3o foi publicado em\u00a0<a href=\"http:\/\/www.in.gov.br\/en\/web\/dou\/-\/decreto-de-10-de-julho-de-2020-266201790\" target=\"_blank\" rel=\"noopener noreferrer\">edi\u00e7\u00e3o extra do\u00a0<\/a><em><a href=\"http:\/\/www.in.gov.br\/en\/web\/dou\/-\/decreto-de-10-de-julho-de-2020-266201790\" target=\"_blank\" rel=\"noopener noreferrer\">Di\u00e1rio Oficial da Uni\u00e3o<\/a><\/em>.\u00a0<img decoding=\"async\" src=\"https:\/\/agenciabrasil.ebc.com.br\/ebc.png?id=1311325&amp;o=node\" \/><\/p>\n<p>O cargo estava vago desde a semana passada, quando a\u00a0<a href=\"https:\/\/agenciabrasil.ebc.com.br\/politica\/noticia\/2020-07\/publicado-decreto-que-torna-sem-efeito-nomeacao-de-dicotelli\" target=\"_blank\" rel=\"noopener noreferrer\">nomea\u00e7\u00e3o de Carlos Alberto Decotelli foi revogada<\/a>, sem que ele tivesse tomado posse, depois de uma s\u00e9rie de inconsist\u00eancias curriculares terem vindo \u00e0 tona.<\/p>\n<p>Ribeiro \u00e9 o quarto ministro da Educa\u00e7\u00e3o do governo Bolsonaro. Em declara\u00e7\u00f5es recentes,\u00a0<a href=\"https:\/\/agenciabrasil.ebc.com.br\/politica\/noticia\/2020-07\/bolsonaro-promete-anuncio-de-novo-ministro-da-educacao-nesta-sexta\" target=\"_blank\" rel=\"noopener noreferrer\">o presidente disse que estava buscando um nome de perfil &#8220;conciliador&#8221; para a fun\u00e7\u00e3o<\/a>.<\/p>\n<p><em><strong>Not\u00edcias em Destaque<\/strong><\/em><\/p>\n<p>Com EBC<\/p>\n","protected":false},"excerpt":{"rendered":"<p>O presidente Jair Bolsonaro anunciou, nesta sexta-feira (10), a indica\u00e7\u00e3o do professor Milton Ribeiro para ministro da Educa\u00e7\u00e3o. Ribeiro \u00e9 doutor em educac\u0327a\u0303o pela Universidade de S\u00e3o Paulo (USP), mestre em direito pela Universidade Presbiteriana Mackenzie e graduado em direito e teologia. Desde maio do ano passado, integra a Comissa\u0303o de E\u0301tica da Preside\u0302ncia da Repu\u0301blica. O decreto de nomea\u00e7\u00e3o foi publicado em\u00a0edi\u00e7\u00e3o extra do\u00a0Di\u00e1rio Oficial da Uni\u00e3o.\u00a0 O cargo estava vago desde a semana passada, quando a\u00a0nomea\u00e7\u00e3o de Carlos Alberto Decotelli foi revogada, sem que ele tivesse tomado posse, depois de uma s\u00e9rie de inconsist\u00eancias curriculares terem vindo \u00e0 tona. Ribeiro \u00e9 o quarto ministro da Educa\u00e7\u00e3o do governo Bolsonaro. Em declara\u00e7\u00f5es recentes,\u00a0o presidente disse que estava buscando um nome de perfil &#8220;conciliador&#8221; para a fun\u00e7\u00e3o. Not\u00edcias em Destaque Com EBC<\/p>\n","protected":false},"author":2,"featured_media":25805,"comment_status":"closed","ping_status":"open","sticky":false,"template":"","format":"standard","meta":{"_eb_attr":"","_jetpack_memberships_contains_paid_content":false,"footnotes":""},"categories":[6],"tags":[],"class_list":["post-25802","post","type-post","status-publish","format-standard","has-post-thumbnail","hentry","category-educacao"],"yoast_head":"<!-- This site is optimized with the Yoast SEO plugin v26.5 - https:\/\/yoast.com\/wordpress\/plugins\/seo\/ -->\n<title>Bolsonaro anuncia Milton Ribeiro como novo ministro da Educa\u00e7\u00e3o - Not&iacute;cias em Destaque<\/title>\n<meta name=\"robots\" content=\"index, follow, max-snippet:-1, max-image-preview:large, max-video-preview:-1\" \/>\n<link rel=\"canonical\" href=\"https:\/\/noticiasemdestaque.com\/cd\/?p=25802\" \/>\n<meta property=\"og:locale\" content=\"pt_BR\" \/>\n<meta property=\"og:type\" content=\"article\" \/>\n<meta property=\"og:title\" content=\"Bolsonaro anuncia Milton Ribeiro como novo ministro da Educa\u00e7\u00e3o - Not&iacute;cias em Destaque\" \/>\n<meta property=\"og:description\" content=\"O presidente Jair Bolsonaro anunciou, nesta sexta-feira (10), a indica\u00e7\u00e3o do professor Milton Ribeiro para ministro da Educa\u00e7\u00e3o. Ribeiro \u00e9 doutor em educac\u0327a\u0303o pela Universidade de S\u00e3o Paulo (USP), mestre em direito pela Universidade Presbiteriana Mackenzie e graduado em direito e teologia. Desde maio do ano passado, integra a Comissa\u0303o de E\u0301tica da Preside\u0302ncia da Repu\u0301blica. O decreto de nomea\u00e7\u00e3o foi publicado em\u00a0edi\u00e7\u00e3o extra do\u00a0Di\u00e1rio Oficial da Uni\u00e3o.\u00a0 O cargo estava vago desde a semana passada, quando a\u00a0nomea\u00e7\u00e3o de Carlos Alberto Decotelli foi revogada, sem que ele tivesse tomado posse, depois de uma s\u00e9rie de inconsist\u00eancias curriculares terem vindo \u00e0 tona. Ribeiro \u00e9 o quarto ministro da Educa\u00e7\u00e3o do governo Bolsonaro. Em declara\u00e7\u00f5es recentes,\u00a0o presidente disse que estava buscando um nome de perfil &#8220;conciliador&#8221; para a fun\u00e7\u00e3o. Not\u00edcias em Destaque Com EBC\" \/>\n<meta property=\"og:url\" content=\"https:\/\/noticiasemdestaque.com\/cd\/?p=25802\" \/>\n<meta property=\"og:site_name\" content=\"Not&iacute;cias em Destaque\" \/>\n<meta property=\"article:published_time\" content=\"2020-07-11T10:51:59+00:00\" \/>\n<meta property=\"og:image\" content=\"https:\/\/noticiasemdestaque.com\/cd\/wp-content\/uploads\/2020\/07\/pastor-milton-ribeiro-palestra-reproducao_widelg.jpg\" \/>\n\t<meta property=\"og:image:width\" content=\"800\" \/>\n\t<meta property=\"og:image:height\" content=\"450\" \/>\n\t<meta property=\"og:image:type\" content=\"image\/jpeg\" \/>\n<meta name=\"author\" content=\"Not\u00edcias em Destaque\" \/>\n<meta name=\"twitter:card\" content=\"summary_large_image\" \/>\n<meta name=\"twitter:label1\" content=\"Escrito por\" \/>\n\t<meta name=\"twitter:data1\" content=\"Not\u00edcias em Destaque\" \/>\n\t<meta name=\"twitter:label2\" content=\"Est. tempo de leitura\" \/>\n\t<meta name=\"twitter:data2\" content=\"1 minuto\" \/>\n<script type=\"application\/ld+json\" class=\"yoast-schema-graph\">{\"@context\":\"https:\/\/schema.org\",\"@graph\":[{\"@type\":\"Article\",\"@id\":\"https:\/\/noticiasemdestaque.com\/cd\/?p=25802#article\",\"isPartOf\":{\"@id\":\"https:\/\/noticiasemdestaque.com\/cd\/?p=25802\"},\"author\":{\"name\":\"Not\u00edcias em Destaque\",\"@id\":\"https:\/\/noticiasemdestaque.com\/cd\/#\/schema\/person\/21320b03a7e8bb90128938dafc9b908a\"},\"headline\":\"Bolsonaro anuncia Milton Ribeiro como novo ministro da Educa\u00e7\u00e3o\",\"datePublished\":\"2020-07-11T10:51:59+00:00\",\"mainEntityOfPage\":{\"@id\":\"https:\/\/noticiasemdestaque.com\/cd\/?p=25802\"},\"wordCount\":162,\"publisher\":{\"@id\":\"https:\/\/noticiasemdestaque.com\/cd\/#organization\"},\"image\":{\"@id\":\"https:\/\/noticiasemdestaque.com\/cd\/?p=25802#primaryimage\"},\"thumbnailUrl\":\"https:\/\/noticiasemdestaque.com\/cd\/wp-content\/uploads\/2020\/07\/pastor-milton-ribeiro-palestra-reproducao_widelg.jpg\",\"articleSection\":[\"Educa\u00e7\u00e3o\"],\"inLanguage\":\"pt-BR\"},{\"@type\":\"WebPage\",\"@id\":\"https:\/\/noticiasemdestaque.com\/cd\/?p=25802\",\"url\":\"https:\/\/noticiasemdestaque.com\/cd\/?p=25802\",\"name\":\"Bolsonaro anuncia Milton Ribeiro como novo ministro da Educa\u00e7\u00e3o - Not&iacute;cias em Destaque\",\"isPartOf\":{\"@id\":\"https:\/\/noticiasemdestaque.com\/cd\/#website\"},\"primaryImageOfPage\":{\"@id\":\"https:\/\/noticiasemdestaque.com\/cd\/?p=25802#primaryimage\"},\"image\":{\"@id\":\"https:\/\/noticiasemdestaque.com\/cd\/?p=25802#primaryimage\"},\"thumbnailUrl\":\"https:\/\/noticiasemdestaque.com\/cd\/wp-content\/uploads\/2020\/07\/pastor-milton-ribeiro-palestra-reproducao_widelg.jpg\",\"datePublished\":\"2020-07-11T10:51:59+00:00\",\"breadcrumb\":{\"@id\":\"https:\/\/noticiasemdestaque.com\/cd\/?p=25802#breadcrumb\"},\"inLanguage\":\"pt-BR\",\"potentialAction\":[{\"@type\":\"ReadAction\",\"target\":[\"https:\/\/noticiasemdestaque.com\/cd\/?p=25802\"]}]},{\"@type\":\"ImageObject\",\"inLanguage\":\"pt-BR\",\"@id\":\"https:\/\/noticiasemdestaque.com\/cd\/?p=25802#primaryimage\",\"url\":\"https:\/\/noticiasemdestaque.com\/cd\/wp-content\/uploads\/2020\/07\/pastor-milton-ribeiro-palestra-reproducao_widelg.jpg\",\"contentUrl\":\"https:\/\/noticiasemdestaque.com\/cd\/wp-content\/uploads\/2020\/07\/pastor-milton-ribeiro-palestra-reproducao_widelg.jpg\",\"width\":800,\"height\":450},{\"@type\":\"BreadcrumbList\",\"@id\":\"https:\/\/noticiasemdestaque.com\/cd\/?p=25802#breadcrumb\",\"itemListElement\":[{\"@type\":\"ListItem\",\"position\":1,\"name\":\"In\u00edcio\",\"item\":\"https:\/\/noticiasemdestaque.com\/cd\/\"},{\"@type\":\"ListItem\",\"position\":2,\"name\":\"Bolsonaro anuncia Milton Ribeiro como novo ministro da Educa\u00e7\u00e3o\"}]},{\"@type\":\"WebSite\",\"@id\":\"https:\/\/noticiasemdestaque.com\/cd\/#website\",\"url\":\"https:\/\/noticiasemdestaque.com\/cd\/\",\"name\":\"Not&iacute;cias em Destaque\",\"description\":\"\",\"publisher\":{\"@id\":\"https:\/\/noticiasemdestaque.com\/cd\/#organization\"},\"potentialAction\":[{\"@type\":\"SearchAction\",\"target\":{\"@type\":\"EntryPoint\",\"urlTemplate\":\"https:\/\/noticiasemdestaque.com\/cd\/?s={search_term_string}\"},\"query-input\":{\"@type\":\"PropertyValueSpecification\",\"valueRequired\":true,\"valueName\":\"search_term_string\"}}],\"inLanguage\":\"pt-BR\"},{\"@type\":\"Organization\",\"@id\":\"https:\/\/noticiasemdestaque.com\/cd\/#organization\",\"name\":\"Not\u00edcias em Destaque\",\"url\":\"https:\/\/noticiasemdestaque.com\/cd\/\",\"logo\":{\"@type\":\"ImageObject\",\"inLanguage\":\"pt-BR\",\"@id\":\"https:\/\/noticiasemdestaque.com\/cd\/#\/schema\/logo\/image\/\",\"url\":\"https:\/\/noticiasemdestaque.com\/cd\/wp-content\/uploads\/2022\/05\/imagem-base-noticiasemdestaque.png\",\"contentUrl\":\"https:\/\/noticiasemdestaque.com\/cd\/wp-content\/uploads\/2022\/05\/imagem-base-noticiasemdestaque.png\",\"width\":1200,\"height\":630,\"caption\":\"Not\u00edcias em Destaque\"},\"image\":{\"@id\":\"https:\/\/noticiasemdestaque.com\/cd\/#\/schema\/logo\/image\/\"}},{\"@type\":\"Person\",\"@id\":\"https:\/\/noticiasemdestaque.com\/cd\/#\/schema\/person\/21320b03a7e8bb90128938dafc9b908a\",\"name\":\"Not\u00edcias em Destaque\",\"url\":\"https:\/\/noticiasemdestaque.com\/cd\/?author=2\"}]}<\/script>\n<!-- \/ Yoast SEO plugin. -->","yoast_head_json":{"title":"Bolsonaro anuncia Milton Ribeiro como novo ministro da Educa\u00e7\u00e3o - Not&iacute;cias em Destaque","robots":{"index":"index","follow":"follow","max-snippet":"max-snippet:-1","max-image-preview":"max-image-preview:large","max-video-preview":"max-video-preview:-1"},"canonical":"https:\/\/noticiasemdestaque.com\/cd\/?p=25802","og_locale":"pt_BR","og_type":"article","og_title":"Bolsonaro anuncia Milton Ribeiro como novo ministro da Educa\u00e7\u00e3o - Not&iacute;cias em Destaque","og_description":"O presidente Jair Bolsonaro anunciou, nesta sexta-feira (10), a indica\u00e7\u00e3o do professor Milton Ribeiro para ministro da Educa\u00e7\u00e3o. Ribeiro \u00e9 doutor em educac\u0327a\u0303o pela Universidade de S\u00e3o Paulo (USP), mestre em direito pela Universidade Presbiteriana Mackenzie e graduado em direito e teologia. Desde maio do ano passado, integra a Comissa\u0303o de E\u0301tica da Preside\u0302ncia da Repu\u0301blica. O decreto de nomea\u00e7\u00e3o foi publicado em\u00a0edi\u00e7\u00e3o extra do\u00a0Di\u00e1rio Oficial da Uni\u00e3o.\u00a0 O cargo estava vago desde a semana passada, quando a\u00a0nomea\u00e7\u00e3o de Carlos Alberto Decotelli foi revogada, sem que ele tivesse tomado posse, depois de uma s\u00e9rie de inconsist\u00eancias curriculares terem vindo \u00e0 tona. Ribeiro \u00e9 o quarto ministro da Educa\u00e7\u00e3o do governo Bolsonaro. Em declara\u00e7\u00f5es recentes,\u00a0o presidente disse que estava buscando um nome de perfil &#8220;conciliador&#8221; para a fun\u00e7\u00e3o. Not\u00edcias em Destaque Com EBC","og_url":"https:\/\/noticiasemdestaque.com\/cd\/?p=25802","og_site_name":"Not&iacute;cias em Destaque","article_published_time":"2020-07-11T10:51:59+00:00","og_image":[{"width":800,"height":450,"url":"https:\/\/noticiasemdestaque.com\/cd\/wp-content\/uploads\/2020\/07\/pastor-milton-ribeiro-palestra-reproducao_widelg.jpg","type":"image\/jpeg"}],"author":"Not\u00edcias em Destaque","twitter_card":"summary_large_image","twitter_misc":{"Escrito por":"Not\u00edcias em Destaque","Est. tempo de leitura":"1 minuto"},"schema":{"@context":"https:\/\/schema.org","@graph":[{"@type":"Article","@id":"https:\/\/noticiasemdestaque.com\/cd\/?p=25802#article","isPartOf":{"@id":"https:\/\/noticiasemdestaque.com\/cd\/?p=25802"},"author":{"name":"Not\u00edcias em Destaque","@id":"https:\/\/noticiasemdestaque.com\/cd\/#\/schema\/person\/21320b03a7e8bb90128938dafc9b908a"},"headline":"Bolsonaro anuncia Milton Ribeiro como novo ministro da Educa\u00e7\u00e3o","datePublished":"2020-07-11T10:51:59+00:00","mainEntityOfPage":{"@id":"https:\/\/noticiasemdestaque.com\/cd\/?p=25802"},"wordCount":162,"publisher":{"@id":"https:\/\/noticiasemdestaque.com\/cd\/#organization"},"image":{"@id":"https:\/\/noticiasemdestaque.com\/cd\/?p=25802#primaryimage"},"thumbnailUrl":"https:\/\/noticiasemdestaque.com\/cd\/wp-content\/uploads\/2020\/07\/pastor-milton-ribeiro-palestra-reproducao_widelg.jpg","articleSection":["Educa\u00e7\u00e3o"],"inLanguage":"pt-BR"},{"@type":"WebPage","@id":"https:\/\/noticiasemdestaque.com\/cd\/?p=25802","url":"https:\/\/noticiasemdestaque.com\/cd\/?p=25802","name":"Bolsonaro anuncia Milton Ribeiro como novo ministro da Educa\u00e7\u00e3o - Not&iacute;cias em Destaque","isPartOf":{"@id":"https:\/\/noticiasemdestaque.com\/cd\/#website"},"primaryImageOfPage":{"@id":"https:\/\/noticiasemdestaque.com\/cd\/?p=25802#primaryimage"},"image":{"@id":"https:\/\/noticiasemdestaque.com\/cd\/?p=25802#primaryimage"},"thumbnailUrl":"https:\/\/noticiasemdestaque.com\/cd\/wp-content\/uploads\/2020\/07\/pastor-milton-ribeiro-palestra-reproducao_widelg.jpg","datePublished":"2020-07-11T10:51:59+00:00","breadcrumb":{"@id":"https:\/\/noticiasemdestaque.com\/cd\/?p=25802#breadcrumb"},"inLanguage":"pt-BR","potentialAction":[{"@type":"ReadAction","target":["https:\/\/noticiasemdestaque.com\/cd\/?p=25802"]}]},{"@type":"ImageObject","inLanguage":"pt-BR","@id":"https:\/\/noticiasemdestaque.com\/cd\/?p=25802#primaryimage","url":"https:\/\/noticiasemdestaque.com\/cd\/wp-content\/uploads\/2020\/07\/pastor-milton-ribeiro-palestra-reproducao_widelg.jpg","contentUrl":"https:\/\/noticiasemdestaque.com\/cd\/wp-content\/uploads\/2020\/07\/pastor-milton-ribeiro-palestra-reproducao_widelg.jpg","width":800,"height":450},{"@type":"BreadcrumbList","@id":"https:\/\/noticiasemdestaque.com\/cd\/?p=25802#breadcrumb","itemListElement":[{"@type":"ListItem","position":1,"name":"In\u00edcio","item":"https:\/\/noticiasemdestaque.com\/cd\/"},{"@type":"ListItem","position":2,"name":"Bolsonaro anuncia Milton Ribeiro como novo ministro da Educa\u00e7\u00e3o"}]},{"@type":"WebSite","@id":"https:\/\/noticiasemdestaque.com\/cd\/#website","url":"https:\/\/noticiasemdestaque.com\/cd\/","name":"Not&iacute;cias em Destaque","description":"","publisher":{"@id":"https:\/\/noticiasemdestaque.com\/cd\/#organization"},"potentialAction":[{"@type":"SearchAction","target":{"@type":"EntryPoint","urlTemplate":"https:\/\/noticiasemdestaque.com\/cd\/?s={search_term_string}"},"query-input":{"@type":"PropertyValueSpecification","valueRequired":true,"valueName":"search_term_string"}}],"inLanguage":"pt-BR"},{"@type":"Organization","@id":"https:\/\/noticiasemdestaque.com\/cd\/#organization","name":"Not\u00edcias em Destaque","url":"https:\/\/noticiasemdestaque.com\/cd\/","logo":{"@type":"ImageObject","inLanguage":"pt-BR","@id":"https:\/\/noticiasemdestaque.com\/cd\/#\/schema\/logo\/image\/","url":"https:\/\/noticiasemdestaque.com\/cd\/wp-content\/uploads\/2022\/05\/imagem-base-noticiasemdestaque.png","contentUrl":"https:\/\/noticiasemdestaque.com\/cd\/wp-content\/uploads\/2022\/05\/imagem-base-noticiasemdestaque.png","width":1200,"height":630,"caption":"Not\u00edcias em Destaque"},"image":{"@id":"https:\/\/noticiasemdestaque.com\/cd\/#\/schema\/logo\/image\/"}},{"@type":"Person","@id":"https:\/\/noticiasemdestaque.com\/cd\/#\/schema\/person\/21320b03a7e8bb90128938dafc9b908a","name":"Not\u00edcias em Destaque","url":"https:\/\/noticiasemdestaque.com\/cd\/?author=2"}]}},"jetpack_featured_media_url":"https:\/\/noticiasemdestaque.com\/cd\/wp-content\/uploads\/2020\/07\/pastor-milton-ribeiro-palestra-reproducao_widelg.jpg","jetpack_sharing_enabled":true,"_links":{"self":[{"href":"https:\/\/noticiasemdestaque.com\/cd\/index.php?rest_route=\/wp\/v2\/posts\/25802","targetHints":{"allow":["GET"]}}],"collection":[{"href":"https:\/\/noticiasemdestaque.com\/cd\/index.php?rest_route=\/wp\/v2\/posts"}],"about":[{"href":"https:\/\/noticiasemdestaque.com\/cd\/index.php?rest_route=\/wp\/v2\/types\/post"}],"author":[{"embeddable":true,"href":"https:\/\/noticiasemdestaque.com\/cd\/index.php?rest_route=\/wp\/v2\/users\/2"}],"replies":[{"embeddable":true,"href":"https:\/\/noticiasemdestaque.com\/cd\/index.php?rest_route=%2Fwp%2Fv2%2Fcomments&post=25802"}],"version-history":[{"count":1,"href":"https:\/\/noticiasemdestaque.com\/cd\/index.php?rest_route=\/wp\/v2\/posts\/25802\/revisions"}],"predecessor-version":[{"id":25806,"href":"https:\/\/noticiasemdestaque.com\/cd\/index.php?rest_route=\/wp\/v2\/posts\/25802\/revisions\/25806"}],"wp:featuredmedia":[{"embeddable":true,"href":"https:\/\/noticiasemdestaque.com\/cd\/index.php?rest_route=\/wp\/v2\/media\/25805"}],"wp:attachment":[{"href":"https:\/\/noticiasemdestaque.com\/cd\/index.php?rest_route=%2Fwp%2Fv2%2Fmedia&parent=25802"}],"wp:term":[{"taxonomy":"category","embeddable":true,"href":"https:\/\/noticiasemdestaque.com\/cd\/index.php?rest_route=%2Fwp%2Fv2%2Fcategories&post=25802"},{"taxonomy":"post_tag","embeddable":true,"href":"https:\/\/noticiasemdestaque.com\/cd\/index.php?rest_route=%2Fwp%2Fv2%2Ftags&post=25802"}],"curies":[{"name":"wp","href":"https:\/\/api.w.org\/{rel}","templated":true}]}}