{"id":25786,"date":"2020-07-10T12:00:31","date_gmt":"2020-07-10T15:00:31","guid":{"rendered":"http:\/\/noticiasemdestaque.com\/cd\/?p=25786"},"modified":"2020-07-10T12:00:31","modified_gmt":"2020-07-10T15:00:31","slug":"prefeitura-de-sume-instala-cameras-de-monitoramento-para-ampliar-seguranca-no-municipio","status":"publish","type":"post","link":"https:\/\/noticiasemdestaque.com\/cd\/?p=25786","title":{"rendered":"Prefeitura de Sum\u00e9 instala c\u00e2meras de monitoramento para ampliar seguran\u00e7a no munic\u00edpio"},"content":{"rendered":"<p><a href=\"https:\/\/noticiasemdestaque.com\/cd\/wp-content\/uploads\/2020\/07\/WhatsApp-Image-2020-07-09-at-12.27.07.jpeg\"><img fetchpriority=\"high\" decoding=\"async\" class=\"wp-image-25787 aligncenter\" src=\"https:\/\/noticiasemdestaque.com\/cd\/wp-content\/uploads\/2020\/07\/WhatsApp-Image-2020-07-09-at-12.27.07-895x1024.jpeg\" alt=\"\" width=\"443\" height=\"507\" srcset=\"https:\/\/noticiasemdestaque.com\/cd\/wp-content\/uploads\/2020\/07\/WhatsApp-Image-2020-07-09-at-12.27.07-895x1024.jpeg 895w, https:\/\/noticiasemdestaque.com\/cd\/wp-content\/uploads\/2020\/07\/WhatsApp-Image-2020-07-09-at-12.27.07-262x300.jpeg 262w, https:\/\/noticiasemdestaque.com\/cd\/wp-content\/uploads\/2020\/07\/WhatsApp-Image-2020-07-09-at-12.27.07-768x879.jpeg 768w, https:\/\/noticiasemdestaque.com\/cd\/wp-content\/uploads\/2020\/07\/WhatsApp-Image-2020-07-09-at-12.27.07.jpeg 944w\" sizes=\"(max-width: 443px) 100vw, 443px\" \/><\/a><\/p>\n<p>A Prefeitura de Sum\u00e9 instalou c\u00e2meras de monitoramento em pontos estrat\u00e9gicos da cidade que j\u00e1 est\u00e3o funcionando e o principal objetivo \u00e9 combater qualquer a\u00e7\u00e3o voltada \u00e0 criminalidade.<\/p>\n<p>A sala de v\u00eddeo monitoramento est\u00e1 instalada no Batalh\u00e3o da Pol\u00edcia Militar do munic\u00edpio. As c\u00e2meras s\u00e3o speed dome de alta resolu\u00e7\u00e3o com capacidade de zoom de at\u00e9 30 vezes.<\/p>\n<p><a href=\"https:\/\/noticiasemdestaque.com\/cd\/wp-content\/uploads\/2020\/07\/WhatsApp-Image-2020-07-09-at-12.28.41.jpeg\"><img decoding=\"async\" class=\"wp-image-25789 aligncenter\" src=\"https:\/\/noticiasemdestaque.com\/cd\/wp-content\/uploads\/2020\/07\/WhatsApp-Image-2020-07-09-at-12.28.41-895x1024.jpeg\" alt=\"\" width=\"464\" height=\"531\" srcset=\"https:\/\/noticiasemdestaque.com\/cd\/wp-content\/uploads\/2020\/07\/WhatsApp-Image-2020-07-09-at-12.28.41-895x1024.jpeg 895w, https:\/\/noticiasemdestaque.com\/cd\/wp-content\/uploads\/2020\/07\/WhatsApp-Image-2020-07-09-at-12.28.41-262x300.jpeg 262w, https:\/\/noticiasemdestaque.com\/cd\/wp-content\/uploads\/2020\/07\/WhatsApp-Image-2020-07-09-at-12.28.41-768x879.jpeg 768w, https:\/\/noticiasemdestaque.com\/cd\/wp-content\/uploads\/2020\/07\/WhatsApp-Image-2020-07-09-at-12.28.41.jpeg 944w\" sizes=\"(max-width: 464px) 100vw, 464px\" \/><\/a><\/p>\n<p>A utiliza\u00e7\u00e3o de tecnologia e a moderniza\u00e7\u00e3o de servi\u00e7os p\u00fablicos vem sendo aplicados ao longo da gest\u00e3o do prefeito \u00c9den e no quesito seguran\u00e7a p\u00fablica n\u00e3o poderia ser diferente. Al\u00e9m da parceria com a Pol\u00edcia Militar, agora o munic\u00edpio conta com mais essa ferramenta que ir\u00e1 ajudar no controle e combate \u00e0 criminalidade.<\/p>\n<p>A Prefeitura j\u00e1 trabalha com esse monitoramento eletr\u00f4nico em alguns pr\u00e9dios p\u00fablicos como escolas e hospital, agora est\u00e1 aumentando ainda mais a sensa\u00e7\u00e3o de seguran\u00e7a dos moradores com as novas c\u00e2meras instaladas pela cidade.<\/p>\n<p><em><strong>Not\u00edcias em Destaque<\/strong><\/em><\/p>\n<p>Com Ascom<\/p>\n","protected":false},"excerpt":{"rendered":"<p>A Prefeitura de Sum\u00e9 instalou c\u00e2meras de monitoramento em pontos estrat\u00e9gicos da cidade que j\u00e1 est\u00e3o funcionando e o principal objetivo \u00e9 combater qualquer a\u00e7\u00e3o voltada \u00e0 criminalidade. A sala de v\u00eddeo monitoramento est\u00e1 instalada no Batalh\u00e3o da Pol\u00edcia Militar do munic\u00edpio. As c\u00e2meras s\u00e3o speed dome de alta resolu\u00e7\u00e3o com capacidade de zoom de at\u00e9 30 vezes. A utiliza\u00e7\u00e3o de tecnologia e a moderniza\u00e7\u00e3o de servi\u00e7os p\u00fablicos vem sendo aplicados ao longo da gest\u00e3o do prefeito \u00c9den e no quesito seguran\u00e7a p\u00fablica n\u00e3o poderia ser diferente. Al\u00e9m da parceria com a Pol\u00edcia Militar, agora o munic\u00edpio conta com mais essa ferramenta que ir\u00e1 ajudar no controle e combate \u00e0 criminalidade. A Prefeitura j\u00e1 trabalha com esse monitoramento eletr\u00f4nico em alguns pr\u00e9dios p\u00fablicos como escolas e hospital, agora est\u00e1 aumentando ainda mais a sensa\u00e7\u00e3o de seguran\u00e7a dos moradores com as novas c\u00e2meras instaladas pela cidade. Not\u00edcias em Destaque Com Ascom<\/p>\n","protected":false},"author":2,"featured_media":25787,"comment_status":"closed","ping_status":"open","sticky":false,"template":"","format":"standard","meta":{"_eb_attr":"","_jetpack_memberships_contains_paid_content":false,"footnotes":""},"categories":[3],"tags":[],"class_list":["post-25786","post","type-post","status-publish","format-standard","has-post-thumbnail","hentry","category-cidades"],"yoast_head":"<!-- This site is optimized with the Yoast SEO plugin v26.5 - https:\/\/yoast.com\/wordpress\/plugins\/seo\/ -->\n<title>Prefeitura de Sum\u00e9 instala c\u00e2meras de monitoramento para ampliar seguran\u00e7a no munic\u00edpio - Not&iacute;cias em Destaque<\/title>\n<meta name=\"robots\" content=\"index, follow, max-snippet:-1, max-image-preview:large, max-video-preview:-1\" \/>\n<link rel=\"canonical\" href=\"https:\/\/noticiasemdestaque.com\/cd\/?p=25786\" \/>\n<meta property=\"og:locale\" content=\"pt_BR\" \/>\n<meta property=\"og:type\" content=\"article\" \/>\n<meta property=\"og:title\" content=\"Prefeitura de Sum\u00e9 instala c\u00e2meras de monitoramento para ampliar seguran\u00e7a no munic\u00edpio - Not&iacute;cias em Destaque\" \/>\n<meta property=\"og:description\" content=\"A Prefeitura de Sum\u00e9 instalou c\u00e2meras de monitoramento em pontos estrat\u00e9gicos da cidade que j\u00e1 est\u00e3o funcionando e o principal objetivo \u00e9 combater qualquer a\u00e7\u00e3o voltada \u00e0 criminalidade. A sala de v\u00eddeo monitoramento est\u00e1 instalada no Batalh\u00e3o da Pol\u00edcia Militar do munic\u00edpio. As c\u00e2meras s\u00e3o speed dome de alta resolu\u00e7\u00e3o com capacidade de zoom de at\u00e9 30 vezes. A utiliza\u00e7\u00e3o de tecnologia e a moderniza\u00e7\u00e3o de servi\u00e7os p\u00fablicos vem sendo aplicados ao longo da gest\u00e3o do prefeito \u00c9den e no quesito seguran\u00e7a p\u00fablica n\u00e3o poderia ser diferente. Al\u00e9m da parceria com a Pol\u00edcia Militar, agora o munic\u00edpio conta com mais essa ferramenta que ir\u00e1 ajudar no controle e combate \u00e0 criminalidade. A Prefeitura j\u00e1 trabalha com esse monitoramento eletr\u00f4nico em alguns pr\u00e9dios p\u00fablicos como escolas e hospital, agora est\u00e1 aumentando ainda mais a sensa\u00e7\u00e3o de seguran\u00e7a dos moradores com as novas c\u00e2meras instaladas pela cidade. Not\u00edcias em Destaque Com Ascom\" \/>\n<meta property=\"og:url\" content=\"https:\/\/noticiasemdestaque.com\/cd\/?p=25786\" \/>\n<meta property=\"og:site_name\" content=\"Not&iacute;cias em Destaque\" \/>\n<meta property=\"article:published_time\" content=\"2020-07-10T15:00:31+00:00\" \/>\n<meta property=\"og:image\" content=\"https:\/\/noticiasemdestaque.com\/cd\/wp-content\/uploads\/2020\/07\/WhatsApp-Image-2020-07-09-at-12.27.07.jpeg\" \/>\n\t<meta property=\"og:image:width\" content=\"944\" \/>\n\t<meta property=\"og:image:height\" content=\"1080\" \/>\n\t<meta property=\"og:image:type\" content=\"image\/jpeg\" \/>\n<meta name=\"author\" content=\"Not\u00edcias em Destaque\" \/>\n<meta name=\"twitter:card\" content=\"summary_large_image\" \/>\n<meta name=\"twitter:label1\" content=\"Escrito por\" \/>\n\t<meta name=\"twitter:data1\" content=\"Not\u00edcias em Destaque\" \/>\n\t<meta name=\"twitter:label2\" content=\"Est. tempo de leitura\" \/>\n\t<meta name=\"twitter:data2\" content=\"1 minuto\" \/>\n<script type=\"application\/ld+json\" class=\"yoast-schema-graph\">{\"@context\":\"https:\/\/schema.org\",\"@graph\":[{\"@type\":\"Article\",\"@id\":\"https:\/\/noticiasemdestaque.com\/cd\/?p=25786#article\",\"isPartOf\":{\"@id\":\"https:\/\/noticiasemdestaque.com\/cd\/?p=25786\"},\"author\":{\"name\":\"Not\u00edcias em Destaque\",\"@id\":\"https:\/\/noticiasemdestaque.com\/cd\/#\/schema\/person\/967a459378479d4fa07976fedd8a7b5e\"},\"headline\":\"Prefeitura de Sum\u00e9 instala c\u00e2meras de monitoramento para ampliar seguran\u00e7a no munic\u00edpio\",\"datePublished\":\"2020-07-10T15:00:31+00:00\",\"mainEntityOfPage\":{\"@id\":\"https:\/\/noticiasemdestaque.com\/cd\/?p=25786\"},\"wordCount\":190,\"publisher\":{\"@id\":\"https:\/\/noticiasemdestaque.com\/cd\/#organization\"},\"image\":{\"@id\":\"https:\/\/noticiasemdestaque.com\/cd\/?p=25786#primaryimage\"},\"thumbnailUrl\":\"https:\/\/noticiasemdestaque.com\/cd\/wp-content\/uploads\/2020\/07\/WhatsApp-Image-2020-07-09-at-12.27.07.jpeg\",\"articleSection\":[\"Cidades\"],\"inLanguage\":\"pt-BR\"},{\"@type\":\"WebPage\",\"@id\":\"https:\/\/noticiasemdestaque.com\/cd\/?p=25786\",\"url\":\"https:\/\/noticiasemdestaque.com\/cd\/?p=25786\",\"name\":\"Prefeitura de Sum\u00e9 instala c\u00e2meras de monitoramento para ampliar seguran\u00e7a no munic\u00edpio - Not&iacute;cias em Destaque\",\"isPartOf\":{\"@id\":\"https:\/\/noticiasemdestaque.com\/cd\/#website\"},\"primaryImageOfPage\":{\"@id\":\"https:\/\/noticiasemdestaque.com\/cd\/?p=25786#primaryimage\"},\"image\":{\"@id\":\"https:\/\/noticiasemdestaque.com\/cd\/?p=25786#primaryimage\"},\"thumbnailUrl\":\"https:\/\/noticiasemdestaque.com\/cd\/wp-content\/uploads\/2020\/07\/WhatsApp-Image-2020-07-09-at-12.27.07.jpeg\",\"datePublished\":\"2020-07-10T15:00:31+00:00\",\"breadcrumb\":{\"@id\":\"https:\/\/noticiasemdestaque.com\/cd\/?p=25786#breadcrumb\"},\"inLanguage\":\"pt-BR\",\"potentialAction\":[{\"@type\":\"ReadAction\",\"target\":[\"https:\/\/noticiasemdestaque.com\/cd\/?p=25786\"]}]},{\"@type\":\"ImageObject\",\"inLanguage\":\"pt-BR\",\"@id\":\"https:\/\/noticiasemdestaque.com\/cd\/?p=25786#primaryimage\",\"url\":\"https:\/\/noticiasemdestaque.com\/cd\/wp-content\/uploads\/2020\/07\/WhatsApp-Image-2020-07-09-at-12.27.07.jpeg\",\"contentUrl\":\"https:\/\/noticiasemdestaque.com\/cd\/wp-content\/uploads\/2020\/07\/WhatsApp-Image-2020-07-09-at-12.27.07.jpeg\",\"width\":944,\"height\":1080},{\"@type\":\"BreadcrumbList\",\"@id\":\"https:\/\/noticiasemdestaque.com\/cd\/?p=25786#breadcrumb\",\"itemListElement\":[{\"@type\":\"ListItem\",\"position\":1,\"name\":\"In\u00edcio\",\"item\":\"https:\/\/noticiasemdestaque.com\/cd\/\"},{\"@type\":\"ListItem\",\"position\":2,\"name\":\"Prefeitura de Sum\u00e9 instala c\u00e2meras de monitoramento para ampliar seguran\u00e7a no munic\u00edpio\"}]},{\"@type\":\"WebSite\",\"@id\":\"https:\/\/noticiasemdestaque.com\/cd\/#website\",\"url\":\"https:\/\/noticiasemdestaque.com\/cd\/\",\"name\":\"Not&iacute;cias em Destaque\",\"description\":\"\",\"publisher\":{\"@id\":\"https:\/\/noticiasemdestaque.com\/cd\/#organization\"},\"potentialAction\":[{\"@type\":\"SearchAction\",\"target\":{\"@type\":\"EntryPoint\",\"urlTemplate\":\"https:\/\/noticiasemdestaque.com\/cd\/?s={search_term_string}\"},\"query-input\":{\"@type\":\"PropertyValueSpecification\",\"valueRequired\":true,\"valueName\":\"search_term_string\"}}],\"inLanguage\":\"pt-BR\"},{\"@type\":\"Organization\",\"@id\":\"https:\/\/noticiasemdestaque.com\/cd\/#organization\",\"name\":\"Not\u00edcias em Destaque\",\"url\":\"https:\/\/noticiasemdestaque.com\/cd\/\",\"logo\":{\"@type\":\"ImageObject\",\"inLanguage\":\"pt-BR\",\"@id\":\"https:\/\/noticiasemdestaque.com\/cd\/#\/schema\/logo\/image\/\",\"url\":\"https:\/\/noticiasemdestaque.com\/cd\/wp-content\/uploads\/2022\/05\/imagem-base-noticiasemdestaque.png\",\"contentUrl\":\"https:\/\/noticiasemdestaque.com\/cd\/wp-content\/uploads\/2022\/05\/imagem-base-noticiasemdestaque.png\",\"width\":1200,\"height\":630,\"caption\":\"Not\u00edcias em Destaque\"},\"image\":{\"@id\":\"https:\/\/noticiasemdestaque.com\/cd\/#\/schema\/logo\/image\/\"}},{\"@type\":\"Person\",\"@id\":\"https:\/\/noticiasemdestaque.com\/cd\/#\/schema\/person\/967a459378479d4fa07976fedd8a7b5e\",\"name\":\"Not\u00edcias em Destaque\",\"url\":\"https:\/\/noticiasemdestaque.com\/cd\/?author=2\"}]}<\/script>\n<!-- \/ Yoast SEO plugin. -->","yoast_head_json":{"title":"Prefeitura de Sum\u00e9 instala c\u00e2meras de monitoramento para ampliar seguran\u00e7a no munic\u00edpio - Not&iacute;cias em Destaque","robots":{"index":"index","follow":"follow","max-snippet":"max-snippet:-1","max-image-preview":"max-image-preview:large","max-video-preview":"max-video-preview:-1"},"canonical":"https:\/\/noticiasemdestaque.com\/cd\/?p=25786","og_locale":"pt_BR","og_type":"article","og_title":"Prefeitura de Sum\u00e9 instala c\u00e2meras de monitoramento para ampliar seguran\u00e7a no munic\u00edpio - Not&iacute;cias em Destaque","og_description":"A Prefeitura de Sum\u00e9 instalou c\u00e2meras de monitoramento em pontos estrat\u00e9gicos da cidade que j\u00e1 est\u00e3o funcionando e o principal objetivo \u00e9 combater qualquer a\u00e7\u00e3o voltada \u00e0 criminalidade. A sala de v\u00eddeo monitoramento est\u00e1 instalada no Batalh\u00e3o da Pol\u00edcia Militar do munic\u00edpio. As c\u00e2meras s\u00e3o speed dome de alta resolu\u00e7\u00e3o com capacidade de zoom de at\u00e9 30 vezes. A utiliza\u00e7\u00e3o de tecnologia e a moderniza\u00e7\u00e3o de servi\u00e7os p\u00fablicos vem sendo aplicados ao longo da gest\u00e3o do prefeito \u00c9den e no quesito seguran\u00e7a p\u00fablica n\u00e3o poderia ser diferente. Al\u00e9m da parceria com a Pol\u00edcia Militar, agora o munic\u00edpio conta com mais essa ferramenta que ir\u00e1 ajudar no controle e combate \u00e0 criminalidade. A Prefeitura j\u00e1 trabalha com esse monitoramento eletr\u00f4nico em alguns pr\u00e9dios p\u00fablicos como escolas e hospital, agora est\u00e1 aumentando ainda mais a sensa\u00e7\u00e3o de seguran\u00e7a dos moradores com as novas c\u00e2meras instaladas pela cidade. Not\u00edcias em Destaque Com Ascom","og_url":"https:\/\/noticiasemdestaque.com\/cd\/?p=25786","og_site_name":"Not&iacute;cias em Destaque","article_published_time":"2020-07-10T15:00:31+00:00","og_image":[{"width":944,"height":1080,"url":"https:\/\/noticiasemdestaque.com\/cd\/wp-content\/uploads\/2020\/07\/WhatsApp-Image-2020-07-09-at-12.27.07.jpeg","type":"image\/jpeg"}],"author":"Not\u00edcias em Destaque","twitter_card":"summary_large_image","twitter_misc":{"Escrito por":"Not\u00edcias em Destaque","Est. tempo de leitura":"1 minuto"},"schema":{"@context":"https:\/\/schema.org","@graph":[{"@type":"Article","@id":"https:\/\/noticiasemdestaque.com\/cd\/?p=25786#article","isPartOf":{"@id":"https:\/\/noticiasemdestaque.com\/cd\/?p=25786"},"author":{"name":"Not\u00edcias em Destaque","@id":"https:\/\/noticiasemdestaque.com\/cd\/#\/schema\/person\/967a459378479d4fa07976fedd8a7b5e"},"headline":"Prefeitura de Sum\u00e9 instala c\u00e2meras de monitoramento para ampliar seguran\u00e7a no munic\u00edpio","datePublished":"2020-07-10T15:00:31+00:00","mainEntityOfPage":{"@id":"https:\/\/noticiasemdestaque.com\/cd\/?p=25786"},"wordCount":190,"publisher":{"@id":"https:\/\/noticiasemdestaque.com\/cd\/#organization"},"image":{"@id":"https:\/\/noticiasemdestaque.com\/cd\/?p=25786#primaryimage"},"thumbnailUrl":"https:\/\/noticiasemdestaque.com\/cd\/wp-content\/uploads\/2020\/07\/WhatsApp-Image-2020-07-09-at-12.27.07.jpeg","articleSection":["Cidades"],"inLanguage":"pt-BR"},{"@type":"WebPage","@id":"https:\/\/noticiasemdestaque.com\/cd\/?p=25786","url":"https:\/\/noticiasemdestaque.com\/cd\/?p=25786","name":"Prefeitura de Sum\u00e9 instala c\u00e2meras de monitoramento para ampliar seguran\u00e7a no munic\u00edpio - Not&iacute;cias em Destaque","isPartOf":{"@id":"https:\/\/noticiasemdestaque.com\/cd\/#website"},"primaryImageOfPage":{"@id":"https:\/\/noticiasemdestaque.com\/cd\/?p=25786#primaryimage"},"image":{"@id":"https:\/\/noticiasemdestaque.com\/cd\/?p=25786#primaryimage"},"thumbnailUrl":"https:\/\/noticiasemdestaque.com\/cd\/wp-content\/uploads\/2020\/07\/WhatsApp-Image-2020-07-09-at-12.27.07.jpeg","datePublished":"2020-07-10T15:00:31+00:00","breadcrumb":{"@id":"https:\/\/noticiasemdestaque.com\/cd\/?p=25786#breadcrumb"},"inLanguage":"pt-BR","potentialAction":[{"@type":"ReadAction","target":["https:\/\/noticiasemdestaque.com\/cd\/?p=25786"]}]},{"@type":"ImageObject","inLanguage":"pt-BR","@id":"https:\/\/noticiasemdestaque.com\/cd\/?p=25786#primaryimage","url":"https:\/\/noticiasemdestaque.com\/cd\/wp-content\/uploads\/2020\/07\/WhatsApp-Image-2020-07-09-at-12.27.07.jpeg","contentUrl":"https:\/\/noticiasemdestaque.com\/cd\/wp-content\/uploads\/2020\/07\/WhatsApp-Image-2020-07-09-at-12.27.07.jpeg","width":944,"height":1080},{"@type":"BreadcrumbList","@id":"https:\/\/noticiasemdestaque.com\/cd\/?p=25786#breadcrumb","itemListElement":[{"@type":"ListItem","position":1,"name":"In\u00edcio","item":"https:\/\/noticiasemdestaque.com\/cd\/"},{"@type":"ListItem","position":2,"name":"Prefeitura de Sum\u00e9 instala c\u00e2meras de monitoramento para ampliar seguran\u00e7a no munic\u00edpio"}]},{"@type":"WebSite","@id":"https:\/\/noticiasemdestaque.com\/cd\/#website","url":"https:\/\/noticiasemdestaque.com\/cd\/","name":"Not&iacute;cias em Destaque","description":"","publisher":{"@id":"https:\/\/noticiasemdestaque.com\/cd\/#organization"},"potentialAction":[{"@type":"SearchAction","target":{"@type":"EntryPoint","urlTemplate":"https:\/\/noticiasemdestaque.com\/cd\/?s={search_term_string}"},"query-input":{"@type":"PropertyValueSpecification","valueRequired":true,"valueName":"search_term_string"}}],"inLanguage":"pt-BR"},{"@type":"Organization","@id":"https:\/\/noticiasemdestaque.com\/cd\/#organization","name":"Not\u00edcias em Destaque","url":"https:\/\/noticiasemdestaque.com\/cd\/","logo":{"@type":"ImageObject","inLanguage":"pt-BR","@id":"https:\/\/noticiasemdestaque.com\/cd\/#\/schema\/logo\/image\/","url":"https:\/\/noticiasemdestaque.com\/cd\/wp-content\/uploads\/2022\/05\/imagem-base-noticiasemdestaque.png","contentUrl":"https:\/\/noticiasemdestaque.com\/cd\/wp-content\/uploads\/2022\/05\/imagem-base-noticiasemdestaque.png","width":1200,"height":630,"caption":"Not\u00edcias em Destaque"},"image":{"@id":"https:\/\/noticiasemdestaque.com\/cd\/#\/schema\/logo\/image\/"}},{"@type":"Person","@id":"https:\/\/noticiasemdestaque.com\/cd\/#\/schema\/person\/967a459378479d4fa07976fedd8a7b5e","name":"Not\u00edcias em Destaque","url":"https:\/\/noticiasemdestaque.com\/cd\/?author=2"}]}},"jetpack_featured_media_url":"https:\/\/noticiasemdestaque.com\/cd\/wp-content\/uploads\/2020\/07\/WhatsApp-Image-2020-07-09-at-12.27.07.jpeg","jetpack_sharing_enabled":true,"_links":{"self":[{"href":"https:\/\/noticiasemdestaque.com\/cd\/index.php?rest_route=\/wp\/v2\/posts\/25786","targetHints":{"allow":["GET"]}}],"collection":[{"href":"https:\/\/noticiasemdestaque.com\/cd\/index.php?rest_route=\/wp\/v2\/posts"}],"about":[{"href":"https:\/\/noticiasemdestaque.com\/cd\/index.php?rest_route=\/wp\/v2\/types\/post"}],"author":[{"embeddable":true,"href":"https:\/\/noticiasemdestaque.com\/cd\/index.php?rest_route=\/wp\/v2\/users\/2"}],"replies":[{"embeddable":true,"href":"https:\/\/noticiasemdestaque.com\/cd\/index.php?rest_route=%2Fwp%2Fv2%2Fcomments&post=25786"}],"version-history":[{"count":1,"href":"https:\/\/noticiasemdestaque.com\/cd\/index.php?rest_route=\/wp\/v2\/posts\/25786\/revisions"}],"predecessor-version":[{"id":25790,"href":"https:\/\/noticiasemdestaque.com\/cd\/index.php?rest_route=\/wp\/v2\/posts\/25786\/revisions\/25790"}],"wp:featuredmedia":[{"embeddable":true,"href":"https:\/\/noticiasemdestaque.com\/cd\/index.php?rest_route=\/wp\/v2\/media\/25787"}],"wp:attachment":[{"href":"https:\/\/noticiasemdestaque.com\/cd\/index.php?rest_route=%2Fwp%2Fv2%2Fmedia&parent=25786"}],"wp:term":[{"taxonomy":"category","embeddable":true,"href":"https:\/\/noticiasemdestaque.com\/cd\/index.php?rest_route=%2Fwp%2Fv2%2Fcategories&post=25786"},{"taxonomy":"post_tag","embeddable":true,"href":"https:\/\/noticiasemdestaque.com\/cd\/index.php?rest_route=%2Fwp%2Fv2%2Ftags&post=25786"}],"curies":[{"name":"wp","href":"https:\/\/api.w.org\/{rel}","templated":true}]}}