{"id":25781,"date":"2020-07-10T06:28:31","date_gmt":"2020-07-10T09:28:31","guid":{"rendered":"http:\/\/noticiasemdestaque.com\/cd\/?p=25781"},"modified":"2020-07-10T06:28:31","modified_gmt":"2020-07-10T09:28:31","slug":"acoes-humanitarias-no-amparo-de-familias-no-enfrentamento-a-pandemia","status":"publish","type":"post","link":"https:\/\/noticiasemdestaque.com\/cd\/?p=25781","title":{"rendered":"A\u00e7\u00f5es humanit\u00e1rias no amparo de fam\u00edlias no enfrentamento a pandemia"},"content":{"rendered":"<p><a href=\"https:\/\/noticiasemdestaque.com\/cd\/wp-content\/uploads\/2020\/07\/Familias-assistidas-com-a-sua-doacao-atraves-da-LBV.jpeg\"><img fetchpriority=\"high\" decoding=\"async\" class=\"wp-image-25782 aligncenter\" src=\"https:\/\/noticiasemdestaque.com\/cd\/wp-content\/uploads\/2020\/07\/Familias-assistidas-com-a-sua-doacao-atraves-da-LBV-1024x576.jpeg\" alt=\"\" width=\"503\" height=\"283\" srcset=\"https:\/\/noticiasemdestaque.com\/cd\/wp-content\/uploads\/2020\/07\/Familias-assistidas-com-a-sua-doacao-atraves-da-LBV-1024x576.jpeg 1024w, https:\/\/noticiasemdestaque.com\/cd\/wp-content\/uploads\/2020\/07\/Familias-assistidas-com-a-sua-doacao-atraves-da-LBV-300x169.jpeg 300w, https:\/\/noticiasemdestaque.com\/cd\/wp-content\/uploads\/2020\/07\/Familias-assistidas-com-a-sua-doacao-atraves-da-LBV-768x432.jpeg 768w, https:\/\/noticiasemdestaque.com\/cd\/wp-content\/uploads\/2020\/07\/Familias-assistidas-com-a-sua-doacao-atraves-da-LBV.jpeg 1280w\" sizes=\"(max-width: 503px) 100vw, 503px\" \/><\/a><\/p>\n<p style=\"font-weight: 400;\">De acordo com pesquisa realizada pela Data Favela\/Instituto Locomotiva, o novo coronav\u00edrus alterou a vida de 97% das 13,6 milh\u00f5es de pessoas que moram em comunidades em todo o Brasil \u2014 e sete em cada dez fam\u00edlias sentiram seus efeitos na renda do lar. O estudo revela que 47% dos entrevistados trabalham por conta pr\u00f3pria ou s\u00e3o profissionais liberais, 10% est\u00e3o desempregados e 8% vivem em pequenos servi\u00e7os sem carteira assinada. Estima-se ainda que 86% desses moradores t\u00eam problemas para comprar comida e outros itens b\u00e1sicos de sobreviv\u00eancia nesse per\u00edodo de pandemia.<\/p>\n<p style=\"font-weight: 400;\">Para amenizar os efeitos da crise causada pela Covid-19 na vida das fam\u00edlias mais vulner\u00e1veis e em risco alimentar, a Legi\u00e3o da Boa Vontade (LBV), ao lado de outros importantes atores sociais, vem promovendo intensa mobiliza\u00e7\u00e3o a fim de garantir\u00a0<strong>cestas de alimentos n\u00e3o perec\u00edveis e\u00a0<em>kits<\/em>\u00a0de limpeza e higiene, al\u00e9m de levar informa\u00e7\u00f5es acerca da Covid-19 a<\/strong>\u00a0fam\u00edlias atendidas em suas escolas, Centros Comunit\u00e1rios de Assist\u00eancia Social e Abrigos para Idosos.<\/p>\n<p style=\"font-weight: 400;\">No Estado, a LBV, est\u00e1 amparando mais de\u00a0<strong>1 mil fam\u00edlias<\/strong>\u00a0de Alagoa Grande, Campina Grande, Dona In\u00eas e Jo\u00e3o Pessoa, para que n\u00e3o passem fome e se previnam da Covid-19.<\/p>\n<p style=\"font-weight: 400;\">A a\u00e7\u00e3o emergencial da LBV j\u00e1 entregou\u00a0<strong>554 toneladas de doa\u00e7\u00f5es<\/strong><strong>\u00a0<\/strong>beneficiando milhares de fam\u00edlias e impactando\u00a0<strong>mais de 46.500 mil pessoas em 108 cidades<\/strong>\u00a0<strong>nas cinco regi\u00f5es do pa\u00eds<\/strong>, de forma organizada e seguindo todas as recomenda\u00e7\u00f5es das autoridades sanit\u00e1rias para evitar o cont\u00e1gio pelo v\u00edrus.<\/p>\n<p style=\"font-weight: 400;\">Para que mais fam\u00edlias de Norte a Sul do pa\u00eds sejam amparadas, a Solidariedade n\u00e3o pode parar. Por isso,\u00a0<strong>quando a LBV chamar, atenda com o cora\u00e7\u00e3o: Diga Sim!<\/strong>\u00a0Ou acesse o\u00a0<em>site<\/em>\u00a0<a href=\"http:\/\/www.lbv.org\/\" data-saferedirecturl=\"https:\/\/www.google.com\/url?q=http:\/\/www.lbv.org&amp;source=gmail&amp;ust=1594459295029000&amp;usg=AFQjCNEjVNN6SNQVYoCJlh5iRfhwD8_Smw\">www.lbv.org<\/a>\u00a0e fa\u00e7a a sua doa\u00e7\u00e3o. Confira pelo endere\u00e7o\u00a0<strong>@LBV Brasil<\/strong>\u00a0no\u00a0<strong>Facebook\u00a0<\/strong>e no\u00a0<strong>Instagram<\/strong>\u00a0as a\u00e7\u00f5es realizadas pela Legi\u00e3o da Boa Vontade.<\/p>\n<p><em><strong>Not\u00edcias em Destaque<\/strong><\/em><\/p>\n<p>Com Ascom LBV<\/p>\n","protected":false},"excerpt":{"rendered":"<p>De acordo com pesquisa realizada pela Data Favela\/Instituto Locomotiva, o novo coronav\u00edrus alterou a vida de 97% das 13,6 milh\u00f5es de pessoas que moram em comunidades em todo o Brasil \u2014 e sete em cada dez fam\u00edlias sentiram seus efeitos na renda do lar. O estudo revela que 47% dos entrevistados trabalham por conta pr\u00f3pria ou s\u00e3o profissionais liberais, 10% est\u00e3o desempregados e 8% vivem em pequenos servi\u00e7os sem carteira assinada. Estima-se ainda que 86% desses moradores t\u00eam problemas para comprar comida e outros itens b\u00e1sicos de sobreviv\u00eancia nesse per\u00edodo de pandemia. Para amenizar os efeitos da crise causada pela Covid-19 na vida das fam\u00edlias mais vulner\u00e1veis e em risco alimentar, a Legi\u00e3o da Boa Vontade (LBV), ao lado de outros importantes atores sociais, vem promovendo intensa mobiliza\u00e7\u00e3o a fim de garantir\u00a0cestas de alimentos n\u00e3o perec\u00edveis e\u00a0kits\u00a0de limpeza e higiene, al\u00e9m de levar informa\u00e7\u00f5es acerca da Covid-19 a\u00a0fam\u00edlias atendidas em suas escolas, Centros Comunit\u00e1rios de Assist\u00eancia Social e Abrigos para Idosos. No Estado, a LBV, est\u00e1 amparando mais de\u00a01 mil fam\u00edlias\u00a0de Alagoa Grande, Campina Grande, Dona In\u00eas e Jo\u00e3o Pessoa, para que n\u00e3o passem fome e se previnam da Covid-19. A a\u00e7\u00e3o emergencial da LBV j\u00e1 entregou\u00a0554 toneladas de doa\u00e7\u00f5es\u00a0beneficiando milhares de fam\u00edlias e impactando\u00a0mais de 46.500 mil pessoas em 108 cidades\u00a0nas cinco regi\u00f5es do pa\u00eds, de forma organizada e seguindo todas as recomenda\u00e7\u00f5es das autoridades sanit\u00e1rias para evitar o cont\u00e1gio pelo v\u00edrus. Para que mais fam\u00edlias de Norte a Sul do pa\u00eds sejam amparadas, a Solidariedade n\u00e3o pode parar. Por isso,\u00a0quando a LBV chamar, atenda com o cora\u00e7\u00e3o: Diga Sim!\u00a0Ou acesse o\u00a0site\u00a0www.lbv.org\u00a0e fa\u00e7a a sua doa\u00e7\u00e3o. Confira pelo endere\u00e7o\u00a0@LBV Brasil\u00a0no\u00a0Facebook\u00a0e no\u00a0Instagram\u00a0as a\u00e7\u00f5es realizadas pela Legi\u00e3o da Boa Vontade. Not\u00edcias em Destaque Com Ascom LBV<\/p>\n","protected":false},"author":2,"featured_media":25782,"comment_status":"closed","ping_status":"open","sticky":false,"template":"","format":"standard","meta":{"_eb_attr":"","_jetpack_memberships_contains_paid_content":false,"footnotes":""},"categories":[12],"tags":[],"class_list":["post-25781","post","type-post","status-publish","format-standard","has-post-thumbnail","hentry","category-geral"],"yoast_head":"<!-- This site is optimized with the Yoast SEO plugin v26.5 - https:\/\/yoast.com\/wordpress\/plugins\/seo\/ -->\n<title>A\u00e7\u00f5es humanit\u00e1rias no amparo de fam\u00edlias no enfrentamento a pandemia - Not&iacute;cias em Destaque<\/title>\n<meta name=\"robots\" content=\"index, follow, max-snippet:-1, max-image-preview:large, max-video-preview:-1\" \/>\n<link rel=\"canonical\" href=\"https:\/\/noticiasemdestaque.com\/cd\/?p=25781\" \/>\n<meta property=\"og:locale\" content=\"pt_BR\" \/>\n<meta property=\"og:type\" content=\"article\" \/>\n<meta property=\"og:title\" content=\"A\u00e7\u00f5es humanit\u00e1rias no amparo de fam\u00edlias no enfrentamento a pandemia - Not&iacute;cias em Destaque\" \/>\n<meta property=\"og:description\" content=\"De acordo com pesquisa realizada pela Data Favela\/Instituto Locomotiva, o novo coronav\u00edrus alterou a vida de 97% das 13,6 milh\u00f5es de pessoas que moram em comunidades em todo o Brasil \u2014 e sete em cada dez fam\u00edlias sentiram seus efeitos na renda do lar. O estudo revela que 47% dos entrevistados trabalham por conta pr\u00f3pria ou s\u00e3o profissionais liberais, 10% est\u00e3o desempregados e 8% vivem em pequenos servi\u00e7os sem carteira assinada. Estima-se ainda que 86% desses moradores t\u00eam problemas para comprar comida e outros itens b\u00e1sicos de sobreviv\u00eancia nesse per\u00edodo de pandemia. Para amenizar os efeitos da crise causada pela Covid-19 na vida das fam\u00edlias mais vulner\u00e1veis e em risco alimentar, a Legi\u00e3o da Boa Vontade (LBV), ao lado de outros importantes atores sociais, vem promovendo intensa mobiliza\u00e7\u00e3o a fim de garantir\u00a0cestas de alimentos n\u00e3o perec\u00edveis e\u00a0kits\u00a0de limpeza e higiene, al\u00e9m de levar informa\u00e7\u00f5es acerca da Covid-19 a\u00a0fam\u00edlias atendidas em suas escolas, Centros Comunit\u00e1rios de Assist\u00eancia Social e Abrigos para Idosos. No Estado, a LBV, est\u00e1 amparando mais de\u00a01 mil fam\u00edlias\u00a0de Alagoa Grande, Campina Grande, Dona In\u00eas e Jo\u00e3o Pessoa, para que n\u00e3o passem fome e se previnam da Covid-19. A a\u00e7\u00e3o emergencial da LBV j\u00e1 entregou\u00a0554 toneladas de doa\u00e7\u00f5es\u00a0beneficiando milhares de fam\u00edlias e impactando\u00a0mais de 46.500 mil pessoas em 108 cidades\u00a0nas cinco regi\u00f5es do pa\u00eds, de forma organizada e seguindo todas as recomenda\u00e7\u00f5es das autoridades sanit\u00e1rias para evitar o cont\u00e1gio pelo v\u00edrus. Para que mais fam\u00edlias de Norte a Sul do pa\u00eds sejam amparadas, a Solidariedade n\u00e3o pode parar. Por isso,\u00a0quando a LBV chamar, atenda com o cora\u00e7\u00e3o: Diga Sim!\u00a0Ou acesse o\u00a0site\u00a0www.lbv.org\u00a0e fa\u00e7a a sua doa\u00e7\u00e3o. Confira pelo endere\u00e7o\u00a0@LBV Brasil\u00a0no\u00a0Facebook\u00a0e no\u00a0Instagram\u00a0as a\u00e7\u00f5es realizadas pela Legi\u00e3o da Boa Vontade. Not\u00edcias em Destaque Com Ascom LBV\" \/>\n<meta property=\"og:url\" content=\"https:\/\/noticiasemdestaque.com\/cd\/?p=25781\" \/>\n<meta property=\"og:site_name\" content=\"Not&iacute;cias em Destaque\" \/>\n<meta property=\"article:published_time\" content=\"2020-07-10T09:28:31+00:00\" \/>\n<meta property=\"og:image\" content=\"https:\/\/noticiasemdestaque.com\/cd\/wp-content\/uploads\/2020\/07\/Familias-assistidas-com-a-sua-doacao-atraves-da-LBV.jpeg\" \/>\n\t<meta property=\"og:image:width\" content=\"1280\" \/>\n\t<meta property=\"og:image:height\" content=\"720\" \/>\n\t<meta property=\"og:image:type\" content=\"image\/jpeg\" \/>\n<meta name=\"author\" content=\"Not\u00edcias em Destaque\" \/>\n<meta name=\"twitter:card\" content=\"summary_large_image\" \/>\n<meta name=\"twitter:label1\" content=\"Escrito por\" \/>\n\t<meta name=\"twitter:data1\" content=\"Not\u00edcias em Destaque\" \/>\n\t<meta name=\"twitter:label2\" content=\"Est. tempo de leitura\" \/>\n\t<meta name=\"twitter:data2\" content=\"2 minutos\" \/>\n<script type=\"application\/ld+json\" class=\"yoast-schema-graph\">{\"@context\":\"https:\/\/schema.org\",\"@graph\":[{\"@type\":\"Article\",\"@id\":\"https:\/\/noticiasemdestaque.com\/cd\/?p=25781#article\",\"isPartOf\":{\"@id\":\"https:\/\/noticiasemdestaque.com\/cd\/?p=25781\"},\"author\":{\"name\":\"Not\u00edcias em Destaque\",\"@id\":\"https:\/\/noticiasemdestaque.com\/cd\/#\/schema\/person\/967a459378479d4fa07976fedd8a7b5e\"},\"headline\":\"A\u00e7\u00f5es humanit\u00e1rias no amparo de fam\u00edlias no enfrentamento a pandemia\",\"datePublished\":\"2020-07-10T09:28:31+00:00\",\"mainEntityOfPage\":{\"@id\":\"https:\/\/noticiasemdestaque.com\/cd\/?p=25781\"},\"wordCount\":356,\"publisher\":{\"@id\":\"https:\/\/noticiasemdestaque.com\/cd\/#organization\"},\"image\":{\"@id\":\"https:\/\/noticiasemdestaque.com\/cd\/?p=25781#primaryimage\"},\"thumbnailUrl\":\"https:\/\/noticiasemdestaque.com\/cd\/wp-content\/uploads\/2020\/07\/Familias-assistidas-com-a-sua-doacao-atraves-da-LBV.jpeg\",\"articleSection\":[\"Geral\"],\"inLanguage\":\"pt-BR\"},{\"@type\":\"WebPage\",\"@id\":\"https:\/\/noticiasemdestaque.com\/cd\/?p=25781\",\"url\":\"https:\/\/noticiasemdestaque.com\/cd\/?p=25781\",\"name\":\"A\u00e7\u00f5es humanit\u00e1rias no amparo de fam\u00edlias no enfrentamento a pandemia - Not&iacute;cias em Destaque\",\"isPartOf\":{\"@id\":\"https:\/\/noticiasemdestaque.com\/cd\/#website\"},\"primaryImageOfPage\":{\"@id\":\"https:\/\/noticiasemdestaque.com\/cd\/?p=25781#primaryimage\"},\"image\":{\"@id\":\"https:\/\/noticiasemdestaque.com\/cd\/?p=25781#primaryimage\"},\"thumbnailUrl\":\"https:\/\/noticiasemdestaque.com\/cd\/wp-content\/uploads\/2020\/07\/Familias-assistidas-com-a-sua-doacao-atraves-da-LBV.jpeg\",\"datePublished\":\"2020-07-10T09:28:31+00:00\",\"breadcrumb\":{\"@id\":\"https:\/\/noticiasemdestaque.com\/cd\/?p=25781#breadcrumb\"},\"inLanguage\":\"pt-BR\",\"potentialAction\":[{\"@type\":\"ReadAction\",\"target\":[\"https:\/\/noticiasemdestaque.com\/cd\/?p=25781\"]}]},{\"@type\":\"ImageObject\",\"inLanguage\":\"pt-BR\",\"@id\":\"https:\/\/noticiasemdestaque.com\/cd\/?p=25781#primaryimage\",\"url\":\"https:\/\/noticiasemdestaque.com\/cd\/wp-content\/uploads\/2020\/07\/Familias-assistidas-com-a-sua-doacao-atraves-da-LBV.jpeg\",\"contentUrl\":\"https:\/\/noticiasemdestaque.com\/cd\/wp-content\/uploads\/2020\/07\/Familias-assistidas-com-a-sua-doacao-atraves-da-LBV.jpeg\",\"width\":1280,\"height\":720},{\"@type\":\"BreadcrumbList\",\"@id\":\"https:\/\/noticiasemdestaque.com\/cd\/?p=25781#breadcrumb\",\"itemListElement\":[{\"@type\":\"ListItem\",\"position\":1,\"name\":\"In\u00edcio\",\"item\":\"https:\/\/noticiasemdestaque.com\/cd\/\"},{\"@type\":\"ListItem\",\"position\":2,\"name\":\"A\u00e7\u00f5es humanit\u00e1rias no amparo de fam\u00edlias no enfrentamento a pandemia\"}]},{\"@type\":\"WebSite\",\"@id\":\"https:\/\/noticiasemdestaque.com\/cd\/#website\",\"url\":\"https:\/\/noticiasemdestaque.com\/cd\/\",\"name\":\"Not&iacute;cias em Destaque\",\"description\":\"\",\"publisher\":{\"@id\":\"https:\/\/noticiasemdestaque.com\/cd\/#organization\"},\"potentialAction\":[{\"@type\":\"SearchAction\",\"target\":{\"@type\":\"EntryPoint\",\"urlTemplate\":\"https:\/\/noticiasemdestaque.com\/cd\/?s={search_term_string}\"},\"query-input\":{\"@type\":\"PropertyValueSpecification\",\"valueRequired\":true,\"valueName\":\"search_term_string\"}}],\"inLanguage\":\"pt-BR\"},{\"@type\":\"Organization\",\"@id\":\"https:\/\/noticiasemdestaque.com\/cd\/#organization\",\"name\":\"Not\u00edcias em Destaque\",\"url\":\"https:\/\/noticiasemdestaque.com\/cd\/\",\"logo\":{\"@type\":\"ImageObject\",\"inLanguage\":\"pt-BR\",\"@id\":\"https:\/\/noticiasemdestaque.com\/cd\/#\/schema\/logo\/image\/\",\"url\":\"https:\/\/noticiasemdestaque.com\/cd\/wp-content\/uploads\/2022\/05\/imagem-base-noticiasemdestaque.png\",\"contentUrl\":\"https:\/\/noticiasemdestaque.com\/cd\/wp-content\/uploads\/2022\/05\/imagem-base-noticiasemdestaque.png\",\"width\":1200,\"height\":630,\"caption\":\"Not\u00edcias em Destaque\"},\"image\":{\"@id\":\"https:\/\/noticiasemdestaque.com\/cd\/#\/schema\/logo\/image\/\"}},{\"@type\":\"Person\",\"@id\":\"https:\/\/noticiasemdestaque.com\/cd\/#\/schema\/person\/967a459378479d4fa07976fedd8a7b5e\",\"name\":\"Not\u00edcias em Destaque\",\"url\":\"https:\/\/noticiasemdestaque.com\/cd\/?author=2\"}]}<\/script>\n<!-- \/ Yoast SEO plugin. -->","yoast_head_json":{"title":"A\u00e7\u00f5es humanit\u00e1rias no amparo de fam\u00edlias no enfrentamento a pandemia - Not&iacute;cias em Destaque","robots":{"index":"index","follow":"follow","max-snippet":"max-snippet:-1","max-image-preview":"max-image-preview:large","max-video-preview":"max-video-preview:-1"},"canonical":"https:\/\/noticiasemdestaque.com\/cd\/?p=25781","og_locale":"pt_BR","og_type":"article","og_title":"A\u00e7\u00f5es humanit\u00e1rias no amparo de fam\u00edlias no enfrentamento a pandemia - Not&iacute;cias em Destaque","og_description":"De acordo com pesquisa realizada pela Data Favela\/Instituto Locomotiva, o novo coronav\u00edrus alterou a vida de 97% das 13,6 milh\u00f5es de pessoas que moram em comunidades em todo o Brasil \u2014 e sete em cada dez fam\u00edlias sentiram seus efeitos na renda do lar. O estudo revela que 47% dos entrevistados trabalham por conta pr\u00f3pria ou s\u00e3o profissionais liberais, 10% est\u00e3o desempregados e 8% vivem em pequenos servi\u00e7os sem carteira assinada. Estima-se ainda que 86% desses moradores t\u00eam problemas para comprar comida e outros itens b\u00e1sicos de sobreviv\u00eancia nesse per\u00edodo de pandemia. Para amenizar os efeitos da crise causada pela Covid-19 na vida das fam\u00edlias mais vulner\u00e1veis e em risco alimentar, a Legi\u00e3o da Boa Vontade (LBV), ao lado de outros importantes atores sociais, vem promovendo intensa mobiliza\u00e7\u00e3o a fim de garantir\u00a0cestas de alimentos n\u00e3o perec\u00edveis e\u00a0kits\u00a0de limpeza e higiene, al\u00e9m de levar informa\u00e7\u00f5es acerca da Covid-19 a\u00a0fam\u00edlias atendidas em suas escolas, Centros Comunit\u00e1rios de Assist\u00eancia Social e Abrigos para Idosos. No Estado, a LBV, est\u00e1 amparando mais de\u00a01 mil fam\u00edlias\u00a0de Alagoa Grande, Campina Grande, Dona In\u00eas e Jo\u00e3o Pessoa, para que n\u00e3o passem fome e se previnam da Covid-19. A a\u00e7\u00e3o emergencial da LBV j\u00e1 entregou\u00a0554 toneladas de doa\u00e7\u00f5es\u00a0beneficiando milhares de fam\u00edlias e impactando\u00a0mais de 46.500 mil pessoas em 108 cidades\u00a0nas cinco regi\u00f5es do pa\u00eds, de forma organizada e seguindo todas as recomenda\u00e7\u00f5es das autoridades sanit\u00e1rias para evitar o cont\u00e1gio pelo v\u00edrus. Para que mais fam\u00edlias de Norte a Sul do pa\u00eds sejam amparadas, a Solidariedade n\u00e3o pode parar. Por isso,\u00a0quando a LBV chamar, atenda com o cora\u00e7\u00e3o: Diga Sim!\u00a0Ou acesse o\u00a0site\u00a0www.lbv.org\u00a0e fa\u00e7a a sua doa\u00e7\u00e3o. Confira pelo endere\u00e7o\u00a0@LBV Brasil\u00a0no\u00a0Facebook\u00a0e no\u00a0Instagram\u00a0as a\u00e7\u00f5es realizadas pela Legi\u00e3o da Boa Vontade. Not\u00edcias em Destaque Com Ascom LBV","og_url":"https:\/\/noticiasemdestaque.com\/cd\/?p=25781","og_site_name":"Not&iacute;cias em Destaque","article_published_time":"2020-07-10T09:28:31+00:00","og_image":[{"width":1280,"height":720,"url":"https:\/\/noticiasemdestaque.com\/cd\/wp-content\/uploads\/2020\/07\/Familias-assistidas-com-a-sua-doacao-atraves-da-LBV.jpeg","type":"image\/jpeg"}],"author":"Not\u00edcias em Destaque","twitter_card":"summary_large_image","twitter_misc":{"Escrito por":"Not\u00edcias em Destaque","Est. tempo de leitura":"2 minutos"},"schema":{"@context":"https:\/\/schema.org","@graph":[{"@type":"Article","@id":"https:\/\/noticiasemdestaque.com\/cd\/?p=25781#article","isPartOf":{"@id":"https:\/\/noticiasemdestaque.com\/cd\/?p=25781"},"author":{"name":"Not\u00edcias em Destaque","@id":"https:\/\/noticiasemdestaque.com\/cd\/#\/schema\/person\/967a459378479d4fa07976fedd8a7b5e"},"headline":"A\u00e7\u00f5es humanit\u00e1rias no amparo de fam\u00edlias no enfrentamento a pandemia","datePublished":"2020-07-10T09:28:31+00:00","mainEntityOfPage":{"@id":"https:\/\/noticiasemdestaque.com\/cd\/?p=25781"},"wordCount":356,"publisher":{"@id":"https:\/\/noticiasemdestaque.com\/cd\/#organization"},"image":{"@id":"https:\/\/noticiasemdestaque.com\/cd\/?p=25781#primaryimage"},"thumbnailUrl":"https:\/\/noticiasemdestaque.com\/cd\/wp-content\/uploads\/2020\/07\/Familias-assistidas-com-a-sua-doacao-atraves-da-LBV.jpeg","articleSection":["Geral"],"inLanguage":"pt-BR"},{"@type":"WebPage","@id":"https:\/\/noticiasemdestaque.com\/cd\/?p=25781","url":"https:\/\/noticiasemdestaque.com\/cd\/?p=25781","name":"A\u00e7\u00f5es humanit\u00e1rias no amparo de fam\u00edlias no enfrentamento a pandemia - Not&iacute;cias em Destaque","isPartOf":{"@id":"https:\/\/noticiasemdestaque.com\/cd\/#website"},"primaryImageOfPage":{"@id":"https:\/\/noticiasemdestaque.com\/cd\/?p=25781#primaryimage"},"image":{"@id":"https:\/\/noticiasemdestaque.com\/cd\/?p=25781#primaryimage"},"thumbnailUrl":"https:\/\/noticiasemdestaque.com\/cd\/wp-content\/uploads\/2020\/07\/Familias-assistidas-com-a-sua-doacao-atraves-da-LBV.jpeg","datePublished":"2020-07-10T09:28:31+00:00","breadcrumb":{"@id":"https:\/\/noticiasemdestaque.com\/cd\/?p=25781#breadcrumb"},"inLanguage":"pt-BR","potentialAction":[{"@type":"ReadAction","target":["https:\/\/noticiasemdestaque.com\/cd\/?p=25781"]}]},{"@type":"ImageObject","inLanguage":"pt-BR","@id":"https:\/\/noticiasemdestaque.com\/cd\/?p=25781#primaryimage","url":"https:\/\/noticiasemdestaque.com\/cd\/wp-content\/uploads\/2020\/07\/Familias-assistidas-com-a-sua-doacao-atraves-da-LBV.jpeg","contentUrl":"https:\/\/noticiasemdestaque.com\/cd\/wp-content\/uploads\/2020\/07\/Familias-assistidas-com-a-sua-doacao-atraves-da-LBV.jpeg","width":1280,"height":720},{"@type":"BreadcrumbList","@id":"https:\/\/noticiasemdestaque.com\/cd\/?p=25781#breadcrumb","itemListElement":[{"@type":"ListItem","position":1,"name":"In\u00edcio","item":"https:\/\/noticiasemdestaque.com\/cd\/"},{"@type":"ListItem","position":2,"name":"A\u00e7\u00f5es humanit\u00e1rias no amparo de fam\u00edlias no enfrentamento a pandemia"}]},{"@type":"WebSite","@id":"https:\/\/noticiasemdestaque.com\/cd\/#website","url":"https:\/\/noticiasemdestaque.com\/cd\/","name":"Not&iacute;cias em Destaque","description":"","publisher":{"@id":"https:\/\/noticiasemdestaque.com\/cd\/#organization"},"potentialAction":[{"@type":"SearchAction","target":{"@type":"EntryPoint","urlTemplate":"https:\/\/noticiasemdestaque.com\/cd\/?s={search_term_string}"},"query-input":{"@type":"PropertyValueSpecification","valueRequired":true,"valueName":"search_term_string"}}],"inLanguage":"pt-BR"},{"@type":"Organization","@id":"https:\/\/noticiasemdestaque.com\/cd\/#organization","name":"Not\u00edcias em Destaque","url":"https:\/\/noticiasemdestaque.com\/cd\/","logo":{"@type":"ImageObject","inLanguage":"pt-BR","@id":"https:\/\/noticiasemdestaque.com\/cd\/#\/schema\/logo\/image\/","url":"https:\/\/noticiasemdestaque.com\/cd\/wp-content\/uploads\/2022\/05\/imagem-base-noticiasemdestaque.png","contentUrl":"https:\/\/noticiasemdestaque.com\/cd\/wp-content\/uploads\/2022\/05\/imagem-base-noticiasemdestaque.png","width":1200,"height":630,"caption":"Not\u00edcias em Destaque"},"image":{"@id":"https:\/\/noticiasemdestaque.com\/cd\/#\/schema\/logo\/image\/"}},{"@type":"Person","@id":"https:\/\/noticiasemdestaque.com\/cd\/#\/schema\/person\/967a459378479d4fa07976fedd8a7b5e","name":"Not\u00edcias em Destaque","url":"https:\/\/noticiasemdestaque.com\/cd\/?author=2"}]}},"jetpack_featured_media_url":"https:\/\/noticiasemdestaque.com\/cd\/wp-content\/uploads\/2020\/07\/Familias-assistidas-com-a-sua-doacao-atraves-da-LBV.jpeg","jetpack_sharing_enabled":true,"_links":{"self":[{"href":"https:\/\/noticiasemdestaque.com\/cd\/index.php?rest_route=\/wp\/v2\/posts\/25781","targetHints":{"allow":["GET"]}}],"collection":[{"href":"https:\/\/noticiasemdestaque.com\/cd\/index.php?rest_route=\/wp\/v2\/posts"}],"about":[{"href":"https:\/\/noticiasemdestaque.com\/cd\/index.php?rest_route=\/wp\/v2\/types\/post"}],"author":[{"embeddable":true,"href":"https:\/\/noticiasemdestaque.com\/cd\/index.php?rest_route=\/wp\/v2\/users\/2"}],"replies":[{"embeddable":true,"href":"https:\/\/noticiasemdestaque.com\/cd\/index.php?rest_route=%2Fwp%2Fv2%2Fcomments&post=25781"}],"version-history":[{"count":1,"href":"https:\/\/noticiasemdestaque.com\/cd\/index.php?rest_route=\/wp\/v2\/posts\/25781\/revisions"}],"predecessor-version":[{"id":25783,"href":"https:\/\/noticiasemdestaque.com\/cd\/index.php?rest_route=\/wp\/v2\/posts\/25781\/revisions\/25783"}],"wp:featuredmedia":[{"embeddable":true,"href":"https:\/\/noticiasemdestaque.com\/cd\/index.php?rest_route=\/wp\/v2\/media\/25782"}],"wp:attachment":[{"href":"https:\/\/noticiasemdestaque.com\/cd\/index.php?rest_route=%2Fwp%2Fv2%2Fmedia&parent=25781"}],"wp:term":[{"taxonomy":"category","embeddable":true,"href":"https:\/\/noticiasemdestaque.com\/cd\/index.php?rest_route=%2Fwp%2Fv2%2Fcategories&post=25781"},{"taxonomy":"post_tag","embeddable":true,"href":"https:\/\/noticiasemdestaque.com\/cd\/index.php?rest_route=%2Fwp%2Fv2%2Ftags&post=25781"}],"curies":[{"name":"wp","href":"https:\/\/api.w.org\/{rel}","templated":true}]}}