{"id":25771,"date":"2020-07-10T06:00:23","date_gmt":"2020-07-10T09:00:23","guid":{"rendered":"http:\/\/noticiasemdestaque.com\/cd\/?p=25771"},"modified":"2020-07-10T06:29:02","modified_gmt":"2020-07-10T09:29:02","slug":"prefeito-eden-duarte-anuncia-construcao-de-ginasio-de-esportes-para-o-bairro-frei-damiao","status":"publish","type":"post","link":"https:\/\/noticiasemdestaque.com\/cd\/?p=25771","title":{"rendered":"Prefeito \u00c9den Duarte anuncia constru\u00e7\u00e3o de Gin\u00e1sio de Esportes para o bairro Frei Dami\u00e3o"},"content":{"rendered":"<p><a href=\"https:\/\/noticiasemdestaque.com\/cd\/wp-content\/uploads\/2020\/07\/1682df67-ab2a-4508-b865-e727cad9297d.jpg\"><img fetchpriority=\"high\" decoding=\"async\" class=\"wp-image-25772 aligncenter\" src=\"https:\/\/noticiasemdestaque.com\/cd\/wp-content\/uploads\/2020\/07\/1682df67-ab2a-4508-b865-e727cad9297d-1024x576.jpg\" alt=\"\" width=\"585\" height=\"329\" srcset=\"https:\/\/noticiasemdestaque.com\/cd\/wp-content\/uploads\/2020\/07\/1682df67-ab2a-4508-b865-e727cad9297d-1024x576.jpg 1024w, https:\/\/noticiasemdestaque.com\/cd\/wp-content\/uploads\/2020\/07\/1682df67-ab2a-4508-b865-e727cad9297d-300x169.jpg 300w, https:\/\/noticiasemdestaque.com\/cd\/wp-content\/uploads\/2020\/07\/1682df67-ab2a-4508-b865-e727cad9297d-768x432.jpg 768w, https:\/\/noticiasemdestaque.com\/cd\/wp-content\/uploads\/2020\/07\/1682df67-ab2a-4508-b865-e727cad9297d.jpg 1280w\" sizes=\"(max-width: 585px) 100vw, 585px\" \/><\/a><\/p>\n<p>O prefeito \u00c9den Duarte autorizou a abertura de licita\u00e7\u00e3o para a constru\u00e7\u00e3o de um gin\u00e1sio de esportes na Escola Padre Paulo Roberto de Oliveira.\u00a0 A obra vai atender um desejo antigo da popula\u00e7\u00e3o do bairro Frei Dami\u00e3o, onde ficar\u00e1 localizada.<\/p>\n<p>O gin\u00e1sio receber\u00e1 o nome do saudoso professor Robson Rafael, refer\u00eancia no esporte regional, falecido em 2014. Robson Rafael exerceu v\u00e1rias atividades profissionais, entre elas, coordenador de esportes da 5\u00aa Regi\u00e3o de Ensino, diretor de esportes da Prefeitura de Sum\u00e9, diretor do Gin\u00e1sio de Esportes O Net\u00e3o e esteve \u00e0 frente por muitos anos da Escolinha de Futebol Z\u00e9 Carioca.<\/p>\n<p><a href=\"https:\/\/noticiasemdestaque.com\/cd\/wp-content\/uploads\/2020\/07\/WhatsApp-Image-2020-07-09-at-13.33.47.jpeg\"><img decoding=\"async\" class=\"wp-image-25774 alignleft\" src=\"https:\/\/noticiasemdestaque.com\/cd\/wp-content\/uploads\/2020\/07\/WhatsApp-Image-2020-07-09-at-13.33.47.jpeg\" alt=\"\" width=\"366\" height=\"264\" srcset=\"https:\/\/noticiasemdestaque.com\/cd\/wp-content\/uploads\/2020\/07\/WhatsApp-Image-2020-07-09-at-13.33.47.jpeg 720w, https:\/\/noticiasemdestaque.com\/cd\/wp-content\/uploads\/2020\/07\/WhatsApp-Image-2020-07-09-at-13.33.47-300x216.jpeg 300w\" sizes=\"(max-width: 366px) 100vw, 366px\" \/><\/a>Durante a plen\u00e1ria do Or\u00e7amento Democr\u00e1tico de 2019, uma das prioridades elencadas pela popula\u00e7\u00e3o do Frei Dami\u00e3o foi justamente um espa\u00e7o esportivo, que agora ser\u00e1 executado com recursos pr\u00f3prios pela Prefeitura de Sum\u00e9.<\/p>\n<p>De acordo a diretora da Escola Padre Paulo, Poliana Costa, a constru\u00e7\u00e3o do gin\u00e1sio \u00e9 a realiza\u00e7\u00e3o de um sonho. \u201cGra\u00e7as ao prefeito \u00c9den em breve teremos esse espa\u00e7o que ir\u00e1 ajudar na realiza\u00e7\u00e3o das atividades da escola, al\u00e9m de servir para a popula\u00e7\u00e3o do bairro\u201d, disse.<\/p>\n<p>O prefeito \u00c9den disse que \u00e9 uma satisfa\u00e7\u00e3o poder atender um pleito dos moradores atrav\u00e9s do Or\u00e7amento Democr\u00e1tico. \u201cUma conquista importante para o bairro, com investimentos pr\u00f3prios, o que demonstra nossa organiza\u00e7\u00e3o e compromisso com o povo\u201d, declarou o prefeito.<\/p>\n<p><em><strong>Not\u00edcias em Destaque<\/strong><\/em><\/p>\n<p>Com Ascom<\/p>\n","protected":false},"excerpt":{"rendered":"<p>O prefeito \u00c9den Duarte autorizou a abertura de licita\u00e7\u00e3o para a constru\u00e7\u00e3o de um gin\u00e1sio de esportes na Escola Padre Paulo Roberto de Oliveira.\u00a0 A obra vai atender um desejo antigo da popula\u00e7\u00e3o do bairro Frei Dami\u00e3o, onde ficar\u00e1 localizada. O gin\u00e1sio receber\u00e1 o nome do saudoso professor Robson Rafael, refer\u00eancia no esporte regional, falecido em 2014. Robson Rafael exerceu v\u00e1rias atividades profissionais, entre elas, coordenador de esportes da 5\u00aa Regi\u00e3o de Ensino, diretor de esportes da Prefeitura de Sum\u00e9, diretor do Gin\u00e1sio de Esportes O Net\u00e3o e esteve \u00e0 frente por muitos anos da Escolinha de Futebol Z\u00e9 Carioca. Durante a plen\u00e1ria do Or\u00e7amento Democr\u00e1tico de 2019, uma das prioridades elencadas pela popula\u00e7\u00e3o do Frei Dami\u00e3o foi justamente um espa\u00e7o esportivo, que agora ser\u00e1 executado com recursos pr\u00f3prios pela Prefeitura de Sum\u00e9. De acordo a diretora da Escola Padre Paulo, Poliana Costa, a constru\u00e7\u00e3o do gin\u00e1sio \u00e9 a realiza\u00e7\u00e3o de um sonho. \u201cGra\u00e7as ao prefeito \u00c9den em breve teremos esse espa\u00e7o que ir\u00e1 ajudar na realiza\u00e7\u00e3o das atividades da escola, al\u00e9m de servir para a popula\u00e7\u00e3o do bairro\u201d, disse. O prefeito \u00c9den disse que \u00e9 uma satisfa\u00e7\u00e3o poder atender um pleito dos moradores atrav\u00e9s do Or\u00e7amento Democr\u00e1tico. \u201cUma conquista importante para o bairro, com investimentos pr\u00f3prios, o que demonstra nossa organiza\u00e7\u00e3o e compromisso com o povo\u201d, declarou o prefeito. Not\u00edcias em Destaque Com Ascom<\/p>\n","protected":false},"author":2,"featured_media":25772,"comment_status":"closed","ping_status":"open","sticky":false,"template":"","format":"standard","meta":{"_eb_attr":"","_jetpack_memberships_contains_paid_content":false,"footnotes":""},"categories":[6],"tags":[],"class_list":["post-25771","post","type-post","status-publish","format-standard","has-post-thumbnail","hentry","category-educacao"],"yoast_head":"<!-- This site is optimized with the Yoast SEO plugin v26.5 - https:\/\/yoast.com\/wordpress\/plugins\/seo\/ -->\n<title>Prefeito \u00c9den Duarte anuncia constru\u00e7\u00e3o de Gin\u00e1sio de Esportes para o bairro Frei Dami\u00e3o - Not&iacute;cias em Destaque<\/title>\n<meta name=\"robots\" content=\"index, follow, max-snippet:-1, max-image-preview:large, max-video-preview:-1\" \/>\n<link rel=\"canonical\" href=\"https:\/\/noticiasemdestaque.com\/cd\/?p=25771\" \/>\n<meta property=\"og:locale\" content=\"pt_BR\" \/>\n<meta property=\"og:type\" content=\"article\" \/>\n<meta property=\"og:title\" content=\"Prefeito \u00c9den Duarte anuncia constru\u00e7\u00e3o de Gin\u00e1sio de Esportes para o bairro Frei Dami\u00e3o - Not&iacute;cias em Destaque\" \/>\n<meta property=\"og:description\" content=\"O prefeito \u00c9den Duarte autorizou a abertura de licita\u00e7\u00e3o para a constru\u00e7\u00e3o de um gin\u00e1sio de esportes na Escola Padre Paulo Roberto de Oliveira.\u00a0 A obra vai atender um desejo antigo da popula\u00e7\u00e3o do bairro Frei Dami\u00e3o, onde ficar\u00e1 localizada. O gin\u00e1sio receber\u00e1 o nome do saudoso professor Robson Rafael, refer\u00eancia no esporte regional, falecido em 2014. Robson Rafael exerceu v\u00e1rias atividades profissionais, entre elas, coordenador de esportes da 5\u00aa Regi\u00e3o de Ensino, diretor de esportes da Prefeitura de Sum\u00e9, diretor do Gin\u00e1sio de Esportes O Net\u00e3o e esteve \u00e0 frente por muitos anos da Escolinha de Futebol Z\u00e9 Carioca. Durante a plen\u00e1ria do Or\u00e7amento Democr\u00e1tico de 2019, uma das prioridades elencadas pela popula\u00e7\u00e3o do Frei Dami\u00e3o foi justamente um espa\u00e7o esportivo, que agora ser\u00e1 executado com recursos pr\u00f3prios pela Prefeitura de Sum\u00e9. De acordo a diretora da Escola Padre Paulo, Poliana Costa, a constru\u00e7\u00e3o do gin\u00e1sio \u00e9 a realiza\u00e7\u00e3o de um sonho. \u201cGra\u00e7as ao prefeito \u00c9den em breve teremos esse espa\u00e7o que ir\u00e1 ajudar na realiza\u00e7\u00e3o das atividades da escola, al\u00e9m de servir para a popula\u00e7\u00e3o do bairro\u201d, disse. O prefeito \u00c9den disse que \u00e9 uma satisfa\u00e7\u00e3o poder atender um pleito dos moradores atrav\u00e9s do Or\u00e7amento Democr\u00e1tico. \u201cUma conquista importante para o bairro, com investimentos pr\u00f3prios, o que demonstra nossa organiza\u00e7\u00e3o e compromisso com o povo\u201d, declarou o prefeito. Not\u00edcias em Destaque Com Ascom\" \/>\n<meta property=\"og:url\" content=\"https:\/\/noticiasemdestaque.com\/cd\/?p=25771\" \/>\n<meta property=\"og:site_name\" content=\"Not&iacute;cias em Destaque\" \/>\n<meta property=\"article:published_time\" content=\"2020-07-10T09:00:23+00:00\" \/>\n<meta property=\"article:modified_time\" content=\"2020-07-10T09:29:02+00:00\" \/>\n<meta property=\"og:image\" content=\"https:\/\/noticiasemdestaque.com\/cd\/wp-content\/uploads\/2020\/07\/1682df67-ab2a-4508-b865-e727cad9297d.jpg\" \/>\n\t<meta property=\"og:image:width\" content=\"1280\" \/>\n\t<meta property=\"og:image:height\" content=\"720\" \/>\n\t<meta property=\"og:image:type\" content=\"image\/jpeg\" \/>\n<meta name=\"author\" content=\"Not\u00edcias em Destaque\" \/>\n<meta name=\"twitter:card\" content=\"summary_large_image\" \/>\n<meta name=\"twitter:label1\" content=\"Escrito por\" \/>\n\t<meta name=\"twitter:data1\" content=\"Not\u00edcias em Destaque\" \/>\n\t<meta name=\"twitter:label2\" content=\"Est. tempo de leitura\" \/>\n\t<meta name=\"twitter:data2\" content=\"1 minuto\" \/>\n<script type=\"application\/ld+json\" class=\"yoast-schema-graph\">{\"@context\":\"https:\/\/schema.org\",\"@graph\":[{\"@type\":\"Article\",\"@id\":\"https:\/\/noticiasemdestaque.com\/cd\/?p=25771#article\",\"isPartOf\":{\"@id\":\"https:\/\/noticiasemdestaque.com\/cd\/?p=25771\"},\"author\":{\"name\":\"Not\u00edcias em Destaque\",\"@id\":\"https:\/\/noticiasemdestaque.com\/cd\/#\/schema\/person\/967a459378479d4fa07976fedd8a7b5e\"},\"headline\":\"Prefeito \u00c9den Duarte anuncia constru\u00e7\u00e3o de Gin\u00e1sio de Esportes para o bairro Frei Dami\u00e3o\",\"datePublished\":\"2020-07-10T09:00:23+00:00\",\"dateModified\":\"2020-07-10T09:29:02+00:00\",\"mainEntityOfPage\":{\"@id\":\"https:\/\/noticiasemdestaque.com\/cd\/?p=25771\"},\"wordCount\":269,\"publisher\":{\"@id\":\"https:\/\/noticiasemdestaque.com\/cd\/#organization\"},\"image\":{\"@id\":\"https:\/\/noticiasemdestaque.com\/cd\/?p=25771#primaryimage\"},\"thumbnailUrl\":\"https:\/\/noticiasemdestaque.com\/cd\/wp-content\/uploads\/2020\/07\/1682df67-ab2a-4508-b865-e727cad9297d.jpg\",\"articleSection\":[\"Educa\u00e7\u00e3o\"],\"inLanguage\":\"pt-BR\"},{\"@type\":\"WebPage\",\"@id\":\"https:\/\/noticiasemdestaque.com\/cd\/?p=25771\",\"url\":\"https:\/\/noticiasemdestaque.com\/cd\/?p=25771\",\"name\":\"Prefeito \u00c9den Duarte anuncia constru\u00e7\u00e3o de Gin\u00e1sio de Esportes para o bairro Frei Dami\u00e3o - Not&iacute;cias em Destaque\",\"isPartOf\":{\"@id\":\"https:\/\/noticiasemdestaque.com\/cd\/#website\"},\"primaryImageOfPage\":{\"@id\":\"https:\/\/noticiasemdestaque.com\/cd\/?p=25771#primaryimage\"},\"image\":{\"@id\":\"https:\/\/noticiasemdestaque.com\/cd\/?p=25771#primaryimage\"},\"thumbnailUrl\":\"https:\/\/noticiasemdestaque.com\/cd\/wp-content\/uploads\/2020\/07\/1682df67-ab2a-4508-b865-e727cad9297d.jpg\",\"datePublished\":\"2020-07-10T09:00:23+00:00\",\"dateModified\":\"2020-07-10T09:29:02+00:00\",\"breadcrumb\":{\"@id\":\"https:\/\/noticiasemdestaque.com\/cd\/?p=25771#breadcrumb\"},\"inLanguage\":\"pt-BR\",\"potentialAction\":[{\"@type\":\"ReadAction\",\"target\":[\"https:\/\/noticiasemdestaque.com\/cd\/?p=25771\"]}]},{\"@type\":\"ImageObject\",\"inLanguage\":\"pt-BR\",\"@id\":\"https:\/\/noticiasemdestaque.com\/cd\/?p=25771#primaryimage\",\"url\":\"https:\/\/noticiasemdestaque.com\/cd\/wp-content\/uploads\/2020\/07\/1682df67-ab2a-4508-b865-e727cad9297d.jpg\",\"contentUrl\":\"https:\/\/noticiasemdestaque.com\/cd\/wp-content\/uploads\/2020\/07\/1682df67-ab2a-4508-b865-e727cad9297d.jpg\",\"width\":1280,\"height\":720},{\"@type\":\"BreadcrumbList\",\"@id\":\"https:\/\/noticiasemdestaque.com\/cd\/?p=25771#breadcrumb\",\"itemListElement\":[{\"@type\":\"ListItem\",\"position\":1,\"name\":\"In\u00edcio\",\"item\":\"https:\/\/noticiasemdestaque.com\/cd\/\"},{\"@type\":\"ListItem\",\"position\":2,\"name\":\"Prefeito \u00c9den Duarte anuncia constru\u00e7\u00e3o de Gin\u00e1sio de Esportes para o bairro Frei Dami\u00e3o\"}]},{\"@type\":\"WebSite\",\"@id\":\"https:\/\/noticiasemdestaque.com\/cd\/#website\",\"url\":\"https:\/\/noticiasemdestaque.com\/cd\/\",\"name\":\"Not&iacute;cias em Destaque\",\"description\":\"\",\"publisher\":{\"@id\":\"https:\/\/noticiasemdestaque.com\/cd\/#organization\"},\"potentialAction\":[{\"@type\":\"SearchAction\",\"target\":{\"@type\":\"EntryPoint\",\"urlTemplate\":\"https:\/\/noticiasemdestaque.com\/cd\/?s={search_term_string}\"},\"query-input\":{\"@type\":\"PropertyValueSpecification\",\"valueRequired\":true,\"valueName\":\"search_term_string\"}}],\"inLanguage\":\"pt-BR\"},{\"@type\":\"Organization\",\"@id\":\"https:\/\/noticiasemdestaque.com\/cd\/#organization\",\"name\":\"Not\u00edcias em Destaque\",\"url\":\"https:\/\/noticiasemdestaque.com\/cd\/\",\"logo\":{\"@type\":\"ImageObject\",\"inLanguage\":\"pt-BR\",\"@id\":\"https:\/\/noticiasemdestaque.com\/cd\/#\/schema\/logo\/image\/\",\"url\":\"https:\/\/noticiasemdestaque.com\/cd\/wp-content\/uploads\/2022\/05\/imagem-base-noticiasemdestaque.png\",\"contentUrl\":\"https:\/\/noticiasemdestaque.com\/cd\/wp-content\/uploads\/2022\/05\/imagem-base-noticiasemdestaque.png\",\"width\":1200,\"height\":630,\"caption\":\"Not\u00edcias em Destaque\"},\"image\":{\"@id\":\"https:\/\/noticiasemdestaque.com\/cd\/#\/schema\/logo\/image\/\"}},{\"@type\":\"Person\",\"@id\":\"https:\/\/noticiasemdestaque.com\/cd\/#\/schema\/person\/967a459378479d4fa07976fedd8a7b5e\",\"name\":\"Not\u00edcias em Destaque\",\"url\":\"https:\/\/noticiasemdestaque.com\/cd\/?author=2\"}]}<\/script>\n<!-- \/ Yoast SEO plugin. -->","yoast_head_json":{"title":"Prefeito \u00c9den Duarte anuncia constru\u00e7\u00e3o de Gin\u00e1sio de Esportes para o bairro Frei Dami\u00e3o - Not&iacute;cias em Destaque","robots":{"index":"index","follow":"follow","max-snippet":"max-snippet:-1","max-image-preview":"max-image-preview:large","max-video-preview":"max-video-preview:-1"},"canonical":"https:\/\/noticiasemdestaque.com\/cd\/?p=25771","og_locale":"pt_BR","og_type":"article","og_title":"Prefeito \u00c9den Duarte anuncia constru\u00e7\u00e3o de Gin\u00e1sio de Esportes para o bairro Frei Dami\u00e3o - Not&iacute;cias em Destaque","og_description":"O prefeito \u00c9den Duarte autorizou a abertura de licita\u00e7\u00e3o para a constru\u00e7\u00e3o de um gin\u00e1sio de esportes na Escola Padre Paulo Roberto de Oliveira.\u00a0 A obra vai atender um desejo antigo da popula\u00e7\u00e3o do bairro Frei Dami\u00e3o, onde ficar\u00e1 localizada. O gin\u00e1sio receber\u00e1 o nome do saudoso professor Robson Rafael, refer\u00eancia no esporte regional, falecido em 2014. Robson Rafael exerceu v\u00e1rias atividades profissionais, entre elas, coordenador de esportes da 5\u00aa Regi\u00e3o de Ensino, diretor de esportes da Prefeitura de Sum\u00e9, diretor do Gin\u00e1sio de Esportes O Net\u00e3o e esteve \u00e0 frente por muitos anos da Escolinha de Futebol Z\u00e9 Carioca. Durante a plen\u00e1ria do Or\u00e7amento Democr\u00e1tico de 2019, uma das prioridades elencadas pela popula\u00e7\u00e3o do Frei Dami\u00e3o foi justamente um espa\u00e7o esportivo, que agora ser\u00e1 executado com recursos pr\u00f3prios pela Prefeitura de Sum\u00e9. De acordo a diretora da Escola Padre Paulo, Poliana Costa, a constru\u00e7\u00e3o do gin\u00e1sio \u00e9 a realiza\u00e7\u00e3o de um sonho. \u201cGra\u00e7as ao prefeito \u00c9den em breve teremos esse espa\u00e7o que ir\u00e1 ajudar na realiza\u00e7\u00e3o das atividades da escola, al\u00e9m de servir para a popula\u00e7\u00e3o do bairro\u201d, disse. O prefeito \u00c9den disse que \u00e9 uma satisfa\u00e7\u00e3o poder atender um pleito dos moradores atrav\u00e9s do Or\u00e7amento Democr\u00e1tico. \u201cUma conquista importante para o bairro, com investimentos pr\u00f3prios, o que demonstra nossa organiza\u00e7\u00e3o e compromisso com o povo\u201d, declarou o prefeito. Not\u00edcias em Destaque Com Ascom","og_url":"https:\/\/noticiasemdestaque.com\/cd\/?p=25771","og_site_name":"Not&iacute;cias em Destaque","article_published_time":"2020-07-10T09:00:23+00:00","article_modified_time":"2020-07-10T09:29:02+00:00","og_image":[{"width":1280,"height":720,"url":"https:\/\/noticiasemdestaque.com\/cd\/wp-content\/uploads\/2020\/07\/1682df67-ab2a-4508-b865-e727cad9297d.jpg","type":"image\/jpeg"}],"author":"Not\u00edcias em Destaque","twitter_card":"summary_large_image","twitter_misc":{"Escrito por":"Not\u00edcias em Destaque","Est. tempo de leitura":"1 minuto"},"schema":{"@context":"https:\/\/schema.org","@graph":[{"@type":"Article","@id":"https:\/\/noticiasemdestaque.com\/cd\/?p=25771#article","isPartOf":{"@id":"https:\/\/noticiasemdestaque.com\/cd\/?p=25771"},"author":{"name":"Not\u00edcias em Destaque","@id":"https:\/\/noticiasemdestaque.com\/cd\/#\/schema\/person\/967a459378479d4fa07976fedd8a7b5e"},"headline":"Prefeito \u00c9den Duarte anuncia constru\u00e7\u00e3o de Gin\u00e1sio de Esportes para o bairro Frei Dami\u00e3o","datePublished":"2020-07-10T09:00:23+00:00","dateModified":"2020-07-10T09:29:02+00:00","mainEntityOfPage":{"@id":"https:\/\/noticiasemdestaque.com\/cd\/?p=25771"},"wordCount":269,"publisher":{"@id":"https:\/\/noticiasemdestaque.com\/cd\/#organization"},"image":{"@id":"https:\/\/noticiasemdestaque.com\/cd\/?p=25771#primaryimage"},"thumbnailUrl":"https:\/\/noticiasemdestaque.com\/cd\/wp-content\/uploads\/2020\/07\/1682df67-ab2a-4508-b865-e727cad9297d.jpg","articleSection":["Educa\u00e7\u00e3o"],"inLanguage":"pt-BR"},{"@type":"WebPage","@id":"https:\/\/noticiasemdestaque.com\/cd\/?p=25771","url":"https:\/\/noticiasemdestaque.com\/cd\/?p=25771","name":"Prefeito \u00c9den Duarte anuncia constru\u00e7\u00e3o de Gin\u00e1sio de Esportes para o bairro Frei Dami\u00e3o - Not&iacute;cias em Destaque","isPartOf":{"@id":"https:\/\/noticiasemdestaque.com\/cd\/#website"},"primaryImageOfPage":{"@id":"https:\/\/noticiasemdestaque.com\/cd\/?p=25771#primaryimage"},"image":{"@id":"https:\/\/noticiasemdestaque.com\/cd\/?p=25771#primaryimage"},"thumbnailUrl":"https:\/\/noticiasemdestaque.com\/cd\/wp-content\/uploads\/2020\/07\/1682df67-ab2a-4508-b865-e727cad9297d.jpg","datePublished":"2020-07-10T09:00:23+00:00","dateModified":"2020-07-10T09:29:02+00:00","breadcrumb":{"@id":"https:\/\/noticiasemdestaque.com\/cd\/?p=25771#breadcrumb"},"inLanguage":"pt-BR","potentialAction":[{"@type":"ReadAction","target":["https:\/\/noticiasemdestaque.com\/cd\/?p=25771"]}]},{"@type":"ImageObject","inLanguage":"pt-BR","@id":"https:\/\/noticiasemdestaque.com\/cd\/?p=25771#primaryimage","url":"https:\/\/noticiasemdestaque.com\/cd\/wp-content\/uploads\/2020\/07\/1682df67-ab2a-4508-b865-e727cad9297d.jpg","contentUrl":"https:\/\/noticiasemdestaque.com\/cd\/wp-content\/uploads\/2020\/07\/1682df67-ab2a-4508-b865-e727cad9297d.jpg","width":1280,"height":720},{"@type":"BreadcrumbList","@id":"https:\/\/noticiasemdestaque.com\/cd\/?p=25771#breadcrumb","itemListElement":[{"@type":"ListItem","position":1,"name":"In\u00edcio","item":"https:\/\/noticiasemdestaque.com\/cd\/"},{"@type":"ListItem","position":2,"name":"Prefeito \u00c9den Duarte anuncia constru\u00e7\u00e3o de Gin\u00e1sio de Esportes para o bairro Frei Dami\u00e3o"}]},{"@type":"WebSite","@id":"https:\/\/noticiasemdestaque.com\/cd\/#website","url":"https:\/\/noticiasemdestaque.com\/cd\/","name":"Not&iacute;cias em Destaque","description":"","publisher":{"@id":"https:\/\/noticiasemdestaque.com\/cd\/#organization"},"potentialAction":[{"@type":"SearchAction","target":{"@type":"EntryPoint","urlTemplate":"https:\/\/noticiasemdestaque.com\/cd\/?s={search_term_string}"},"query-input":{"@type":"PropertyValueSpecification","valueRequired":true,"valueName":"search_term_string"}}],"inLanguage":"pt-BR"},{"@type":"Organization","@id":"https:\/\/noticiasemdestaque.com\/cd\/#organization","name":"Not\u00edcias em Destaque","url":"https:\/\/noticiasemdestaque.com\/cd\/","logo":{"@type":"ImageObject","inLanguage":"pt-BR","@id":"https:\/\/noticiasemdestaque.com\/cd\/#\/schema\/logo\/image\/","url":"https:\/\/noticiasemdestaque.com\/cd\/wp-content\/uploads\/2022\/05\/imagem-base-noticiasemdestaque.png","contentUrl":"https:\/\/noticiasemdestaque.com\/cd\/wp-content\/uploads\/2022\/05\/imagem-base-noticiasemdestaque.png","width":1200,"height":630,"caption":"Not\u00edcias em Destaque"},"image":{"@id":"https:\/\/noticiasemdestaque.com\/cd\/#\/schema\/logo\/image\/"}},{"@type":"Person","@id":"https:\/\/noticiasemdestaque.com\/cd\/#\/schema\/person\/967a459378479d4fa07976fedd8a7b5e","name":"Not\u00edcias em Destaque","url":"https:\/\/noticiasemdestaque.com\/cd\/?author=2"}]}},"jetpack_featured_media_url":"https:\/\/noticiasemdestaque.com\/cd\/wp-content\/uploads\/2020\/07\/1682df67-ab2a-4508-b865-e727cad9297d.jpg","jetpack_sharing_enabled":true,"_links":{"self":[{"href":"https:\/\/noticiasemdestaque.com\/cd\/index.php?rest_route=\/wp\/v2\/posts\/25771","targetHints":{"allow":["GET"]}}],"collection":[{"href":"https:\/\/noticiasemdestaque.com\/cd\/index.php?rest_route=\/wp\/v2\/posts"}],"about":[{"href":"https:\/\/noticiasemdestaque.com\/cd\/index.php?rest_route=\/wp\/v2\/types\/post"}],"author":[{"embeddable":true,"href":"https:\/\/noticiasemdestaque.com\/cd\/index.php?rest_route=\/wp\/v2\/users\/2"}],"replies":[{"embeddable":true,"href":"https:\/\/noticiasemdestaque.com\/cd\/index.php?rest_route=%2Fwp%2Fv2%2Fcomments&post=25771"}],"version-history":[{"count":1,"href":"https:\/\/noticiasemdestaque.com\/cd\/index.php?rest_route=\/wp\/v2\/posts\/25771\/revisions"}],"predecessor-version":[{"id":25775,"href":"https:\/\/noticiasemdestaque.com\/cd\/index.php?rest_route=\/wp\/v2\/posts\/25771\/revisions\/25775"}],"wp:featuredmedia":[{"embeddable":true,"href":"https:\/\/noticiasemdestaque.com\/cd\/index.php?rest_route=\/wp\/v2\/media\/25772"}],"wp:attachment":[{"href":"https:\/\/noticiasemdestaque.com\/cd\/index.php?rest_route=%2Fwp%2Fv2%2Fmedia&parent=25771"}],"wp:term":[{"taxonomy":"category","embeddable":true,"href":"https:\/\/noticiasemdestaque.com\/cd\/index.php?rest_route=%2Fwp%2Fv2%2Fcategories&post=25771"},{"taxonomy":"post_tag","embeddable":true,"href":"https:\/\/noticiasemdestaque.com\/cd\/index.php?rest_route=%2Fwp%2Fv2%2Ftags&post=25771"}],"curies":[{"name":"wp","href":"https:\/\/api.w.org\/{rel}","templated":true}]}}