{"id":25768,"date":"2020-07-09T18:27:49","date_gmt":"2020-07-09T21:27:49","guid":{"rendered":"http:\/\/noticiasemdestaque.com\/cd\/?p=25768"},"modified":"2020-07-09T18:27:49","modified_gmt":"2020-07-09T21:27:49","slug":"7-casos-de-covid-19-sao-confirmados-em-serra-branca","status":"publish","type":"post","link":"https:\/\/noticiasemdestaque.com\/cd\/?p=25768","title":{"rendered":"7 casos de Covid-19 s\u00e3o confirmados em Serra Branca"},"content":{"rendered":"<p><a href=\"https:\/\/noticiasemdestaque.com\/cd\/wp-content\/uploads\/2020\/07\/ad8c1d04-cc8e-40dd-895a-817d5d4f32a4.jpg\"><img fetchpriority=\"high\" decoding=\"async\" class=\"size-full wp-image-25769 aligncenter\" src=\"https:\/\/noticiasemdestaque.com\/cd\/wp-content\/uploads\/2020\/07\/ad8c1d04-cc8e-40dd-895a-817d5d4f32a4.jpg\" alt=\"\" width=\"400\" height=\"316\" srcset=\"https:\/\/noticiasemdestaque.com\/cd\/wp-content\/uploads\/2020\/07\/ad8c1d04-cc8e-40dd-895a-817d5d4f32a4.jpg 400w, https:\/\/noticiasemdestaque.com\/cd\/wp-content\/uploads\/2020\/07\/ad8c1d04-cc8e-40dd-895a-817d5d4f32a4-300x237.jpg 300w\" sizes=\"(max-width: 400px) 100vw, 400px\" \/><\/a><\/p>\n<p style=\"font-weight: 400;\">Segundo o boletim da Secretaria de Sa\u00fade, confirmou na tarde desta quinta-feira(09\/07), mais sete casos positivos de Covid-19, ao total o munic\u00edpio j\u00e1 tem 92.<\/p>\n<p style=\"font-weight: 400;\">Os dados s\u00e3o os seguintes: t\u00eam 703 notificados; em tratamento 36; recuperados\/curados 47; \u00f3bitos 02; suspeitos 20 e foram descartados 561.<\/p>\n<p style=\"font-weight: 400;\">Os casos confirmados por localidade \u00e9 o seguinte, na Zona Urbana: Ah\u00fa 03; Alto da Concei\u00e7\u00e3o 02; Centro 31; Com. Zezinho Tranquilino 02; Pereiros 16; Pil\u00e3o 06; e Malvinhas 01. J\u00e1 na Zona Rural: S\u00edtio Angico 08; S\u00edtio Balan\u00e7o 06; S\u00edtio Caititu 01; S\u00edtio Concei\u00e7\u00e3o 03; S\u00edtio Feij\u00e3o 06 e S\u00edtio Lagoinha 01. E residentes fora do munic\u00edpio 06.<\/p>\n<p><em><strong>Not\u00edcias em Destaque<\/strong><\/em><\/p>\n<p>Com Focando Para\u00edba<\/p>\n","protected":false},"excerpt":{"rendered":"<p>Segundo o boletim da Secretaria de Sa\u00fade, confirmou na tarde desta quinta-feira(09\/07), mais sete casos positivos de Covid-19, ao total o munic\u00edpio j\u00e1 tem 92. Os dados s\u00e3o os seguintes: t\u00eam 703 notificados; em tratamento 36; recuperados\/curados 47; \u00f3bitos 02; suspeitos 20 e foram descartados 561. Os casos confirmados por localidade \u00e9 o seguinte, na Zona Urbana: Ah\u00fa 03; Alto da Concei\u00e7\u00e3o 02; Centro 31; Com. Zezinho Tranquilino 02; Pereiros 16; Pil\u00e3o 06; e Malvinhas 01. J\u00e1 na Zona Rural: S\u00edtio Angico 08; S\u00edtio Balan\u00e7o 06; S\u00edtio Caititu 01; S\u00edtio Concei\u00e7\u00e3o 03; S\u00edtio Feij\u00e3o 06 e S\u00edtio Lagoinha 01. E residentes fora do munic\u00edpio 06. Not\u00edcias em Destaque Com Focando Para\u00edba<\/p>\n","protected":false},"author":2,"featured_media":25769,"comment_status":"closed","ping_status":"open","sticky":false,"template":"","format":"standard","meta":{"_eb_attr":"","_jetpack_memberships_contains_paid_content":false,"footnotes":""},"categories":[12],"tags":[],"class_list":["post-25768","post","type-post","status-publish","format-standard","has-post-thumbnail","hentry","category-geral"],"yoast_head":"<!-- This site is optimized with the Yoast SEO plugin v26.5 - https:\/\/yoast.com\/wordpress\/plugins\/seo\/ -->\n<title>7 casos de Covid-19 s\u00e3o confirmados em Serra Branca - Not&iacute;cias em Destaque<\/title>\n<meta name=\"robots\" content=\"index, follow, max-snippet:-1, max-image-preview:large, max-video-preview:-1\" \/>\n<link rel=\"canonical\" href=\"https:\/\/noticiasemdestaque.com\/cd\/?p=25768\" \/>\n<meta property=\"og:locale\" content=\"pt_BR\" \/>\n<meta property=\"og:type\" content=\"article\" \/>\n<meta property=\"og:title\" content=\"7 casos de Covid-19 s\u00e3o confirmados em Serra Branca - Not&iacute;cias em Destaque\" \/>\n<meta property=\"og:description\" content=\"Segundo o boletim da Secretaria de Sa\u00fade, confirmou na tarde desta quinta-feira(09\/07), mais sete casos positivos de Covid-19, ao total o munic\u00edpio j\u00e1 tem 92. Os dados s\u00e3o os seguintes: t\u00eam 703 notificados; em tratamento 36; recuperados\/curados 47; \u00f3bitos 02; suspeitos 20 e foram descartados 561. Os casos confirmados por localidade \u00e9 o seguinte, na Zona Urbana: Ah\u00fa 03; Alto da Concei\u00e7\u00e3o 02; Centro 31; Com. Zezinho Tranquilino 02; Pereiros 16; Pil\u00e3o 06; e Malvinhas 01. J\u00e1 na Zona Rural: S\u00edtio Angico 08; S\u00edtio Balan\u00e7o 06; S\u00edtio Caititu 01; S\u00edtio Concei\u00e7\u00e3o 03; S\u00edtio Feij\u00e3o 06 e S\u00edtio Lagoinha 01. E residentes fora do munic\u00edpio 06. Not\u00edcias em Destaque Com Focando Para\u00edba\" \/>\n<meta property=\"og:url\" content=\"https:\/\/noticiasemdestaque.com\/cd\/?p=25768\" \/>\n<meta property=\"og:site_name\" content=\"Not&iacute;cias em Destaque\" \/>\n<meta property=\"article:published_time\" content=\"2020-07-09T21:27:49+00:00\" \/>\n<meta property=\"og:image\" content=\"https:\/\/noticiasemdestaque.com\/cd\/wp-content\/uploads\/2020\/07\/ad8c1d04-cc8e-40dd-895a-817d5d4f32a4.jpg\" \/>\n\t<meta property=\"og:image:width\" content=\"400\" \/>\n\t<meta property=\"og:image:height\" content=\"316\" \/>\n\t<meta property=\"og:image:type\" content=\"image\/jpeg\" \/>\n<meta name=\"author\" content=\"Not\u00edcias em Destaque\" \/>\n<meta name=\"twitter:card\" content=\"summary_large_image\" \/>\n<meta name=\"twitter:label1\" content=\"Escrito por\" \/>\n\t<meta name=\"twitter:data1\" content=\"Not\u00edcias em Destaque\" \/>\n\t<meta name=\"twitter:label2\" content=\"Est. tempo de leitura\" \/>\n\t<meta name=\"twitter:data2\" content=\"1 minuto\" \/>\n<script type=\"application\/ld+json\" class=\"yoast-schema-graph\">{\"@context\":\"https:\/\/schema.org\",\"@graph\":[{\"@type\":\"Article\",\"@id\":\"https:\/\/noticiasemdestaque.com\/cd\/?p=25768#article\",\"isPartOf\":{\"@id\":\"https:\/\/noticiasemdestaque.com\/cd\/?p=25768\"},\"author\":{\"name\":\"Not\u00edcias em Destaque\",\"@id\":\"https:\/\/noticiasemdestaque.com\/cd\/#\/schema\/person\/967a459378479d4fa07976fedd8a7b5e\"},\"headline\":\"7 casos de Covid-19 s\u00e3o confirmados em Serra Branca\",\"datePublished\":\"2020-07-09T21:27:49+00:00\",\"mainEntityOfPage\":{\"@id\":\"https:\/\/noticiasemdestaque.com\/cd\/?p=25768\"},\"wordCount\":117,\"publisher\":{\"@id\":\"https:\/\/noticiasemdestaque.com\/cd\/#organization\"},\"image\":{\"@id\":\"https:\/\/noticiasemdestaque.com\/cd\/?p=25768#primaryimage\"},\"thumbnailUrl\":\"https:\/\/noticiasemdestaque.com\/cd\/wp-content\/uploads\/2020\/07\/ad8c1d04-cc8e-40dd-895a-817d5d4f32a4.jpg\",\"articleSection\":[\"Geral\"],\"inLanguage\":\"pt-BR\"},{\"@type\":\"WebPage\",\"@id\":\"https:\/\/noticiasemdestaque.com\/cd\/?p=25768\",\"url\":\"https:\/\/noticiasemdestaque.com\/cd\/?p=25768\",\"name\":\"7 casos de Covid-19 s\u00e3o confirmados em Serra Branca - Not&iacute;cias em Destaque\",\"isPartOf\":{\"@id\":\"https:\/\/noticiasemdestaque.com\/cd\/#website\"},\"primaryImageOfPage\":{\"@id\":\"https:\/\/noticiasemdestaque.com\/cd\/?p=25768#primaryimage\"},\"image\":{\"@id\":\"https:\/\/noticiasemdestaque.com\/cd\/?p=25768#primaryimage\"},\"thumbnailUrl\":\"https:\/\/noticiasemdestaque.com\/cd\/wp-content\/uploads\/2020\/07\/ad8c1d04-cc8e-40dd-895a-817d5d4f32a4.jpg\",\"datePublished\":\"2020-07-09T21:27:49+00:00\",\"breadcrumb\":{\"@id\":\"https:\/\/noticiasemdestaque.com\/cd\/?p=25768#breadcrumb\"},\"inLanguage\":\"pt-BR\",\"potentialAction\":[{\"@type\":\"ReadAction\",\"target\":[\"https:\/\/noticiasemdestaque.com\/cd\/?p=25768\"]}]},{\"@type\":\"ImageObject\",\"inLanguage\":\"pt-BR\",\"@id\":\"https:\/\/noticiasemdestaque.com\/cd\/?p=25768#primaryimage\",\"url\":\"https:\/\/noticiasemdestaque.com\/cd\/wp-content\/uploads\/2020\/07\/ad8c1d04-cc8e-40dd-895a-817d5d4f32a4.jpg\",\"contentUrl\":\"https:\/\/noticiasemdestaque.com\/cd\/wp-content\/uploads\/2020\/07\/ad8c1d04-cc8e-40dd-895a-817d5d4f32a4.jpg\",\"width\":400,\"height\":316},{\"@type\":\"BreadcrumbList\",\"@id\":\"https:\/\/noticiasemdestaque.com\/cd\/?p=25768#breadcrumb\",\"itemListElement\":[{\"@type\":\"ListItem\",\"position\":1,\"name\":\"In\u00edcio\",\"item\":\"https:\/\/noticiasemdestaque.com\/cd\/\"},{\"@type\":\"ListItem\",\"position\":2,\"name\":\"7 casos de Covid-19 s\u00e3o confirmados em Serra Branca\"}]},{\"@type\":\"WebSite\",\"@id\":\"https:\/\/noticiasemdestaque.com\/cd\/#website\",\"url\":\"https:\/\/noticiasemdestaque.com\/cd\/\",\"name\":\"Not&iacute;cias em Destaque\",\"description\":\"\",\"publisher\":{\"@id\":\"https:\/\/noticiasemdestaque.com\/cd\/#organization\"},\"potentialAction\":[{\"@type\":\"SearchAction\",\"target\":{\"@type\":\"EntryPoint\",\"urlTemplate\":\"https:\/\/noticiasemdestaque.com\/cd\/?s={search_term_string}\"},\"query-input\":{\"@type\":\"PropertyValueSpecification\",\"valueRequired\":true,\"valueName\":\"search_term_string\"}}],\"inLanguage\":\"pt-BR\"},{\"@type\":\"Organization\",\"@id\":\"https:\/\/noticiasemdestaque.com\/cd\/#organization\",\"name\":\"Not\u00edcias em Destaque\",\"url\":\"https:\/\/noticiasemdestaque.com\/cd\/\",\"logo\":{\"@type\":\"ImageObject\",\"inLanguage\":\"pt-BR\",\"@id\":\"https:\/\/noticiasemdestaque.com\/cd\/#\/schema\/logo\/image\/\",\"url\":\"https:\/\/noticiasemdestaque.com\/cd\/wp-content\/uploads\/2022\/05\/imagem-base-noticiasemdestaque.png\",\"contentUrl\":\"https:\/\/noticiasemdestaque.com\/cd\/wp-content\/uploads\/2022\/05\/imagem-base-noticiasemdestaque.png\",\"width\":1200,\"height\":630,\"caption\":\"Not\u00edcias em Destaque\"},\"image\":{\"@id\":\"https:\/\/noticiasemdestaque.com\/cd\/#\/schema\/logo\/image\/\"}},{\"@type\":\"Person\",\"@id\":\"https:\/\/noticiasemdestaque.com\/cd\/#\/schema\/person\/967a459378479d4fa07976fedd8a7b5e\",\"name\":\"Not\u00edcias em Destaque\",\"url\":\"https:\/\/noticiasemdestaque.com\/cd\/?author=2\"}]}<\/script>\n<!-- \/ Yoast SEO plugin. -->","yoast_head_json":{"title":"7 casos de Covid-19 s\u00e3o confirmados em Serra Branca - Not&iacute;cias em Destaque","robots":{"index":"index","follow":"follow","max-snippet":"max-snippet:-1","max-image-preview":"max-image-preview:large","max-video-preview":"max-video-preview:-1"},"canonical":"https:\/\/noticiasemdestaque.com\/cd\/?p=25768","og_locale":"pt_BR","og_type":"article","og_title":"7 casos de Covid-19 s\u00e3o confirmados em Serra Branca - Not&iacute;cias em Destaque","og_description":"Segundo o boletim da Secretaria de Sa\u00fade, confirmou na tarde desta quinta-feira(09\/07), mais sete casos positivos de Covid-19, ao total o munic\u00edpio j\u00e1 tem 92. Os dados s\u00e3o os seguintes: t\u00eam 703 notificados; em tratamento 36; recuperados\/curados 47; \u00f3bitos 02; suspeitos 20 e foram descartados 561. Os casos confirmados por localidade \u00e9 o seguinte, na Zona Urbana: Ah\u00fa 03; Alto da Concei\u00e7\u00e3o 02; Centro 31; Com. Zezinho Tranquilino 02; Pereiros 16; Pil\u00e3o 06; e Malvinhas 01. J\u00e1 na Zona Rural: S\u00edtio Angico 08; S\u00edtio Balan\u00e7o 06; S\u00edtio Caititu 01; S\u00edtio Concei\u00e7\u00e3o 03; S\u00edtio Feij\u00e3o 06 e S\u00edtio Lagoinha 01. E residentes fora do munic\u00edpio 06. Not\u00edcias em Destaque Com Focando Para\u00edba","og_url":"https:\/\/noticiasemdestaque.com\/cd\/?p=25768","og_site_name":"Not&iacute;cias em Destaque","article_published_time":"2020-07-09T21:27:49+00:00","og_image":[{"width":400,"height":316,"url":"https:\/\/noticiasemdestaque.com\/cd\/wp-content\/uploads\/2020\/07\/ad8c1d04-cc8e-40dd-895a-817d5d4f32a4.jpg","type":"image\/jpeg"}],"author":"Not\u00edcias em Destaque","twitter_card":"summary_large_image","twitter_misc":{"Escrito por":"Not\u00edcias em Destaque","Est. tempo de leitura":"1 minuto"},"schema":{"@context":"https:\/\/schema.org","@graph":[{"@type":"Article","@id":"https:\/\/noticiasemdestaque.com\/cd\/?p=25768#article","isPartOf":{"@id":"https:\/\/noticiasemdestaque.com\/cd\/?p=25768"},"author":{"name":"Not\u00edcias em Destaque","@id":"https:\/\/noticiasemdestaque.com\/cd\/#\/schema\/person\/967a459378479d4fa07976fedd8a7b5e"},"headline":"7 casos de Covid-19 s\u00e3o confirmados em Serra Branca","datePublished":"2020-07-09T21:27:49+00:00","mainEntityOfPage":{"@id":"https:\/\/noticiasemdestaque.com\/cd\/?p=25768"},"wordCount":117,"publisher":{"@id":"https:\/\/noticiasemdestaque.com\/cd\/#organization"},"image":{"@id":"https:\/\/noticiasemdestaque.com\/cd\/?p=25768#primaryimage"},"thumbnailUrl":"https:\/\/noticiasemdestaque.com\/cd\/wp-content\/uploads\/2020\/07\/ad8c1d04-cc8e-40dd-895a-817d5d4f32a4.jpg","articleSection":["Geral"],"inLanguage":"pt-BR"},{"@type":"WebPage","@id":"https:\/\/noticiasemdestaque.com\/cd\/?p=25768","url":"https:\/\/noticiasemdestaque.com\/cd\/?p=25768","name":"7 casos de Covid-19 s\u00e3o confirmados em Serra Branca - Not&iacute;cias em Destaque","isPartOf":{"@id":"https:\/\/noticiasemdestaque.com\/cd\/#website"},"primaryImageOfPage":{"@id":"https:\/\/noticiasemdestaque.com\/cd\/?p=25768#primaryimage"},"image":{"@id":"https:\/\/noticiasemdestaque.com\/cd\/?p=25768#primaryimage"},"thumbnailUrl":"https:\/\/noticiasemdestaque.com\/cd\/wp-content\/uploads\/2020\/07\/ad8c1d04-cc8e-40dd-895a-817d5d4f32a4.jpg","datePublished":"2020-07-09T21:27:49+00:00","breadcrumb":{"@id":"https:\/\/noticiasemdestaque.com\/cd\/?p=25768#breadcrumb"},"inLanguage":"pt-BR","potentialAction":[{"@type":"ReadAction","target":["https:\/\/noticiasemdestaque.com\/cd\/?p=25768"]}]},{"@type":"ImageObject","inLanguage":"pt-BR","@id":"https:\/\/noticiasemdestaque.com\/cd\/?p=25768#primaryimage","url":"https:\/\/noticiasemdestaque.com\/cd\/wp-content\/uploads\/2020\/07\/ad8c1d04-cc8e-40dd-895a-817d5d4f32a4.jpg","contentUrl":"https:\/\/noticiasemdestaque.com\/cd\/wp-content\/uploads\/2020\/07\/ad8c1d04-cc8e-40dd-895a-817d5d4f32a4.jpg","width":400,"height":316},{"@type":"BreadcrumbList","@id":"https:\/\/noticiasemdestaque.com\/cd\/?p=25768#breadcrumb","itemListElement":[{"@type":"ListItem","position":1,"name":"In\u00edcio","item":"https:\/\/noticiasemdestaque.com\/cd\/"},{"@type":"ListItem","position":2,"name":"7 casos de Covid-19 s\u00e3o confirmados em Serra Branca"}]},{"@type":"WebSite","@id":"https:\/\/noticiasemdestaque.com\/cd\/#website","url":"https:\/\/noticiasemdestaque.com\/cd\/","name":"Not&iacute;cias em Destaque","description":"","publisher":{"@id":"https:\/\/noticiasemdestaque.com\/cd\/#organization"},"potentialAction":[{"@type":"SearchAction","target":{"@type":"EntryPoint","urlTemplate":"https:\/\/noticiasemdestaque.com\/cd\/?s={search_term_string}"},"query-input":{"@type":"PropertyValueSpecification","valueRequired":true,"valueName":"search_term_string"}}],"inLanguage":"pt-BR"},{"@type":"Organization","@id":"https:\/\/noticiasemdestaque.com\/cd\/#organization","name":"Not\u00edcias em Destaque","url":"https:\/\/noticiasemdestaque.com\/cd\/","logo":{"@type":"ImageObject","inLanguage":"pt-BR","@id":"https:\/\/noticiasemdestaque.com\/cd\/#\/schema\/logo\/image\/","url":"https:\/\/noticiasemdestaque.com\/cd\/wp-content\/uploads\/2022\/05\/imagem-base-noticiasemdestaque.png","contentUrl":"https:\/\/noticiasemdestaque.com\/cd\/wp-content\/uploads\/2022\/05\/imagem-base-noticiasemdestaque.png","width":1200,"height":630,"caption":"Not\u00edcias em Destaque"},"image":{"@id":"https:\/\/noticiasemdestaque.com\/cd\/#\/schema\/logo\/image\/"}},{"@type":"Person","@id":"https:\/\/noticiasemdestaque.com\/cd\/#\/schema\/person\/967a459378479d4fa07976fedd8a7b5e","name":"Not\u00edcias em Destaque","url":"https:\/\/noticiasemdestaque.com\/cd\/?author=2"}]}},"jetpack_featured_media_url":"https:\/\/noticiasemdestaque.com\/cd\/wp-content\/uploads\/2020\/07\/ad8c1d04-cc8e-40dd-895a-817d5d4f32a4.jpg","jetpack_sharing_enabled":true,"_links":{"self":[{"href":"https:\/\/noticiasemdestaque.com\/cd\/index.php?rest_route=\/wp\/v2\/posts\/25768","targetHints":{"allow":["GET"]}}],"collection":[{"href":"https:\/\/noticiasemdestaque.com\/cd\/index.php?rest_route=\/wp\/v2\/posts"}],"about":[{"href":"https:\/\/noticiasemdestaque.com\/cd\/index.php?rest_route=\/wp\/v2\/types\/post"}],"author":[{"embeddable":true,"href":"https:\/\/noticiasemdestaque.com\/cd\/index.php?rest_route=\/wp\/v2\/users\/2"}],"replies":[{"embeddable":true,"href":"https:\/\/noticiasemdestaque.com\/cd\/index.php?rest_route=%2Fwp%2Fv2%2Fcomments&post=25768"}],"version-history":[{"count":1,"href":"https:\/\/noticiasemdestaque.com\/cd\/index.php?rest_route=\/wp\/v2\/posts\/25768\/revisions"}],"predecessor-version":[{"id":25770,"href":"https:\/\/noticiasemdestaque.com\/cd\/index.php?rest_route=\/wp\/v2\/posts\/25768\/revisions\/25770"}],"wp:featuredmedia":[{"embeddable":true,"href":"https:\/\/noticiasemdestaque.com\/cd\/index.php?rest_route=\/wp\/v2\/media\/25769"}],"wp:attachment":[{"href":"https:\/\/noticiasemdestaque.com\/cd\/index.php?rest_route=%2Fwp%2Fv2%2Fmedia&parent=25768"}],"wp:term":[{"taxonomy":"category","embeddable":true,"href":"https:\/\/noticiasemdestaque.com\/cd\/index.php?rest_route=%2Fwp%2Fv2%2Fcategories&post=25768"},{"taxonomy":"post_tag","embeddable":true,"href":"https:\/\/noticiasemdestaque.com\/cd\/index.php?rest_route=%2Fwp%2Fv2%2Ftags&post=25768"}],"curies":[{"name":"wp","href":"https:\/\/api.w.org\/{rel}","templated":true}]}}