{"id":25745,"date":"2020-07-08T16:44:38","date_gmt":"2020-07-08T19:44:38","guid":{"rendered":"http:\/\/noticiasemdestaque.com\/cd\/?p=25745"},"modified":"2020-07-08T16:44:38","modified_gmt":"2020-07-08T19:44:38","slug":"sume-confirma-primeiro-obito-por-coronavirus-no-municipio","status":"publish","type":"post","link":"https:\/\/noticiasemdestaque.com\/cd\/?p=25745","title":{"rendered":"Sum\u00e9 confirma primeiro \u00f3bito por coronav\u00edrus no munic\u00edpio"},"content":{"rendered":"<p><a href=\"https:\/\/noticiasemdestaque.com\/cd\/wp-content\/uploads\/2020\/07\/WhatsApp-Image-2020-05-06-at-08.16.47-2-735x450.jpeg\"><img fetchpriority=\"high\" decoding=\"async\" class=\"size-full wp-image-25746 aligncenter\" src=\"https:\/\/noticiasemdestaque.com\/cd\/wp-content\/uploads\/2020\/07\/WhatsApp-Image-2020-05-06-at-08.16.47-2-735x450.jpeg\" alt=\"\" width=\"735\" height=\"450\" srcset=\"https:\/\/noticiasemdestaque.com\/cd\/wp-content\/uploads\/2020\/07\/WhatsApp-Image-2020-05-06-at-08.16.47-2-735x450.jpeg 735w, https:\/\/noticiasemdestaque.com\/cd\/wp-content\/uploads\/2020\/07\/WhatsApp-Image-2020-05-06-at-08.16.47-2-735x450-300x184.jpeg 300w\" sizes=\"(max-width: 735px) 100vw, 735px\" \/><\/a><\/p>\n<p>A Prefeitura de Sum\u00e9, por meio da Secretaria de Sa\u00fade, lamenta informar o primeiro \u00f3bito por complica\u00e7\u00f5es de Covid-19 no munic\u00edpio.<\/p>\n<p>Trata-se de uma mulher, 79 anos, moradora do centro da cidade, tinha comorbidades e esteve internada em hospital em Campina Grande, onde veio a \u00f3bito nessa ter\u00e7a-feira, 7 de julho.<\/p>\n<p>A Prefeitura de Sum\u00e9 externa o mais profundo pesar aos familiares e amigos e refor\u00e7a \u00e0 popula\u00e7\u00e3o a necessidade de se manter o distanciamento social e redobrar os cuidados contra a contamina\u00e7\u00e3o por coronav\u00edrus.<\/p>\n<p>Ascom PMS<\/p>\n","protected":false},"excerpt":{"rendered":"<p>A Prefeitura de Sum\u00e9, por meio da Secretaria de Sa\u00fade, lamenta informar o primeiro \u00f3bito por complica\u00e7\u00f5es de Covid-19 no munic\u00edpio. Trata-se de uma mulher, 79 anos, moradora do centro da cidade, tinha comorbidades e esteve internada em hospital em Campina Grande, onde veio a \u00f3bito nessa ter\u00e7a-feira, 7 de julho. A Prefeitura de Sum\u00e9 externa o mais profundo pesar aos familiares e amigos e refor\u00e7a \u00e0 popula\u00e7\u00e3o a necessidade de se manter o distanciamento social e redobrar os cuidados contra a contamina\u00e7\u00e3o por coronav\u00edrus. Ascom PMS<\/p>\n","protected":false},"author":2,"featured_media":25746,"comment_status":"closed","ping_status":"open","sticky":false,"template":"","format":"standard","meta":{"_eb_attr":"","_jetpack_memberships_contains_paid_content":false,"footnotes":""},"categories":[3],"tags":[],"class_list":["post-25745","post","type-post","status-publish","format-standard","has-post-thumbnail","hentry","category-cidades"],"yoast_head":"<!-- This site is optimized with the Yoast SEO plugin v26.5 - https:\/\/yoast.com\/wordpress\/plugins\/seo\/ -->\n<title>Sum\u00e9 confirma primeiro \u00f3bito por coronav\u00edrus no munic\u00edpio - Not&iacute;cias em Destaque<\/title>\n<meta name=\"robots\" content=\"index, follow, max-snippet:-1, max-image-preview:large, max-video-preview:-1\" \/>\n<link rel=\"canonical\" href=\"https:\/\/noticiasemdestaque.com\/cd\/?p=25745\" \/>\n<meta property=\"og:locale\" content=\"pt_BR\" \/>\n<meta property=\"og:type\" content=\"article\" \/>\n<meta property=\"og:title\" content=\"Sum\u00e9 confirma primeiro \u00f3bito por coronav\u00edrus no munic\u00edpio - Not&iacute;cias em Destaque\" \/>\n<meta property=\"og:description\" content=\"A Prefeitura de Sum\u00e9, por meio da Secretaria de Sa\u00fade, lamenta informar o primeiro \u00f3bito por complica\u00e7\u00f5es de Covid-19 no munic\u00edpio. Trata-se de uma mulher, 79 anos, moradora do centro da cidade, tinha comorbidades e esteve internada em hospital em Campina Grande, onde veio a \u00f3bito nessa ter\u00e7a-feira, 7 de julho. A Prefeitura de Sum\u00e9 externa o mais profundo pesar aos familiares e amigos e refor\u00e7a \u00e0 popula\u00e7\u00e3o a necessidade de se manter o distanciamento social e redobrar os cuidados contra a contamina\u00e7\u00e3o por coronav\u00edrus. Ascom PMS\" \/>\n<meta property=\"og:url\" content=\"https:\/\/noticiasemdestaque.com\/cd\/?p=25745\" \/>\n<meta property=\"og:site_name\" content=\"Not&iacute;cias em Destaque\" \/>\n<meta property=\"article:published_time\" content=\"2020-07-08T19:44:38+00:00\" \/>\n<meta property=\"og:image\" content=\"https:\/\/noticiasemdestaque.com\/cd\/wp-content\/uploads\/2020\/07\/WhatsApp-Image-2020-05-06-at-08.16.47-2-735x450.jpeg\" \/>\n\t<meta property=\"og:image:width\" content=\"735\" \/>\n\t<meta property=\"og:image:height\" content=\"450\" \/>\n\t<meta property=\"og:image:type\" content=\"image\/jpeg\" \/>\n<meta name=\"author\" content=\"Not\u00edcias em Destaque\" \/>\n<meta name=\"twitter:card\" content=\"summary_large_image\" \/>\n<meta name=\"twitter:label1\" content=\"Escrito por\" \/>\n\t<meta name=\"twitter:data1\" content=\"Not\u00edcias em Destaque\" \/>\n<script type=\"application\/ld+json\" class=\"yoast-schema-graph\">{\"@context\":\"https:\/\/schema.org\",\"@graph\":[{\"@type\":\"Article\",\"@id\":\"https:\/\/noticiasemdestaque.com\/cd\/?p=25745#article\",\"isPartOf\":{\"@id\":\"https:\/\/noticiasemdestaque.com\/cd\/?p=25745\"},\"author\":{\"name\":\"Not\u00edcias em Destaque\",\"@id\":\"https:\/\/noticiasemdestaque.com\/cd\/#\/schema\/person\/967a459378479d4fa07976fedd8a7b5e\"},\"headline\":\"Sum\u00e9 confirma primeiro \u00f3bito por coronav\u00edrus no munic\u00edpio\",\"datePublished\":\"2020-07-08T19:44:38+00:00\",\"mainEntityOfPage\":{\"@id\":\"https:\/\/noticiasemdestaque.com\/cd\/?p=25745\"},\"wordCount\":102,\"publisher\":{\"@id\":\"https:\/\/noticiasemdestaque.com\/cd\/#organization\"},\"image\":{\"@id\":\"https:\/\/noticiasemdestaque.com\/cd\/?p=25745#primaryimage\"},\"thumbnailUrl\":\"https:\/\/noticiasemdestaque.com\/cd\/wp-content\/uploads\/2020\/07\/WhatsApp-Image-2020-05-06-at-08.16.47-2-735x450.jpeg\",\"articleSection\":[\"Cidades\"],\"inLanguage\":\"pt-BR\"},{\"@type\":\"WebPage\",\"@id\":\"https:\/\/noticiasemdestaque.com\/cd\/?p=25745\",\"url\":\"https:\/\/noticiasemdestaque.com\/cd\/?p=25745\",\"name\":\"Sum\u00e9 confirma primeiro \u00f3bito por coronav\u00edrus no munic\u00edpio - Not&iacute;cias em Destaque\",\"isPartOf\":{\"@id\":\"https:\/\/noticiasemdestaque.com\/cd\/#website\"},\"primaryImageOfPage\":{\"@id\":\"https:\/\/noticiasemdestaque.com\/cd\/?p=25745#primaryimage\"},\"image\":{\"@id\":\"https:\/\/noticiasemdestaque.com\/cd\/?p=25745#primaryimage\"},\"thumbnailUrl\":\"https:\/\/noticiasemdestaque.com\/cd\/wp-content\/uploads\/2020\/07\/WhatsApp-Image-2020-05-06-at-08.16.47-2-735x450.jpeg\",\"datePublished\":\"2020-07-08T19:44:38+00:00\",\"breadcrumb\":{\"@id\":\"https:\/\/noticiasemdestaque.com\/cd\/?p=25745#breadcrumb\"},\"inLanguage\":\"pt-BR\",\"potentialAction\":[{\"@type\":\"ReadAction\",\"target\":[\"https:\/\/noticiasemdestaque.com\/cd\/?p=25745\"]}]},{\"@type\":\"ImageObject\",\"inLanguage\":\"pt-BR\",\"@id\":\"https:\/\/noticiasemdestaque.com\/cd\/?p=25745#primaryimage\",\"url\":\"https:\/\/noticiasemdestaque.com\/cd\/wp-content\/uploads\/2020\/07\/WhatsApp-Image-2020-05-06-at-08.16.47-2-735x450.jpeg\",\"contentUrl\":\"https:\/\/noticiasemdestaque.com\/cd\/wp-content\/uploads\/2020\/07\/WhatsApp-Image-2020-05-06-at-08.16.47-2-735x450.jpeg\",\"width\":735,\"height\":450},{\"@type\":\"BreadcrumbList\",\"@id\":\"https:\/\/noticiasemdestaque.com\/cd\/?p=25745#breadcrumb\",\"itemListElement\":[{\"@type\":\"ListItem\",\"position\":1,\"name\":\"In\u00edcio\",\"item\":\"https:\/\/noticiasemdestaque.com\/cd\/\"},{\"@type\":\"ListItem\",\"position\":2,\"name\":\"Sum\u00e9 confirma primeiro \u00f3bito por coronav\u00edrus no munic\u00edpio\"}]},{\"@type\":\"WebSite\",\"@id\":\"https:\/\/noticiasemdestaque.com\/cd\/#website\",\"url\":\"https:\/\/noticiasemdestaque.com\/cd\/\",\"name\":\"Not&iacute;cias em Destaque\",\"description\":\"\",\"publisher\":{\"@id\":\"https:\/\/noticiasemdestaque.com\/cd\/#organization\"},\"potentialAction\":[{\"@type\":\"SearchAction\",\"target\":{\"@type\":\"EntryPoint\",\"urlTemplate\":\"https:\/\/noticiasemdestaque.com\/cd\/?s={search_term_string}\"},\"query-input\":{\"@type\":\"PropertyValueSpecification\",\"valueRequired\":true,\"valueName\":\"search_term_string\"}}],\"inLanguage\":\"pt-BR\"},{\"@type\":\"Organization\",\"@id\":\"https:\/\/noticiasemdestaque.com\/cd\/#organization\",\"name\":\"Not\u00edcias em Destaque\",\"url\":\"https:\/\/noticiasemdestaque.com\/cd\/\",\"logo\":{\"@type\":\"ImageObject\",\"inLanguage\":\"pt-BR\",\"@id\":\"https:\/\/noticiasemdestaque.com\/cd\/#\/schema\/logo\/image\/\",\"url\":\"https:\/\/noticiasemdestaque.com\/cd\/wp-content\/uploads\/2022\/05\/imagem-base-noticiasemdestaque.png\",\"contentUrl\":\"https:\/\/noticiasemdestaque.com\/cd\/wp-content\/uploads\/2022\/05\/imagem-base-noticiasemdestaque.png\",\"width\":1200,\"height\":630,\"caption\":\"Not\u00edcias em Destaque\"},\"image\":{\"@id\":\"https:\/\/noticiasemdestaque.com\/cd\/#\/schema\/logo\/image\/\"}},{\"@type\":\"Person\",\"@id\":\"https:\/\/noticiasemdestaque.com\/cd\/#\/schema\/person\/967a459378479d4fa07976fedd8a7b5e\",\"name\":\"Not\u00edcias em Destaque\",\"url\":\"https:\/\/noticiasemdestaque.com\/cd\/?author=2\"}]}<\/script>\n<!-- \/ Yoast SEO plugin. -->","yoast_head_json":{"title":"Sum\u00e9 confirma primeiro \u00f3bito por coronav\u00edrus no munic\u00edpio - Not&iacute;cias em Destaque","robots":{"index":"index","follow":"follow","max-snippet":"max-snippet:-1","max-image-preview":"max-image-preview:large","max-video-preview":"max-video-preview:-1"},"canonical":"https:\/\/noticiasemdestaque.com\/cd\/?p=25745","og_locale":"pt_BR","og_type":"article","og_title":"Sum\u00e9 confirma primeiro \u00f3bito por coronav\u00edrus no munic\u00edpio - Not&iacute;cias em Destaque","og_description":"A Prefeitura de Sum\u00e9, por meio da Secretaria de Sa\u00fade, lamenta informar o primeiro \u00f3bito por complica\u00e7\u00f5es de Covid-19 no munic\u00edpio. Trata-se de uma mulher, 79 anos, moradora do centro da cidade, tinha comorbidades e esteve internada em hospital em Campina Grande, onde veio a \u00f3bito nessa ter\u00e7a-feira, 7 de julho. A Prefeitura de Sum\u00e9 externa o mais profundo pesar aos familiares e amigos e refor\u00e7a \u00e0 popula\u00e7\u00e3o a necessidade de se manter o distanciamento social e redobrar os cuidados contra a contamina\u00e7\u00e3o por coronav\u00edrus. Ascom PMS","og_url":"https:\/\/noticiasemdestaque.com\/cd\/?p=25745","og_site_name":"Not&iacute;cias em Destaque","article_published_time":"2020-07-08T19:44:38+00:00","og_image":[{"width":735,"height":450,"url":"https:\/\/noticiasemdestaque.com\/cd\/wp-content\/uploads\/2020\/07\/WhatsApp-Image-2020-05-06-at-08.16.47-2-735x450.jpeg","type":"image\/jpeg"}],"author":"Not\u00edcias em Destaque","twitter_card":"summary_large_image","twitter_misc":{"Escrito por":"Not\u00edcias em Destaque"},"schema":{"@context":"https:\/\/schema.org","@graph":[{"@type":"Article","@id":"https:\/\/noticiasemdestaque.com\/cd\/?p=25745#article","isPartOf":{"@id":"https:\/\/noticiasemdestaque.com\/cd\/?p=25745"},"author":{"name":"Not\u00edcias em Destaque","@id":"https:\/\/noticiasemdestaque.com\/cd\/#\/schema\/person\/967a459378479d4fa07976fedd8a7b5e"},"headline":"Sum\u00e9 confirma primeiro \u00f3bito por coronav\u00edrus no munic\u00edpio","datePublished":"2020-07-08T19:44:38+00:00","mainEntityOfPage":{"@id":"https:\/\/noticiasemdestaque.com\/cd\/?p=25745"},"wordCount":102,"publisher":{"@id":"https:\/\/noticiasemdestaque.com\/cd\/#organization"},"image":{"@id":"https:\/\/noticiasemdestaque.com\/cd\/?p=25745#primaryimage"},"thumbnailUrl":"https:\/\/noticiasemdestaque.com\/cd\/wp-content\/uploads\/2020\/07\/WhatsApp-Image-2020-05-06-at-08.16.47-2-735x450.jpeg","articleSection":["Cidades"],"inLanguage":"pt-BR"},{"@type":"WebPage","@id":"https:\/\/noticiasemdestaque.com\/cd\/?p=25745","url":"https:\/\/noticiasemdestaque.com\/cd\/?p=25745","name":"Sum\u00e9 confirma primeiro \u00f3bito por coronav\u00edrus no munic\u00edpio - Not&iacute;cias em Destaque","isPartOf":{"@id":"https:\/\/noticiasemdestaque.com\/cd\/#website"},"primaryImageOfPage":{"@id":"https:\/\/noticiasemdestaque.com\/cd\/?p=25745#primaryimage"},"image":{"@id":"https:\/\/noticiasemdestaque.com\/cd\/?p=25745#primaryimage"},"thumbnailUrl":"https:\/\/noticiasemdestaque.com\/cd\/wp-content\/uploads\/2020\/07\/WhatsApp-Image-2020-05-06-at-08.16.47-2-735x450.jpeg","datePublished":"2020-07-08T19:44:38+00:00","breadcrumb":{"@id":"https:\/\/noticiasemdestaque.com\/cd\/?p=25745#breadcrumb"},"inLanguage":"pt-BR","potentialAction":[{"@type":"ReadAction","target":["https:\/\/noticiasemdestaque.com\/cd\/?p=25745"]}]},{"@type":"ImageObject","inLanguage":"pt-BR","@id":"https:\/\/noticiasemdestaque.com\/cd\/?p=25745#primaryimage","url":"https:\/\/noticiasemdestaque.com\/cd\/wp-content\/uploads\/2020\/07\/WhatsApp-Image-2020-05-06-at-08.16.47-2-735x450.jpeg","contentUrl":"https:\/\/noticiasemdestaque.com\/cd\/wp-content\/uploads\/2020\/07\/WhatsApp-Image-2020-05-06-at-08.16.47-2-735x450.jpeg","width":735,"height":450},{"@type":"BreadcrumbList","@id":"https:\/\/noticiasemdestaque.com\/cd\/?p=25745#breadcrumb","itemListElement":[{"@type":"ListItem","position":1,"name":"In\u00edcio","item":"https:\/\/noticiasemdestaque.com\/cd\/"},{"@type":"ListItem","position":2,"name":"Sum\u00e9 confirma primeiro \u00f3bito por coronav\u00edrus no munic\u00edpio"}]},{"@type":"WebSite","@id":"https:\/\/noticiasemdestaque.com\/cd\/#website","url":"https:\/\/noticiasemdestaque.com\/cd\/","name":"Not&iacute;cias em Destaque","description":"","publisher":{"@id":"https:\/\/noticiasemdestaque.com\/cd\/#organization"},"potentialAction":[{"@type":"SearchAction","target":{"@type":"EntryPoint","urlTemplate":"https:\/\/noticiasemdestaque.com\/cd\/?s={search_term_string}"},"query-input":{"@type":"PropertyValueSpecification","valueRequired":true,"valueName":"search_term_string"}}],"inLanguage":"pt-BR"},{"@type":"Organization","@id":"https:\/\/noticiasemdestaque.com\/cd\/#organization","name":"Not\u00edcias em Destaque","url":"https:\/\/noticiasemdestaque.com\/cd\/","logo":{"@type":"ImageObject","inLanguage":"pt-BR","@id":"https:\/\/noticiasemdestaque.com\/cd\/#\/schema\/logo\/image\/","url":"https:\/\/noticiasemdestaque.com\/cd\/wp-content\/uploads\/2022\/05\/imagem-base-noticiasemdestaque.png","contentUrl":"https:\/\/noticiasemdestaque.com\/cd\/wp-content\/uploads\/2022\/05\/imagem-base-noticiasemdestaque.png","width":1200,"height":630,"caption":"Not\u00edcias em Destaque"},"image":{"@id":"https:\/\/noticiasemdestaque.com\/cd\/#\/schema\/logo\/image\/"}},{"@type":"Person","@id":"https:\/\/noticiasemdestaque.com\/cd\/#\/schema\/person\/967a459378479d4fa07976fedd8a7b5e","name":"Not\u00edcias em Destaque","url":"https:\/\/noticiasemdestaque.com\/cd\/?author=2"}]}},"jetpack_featured_media_url":"https:\/\/noticiasemdestaque.com\/cd\/wp-content\/uploads\/2020\/07\/WhatsApp-Image-2020-05-06-at-08.16.47-2-735x450.jpeg","jetpack_sharing_enabled":true,"_links":{"self":[{"href":"https:\/\/noticiasemdestaque.com\/cd\/index.php?rest_route=\/wp\/v2\/posts\/25745","targetHints":{"allow":["GET"]}}],"collection":[{"href":"https:\/\/noticiasemdestaque.com\/cd\/index.php?rest_route=\/wp\/v2\/posts"}],"about":[{"href":"https:\/\/noticiasemdestaque.com\/cd\/index.php?rest_route=\/wp\/v2\/types\/post"}],"author":[{"embeddable":true,"href":"https:\/\/noticiasemdestaque.com\/cd\/index.php?rest_route=\/wp\/v2\/users\/2"}],"replies":[{"embeddable":true,"href":"https:\/\/noticiasemdestaque.com\/cd\/index.php?rest_route=%2Fwp%2Fv2%2Fcomments&post=25745"}],"version-history":[{"count":1,"href":"https:\/\/noticiasemdestaque.com\/cd\/index.php?rest_route=\/wp\/v2\/posts\/25745\/revisions"}],"predecessor-version":[{"id":25747,"href":"https:\/\/noticiasemdestaque.com\/cd\/index.php?rest_route=\/wp\/v2\/posts\/25745\/revisions\/25747"}],"wp:featuredmedia":[{"embeddable":true,"href":"https:\/\/noticiasemdestaque.com\/cd\/index.php?rest_route=\/wp\/v2\/media\/25746"}],"wp:attachment":[{"href":"https:\/\/noticiasemdestaque.com\/cd\/index.php?rest_route=%2Fwp%2Fv2%2Fmedia&parent=25745"}],"wp:term":[{"taxonomy":"category","embeddable":true,"href":"https:\/\/noticiasemdestaque.com\/cd\/index.php?rest_route=%2Fwp%2Fv2%2Fcategories&post=25745"},{"taxonomy":"post_tag","embeddable":true,"href":"https:\/\/noticiasemdestaque.com\/cd\/index.php?rest_route=%2Fwp%2Fv2%2Ftags&post=25745"}],"curies":[{"name":"wp","href":"https:\/\/api.w.org\/{rel}","templated":true}]}}