{"id":25733,"date":"2020-07-07T17:28:59","date_gmt":"2020-07-07T20:28:59","guid":{"rendered":"http:\/\/noticiasemdestaque.com\/cd\/?p=25733"},"modified":"2020-07-07T17:38:04","modified_gmt":"2020-07-07T20:38:04","slug":"guilherme-gaudencio-cobra-acao-da-prefeitura-de-serra-branca-para-que-artistas-recebam-o-auxilio-do-governo-federal","status":"publish","type":"post","link":"https:\/\/noticiasemdestaque.com\/cd\/?p=25733","title":{"rendered":"Guilherme Gaud\u00eancio cobra a\u00e7\u00e3o da prefeitura de Serra Branca para que artistas recebam o aux\u00edlio do governo Federal"},"content":{"rendered":"<figure id=\"attachment_19257\" aria-describedby=\"caption-attachment-19257\" style=\"width: 1024px\" class=\"wp-caption alignnone\"><a href=\"https:\/\/noticiasemdestaque.com\/cd\/wp-content\/uploads\/2019\/08\/IMG_5486.jpg\"><img fetchpriority=\"high\" decoding=\"async\" class=\"size-large wp-image-19257\" src=\"https:\/\/noticiasemdestaque.com\/cd\/wp-content\/uploads\/2019\/08\/IMG_5486-1024x683.jpg\" alt=\"\" width=\"1024\" height=\"683\" srcset=\"https:\/\/noticiasemdestaque.com\/cd\/wp-content\/uploads\/2019\/08\/IMG_5486-1024x683.jpg 1024w, https:\/\/noticiasemdestaque.com\/cd\/wp-content\/uploads\/2019\/08\/IMG_5486-300x200.jpg 300w, https:\/\/noticiasemdestaque.com\/cd\/wp-content\/uploads\/2019\/08\/IMG_5486-768x512.jpg 768w, https:\/\/noticiasemdestaque.com\/cd\/wp-content\/uploads\/2019\/08\/IMG_5486-480x320.jpg 480w\" sizes=\"(max-width: 1024px) 100vw, 1024px\" \/><\/a><figcaption id=\"caption-attachment-19257\" class=\"wp-caption-text\">Vereador Guilherme<\/figcaption><\/figure>\n<p>O vereador Guilherme Gaud\u00eancio (PDT) cobrou que a prefeitura de Serra Branca fa\u00e7a o cadastramento dos trabalhadores da cultura que ir\u00e3o receber o aux\u00edlio emergencial, por meio da Lei n\u00b0 14.017\/2020 (Lei Aldir Blanc). Guilherme demonstra preocupa\u00e7\u00e3o com a situa\u00e7\u00e3o de m\u00fasicos, sanfoneiros, produtores e profissionais da cultura que est\u00e3o h\u00e1 mais de 3 meses parados em decorr\u00eancia da pandemia do Covid-19.<\/p>\n<p>O munic\u00edpio de Serra Branca receber\u00e1 do governo Federal mais de R$ 121 mil a ser pago em forma de aux\u00edlio em tr\u00eas parcelas de R$ 600,00 \u00e0s pessoas que trabalham na \u00e1rea da cultura, sendo m\u00e3e de fam\u00edlia, a parcela do aux\u00edlio poder\u00e1 chegar a R$ 1.200,00.<\/p>\n<p>De acordo com o vereador Guilherme Gaud\u00eancio, alguns artistas de Serra Branca cobraram nas redes sociais por mais apoio por parte da prefeitura que neste m\u00eas junino n\u00e3o realizou nenhuma a\u00e7\u00e3o de incentivo a categoria. \u201cNem sequer a nossa lei aprovada pela C\u00e2mara Municipal para realiza\u00e7\u00e3o das lives com os artistas locais no m\u00eas junino foi realizada, diferentemente de v\u00e1rios munic\u00edpios da regi\u00e3o. Um total desrespeito n\u00e3o a minha pessoa, mas aos m\u00fasicos e produtores culturais que passam por grave dificuldade financeira\u201d, lamentou.<\/p>\n<p>Guilherme destaca que o recurso est\u00e1 assegurado, mas n\u00e3o v\u00ea qualquer a\u00e7\u00e3o da prefeitura para auxiliar os artistas no cadastramento. \u201cCobramos o in\u00edcio da inscri\u00e7\u00e3o dos artistas para que possam ser atendidos pelo aux\u00edlio do governo federal, pois os artistas de nossa cidade est\u00e3o muito sacrificados e sem renda. Essa \u00e9 uma das classes mais sacrificadas com a pandemia. Esperamos que a prefeitura tenha um novo olhar e tome as medidas cab\u00edveis para que os artistas recebam o aux\u00edlio emergencial nesse momento dif\u00edcil\u201d, conclui.<\/p>\n<p><em><strong>Not\u00edcias em Destaque<\/strong><\/em><\/p>\n<p>Com Ascom<\/p>\n","protected":false},"excerpt":{"rendered":"<p>O vereador Guilherme Gaud\u00eancio (PDT) cobrou que a prefeitura de Serra Branca fa\u00e7a o cadastramento dos trabalhadores da cultura que ir\u00e3o receber o aux\u00edlio emergencial, por meio da Lei n\u00b0 14.017\/2020 (Lei Aldir Blanc). Guilherme demonstra preocupa\u00e7\u00e3o com a situa\u00e7\u00e3o de m\u00fasicos, sanfoneiros, produtores e profissionais da cultura que est\u00e3o h\u00e1 mais de 3 meses parados em decorr\u00eancia da pandemia do Covid-19. O munic\u00edpio de Serra Branca receber\u00e1 do governo Federal mais de R$ 121 mil a ser pago em forma de aux\u00edlio em tr\u00eas parcelas de R$ 600,00 \u00e0s pessoas que trabalham na \u00e1rea da cultura, sendo m\u00e3e de fam\u00edlia, a parcela do aux\u00edlio poder\u00e1 chegar a R$ 1.200,00. De acordo com o vereador Guilherme Gaud\u00eancio, alguns artistas de Serra Branca cobraram nas redes sociais por mais apoio por parte da prefeitura que neste m\u00eas junino n\u00e3o realizou nenhuma a\u00e7\u00e3o de incentivo a categoria. \u201cNem sequer a nossa lei aprovada pela C\u00e2mara Municipal para realiza\u00e7\u00e3o das lives com os artistas locais no m\u00eas junino foi realizada, diferentemente de v\u00e1rios munic\u00edpios da regi\u00e3o. Um total desrespeito n\u00e3o a minha pessoa, mas aos m\u00fasicos e produtores culturais que passam por grave dificuldade financeira\u201d, lamentou. Guilherme destaca que o recurso est\u00e1 assegurado, mas n\u00e3o v\u00ea qualquer a\u00e7\u00e3o da prefeitura para auxiliar os artistas no cadastramento. \u201cCobramos o in\u00edcio da inscri\u00e7\u00e3o dos artistas para que possam ser atendidos pelo aux\u00edlio do governo federal, pois os artistas de nossa cidade est\u00e3o muito sacrificados e sem renda. Essa \u00e9 uma das classes mais sacrificadas com a pandemia. Esperamos que a prefeitura tenha um novo olhar e tome as medidas cab\u00edveis para que os artistas recebam o aux\u00edlio emergencial nesse momento dif\u00edcil\u201d, conclui. Not\u00edcias em Destaque Com Ascom<\/p>\n","protected":false},"author":2,"featured_media":19257,"comment_status":"closed","ping_status":"open","sticky":false,"template":"","format":"standard","meta":{"_eb_attr":"","_jetpack_memberships_contains_paid_content":false,"footnotes":""},"categories":[4],"tags":[],"class_list":["post-25733","post","type-post","status-publish","format-standard","has-post-thumbnail","hentry","category-politica"],"yoast_head":"<!-- This site is optimized with the Yoast SEO plugin v26.5 - https:\/\/yoast.com\/wordpress\/plugins\/seo\/ -->\n<title>Guilherme Gaud\u00eancio cobra a\u00e7\u00e3o da prefeitura de Serra Branca para que artistas recebam o aux\u00edlio do governo Federal - Not&iacute;cias em Destaque<\/title>\n<meta name=\"robots\" content=\"index, follow, max-snippet:-1, max-image-preview:large, max-video-preview:-1\" \/>\n<link rel=\"canonical\" href=\"https:\/\/noticiasemdestaque.com\/cd\/?p=25733\" \/>\n<meta property=\"og:locale\" content=\"pt_BR\" \/>\n<meta property=\"og:type\" content=\"article\" \/>\n<meta property=\"og:title\" content=\"Guilherme Gaud\u00eancio cobra a\u00e7\u00e3o da prefeitura de Serra Branca para que artistas recebam o aux\u00edlio do governo Federal - Not&iacute;cias em Destaque\" \/>\n<meta property=\"og:description\" content=\"O vereador Guilherme Gaud\u00eancio (PDT) cobrou que a prefeitura de Serra Branca fa\u00e7a o cadastramento dos trabalhadores da cultura que ir\u00e3o receber o aux\u00edlio emergencial, por meio da Lei n\u00b0 14.017\/2020 (Lei Aldir Blanc). Guilherme demonstra preocupa\u00e7\u00e3o com a situa\u00e7\u00e3o de m\u00fasicos, sanfoneiros, produtores e profissionais da cultura que est\u00e3o h\u00e1 mais de 3 meses parados em decorr\u00eancia da pandemia do Covid-19. O munic\u00edpio de Serra Branca receber\u00e1 do governo Federal mais de R$ 121 mil a ser pago em forma de aux\u00edlio em tr\u00eas parcelas de R$ 600,00 \u00e0s pessoas que trabalham na \u00e1rea da cultura, sendo m\u00e3e de fam\u00edlia, a parcela do aux\u00edlio poder\u00e1 chegar a R$ 1.200,00. De acordo com o vereador Guilherme Gaud\u00eancio, alguns artistas de Serra Branca cobraram nas redes sociais por mais apoio por parte da prefeitura que neste m\u00eas junino n\u00e3o realizou nenhuma a\u00e7\u00e3o de incentivo a categoria. \u201cNem sequer a nossa lei aprovada pela C\u00e2mara Municipal para realiza\u00e7\u00e3o das lives com os artistas locais no m\u00eas junino foi realizada, diferentemente de v\u00e1rios munic\u00edpios da regi\u00e3o. Um total desrespeito n\u00e3o a minha pessoa, mas aos m\u00fasicos e produtores culturais que passam por grave dificuldade financeira\u201d, lamentou. Guilherme destaca que o recurso est\u00e1 assegurado, mas n\u00e3o v\u00ea qualquer a\u00e7\u00e3o da prefeitura para auxiliar os artistas no cadastramento. \u201cCobramos o in\u00edcio da inscri\u00e7\u00e3o dos artistas para que possam ser atendidos pelo aux\u00edlio do governo federal, pois os artistas de nossa cidade est\u00e3o muito sacrificados e sem renda. Essa \u00e9 uma das classes mais sacrificadas com a pandemia. Esperamos que a prefeitura tenha um novo olhar e tome as medidas cab\u00edveis para que os artistas recebam o aux\u00edlio emergencial nesse momento dif\u00edcil\u201d, conclui. Not\u00edcias em Destaque Com Ascom\" \/>\n<meta property=\"og:url\" content=\"https:\/\/noticiasemdestaque.com\/cd\/?p=25733\" \/>\n<meta property=\"og:site_name\" content=\"Not&iacute;cias em Destaque\" \/>\n<meta property=\"article:published_time\" content=\"2020-07-07T20:28:59+00:00\" \/>\n<meta property=\"article:modified_time\" content=\"2020-07-07T20:38:04+00:00\" \/>\n<meta property=\"og:image\" content=\"https:\/\/noticiasemdestaque.com\/cd\/wp-content\/uploads\/2019\/08\/IMG_5486.jpg\" \/>\n\t<meta property=\"og:image:width\" content=\"2592\" \/>\n\t<meta property=\"og:image:height\" content=\"1728\" \/>\n\t<meta property=\"og:image:type\" content=\"image\/jpeg\" \/>\n<meta name=\"author\" content=\"Not\u00edcias em Destaque\" \/>\n<meta name=\"twitter:card\" content=\"summary_large_image\" \/>\n<meta name=\"twitter:label1\" content=\"Escrito por\" \/>\n\t<meta name=\"twitter:data1\" content=\"Not\u00edcias em Destaque\" \/>\n\t<meta name=\"twitter:label2\" content=\"Est. tempo de leitura\" \/>\n\t<meta name=\"twitter:data2\" content=\"2 minutos\" \/>\n<script type=\"application\/ld+json\" class=\"yoast-schema-graph\">{\"@context\":\"https:\/\/schema.org\",\"@graph\":[{\"@type\":\"Article\",\"@id\":\"https:\/\/noticiasemdestaque.com\/cd\/?p=25733#article\",\"isPartOf\":{\"@id\":\"https:\/\/noticiasemdestaque.com\/cd\/?p=25733\"},\"author\":{\"name\":\"Not\u00edcias em Destaque\",\"@id\":\"https:\/\/noticiasemdestaque.com\/cd\/#\/schema\/person\/967a459378479d4fa07976fedd8a7b5e\"},\"headline\":\"Guilherme Gaud\u00eancio cobra a\u00e7\u00e3o da prefeitura de Serra Branca para que artistas recebam o aux\u00edlio do governo Federal\",\"datePublished\":\"2020-07-07T20:28:59+00:00\",\"dateModified\":\"2020-07-07T20:38:04+00:00\",\"mainEntityOfPage\":{\"@id\":\"https:\/\/noticiasemdestaque.com\/cd\/?p=25733\"},\"wordCount\":343,\"publisher\":{\"@id\":\"https:\/\/noticiasemdestaque.com\/cd\/#organization\"},\"image\":{\"@id\":\"https:\/\/noticiasemdestaque.com\/cd\/?p=25733#primaryimage\"},\"thumbnailUrl\":\"https:\/\/noticiasemdestaque.com\/cd\/wp-content\/uploads\/2019\/08\/IMG_5486.jpg\",\"articleSection\":[\"Pol\u00edtica\"],\"inLanguage\":\"pt-BR\"},{\"@type\":\"WebPage\",\"@id\":\"https:\/\/noticiasemdestaque.com\/cd\/?p=25733\",\"url\":\"https:\/\/noticiasemdestaque.com\/cd\/?p=25733\",\"name\":\"Guilherme Gaud\u00eancio cobra a\u00e7\u00e3o da prefeitura de Serra Branca para que artistas recebam o aux\u00edlio do governo Federal - Not&iacute;cias em Destaque\",\"isPartOf\":{\"@id\":\"https:\/\/noticiasemdestaque.com\/cd\/#website\"},\"primaryImageOfPage\":{\"@id\":\"https:\/\/noticiasemdestaque.com\/cd\/?p=25733#primaryimage\"},\"image\":{\"@id\":\"https:\/\/noticiasemdestaque.com\/cd\/?p=25733#primaryimage\"},\"thumbnailUrl\":\"https:\/\/noticiasemdestaque.com\/cd\/wp-content\/uploads\/2019\/08\/IMG_5486.jpg\",\"datePublished\":\"2020-07-07T20:28:59+00:00\",\"dateModified\":\"2020-07-07T20:38:04+00:00\",\"breadcrumb\":{\"@id\":\"https:\/\/noticiasemdestaque.com\/cd\/?p=25733#breadcrumb\"},\"inLanguage\":\"pt-BR\",\"potentialAction\":[{\"@type\":\"ReadAction\",\"target\":[\"https:\/\/noticiasemdestaque.com\/cd\/?p=25733\"]}]},{\"@type\":\"ImageObject\",\"inLanguage\":\"pt-BR\",\"@id\":\"https:\/\/noticiasemdestaque.com\/cd\/?p=25733#primaryimage\",\"url\":\"https:\/\/noticiasemdestaque.com\/cd\/wp-content\/uploads\/2019\/08\/IMG_5486.jpg\",\"contentUrl\":\"https:\/\/noticiasemdestaque.com\/cd\/wp-content\/uploads\/2019\/08\/IMG_5486.jpg\",\"width\":2592,\"height\":1728,\"caption\":\"Vereador Guilherme\"},{\"@type\":\"BreadcrumbList\",\"@id\":\"https:\/\/noticiasemdestaque.com\/cd\/?p=25733#breadcrumb\",\"itemListElement\":[{\"@type\":\"ListItem\",\"position\":1,\"name\":\"In\u00edcio\",\"item\":\"https:\/\/noticiasemdestaque.com\/cd\/\"},{\"@type\":\"ListItem\",\"position\":2,\"name\":\"Guilherme Gaud\u00eancio cobra a\u00e7\u00e3o da prefeitura de Serra Branca para que artistas recebam o aux\u00edlio do governo Federal\"}]},{\"@type\":\"WebSite\",\"@id\":\"https:\/\/noticiasemdestaque.com\/cd\/#website\",\"url\":\"https:\/\/noticiasemdestaque.com\/cd\/\",\"name\":\"Not&iacute;cias em Destaque\",\"description\":\"\",\"publisher\":{\"@id\":\"https:\/\/noticiasemdestaque.com\/cd\/#organization\"},\"potentialAction\":[{\"@type\":\"SearchAction\",\"target\":{\"@type\":\"EntryPoint\",\"urlTemplate\":\"https:\/\/noticiasemdestaque.com\/cd\/?s={search_term_string}\"},\"query-input\":{\"@type\":\"PropertyValueSpecification\",\"valueRequired\":true,\"valueName\":\"search_term_string\"}}],\"inLanguage\":\"pt-BR\"},{\"@type\":\"Organization\",\"@id\":\"https:\/\/noticiasemdestaque.com\/cd\/#organization\",\"name\":\"Not\u00edcias em Destaque\",\"url\":\"https:\/\/noticiasemdestaque.com\/cd\/\",\"logo\":{\"@type\":\"ImageObject\",\"inLanguage\":\"pt-BR\",\"@id\":\"https:\/\/noticiasemdestaque.com\/cd\/#\/schema\/logo\/image\/\",\"url\":\"https:\/\/noticiasemdestaque.com\/cd\/wp-content\/uploads\/2022\/05\/imagem-base-noticiasemdestaque.png\",\"contentUrl\":\"https:\/\/noticiasemdestaque.com\/cd\/wp-content\/uploads\/2022\/05\/imagem-base-noticiasemdestaque.png\",\"width\":1200,\"height\":630,\"caption\":\"Not\u00edcias em Destaque\"},\"image\":{\"@id\":\"https:\/\/noticiasemdestaque.com\/cd\/#\/schema\/logo\/image\/\"}},{\"@type\":\"Person\",\"@id\":\"https:\/\/noticiasemdestaque.com\/cd\/#\/schema\/person\/967a459378479d4fa07976fedd8a7b5e\",\"name\":\"Not\u00edcias em Destaque\",\"url\":\"https:\/\/noticiasemdestaque.com\/cd\/?author=2\"}]}<\/script>\n<!-- \/ Yoast SEO plugin. -->","yoast_head_json":{"title":"Guilherme Gaud\u00eancio cobra a\u00e7\u00e3o da prefeitura de Serra Branca para que artistas recebam o aux\u00edlio do governo Federal - Not&iacute;cias em Destaque","robots":{"index":"index","follow":"follow","max-snippet":"max-snippet:-1","max-image-preview":"max-image-preview:large","max-video-preview":"max-video-preview:-1"},"canonical":"https:\/\/noticiasemdestaque.com\/cd\/?p=25733","og_locale":"pt_BR","og_type":"article","og_title":"Guilherme Gaud\u00eancio cobra a\u00e7\u00e3o da prefeitura de Serra Branca para que artistas recebam o aux\u00edlio do governo Federal - Not&iacute;cias em Destaque","og_description":"O vereador Guilherme Gaud\u00eancio (PDT) cobrou que a prefeitura de Serra Branca fa\u00e7a o cadastramento dos trabalhadores da cultura que ir\u00e3o receber o aux\u00edlio emergencial, por meio da Lei n\u00b0 14.017\/2020 (Lei Aldir Blanc). Guilherme demonstra preocupa\u00e7\u00e3o com a situa\u00e7\u00e3o de m\u00fasicos, sanfoneiros, produtores e profissionais da cultura que est\u00e3o h\u00e1 mais de 3 meses parados em decorr\u00eancia da pandemia do Covid-19. O munic\u00edpio de Serra Branca receber\u00e1 do governo Federal mais de R$ 121 mil a ser pago em forma de aux\u00edlio em tr\u00eas parcelas de R$ 600,00 \u00e0s pessoas que trabalham na \u00e1rea da cultura, sendo m\u00e3e de fam\u00edlia, a parcela do aux\u00edlio poder\u00e1 chegar a R$ 1.200,00. De acordo com o vereador Guilherme Gaud\u00eancio, alguns artistas de Serra Branca cobraram nas redes sociais por mais apoio por parte da prefeitura que neste m\u00eas junino n\u00e3o realizou nenhuma a\u00e7\u00e3o de incentivo a categoria. \u201cNem sequer a nossa lei aprovada pela C\u00e2mara Municipal para realiza\u00e7\u00e3o das lives com os artistas locais no m\u00eas junino foi realizada, diferentemente de v\u00e1rios munic\u00edpios da regi\u00e3o. Um total desrespeito n\u00e3o a minha pessoa, mas aos m\u00fasicos e produtores culturais que passam por grave dificuldade financeira\u201d, lamentou. Guilherme destaca que o recurso est\u00e1 assegurado, mas n\u00e3o v\u00ea qualquer a\u00e7\u00e3o da prefeitura para auxiliar os artistas no cadastramento. \u201cCobramos o in\u00edcio da inscri\u00e7\u00e3o dos artistas para que possam ser atendidos pelo aux\u00edlio do governo federal, pois os artistas de nossa cidade est\u00e3o muito sacrificados e sem renda. Essa \u00e9 uma das classes mais sacrificadas com a pandemia. Esperamos que a prefeitura tenha um novo olhar e tome as medidas cab\u00edveis para que os artistas recebam o aux\u00edlio emergencial nesse momento dif\u00edcil\u201d, conclui. Not\u00edcias em Destaque Com Ascom","og_url":"https:\/\/noticiasemdestaque.com\/cd\/?p=25733","og_site_name":"Not&iacute;cias em Destaque","article_published_time":"2020-07-07T20:28:59+00:00","article_modified_time":"2020-07-07T20:38:04+00:00","og_image":[{"width":2592,"height":1728,"url":"https:\/\/noticiasemdestaque.com\/cd\/wp-content\/uploads\/2019\/08\/IMG_5486.jpg","type":"image\/jpeg"}],"author":"Not\u00edcias em Destaque","twitter_card":"summary_large_image","twitter_misc":{"Escrito por":"Not\u00edcias em Destaque","Est. tempo de leitura":"2 minutos"},"schema":{"@context":"https:\/\/schema.org","@graph":[{"@type":"Article","@id":"https:\/\/noticiasemdestaque.com\/cd\/?p=25733#article","isPartOf":{"@id":"https:\/\/noticiasemdestaque.com\/cd\/?p=25733"},"author":{"name":"Not\u00edcias em Destaque","@id":"https:\/\/noticiasemdestaque.com\/cd\/#\/schema\/person\/967a459378479d4fa07976fedd8a7b5e"},"headline":"Guilherme Gaud\u00eancio cobra a\u00e7\u00e3o da prefeitura de Serra Branca para que artistas recebam o aux\u00edlio do governo Federal","datePublished":"2020-07-07T20:28:59+00:00","dateModified":"2020-07-07T20:38:04+00:00","mainEntityOfPage":{"@id":"https:\/\/noticiasemdestaque.com\/cd\/?p=25733"},"wordCount":343,"publisher":{"@id":"https:\/\/noticiasemdestaque.com\/cd\/#organization"},"image":{"@id":"https:\/\/noticiasemdestaque.com\/cd\/?p=25733#primaryimage"},"thumbnailUrl":"https:\/\/noticiasemdestaque.com\/cd\/wp-content\/uploads\/2019\/08\/IMG_5486.jpg","articleSection":["Pol\u00edtica"],"inLanguage":"pt-BR"},{"@type":"WebPage","@id":"https:\/\/noticiasemdestaque.com\/cd\/?p=25733","url":"https:\/\/noticiasemdestaque.com\/cd\/?p=25733","name":"Guilherme Gaud\u00eancio cobra a\u00e7\u00e3o da prefeitura de Serra Branca para que artistas recebam o aux\u00edlio do governo Federal - Not&iacute;cias em Destaque","isPartOf":{"@id":"https:\/\/noticiasemdestaque.com\/cd\/#website"},"primaryImageOfPage":{"@id":"https:\/\/noticiasemdestaque.com\/cd\/?p=25733#primaryimage"},"image":{"@id":"https:\/\/noticiasemdestaque.com\/cd\/?p=25733#primaryimage"},"thumbnailUrl":"https:\/\/noticiasemdestaque.com\/cd\/wp-content\/uploads\/2019\/08\/IMG_5486.jpg","datePublished":"2020-07-07T20:28:59+00:00","dateModified":"2020-07-07T20:38:04+00:00","breadcrumb":{"@id":"https:\/\/noticiasemdestaque.com\/cd\/?p=25733#breadcrumb"},"inLanguage":"pt-BR","potentialAction":[{"@type":"ReadAction","target":["https:\/\/noticiasemdestaque.com\/cd\/?p=25733"]}]},{"@type":"ImageObject","inLanguage":"pt-BR","@id":"https:\/\/noticiasemdestaque.com\/cd\/?p=25733#primaryimage","url":"https:\/\/noticiasemdestaque.com\/cd\/wp-content\/uploads\/2019\/08\/IMG_5486.jpg","contentUrl":"https:\/\/noticiasemdestaque.com\/cd\/wp-content\/uploads\/2019\/08\/IMG_5486.jpg","width":2592,"height":1728,"caption":"Vereador Guilherme"},{"@type":"BreadcrumbList","@id":"https:\/\/noticiasemdestaque.com\/cd\/?p=25733#breadcrumb","itemListElement":[{"@type":"ListItem","position":1,"name":"In\u00edcio","item":"https:\/\/noticiasemdestaque.com\/cd\/"},{"@type":"ListItem","position":2,"name":"Guilherme Gaud\u00eancio cobra a\u00e7\u00e3o da prefeitura de Serra Branca para que artistas recebam o aux\u00edlio do governo Federal"}]},{"@type":"WebSite","@id":"https:\/\/noticiasemdestaque.com\/cd\/#website","url":"https:\/\/noticiasemdestaque.com\/cd\/","name":"Not&iacute;cias em Destaque","description":"","publisher":{"@id":"https:\/\/noticiasemdestaque.com\/cd\/#organization"},"potentialAction":[{"@type":"SearchAction","target":{"@type":"EntryPoint","urlTemplate":"https:\/\/noticiasemdestaque.com\/cd\/?s={search_term_string}"},"query-input":{"@type":"PropertyValueSpecification","valueRequired":true,"valueName":"search_term_string"}}],"inLanguage":"pt-BR"},{"@type":"Organization","@id":"https:\/\/noticiasemdestaque.com\/cd\/#organization","name":"Not\u00edcias em Destaque","url":"https:\/\/noticiasemdestaque.com\/cd\/","logo":{"@type":"ImageObject","inLanguage":"pt-BR","@id":"https:\/\/noticiasemdestaque.com\/cd\/#\/schema\/logo\/image\/","url":"https:\/\/noticiasemdestaque.com\/cd\/wp-content\/uploads\/2022\/05\/imagem-base-noticiasemdestaque.png","contentUrl":"https:\/\/noticiasemdestaque.com\/cd\/wp-content\/uploads\/2022\/05\/imagem-base-noticiasemdestaque.png","width":1200,"height":630,"caption":"Not\u00edcias em Destaque"},"image":{"@id":"https:\/\/noticiasemdestaque.com\/cd\/#\/schema\/logo\/image\/"}},{"@type":"Person","@id":"https:\/\/noticiasemdestaque.com\/cd\/#\/schema\/person\/967a459378479d4fa07976fedd8a7b5e","name":"Not\u00edcias em Destaque","url":"https:\/\/noticiasemdestaque.com\/cd\/?author=2"}]}},"jetpack_featured_media_url":"https:\/\/noticiasemdestaque.com\/cd\/wp-content\/uploads\/2019\/08\/IMG_5486.jpg","jetpack_sharing_enabled":true,"_links":{"self":[{"href":"https:\/\/noticiasemdestaque.com\/cd\/index.php?rest_route=\/wp\/v2\/posts\/25733","targetHints":{"allow":["GET"]}}],"collection":[{"href":"https:\/\/noticiasemdestaque.com\/cd\/index.php?rest_route=\/wp\/v2\/posts"}],"about":[{"href":"https:\/\/noticiasemdestaque.com\/cd\/index.php?rest_route=\/wp\/v2\/types\/post"}],"author":[{"embeddable":true,"href":"https:\/\/noticiasemdestaque.com\/cd\/index.php?rest_route=\/wp\/v2\/users\/2"}],"replies":[{"embeddable":true,"href":"https:\/\/noticiasemdestaque.com\/cd\/index.php?rest_route=%2Fwp%2Fv2%2Fcomments&post=25733"}],"version-history":[{"count":1,"href":"https:\/\/noticiasemdestaque.com\/cd\/index.php?rest_route=\/wp\/v2\/posts\/25733\/revisions"}],"predecessor-version":[{"id":25734,"href":"https:\/\/noticiasemdestaque.com\/cd\/index.php?rest_route=\/wp\/v2\/posts\/25733\/revisions\/25734"}],"wp:featuredmedia":[{"embeddable":true,"href":"https:\/\/noticiasemdestaque.com\/cd\/index.php?rest_route=\/wp\/v2\/media\/19257"}],"wp:attachment":[{"href":"https:\/\/noticiasemdestaque.com\/cd\/index.php?rest_route=%2Fwp%2Fv2%2Fmedia&parent=25733"}],"wp:term":[{"taxonomy":"category","embeddable":true,"href":"https:\/\/noticiasemdestaque.com\/cd\/index.php?rest_route=%2Fwp%2Fv2%2Fcategories&post=25733"},{"taxonomy":"post_tag","embeddable":true,"href":"https:\/\/noticiasemdestaque.com\/cd\/index.php?rest_route=%2Fwp%2Fv2%2Ftags&post=25733"}],"curies":[{"name":"wp","href":"https:\/\/api.w.org\/{rel}","templated":true}]}}