{"id":25730,"date":"2020-07-07T10:56:41","date_gmt":"2020-07-07T13:56:41","guid":{"rendered":"http:\/\/noticiasemdestaque.com\/cd\/?p=25730"},"modified":"2020-07-07T10:56:41","modified_gmt":"2020-07-07T13:56:41","slug":"prefeitura-de-sume-inicia-cadastro-de-trabalhadores-da-cultura-para-receber-auxilio-emergencial-da-lei-aldir-blanc","status":"publish","type":"post","link":"https:\/\/noticiasemdestaque.com\/cd\/?p=25730","title":{"rendered":"Prefeitura de Sum\u00e9 inicia cadastro de trabalhadores da cultura para receber aux\u00edlio emergencial da Lei Aldir Blanc"},"content":{"rendered":"<p><a href=\"https:\/\/noticiasemdestaque.com\/cd\/wp-content\/uploads\/2018\/05\/PREFEITURA-DE-SUM\u00c9-768x511.jpg\"><img fetchpriority=\"high\" decoding=\"async\" class=\"wp-image-10226 alignleft\" src=\"https:\/\/noticiasemdestaque.com\/cd\/wp-content\/uploads\/2018\/05\/PREFEITURA-DE-SUM\u00c9-768x511.jpg\" alt=\"\" width=\"437\" height=\"291\" srcset=\"https:\/\/noticiasemdestaque.com\/cd\/wp-content\/uploads\/2018\/05\/PREFEITURA-DE-SUM\u00c9-768x511.jpg 768w, https:\/\/noticiasemdestaque.com\/cd\/wp-content\/uploads\/2018\/05\/PREFEITURA-DE-SUM\u00c9-768x511-300x200.jpg 300w, https:\/\/noticiasemdestaque.com\/cd\/wp-content\/uploads\/2018\/05\/PREFEITURA-DE-SUM\u00c9-768x511-480x320.jpg 480w\" sizes=\"(max-width: 437px) 100vw, 437px\" \/><\/a>A Secretaria de Cultura de Sum\u00e9 comunica aos trabalhadores do setor cultural do munic\u00edpio que deu in\u00edcio ao cadastro para recebimento de aux\u00edlio emergencial da categoria, por meio da Lei n\u00b0 14.017\/2020 (Lei Aldir Blanc).<\/p>\n<p>A Lei Aldir Blanc foi sancionada no fim do m\u00eas de junho pelo Presidente Jair Bolsonaro. O Governo Federal ir\u00e1 repassar para o munic\u00edpio de Sum\u00e9 R$ 139.716,89 a ser pago em forma de aux\u00edlio em tr\u00eas parcelas de R$ 600,00 \u00e0s pessoas que trabalham na \u00e1rea da cultura, sendo m\u00e3e de fam\u00edlia, a parcela do aux\u00edlio poder\u00e1 chegar a R$ 1.200,00.<\/p>\n<p>Uma outra quantia ser\u00e1 revertida em subs\u00eddio mensal para manuten\u00e7\u00e3o de micro, pequenas empresas e organiza\u00e7\u00f5es comunit\u00e1rias culturais, bem como espa\u00e7os art\u00edsticos que paralisaram as atividades em meio \u00e0 pandemia.<\/p>\n<p>De acordo com o Secret\u00e1rio de Educa\u00e7\u00e3o e Cultura do munic\u00edpio, Odilon Ara\u00fajo, uma comiss\u00e3o ser\u00e1 formada para analisar os crit\u00e9rios das pessoas que estar\u00e3o cadastradas para recebimento do aux\u00edlio. A comiss\u00e3o ser\u00e1 composta por um representante de m\u00fasicos, um representante de bandas ou trios p\u00e9 de serra, um representante \u00e1udio visual, um representante do teatro e um representante da Secretaria Municipal de Educa\u00e7\u00e3o e Cultura.<\/p>\n<p>\u201cA Secretaria de Cultura de Sum\u00e9 est\u00e1 empenhada para exercer esse direito da melhor maneira poss\u00edvel aos artistas do setor cultural do munic\u00edpio. Pedimos que os interessados efetuem o cadastro o quanto antes para darmos in\u00edcio a esse processo\u201d, declarou o secret\u00e1rio Odilon.<\/p>\n<p><strong>Os profissionais e trabalhadores da Cultura devem fazer o cadastro atrav\u00e9s do link<\/strong>:\u00a0<a href=\"https:\/\/forms.gle\/jsBYzQ7LvVy7tbPY7\">https:\/\/forms.gle\/jsBYzQ7LvVy7tbPY7<\/a>.<\/p>\n<p><strong>Para empresas e estabelecimentos culturais o link para cadastro \u00e9:<\/strong>\u00a0<a href=\"https:\/\/forms.gle\/Ujm1Yu3261ixDKy36\">https:\/\/forms.gle\/Ujm1Yu3261ixDKy36<\/a>.<\/p>\n<p>O prazo para cadastramento vai de 07 de julho a 21 de julho. Os interessados que tiverem d\u00favidas podem entrar em contato com a Secretaria Municipal de Educa\u00e7\u00e3o pelo n\u00famero (83) 99820-0074\u00a0ou atrav\u00e9s do e-mail: secult@edu.sume.pb.gov.br.<\/p>\n<p>Ascom PMS<\/p>\n","protected":false},"excerpt":{"rendered":"<p>A Secretaria de Cultura de Sum\u00e9 comunica aos trabalhadores do setor cultural do munic\u00edpio que deu in\u00edcio ao cadastro para recebimento de aux\u00edlio emergencial da categoria, por meio da Lei n\u00b0 14.017\/2020 (Lei Aldir Blanc). A Lei Aldir Blanc foi sancionada no fim do m\u00eas de junho pelo Presidente Jair Bolsonaro. O Governo Federal ir\u00e1 repassar para o munic\u00edpio de Sum\u00e9 R$ 139.716,89 a ser pago em forma de aux\u00edlio em tr\u00eas parcelas de R$ 600,00 \u00e0s pessoas que trabalham na \u00e1rea da cultura, sendo m\u00e3e de fam\u00edlia, a parcela do aux\u00edlio poder\u00e1 chegar a R$ 1.200,00. Uma outra quantia ser\u00e1 revertida em subs\u00eddio mensal para manuten\u00e7\u00e3o de micro, pequenas empresas e organiza\u00e7\u00f5es comunit\u00e1rias culturais, bem como espa\u00e7os art\u00edsticos que paralisaram as atividades em meio \u00e0 pandemia. De acordo com o Secret\u00e1rio de Educa\u00e7\u00e3o e Cultura do munic\u00edpio, Odilon Ara\u00fajo, uma comiss\u00e3o ser\u00e1 formada para analisar os crit\u00e9rios das pessoas que estar\u00e3o cadastradas para recebimento do aux\u00edlio. A comiss\u00e3o ser\u00e1 composta por um representante de m\u00fasicos, um representante de bandas ou trios p\u00e9 de serra, um representante \u00e1udio visual, um representante do teatro e um representante da Secretaria Municipal de Educa\u00e7\u00e3o e Cultura. \u201cA Secretaria de Cultura de Sum\u00e9 est\u00e1 empenhada para exercer esse direito da melhor maneira poss\u00edvel aos artistas do setor cultural do munic\u00edpio. Pedimos que os interessados efetuem o cadastro o quanto antes para darmos in\u00edcio a esse processo\u201d, declarou o secret\u00e1rio Odilon. Os profissionais e trabalhadores da Cultura devem fazer o cadastro atrav\u00e9s do link:\u00a0https:\/\/forms.gle\/jsBYzQ7LvVy7tbPY7. Para empresas e estabelecimentos culturais o link para cadastro \u00e9:\u00a0https:\/\/forms.gle\/Ujm1Yu3261ixDKy36. O prazo para cadastramento vai de 07 de julho a 21 de julho. Os interessados que tiverem d\u00favidas podem entrar em contato com a Secretaria Municipal de Educa\u00e7\u00e3o pelo n\u00famero (83) 99820-0074\u00a0ou atrav\u00e9s do e-mail: secult@edu.sume.pb.gov.br. Ascom PMS<\/p>\n","protected":false},"author":2,"featured_media":10226,"comment_status":"closed","ping_status":"open","sticky":false,"template":"","format":"standard","meta":{"_eb_attr":"","_jetpack_memberships_contains_paid_content":false,"footnotes":""},"categories":[3],"tags":[],"class_list":["post-25730","post","type-post","status-publish","format-standard","has-post-thumbnail","hentry","category-cidades"],"yoast_head":"<!-- This site is optimized with the Yoast SEO plugin v26.5 - https:\/\/yoast.com\/wordpress\/plugins\/seo\/ -->\n<title>Prefeitura de Sum\u00e9 inicia cadastro de trabalhadores da cultura para receber aux\u00edlio emergencial da Lei Aldir Blanc - Not&iacute;cias em Destaque<\/title>\n<meta name=\"robots\" content=\"index, follow, max-snippet:-1, max-image-preview:large, max-video-preview:-1\" \/>\n<link rel=\"canonical\" href=\"https:\/\/noticiasemdestaque.com\/cd\/?p=25730\" \/>\n<meta property=\"og:locale\" content=\"pt_BR\" \/>\n<meta property=\"og:type\" content=\"article\" \/>\n<meta property=\"og:title\" content=\"Prefeitura de Sum\u00e9 inicia cadastro de trabalhadores da cultura para receber aux\u00edlio emergencial da Lei Aldir Blanc - Not&iacute;cias em Destaque\" \/>\n<meta property=\"og:description\" content=\"A Secretaria de Cultura de Sum\u00e9 comunica aos trabalhadores do setor cultural do munic\u00edpio que deu in\u00edcio ao cadastro para recebimento de aux\u00edlio emergencial da categoria, por meio da Lei n\u00b0 14.017\/2020 (Lei Aldir Blanc). A Lei Aldir Blanc foi sancionada no fim do m\u00eas de junho pelo Presidente Jair Bolsonaro. O Governo Federal ir\u00e1 repassar para o munic\u00edpio de Sum\u00e9 R$ 139.716,89 a ser pago em forma de aux\u00edlio em tr\u00eas parcelas de R$ 600,00 \u00e0s pessoas que trabalham na \u00e1rea da cultura, sendo m\u00e3e de fam\u00edlia, a parcela do aux\u00edlio poder\u00e1 chegar a R$ 1.200,00. Uma outra quantia ser\u00e1 revertida em subs\u00eddio mensal para manuten\u00e7\u00e3o de micro, pequenas empresas e organiza\u00e7\u00f5es comunit\u00e1rias culturais, bem como espa\u00e7os art\u00edsticos que paralisaram as atividades em meio \u00e0 pandemia. De acordo com o Secret\u00e1rio de Educa\u00e7\u00e3o e Cultura do munic\u00edpio, Odilon Ara\u00fajo, uma comiss\u00e3o ser\u00e1 formada para analisar os crit\u00e9rios das pessoas que estar\u00e3o cadastradas para recebimento do aux\u00edlio. A comiss\u00e3o ser\u00e1 composta por um representante de m\u00fasicos, um representante de bandas ou trios p\u00e9 de serra, um representante \u00e1udio visual, um representante do teatro e um representante da Secretaria Municipal de Educa\u00e7\u00e3o e Cultura. \u201cA Secretaria de Cultura de Sum\u00e9 est\u00e1 empenhada para exercer esse direito da melhor maneira poss\u00edvel aos artistas do setor cultural do munic\u00edpio. Pedimos que os interessados efetuem o cadastro o quanto antes para darmos in\u00edcio a esse processo\u201d, declarou o secret\u00e1rio Odilon. Os profissionais e trabalhadores da Cultura devem fazer o cadastro atrav\u00e9s do link:\u00a0https:\/\/forms.gle\/jsBYzQ7LvVy7tbPY7. Para empresas e estabelecimentos culturais o link para cadastro \u00e9:\u00a0https:\/\/forms.gle\/Ujm1Yu3261ixDKy36. O prazo para cadastramento vai de 07 de julho a 21 de julho. Os interessados que tiverem d\u00favidas podem entrar em contato com a Secretaria Municipal de Educa\u00e7\u00e3o pelo n\u00famero (83) 99820-0074\u00a0ou atrav\u00e9s do e-mail: secult@edu.sume.pb.gov.br. Ascom PMS\" \/>\n<meta property=\"og:url\" content=\"https:\/\/noticiasemdestaque.com\/cd\/?p=25730\" \/>\n<meta property=\"og:site_name\" content=\"Not&iacute;cias em Destaque\" \/>\n<meta property=\"article:published_time\" content=\"2020-07-07T13:56:41+00:00\" \/>\n<meta property=\"og:image\" content=\"https:\/\/noticiasemdestaque.com\/cd\/wp-content\/uploads\/2018\/05\/PREFEITURA-DE-SUM\u00c9-768x511.jpg\" \/>\n\t<meta property=\"og:image:width\" content=\"768\" \/>\n\t<meta property=\"og:image:height\" content=\"511\" \/>\n\t<meta property=\"og:image:type\" content=\"image\/jpeg\" \/>\n<meta name=\"author\" content=\"Not\u00edcias em Destaque\" \/>\n<meta name=\"twitter:card\" content=\"summary_large_image\" \/>\n<meta name=\"twitter:label1\" content=\"Escrito por\" \/>\n\t<meta name=\"twitter:data1\" content=\"Not\u00edcias em Destaque\" \/>\n\t<meta name=\"twitter:label2\" content=\"Est. tempo de leitura\" \/>\n\t<meta name=\"twitter:data2\" content=\"2 minutos\" \/>\n<script type=\"application\/ld+json\" class=\"yoast-schema-graph\">{\"@context\":\"https:\/\/schema.org\",\"@graph\":[{\"@type\":\"Article\",\"@id\":\"https:\/\/noticiasemdestaque.com\/cd\/?p=25730#article\",\"isPartOf\":{\"@id\":\"https:\/\/noticiasemdestaque.com\/cd\/?p=25730\"},\"author\":{\"name\":\"Not\u00edcias em Destaque\",\"@id\":\"https:\/\/noticiasemdestaque.com\/cd\/#\/schema\/person\/967a459378479d4fa07976fedd8a7b5e\"},\"headline\":\"Prefeitura de Sum\u00e9 inicia cadastro de trabalhadores da cultura para receber aux\u00edlio emergencial da Lei Aldir Blanc\",\"datePublished\":\"2020-07-07T13:56:41+00:00\",\"mainEntityOfPage\":{\"@id\":\"https:\/\/noticiasemdestaque.com\/cd\/?p=25730\"},\"wordCount\":360,\"publisher\":{\"@id\":\"https:\/\/noticiasemdestaque.com\/cd\/#organization\"},\"image\":{\"@id\":\"https:\/\/noticiasemdestaque.com\/cd\/?p=25730#primaryimage\"},\"thumbnailUrl\":\"https:\/\/noticiasemdestaque.com\/cd\/wp-content\/uploads\/2018\/05\/PREFEITURA-DE-SUM\u00c9-768x511.jpg\",\"articleSection\":[\"Cidades\"],\"inLanguage\":\"pt-BR\"},{\"@type\":\"WebPage\",\"@id\":\"https:\/\/noticiasemdestaque.com\/cd\/?p=25730\",\"url\":\"https:\/\/noticiasemdestaque.com\/cd\/?p=25730\",\"name\":\"Prefeitura de Sum\u00e9 inicia cadastro de trabalhadores da cultura para receber aux\u00edlio emergencial da Lei Aldir Blanc - Not&iacute;cias em Destaque\",\"isPartOf\":{\"@id\":\"https:\/\/noticiasemdestaque.com\/cd\/#website\"},\"primaryImageOfPage\":{\"@id\":\"https:\/\/noticiasemdestaque.com\/cd\/?p=25730#primaryimage\"},\"image\":{\"@id\":\"https:\/\/noticiasemdestaque.com\/cd\/?p=25730#primaryimage\"},\"thumbnailUrl\":\"https:\/\/noticiasemdestaque.com\/cd\/wp-content\/uploads\/2018\/05\/PREFEITURA-DE-SUM\u00c9-768x511.jpg\",\"datePublished\":\"2020-07-07T13:56:41+00:00\",\"breadcrumb\":{\"@id\":\"https:\/\/noticiasemdestaque.com\/cd\/?p=25730#breadcrumb\"},\"inLanguage\":\"pt-BR\",\"potentialAction\":[{\"@type\":\"ReadAction\",\"target\":[\"https:\/\/noticiasemdestaque.com\/cd\/?p=25730\"]}]},{\"@type\":\"ImageObject\",\"inLanguage\":\"pt-BR\",\"@id\":\"https:\/\/noticiasemdestaque.com\/cd\/?p=25730#primaryimage\",\"url\":\"https:\/\/noticiasemdestaque.com\/cd\/wp-content\/uploads\/2018\/05\/PREFEITURA-DE-SUM\u00c9-768x511.jpg\",\"contentUrl\":\"https:\/\/noticiasemdestaque.com\/cd\/wp-content\/uploads\/2018\/05\/PREFEITURA-DE-SUM\u00c9-768x511.jpg\",\"width\":768,\"height\":511},{\"@type\":\"BreadcrumbList\",\"@id\":\"https:\/\/noticiasemdestaque.com\/cd\/?p=25730#breadcrumb\",\"itemListElement\":[{\"@type\":\"ListItem\",\"position\":1,\"name\":\"In\u00edcio\",\"item\":\"https:\/\/noticiasemdestaque.com\/cd\/\"},{\"@type\":\"ListItem\",\"position\":2,\"name\":\"Prefeitura de Sum\u00e9 inicia cadastro de trabalhadores da cultura para receber aux\u00edlio emergencial da Lei Aldir Blanc\"}]},{\"@type\":\"WebSite\",\"@id\":\"https:\/\/noticiasemdestaque.com\/cd\/#website\",\"url\":\"https:\/\/noticiasemdestaque.com\/cd\/\",\"name\":\"Not&iacute;cias em Destaque\",\"description\":\"\",\"publisher\":{\"@id\":\"https:\/\/noticiasemdestaque.com\/cd\/#organization\"},\"potentialAction\":[{\"@type\":\"SearchAction\",\"target\":{\"@type\":\"EntryPoint\",\"urlTemplate\":\"https:\/\/noticiasemdestaque.com\/cd\/?s={search_term_string}\"},\"query-input\":{\"@type\":\"PropertyValueSpecification\",\"valueRequired\":true,\"valueName\":\"search_term_string\"}}],\"inLanguage\":\"pt-BR\"},{\"@type\":\"Organization\",\"@id\":\"https:\/\/noticiasemdestaque.com\/cd\/#organization\",\"name\":\"Not\u00edcias em Destaque\",\"url\":\"https:\/\/noticiasemdestaque.com\/cd\/\",\"logo\":{\"@type\":\"ImageObject\",\"inLanguage\":\"pt-BR\",\"@id\":\"https:\/\/noticiasemdestaque.com\/cd\/#\/schema\/logo\/image\/\",\"url\":\"https:\/\/noticiasemdestaque.com\/cd\/wp-content\/uploads\/2022\/05\/imagem-base-noticiasemdestaque.png\",\"contentUrl\":\"https:\/\/noticiasemdestaque.com\/cd\/wp-content\/uploads\/2022\/05\/imagem-base-noticiasemdestaque.png\",\"width\":1200,\"height\":630,\"caption\":\"Not\u00edcias em Destaque\"},\"image\":{\"@id\":\"https:\/\/noticiasemdestaque.com\/cd\/#\/schema\/logo\/image\/\"}},{\"@type\":\"Person\",\"@id\":\"https:\/\/noticiasemdestaque.com\/cd\/#\/schema\/person\/967a459378479d4fa07976fedd8a7b5e\",\"name\":\"Not\u00edcias em Destaque\",\"url\":\"https:\/\/noticiasemdestaque.com\/cd\/?author=2\"}]}<\/script>\n<!-- \/ Yoast SEO plugin. -->","yoast_head_json":{"title":"Prefeitura de Sum\u00e9 inicia cadastro de trabalhadores da cultura para receber aux\u00edlio emergencial da Lei Aldir Blanc - Not&iacute;cias em Destaque","robots":{"index":"index","follow":"follow","max-snippet":"max-snippet:-1","max-image-preview":"max-image-preview:large","max-video-preview":"max-video-preview:-1"},"canonical":"https:\/\/noticiasemdestaque.com\/cd\/?p=25730","og_locale":"pt_BR","og_type":"article","og_title":"Prefeitura de Sum\u00e9 inicia cadastro de trabalhadores da cultura para receber aux\u00edlio emergencial da Lei Aldir Blanc - Not&iacute;cias em Destaque","og_description":"A Secretaria de Cultura de Sum\u00e9 comunica aos trabalhadores do setor cultural do munic\u00edpio que deu in\u00edcio ao cadastro para recebimento de aux\u00edlio emergencial da categoria, por meio da Lei n\u00b0 14.017\/2020 (Lei Aldir Blanc). A Lei Aldir Blanc foi sancionada no fim do m\u00eas de junho pelo Presidente Jair Bolsonaro. O Governo Federal ir\u00e1 repassar para o munic\u00edpio de Sum\u00e9 R$ 139.716,89 a ser pago em forma de aux\u00edlio em tr\u00eas parcelas de R$ 600,00 \u00e0s pessoas que trabalham na \u00e1rea da cultura, sendo m\u00e3e de fam\u00edlia, a parcela do aux\u00edlio poder\u00e1 chegar a R$ 1.200,00. Uma outra quantia ser\u00e1 revertida em subs\u00eddio mensal para manuten\u00e7\u00e3o de micro, pequenas empresas e organiza\u00e7\u00f5es comunit\u00e1rias culturais, bem como espa\u00e7os art\u00edsticos que paralisaram as atividades em meio \u00e0 pandemia. De acordo com o Secret\u00e1rio de Educa\u00e7\u00e3o e Cultura do munic\u00edpio, Odilon Ara\u00fajo, uma comiss\u00e3o ser\u00e1 formada para analisar os crit\u00e9rios das pessoas que estar\u00e3o cadastradas para recebimento do aux\u00edlio. A comiss\u00e3o ser\u00e1 composta por um representante de m\u00fasicos, um representante de bandas ou trios p\u00e9 de serra, um representante \u00e1udio visual, um representante do teatro e um representante da Secretaria Municipal de Educa\u00e7\u00e3o e Cultura. \u201cA Secretaria de Cultura de Sum\u00e9 est\u00e1 empenhada para exercer esse direito da melhor maneira poss\u00edvel aos artistas do setor cultural do munic\u00edpio. Pedimos que os interessados efetuem o cadastro o quanto antes para darmos in\u00edcio a esse processo\u201d, declarou o secret\u00e1rio Odilon. Os profissionais e trabalhadores da Cultura devem fazer o cadastro atrav\u00e9s do link:\u00a0https:\/\/forms.gle\/jsBYzQ7LvVy7tbPY7. Para empresas e estabelecimentos culturais o link para cadastro \u00e9:\u00a0https:\/\/forms.gle\/Ujm1Yu3261ixDKy36. O prazo para cadastramento vai de 07 de julho a 21 de julho. Os interessados que tiverem d\u00favidas podem entrar em contato com a Secretaria Municipal de Educa\u00e7\u00e3o pelo n\u00famero (83) 99820-0074\u00a0ou atrav\u00e9s do e-mail: secult@edu.sume.pb.gov.br. Ascom PMS","og_url":"https:\/\/noticiasemdestaque.com\/cd\/?p=25730","og_site_name":"Not&iacute;cias em Destaque","article_published_time":"2020-07-07T13:56:41+00:00","og_image":[{"width":768,"height":511,"url":"https:\/\/noticiasemdestaque.com\/cd\/wp-content\/uploads\/2018\/05\/PREFEITURA-DE-SUM\u00c9-768x511.jpg","type":"image\/jpeg"}],"author":"Not\u00edcias em Destaque","twitter_card":"summary_large_image","twitter_misc":{"Escrito por":"Not\u00edcias em Destaque","Est. tempo de leitura":"2 minutos"},"schema":{"@context":"https:\/\/schema.org","@graph":[{"@type":"Article","@id":"https:\/\/noticiasemdestaque.com\/cd\/?p=25730#article","isPartOf":{"@id":"https:\/\/noticiasemdestaque.com\/cd\/?p=25730"},"author":{"name":"Not\u00edcias em Destaque","@id":"https:\/\/noticiasemdestaque.com\/cd\/#\/schema\/person\/967a459378479d4fa07976fedd8a7b5e"},"headline":"Prefeitura de Sum\u00e9 inicia cadastro de trabalhadores da cultura para receber aux\u00edlio emergencial da Lei Aldir Blanc","datePublished":"2020-07-07T13:56:41+00:00","mainEntityOfPage":{"@id":"https:\/\/noticiasemdestaque.com\/cd\/?p=25730"},"wordCount":360,"publisher":{"@id":"https:\/\/noticiasemdestaque.com\/cd\/#organization"},"image":{"@id":"https:\/\/noticiasemdestaque.com\/cd\/?p=25730#primaryimage"},"thumbnailUrl":"https:\/\/noticiasemdestaque.com\/cd\/wp-content\/uploads\/2018\/05\/PREFEITURA-DE-SUM\u00c9-768x511.jpg","articleSection":["Cidades"],"inLanguage":"pt-BR"},{"@type":"WebPage","@id":"https:\/\/noticiasemdestaque.com\/cd\/?p=25730","url":"https:\/\/noticiasemdestaque.com\/cd\/?p=25730","name":"Prefeitura de Sum\u00e9 inicia cadastro de trabalhadores da cultura para receber aux\u00edlio emergencial da Lei Aldir Blanc - Not&iacute;cias em Destaque","isPartOf":{"@id":"https:\/\/noticiasemdestaque.com\/cd\/#website"},"primaryImageOfPage":{"@id":"https:\/\/noticiasemdestaque.com\/cd\/?p=25730#primaryimage"},"image":{"@id":"https:\/\/noticiasemdestaque.com\/cd\/?p=25730#primaryimage"},"thumbnailUrl":"https:\/\/noticiasemdestaque.com\/cd\/wp-content\/uploads\/2018\/05\/PREFEITURA-DE-SUM\u00c9-768x511.jpg","datePublished":"2020-07-07T13:56:41+00:00","breadcrumb":{"@id":"https:\/\/noticiasemdestaque.com\/cd\/?p=25730#breadcrumb"},"inLanguage":"pt-BR","potentialAction":[{"@type":"ReadAction","target":["https:\/\/noticiasemdestaque.com\/cd\/?p=25730"]}]},{"@type":"ImageObject","inLanguage":"pt-BR","@id":"https:\/\/noticiasemdestaque.com\/cd\/?p=25730#primaryimage","url":"https:\/\/noticiasemdestaque.com\/cd\/wp-content\/uploads\/2018\/05\/PREFEITURA-DE-SUM\u00c9-768x511.jpg","contentUrl":"https:\/\/noticiasemdestaque.com\/cd\/wp-content\/uploads\/2018\/05\/PREFEITURA-DE-SUM\u00c9-768x511.jpg","width":768,"height":511},{"@type":"BreadcrumbList","@id":"https:\/\/noticiasemdestaque.com\/cd\/?p=25730#breadcrumb","itemListElement":[{"@type":"ListItem","position":1,"name":"In\u00edcio","item":"https:\/\/noticiasemdestaque.com\/cd\/"},{"@type":"ListItem","position":2,"name":"Prefeitura de Sum\u00e9 inicia cadastro de trabalhadores da cultura para receber aux\u00edlio emergencial da Lei Aldir Blanc"}]},{"@type":"WebSite","@id":"https:\/\/noticiasemdestaque.com\/cd\/#website","url":"https:\/\/noticiasemdestaque.com\/cd\/","name":"Not&iacute;cias em Destaque","description":"","publisher":{"@id":"https:\/\/noticiasemdestaque.com\/cd\/#organization"},"potentialAction":[{"@type":"SearchAction","target":{"@type":"EntryPoint","urlTemplate":"https:\/\/noticiasemdestaque.com\/cd\/?s={search_term_string}"},"query-input":{"@type":"PropertyValueSpecification","valueRequired":true,"valueName":"search_term_string"}}],"inLanguage":"pt-BR"},{"@type":"Organization","@id":"https:\/\/noticiasemdestaque.com\/cd\/#organization","name":"Not\u00edcias em Destaque","url":"https:\/\/noticiasemdestaque.com\/cd\/","logo":{"@type":"ImageObject","inLanguage":"pt-BR","@id":"https:\/\/noticiasemdestaque.com\/cd\/#\/schema\/logo\/image\/","url":"https:\/\/noticiasemdestaque.com\/cd\/wp-content\/uploads\/2022\/05\/imagem-base-noticiasemdestaque.png","contentUrl":"https:\/\/noticiasemdestaque.com\/cd\/wp-content\/uploads\/2022\/05\/imagem-base-noticiasemdestaque.png","width":1200,"height":630,"caption":"Not\u00edcias em Destaque"},"image":{"@id":"https:\/\/noticiasemdestaque.com\/cd\/#\/schema\/logo\/image\/"}},{"@type":"Person","@id":"https:\/\/noticiasemdestaque.com\/cd\/#\/schema\/person\/967a459378479d4fa07976fedd8a7b5e","name":"Not\u00edcias em Destaque","url":"https:\/\/noticiasemdestaque.com\/cd\/?author=2"}]}},"jetpack_featured_media_url":"https:\/\/noticiasemdestaque.com\/cd\/wp-content\/uploads\/2018\/05\/PREFEITURA-DE-SUM\u00c9-768x511.jpg","jetpack_sharing_enabled":true,"_links":{"self":[{"href":"https:\/\/noticiasemdestaque.com\/cd\/index.php?rest_route=\/wp\/v2\/posts\/25730","targetHints":{"allow":["GET"]}}],"collection":[{"href":"https:\/\/noticiasemdestaque.com\/cd\/index.php?rest_route=\/wp\/v2\/posts"}],"about":[{"href":"https:\/\/noticiasemdestaque.com\/cd\/index.php?rest_route=\/wp\/v2\/types\/post"}],"author":[{"embeddable":true,"href":"https:\/\/noticiasemdestaque.com\/cd\/index.php?rest_route=\/wp\/v2\/users\/2"}],"replies":[{"embeddable":true,"href":"https:\/\/noticiasemdestaque.com\/cd\/index.php?rest_route=%2Fwp%2Fv2%2Fcomments&post=25730"}],"version-history":[{"count":1,"href":"https:\/\/noticiasemdestaque.com\/cd\/index.php?rest_route=\/wp\/v2\/posts\/25730\/revisions"}],"predecessor-version":[{"id":25732,"href":"https:\/\/noticiasemdestaque.com\/cd\/index.php?rest_route=\/wp\/v2\/posts\/25730\/revisions\/25732"}],"wp:featuredmedia":[{"embeddable":true,"href":"https:\/\/noticiasemdestaque.com\/cd\/index.php?rest_route=\/wp\/v2\/media\/10226"}],"wp:attachment":[{"href":"https:\/\/noticiasemdestaque.com\/cd\/index.php?rest_route=%2Fwp%2Fv2%2Fmedia&parent=25730"}],"wp:term":[{"taxonomy":"category","embeddable":true,"href":"https:\/\/noticiasemdestaque.com\/cd\/index.php?rest_route=%2Fwp%2Fv2%2Fcategories&post=25730"},{"taxonomy":"post_tag","embeddable":true,"href":"https:\/\/noticiasemdestaque.com\/cd\/index.php?rest_route=%2Fwp%2Fv2%2Ftags&post=25730"}],"curies":[{"name":"wp","href":"https:\/\/api.w.org\/{rel}","templated":true}]}}