{"id":25712,"date":"2020-07-06T18:03:38","date_gmt":"2020-07-06T21:03:38","guid":{"rendered":"http:\/\/noticiasemdestaque.com\/cd\/?p=25712"},"modified":"2020-07-06T18:03:38","modified_gmt":"2020-07-06T21:03:38","slug":"shopping-de-sume-assina-contrato-para-instalacao-de-supermercado-em-loja-ancora-do-predio","status":"publish","type":"post","link":"https:\/\/noticiasemdestaque.com\/cd\/?p=25712","title":{"rendered":"Shopping de Sum\u00e9 assina contrato para instala\u00e7\u00e3o de supermercado em loja \u00e2ncora do pr\u00e9dio"},"content":{"rendered":"<p><a href=\"https:\/\/noticiasemdestaque.com\/cd\/wp-content\/uploads\/2020\/07\/WhatsApp-Image-2020-07-06-at-10.29.52-4.jpeg\"><img fetchpriority=\"high\" decoding=\"async\" class=\"wp-image-25714 aligncenter\" src=\"https:\/\/noticiasemdestaque.com\/cd\/wp-content\/uploads\/2020\/07\/WhatsApp-Image-2020-07-06-at-10.29.52-4-1024x682.jpeg\" alt=\"\" width=\"500\" height=\"333\" srcset=\"https:\/\/noticiasemdestaque.com\/cd\/wp-content\/uploads\/2020\/07\/WhatsApp-Image-2020-07-06-at-10.29.52-4-1024x682.jpeg 1024w, https:\/\/noticiasemdestaque.com\/cd\/wp-content\/uploads\/2020\/07\/WhatsApp-Image-2020-07-06-at-10.29.52-4-300x200.jpeg 300w, https:\/\/noticiasemdestaque.com\/cd\/wp-content\/uploads\/2020\/07\/WhatsApp-Image-2020-07-06-at-10.29.52-4-768x512.jpeg 768w, https:\/\/noticiasemdestaque.com\/cd\/wp-content\/uploads\/2020\/07\/WhatsApp-Image-2020-07-06-at-10.29.52-4-480x320.jpeg 480w, https:\/\/noticiasemdestaque.com\/cd\/wp-content\/uploads\/2020\/07\/WhatsApp-Image-2020-07-06-at-10.29.52-4.jpeg 1280w\" sizes=\"(max-width: 500px) 100vw, 500px\" \/><\/a>O Sum\u00e9 Shopping que j\u00e1 est\u00e1 com 96% de suas lojas locadas em diversos segmentos, ter\u00e1 tamb\u00e9m um importante empreendimento em suas depend\u00eancias com a ocupa\u00e7\u00e3o de um Supermercado Express, na\u00a0<em>loja \u00c2ncora 01<\/em>, do empres\u00e1rio Br\u00e1ulio Duarte, popularmente conhecido como Galego, ele que j\u00e1 tem h\u00e1 anos no munic\u00edpio o empreendimento\u00a0<em>Mercadinho do Galego<\/em>, da Rede Gente Econ\u00f4mica.<\/p>\n<p>De acordo com o Servi\u00e7o Brasileiro de Apoio \u00e0s Micros e Pequenas Empresas entre as lojas \u00e2ncoras de Shoppings mais comuns est\u00e3o as redes de supermercados\u00a0<em>Express<\/em>\u00a0como tend\u00eancia no surtimento de\u00a0<em>Mix<\/em>\u00a0do empreendimento, o que torna conveni\u00eancia no fluxo e \u00e0s necessidades do dia-a-dia dos consumidores.<\/p>\n<p><a href=\"https:\/\/noticiasemdestaque.com\/cd\/wp-content\/uploads\/2020\/07\/WhatsApp-Image-2020-07-06-at-10.29.51-5.jpeg\"><img decoding=\"async\" class=\"wp-image-25713 alignleft\" src=\"https:\/\/noticiasemdestaque.com\/cd\/wp-content\/uploads\/2020\/07\/WhatsApp-Image-2020-07-06-at-10.29.51-5-1024x682.jpeg\" alt=\"\" width=\"400\" height=\"266\" srcset=\"https:\/\/noticiasemdestaque.com\/cd\/wp-content\/uploads\/2020\/07\/WhatsApp-Image-2020-07-06-at-10.29.51-5-1024x682.jpeg 1024w, https:\/\/noticiasemdestaque.com\/cd\/wp-content\/uploads\/2020\/07\/WhatsApp-Image-2020-07-06-at-10.29.51-5-300x200.jpeg 300w, https:\/\/noticiasemdestaque.com\/cd\/wp-content\/uploads\/2020\/07\/WhatsApp-Image-2020-07-06-at-10.29.51-5-768x512.jpeg 768w, https:\/\/noticiasemdestaque.com\/cd\/wp-content\/uploads\/2020\/07\/WhatsApp-Image-2020-07-06-at-10.29.51-5-480x320.jpeg 480w, https:\/\/noticiasemdestaque.com\/cd\/wp-content\/uploads\/2020\/07\/WhatsApp-Image-2020-07-06-at-10.29.51-5.jpeg 1280w\" sizes=\"(max-width: 400px) 100vw, 400px\" \/><\/a>O prefeito \u00c9den Duarte e o empres\u00e1rio Galego, assinaram o contrato de loca\u00e7\u00e3o nas depend\u00eancias do Shopping no \u00faltimo dia 02 de julho.<\/p>\n<p>\u201c\u00c9 muito importante para a economia do nosso munic\u00edpio, o shopping que j\u00e1 est\u00e1 com quase 100% de suas lojas ocupadas, ir\u00e1 gerar oportunidades de emprego para a popula\u00e7\u00e3o e oportunidades para os empreendedores da regi\u00e3o, nessa magnifica estrutura que \u00e9 o Shopping de Sum\u00e9\u201d, disse o prefeito \u00c9den.<\/p>\n<p>\u201cA gente sempre teve vontade de ter o nosso supermercado no centro da cidade para atender a popula\u00e7\u00e3o do centro e da zona rural. Surgiu essa oportunidade e a gente agarrou. Vamos fazer um empreendimento diferente, bonito e que atenda ao gosto dos clientes\u201d, declarou Galego.<\/p>\n<p>Dos Editais de Chamamento do Shopping, 96% das salas encontram-se ocupadas e est\u00e3o sendo adaptadas pelos lojistas para que o pr\u00e9dio possa ser inaugurado com todos os espa\u00e7os funcionando.<\/p>\n<p>Al\u00e9m dos diversos tipos de empreendimentos, h\u00e1 ainda no Sum\u00e9 Shopping a Casa da Cidadania, com servi\u00e7os de emiss\u00e3o de RG, CPF, Carteira de Trabalho, Procon, Detran, INSS e Sala do Empreendedor e o Instituto Brasileiro de Geografia e Estat\u00edstica (IBGE) \u2013 Ag\u00eancia Sum\u00e9 tamb\u00e9m estar\u00e1 se mudando para o shopping.<\/p>\n<p>Para o diretor do Sum\u00e9 Shopping, mestre em Gest\u00e3o P\u00fablica e Coopera\u00e7\u00e3o Internacional, Williams Martinho, o Sum\u00e9 Shopping, como proposta de valor social, ter\u00e1 um impacto significativo no PIB Municipal por meio da gera\u00e7\u00e3o de emprego e renda, considerando a ocupa\u00e7\u00e3o de mais de 50 lojas, proporcionando ainda a libera\u00e7\u00e3o de um potencial inexplorado que trar\u00e1 benef\u00edcios transformacionais em grande escala.<\/p>\n<p>O prefeito \u00c9den declarou que a perspectiva de inaugura\u00e7\u00e3o est\u00e1 pr\u00f3xima, mas que depender\u00e1 da estabilidade de casos de coronav\u00edrus no munic\u00edpio e na regi\u00e3o.<\/p>\n<p>A lista de segmentos de lojas que j\u00e1 ocupam o mix de empreendimentos do Sum\u00e9 Shopping s\u00e3o:<\/p>\n<table width=\"557\">\n<tbody>\n<tr>\n<td width=\"557\"><strong>Tipos de Segmentos de Lojas<\/strong><\/td>\n<\/tr>\n<tr>\n<td width=\"557\">Supermercado Express<\/td>\n<\/tr>\n<tr>\n<td width=\"557\">Pizzaria<\/td>\n<\/tr>\n<tr>\n<td width=\"557\">Choperia e Hamburgueria<\/td>\n<\/tr>\n<tr>\n<td width=\"557\">Cafeteria e Lanchonete Gourmet<\/td>\n<\/tr>\n<tr>\n<td width=\"557\">Comida Regional<\/td>\n<\/tr>\n<tr>\n<td width=\"557\">(Franquia)Correspondente Banc\u00e1rio<\/td>\n<\/tr>\n<tr>\n<td width=\"557\">Cosm\u00e9ticos e Perfumaria<\/td>\n<\/tr>\n<tr>\n<td width=\"557\">\u00d3tica<\/td>\n<\/tr>\n<tr>\n<td width=\"557\">Enxoval: Cama, Mesa e Banho<\/td>\n<\/tr>\n<tr>\n<td width=\"557\">Moda infantil-enxoval-baby kids-infanto juvenil<\/td>\n<\/tr>\n<tr>\n<td width=\"557\">(Franquia)Aplicativo de entregas<\/td>\n<\/tr>\n<tr>\n<td width=\"557\">Camisaria<\/td>\n<\/tr>\n<tr>\n<td width=\"557\">Roupas Femininas e Cal\u00e7ados Femininos<\/td>\n<\/tr>\n<tr>\n<td width=\"557\">Alugu\u00e9is de Roupas para festas<\/td>\n<\/tr>\n<tr>\n<td width=\"557\">Lingerie<\/td>\n<\/tr>\n<tr>\n<td width=\"557\">Franquia(Hering)<\/td>\n<\/tr>\n<tr>\n<td width=\"557\">Roupas em Geral e Acess\u00f3rios<\/td>\n<\/tr>\n<tr>\n<td width=\"557\">Sapatos masculinos<\/td>\n<\/tr>\n<tr>\n<td width=\"557\">Suprimentos Naturais<\/td>\n<\/tr>\n<tr>\n<td width=\"557\">Chocolataria<\/td>\n<\/tr>\n<tr>\n<td width=\"557\">Sal\u00e3o de Beleza Feminino<\/td>\n<\/tr>\n<tr>\n<td width=\"557\">Spar de Beleza<\/td>\n<\/tr>\n<tr>\n<td width=\"557\">Barbearia<\/td>\n<\/tr>\n<tr>\n<td width=\"557\">Centro de Treinamento de Beleza<\/td>\n<\/tr>\n<tr>\n<td width=\"557\">Ag\u00eancia de Viagens e Turismo<\/td>\n<\/tr>\n<tr>\n<td width=\"557\">Cl\u00ednica Odontol\u00f3gica<\/td>\n<\/tr>\n<tr>\n<td width=\"557\">Manuten\u00e7\u00e3o e Acess\u00f3rios para celular<\/td>\n<\/tr>\n<tr>\n<td width=\"557\">Sala de Multim\u00eddia<\/td>\n<\/tr>\n<tr>\n<td width=\"557\">Sistema VOIP de Telefonia<\/td>\n<\/tr>\n<tr>\n<td width=\"557\">Venda e Instala\u00e7\u00e3o de C\u00e2meras e ar-condicionados<\/td>\n<\/tr>\n<tr>\n<td width=\"557\">Escrit\u00f3rio de Advocacia<\/td>\n<\/tr>\n<tr>\n<td width=\"557\">Escrit\u00f3rio de Assessoria para Agricultores<\/td>\n<\/tr>\n<tr>\n<td width=\"557\">(Quiosque)Sorveteria<\/td>\n<\/tr>\n<tr>\n<td width=\"557\">(Quiosque)Floricultura<\/td>\n<\/tr>\n<tr>\n<td width=\"557\">(Quiosque)Brinquedos<\/td>\n<\/tr>\n<\/tbody>\n<\/table>\n<p>Um novo Edital de Chamamento P\u00fablico ser\u00e1 lan\u00e7ado nos pr\u00f3ximos dias para a ocupa\u00e7\u00e3o das \u00faltimas lojas restantes do Sum\u00e9 Shopping.<\/p>\n<p>Ascom PMS<\/p>\n","protected":false},"excerpt":{"rendered":"<p>O Sum\u00e9 Shopping que j\u00e1 est\u00e1 com 96% de suas lojas locadas em diversos segmentos, ter\u00e1 tamb\u00e9m um importante empreendimento em suas depend\u00eancias com a ocupa\u00e7\u00e3o de um Supermercado Express, na\u00a0loja \u00c2ncora 01, do empres\u00e1rio Br\u00e1ulio Duarte, popularmente conhecido como Galego, ele que j\u00e1 tem h\u00e1 anos no munic\u00edpio o empreendimento\u00a0Mercadinho do Galego, da Rede Gente Econ\u00f4mica. De acordo com o Servi\u00e7o Brasileiro de Apoio \u00e0s Micros e Pequenas Empresas entre as lojas \u00e2ncoras de Shoppings mais comuns est\u00e3o as redes de supermercados\u00a0Express\u00a0como tend\u00eancia no surtimento de\u00a0Mix\u00a0do empreendimento, o que torna conveni\u00eancia no fluxo e \u00e0s necessidades do dia-a-dia dos consumidores. O prefeito \u00c9den Duarte e o empres\u00e1rio Galego, assinaram o contrato de loca\u00e7\u00e3o nas depend\u00eancias do Shopping no \u00faltimo dia 02 de julho. \u201c\u00c9 muito importante para a economia do nosso munic\u00edpio, o shopping que j\u00e1 est\u00e1 com quase 100% de suas lojas ocupadas, ir\u00e1 gerar oportunidades de emprego para a popula\u00e7\u00e3o e oportunidades para os empreendedores da regi\u00e3o, nessa magnifica estrutura que \u00e9 o Shopping de Sum\u00e9\u201d, disse o prefeito \u00c9den. \u201cA gente sempre teve vontade de ter o nosso supermercado no centro da cidade para atender a popula\u00e7\u00e3o do centro e da zona rural. Surgiu essa oportunidade e a gente agarrou. Vamos fazer um empreendimento diferente, bonito e que atenda ao gosto dos clientes\u201d, declarou Galego. Dos Editais de Chamamento do Shopping, 96% das salas encontram-se ocupadas e est\u00e3o sendo adaptadas pelos lojistas para que o pr\u00e9dio possa ser inaugurado com todos os espa\u00e7os funcionando. Al\u00e9m dos diversos tipos de empreendimentos, h\u00e1 ainda no Sum\u00e9 Shopping a Casa da Cidadania, com servi\u00e7os de emiss\u00e3o de RG, CPF, Carteira de Trabalho, Procon, Detran, INSS e Sala do Empreendedor e o Instituto Brasileiro de Geografia e Estat\u00edstica (IBGE) \u2013 Ag\u00eancia Sum\u00e9 tamb\u00e9m estar\u00e1 se mudando para o shopping. Para o diretor do Sum\u00e9 Shopping, mestre em Gest\u00e3o P\u00fablica e Coopera\u00e7\u00e3o Internacional, Williams Martinho, o Sum\u00e9 Shopping, como proposta de valor social, ter\u00e1 um impacto significativo no PIB Municipal por meio da gera\u00e7\u00e3o de emprego e renda, considerando a ocupa\u00e7\u00e3o de mais de 50 lojas, proporcionando ainda a libera\u00e7\u00e3o de um potencial inexplorado que trar\u00e1 benef\u00edcios transformacionais em grande escala. O prefeito \u00c9den declarou que a perspectiva de inaugura\u00e7\u00e3o est\u00e1 pr\u00f3xima, mas que depender\u00e1 da estabilidade de casos de coronav\u00edrus no munic\u00edpio e na regi\u00e3o. A lista de segmentos de lojas que j\u00e1 ocupam o mix de empreendimentos do Sum\u00e9 Shopping s\u00e3o: Tipos de Segmentos de Lojas Supermercado Express Pizzaria Choperia e Hamburgueria Cafeteria e Lanchonete Gourmet Comida Regional (Franquia)Correspondente Banc\u00e1rio Cosm\u00e9ticos e Perfumaria \u00d3tica Enxoval: Cama, Mesa e Banho Moda infantil-enxoval-baby kids-infanto juvenil (Franquia)Aplicativo de entregas Camisaria Roupas Femininas e Cal\u00e7ados Femininos Alugu\u00e9is de Roupas para festas Lingerie Franquia(Hering) Roupas em Geral e Acess\u00f3rios Sapatos masculinos Suprimentos Naturais Chocolataria Sal\u00e3o de Beleza Feminino Spar de Beleza Barbearia Centro de Treinamento de Beleza Ag\u00eancia de Viagens e Turismo Cl\u00ednica Odontol\u00f3gica Manuten\u00e7\u00e3o e Acess\u00f3rios para celular Sala de Multim\u00eddia Sistema VOIP de Telefonia Venda e Instala\u00e7\u00e3o de C\u00e2meras e ar-condicionados Escrit\u00f3rio de Advocacia Escrit\u00f3rio de Assessoria para Agricultores (Quiosque)Sorveteria (Quiosque)Floricultura (Quiosque)Brinquedos Um novo Edital de Chamamento P\u00fablico ser\u00e1 lan\u00e7ado nos pr\u00f3ximos dias para a ocupa\u00e7\u00e3o das \u00faltimas lojas restantes do Sum\u00e9 Shopping. Ascom PMS<\/p>\n","protected":false},"author":2,"featured_media":25714,"comment_status":"closed","ping_status":"open","sticky":false,"template":"","format":"standard","meta":{"_eb_attr":"","_jetpack_memberships_contains_paid_content":false,"footnotes":""},"categories":[12],"tags":[],"class_list":["post-25712","post","type-post","status-publish","format-standard","has-post-thumbnail","hentry","category-geral"],"yoast_head":"<!-- This site is optimized with the Yoast SEO plugin v26.5 - https:\/\/yoast.com\/wordpress\/plugins\/seo\/ -->\n<title>Shopping de Sum\u00e9 assina contrato para instala\u00e7\u00e3o de supermercado em loja \u00e2ncora do pr\u00e9dio - Not&iacute;cias em Destaque<\/title>\n<meta name=\"robots\" content=\"index, follow, max-snippet:-1, max-image-preview:large, max-video-preview:-1\" \/>\n<link rel=\"canonical\" href=\"https:\/\/noticiasemdestaque.com\/cd\/?p=25712\" \/>\n<meta property=\"og:locale\" content=\"pt_BR\" \/>\n<meta property=\"og:type\" content=\"article\" \/>\n<meta property=\"og:title\" content=\"Shopping de Sum\u00e9 assina contrato para instala\u00e7\u00e3o de supermercado em loja \u00e2ncora do pr\u00e9dio - Not&iacute;cias em Destaque\" \/>\n<meta property=\"og:description\" content=\"O Sum\u00e9 Shopping que j\u00e1 est\u00e1 com 96% de suas lojas locadas em diversos segmentos, ter\u00e1 tamb\u00e9m um importante empreendimento em suas depend\u00eancias com a ocupa\u00e7\u00e3o de um Supermercado Express, na\u00a0loja \u00c2ncora 01, do empres\u00e1rio Br\u00e1ulio Duarte, popularmente conhecido como Galego, ele que j\u00e1 tem h\u00e1 anos no munic\u00edpio o empreendimento\u00a0Mercadinho do Galego, da Rede Gente Econ\u00f4mica. De acordo com o Servi\u00e7o Brasileiro de Apoio \u00e0s Micros e Pequenas Empresas entre as lojas \u00e2ncoras de Shoppings mais comuns est\u00e3o as redes de supermercados\u00a0Express\u00a0como tend\u00eancia no surtimento de\u00a0Mix\u00a0do empreendimento, o que torna conveni\u00eancia no fluxo e \u00e0s necessidades do dia-a-dia dos consumidores. O prefeito \u00c9den Duarte e o empres\u00e1rio Galego, assinaram o contrato de loca\u00e7\u00e3o nas depend\u00eancias do Shopping no \u00faltimo dia 02 de julho. \u201c\u00c9 muito importante para a economia do nosso munic\u00edpio, o shopping que j\u00e1 est\u00e1 com quase 100% de suas lojas ocupadas, ir\u00e1 gerar oportunidades de emprego para a popula\u00e7\u00e3o e oportunidades para os empreendedores da regi\u00e3o, nessa magnifica estrutura que \u00e9 o Shopping de Sum\u00e9\u201d, disse o prefeito \u00c9den. \u201cA gente sempre teve vontade de ter o nosso supermercado no centro da cidade para atender a popula\u00e7\u00e3o do centro e da zona rural. Surgiu essa oportunidade e a gente agarrou. Vamos fazer um empreendimento diferente, bonito e que atenda ao gosto dos clientes\u201d, declarou Galego. Dos Editais de Chamamento do Shopping, 96% das salas encontram-se ocupadas e est\u00e3o sendo adaptadas pelos lojistas para que o pr\u00e9dio possa ser inaugurado com todos os espa\u00e7os funcionando. Al\u00e9m dos diversos tipos de empreendimentos, h\u00e1 ainda no Sum\u00e9 Shopping a Casa da Cidadania, com servi\u00e7os de emiss\u00e3o de RG, CPF, Carteira de Trabalho, Procon, Detran, INSS e Sala do Empreendedor e o Instituto Brasileiro de Geografia e Estat\u00edstica (IBGE) \u2013 Ag\u00eancia Sum\u00e9 tamb\u00e9m estar\u00e1 se mudando para o shopping. Para o diretor do Sum\u00e9 Shopping, mestre em Gest\u00e3o P\u00fablica e Coopera\u00e7\u00e3o Internacional, Williams Martinho, o Sum\u00e9 Shopping, como proposta de valor social, ter\u00e1 um impacto significativo no PIB Municipal por meio da gera\u00e7\u00e3o de emprego e renda, considerando a ocupa\u00e7\u00e3o de mais de 50 lojas, proporcionando ainda a libera\u00e7\u00e3o de um potencial inexplorado que trar\u00e1 benef\u00edcios transformacionais em grande escala. O prefeito \u00c9den declarou que a perspectiva de inaugura\u00e7\u00e3o est\u00e1 pr\u00f3xima, mas que depender\u00e1 da estabilidade de casos de coronav\u00edrus no munic\u00edpio e na regi\u00e3o. A lista de segmentos de lojas que j\u00e1 ocupam o mix de empreendimentos do Sum\u00e9 Shopping s\u00e3o: Tipos de Segmentos de Lojas Supermercado Express Pizzaria Choperia e Hamburgueria Cafeteria e Lanchonete Gourmet Comida Regional (Franquia)Correspondente Banc\u00e1rio Cosm\u00e9ticos e Perfumaria \u00d3tica Enxoval: Cama, Mesa e Banho Moda infantil-enxoval-baby kids-infanto juvenil (Franquia)Aplicativo de entregas Camisaria Roupas Femininas e Cal\u00e7ados Femininos Alugu\u00e9is de Roupas para festas Lingerie Franquia(Hering) Roupas em Geral e Acess\u00f3rios Sapatos masculinos Suprimentos Naturais Chocolataria Sal\u00e3o de Beleza Feminino Spar de Beleza Barbearia Centro de Treinamento de Beleza Ag\u00eancia de Viagens e Turismo Cl\u00ednica Odontol\u00f3gica Manuten\u00e7\u00e3o e Acess\u00f3rios para celular Sala de Multim\u00eddia Sistema VOIP de Telefonia Venda e Instala\u00e7\u00e3o de C\u00e2meras e ar-condicionados Escrit\u00f3rio de Advocacia Escrit\u00f3rio de Assessoria para Agricultores (Quiosque)Sorveteria (Quiosque)Floricultura (Quiosque)Brinquedos Um novo Edital de Chamamento P\u00fablico ser\u00e1 lan\u00e7ado nos pr\u00f3ximos dias para a ocupa\u00e7\u00e3o das \u00faltimas lojas restantes do Sum\u00e9 Shopping. Ascom PMS\" \/>\n<meta property=\"og:url\" content=\"https:\/\/noticiasemdestaque.com\/cd\/?p=25712\" \/>\n<meta property=\"og:site_name\" content=\"Not&iacute;cias em Destaque\" \/>\n<meta property=\"article:published_time\" content=\"2020-07-06T21:03:38+00:00\" \/>\n<meta property=\"og:image\" content=\"https:\/\/noticiasemdestaque.com\/cd\/wp-content\/uploads\/2020\/07\/WhatsApp-Image-2020-07-06-at-10.29.52-4.jpeg\" \/>\n\t<meta property=\"og:image:width\" content=\"1280\" \/>\n\t<meta property=\"og:image:height\" content=\"853\" \/>\n\t<meta property=\"og:image:type\" content=\"image\/jpeg\" \/>\n<meta name=\"author\" content=\"Not\u00edcias em Destaque\" \/>\n<meta name=\"twitter:card\" content=\"summary_large_image\" \/>\n<meta name=\"twitter:label1\" content=\"Escrito por\" \/>\n\t<meta name=\"twitter:data1\" content=\"Not\u00edcias em Destaque\" \/>\n\t<meta name=\"twitter:label2\" content=\"Est. tempo de leitura\" \/>\n\t<meta name=\"twitter:data2\" content=\"3 minutos\" \/>\n<script type=\"application\/ld+json\" class=\"yoast-schema-graph\">{\"@context\":\"https:\/\/schema.org\",\"@graph\":[{\"@type\":\"Article\",\"@id\":\"https:\/\/noticiasemdestaque.com\/cd\/?p=25712#article\",\"isPartOf\":{\"@id\":\"https:\/\/noticiasemdestaque.com\/cd\/?p=25712\"},\"author\":{\"name\":\"Not\u00edcias em Destaque\",\"@id\":\"https:\/\/noticiasemdestaque.com\/cd\/#\/schema\/person\/21320b03a7e8bb90128938dafc9b908a\"},\"headline\":\"Shopping de Sum\u00e9 assina contrato para instala\u00e7\u00e3o de supermercado em loja \u00e2ncora do pr\u00e9dio\",\"datePublished\":\"2020-07-06T21:03:38+00:00\",\"mainEntityOfPage\":{\"@id\":\"https:\/\/noticiasemdestaque.com\/cd\/?p=25712\"},\"wordCount\":612,\"publisher\":{\"@id\":\"https:\/\/noticiasemdestaque.com\/cd\/#organization\"},\"image\":{\"@id\":\"https:\/\/noticiasemdestaque.com\/cd\/?p=25712#primaryimage\"},\"thumbnailUrl\":\"https:\/\/noticiasemdestaque.com\/cd\/wp-content\/uploads\/2020\/07\/WhatsApp-Image-2020-07-06-at-10.29.52-4.jpeg\",\"articleSection\":[\"Geral\"],\"inLanguage\":\"pt-BR\"},{\"@type\":\"WebPage\",\"@id\":\"https:\/\/noticiasemdestaque.com\/cd\/?p=25712\",\"url\":\"https:\/\/noticiasemdestaque.com\/cd\/?p=25712\",\"name\":\"Shopping de Sum\u00e9 assina contrato para instala\u00e7\u00e3o de supermercado em loja \u00e2ncora do pr\u00e9dio - Not&iacute;cias em Destaque\",\"isPartOf\":{\"@id\":\"https:\/\/noticiasemdestaque.com\/cd\/#website\"},\"primaryImageOfPage\":{\"@id\":\"https:\/\/noticiasemdestaque.com\/cd\/?p=25712#primaryimage\"},\"image\":{\"@id\":\"https:\/\/noticiasemdestaque.com\/cd\/?p=25712#primaryimage\"},\"thumbnailUrl\":\"https:\/\/noticiasemdestaque.com\/cd\/wp-content\/uploads\/2020\/07\/WhatsApp-Image-2020-07-06-at-10.29.52-4.jpeg\",\"datePublished\":\"2020-07-06T21:03:38+00:00\",\"breadcrumb\":{\"@id\":\"https:\/\/noticiasemdestaque.com\/cd\/?p=25712#breadcrumb\"},\"inLanguage\":\"pt-BR\",\"potentialAction\":[{\"@type\":\"ReadAction\",\"target\":[\"https:\/\/noticiasemdestaque.com\/cd\/?p=25712\"]}]},{\"@type\":\"ImageObject\",\"inLanguage\":\"pt-BR\",\"@id\":\"https:\/\/noticiasemdestaque.com\/cd\/?p=25712#primaryimage\",\"url\":\"https:\/\/noticiasemdestaque.com\/cd\/wp-content\/uploads\/2020\/07\/WhatsApp-Image-2020-07-06-at-10.29.52-4.jpeg\",\"contentUrl\":\"https:\/\/noticiasemdestaque.com\/cd\/wp-content\/uploads\/2020\/07\/WhatsApp-Image-2020-07-06-at-10.29.52-4.jpeg\",\"width\":1280,\"height\":853},{\"@type\":\"BreadcrumbList\",\"@id\":\"https:\/\/noticiasemdestaque.com\/cd\/?p=25712#breadcrumb\",\"itemListElement\":[{\"@type\":\"ListItem\",\"position\":1,\"name\":\"In\u00edcio\",\"item\":\"https:\/\/noticiasemdestaque.com\/cd\/\"},{\"@type\":\"ListItem\",\"position\":2,\"name\":\"Shopping de Sum\u00e9 assina contrato para instala\u00e7\u00e3o de supermercado em loja \u00e2ncora do pr\u00e9dio\"}]},{\"@type\":\"WebSite\",\"@id\":\"https:\/\/noticiasemdestaque.com\/cd\/#website\",\"url\":\"https:\/\/noticiasemdestaque.com\/cd\/\",\"name\":\"Not&iacute;cias em Destaque\",\"description\":\"\",\"publisher\":{\"@id\":\"https:\/\/noticiasemdestaque.com\/cd\/#organization\"},\"potentialAction\":[{\"@type\":\"SearchAction\",\"target\":{\"@type\":\"EntryPoint\",\"urlTemplate\":\"https:\/\/noticiasemdestaque.com\/cd\/?s={search_term_string}\"},\"query-input\":{\"@type\":\"PropertyValueSpecification\",\"valueRequired\":true,\"valueName\":\"search_term_string\"}}],\"inLanguage\":\"pt-BR\"},{\"@type\":\"Organization\",\"@id\":\"https:\/\/noticiasemdestaque.com\/cd\/#organization\",\"name\":\"Not\u00edcias em Destaque\",\"url\":\"https:\/\/noticiasemdestaque.com\/cd\/\",\"logo\":{\"@type\":\"ImageObject\",\"inLanguage\":\"pt-BR\",\"@id\":\"https:\/\/noticiasemdestaque.com\/cd\/#\/schema\/logo\/image\/\",\"url\":\"https:\/\/noticiasemdestaque.com\/cd\/wp-content\/uploads\/2022\/05\/imagem-base-noticiasemdestaque.png\",\"contentUrl\":\"https:\/\/noticiasemdestaque.com\/cd\/wp-content\/uploads\/2022\/05\/imagem-base-noticiasemdestaque.png\",\"width\":1200,\"height\":630,\"caption\":\"Not\u00edcias em Destaque\"},\"image\":{\"@id\":\"https:\/\/noticiasemdestaque.com\/cd\/#\/schema\/logo\/image\/\"}},{\"@type\":\"Person\",\"@id\":\"https:\/\/noticiasemdestaque.com\/cd\/#\/schema\/person\/21320b03a7e8bb90128938dafc9b908a\",\"name\":\"Not\u00edcias em Destaque\",\"url\":\"https:\/\/noticiasemdestaque.com\/cd\/?author=2\"}]}<\/script>\n<!-- \/ Yoast SEO plugin. -->","yoast_head_json":{"title":"Shopping de Sum\u00e9 assina contrato para instala\u00e7\u00e3o de supermercado em loja \u00e2ncora do pr\u00e9dio - Not&iacute;cias em Destaque","robots":{"index":"index","follow":"follow","max-snippet":"max-snippet:-1","max-image-preview":"max-image-preview:large","max-video-preview":"max-video-preview:-1"},"canonical":"https:\/\/noticiasemdestaque.com\/cd\/?p=25712","og_locale":"pt_BR","og_type":"article","og_title":"Shopping de Sum\u00e9 assina contrato para instala\u00e7\u00e3o de supermercado em loja \u00e2ncora do pr\u00e9dio - Not&iacute;cias em Destaque","og_description":"O Sum\u00e9 Shopping que j\u00e1 est\u00e1 com 96% de suas lojas locadas em diversos segmentos, ter\u00e1 tamb\u00e9m um importante empreendimento em suas depend\u00eancias com a ocupa\u00e7\u00e3o de um Supermercado Express, na\u00a0loja \u00c2ncora 01, do empres\u00e1rio Br\u00e1ulio Duarte, popularmente conhecido como Galego, ele que j\u00e1 tem h\u00e1 anos no munic\u00edpio o empreendimento\u00a0Mercadinho do Galego, da Rede Gente Econ\u00f4mica. De acordo com o Servi\u00e7o Brasileiro de Apoio \u00e0s Micros e Pequenas Empresas entre as lojas \u00e2ncoras de Shoppings mais comuns est\u00e3o as redes de supermercados\u00a0Express\u00a0como tend\u00eancia no surtimento de\u00a0Mix\u00a0do empreendimento, o que torna conveni\u00eancia no fluxo e \u00e0s necessidades do dia-a-dia dos consumidores. O prefeito \u00c9den Duarte e o empres\u00e1rio Galego, assinaram o contrato de loca\u00e7\u00e3o nas depend\u00eancias do Shopping no \u00faltimo dia 02 de julho. \u201c\u00c9 muito importante para a economia do nosso munic\u00edpio, o shopping que j\u00e1 est\u00e1 com quase 100% de suas lojas ocupadas, ir\u00e1 gerar oportunidades de emprego para a popula\u00e7\u00e3o e oportunidades para os empreendedores da regi\u00e3o, nessa magnifica estrutura que \u00e9 o Shopping de Sum\u00e9\u201d, disse o prefeito \u00c9den. \u201cA gente sempre teve vontade de ter o nosso supermercado no centro da cidade para atender a popula\u00e7\u00e3o do centro e da zona rural. Surgiu essa oportunidade e a gente agarrou. Vamos fazer um empreendimento diferente, bonito e que atenda ao gosto dos clientes\u201d, declarou Galego. Dos Editais de Chamamento do Shopping, 96% das salas encontram-se ocupadas e est\u00e3o sendo adaptadas pelos lojistas para que o pr\u00e9dio possa ser inaugurado com todos os espa\u00e7os funcionando. Al\u00e9m dos diversos tipos de empreendimentos, h\u00e1 ainda no Sum\u00e9 Shopping a Casa da Cidadania, com servi\u00e7os de emiss\u00e3o de RG, CPF, Carteira de Trabalho, Procon, Detran, INSS e Sala do Empreendedor e o Instituto Brasileiro de Geografia e Estat\u00edstica (IBGE) \u2013 Ag\u00eancia Sum\u00e9 tamb\u00e9m estar\u00e1 se mudando para o shopping. Para o diretor do Sum\u00e9 Shopping, mestre em Gest\u00e3o P\u00fablica e Coopera\u00e7\u00e3o Internacional, Williams Martinho, o Sum\u00e9 Shopping, como proposta de valor social, ter\u00e1 um impacto significativo no PIB Municipal por meio da gera\u00e7\u00e3o de emprego e renda, considerando a ocupa\u00e7\u00e3o de mais de 50 lojas, proporcionando ainda a libera\u00e7\u00e3o de um potencial inexplorado que trar\u00e1 benef\u00edcios transformacionais em grande escala. O prefeito \u00c9den declarou que a perspectiva de inaugura\u00e7\u00e3o est\u00e1 pr\u00f3xima, mas que depender\u00e1 da estabilidade de casos de coronav\u00edrus no munic\u00edpio e na regi\u00e3o. A lista de segmentos de lojas que j\u00e1 ocupam o mix de empreendimentos do Sum\u00e9 Shopping s\u00e3o: Tipos de Segmentos de Lojas Supermercado Express Pizzaria Choperia e Hamburgueria Cafeteria e Lanchonete Gourmet Comida Regional (Franquia)Correspondente Banc\u00e1rio Cosm\u00e9ticos e Perfumaria \u00d3tica Enxoval: Cama, Mesa e Banho Moda infantil-enxoval-baby kids-infanto juvenil (Franquia)Aplicativo de entregas Camisaria Roupas Femininas e Cal\u00e7ados Femininos Alugu\u00e9is de Roupas para festas Lingerie Franquia(Hering) Roupas em Geral e Acess\u00f3rios Sapatos masculinos Suprimentos Naturais Chocolataria Sal\u00e3o de Beleza Feminino Spar de Beleza Barbearia Centro de Treinamento de Beleza Ag\u00eancia de Viagens e Turismo Cl\u00ednica Odontol\u00f3gica Manuten\u00e7\u00e3o e Acess\u00f3rios para celular Sala de Multim\u00eddia Sistema VOIP de Telefonia Venda e Instala\u00e7\u00e3o de C\u00e2meras e ar-condicionados Escrit\u00f3rio de Advocacia Escrit\u00f3rio de Assessoria para Agricultores (Quiosque)Sorveteria (Quiosque)Floricultura (Quiosque)Brinquedos Um novo Edital de Chamamento P\u00fablico ser\u00e1 lan\u00e7ado nos pr\u00f3ximos dias para a ocupa\u00e7\u00e3o das \u00faltimas lojas restantes do Sum\u00e9 Shopping. Ascom PMS","og_url":"https:\/\/noticiasemdestaque.com\/cd\/?p=25712","og_site_name":"Not&iacute;cias em Destaque","article_published_time":"2020-07-06T21:03:38+00:00","og_image":[{"width":1280,"height":853,"url":"https:\/\/noticiasemdestaque.com\/cd\/wp-content\/uploads\/2020\/07\/WhatsApp-Image-2020-07-06-at-10.29.52-4.jpeg","type":"image\/jpeg"}],"author":"Not\u00edcias em Destaque","twitter_card":"summary_large_image","twitter_misc":{"Escrito por":"Not\u00edcias em Destaque","Est. tempo de leitura":"3 minutos"},"schema":{"@context":"https:\/\/schema.org","@graph":[{"@type":"Article","@id":"https:\/\/noticiasemdestaque.com\/cd\/?p=25712#article","isPartOf":{"@id":"https:\/\/noticiasemdestaque.com\/cd\/?p=25712"},"author":{"name":"Not\u00edcias em Destaque","@id":"https:\/\/noticiasemdestaque.com\/cd\/#\/schema\/person\/21320b03a7e8bb90128938dafc9b908a"},"headline":"Shopping de Sum\u00e9 assina contrato para instala\u00e7\u00e3o de supermercado em loja \u00e2ncora do pr\u00e9dio","datePublished":"2020-07-06T21:03:38+00:00","mainEntityOfPage":{"@id":"https:\/\/noticiasemdestaque.com\/cd\/?p=25712"},"wordCount":612,"publisher":{"@id":"https:\/\/noticiasemdestaque.com\/cd\/#organization"},"image":{"@id":"https:\/\/noticiasemdestaque.com\/cd\/?p=25712#primaryimage"},"thumbnailUrl":"https:\/\/noticiasemdestaque.com\/cd\/wp-content\/uploads\/2020\/07\/WhatsApp-Image-2020-07-06-at-10.29.52-4.jpeg","articleSection":["Geral"],"inLanguage":"pt-BR"},{"@type":"WebPage","@id":"https:\/\/noticiasemdestaque.com\/cd\/?p=25712","url":"https:\/\/noticiasemdestaque.com\/cd\/?p=25712","name":"Shopping de Sum\u00e9 assina contrato para instala\u00e7\u00e3o de supermercado em loja \u00e2ncora do pr\u00e9dio - Not&iacute;cias em Destaque","isPartOf":{"@id":"https:\/\/noticiasemdestaque.com\/cd\/#website"},"primaryImageOfPage":{"@id":"https:\/\/noticiasemdestaque.com\/cd\/?p=25712#primaryimage"},"image":{"@id":"https:\/\/noticiasemdestaque.com\/cd\/?p=25712#primaryimage"},"thumbnailUrl":"https:\/\/noticiasemdestaque.com\/cd\/wp-content\/uploads\/2020\/07\/WhatsApp-Image-2020-07-06-at-10.29.52-4.jpeg","datePublished":"2020-07-06T21:03:38+00:00","breadcrumb":{"@id":"https:\/\/noticiasemdestaque.com\/cd\/?p=25712#breadcrumb"},"inLanguage":"pt-BR","potentialAction":[{"@type":"ReadAction","target":["https:\/\/noticiasemdestaque.com\/cd\/?p=25712"]}]},{"@type":"ImageObject","inLanguage":"pt-BR","@id":"https:\/\/noticiasemdestaque.com\/cd\/?p=25712#primaryimage","url":"https:\/\/noticiasemdestaque.com\/cd\/wp-content\/uploads\/2020\/07\/WhatsApp-Image-2020-07-06-at-10.29.52-4.jpeg","contentUrl":"https:\/\/noticiasemdestaque.com\/cd\/wp-content\/uploads\/2020\/07\/WhatsApp-Image-2020-07-06-at-10.29.52-4.jpeg","width":1280,"height":853},{"@type":"BreadcrumbList","@id":"https:\/\/noticiasemdestaque.com\/cd\/?p=25712#breadcrumb","itemListElement":[{"@type":"ListItem","position":1,"name":"In\u00edcio","item":"https:\/\/noticiasemdestaque.com\/cd\/"},{"@type":"ListItem","position":2,"name":"Shopping de Sum\u00e9 assina contrato para instala\u00e7\u00e3o de supermercado em loja \u00e2ncora do pr\u00e9dio"}]},{"@type":"WebSite","@id":"https:\/\/noticiasemdestaque.com\/cd\/#website","url":"https:\/\/noticiasemdestaque.com\/cd\/","name":"Not&iacute;cias em Destaque","description":"","publisher":{"@id":"https:\/\/noticiasemdestaque.com\/cd\/#organization"},"potentialAction":[{"@type":"SearchAction","target":{"@type":"EntryPoint","urlTemplate":"https:\/\/noticiasemdestaque.com\/cd\/?s={search_term_string}"},"query-input":{"@type":"PropertyValueSpecification","valueRequired":true,"valueName":"search_term_string"}}],"inLanguage":"pt-BR"},{"@type":"Organization","@id":"https:\/\/noticiasemdestaque.com\/cd\/#organization","name":"Not\u00edcias em Destaque","url":"https:\/\/noticiasemdestaque.com\/cd\/","logo":{"@type":"ImageObject","inLanguage":"pt-BR","@id":"https:\/\/noticiasemdestaque.com\/cd\/#\/schema\/logo\/image\/","url":"https:\/\/noticiasemdestaque.com\/cd\/wp-content\/uploads\/2022\/05\/imagem-base-noticiasemdestaque.png","contentUrl":"https:\/\/noticiasemdestaque.com\/cd\/wp-content\/uploads\/2022\/05\/imagem-base-noticiasemdestaque.png","width":1200,"height":630,"caption":"Not\u00edcias em Destaque"},"image":{"@id":"https:\/\/noticiasemdestaque.com\/cd\/#\/schema\/logo\/image\/"}},{"@type":"Person","@id":"https:\/\/noticiasemdestaque.com\/cd\/#\/schema\/person\/21320b03a7e8bb90128938dafc9b908a","name":"Not\u00edcias em Destaque","url":"https:\/\/noticiasemdestaque.com\/cd\/?author=2"}]}},"jetpack_featured_media_url":"https:\/\/noticiasemdestaque.com\/cd\/wp-content\/uploads\/2020\/07\/WhatsApp-Image-2020-07-06-at-10.29.52-4.jpeg","jetpack_sharing_enabled":true,"_links":{"self":[{"href":"https:\/\/noticiasemdestaque.com\/cd\/index.php?rest_route=\/wp\/v2\/posts\/25712","targetHints":{"allow":["GET"]}}],"collection":[{"href":"https:\/\/noticiasemdestaque.com\/cd\/index.php?rest_route=\/wp\/v2\/posts"}],"about":[{"href":"https:\/\/noticiasemdestaque.com\/cd\/index.php?rest_route=\/wp\/v2\/types\/post"}],"author":[{"embeddable":true,"href":"https:\/\/noticiasemdestaque.com\/cd\/index.php?rest_route=\/wp\/v2\/users\/2"}],"replies":[{"embeddable":true,"href":"https:\/\/noticiasemdestaque.com\/cd\/index.php?rest_route=%2Fwp%2Fv2%2Fcomments&post=25712"}],"version-history":[{"count":1,"href":"https:\/\/noticiasemdestaque.com\/cd\/index.php?rest_route=\/wp\/v2\/posts\/25712\/revisions"}],"predecessor-version":[{"id":25715,"href":"https:\/\/noticiasemdestaque.com\/cd\/index.php?rest_route=\/wp\/v2\/posts\/25712\/revisions\/25715"}],"wp:featuredmedia":[{"embeddable":true,"href":"https:\/\/noticiasemdestaque.com\/cd\/index.php?rest_route=\/wp\/v2\/media\/25714"}],"wp:attachment":[{"href":"https:\/\/noticiasemdestaque.com\/cd\/index.php?rest_route=%2Fwp%2Fv2%2Fmedia&parent=25712"}],"wp:term":[{"taxonomy":"category","embeddable":true,"href":"https:\/\/noticiasemdestaque.com\/cd\/index.php?rest_route=%2Fwp%2Fv2%2Fcategories&post=25712"},{"taxonomy":"post_tag","embeddable":true,"href":"https:\/\/noticiasemdestaque.com\/cd\/index.php?rest_route=%2Fwp%2Fv2%2Ftags&post=25712"}],"curies":[{"name":"wp","href":"https:\/\/api.w.org\/{rel}","templated":true}]}}