{"id":25709,"date":"2020-07-06T17:48:19","date_gmt":"2020-07-06T20:48:19","guid":{"rendered":"http:\/\/noticiasemdestaque.com\/cd\/?p=25709"},"modified":"2020-07-06T17:48:19","modified_gmt":"2020-07-06T20:48:19","slug":"8-casos-de-covid-19-sao-registrados-de-uma-so-vez-em-serra-branca","status":"publish","type":"post","link":"https:\/\/noticiasemdestaque.com\/cd\/?p=25709","title":{"rendered":"8 casos de Covid-19 s\u00e3o registrados de uma s\u00f3 vez em Serra Branca"},"content":{"rendered":"<p><a href=\"https:\/\/noticiasemdestaque.com\/cd\/wp-content\/uploads\/2020\/07\/boletim.jpg\"><img fetchpriority=\"high\" decoding=\"async\" class=\"size-full wp-image-25710 aligncenter\" src=\"https:\/\/noticiasemdestaque.com\/cd\/wp-content\/uploads\/2020\/07\/boletim.jpg\" alt=\"\" width=\"400\" height=\"399\" srcset=\"https:\/\/noticiasemdestaque.com\/cd\/wp-content\/uploads\/2020\/07\/boletim.jpg 400w, https:\/\/noticiasemdestaque.com\/cd\/wp-content\/uploads\/2020\/07\/boletim-150x150.jpg 150w, https:\/\/noticiasemdestaque.com\/cd\/wp-content\/uploads\/2020\/07\/boletim-300x300.jpg 300w\" sizes=\"(max-width: 400px) 100vw, 400px\" \/><\/a><\/p>\n<p style=\"font-weight: 400;\">A prefeitura municipal de Serra Branca confirmou na tarde desta segunda-feira(06\/07), mais oito casos positivos de Covid-19. Segundo o boletim emitido pela secretaria de sa\u00fade, agora o munic\u00edpio j\u00e1 t\u00eam 79 casos.<\/p>\n<p style=\"font-weight: 400;\">Segundo o boletim, t\u00eam 609 notificados; em tratamento 53; recuperados\/curados 24; \u00f3bitos 02; suspeitos 20 e foram descartados 510.<\/p>\n<p style=\"font-weight: 400;\">Os casos confirmados por localidade \u00e9 o seguinte, na Zona Urbana: Ah\u00fa 01; Alto da Concei\u00e7\u00e3o 01; Centro 29; Com. Zezinho Tranquilino 02;<\/p>\n<p style=\"font-weight: 400;\">Pereiros 10 e Pil\u00e3o 06. J\u00e1 na Zona Rural: S\u00edtio Angico 08; S\u00edtio Balan\u00e7o 06; S\u00edtio Caititu 01; S\u00edtio Feij\u00e3o 06 e S\u00edtio 06. E residentes fora do munic\u00edpio 06.<\/p>\n<p style=\"font-weight: 400;\"><strong>Os casos de hoje<\/strong><\/p>\n<p style=\"font-weight: 400;\">1\u00ba Caso: Um paciente, 42 anos, se encontra em isolamento domiciliar, assintom\u00e1tico (Zona Urbana), do Centro;<\/p>\n<p style=\"font-weight: 400;\">2\u00ba Caso: Um paciente de 42 anos, que se encontra em isolamento domiciliar, assintom\u00e1tico (Zona Urbana), do Centro;<\/p>\n<p style=\"font-weight: 400;\">3\u00ba Caso: Um paciente de 26 anos, que se encontra em isolamento domiciliar, assintom\u00e1tico (Zona Urbana), do Centro;<\/p>\n<p style=\"font-weight: 400;\">4\u00ba Caso: Um paciente de 25 anos, que se encontra em isolamento domiciliar, assintom\u00e1tica (Zona Urbana), do Centro;<\/p>\n<p style=\"font-weight: 400;\">5\u00ba Caso: Uma paciente de 69 anos, que se encontra em isolamento domiciliar, sintom\u00e1tica (Zona Urbana), do Centro;<\/p>\n<p style=\"font-weight: 400;\">6\u00ba Caso: Uma paciente de 48 anos, que se encontra em isolamento domiciliar, assintom\u00e1tica (Zona Urbana), do Centro;<\/p>\n<p style=\"font-weight: 400;\">7\u00ba Caso: Uma paciente de 45 anos, que se encontra em isolamento domiciliar, assintom\u00e1tica (Zona Urbana), do Pil\u00e3o;<\/p>\n<p style=\"font-weight: 400;\">8\u00ba Caso: Um paciente de 21 anos, que se encontra em isolamento domiciliar, assintom\u00e1tico (Zona Urbana), do Pereiros.<\/p>\n<p style=\"font-weight: 400;\">Focando Para\u00edba<\/p>\n","protected":false},"excerpt":{"rendered":"<p>A prefeitura municipal de Serra Branca confirmou na tarde desta segunda-feira(06\/07), mais oito casos positivos de Covid-19. Segundo o boletim emitido pela secretaria de sa\u00fade, agora o munic\u00edpio j\u00e1 t\u00eam 79 casos. Segundo o boletim, t\u00eam 609 notificados; em tratamento 53; recuperados\/curados 24; \u00f3bitos 02; suspeitos 20 e foram descartados 510. Os casos confirmados por localidade \u00e9 o seguinte, na Zona Urbana: Ah\u00fa 01; Alto da Concei\u00e7\u00e3o 01; Centro 29; Com. Zezinho Tranquilino 02; Pereiros 10 e Pil\u00e3o 06. J\u00e1 na Zona Rural: S\u00edtio Angico 08; S\u00edtio Balan\u00e7o 06; S\u00edtio Caititu 01; S\u00edtio Feij\u00e3o 06 e S\u00edtio 06. E residentes fora do munic\u00edpio 06. Os casos de hoje 1\u00ba Caso: Um paciente, 42 anos, se encontra em isolamento domiciliar, assintom\u00e1tico (Zona Urbana), do Centro; 2\u00ba Caso: Um paciente de 42 anos, que se encontra em isolamento domiciliar, assintom\u00e1tico (Zona Urbana), do Centro; 3\u00ba Caso: Um paciente de 26 anos, que se encontra em isolamento domiciliar, assintom\u00e1tico (Zona Urbana), do Centro; 4\u00ba Caso: Um paciente de 25 anos, que se encontra em isolamento domiciliar, assintom\u00e1tica (Zona Urbana), do Centro; 5\u00ba Caso: Uma paciente de 69 anos, que se encontra em isolamento domiciliar, sintom\u00e1tica (Zona Urbana), do Centro; 6\u00ba Caso: Uma paciente de 48 anos, que se encontra em isolamento domiciliar, assintom\u00e1tica (Zona Urbana), do Centro; 7\u00ba Caso: Uma paciente de 45 anos, que se encontra em isolamento domiciliar, assintom\u00e1tica (Zona Urbana), do Pil\u00e3o; 8\u00ba Caso: Um paciente de 21 anos, que se encontra em isolamento domiciliar, assintom\u00e1tico (Zona Urbana), do Pereiros. Focando Para\u00edba<\/p>\n","protected":false},"author":2,"featured_media":25710,"comment_status":"closed","ping_status":"open","sticky":false,"template":"","format":"standard","meta":{"_eb_attr":"","_jetpack_memberships_contains_paid_content":false,"footnotes":""},"categories":[3],"tags":[],"class_list":["post-25709","post","type-post","status-publish","format-standard","has-post-thumbnail","hentry","category-cidades"],"yoast_head":"<!-- This site is optimized with the Yoast SEO plugin v26.5 - https:\/\/yoast.com\/wordpress\/plugins\/seo\/ -->\n<title>8 casos de Covid-19 s\u00e3o registrados de uma s\u00f3 vez em Serra Branca - Not&iacute;cias em Destaque<\/title>\n<meta name=\"robots\" content=\"index, follow, max-snippet:-1, max-image-preview:large, max-video-preview:-1\" \/>\n<link rel=\"canonical\" href=\"https:\/\/noticiasemdestaque.com\/cd\/?p=25709\" \/>\n<meta property=\"og:locale\" content=\"pt_BR\" \/>\n<meta property=\"og:type\" content=\"article\" \/>\n<meta property=\"og:title\" content=\"8 casos de Covid-19 s\u00e3o registrados de uma s\u00f3 vez em Serra Branca - Not&iacute;cias em Destaque\" \/>\n<meta property=\"og:description\" content=\"A prefeitura municipal de Serra Branca confirmou na tarde desta segunda-feira(06\/07), mais oito casos positivos de Covid-19. Segundo o boletim emitido pela secretaria de sa\u00fade, agora o munic\u00edpio j\u00e1 t\u00eam 79 casos. Segundo o boletim, t\u00eam 609 notificados; em tratamento 53; recuperados\/curados 24; \u00f3bitos 02; suspeitos 20 e foram descartados 510. Os casos confirmados por localidade \u00e9 o seguinte, na Zona Urbana: Ah\u00fa 01; Alto da Concei\u00e7\u00e3o 01; Centro 29; Com. Zezinho Tranquilino 02; Pereiros 10 e Pil\u00e3o 06. J\u00e1 na Zona Rural: S\u00edtio Angico 08; S\u00edtio Balan\u00e7o 06; S\u00edtio Caititu 01; S\u00edtio Feij\u00e3o 06 e S\u00edtio 06. E residentes fora do munic\u00edpio 06. Os casos de hoje 1\u00ba Caso: Um paciente, 42 anos, se encontra em isolamento domiciliar, assintom\u00e1tico (Zona Urbana), do Centro; 2\u00ba Caso: Um paciente de 42 anos, que se encontra em isolamento domiciliar, assintom\u00e1tico (Zona Urbana), do Centro; 3\u00ba Caso: Um paciente de 26 anos, que se encontra em isolamento domiciliar, assintom\u00e1tico (Zona Urbana), do Centro; 4\u00ba Caso: Um paciente de 25 anos, que se encontra em isolamento domiciliar, assintom\u00e1tica (Zona Urbana), do Centro; 5\u00ba Caso: Uma paciente de 69 anos, que se encontra em isolamento domiciliar, sintom\u00e1tica (Zona Urbana), do Centro; 6\u00ba Caso: Uma paciente de 48 anos, que se encontra em isolamento domiciliar, assintom\u00e1tica (Zona Urbana), do Centro; 7\u00ba Caso: Uma paciente de 45 anos, que se encontra em isolamento domiciliar, assintom\u00e1tica (Zona Urbana), do Pil\u00e3o; 8\u00ba Caso: Um paciente de 21 anos, que se encontra em isolamento domiciliar, assintom\u00e1tico (Zona Urbana), do Pereiros. Focando Para\u00edba\" \/>\n<meta property=\"og:url\" content=\"https:\/\/noticiasemdestaque.com\/cd\/?p=25709\" \/>\n<meta property=\"og:site_name\" content=\"Not&iacute;cias em Destaque\" \/>\n<meta property=\"article:published_time\" content=\"2020-07-06T20:48:19+00:00\" \/>\n<meta property=\"og:image\" content=\"https:\/\/noticiasemdestaque.com\/cd\/wp-content\/uploads\/2020\/07\/boletim.jpg\" \/>\n\t<meta property=\"og:image:width\" content=\"400\" \/>\n\t<meta property=\"og:image:height\" content=\"399\" \/>\n\t<meta property=\"og:image:type\" content=\"image\/jpeg\" \/>\n<meta name=\"author\" content=\"Not\u00edcias em Destaque\" \/>\n<meta name=\"twitter:card\" content=\"summary_large_image\" \/>\n<meta name=\"twitter:label1\" content=\"Escrito por\" \/>\n\t<meta name=\"twitter:data1\" content=\"Not\u00edcias em Destaque\" \/>\n\t<meta name=\"twitter:label2\" content=\"Est. tempo de leitura\" \/>\n\t<meta name=\"twitter:data2\" content=\"1 minuto\" \/>\n<script type=\"application\/ld+json\" class=\"yoast-schema-graph\">{\"@context\":\"https:\/\/schema.org\",\"@graph\":[{\"@type\":\"Article\",\"@id\":\"https:\/\/noticiasemdestaque.com\/cd\/?p=25709#article\",\"isPartOf\":{\"@id\":\"https:\/\/noticiasemdestaque.com\/cd\/?p=25709\"},\"author\":{\"name\":\"Not\u00edcias em Destaque\",\"@id\":\"https:\/\/noticiasemdestaque.com\/cd\/#\/schema\/person\/21320b03a7e8bb90128938dafc9b908a\"},\"headline\":\"8 casos de Covid-19 s\u00e3o registrados de uma s\u00f3 vez em Serra Branca\",\"datePublished\":\"2020-07-06T20:48:19+00:00\",\"mainEntityOfPage\":{\"@id\":\"https:\/\/noticiasemdestaque.com\/cd\/?p=25709\"},\"wordCount\":254,\"publisher\":{\"@id\":\"https:\/\/noticiasemdestaque.com\/cd\/#organization\"},\"image\":{\"@id\":\"https:\/\/noticiasemdestaque.com\/cd\/?p=25709#primaryimage\"},\"thumbnailUrl\":\"https:\/\/noticiasemdestaque.com\/cd\/wp-content\/uploads\/2020\/07\/boletim.jpg\",\"articleSection\":[\"Cidades\"],\"inLanguage\":\"pt-BR\"},{\"@type\":\"WebPage\",\"@id\":\"https:\/\/noticiasemdestaque.com\/cd\/?p=25709\",\"url\":\"https:\/\/noticiasemdestaque.com\/cd\/?p=25709\",\"name\":\"8 casos de Covid-19 s\u00e3o registrados de uma s\u00f3 vez em Serra Branca - Not&iacute;cias em Destaque\",\"isPartOf\":{\"@id\":\"https:\/\/noticiasemdestaque.com\/cd\/#website\"},\"primaryImageOfPage\":{\"@id\":\"https:\/\/noticiasemdestaque.com\/cd\/?p=25709#primaryimage\"},\"image\":{\"@id\":\"https:\/\/noticiasemdestaque.com\/cd\/?p=25709#primaryimage\"},\"thumbnailUrl\":\"https:\/\/noticiasemdestaque.com\/cd\/wp-content\/uploads\/2020\/07\/boletim.jpg\",\"datePublished\":\"2020-07-06T20:48:19+00:00\",\"breadcrumb\":{\"@id\":\"https:\/\/noticiasemdestaque.com\/cd\/?p=25709#breadcrumb\"},\"inLanguage\":\"pt-BR\",\"potentialAction\":[{\"@type\":\"ReadAction\",\"target\":[\"https:\/\/noticiasemdestaque.com\/cd\/?p=25709\"]}]},{\"@type\":\"ImageObject\",\"inLanguage\":\"pt-BR\",\"@id\":\"https:\/\/noticiasemdestaque.com\/cd\/?p=25709#primaryimage\",\"url\":\"https:\/\/noticiasemdestaque.com\/cd\/wp-content\/uploads\/2020\/07\/boletim.jpg\",\"contentUrl\":\"https:\/\/noticiasemdestaque.com\/cd\/wp-content\/uploads\/2020\/07\/boletim.jpg\",\"width\":400,\"height\":399},{\"@type\":\"BreadcrumbList\",\"@id\":\"https:\/\/noticiasemdestaque.com\/cd\/?p=25709#breadcrumb\",\"itemListElement\":[{\"@type\":\"ListItem\",\"position\":1,\"name\":\"In\u00edcio\",\"item\":\"https:\/\/noticiasemdestaque.com\/cd\/\"},{\"@type\":\"ListItem\",\"position\":2,\"name\":\"8 casos de Covid-19 s\u00e3o registrados de uma s\u00f3 vez em Serra Branca\"}]},{\"@type\":\"WebSite\",\"@id\":\"https:\/\/noticiasemdestaque.com\/cd\/#website\",\"url\":\"https:\/\/noticiasemdestaque.com\/cd\/\",\"name\":\"Not&iacute;cias em Destaque\",\"description\":\"\",\"publisher\":{\"@id\":\"https:\/\/noticiasemdestaque.com\/cd\/#organization\"},\"potentialAction\":[{\"@type\":\"SearchAction\",\"target\":{\"@type\":\"EntryPoint\",\"urlTemplate\":\"https:\/\/noticiasemdestaque.com\/cd\/?s={search_term_string}\"},\"query-input\":{\"@type\":\"PropertyValueSpecification\",\"valueRequired\":true,\"valueName\":\"search_term_string\"}}],\"inLanguage\":\"pt-BR\"},{\"@type\":\"Organization\",\"@id\":\"https:\/\/noticiasemdestaque.com\/cd\/#organization\",\"name\":\"Not\u00edcias em Destaque\",\"url\":\"https:\/\/noticiasemdestaque.com\/cd\/\",\"logo\":{\"@type\":\"ImageObject\",\"inLanguage\":\"pt-BR\",\"@id\":\"https:\/\/noticiasemdestaque.com\/cd\/#\/schema\/logo\/image\/\",\"url\":\"https:\/\/noticiasemdestaque.com\/cd\/wp-content\/uploads\/2022\/05\/imagem-base-noticiasemdestaque.png\",\"contentUrl\":\"https:\/\/noticiasemdestaque.com\/cd\/wp-content\/uploads\/2022\/05\/imagem-base-noticiasemdestaque.png\",\"width\":1200,\"height\":630,\"caption\":\"Not\u00edcias em Destaque\"},\"image\":{\"@id\":\"https:\/\/noticiasemdestaque.com\/cd\/#\/schema\/logo\/image\/\"}},{\"@type\":\"Person\",\"@id\":\"https:\/\/noticiasemdestaque.com\/cd\/#\/schema\/person\/21320b03a7e8bb90128938dafc9b908a\",\"name\":\"Not\u00edcias em Destaque\",\"url\":\"https:\/\/noticiasemdestaque.com\/cd\/?author=2\"}]}<\/script>\n<!-- \/ Yoast SEO plugin. -->","yoast_head_json":{"title":"8 casos de Covid-19 s\u00e3o registrados de uma s\u00f3 vez em Serra Branca - Not&iacute;cias em Destaque","robots":{"index":"index","follow":"follow","max-snippet":"max-snippet:-1","max-image-preview":"max-image-preview:large","max-video-preview":"max-video-preview:-1"},"canonical":"https:\/\/noticiasemdestaque.com\/cd\/?p=25709","og_locale":"pt_BR","og_type":"article","og_title":"8 casos de Covid-19 s\u00e3o registrados de uma s\u00f3 vez em Serra Branca - Not&iacute;cias em Destaque","og_description":"A prefeitura municipal de Serra Branca confirmou na tarde desta segunda-feira(06\/07), mais oito casos positivos de Covid-19. Segundo o boletim emitido pela secretaria de sa\u00fade, agora o munic\u00edpio j\u00e1 t\u00eam 79 casos. Segundo o boletim, t\u00eam 609 notificados; em tratamento 53; recuperados\/curados 24; \u00f3bitos 02; suspeitos 20 e foram descartados 510. Os casos confirmados por localidade \u00e9 o seguinte, na Zona Urbana: Ah\u00fa 01; Alto da Concei\u00e7\u00e3o 01; Centro 29; Com. Zezinho Tranquilino 02; Pereiros 10 e Pil\u00e3o 06. J\u00e1 na Zona Rural: S\u00edtio Angico 08; S\u00edtio Balan\u00e7o 06; S\u00edtio Caititu 01; S\u00edtio Feij\u00e3o 06 e S\u00edtio 06. E residentes fora do munic\u00edpio 06. Os casos de hoje 1\u00ba Caso: Um paciente, 42 anos, se encontra em isolamento domiciliar, assintom\u00e1tico (Zona Urbana), do Centro; 2\u00ba Caso: Um paciente de 42 anos, que se encontra em isolamento domiciliar, assintom\u00e1tico (Zona Urbana), do Centro; 3\u00ba Caso: Um paciente de 26 anos, que se encontra em isolamento domiciliar, assintom\u00e1tico (Zona Urbana), do Centro; 4\u00ba Caso: Um paciente de 25 anos, que se encontra em isolamento domiciliar, assintom\u00e1tica (Zona Urbana), do Centro; 5\u00ba Caso: Uma paciente de 69 anos, que se encontra em isolamento domiciliar, sintom\u00e1tica (Zona Urbana), do Centro; 6\u00ba Caso: Uma paciente de 48 anos, que se encontra em isolamento domiciliar, assintom\u00e1tica (Zona Urbana), do Centro; 7\u00ba Caso: Uma paciente de 45 anos, que se encontra em isolamento domiciliar, assintom\u00e1tica (Zona Urbana), do Pil\u00e3o; 8\u00ba Caso: Um paciente de 21 anos, que se encontra em isolamento domiciliar, assintom\u00e1tico (Zona Urbana), do Pereiros. Focando Para\u00edba","og_url":"https:\/\/noticiasemdestaque.com\/cd\/?p=25709","og_site_name":"Not&iacute;cias em Destaque","article_published_time":"2020-07-06T20:48:19+00:00","og_image":[{"width":400,"height":399,"url":"https:\/\/noticiasemdestaque.com\/cd\/wp-content\/uploads\/2020\/07\/boletim.jpg","type":"image\/jpeg"}],"author":"Not\u00edcias em Destaque","twitter_card":"summary_large_image","twitter_misc":{"Escrito por":"Not\u00edcias em Destaque","Est. tempo de leitura":"1 minuto"},"schema":{"@context":"https:\/\/schema.org","@graph":[{"@type":"Article","@id":"https:\/\/noticiasemdestaque.com\/cd\/?p=25709#article","isPartOf":{"@id":"https:\/\/noticiasemdestaque.com\/cd\/?p=25709"},"author":{"name":"Not\u00edcias em Destaque","@id":"https:\/\/noticiasemdestaque.com\/cd\/#\/schema\/person\/21320b03a7e8bb90128938dafc9b908a"},"headline":"8 casos de Covid-19 s\u00e3o registrados de uma s\u00f3 vez em Serra Branca","datePublished":"2020-07-06T20:48:19+00:00","mainEntityOfPage":{"@id":"https:\/\/noticiasemdestaque.com\/cd\/?p=25709"},"wordCount":254,"publisher":{"@id":"https:\/\/noticiasemdestaque.com\/cd\/#organization"},"image":{"@id":"https:\/\/noticiasemdestaque.com\/cd\/?p=25709#primaryimage"},"thumbnailUrl":"https:\/\/noticiasemdestaque.com\/cd\/wp-content\/uploads\/2020\/07\/boletim.jpg","articleSection":["Cidades"],"inLanguage":"pt-BR"},{"@type":"WebPage","@id":"https:\/\/noticiasemdestaque.com\/cd\/?p=25709","url":"https:\/\/noticiasemdestaque.com\/cd\/?p=25709","name":"8 casos de Covid-19 s\u00e3o registrados de uma s\u00f3 vez em Serra Branca - Not&iacute;cias em Destaque","isPartOf":{"@id":"https:\/\/noticiasemdestaque.com\/cd\/#website"},"primaryImageOfPage":{"@id":"https:\/\/noticiasemdestaque.com\/cd\/?p=25709#primaryimage"},"image":{"@id":"https:\/\/noticiasemdestaque.com\/cd\/?p=25709#primaryimage"},"thumbnailUrl":"https:\/\/noticiasemdestaque.com\/cd\/wp-content\/uploads\/2020\/07\/boletim.jpg","datePublished":"2020-07-06T20:48:19+00:00","breadcrumb":{"@id":"https:\/\/noticiasemdestaque.com\/cd\/?p=25709#breadcrumb"},"inLanguage":"pt-BR","potentialAction":[{"@type":"ReadAction","target":["https:\/\/noticiasemdestaque.com\/cd\/?p=25709"]}]},{"@type":"ImageObject","inLanguage":"pt-BR","@id":"https:\/\/noticiasemdestaque.com\/cd\/?p=25709#primaryimage","url":"https:\/\/noticiasemdestaque.com\/cd\/wp-content\/uploads\/2020\/07\/boletim.jpg","contentUrl":"https:\/\/noticiasemdestaque.com\/cd\/wp-content\/uploads\/2020\/07\/boletim.jpg","width":400,"height":399},{"@type":"BreadcrumbList","@id":"https:\/\/noticiasemdestaque.com\/cd\/?p=25709#breadcrumb","itemListElement":[{"@type":"ListItem","position":1,"name":"In\u00edcio","item":"https:\/\/noticiasemdestaque.com\/cd\/"},{"@type":"ListItem","position":2,"name":"8 casos de Covid-19 s\u00e3o registrados de uma s\u00f3 vez em Serra Branca"}]},{"@type":"WebSite","@id":"https:\/\/noticiasemdestaque.com\/cd\/#website","url":"https:\/\/noticiasemdestaque.com\/cd\/","name":"Not&iacute;cias em Destaque","description":"","publisher":{"@id":"https:\/\/noticiasemdestaque.com\/cd\/#organization"},"potentialAction":[{"@type":"SearchAction","target":{"@type":"EntryPoint","urlTemplate":"https:\/\/noticiasemdestaque.com\/cd\/?s={search_term_string}"},"query-input":{"@type":"PropertyValueSpecification","valueRequired":true,"valueName":"search_term_string"}}],"inLanguage":"pt-BR"},{"@type":"Organization","@id":"https:\/\/noticiasemdestaque.com\/cd\/#organization","name":"Not\u00edcias em Destaque","url":"https:\/\/noticiasemdestaque.com\/cd\/","logo":{"@type":"ImageObject","inLanguage":"pt-BR","@id":"https:\/\/noticiasemdestaque.com\/cd\/#\/schema\/logo\/image\/","url":"https:\/\/noticiasemdestaque.com\/cd\/wp-content\/uploads\/2022\/05\/imagem-base-noticiasemdestaque.png","contentUrl":"https:\/\/noticiasemdestaque.com\/cd\/wp-content\/uploads\/2022\/05\/imagem-base-noticiasemdestaque.png","width":1200,"height":630,"caption":"Not\u00edcias em Destaque"},"image":{"@id":"https:\/\/noticiasemdestaque.com\/cd\/#\/schema\/logo\/image\/"}},{"@type":"Person","@id":"https:\/\/noticiasemdestaque.com\/cd\/#\/schema\/person\/21320b03a7e8bb90128938dafc9b908a","name":"Not\u00edcias em Destaque","url":"https:\/\/noticiasemdestaque.com\/cd\/?author=2"}]}},"jetpack_featured_media_url":"https:\/\/noticiasemdestaque.com\/cd\/wp-content\/uploads\/2020\/07\/boletim.jpg","jetpack_sharing_enabled":true,"_links":{"self":[{"href":"https:\/\/noticiasemdestaque.com\/cd\/index.php?rest_route=\/wp\/v2\/posts\/25709","targetHints":{"allow":["GET"]}}],"collection":[{"href":"https:\/\/noticiasemdestaque.com\/cd\/index.php?rest_route=\/wp\/v2\/posts"}],"about":[{"href":"https:\/\/noticiasemdestaque.com\/cd\/index.php?rest_route=\/wp\/v2\/types\/post"}],"author":[{"embeddable":true,"href":"https:\/\/noticiasemdestaque.com\/cd\/index.php?rest_route=\/wp\/v2\/users\/2"}],"replies":[{"embeddable":true,"href":"https:\/\/noticiasemdestaque.com\/cd\/index.php?rest_route=%2Fwp%2Fv2%2Fcomments&post=25709"}],"version-history":[{"count":1,"href":"https:\/\/noticiasemdestaque.com\/cd\/index.php?rest_route=\/wp\/v2\/posts\/25709\/revisions"}],"predecessor-version":[{"id":25711,"href":"https:\/\/noticiasemdestaque.com\/cd\/index.php?rest_route=\/wp\/v2\/posts\/25709\/revisions\/25711"}],"wp:featuredmedia":[{"embeddable":true,"href":"https:\/\/noticiasemdestaque.com\/cd\/index.php?rest_route=\/wp\/v2\/media\/25710"}],"wp:attachment":[{"href":"https:\/\/noticiasemdestaque.com\/cd\/index.php?rest_route=%2Fwp%2Fv2%2Fmedia&parent=25709"}],"wp:term":[{"taxonomy":"category","embeddable":true,"href":"https:\/\/noticiasemdestaque.com\/cd\/index.php?rest_route=%2Fwp%2Fv2%2Fcategories&post=25709"},{"taxonomy":"post_tag","embeddable":true,"href":"https:\/\/noticiasemdestaque.com\/cd\/index.php?rest_route=%2Fwp%2Fv2%2Ftags&post=25709"}],"curies":[{"name":"wp","href":"https:\/\/api.w.org\/{rel}","templated":true}]}}