{"id":257,"date":"2017-06-07T07:42:59","date_gmt":"2017-06-07T10:42:59","guid":{"rendered":"http:\/\/caririemdestaque.com\/cd\/?p=257"},"modified":"2017-06-07T07:44:50","modified_gmt":"2017-06-07T10:44:50","slug":"secretaria-de-saude-de-serra-branca-libera-vacinas-da-campanha-contra-a-gripe-para-a-populacao-em-geral","status":"publish","type":"post","link":"https:\/\/noticiasemdestaque.com\/cd\/?p=257","title":{"rendered":"Secretaria de sa\u00fade de Serra Branca libera vacinas da campanha contra a gripe para a popula\u00e7\u00e3o em geral"},"content":{"rendered":"<p><a href=\"http:\/\/caririemdestaque.com\/cd\/wp-content\/uploads\/2017\/06\/Foto1940-600x450.jpg\"><img fetchpriority=\"high\" decoding=\"async\" class=\"size-medium wp-image-258 aligncenter\" src=\"http:\/\/caririemdestaque.com\/cd\/wp-content\/uploads\/2017\/06\/Foto1940-600x450-300x225.jpg\" alt=\"\" width=\"300\" height=\"225\" srcset=\"https:\/\/noticiasemdestaque.com\/cd\/wp-content\/uploads\/2017\/06\/Foto1940-600x450-300x225.jpg 300w, https:\/\/noticiasemdestaque.com\/cd\/wp-content\/uploads\/2017\/06\/Foto1940-600x450.jpg 600w\" sizes=\"(max-width: 300px) 100vw, 300px\" \/><\/a>A vacina\u00e7\u00e3o contra a gripe foi aberta para toda a popula\u00e7\u00e3o de Serra Branca at\u00e9 acabar as vacinas enviadas pelo Minist\u00e9rio da Sa\u00fade. A informa\u00e7\u00e3o foi repassada pela coordenadora de epidemiologia da Secretaria Municipal de Sa\u00fade, Aluna Lopes.<\/p>\n<p>Segundo ela, o munic\u00edpio atingiu a meta de vacina\u00e7\u00e3o preconizada pelo Minist\u00e9rio e vacinou 91% do p\u00fablico alvo e priorit\u00e1rio da campanha. Restaram da campanha pouco mais de 200 doses dentre as que foram enviadas pela Ger\u00eancia Regional de Sa\u00fade em Monteiro.<\/p>\n<p>De acordo com informa\u00e7\u00f5es repassadas pela coordenadora Aluna Lopes, apenas essas doses estar\u00e3o a disposi\u00e7\u00e3o da popula\u00e7\u00e3o e ser\u00e3o administradas de acordo com a procura da popula\u00e7\u00e3o. Ap\u00f3s acabar as vacinas, n\u00e3o h\u00e1 previs\u00e3o de vinda de mais doses e, portanto, a Secretaria de Sa\u00fade informou que s\u00f3 vai vacinar as primeiras 200 pessoas que procurarem o munic\u00edpio.<\/p>\n<p>Cariri em Destaques<\/p>\n<p>Com De Olho no Cariri<\/p>\n<p>&nbsp;<\/p>\n","protected":false},"excerpt":{"rendered":"<p>A vacina\u00e7\u00e3o contra a gripe foi aberta para toda a popula\u00e7\u00e3o de Serra Branca at\u00e9 acabar as vacinas enviadas pelo Minist\u00e9rio da Sa\u00fade. A informa\u00e7\u00e3o foi repassada pela coordenadora de epidemiologia da Secretaria Municipal de Sa\u00fade, Aluna Lopes. Segundo ela, o munic\u00edpio atingiu a meta de vacina\u00e7\u00e3o preconizada pelo Minist\u00e9rio e vacinou 91% do p\u00fablico alvo e priorit\u00e1rio da campanha. Restaram da campanha pouco mais de 200 doses dentre as que foram enviadas pela Ger\u00eancia Regional de Sa\u00fade em Monteiro. De acordo com informa\u00e7\u00f5es repassadas pela coordenadora Aluna Lopes, apenas essas doses estar\u00e3o a disposi\u00e7\u00e3o da popula\u00e7\u00e3o e ser\u00e3o administradas de acordo com a procura da popula\u00e7\u00e3o. Ap\u00f3s acabar as vacinas, n\u00e3o h\u00e1 previs\u00e3o de vinda de mais doses e, portanto, a Secretaria de Sa\u00fade informou que s\u00f3 vai vacinar as primeiras 200 pessoas que procurarem o munic\u00edpio. Cariri em Destaques Com De Olho no Cariri &nbsp;<\/p>\n","protected":false},"author":2,"featured_media":258,"comment_status":"closed","ping_status":"open","sticky":false,"template":"","format":"standard","meta":{"_eb_attr":"","_jetpack_memberships_contains_paid_content":false,"footnotes":""},"categories":[8],"tags":[],"class_list":["post-257","post","type-post","status-publish","format-standard","has-post-thumbnail","hentry","category-saude"],"yoast_head":"<!-- This site is optimized with the Yoast SEO plugin v26.5 - https:\/\/yoast.com\/wordpress\/plugins\/seo\/ -->\n<title>Secretaria de sa\u00fade de Serra Branca libera vacinas da campanha contra a gripe para a popula\u00e7\u00e3o em geral - Not&iacute;cias em Destaque<\/title>\n<meta name=\"robots\" content=\"index, follow, max-snippet:-1, max-image-preview:large, max-video-preview:-1\" \/>\n<link rel=\"canonical\" href=\"https:\/\/noticiasemdestaque.com\/cd\/?p=257\" \/>\n<meta property=\"og:locale\" content=\"pt_BR\" \/>\n<meta property=\"og:type\" content=\"article\" \/>\n<meta property=\"og:title\" content=\"Secretaria de sa\u00fade de Serra Branca libera vacinas da campanha contra a gripe para a popula\u00e7\u00e3o em geral - Not&iacute;cias em Destaque\" \/>\n<meta property=\"og:description\" content=\"A vacina\u00e7\u00e3o contra a gripe foi aberta para toda a popula\u00e7\u00e3o de Serra Branca at\u00e9 acabar as vacinas enviadas pelo Minist\u00e9rio da Sa\u00fade. A informa\u00e7\u00e3o foi repassada pela coordenadora de epidemiologia da Secretaria Municipal de Sa\u00fade, Aluna Lopes. Segundo ela, o munic\u00edpio atingiu a meta de vacina\u00e7\u00e3o preconizada pelo Minist\u00e9rio e vacinou 91% do p\u00fablico alvo e priorit\u00e1rio da campanha. Restaram da campanha pouco mais de 200 doses dentre as que foram enviadas pela Ger\u00eancia Regional de Sa\u00fade em Monteiro. De acordo com informa\u00e7\u00f5es repassadas pela coordenadora Aluna Lopes, apenas essas doses estar\u00e3o a disposi\u00e7\u00e3o da popula\u00e7\u00e3o e ser\u00e3o administradas de acordo com a procura da popula\u00e7\u00e3o. Ap\u00f3s acabar as vacinas, n\u00e3o h\u00e1 previs\u00e3o de vinda de mais doses e, portanto, a Secretaria de Sa\u00fade informou que s\u00f3 vai vacinar as primeiras 200 pessoas que procurarem o munic\u00edpio. Cariri em Destaques Com De Olho no Cariri &nbsp;\" \/>\n<meta property=\"og:url\" content=\"https:\/\/noticiasemdestaque.com\/cd\/?p=257\" \/>\n<meta property=\"og:site_name\" content=\"Not&iacute;cias em Destaque\" \/>\n<meta property=\"article:published_time\" content=\"2017-06-07T10:42:59+00:00\" \/>\n<meta property=\"article:modified_time\" content=\"2017-06-07T10:44:50+00:00\" \/>\n<meta property=\"og:image\" content=\"https:\/\/noticiasemdestaque.com\/cd\/wp-content\/uploads\/2017\/06\/Foto1940-600x450.jpg\" \/>\n\t<meta property=\"og:image:width\" content=\"600\" \/>\n\t<meta property=\"og:image:height\" content=\"450\" \/>\n\t<meta property=\"og:image:type\" content=\"image\/jpeg\" \/>\n<meta name=\"author\" content=\"Not\u00edcias em Destaque\" \/>\n<meta name=\"twitter:card\" content=\"summary_large_image\" \/>\n<meta name=\"twitter:label1\" content=\"Escrito por\" \/>\n\t<meta name=\"twitter:data1\" content=\"Not\u00edcias em Destaque\" \/>\n\t<meta name=\"twitter:label2\" content=\"Est. tempo de leitura\" \/>\n\t<meta name=\"twitter:data2\" content=\"1 minuto\" \/>\n<script type=\"application\/ld+json\" class=\"yoast-schema-graph\">{\"@context\":\"https:\/\/schema.org\",\"@graph\":[{\"@type\":\"Article\",\"@id\":\"https:\/\/noticiasemdestaque.com\/cd\/?p=257#article\",\"isPartOf\":{\"@id\":\"https:\/\/noticiasemdestaque.com\/cd\/?p=257\"},\"author\":{\"name\":\"Not\u00edcias em Destaque\",\"@id\":\"https:\/\/noticiasemdestaque.com\/cd\/#\/schema\/person\/47f7d4f55eec17c6b2ca036c5500f6ce\"},\"headline\":\"Secretaria de sa\u00fade de Serra Branca libera vacinas da campanha contra a gripe para a popula\u00e7\u00e3o em geral\",\"datePublished\":\"2017-06-07T10:42:59+00:00\",\"dateModified\":\"2017-06-07T10:44:50+00:00\",\"mainEntityOfPage\":{\"@id\":\"https:\/\/noticiasemdestaque.com\/cd\/?p=257\"},\"wordCount\":188,\"publisher\":{\"@id\":\"https:\/\/noticiasemdestaque.com\/cd\/#organization\"},\"image\":{\"@id\":\"https:\/\/noticiasemdestaque.com\/cd\/?p=257#primaryimage\"},\"thumbnailUrl\":\"https:\/\/noticiasemdestaque.com\/cd\/wp-content\/uploads\/2017\/06\/Foto1940-600x450.jpg\",\"articleSection\":[\"Sa\u00fade\"],\"inLanguage\":\"pt-BR\"},{\"@type\":\"WebPage\",\"@id\":\"https:\/\/noticiasemdestaque.com\/cd\/?p=257\",\"url\":\"https:\/\/noticiasemdestaque.com\/cd\/?p=257\",\"name\":\"Secretaria de sa\u00fade de Serra Branca libera vacinas da campanha contra a gripe para a popula\u00e7\u00e3o em geral - Not&iacute;cias em Destaque\",\"isPartOf\":{\"@id\":\"https:\/\/noticiasemdestaque.com\/cd\/#website\"},\"primaryImageOfPage\":{\"@id\":\"https:\/\/noticiasemdestaque.com\/cd\/?p=257#primaryimage\"},\"image\":{\"@id\":\"https:\/\/noticiasemdestaque.com\/cd\/?p=257#primaryimage\"},\"thumbnailUrl\":\"https:\/\/noticiasemdestaque.com\/cd\/wp-content\/uploads\/2017\/06\/Foto1940-600x450.jpg\",\"datePublished\":\"2017-06-07T10:42:59+00:00\",\"dateModified\":\"2017-06-07T10:44:50+00:00\",\"breadcrumb\":{\"@id\":\"https:\/\/noticiasemdestaque.com\/cd\/?p=257#breadcrumb\"},\"inLanguage\":\"pt-BR\",\"potentialAction\":[{\"@type\":\"ReadAction\",\"target\":[\"https:\/\/noticiasemdestaque.com\/cd\/?p=257\"]}]},{\"@type\":\"ImageObject\",\"inLanguage\":\"pt-BR\",\"@id\":\"https:\/\/noticiasemdestaque.com\/cd\/?p=257#primaryimage\",\"url\":\"https:\/\/noticiasemdestaque.com\/cd\/wp-content\/uploads\/2017\/06\/Foto1940-600x450.jpg\",\"contentUrl\":\"https:\/\/noticiasemdestaque.com\/cd\/wp-content\/uploads\/2017\/06\/Foto1940-600x450.jpg\",\"width\":600,\"height\":450},{\"@type\":\"BreadcrumbList\",\"@id\":\"https:\/\/noticiasemdestaque.com\/cd\/?p=257#breadcrumb\",\"itemListElement\":[{\"@type\":\"ListItem\",\"position\":1,\"name\":\"In\u00edcio\",\"item\":\"https:\/\/noticiasemdestaque.com\/cd\/\"},{\"@type\":\"ListItem\",\"position\":2,\"name\":\"Secretaria de sa\u00fade de Serra Branca libera vacinas da campanha contra a gripe para a popula\u00e7\u00e3o em geral\"}]},{\"@type\":\"WebSite\",\"@id\":\"https:\/\/noticiasemdestaque.com\/cd\/#website\",\"url\":\"https:\/\/noticiasemdestaque.com\/cd\/\",\"name\":\"Not&iacute;cias em Destaque\",\"description\":\"\",\"publisher\":{\"@id\":\"https:\/\/noticiasemdestaque.com\/cd\/#organization\"},\"potentialAction\":[{\"@type\":\"SearchAction\",\"target\":{\"@type\":\"EntryPoint\",\"urlTemplate\":\"https:\/\/noticiasemdestaque.com\/cd\/?s={search_term_string}\"},\"query-input\":{\"@type\":\"PropertyValueSpecification\",\"valueRequired\":true,\"valueName\":\"search_term_string\"}}],\"inLanguage\":\"pt-BR\"},{\"@type\":\"Organization\",\"@id\":\"https:\/\/noticiasemdestaque.com\/cd\/#organization\",\"name\":\"Not\u00edcias em Destaque\",\"url\":\"https:\/\/noticiasemdestaque.com\/cd\/\",\"logo\":{\"@type\":\"ImageObject\",\"inLanguage\":\"pt-BR\",\"@id\":\"https:\/\/noticiasemdestaque.com\/cd\/#\/schema\/logo\/image\/\",\"url\":\"https:\/\/noticiasemdestaque.com\/cd\/wp-content\/uploads\/2022\/05\/imagem-base-noticiasemdestaque.png\",\"contentUrl\":\"https:\/\/noticiasemdestaque.com\/cd\/wp-content\/uploads\/2022\/05\/imagem-base-noticiasemdestaque.png\",\"width\":1200,\"height\":630,\"caption\":\"Not\u00edcias em Destaque\"},\"image\":{\"@id\":\"https:\/\/noticiasemdestaque.com\/cd\/#\/schema\/logo\/image\/\"}},{\"@type\":\"Person\",\"@id\":\"https:\/\/noticiasemdestaque.com\/cd\/#\/schema\/person\/47f7d4f55eec17c6b2ca036c5500f6ce\",\"name\":\"Not\u00edcias em Destaque\",\"url\":\"https:\/\/noticiasemdestaque.com\/cd\/?author=2\"}]}<\/script>\n<!-- \/ Yoast SEO plugin. -->","yoast_head_json":{"title":"Secretaria de sa\u00fade de Serra Branca libera vacinas da campanha contra a gripe para a popula\u00e7\u00e3o em geral - Not&iacute;cias em Destaque","robots":{"index":"index","follow":"follow","max-snippet":"max-snippet:-1","max-image-preview":"max-image-preview:large","max-video-preview":"max-video-preview:-1"},"canonical":"https:\/\/noticiasemdestaque.com\/cd\/?p=257","og_locale":"pt_BR","og_type":"article","og_title":"Secretaria de sa\u00fade de Serra Branca libera vacinas da campanha contra a gripe para a popula\u00e7\u00e3o em geral - Not&iacute;cias em Destaque","og_description":"A vacina\u00e7\u00e3o contra a gripe foi aberta para toda a popula\u00e7\u00e3o de Serra Branca at\u00e9 acabar as vacinas enviadas pelo Minist\u00e9rio da Sa\u00fade. A informa\u00e7\u00e3o foi repassada pela coordenadora de epidemiologia da Secretaria Municipal de Sa\u00fade, Aluna Lopes. Segundo ela, o munic\u00edpio atingiu a meta de vacina\u00e7\u00e3o preconizada pelo Minist\u00e9rio e vacinou 91% do p\u00fablico alvo e priorit\u00e1rio da campanha. Restaram da campanha pouco mais de 200 doses dentre as que foram enviadas pela Ger\u00eancia Regional de Sa\u00fade em Monteiro. De acordo com informa\u00e7\u00f5es repassadas pela coordenadora Aluna Lopes, apenas essas doses estar\u00e3o a disposi\u00e7\u00e3o da popula\u00e7\u00e3o e ser\u00e3o administradas de acordo com a procura da popula\u00e7\u00e3o. Ap\u00f3s acabar as vacinas, n\u00e3o h\u00e1 previs\u00e3o de vinda de mais doses e, portanto, a Secretaria de Sa\u00fade informou que s\u00f3 vai vacinar as primeiras 200 pessoas que procurarem o munic\u00edpio. Cariri em Destaques Com De Olho no Cariri &nbsp;","og_url":"https:\/\/noticiasemdestaque.com\/cd\/?p=257","og_site_name":"Not&iacute;cias em Destaque","article_published_time":"2017-06-07T10:42:59+00:00","article_modified_time":"2017-06-07T10:44:50+00:00","og_image":[{"width":600,"height":450,"url":"https:\/\/noticiasemdestaque.com\/cd\/wp-content\/uploads\/2017\/06\/Foto1940-600x450.jpg","type":"image\/jpeg"}],"author":"Not\u00edcias em Destaque","twitter_card":"summary_large_image","twitter_misc":{"Escrito por":"Not\u00edcias em Destaque","Est. tempo de leitura":"1 minuto"},"schema":{"@context":"https:\/\/schema.org","@graph":[{"@type":"Article","@id":"https:\/\/noticiasemdestaque.com\/cd\/?p=257#article","isPartOf":{"@id":"https:\/\/noticiasemdestaque.com\/cd\/?p=257"},"author":{"name":"Not\u00edcias em Destaque","@id":"https:\/\/noticiasemdestaque.com\/cd\/#\/schema\/person\/47f7d4f55eec17c6b2ca036c5500f6ce"},"headline":"Secretaria de sa\u00fade de Serra Branca libera vacinas da campanha contra a gripe para a popula\u00e7\u00e3o em geral","datePublished":"2017-06-07T10:42:59+00:00","dateModified":"2017-06-07T10:44:50+00:00","mainEntityOfPage":{"@id":"https:\/\/noticiasemdestaque.com\/cd\/?p=257"},"wordCount":188,"publisher":{"@id":"https:\/\/noticiasemdestaque.com\/cd\/#organization"},"image":{"@id":"https:\/\/noticiasemdestaque.com\/cd\/?p=257#primaryimage"},"thumbnailUrl":"https:\/\/noticiasemdestaque.com\/cd\/wp-content\/uploads\/2017\/06\/Foto1940-600x450.jpg","articleSection":["Sa\u00fade"],"inLanguage":"pt-BR"},{"@type":"WebPage","@id":"https:\/\/noticiasemdestaque.com\/cd\/?p=257","url":"https:\/\/noticiasemdestaque.com\/cd\/?p=257","name":"Secretaria de sa\u00fade de Serra Branca libera vacinas da campanha contra a gripe para a popula\u00e7\u00e3o em geral - Not&iacute;cias em Destaque","isPartOf":{"@id":"https:\/\/noticiasemdestaque.com\/cd\/#website"},"primaryImageOfPage":{"@id":"https:\/\/noticiasemdestaque.com\/cd\/?p=257#primaryimage"},"image":{"@id":"https:\/\/noticiasemdestaque.com\/cd\/?p=257#primaryimage"},"thumbnailUrl":"https:\/\/noticiasemdestaque.com\/cd\/wp-content\/uploads\/2017\/06\/Foto1940-600x450.jpg","datePublished":"2017-06-07T10:42:59+00:00","dateModified":"2017-06-07T10:44:50+00:00","breadcrumb":{"@id":"https:\/\/noticiasemdestaque.com\/cd\/?p=257#breadcrumb"},"inLanguage":"pt-BR","potentialAction":[{"@type":"ReadAction","target":["https:\/\/noticiasemdestaque.com\/cd\/?p=257"]}]},{"@type":"ImageObject","inLanguage":"pt-BR","@id":"https:\/\/noticiasemdestaque.com\/cd\/?p=257#primaryimage","url":"https:\/\/noticiasemdestaque.com\/cd\/wp-content\/uploads\/2017\/06\/Foto1940-600x450.jpg","contentUrl":"https:\/\/noticiasemdestaque.com\/cd\/wp-content\/uploads\/2017\/06\/Foto1940-600x450.jpg","width":600,"height":450},{"@type":"BreadcrumbList","@id":"https:\/\/noticiasemdestaque.com\/cd\/?p=257#breadcrumb","itemListElement":[{"@type":"ListItem","position":1,"name":"In\u00edcio","item":"https:\/\/noticiasemdestaque.com\/cd\/"},{"@type":"ListItem","position":2,"name":"Secretaria de sa\u00fade de Serra Branca libera vacinas da campanha contra a gripe para a popula\u00e7\u00e3o em geral"}]},{"@type":"WebSite","@id":"https:\/\/noticiasemdestaque.com\/cd\/#website","url":"https:\/\/noticiasemdestaque.com\/cd\/","name":"Not&iacute;cias em Destaque","description":"","publisher":{"@id":"https:\/\/noticiasemdestaque.com\/cd\/#organization"},"potentialAction":[{"@type":"SearchAction","target":{"@type":"EntryPoint","urlTemplate":"https:\/\/noticiasemdestaque.com\/cd\/?s={search_term_string}"},"query-input":{"@type":"PropertyValueSpecification","valueRequired":true,"valueName":"search_term_string"}}],"inLanguage":"pt-BR"},{"@type":"Organization","@id":"https:\/\/noticiasemdestaque.com\/cd\/#organization","name":"Not\u00edcias em Destaque","url":"https:\/\/noticiasemdestaque.com\/cd\/","logo":{"@type":"ImageObject","inLanguage":"pt-BR","@id":"https:\/\/noticiasemdestaque.com\/cd\/#\/schema\/logo\/image\/","url":"https:\/\/noticiasemdestaque.com\/cd\/wp-content\/uploads\/2022\/05\/imagem-base-noticiasemdestaque.png","contentUrl":"https:\/\/noticiasemdestaque.com\/cd\/wp-content\/uploads\/2022\/05\/imagem-base-noticiasemdestaque.png","width":1200,"height":630,"caption":"Not\u00edcias em Destaque"},"image":{"@id":"https:\/\/noticiasemdestaque.com\/cd\/#\/schema\/logo\/image\/"}},{"@type":"Person","@id":"https:\/\/noticiasemdestaque.com\/cd\/#\/schema\/person\/47f7d4f55eec17c6b2ca036c5500f6ce","name":"Not\u00edcias em Destaque","url":"https:\/\/noticiasemdestaque.com\/cd\/?author=2"}]}},"jetpack_featured_media_url":"https:\/\/noticiasemdestaque.com\/cd\/wp-content\/uploads\/2017\/06\/Foto1940-600x450.jpg","jetpack_sharing_enabled":true,"_links":{"self":[{"href":"https:\/\/noticiasemdestaque.com\/cd\/index.php?rest_route=\/wp\/v2\/posts\/257","targetHints":{"allow":["GET"]}}],"collection":[{"href":"https:\/\/noticiasemdestaque.com\/cd\/index.php?rest_route=\/wp\/v2\/posts"}],"about":[{"href":"https:\/\/noticiasemdestaque.com\/cd\/index.php?rest_route=\/wp\/v2\/types\/post"}],"author":[{"embeddable":true,"href":"https:\/\/noticiasemdestaque.com\/cd\/index.php?rest_route=\/wp\/v2\/users\/2"}],"replies":[{"embeddable":true,"href":"https:\/\/noticiasemdestaque.com\/cd\/index.php?rest_route=%2Fwp%2Fv2%2Fcomments&post=257"}],"version-history":[{"count":1,"href":"https:\/\/noticiasemdestaque.com\/cd\/index.php?rest_route=\/wp\/v2\/posts\/257\/revisions"}],"predecessor-version":[{"id":259,"href":"https:\/\/noticiasemdestaque.com\/cd\/index.php?rest_route=\/wp\/v2\/posts\/257\/revisions\/259"}],"wp:featuredmedia":[{"embeddable":true,"href":"https:\/\/noticiasemdestaque.com\/cd\/index.php?rest_route=\/wp\/v2\/media\/258"}],"wp:attachment":[{"href":"https:\/\/noticiasemdestaque.com\/cd\/index.php?rest_route=%2Fwp%2Fv2%2Fmedia&parent=257"}],"wp:term":[{"taxonomy":"category","embeddable":true,"href":"https:\/\/noticiasemdestaque.com\/cd\/index.php?rest_route=%2Fwp%2Fv2%2Fcategories&post=257"},{"taxonomy":"post_tag","embeddable":true,"href":"https:\/\/noticiasemdestaque.com\/cd\/index.php?rest_route=%2Fwp%2Fv2%2Ftags&post=257"}],"curies":[{"name":"wp","href":"https:\/\/api.w.org\/{rel}","templated":true}]}}