{"id":25697,"date":"2020-07-05T19:20:29","date_gmt":"2020-07-05T22:20:29","guid":{"rendered":"http:\/\/noticiasemdestaque.com\/cd\/?p=25697"},"modified":"2020-07-05T19:20:29","modified_gmt":"2020-07-05T22:20:29","slug":"prefeitura-de-sume-lanca-aplicativo-para-solicitacao-de-trocas-de-lampadas-e-de-outros-servicos","status":"publish","type":"post","link":"https:\/\/noticiasemdestaque.com\/cd\/?p=25697","title":{"rendered":"Prefeitura de Sum\u00e9 lan\u00e7a aplicativo para solicita\u00e7\u00e3o de trocas de l\u00e2mpadas e de outros servi\u00e7os"},"content":{"rendered":"<p><a href=\"https:\/\/noticiasemdestaque.com\/cd\/wp-content\/uploads\/2020\/07\/WhatsApp-Image-2020-07-02-at-14.12.53.jpeg\"><img fetchpriority=\"high\" decoding=\"async\" class=\"wp-image-25699 alignleft\" src=\"https:\/\/noticiasemdestaque.com\/cd\/wp-content\/uploads\/2020\/07\/WhatsApp-Image-2020-07-02-at-14.12.53-1024x768.jpeg\" alt=\"\" width=\"402\" height=\"302\" srcset=\"https:\/\/noticiasemdestaque.com\/cd\/wp-content\/uploads\/2020\/07\/WhatsApp-Image-2020-07-02-at-14.12.53-1024x768.jpeg 1024w, https:\/\/noticiasemdestaque.com\/cd\/wp-content\/uploads\/2020\/07\/WhatsApp-Image-2020-07-02-at-14.12.53-300x225.jpeg 300w, https:\/\/noticiasemdestaque.com\/cd\/wp-content\/uploads\/2020\/07\/WhatsApp-Image-2020-07-02-at-14.12.53-768x576.jpeg 768w, https:\/\/noticiasemdestaque.com\/cd\/wp-content\/uploads\/2020\/07\/WhatsApp-Image-2020-07-02-at-14.12.53-640x480.jpeg 640w, https:\/\/noticiasemdestaque.com\/cd\/wp-content\/uploads\/2020\/07\/WhatsApp-Image-2020-07-02-at-14.12.53.jpeg 1280w\" sizes=\"(max-width: 402px) 100vw, 402px\" \/><\/a>A Prefeitura de Sum\u00e9 passa a contar agora com mais uma ferramenta online de servi\u00e7os ao cidad\u00e3o. A gest\u00e3o est\u00e1 lan\u00e7ando o aplicativo \u201cPrefeitura de Sum\u00e9\u201d, que tem como principal objetivo facilitar o contato do cidad\u00e3o com a gest\u00e3o nas solicita\u00e7\u00f5es das trocas de l\u00e2mpadas no munic\u00edpio. \u00c9 uma parceria firmada entre a Prefeitura e a empresa de aplicativos Black 107.<\/p>\n<p>O app \u00e9 gratuito e estar\u00e1 dispon\u00edvel para download para telefones com sistema Android e IOS nos pr\u00f3ximos dez dias, sem custo. O usu\u00e1rio para ter acesso ao servi\u00e7o dever\u00e1 fazer o login e se cadastrar. Para a solicita\u00e7\u00e3o da troca de l\u00e2mpadas ele tamb\u00e9m poder\u00e1 enviar fotos do local que necessita do reparo, bem como comunicar sobre problemas de energia em determinada rua. O pedido \u00e9 enviado diretamente para o setor respons\u00e1v<\/p>\n<p><img decoding=\"async\" class=\"wp-image-25698 alignright\" src=\"https:\/\/noticiasemdestaque.com\/cd\/wp-content\/uploads\/2020\/07\/WhatsApp-Image-2020-07-02-at-11.48.02-1-651x1024.jpeg\" alt=\"\" width=\"164\" height=\"258\" srcset=\"https:\/\/noticiasemdestaque.com\/cd\/wp-content\/uploads\/2020\/07\/WhatsApp-Image-2020-07-02-at-11.48.02-1-651x1024.jpeg 651w, https:\/\/noticiasemdestaque.com\/cd\/wp-content\/uploads\/2020\/07\/WhatsApp-Image-2020-07-02-at-11.48.02-1-191x300.jpeg 191w, https:\/\/noticiasemdestaque.com\/cd\/wp-content\/uploads\/2020\/07\/WhatsApp-Image-2020-07-02-at-11.48.02-1.jpeg 720w\" sizes=\"(max-width: 164px) 100vw, 164px\" \/><\/p>\n<p>el facilitando a agilidade no atendimento. Servir\u00e1 para a zona urbana e rural.<\/p>\n<p>O aplicativo tamb\u00e9m est\u00e1 diretamente conectado com outras funcionalidades como disponibiliza\u00e7\u00e3o de contracheques online, segunda via de IPTU, acesso \u00e0 ouvidoria municipal e o acompanhamento de not\u00edcias, entrevistas e outras a\u00e7\u00f5es que s\u00e3o desenvolvidas pela prefeitura.<\/p>\n<p>O prefeito \u00c9den Duarte esteve nesta quinta-feira (02) conversando com os desenvolvedores do Black 107, que s\u00e3o os jovens sumeenses, Leandro Gra\u00e7a e S\u00e1tiro Neto.<\/p>\n<p>De acordo com \u00c9den, o app \u00e9 mais um canal adotado pela administra\u00e7\u00e3o para aproximar a popula\u00e7\u00e3o do governo. O Executivo j\u00e1 implantou no munic\u00edpio a ouvidoria municipal e o or\u00e7amento democr\u00e1tico que est\u00e3o sendo fundamentais para que a gest\u00e3o dialogue diretamente com o cidad\u00e3o.<\/p>\n<p>\u201cO app \u00e9 um caminho de moderniza\u00e7\u00e3o da administra\u00e7\u00e3o e de fortalecimento de uma empresa local. A empresa Black 107, desenvolvedora do aplicativo, \u00e9 genuinamente sumeense e j\u00e1 est\u00e1 se instalando no shopping da cidade. Estamos tratando de outras parcerias com a empresa para aperfei\u00e7oar mais ainda os servi\u00e7os disponibilizados pela prefeitura aos cidad\u00e3os.<\/p>\n<p>Ascom PMS<\/p>\n","protected":false},"excerpt":{"rendered":"<p>A Prefeitura de Sum\u00e9 passa a contar agora com mais uma ferramenta online de servi\u00e7os ao cidad\u00e3o. A gest\u00e3o est\u00e1 lan\u00e7ando o aplicativo \u201cPrefeitura de Sum\u00e9\u201d, que tem como principal objetivo facilitar o contato do cidad\u00e3o com a gest\u00e3o nas solicita\u00e7\u00f5es das trocas de l\u00e2mpadas no munic\u00edpio. \u00c9 uma parceria firmada entre a Prefeitura e a empresa de aplicativos Black 107. O app \u00e9 gratuito e estar\u00e1 dispon\u00edvel para download para telefones com sistema Android e IOS nos pr\u00f3ximos dez dias, sem custo. O usu\u00e1rio para ter acesso ao servi\u00e7o dever\u00e1 fazer o login e se cadastrar. Para a solicita\u00e7\u00e3o da troca de l\u00e2mpadas ele tamb\u00e9m poder\u00e1 enviar fotos do local que necessita do reparo, bem como comunicar sobre problemas de energia em determinada rua. O pedido \u00e9 enviado diretamente para o setor respons\u00e1v el facilitando a agilidade no atendimento. Servir\u00e1 para a zona urbana e rural. O aplicativo tamb\u00e9m est\u00e1 diretamente conectado com outras funcionalidades como disponibiliza\u00e7\u00e3o de contracheques online, segunda via de IPTU, acesso \u00e0 ouvidoria municipal e o acompanhamento de not\u00edcias, entrevistas e outras a\u00e7\u00f5es que s\u00e3o desenvolvidas pela prefeitura. O prefeito \u00c9den Duarte esteve nesta quinta-feira (02) conversando com os desenvolvedores do Black 107, que s\u00e3o os jovens sumeenses, Leandro Gra\u00e7a e S\u00e1tiro Neto. De acordo com \u00c9den, o app \u00e9 mais um canal adotado pela administra\u00e7\u00e3o para aproximar a popula\u00e7\u00e3o do governo. O Executivo j\u00e1 implantou no munic\u00edpio a ouvidoria municipal e o or\u00e7amento democr\u00e1tico que est\u00e3o sendo fundamentais para que a gest\u00e3o dialogue diretamente com o cidad\u00e3o. \u201cO app \u00e9 um caminho de moderniza\u00e7\u00e3o da administra\u00e7\u00e3o e de fortalecimento de uma empresa local. A empresa Black 107, desenvolvedora do aplicativo, \u00e9 genuinamente sumeense e j\u00e1 est\u00e1 se instalando no shopping da cidade. Estamos tratando de outras parcerias com a empresa para aperfei\u00e7oar mais ainda os servi\u00e7os disponibilizados pela prefeitura aos cidad\u00e3os. Ascom PMS<\/p>\n","protected":false},"author":2,"featured_media":0,"comment_status":"closed","ping_status":"open","sticky":false,"template":"","format":"standard","meta":{"_eb_attr":"","_jetpack_memberships_contains_paid_content":false,"footnotes":""},"categories":[12],"tags":[],"class_list":["post-25697","post","type-post","status-publish","format-standard","hentry","category-geral"],"yoast_head":"<!-- This site is optimized with the Yoast SEO plugin v26.5 - https:\/\/yoast.com\/wordpress\/plugins\/seo\/ -->\n<title>Prefeitura de Sum\u00e9 lan\u00e7a aplicativo para solicita\u00e7\u00e3o de trocas de l\u00e2mpadas e de outros servi\u00e7os - Not&iacute;cias em Destaque<\/title>\n<meta name=\"robots\" content=\"index, follow, max-snippet:-1, max-image-preview:large, max-video-preview:-1\" \/>\n<link rel=\"canonical\" href=\"https:\/\/noticiasemdestaque.com\/cd\/?p=25697\" \/>\n<meta property=\"og:locale\" content=\"pt_BR\" \/>\n<meta property=\"og:type\" content=\"article\" \/>\n<meta property=\"og:title\" content=\"Prefeitura de Sum\u00e9 lan\u00e7a aplicativo para solicita\u00e7\u00e3o de trocas de l\u00e2mpadas e de outros servi\u00e7os - Not&iacute;cias em Destaque\" \/>\n<meta property=\"og:description\" content=\"A Prefeitura de Sum\u00e9 passa a contar agora com mais uma ferramenta online de servi\u00e7os ao cidad\u00e3o. A gest\u00e3o est\u00e1 lan\u00e7ando o aplicativo \u201cPrefeitura de Sum\u00e9\u201d, que tem como principal objetivo facilitar o contato do cidad\u00e3o com a gest\u00e3o nas solicita\u00e7\u00f5es das trocas de l\u00e2mpadas no munic\u00edpio. \u00c9 uma parceria firmada entre a Prefeitura e a empresa de aplicativos Black 107. O app \u00e9 gratuito e estar\u00e1 dispon\u00edvel para download para telefones com sistema Android e IOS nos pr\u00f3ximos dez dias, sem custo. O usu\u00e1rio para ter acesso ao servi\u00e7o dever\u00e1 fazer o login e se cadastrar. Para a solicita\u00e7\u00e3o da troca de l\u00e2mpadas ele tamb\u00e9m poder\u00e1 enviar fotos do local que necessita do reparo, bem como comunicar sobre problemas de energia em determinada rua. O pedido \u00e9 enviado diretamente para o setor respons\u00e1v el facilitando a agilidade no atendimento. Servir\u00e1 para a zona urbana e rural. O aplicativo tamb\u00e9m est\u00e1 diretamente conectado com outras funcionalidades como disponibiliza\u00e7\u00e3o de contracheques online, segunda via de IPTU, acesso \u00e0 ouvidoria municipal e o acompanhamento de not\u00edcias, entrevistas e outras a\u00e7\u00f5es que s\u00e3o desenvolvidas pela prefeitura. O prefeito \u00c9den Duarte esteve nesta quinta-feira (02) conversando com os desenvolvedores do Black 107, que s\u00e3o os jovens sumeenses, Leandro Gra\u00e7a e S\u00e1tiro Neto. De acordo com \u00c9den, o app \u00e9 mais um canal adotado pela administra\u00e7\u00e3o para aproximar a popula\u00e7\u00e3o do governo. O Executivo j\u00e1 implantou no munic\u00edpio a ouvidoria municipal e o or\u00e7amento democr\u00e1tico que est\u00e3o sendo fundamentais para que a gest\u00e3o dialogue diretamente com o cidad\u00e3o. \u201cO app \u00e9 um caminho de moderniza\u00e7\u00e3o da administra\u00e7\u00e3o e de fortalecimento de uma empresa local. A empresa Black 107, desenvolvedora do aplicativo, \u00e9 genuinamente sumeense e j\u00e1 est\u00e1 se instalando no shopping da cidade. Estamos tratando de outras parcerias com a empresa para aperfei\u00e7oar mais ainda os servi\u00e7os disponibilizados pela prefeitura aos cidad\u00e3os. Ascom PMS\" \/>\n<meta property=\"og:url\" content=\"https:\/\/noticiasemdestaque.com\/cd\/?p=25697\" \/>\n<meta property=\"og:site_name\" content=\"Not&iacute;cias em Destaque\" \/>\n<meta property=\"article:published_time\" content=\"2020-07-05T22:20:29+00:00\" \/>\n<meta property=\"og:image\" content=\"http:\/\/noticiasemdestaque.com\/cd\/wp-content\/uploads\/2020\/07\/WhatsApp-Image-2020-07-02-at-14.12.53-1024x768.jpeg\" \/>\n<meta name=\"author\" content=\"Not\u00edcias em Destaque\" \/>\n<meta name=\"twitter:card\" content=\"summary_large_image\" \/>\n<meta name=\"twitter:label1\" content=\"Escrito por\" \/>\n\t<meta name=\"twitter:data1\" content=\"Not\u00edcias em Destaque\" \/>\n\t<meta name=\"twitter:label2\" content=\"Est. tempo de leitura\" \/>\n\t<meta name=\"twitter:data2\" content=\"2 minutos\" \/>\n<script type=\"application\/ld+json\" class=\"yoast-schema-graph\">{\"@context\":\"https:\/\/schema.org\",\"@graph\":[{\"@type\":\"Article\",\"@id\":\"https:\/\/noticiasemdestaque.com\/cd\/?p=25697#article\",\"isPartOf\":{\"@id\":\"https:\/\/noticiasemdestaque.com\/cd\/?p=25697\"},\"author\":{\"name\":\"Not\u00edcias em Destaque\",\"@id\":\"https:\/\/noticiasemdestaque.com\/cd\/#\/schema\/person\/21320b03a7e8bb90128938dafc9b908a\"},\"headline\":\"Prefeitura de Sum\u00e9 lan\u00e7a aplicativo para solicita\u00e7\u00e3o de trocas de l\u00e2mpadas e de outros servi\u00e7os\",\"datePublished\":\"2020-07-05T22:20:29+00:00\",\"mainEntityOfPage\":{\"@id\":\"https:\/\/noticiasemdestaque.com\/cd\/?p=25697\"},\"wordCount\":355,\"publisher\":{\"@id\":\"https:\/\/noticiasemdestaque.com\/cd\/#organization\"},\"image\":{\"@id\":\"https:\/\/noticiasemdestaque.com\/cd\/?p=25697#primaryimage\"},\"thumbnailUrl\":\"http:\/\/noticiasemdestaque.com\/cd\/wp-content\/uploads\/2020\/07\/WhatsApp-Image-2020-07-02-at-14.12.53-1024x768.jpeg\",\"articleSection\":[\"Geral\"],\"inLanguage\":\"pt-BR\"},{\"@type\":\"WebPage\",\"@id\":\"https:\/\/noticiasemdestaque.com\/cd\/?p=25697\",\"url\":\"https:\/\/noticiasemdestaque.com\/cd\/?p=25697\",\"name\":\"Prefeitura de Sum\u00e9 lan\u00e7a aplicativo para solicita\u00e7\u00e3o de trocas de l\u00e2mpadas e de outros servi\u00e7os - Not&iacute;cias em Destaque\",\"isPartOf\":{\"@id\":\"https:\/\/noticiasemdestaque.com\/cd\/#website\"},\"primaryImageOfPage\":{\"@id\":\"https:\/\/noticiasemdestaque.com\/cd\/?p=25697#primaryimage\"},\"image\":{\"@id\":\"https:\/\/noticiasemdestaque.com\/cd\/?p=25697#primaryimage\"},\"thumbnailUrl\":\"http:\/\/noticiasemdestaque.com\/cd\/wp-content\/uploads\/2020\/07\/WhatsApp-Image-2020-07-02-at-14.12.53-1024x768.jpeg\",\"datePublished\":\"2020-07-05T22:20:29+00:00\",\"breadcrumb\":{\"@id\":\"https:\/\/noticiasemdestaque.com\/cd\/?p=25697#breadcrumb\"},\"inLanguage\":\"pt-BR\",\"potentialAction\":[{\"@type\":\"ReadAction\",\"target\":[\"https:\/\/noticiasemdestaque.com\/cd\/?p=25697\"]}]},{\"@type\":\"ImageObject\",\"inLanguage\":\"pt-BR\",\"@id\":\"https:\/\/noticiasemdestaque.com\/cd\/?p=25697#primaryimage\",\"url\":\"https:\/\/noticiasemdestaque.com\/cd\/wp-content\/uploads\/2020\/07\/WhatsApp-Image-2020-07-02-at-14.12.53.jpeg\",\"contentUrl\":\"https:\/\/noticiasemdestaque.com\/cd\/wp-content\/uploads\/2020\/07\/WhatsApp-Image-2020-07-02-at-14.12.53.jpeg\",\"width\":1280,\"height\":960},{\"@type\":\"BreadcrumbList\",\"@id\":\"https:\/\/noticiasemdestaque.com\/cd\/?p=25697#breadcrumb\",\"itemListElement\":[{\"@type\":\"ListItem\",\"position\":1,\"name\":\"In\u00edcio\",\"item\":\"https:\/\/noticiasemdestaque.com\/cd\/\"},{\"@type\":\"ListItem\",\"position\":2,\"name\":\"Prefeitura de Sum\u00e9 lan\u00e7a aplicativo para solicita\u00e7\u00e3o de trocas de l\u00e2mpadas e de outros servi\u00e7os\"}]},{\"@type\":\"WebSite\",\"@id\":\"https:\/\/noticiasemdestaque.com\/cd\/#website\",\"url\":\"https:\/\/noticiasemdestaque.com\/cd\/\",\"name\":\"Not&iacute;cias em Destaque\",\"description\":\"\",\"publisher\":{\"@id\":\"https:\/\/noticiasemdestaque.com\/cd\/#organization\"},\"potentialAction\":[{\"@type\":\"SearchAction\",\"target\":{\"@type\":\"EntryPoint\",\"urlTemplate\":\"https:\/\/noticiasemdestaque.com\/cd\/?s={search_term_string}\"},\"query-input\":{\"@type\":\"PropertyValueSpecification\",\"valueRequired\":true,\"valueName\":\"search_term_string\"}}],\"inLanguage\":\"pt-BR\"},{\"@type\":\"Organization\",\"@id\":\"https:\/\/noticiasemdestaque.com\/cd\/#organization\",\"name\":\"Not\u00edcias em Destaque\",\"url\":\"https:\/\/noticiasemdestaque.com\/cd\/\",\"logo\":{\"@type\":\"ImageObject\",\"inLanguage\":\"pt-BR\",\"@id\":\"https:\/\/noticiasemdestaque.com\/cd\/#\/schema\/logo\/image\/\",\"url\":\"https:\/\/noticiasemdestaque.com\/cd\/wp-content\/uploads\/2022\/05\/imagem-base-noticiasemdestaque.png\",\"contentUrl\":\"https:\/\/noticiasemdestaque.com\/cd\/wp-content\/uploads\/2022\/05\/imagem-base-noticiasemdestaque.png\",\"width\":1200,\"height\":630,\"caption\":\"Not\u00edcias em Destaque\"},\"image\":{\"@id\":\"https:\/\/noticiasemdestaque.com\/cd\/#\/schema\/logo\/image\/\"}},{\"@type\":\"Person\",\"@id\":\"https:\/\/noticiasemdestaque.com\/cd\/#\/schema\/person\/21320b03a7e8bb90128938dafc9b908a\",\"name\":\"Not\u00edcias em Destaque\",\"url\":\"https:\/\/noticiasemdestaque.com\/cd\/?author=2\"}]}<\/script>\n<!-- \/ Yoast SEO plugin. -->","yoast_head_json":{"title":"Prefeitura de Sum\u00e9 lan\u00e7a aplicativo para solicita\u00e7\u00e3o de trocas de l\u00e2mpadas e de outros servi\u00e7os - Not&iacute;cias em Destaque","robots":{"index":"index","follow":"follow","max-snippet":"max-snippet:-1","max-image-preview":"max-image-preview:large","max-video-preview":"max-video-preview:-1"},"canonical":"https:\/\/noticiasemdestaque.com\/cd\/?p=25697","og_locale":"pt_BR","og_type":"article","og_title":"Prefeitura de Sum\u00e9 lan\u00e7a aplicativo para solicita\u00e7\u00e3o de trocas de l\u00e2mpadas e de outros servi\u00e7os - Not&iacute;cias em Destaque","og_description":"A Prefeitura de Sum\u00e9 passa a contar agora com mais uma ferramenta online de servi\u00e7os ao cidad\u00e3o. A gest\u00e3o est\u00e1 lan\u00e7ando o aplicativo \u201cPrefeitura de Sum\u00e9\u201d, que tem como principal objetivo facilitar o contato do cidad\u00e3o com a gest\u00e3o nas solicita\u00e7\u00f5es das trocas de l\u00e2mpadas no munic\u00edpio. \u00c9 uma parceria firmada entre a Prefeitura e a empresa de aplicativos Black 107. O app \u00e9 gratuito e estar\u00e1 dispon\u00edvel para download para telefones com sistema Android e IOS nos pr\u00f3ximos dez dias, sem custo. O usu\u00e1rio para ter acesso ao servi\u00e7o dever\u00e1 fazer o login e se cadastrar. Para a solicita\u00e7\u00e3o da troca de l\u00e2mpadas ele tamb\u00e9m poder\u00e1 enviar fotos do local que necessita do reparo, bem como comunicar sobre problemas de energia em determinada rua. O pedido \u00e9 enviado diretamente para o setor respons\u00e1v el facilitando a agilidade no atendimento. Servir\u00e1 para a zona urbana e rural. O aplicativo tamb\u00e9m est\u00e1 diretamente conectado com outras funcionalidades como disponibiliza\u00e7\u00e3o de contracheques online, segunda via de IPTU, acesso \u00e0 ouvidoria municipal e o acompanhamento de not\u00edcias, entrevistas e outras a\u00e7\u00f5es que s\u00e3o desenvolvidas pela prefeitura. O prefeito \u00c9den Duarte esteve nesta quinta-feira (02) conversando com os desenvolvedores do Black 107, que s\u00e3o os jovens sumeenses, Leandro Gra\u00e7a e S\u00e1tiro Neto. De acordo com \u00c9den, o app \u00e9 mais um canal adotado pela administra\u00e7\u00e3o para aproximar a popula\u00e7\u00e3o do governo. O Executivo j\u00e1 implantou no munic\u00edpio a ouvidoria municipal e o or\u00e7amento democr\u00e1tico que est\u00e3o sendo fundamentais para que a gest\u00e3o dialogue diretamente com o cidad\u00e3o. \u201cO app \u00e9 um caminho de moderniza\u00e7\u00e3o da administra\u00e7\u00e3o e de fortalecimento de uma empresa local. A empresa Black 107, desenvolvedora do aplicativo, \u00e9 genuinamente sumeense e j\u00e1 est\u00e1 se instalando no shopping da cidade. Estamos tratando de outras parcerias com a empresa para aperfei\u00e7oar mais ainda os servi\u00e7os disponibilizados pela prefeitura aos cidad\u00e3os. Ascom PMS","og_url":"https:\/\/noticiasemdestaque.com\/cd\/?p=25697","og_site_name":"Not&iacute;cias em Destaque","article_published_time":"2020-07-05T22:20:29+00:00","og_image":[{"url":"http:\/\/noticiasemdestaque.com\/cd\/wp-content\/uploads\/2020\/07\/WhatsApp-Image-2020-07-02-at-14.12.53-1024x768.jpeg","type":"","width":"","height":""}],"author":"Not\u00edcias em Destaque","twitter_card":"summary_large_image","twitter_misc":{"Escrito por":"Not\u00edcias em Destaque","Est. tempo de leitura":"2 minutos"},"schema":{"@context":"https:\/\/schema.org","@graph":[{"@type":"Article","@id":"https:\/\/noticiasemdestaque.com\/cd\/?p=25697#article","isPartOf":{"@id":"https:\/\/noticiasemdestaque.com\/cd\/?p=25697"},"author":{"name":"Not\u00edcias em Destaque","@id":"https:\/\/noticiasemdestaque.com\/cd\/#\/schema\/person\/21320b03a7e8bb90128938dafc9b908a"},"headline":"Prefeitura de Sum\u00e9 lan\u00e7a aplicativo para solicita\u00e7\u00e3o de trocas de l\u00e2mpadas e de outros servi\u00e7os","datePublished":"2020-07-05T22:20:29+00:00","mainEntityOfPage":{"@id":"https:\/\/noticiasemdestaque.com\/cd\/?p=25697"},"wordCount":355,"publisher":{"@id":"https:\/\/noticiasemdestaque.com\/cd\/#organization"},"image":{"@id":"https:\/\/noticiasemdestaque.com\/cd\/?p=25697#primaryimage"},"thumbnailUrl":"http:\/\/noticiasemdestaque.com\/cd\/wp-content\/uploads\/2020\/07\/WhatsApp-Image-2020-07-02-at-14.12.53-1024x768.jpeg","articleSection":["Geral"],"inLanguage":"pt-BR"},{"@type":"WebPage","@id":"https:\/\/noticiasemdestaque.com\/cd\/?p=25697","url":"https:\/\/noticiasemdestaque.com\/cd\/?p=25697","name":"Prefeitura de Sum\u00e9 lan\u00e7a aplicativo para solicita\u00e7\u00e3o de trocas de l\u00e2mpadas e de outros servi\u00e7os - Not&iacute;cias em Destaque","isPartOf":{"@id":"https:\/\/noticiasemdestaque.com\/cd\/#website"},"primaryImageOfPage":{"@id":"https:\/\/noticiasemdestaque.com\/cd\/?p=25697#primaryimage"},"image":{"@id":"https:\/\/noticiasemdestaque.com\/cd\/?p=25697#primaryimage"},"thumbnailUrl":"http:\/\/noticiasemdestaque.com\/cd\/wp-content\/uploads\/2020\/07\/WhatsApp-Image-2020-07-02-at-14.12.53-1024x768.jpeg","datePublished":"2020-07-05T22:20:29+00:00","breadcrumb":{"@id":"https:\/\/noticiasemdestaque.com\/cd\/?p=25697#breadcrumb"},"inLanguage":"pt-BR","potentialAction":[{"@type":"ReadAction","target":["https:\/\/noticiasemdestaque.com\/cd\/?p=25697"]}]},{"@type":"ImageObject","inLanguage":"pt-BR","@id":"https:\/\/noticiasemdestaque.com\/cd\/?p=25697#primaryimage","url":"https:\/\/noticiasemdestaque.com\/cd\/wp-content\/uploads\/2020\/07\/WhatsApp-Image-2020-07-02-at-14.12.53.jpeg","contentUrl":"https:\/\/noticiasemdestaque.com\/cd\/wp-content\/uploads\/2020\/07\/WhatsApp-Image-2020-07-02-at-14.12.53.jpeg","width":1280,"height":960},{"@type":"BreadcrumbList","@id":"https:\/\/noticiasemdestaque.com\/cd\/?p=25697#breadcrumb","itemListElement":[{"@type":"ListItem","position":1,"name":"In\u00edcio","item":"https:\/\/noticiasemdestaque.com\/cd\/"},{"@type":"ListItem","position":2,"name":"Prefeitura de Sum\u00e9 lan\u00e7a aplicativo para solicita\u00e7\u00e3o de trocas de l\u00e2mpadas e de outros servi\u00e7os"}]},{"@type":"WebSite","@id":"https:\/\/noticiasemdestaque.com\/cd\/#website","url":"https:\/\/noticiasemdestaque.com\/cd\/","name":"Not&iacute;cias em Destaque","description":"","publisher":{"@id":"https:\/\/noticiasemdestaque.com\/cd\/#organization"},"potentialAction":[{"@type":"SearchAction","target":{"@type":"EntryPoint","urlTemplate":"https:\/\/noticiasemdestaque.com\/cd\/?s={search_term_string}"},"query-input":{"@type":"PropertyValueSpecification","valueRequired":true,"valueName":"search_term_string"}}],"inLanguage":"pt-BR"},{"@type":"Organization","@id":"https:\/\/noticiasemdestaque.com\/cd\/#organization","name":"Not\u00edcias em Destaque","url":"https:\/\/noticiasemdestaque.com\/cd\/","logo":{"@type":"ImageObject","inLanguage":"pt-BR","@id":"https:\/\/noticiasemdestaque.com\/cd\/#\/schema\/logo\/image\/","url":"https:\/\/noticiasemdestaque.com\/cd\/wp-content\/uploads\/2022\/05\/imagem-base-noticiasemdestaque.png","contentUrl":"https:\/\/noticiasemdestaque.com\/cd\/wp-content\/uploads\/2022\/05\/imagem-base-noticiasemdestaque.png","width":1200,"height":630,"caption":"Not\u00edcias em Destaque"},"image":{"@id":"https:\/\/noticiasemdestaque.com\/cd\/#\/schema\/logo\/image\/"}},{"@type":"Person","@id":"https:\/\/noticiasemdestaque.com\/cd\/#\/schema\/person\/21320b03a7e8bb90128938dafc9b908a","name":"Not\u00edcias em Destaque","url":"https:\/\/noticiasemdestaque.com\/cd\/?author=2"}]}},"jetpack_featured_media_url":"","jetpack_sharing_enabled":true,"_links":{"self":[{"href":"https:\/\/noticiasemdestaque.com\/cd\/index.php?rest_route=\/wp\/v2\/posts\/25697","targetHints":{"allow":["GET"]}}],"collection":[{"href":"https:\/\/noticiasemdestaque.com\/cd\/index.php?rest_route=\/wp\/v2\/posts"}],"about":[{"href":"https:\/\/noticiasemdestaque.com\/cd\/index.php?rest_route=\/wp\/v2\/types\/post"}],"author":[{"embeddable":true,"href":"https:\/\/noticiasemdestaque.com\/cd\/index.php?rest_route=\/wp\/v2\/users\/2"}],"replies":[{"embeddable":true,"href":"https:\/\/noticiasemdestaque.com\/cd\/index.php?rest_route=%2Fwp%2Fv2%2Fcomments&post=25697"}],"version-history":[{"count":1,"href":"https:\/\/noticiasemdestaque.com\/cd\/index.php?rest_route=\/wp\/v2\/posts\/25697\/revisions"}],"predecessor-version":[{"id":25700,"href":"https:\/\/noticiasemdestaque.com\/cd\/index.php?rest_route=\/wp\/v2\/posts\/25697\/revisions\/25700"}],"wp:attachment":[{"href":"https:\/\/noticiasemdestaque.com\/cd\/index.php?rest_route=%2Fwp%2Fv2%2Fmedia&parent=25697"}],"wp:term":[{"taxonomy":"category","embeddable":true,"href":"https:\/\/noticiasemdestaque.com\/cd\/index.php?rest_route=%2Fwp%2Fv2%2Fcategories&post=25697"},{"taxonomy":"post_tag","embeddable":true,"href":"https:\/\/noticiasemdestaque.com\/cd\/index.php?rest_route=%2Fwp%2Fv2%2Ftags&post=25697"}],"curies":[{"name":"wp","href":"https:\/\/api.w.org\/{rel}","templated":true}]}}