{"id":25654,"date":"2020-07-03T19:26:47","date_gmt":"2020-07-03T22:26:47","guid":{"rendered":"http:\/\/noticiasemdestaque.com\/cd\/?p=25654"},"modified":"2020-07-03T19:26:47","modified_gmt":"2020-07-03T22:26:47","slug":"prefeito-eden-duarte-entrega-obra-de-reforma-e-ampliacao-da-sede-da-filarmonica-municipal","status":"publish","type":"post","link":"https:\/\/noticiasemdestaque.com\/cd\/?p=25654","title":{"rendered":"Prefeito \u00c9den Duarte entrega obra de reforma e amplia\u00e7\u00e3o da sede da Filarm\u00f4nica Municipal"},"content":{"rendered":"<p><a href=\"https:\/\/noticiasemdestaque.com\/cd\/wp-content\/uploads\/2020\/07\/WhatsApp-Image-2020-07-03-at-10.00.51.jpeg\"><img fetchpriority=\"high\" decoding=\"async\" class=\"wp-image-25655 aligncenter\" src=\"https:\/\/noticiasemdestaque.com\/cd\/wp-content\/uploads\/2020\/07\/WhatsApp-Image-2020-07-03-at-10.00.51-1024x768.jpeg\" alt=\"\" width=\"501\" height=\"376\" srcset=\"https:\/\/noticiasemdestaque.com\/cd\/wp-content\/uploads\/2020\/07\/WhatsApp-Image-2020-07-03-at-10.00.51.jpeg 1024w, https:\/\/noticiasemdestaque.com\/cd\/wp-content\/uploads\/2020\/07\/WhatsApp-Image-2020-07-03-at-10.00.51-300x225.jpeg 300w, https:\/\/noticiasemdestaque.com\/cd\/wp-content\/uploads\/2020\/07\/WhatsApp-Image-2020-07-03-at-10.00.51-768x576.jpeg 768w, https:\/\/noticiasemdestaque.com\/cd\/wp-content\/uploads\/2020\/07\/WhatsApp-Image-2020-07-03-at-10.00.51-640x480.jpeg 640w\" sizes=\"(max-width: 501px) 100vw, 501px\" \/><\/a><\/p>\n<p>Nessa quinta-feira (02), o prefeito de Sum\u00e9, \u00c9den Duarte, deu sequ\u00eancia \u00e0 s\u00e9rie de entregas de obras que vem realizando no munic\u00edpio no decorrer desta semana. Depois de entregar pavimenta\u00e7\u00f5es e a Pra\u00e7a do Conjunto Habitacional Sebasti\u00e3o Vitorino, foi a vez de entregar a conclus\u00e3o das obras de reforma e amplia\u00e7\u00e3o da sede da Filarm\u00f4nica Municipal Maestro Ant\u00f4nio Josu\u00e9 de Lima.<\/p>\n<p><a href=\"https:\/\/noticiasemdestaque.com\/cd\/wp-content\/uploads\/2020\/07\/IMG_1503.jpg\"><img decoding=\"async\" class=\"wp-image-25656 alignleft\" src=\"https:\/\/noticiasemdestaque.com\/cd\/wp-content\/uploads\/2020\/07\/IMG_1503-1024x683.jpg\" alt=\"\" width=\"375\" height=\"250\" srcset=\"https:\/\/noticiasemdestaque.com\/cd\/wp-content\/uploads\/2020\/07\/IMG_1503-1024x683.jpg 1024w, https:\/\/noticiasemdestaque.com\/cd\/wp-content\/uploads\/2020\/07\/IMG_1503-300x200.jpg 300w, https:\/\/noticiasemdestaque.com\/cd\/wp-content\/uploads\/2020\/07\/IMG_1503-768x512.jpg 768w, https:\/\/noticiasemdestaque.com\/cd\/wp-content\/uploads\/2020\/07\/IMG_1503-480x320.jpg 480w\" sizes=\"(max-width: 375px) 100vw, 375px\" \/><\/a>O novo espa\u00e7o da Filarm\u00f4nica \u00e9 agora um pr\u00e9dio amplo, acess\u00edvel, climatizado, contando com sala de ensaio com revestimento ac\u00fastico, que contribui de forma t\u00e9cnica para a qualidade das atividades, novas salas de aula tamb\u00e9m foram constru\u00eddas.<\/p>\n<p>O maestro, Diego Bruno, destacou o empenho do prefeito \u00c9den com a Filarm\u00f4nica Municipal. \u201cHoje \u00e9 um dia especial, estou emocionado, e fiquei mais ainda no dia em que o prefeito fez o an\u00fancio que iria fazer esta obra, pois sei que quando \u00c9den diz que vai fazer, ele cumpre sua promessa\u201d, disse Diego<\/p>\n<p>O secret\u00e1rio de Educa\u00e7\u00e3o de Sum\u00e9, Odilon Ara\u00fajo afirmou que tamb\u00e9m \u00e9 um compromisso da gest\u00e3o investir na cultura do munic\u00edpio. \u201cSempre tivemos um olhar diferenciado para a nossa Filarm\u00f4nica, ela faz parte da hist\u00f3ria de Sum\u00e9 e cabe a n\u00f3s preservar esse patrim\u00f4nio\u201d, ressaltou.<\/p>\n<p><a href=\"https:\/\/noticiasemdestaque.com\/cd\/wp-content\/uploads\/2020\/07\/IMG_1552.jpg\"><img decoding=\"async\" class=\"wp-image-25657 alignright\" src=\"https:\/\/noticiasemdestaque.com\/cd\/wp-content\/uploads\/2020\/07\/IMG_1552-1024x683.jpg\" alt=\"\" width=\"402\" height=\"268\" srcset=\"https:\/\/noticiasemdestaque.com\/cd\/wp-content\/uploads\/2020\/07\/IMG_1552-1024x683.jpg 1024w, https:\/\/noticiasemdestaque.com\/cd\/wp-content\/uploads\/2020\/07\/IMG_1552-300x200.jpg 300w, https:\/\/noticiasemdestaque.com\/cd\/wp-content\/uploads\/2020\/07\/IMG_1552-768x512.jpg 768w, https:\/\/noticiasemdestaque.com\/cd\/wp-content\/uploads\/2020\/07\/IMG_1552-480x320.jpg 480w\" sizes=\"(max-width: 402px) 100vw, 402px\" \/><\/a>O m\u00e9dico Francisco Braz, que esteve presente ao evento e \u00e9 apoiador da banda, disse que o trabalho de \u00c9den \u00e9 exemplar. \u201cO prefeito est\u00e1 de parab\u00e9ns, n\u00e3o apenas pelos investimentos na cultura, mas pelos cuidados com toda Sum\u00e9\u201d, declarou.<\/p>\n<p>O prefeito \u00c9den tamb\u00e9m destacou o compromisso de sua gest\u00e3o com a Filarm\u00f4nica Maestro Ant\u00f4nio Josu\u00e9 de Lima. \u201cAo longo dos anos demos total apoio para melhorar as condi\u00e7\u00f5es para os m\u00fasicos, mantemos em dia a bolsa de estudos, reformamos instrumentos, entregamos uniformes, possibilitamos mudar a vida de dezenas de pessoas que fazem parte dessa banda\u201d, disse.<\/p>\n<p>O prefeito confirmou ainda que em breve estar\u00e1 investindo R$ 100 mil em instrumentos, fruto de uma emenda conseguida com o ex-deputado federal, Luiz Couto.<\/p>\n<p>Tamb\u00e9m compareceram \u00e0 cerim\u00f4nia os vereadores Jos\u00e9 Ant\u00f4nio Fernandes e Daniel L\u00eala e o conselheiro do Or\u00e7amento Democr\u00e1tico Municipal, Ulices Pereira da Silva.\u00a0Para evitar aglomera\u00e7\u00e3o de pessoas s\u00f3 puderam comparecer tr\u00eas m\u00fasicos da banda, j\u00e1 que ela composta por 40 m\u00fasicos.<\/p>\n<p>O sumeense e ex-deputado, Evaldo Gon\u00e7alves de Queiroz, encaminhou mensagem para a Filarm\u00f4nica que foi lida para os presentes e afixada num quadro no pr\u00e9dio. Na mensagem, ele cita a import\u00e2ncia que foi o maestro Ant\u00f4nio Josu\u00e9 de Lima para a banda das lembran\u00e7as que carrega deste tempo.<\/p>\n<p>\u201cEu mesmo sem exagerar, posso afirmar que sem a Banda de M\u00fasica de Ant\u00f4nio Josu\u00e9 n\u00e3o teria tido nenhuma boa lembran\u00e7a da minha inf\u00e2ncia em Sum\u00e9. Tem ela, para mim, o mesmo valor e a mesma emo\u00e7\u00e3o das cheias do Rio Chico de Melo, da serra que esconde a cidade dos maus olhos, dos cajueiros de Ant\u00f4nio Pereira, dos bilhares de Miguel Guilherme e de seu Ba\u00e9, da Igreja Matriz de Nossa senhora da Concei\u00e7\u00e3o, da Igreja Velha, do Cruzeiro, e todo o mais que povoou os meus primeiros anos naquela cidade \u2013 e que fizeram as minhas eternas boas lembran\u00e7as, que me acompanham at\u00e9 hoje\u201d, Evaldo Gon\u00e7alves.<\/p>\n<p>Ascom<\/p>\n","protected":false},"excerpt":{"rendered":"<p>Nessa quinta-feira (02), o prefeito de Sum\u00e9, \u00c9den Duarte, deu sequ\u00eancia \u00e0 s\u00e9rie de entregas de obras que vem realizando no munic\u00edpio no decorrer desta semana. Depois de entregar pavimenta\u00e7\u00f5es e a Pra\u00e7a do Conjunto Habitacional Sebasti\u00e3o Vitorino, foi a vez de entregar a conclus\u00e3o das obras de reforma e amplia\u00e7\u00e3o da sede da Filarm\u00f4nica Municipal Maestro Ant\u00f4nio Josu\u00e9 de Lima. O novo espa\u00e7o da Filarm\u00f4nica \u00e9 agora um pr\u00e9dio amplo, acess\u00edvel, climatizado, contando com sala de ensaio com revestimento ac\u00fastico, que contribui de forma t\u00e9cnica para a qualidade das atividades, novas salas de aula tamb\u00e9m foram constru\u00eddas. O maestro, Diego Bruno, destacou o empenho do prefeito \u00c9den com a Filarm\u00f4nica Municipal. \u201cHoje \u00e9 um dia especial, estou emocionado, e fiquei mais ainda no dia em que o prefeito fez o an\u00fancio que iria fazer esta obra, pois sei que quando \u00c9den diz que vai fazer, ele cumpre sua promessa\u201d, disse Diego O secret\u00e1rio de Educa\u00e7\u00e3o de Sum\u00e9, Odilon Ara\u00fajo afirmou que tamb\u00e9m \u00e9 um compromisso da gest\u00e3o investir na cultura do munic\u00edpio. \u201cSempre tivemos um olhar diferenciado para a nossa Filarm\u00f4nica, ela faz parte da hist\u00f3ria de Sum\u00e9 e cabe a n\u00f3s preservar esse patrim\u00f4nio\u201d, ressaltou. O m\u00e9dico Francisco Braz, que esteve presente ao evento e \u00e9 apoiador da banda, disse que o trabalho de \u00c9den \u00e9 exemplar. \u201cO prefeito est\u00e1 de parab\u00e9ns, n\u00e3o apenas pelos investimentos na cultura, mas pelos cuidados com toda Sum\u00e9\u201d, declarou. O prefeito \u00c9den tamb\u00e9m destacou o compromisso de sua gest\u00e3o com a Filarm\u00f4nica Maestro Ant\u00f4nio Josu\u00e9 de Lima. \u201cAo longo dos anos demos total apoio para melhorar as condi\u00e7\u00f5es para os m\u00fasicos, mantemos em dia a bolsa de estudos, reformamos instrumentos, entregamos uniformes, possibilitamos mudar a vida de dezenas de pessoas que fazem parte dessa banda\u201d, disse. O prefeito confirmou ainda que em breve estar\u00e1 investindo R$ 100 mil em instrumentos, fruto de uma emenda conseguida com o ex-deputado federal, Luiz Couto. Tamb\u00e9m compareceram \u00e0 cerim\u00f4nia os vereadores Jos\u00e9 Ant\u00f4nio Fernandes e Daniel L\u00eala e o conselheiro do Or\u00e7amento Democr\u00e1tico Municipal, Ulices Pereira da Silva.\u00a0Para evitar aglomera\u00e7\u00e3o de pessoas s\u00f3 puderam comparecer tr\u00eas m\u00fasicos da banda, j\u00e1 que ela composta por 40 m\u00fasicos. O sumeense e ex-deputado, Evaldo Gon\u00e7alves de Queiroz, encaminhou mensagem para a Filarm\u00f4nica que foi lida para os presentes e afixada num quadro no pr\u00e9dio. Na mensagem, ele cita a import\u00e2ncia que foi o maestro Ant\u00f4nio Josu\u00e9 de Lima para a banda das lembran\u00e7as que carrega deste tempo. \u201cEu mesmo sem exagerar, posso afirmar que sem a Banda de M\u00fasica de Ant\u00f4nio Josu\u00e9 n\u00e3o teria tido nenhuma boa lembran\u00e7a da minha inf\u00e2ncia em Sum\u00e9. Tem ela, para mim, o mesmo valor e a mesma emo\u00e7\u00e3o das cheias do Rio Chico de Melo, da serra que esconde a cidade dos maus olhos, dos cajueiros de Ant\u00f4nio Pereira, dos bilhares de Miguel Guilherme e de seu Ba\u00e9, da Igreja Matriz de Nossa senhora da Concei\u00e7\u00e3o, da Igreja Velha, do Cruzeiro, e todo o mais que povoou os meus primeiros anos naquela cidade \u2013 e que fizeram as minhas eternas boas lembran\u00e7as, que me acompanham at\u00e9 hoje\u201d, Evaldo Gon\u00e7alves. Ascom<\/p>\n","protected":false},"author":2,"featured_media":25655,"comment_status":"closed","ping_status":"open","sticky":false,"template":"","format":"standard","meta":{"_eb_attr":"","_jetpack_memberships_contains_paid_content":false,"footnotes":""},"categories":[3],"tags":[],"class_list":["post-25654","post","type-post","status-publish","format-standard","has-post-thumbnail","hentry","category-cidades"],"yoast_head":"<!-- This site is optimized with the Yoast SEO plugin v26.5 - https:\/\/yoast.com\/wordpress\/plugins\/seo\/ -->\n<title>Prefeito \u00c9den Duarte entrega obra de reforma e amplia\u00e7\u00e3o da sede da Filarm\u00f4nica Municipal - Not&iacute;cias em Destaque<\/title>\n<meta name=\"robots\" content=\"index, follow, max-snippet:-1, max-image-preview:large, max-video-preview:-1\" \/>\n<link rel=\"canonical\" href=\"https:\/\/noticiasemdestaque.com\/cd\/?p=25654\" \/>\n<meta property=\"og:locale\" content=\"pt_BR\" \/>\n<meta property=\"og:type\" content=\"article\" \/>\n<meta property=\"og:title\" content=\"Prefeito \u00c9den Duarte entrega obra de reforma e amplia\u00e7\u00e3o da sede da Filarm\u00f4nica Municipal - Not&iacute;cias em Destaque\" \/>\n<meta property=\"og:description\" content=\"Nessa quinta-feira (02), o prefeito de Sum\u00e9, \u00c9den Duarte, deu sequ\u00eancia \u00e0 s\u00e9rie de entregas de obras que vem realizando no munic\u00edpio no decorrer desta semana. Depois de entregar pavimenta\u00e7\u00f5es e a Pra\u00e7a do Conjunto Habitacional Sebasti\u00e3o Vitorino, foi a vez de entregar a conclus\u00e3o das obras de reforma e amplia\u00e7\u00e3o da sede da Filarm\u00f4nica Municipal Maestro Ant\u00f4nio Josu\u00e9 de Lima. O novo espa\u00e7o da Filarm\u00f4nica \u00e9 agora um pr\u00e9dio amplo, acess\u00edvel, climatizado, contando com sala de ensaio com revestimento ac\u00fastico, que contribui de forma t\u00e9cnica para a qualidade das atividades, novas salas de aula tamb\u00e9m foram constru\u00eddas. O maestro, Diego Bruno, destacou o empenho do prefeito \u00c9den com a Filarm\u00f4nica Municipal. \u201cHoje \u00e9 um dia especial, estou emocionado, e fiquei mais ainda no dia em que o prefeito fez o an\u00fancio que iria fazer esta obra, pois sei que quando \u00c9den diz que vai fazer, ele cumpre sua promessa\u201d, disse Diego O secret\u00e1rio de Educa\u00e7\u00e3o de Sum\u00e9, Odilon Ara\u00fajo afirmou que tamb\u00e9m \u00e9 um compromisso da gest\u00e3o investir na cultura do munic\u00edpio. \u201cSempre tivemos um olhar diferenciado para a nossa Filarm\u00f4nica, ela faz parte da hist\u00f3ria de Sum\u00e9 e cabe a n\u00f3s preservar esse patrim\u00f4nio\u201d, ressaltou. O m\u00e9dico Francisco Braz, que esteve presente ao evento e \u00e9 apoiador da banda, disse que o trabalho de \u00c9den \u00e9 exemplar. \u201cO prefeito est\u00e1 de parab\u00e9ns, n\u00e3o apenas pelos investimentos na cultura, mas pelos cuidados com toda Sum\u00e9\u201d, declarou. O prefeito \u00c9den tamb\u00e9m destacou o compromisso de sua gest\u00e3o com a Filarm\u00f4nica Maestro Ant\u00f4nio Josu\u00e9 de Lima. \u201cAo longo dos anos demos total apoio para melhorar as condi\u00e7\u00f5es para os m\u00fasicos, mantemos em dia a bolsa de estudos, reformamos instrumentos, entregamos uniformes, possibilitamos mudar a vida de dezenas de pessoas que fazem parte dessa banda\u201d, disse. O prefeito confirmou ainda que em breve estar\u00e1 investindo R$ 100 mil em instrumentos, fruto de uma emenda conseguida com o ex-deputado federal, Luiz Couto. Tamb\u00e9m compareceram \u00e0 cerim\u00f4nia os vereadores Jos\u00e9 Ant\u00f4nio Fernandes e Daniel L\u00eala e o conselheiro do Or\u00e7amento Democr\u00e1tico Municipal, Ulices Pereira da Silva.\u00a0Para evitar aglomera\u00e7\u00e3o de pessoas s\u00f3 puderam comparecer tr\u00eas m\u00fasicos da banda, j\u00e1 que ela composta por 40 m\u00fasicos. O sumeense e ex-deputado, Evaldo Gon\u00e7alves de Queiroz, encaminhou mensagem para a Filarm\u00f4nica que foi lida para os presentes e afixada num quadro no pr\u00e9dio. Na mensagem, ele cita a import\u00e2ncia que foi o maestro Ant\u00f4nio Josu\u00e9 de Lima para a banda das lembran\u00e7as que carrega deste tempo. \u201cEu mesmo sem exagerar, posso afirmar que sem a Banda de M\u00fasica de Ant\u00f4nio Josu\u00e9 n\u00e3o teria tido nenhuma boa lembran\u00e7a da minha inf\u00e2ncia em Sum\u00e9. Tem ela, para mim, o mesmo valor e a mesma emo\u00e7\u00e3o das cheias do Rio Chico de Melo, da serra que esconde a cidade dos maus olhos, dos cajueiros de Ant\u00f4nio Pereira, dos bilhares de Miguel Guilherme e de seu Ba\u00e9, da Igreja Matriz de Nossa senhora da Concei\u00e7\u00e3o, da Igreja Velha, do Cruzeiro, e todo o mais que povoou os meus primeiros anos naquela cidade \u2013 e que fizeram as minhas eternas boas lembran\u00e7as, que me acompanham at\u00e9 hoje\u201d, Evaldo Gon\u00e7alves. Ascom\" \/>\n<meta property=\"og:url\" content=\"https:\/\/noticiasemdestaque.com\/cd\/?p=25654\" \/>\n<meta property=\"og:site_name\" content=\"Not&iacute;cias em Destaque\" \/>\n<meta property=\"article:published_time\" content=\"2020-07-03T22:26:47+00:00\" \/>\n<meta property=\"og:image\" content=\"https:\/\/noticiasemdestaque.com\/cd\/wp-content\/uploads\/2020\/07\/WhatsApp-Image-2020-07-03-at-10.00.51.jpeg\" \/>\n\t<meta property=\"og:image:width\" content=\"1024\" \/>\n\t<meta property=\"og:image:height\" content=\"768\" \/>\n\t<meta property=\"og:image:type\" content=\"image\/jpeg\" \/>\n<meta name=\"author\" content=\"Not\u00edcias em Destaque\" \/>\n<meta name=\"twitter:card\" content=\"summary_large_image\" \/>\n<meta name=\"twitter:label1\" content=\"Escrito por\" \/>\n\t<meta name=\"twitter:data1\" content=\"Not\u00edcias em Destaque\" \/>\n\t<meta name=\"twitter:label2\" content=\"Est. tempo de leitura\" \/>\n\t<meta name=\"twitter:data2\" content=\"3 minutos\" \/>\n<script type=\"application\/ld+json\" class=\"yoast-schema-graph\">{\"@context\":\"https:\/\/schema.org\",\"@graph\":[{\"@type\":\"Article\",\"@id\":\"https:\/\/noticiasemdestaque.com\/cd\/?p=25654#article\",\"isPartOf\":{\"@id\":\"https:\/\/noticiasemdestaque.com\/cd\/?p=25654\"},\"author\":{\"name\":\"Not\u00edcias em Destaque\",\"@id\":\"https:\/\/noticiasemdestaque.com\/cd\/#\/schema\/person\/21320b03a7e8bb90128938dafc9b908a\"},\"headline\":\"Prefeito \u00c9den Duarte entrega obra de reforma e amplia\u00e7\u00e3o da sede da Filarm\u00f4nica Municipal\",\"datePublished\":\"2020-07-03T22:26:47+00:00\",\"mainEntityOfPage\":{\"@id\":\"https:\/\/noticiasemdestaque.com\/cd\/?p=25654\"},\"wordCount\":588,\"publisher\":{\"@id\":\"https:\/\/noticiasemdestaque.com\/cd\/#organization\"},\"image\":{\"@id\":\"https:\/\/noticiasemdestaque.com\/cd\/?p=25654#primaryimage\"},\"thumbnailUrl\":\"https:\/\/noticiasemdestaque.com\/cd\/wp-content\/uploads\/2020\/07\/WhatsApp-Image-2020-07-03-at-10.00.51.jpeg\",\"articleSection\":[\"Cidades\"],\"inLanguage\":\"pt-BR\"},{\"@type\":\"WebPage\",\"@id\":\"https:\/\/noticiasemdestaque.com\/cd\/?p=25654\",\"url\":\"https:\/\/noticiasemdestaque.com\/cd\/?p=25654\",\"name\":\"Prefeito \u00c9den Duarte entrega obra de reforma e amplia\u00e7\u00e3o da sede da Filarm\u00f4nica Municipal - Not&iacute;cias em Destaque\",\"isPartOf\":{\"@id\":\"https:\/\/noticiasemdestaque.com\/cd\/#website\"},\"primaryImageOfPage\":{\"@id\":\"https:\/\/noticiasemdestaque.com\/cd\/?p=25654#primaryimage\"},\"image\":{\"@id\":\"https:\/\/noticiasemdestaque.com\/cd\/?p=25654#primaryimage\"},\"thumbnailUrl\":\"https:\/\/noticiasemdestaque.com\/cd\/wp-content\/uploads\/2020\/07\/WhatsApp-Image-2020-07-03-at-10.00.51.jpeg\",\"datePublished\":\"2020-07-03T22:26:47+00:00\",\"breadcrumb\":{\"@id\":\"https:\/\/noticiasemdestaque.com\/cd\/?p=25654#breadcrumb\"},\"inLanguage\":\"pt-BR\",\"potentialAction\":[{\"@type\":\"ReadAction\",\"target\":[\"https:\/\/noticiasemdestaque.com\/cd\/?p=25654\"]}]},{\"@type\":\"ImageObject\",\"inLanguage\":\"pt-BR\",\"@id\":\"https:\/\/noticiasemdestaque.com\/cd\/?p=25654#primaryimage\",\"url\":\"https:\/\/noticiasemdestaque.com\/cd\/wp-content\/uploads\/2020\/07\/WhatsApp-Image-2020-07-03-at-10.00.51.jpeg\",\"contentUrl\":\"https:\/\/noticiasemdestaque.com\/cd\/wp-content\/uploads\/2020\/07\/WhatsApp-Image-2020-07-03-at-10.00.51.jpeg\",\"width\":1024,\"height\":768},{\"@type\":\"BreadcrumbList\",\"@id\":\"https:\/\/noticiasemdestaque.com\/cd\/?p=25654#breadcrumb\",\"itemListElement\":[{\"@type\":\"ListItem\",\"position\":1,\"name\":\"In\u00edcio\",\"item\":\"https:\/\/noticiasemdestaque.com\/cd\/\"},{\"@type\":\"ListItem\",\"position\":2,\"name\":\"Prefeito \u00c9den Duarte entrega obra de reforma e amplia\u00e7\u00e3o da sede da Filarm\u00f4nica Municipal\"}]},{\"@type\":\"WebSite\",\"@id\":\"https:\/\/noticiasemdestaque.com\/cd\/#website\",\"url\":\"https:\/\/noticiasemdestaque.com\/cd\/\",\"name\":\"Not&iacute;cias em Destaque\",\"description\":\"\",\"publisher\":{\"@id\":\"https:\/\/noticiasemdestaque.com\/cd\/#organization\"},\"potentialAction\":[{\"@type\":\"SearchAction\",\"target\":{\"@type\":\"EntryPoint\",\"urlTemplate\":\"https:\/\/noticiasemdestaque.com\/cd\/?s={search_term_string}\"},\"query-input\":{\"@type\":\"PropertyValueSpecification\",\"valueRequired\":true,\"valueName\":\"search_term_string\"}}],\"inLanguage\":\"pt-BR\"},{\"@type\":\"Organization\",\"@id\":\"https:\/\/noticiasemdestaque.com\/cd\/#organization\",\"name\":\"Not\u00edcias em Destaque\",\"url\":\"https:\/\/noticiasemdestaque.com\/cd\/\",\"logo\":{\"@type\":\"ImageObject\",\"inLanguage\":\"pt-BR\",\"@id\":\"https:\/\/noticiasemdestaque.com\/cd\/#\/schema\/logo\/image\/\",\"url\":\"https:\/\/noticiasemdestaque.com\/cd\/wp-content\/uploads\/2022\/05\/imagem-base-noticiasemdestaque.png\",\"contentUrl\":\"https:\/\/noticiasemdestaque.com\/cd\/wp-content\/uploads\/2022\/05\/imagem-base-noticiasemdestaque.png\",\"width\":1200,\"height\":630,\"caption\":\"Not\u00edcias em Destaque\"},\"image\":{\"@id\":\"https:\/\/noticiasemdestaque.com\/cd\/#\/schema\/logo\/image\/\"}},{\"@type\":\"Person\",\"@id\":\"https:\/\/noticiasemdestaque.com\/cd\/#\/schema\/person\/21320b03a7e8bb90128938dafc9b908a\",\"name\":\"Not\u00edcias em Destaque\",\"url\":\"https:\/\/noticiasemdestaque.com\/cd\/?author=2\"}]}<\/script>\n<!-- \/ Yoast SEO plugin. -->","yoast_head_json":{"title":"Prefeito \u00c9den Duarte entrega obra de reforma e amplia\u00e7\u00e3o da sede da Filarm\u00f4nica Municipal - Not&iacute;cias em Destaque","robots":{"index":"index","follow":"follow","max-snippet":"max-snippet:-1","max-image-preview":"max-image-preview:large","max-video-preview":"max-video-preview:-1"},"canonical":"https:\/\/noticiasemdestaque.com\/cd\/?p=25654","og_locale":"pt_BR","og_type":"article","og_title":"Prefeito \u00c9den Duarte entrega obra de reforma e amplia\u00e7\u00e3o da sede da Filarm\u00f4nica Municipal - Not&iacute;cias em Destaque","og_description":"Nessa quinta-feira (02), o prefeito de Sum\u00e9, \u00c9den Duarte, deu sequ\u00eancia \u00e0 s\u00e9rie de entregas de obras que vem realizando no munic\u00edpio no decorrer desta semana. Depois de entregar pavimenta\u00e7\u00f5es e a Pra\u00e7a do Conjunto Habitacional Sebasti\u00e3o Vitorino, foi a vez de entregar a conclus\u00e3o das obras de reforma e amplia\u00e7\u00e3o da sede da Filarm\u00f4nica Municipal Maestro Ant\u00f4nio Josu\u00e9 de Lima. O novo espa\u00e7o da Filarm\u00f4nica \u00e9 agora um pr\u00e9dio amplo, acess\u00edvel, climatizado, contando com sala de ensaio com revestimento ac\u00fastico, que contribui de forma t\u00e9cnica para a qualidade das atividades, novas salas de aula tamb\u00e9m foram constru\u00eddas. O maestro, Diego Bruno, destacou o empenho do prefeito \u00c9den com a Filarm\u00f4nica Municipal. \u201cHoje \u00e9 um dia especial, estou emocionado, e fiquei mais ainda no dia em que o prefeito fez o an\u00fancio que iria fazer esta obra, pois sei que quando \u00c9den diz que vai fazer, ele cumpre sua promessa\u201d, disse Diego O secret\u00e1rio de Educa\u00e7\u00e3o de Sum\u00e9, Odilon Ara\u00fajo afirmou que tamb\u00e9m \u00e9 um compromisso da gest\u00e3o investir na cultura do munic\u00edpio. \u201cSempre tivemos um olhar diferenciado para a nossa Filarm\u00f4nica, ela faz parte da hist\u00f3ria de Sum\u00e9 e cabe a n\u00f3s preservar esse patrim\u00f4nio\u201d, ressaltou. O m\u00e9dico Francisco Braz, que esteve presente ao evento e \u00e9 apoiador da banda, disse que o trabalho de \u00c9den \u00e9 exemplar. \u201cO prefeito est\u00e1 de parab\u00e9ns, n\u00e3o apenas pelos investimentos na cultura, mas pelos cuidados com toda Sum\u00e9\u201d, declarou. O prefeito \u00c9den tamb\u00e9m destacou o compromisso de sua gest\u00e3o com a Filarm\u00f4nica Maestro Ant\u00f4nio Josu\u00e9 de Lima. \u201cAo longo dos anos demos total apoio para melhorar as condi\u00e7\u00f5es para os m\u00fasicos, mantemos em dia a bolsa de estudos, reformamos instrumentos, entregamos uniformes, possibilitamos mudar a vida de dezenas de pessoas que fazem parte dessa banda\u201d, disse. O prefeito confirmou ainda que em breve estar\u00e1 investindo R$ 100 mil em instrumentos, fruto de uma emenda conseguida com o ex-deputado federal, Luiz Couto. Tamb\u00e9m compareceram \u00e0 cerim\u00f4nia os vereadores Jos\u00e9 Ant\u00f4nio Fernandes e Daniel L\u00eala e o conselheiro do Or\u00e7amento Democr\u00e1tico Municipal, Ulices Pereira da Silva.\u00a0Para evitar aglomera\u00e7\u00e3o de pessoas s\u00f3 puderam comparecer tr\u00eas m\u00fasicos da banda, j\u00e1 que ela composta por 40 m\u00fasicos. O sumeense e ex-deputado, Evaldo Gon\u00e7alves de Queiroz, encaminhou mensagem para a Filarm\u00f4nica que foi lida para os presentes e afixada num quadro no pr\u00e9dio. Na mensagem, ele cita a import\u00e2ncia que foi o maestro Ant\u00f4nio Josu\u00e9 de Lima para a banda das lembran\u00e7as que carrega deste tempo. \u201cEu mesmo sem exagerar, posso afirmar que sem a Banda de M\u00fasica de Ant\u00f4nio Josu\u00e9 n\u00e3o teria tido nenhuma boa lembran\u00e7a da minha inf\u00e2ncia em Sum\u00e9. Tem ela, para mim, o mesmo valor e a mesma emo\u00e7\u00e3o das cheias do Rio Chico de Melo, da serra que esconde a cidade dos maus olhos, dos cajueiros de Ant\u00f4nio Pereira, dos bilhares de Miguel Guilherme e de seu Ba\u00e9, da Igreja Matriz de Nossa senhora da Concei\u00e7\u00e3o, da Igreja Velha, do Cruzeiro, e todo o mais que povoou os meus primeiros anos naquela cidade \u2013 e que fizeram as minhas eternas boas lembran\u00e7as, que me acompanham at\u00e9 hoje\u201d, Evaldo Gon\u00e7alves. Ascom","og_url":"https:\/\/noticiasemdestaque.com\/cd\/?p=25654","og_site_name":"Not&iacute;cias em Destaque","article_published_time":"2020-07-03T22:26:47+00:00","og_image":[{"width":1024,"height":768,"url":"https:\/\/noticiasemdestaque.com\/cd\/wp-content\/uploads\/2020\/07\/WhatsApp-Image-2020-07-03-at-10.00.51.jpeg","type":"image\/jpeg"}],"author":"Not\u00edcias em Destaque","twitter_card":"summary_large_image","twitter_misc":{"Escrito por":"Not\u00edcias em Destaque","Est. tempo de leitura":"3 minutos"},"schema":{"@context":"https:\/\/schema.org","@graph":[{"@type":"Article","@id":"https:\/\/noticiasemdestaque.com\/cd\/?p=25654#article","isPartOf":{"@id":"https:\/\/noticiasemdestaque.com\/cd\/?p=25654"},"author":{"name":"Not\u00edcias em Destaque","@id":"https:\/\/noticiasemdestaque.com\/cd\/#\/schema\/person\/21320b03a7e8bb90128938dafc9b908a"},"headline":"Prefeito \u00c9den Duarte entrega obra de reforma e amplia\u00e7\u00e3o da sede da Filarm\u00f4nica Municipal","datePublished":"2020-07-03T22:26:47+00:00","mainEntityOfPage":{"@id":"https:\/\/noticiasemdestaque.com\/cd\/?p=25654"},"wordCount":588,"publisher":{"@id":"https:\/\/noticiasemdestaque.com\/cd\/#organization"},"image":{"@id":"https:\/\/noticiasemdestaque.com\/cd\/?p=25654#primaryimage"},"thumbnailUrl":"https:\/\/noticiasemdestaque.com\/cd\/wp-content\/uploads\/2020\/07\/WhatsApp-Image-2020-07-03-at-10.00.51.jpeg","articleSection":["Cidades"],"inLanguage":"pt-BR"},{"@type":"WebPage","@id":"https:\/\/noticiasemdestaque.com\/cd\/?p=25654","url":"https:\/\/noticiasemdestaque.com\/cd\/?p=25654","name":"Prefeito \u00c9den Duarte entrega obra de reforma e amplia\u00e7\u00e3o da sede da Filarm\u00f4nica Municipal - Not&iacute;cias em Destaque","isPartOf":{"@id":"https:\/\/noticiasemdestaque.com\/cd\/#website"},"primaryImageOfPage":{"@id":"https:\/\/noticiasemdestaque.com\/cd\/?p=25654#primaryimage"},"image":{"@id":"https:\/\/noticiasemdestaque.com\/cd\/?p=25654#primaryimage"},"thumbnailUrl":"https:\/\/noticiasemdestaque.com\/cd\/wp-content\/uploads\/2020\/07\/WhatsApp-Image-2020-07-03-at-10.00.51.jpeg","datePublished":"2020-07-03T22:26:47+00:00","breadcrumb":{"@id":"https:\/\/noticiasemdestaque.com\/cd\/?p=25654#breadcrumb"},"inLanguage":"pt-BR","potentialAction":[{"@type":"ReadAction","target":["https:\/\/noticiasemdestaque.com\/cd\/?p=25654"]}]},{"@type":"ImageObject","inLanguage":"pt-BR","@id":"https:\/\/noticiasemdestaque.com\/cd\/?p=25654#primaryimage","url":"https:\/\/noticiasemdestaque.com\/cd\/wp-content\/uploads\/2020\/07\/WhatsApp-Image-2020-07-03-at-10.00.51.jpeg","contentUrl":"https:\/\/noticiasemdestaque.com\/cd\/wp-content\/uploads\/2020\/07\/WhatsApp-Image-2020-07-03-at-10.00.51.jpeg","width":1024,"height":768},{"@type":"BreadcrumbList","@id":"https:\/\/noticiasemdestaque.com\/cd\/?p=25654#breadcrumb","itemListElement":[{"@type":"ListItem","position":1,"name":"In\u00edcio","item":"https:\/\/noticiasemdestaque.com\/cd\/"},{"@type":"ListItem","position":2,"name":"Prefeito \u00c9den Duarte entrega obra de reforma e amplia\u00e7\u00e3o da sede da Filarm\u00f4nica Municipal"}]},{"@type":"WebSite","@id":"https:\/\/noticiasemdestaque.com\/cd\/#website","url":"https:\/\/noticiasemdestaque.com\/cd\/","name":"Not&iacute;cias em Destaque","description":"","publisher":{"@id":"https:\/\/noticiasemdestaque.com\/cd\/#organization"},"potentialAction":[{"@type":"SearchAction","target":{"@type":"EntryPoint","urlTemplate":"https:\/\/noticiasemdestaque.com\/cd\/?s={search_term_string}"},"query-input":{"@type":"PropertyValueSpecification","valueRequired":true,"valueName":"search_term_string"}}],"inLanguage":"pt-BR"},{"@type":"Organization","@id":"https:\/\/noticiasemdestaque.com\/cd\/#organization","name":"Not\u00edcias em Destaque","url":"https:\/\/noticiasemdestaque.com\/cd\/","logo":{"@type":"ImageObject","inLanguage":"pt-BR","@id":"https:\/\/noticiasemdestaque.com\/cd\/#\/schema\/logo\/image\/","url":"https:\/\/noticiasemdestaque.com\/cd\/wp-content\/uploads\/2022\/05\/imagem-base-noticiasemdestaque.png","contentUrl":"https:\/\/noticiasemdestaque.com\/cd\/wp-content\/uploads\/2022\/05\/imagem-base-noticiasemdestaque.png","width":1200,"height":630,"caption":"Not\u00edcias em Destaque"},"image":{"@id":"https:\/\/noticiasemdestaque.com\/cd\/#\/schema\/logo\/image\/"}},{"@type":"Person","@id":"https:\/\/noticiasemdestaque.com\/cd\/#\/schema\/person\/21320b03a7e8bb90128938dafc9b908a","name":"Not\u00edcias em Destaque","url":"https:\/\/noticiasemdestaque.com\/cd\/?author=2"}]}},"jetpack_featured_media_url":"https:\/\/noticiasemdestaque.com\/cd\/wp-content\/uploads\/2020\/07\/WhatsApp-Image-2020-07-03-at-10.00.51.jpeg","jetpack_sharing_enabled":true,"_links":{"self":[{"href":"https:\/\/noticiasemdestaque.com\/cd\/index.php?rest_route=\/wp\/v2\/posts\/25654","targetHints":{"allow":["GET"]}}],"collection":[{"href":"https:\/\/noticiasemdestaque.com\/cd\/index.php?rest_route=\/wp\/v2\/posts"}],"about":[{"href":"https:\/\/noticiasemdestaque.com\/cd\/index.php?rest_route=\/wp\/v2\/types\/post"}],"author":[{"embeddable":true,"href":"https:\/\/noticiasemdestaque.com\/cd\/index.php?rest_route=\/wp\/v2\/users\/2"}],"replies":[{"embeddable":true,"href":"https:\/\/noticiasemdestaque.com\/cd\/index.php?rest_route=%2Fwp%2Fv2%2Fcomments&post=25654"}],"version-history":[{"count":1,"href":"https:\/\/noticiasemdestaque.com\/cd\/index.php?rest_route=\/wp\/v2\/posts\/25654\/revisions"}],"predecessor-version":[{"id":25658,"href":"https:\/\/noticiasemdestaque.com\/cd\/index.php?rest_route=\/wp\/v2\/posts\/25654\/revisions\/25658"}],"wp:featuredmedia":[{"embeddable":true,"href":"https:\/\/noticiasemdestaque.com\/cd\/index.php?rest_route=\/wp\/v2\/media\/25655"}],"wp:attachment":[{"href":"https:\/\/noticiasemdestaque.com\/cd\/index.php?rest_route=%2Fwp%2Fv2%2Fmedia&parent=25654"}],"wp:term":[{"taxonomy":"category","embeddable":true,"href":"https:\/\/noticiasemdestaque.com\/cd\/index.php?rest_route=%2Fwp%2Fv2%2Fcategories&post=25654"},{"taxonomy":"post_tag","embeddable":true,"href":"https:\/\/noticiasemdestaque.com\/cd\/index.php?rest_route=%2Fwp%2Fv2%2Ftags&post=25654"}],"curies":[{"name":"wp","href":"https:\/\/api.w.org\/{rel}","templated":true}]}}