{"id":25651,"date":"2020-07-03T19:18:53","date_gmt":"2020-07-03T22:18:53","guid":{"rendered":"http:\/\/noticiasemdestaque.com\/cd\/?p=25651"},"modified":"2020-07-03T19:21:39","modified_gmt":"2020-07-03T22:21:39","slug":"renda-brasil-tera-valor-mais-alto-do-que-o-bolsa-familia-diz-guedes","status":"publish","type":"post","link":"https:\/\/noticiasemdestaque.com\/cd\/?p=25651","title":{"rendered":"Renda Brasil ter\u00e1 valor mais alto do que o Bolsa Fam\u00edlia, diz Guedes"},"content":{"rendered":"<p><a href=\"https:\/\/noticiasemdestaque.com\/cd\/wp-content\/uploads\/2019\/01\/http___media.zenfs_.com_en_us_News_Reuters_2018-11-20T203428Z_2125516491_RC1750BE3010_RTRMADP_3_BRAZIL-POLITICS-BOLSONARO.jpg\"><img fetchpriority=\"high\" decoding=\"async\" class=\"wp-image-14718 aligncenter\" src=\"https:\/\/noticiasemdestaque.com\/cd\/wp-content\/uploads\/2019\/01\/http___media.zenfs_.com_en_us_News_Reuters_2018-11-20T203428Z_2125516491_RC1750BE3010_RTRMADP_3_BRAZIL-POLITICS-BOLSONARO.jpg\" alt=\"\" width=\"497\" height=\"329\" srcset=\"https:\/\/noticiasemdestaque.com\/cd\/wp-content\/uploads\/2019\/01\/http___media.zenfs_.com_en_us_News_Reuters_2018-11-20T203428Z_2125516491_RC1750BE3010_RTRMADP_3_BRAZIL-POLITICS-BOLSONARO.jpg 900w, https:\/\/noticiasemdestaque.com\/cd\/wp-content\/uploads\/2019\/01\/http___media.zenfs_.com_en_us_News_Reuters_2018-11-20T203428Z_2125516491_RC1750BE3010_RTRMADP_3_BRAZIL-POLITICS-BOLSONARO-300x199.jpg 300w, https:\/\/noticiasemdestaque.com\/cd\/wp-content\/uploads\/2019\/01\/http___media.zenfs_.com_en_us_News_Reuters_2018-11-20T203428Z_2125516491_RC1750BE3010_RTRMADP_3_BRAZIL-POLITICS-BOLSONARO-768x509.jpg 768w\" sizes=\"(max-width: 497px) 100vw, 497px\" \/><\/a><\/p>\n<p>O ministro da Economia, Paulo Guedes, reafirmou que o governo criar\u00e1 um novo programa social, o\u00a0<a href=\"https:\/\/noticias.r7.com\/prisma\/r7-planalto\/renda-brasil-sera-de-ate-r-300-e-chegara-a-31-milhoes-de-brasileiros-28062020\"><strong>Renda Brasil<\/strong><\/a>. A ideia, segundo Guedes \u00e9 atender, al\u00e9m do p\u00fablico atual do Bolsa Fam\u00edlia, trabalhadores que exercem atividades informais.<\/p>\n<p>De acordo com o ministro, o Renda Brasil reunir\u00e1 programas sociais existentes e ter\u00e1 valor mais alto do que o Bolsa Fam\u00edlia.<\/p>\n<p>Em evento virtual promovido pela Abdib (Associa\u00e7\u00e3o Brasileira de Ind\u00fastria de Base), o ministro disse querer &#8220;dignificar&#8221; essas atividades e que \u00e9 preciso dar ferramentas para os trabalhadores sa\u00edrem da assist\u00eancia social.<\/p>\n<p>&#8220;Qualquer brasileiro que cair, em qualquer momento, ele cai no Renda Brasil. Mas se ele n\u00e3o tiver mutila\u00e7\u00f5es f\u00edsicas, defeitos que o impe\u00e7am&#8230; \u00c0s vezes \u00e9 um idoso, mutilado, que vende bala no sinal, a\u00ed talvez n\u00e3o consiga ser empregado e merece ser amparado no Renda Brasil. Mas o outro, mais jovem, pode ter ca\u00eddo emergencialmente. Temos que ter as ferramentas para ele sair da assist\u00eancia social&#8221;, disse.<\/p>\n<p><em><strong>Not\u00edcias em Destaque<\/strong><\/em><\/p>\n<p>Com R7<\/p>\n","protected":false},"excerpt":{"rendered":"<p>O ministro da Economia, Paulo Guedes, reafirmou que o governo criar\u00e1 um novo programa social, o\u00a0Renda Brasil. A ideia, segundo Guedes \u00e9 atender, al\u00e9m do p\u00fablico atual do Bolsa Fam\u00edlia, trabalhadores que exercem atividades informais. De acordo com o ministro, o Renda Brasil reunir\u00e1 programas sociais existentes e ter\u00e1 valor mais alto do que o Bolsa Fam\u00edlia. Em evento virtual promovido pela Abdib (Associa\u00e7\u00e3o Brasileira de Ind\u00fastria de Base), o ministro disse querer &#8220;dignificar&#8221; essas atividades e que \u00e9 preciso dar ferramentas para os trabalhadores sa\u00edrem da assist\u00eancia social. &#8220;Qualquer brasileiro que cair, em qualquer momento, ele cai no Renda Brasil. Mas se ele n\u00e3o tiver mutila\u00e7\u00f5es f\u00edsicas, defeitos que o impe\u00e7am&#8230; \u00c0s vezes \u00e9 um idoso, mutilado, que vende bala no sinal, a\u00ed talvez n\u00e3o consiga ser empregado e merece ser amparado no Renda Brasil. Mas o outro, mais jovem, pode ter ca\u00eddo emergencialmente. Temos que ter as ferramentas para ele sair da assist\u00eancia social&#8221;, disse. Not\u00edcias em Destaque Com R7<\/p>\n","protected":false},"author":2,"featured_media":14718,"comment_status":"closed","ping_status":"open","sticky":false,"template":"","format":"standard","meta":{"_eb_attr":"","_jetpack_memberships_contains_paid_content":false,"footnotes":""},"categories":[12],"tags":[],"class_list":["post-25651","post","type-post","status-publish","format-standard","has-post-thumbnail","hentry","category-geral"],"yoast_head":"<!-- This site is optimized with the Yoast SEO plugin v26.5 - https:\/\/yoast.com\/wordpress\/plugins\/seo\/ -->\n<title>Renda Brasil ter\u00e1 valor mais alto do que o Bolsa Fam\u00edlia, diz Guedes - Not&iacute;cias em Destaque<\/title>\n<meta name=\"robots\" content=\"index, follow, max-snippet:-1, max-image-preview:large, max-video-preview:-1\" \/>\n<link rel=\"canonical\" href=\"https:\/\/noticiasemdestaque.com\/cd\/?p=25651\" \/>\n<meta property=\"og:locale\" content=\"pt_BR\" \/>\n<meta property=\"og:type\" content=\"article\" \/>\n<meta property=\"og:title\" content=\"Renda Brasil ter\u00e1 valor mais alto do que o Bolsa Fam\u00edlia, diz Guedes - Not&iacute;cias em Destaque\" \/>\n<meta property=\"og:description\" content=\"O ministro da Economia, Paulo Guedes, reafirmou que o governo criar\u00e1 um novo programa social, o\u00a0Renda Brasil. A ideia, segundo Guedes \u00e9 atender, al\u00e9m do p\u00fablico atual do Bolsa Fam\u00edlia, trabalhadores que exercem atividades informais. De acordo com o ministro, o Renda Brasil reunir\u00e1 programas sociais existentes e ter\u00e1 valor mais alto do que o Bolsa Fam\u00edlia. Em evento virtual promovido pela Abdib (Associa\u00e7\u00e3o Brasileira de Ind\u00fastria de Base), o ministro disse querer &#8220;dignificar&#8221; essas atividades e que \u00e9 preciso dar ferramentas para os trabalhadores sa\u00edrem da assist\u00eancia social. &#8220;Qualquer brasileiro que cair, em qualquer momento, ele cai no Renda Brasil. Mas se ele n\u00e3o tiver mutila\u00e7\u00f5es f\u00edsicas, defeitos que o impe\u00e7am&#8230; \u00c0s vezes \u00e9 um idoso, mutilado, que vende bala no sinal, a\u00ed talvez n\u00e3o consiga ser empregado e merece ser amparado no Renda Brasil. Mas o outro, mais jovem, pode ter ca\u00eddo emergencialmente. Temos que ter as ferramentas para ele sair da assist\u00eancia social&#8221;, disse. Not\u00edcias em Destaque Com R7\" \/>\n<meta property=\"og:url\" content=\"https:\/\/noticiasemdestaque.com\/cd\/?p=25651\" \/>\n<meta property=\"og:site_name\" content=\"Not&iacute;cias em Destaque\" \/>\n<meta property=\"article:published_time\" content=\"2020-07-03T22:18:53+00:00\" \/>\n<meta property=\"article:modified_time\" content=\"2020-07-03T22:21:39+00:00\" \/>\n<meta property=\"og:image\" content=\"https:\/\/noticiasemdestaque.com\/cd\/wp-content\/uploads\/2019\/01\/http___media.zenfs_.com_en_us_News_Reuters_2018-11-20T203428Z_2125516491_RC1750BE3010_RTRMADP_3_BRAZIL-POLITICS-BOLSONARO.jpg\" \/>\n\t<meta property=\"og:image:width\" content=\"900\" \/>\n\t<meta property=\"og:image:height\" content=\"596\" \/>\n\t<meta property=\"og:image:type\" content=\"image\/jpeg\" \/>\n<meta name=\"author\" content=\"Not\u00edcias em Destaque\" \/>\n<meta name=\"twitter:card\" content=\"summary_large_image\" \/>\n<meta name=\"twitter:label1\" content=\"Escrito por\" \/>\n\t<meta name=\"twitter:data1\" content=\"Not\u00edcias em Destaque\" \/>\n\t<meta name=\"twitter:label2\" content=\"Est. tempo de leitura\" \/>\n\t<meta name=\"twitter:data2\" content=\"1 minuto\" \/>\n<script type=\"application\/ld+json\" class=\"yoast-schema-graph\">{\"@context\":\"https:\/\/schema.org\",\"@graph\":[{\"@type\":\"Article\",\"@id\":\"https:\/\/noticiasemdestaque.com\/cd\/?p=25651#article\",\"isPartOf\":{\"@id\":\"https:\/\/noticiasemdestaque.com\/cd\/?p=25651\"},\"author\":{\"name\":\"Not\u00edcias em Destaque\",\"@id\":\"https:\/\/noticiasemdestaque.com\/cd\/#\/schema\/person\/21320b03a7e8bb90128938dafc9b908a\"},\"headline\":\"Renda Brasil ter\u00e1 valor mais alto do que o Bolsa Fam\u00edlia, diz Guedes\",\"datePublished\":\"2020-07-03T22:18:53+00:00\",\"dateModified\":\"2020-07-03T22:21:39+00:00\",\"mainEntityOfPage\":{\"@id\":\"https:\/\/noticiasemdestaque.com\/cd\/?p=25651\"},\"wordCount\":190,\"publisher\":{\"@id\":\"https:\/\/noticiasemdestaque.com\/cd\/#organization\"},\"image\":{\"@id\":\"https:\/\/noticiasemdestaque.com\/cd\/?p=25651#primaryimage\"},\"thumbnailUrl\":\"https:\/\/noticiasemdestaque.com\/cd\/wp-content\/uploads\/2019\/01\/http___media.zenfs_.com_en_us_News_Reuters_2018-11-20T203428Z_2125516491_RC1750BE3010_RTRMADP_3_BRAZIL-POLITICS-BOLSONARO.jpg\",\"articleSection\":[\"Geral\"],\"inLanguage\":\"pt-BR\"},{\"@type\":\"WebPage\",\"@id\":\"https:\/\/noticiasemdestaque.com\/cd\/?p=25651\",\"url\":\"https:\/\/noticiasemdestaque.com\/cd\/?p=25651\",\"name\":\"Renda Brasil ter\u00e1 valor mais alto do que o Bolsa Fam\u00edlia, diz Guedes - Not&iacute;cias em Destaque\",\"isPartOf\":{\"@id\":\"https:\/\/noticiasemdestaque.com\/cd\/#website\"},\"primaryImageOfPage\":{\"@id\":\"https:\/\/noticiasemdestaque.com\/cd\/?p=25651#primaryimage\"},\"image\":{\"@id\":\"https:\/\/noticiasemdestaque.com\/cd\/?p=25651#primaryimage\"},\"thumbnailUrl\":\"https:\/\/noticiasemdestaque.com\/cd\/wp-content\/uploads\/2019\/01\/http___media.zenfs_.com_en_us_News_Reuters_2018-11-20T203428Z_2125516491_RC1750BE3010_RTRMADP_3_BRAZIL-POLITICS-BOLSONARO.jpg\",\"datePublished\":\"2020-07-03T22:18:53+00:00\",\"dateModified\":\"2020-07-03T22:21:39+00:00\",\"breadcrumb\":{\"@id\":\"https:\/\/noticiasemdestaque.com\/cd\/?p=25651#breadcrumb\"},\"inLanguage\":\"pt-BR\",\"potentialAction\":[{\"@type\":\"ReadAction\",\"target\":[\"https:\/\/noticiasemdestaque.com\/cd\/?p=25651\"]}]},{\"@type\":\"ImageObject\",\"inLanguage\":\"pt-BR\",\"@id\":\"https:\/\/noticiasemdestaque.com\/cd\/?p=25651#primaryimage\",\"url\":\"https:\/\/noticiasemdestaque.com\/cd\/wp-content\/uploads\/2019\/01\/http___media.zenfs_.com_en_us_News_Reuters_2018-11-20T203428Z_2125516491_RC1750BE3010_RTRMADP_3_BRAZIL-POLITICS-BOLSONARO.jpg\",\"contentUrl\":\"https:\/\/noticiasemdestaque.com\/cd\/wp-content\/uploads\/2019\/01\/http___media.zenfs_.com_en_us_News_Reuters_2018-11-20T203428Z_2125516491_RC1750BE3010_RTRMADP_3_BRAZIL-POLITICS-BOLSONARO.jpg\",\"width\":900,\"height\":596,\"caption\":\"Economist Paulo Guedes, future economy minister of Brazil's President-elect Jair Bolsonaro arrives for a meeting in Brasilia, Brazil November 20, 2018. REUTERS\/Adriano Machado\"},{\"@type\":\"BreadcrumbList\",\"@id\":\"https:\/\/noticiasemdestaque.com\/cd\/?p=25651#breadcrumb\",\"itemListElement\":[{\"@type\":\"ListItem\",\"position\":1,\"name\":\"In\u00edcio\",\"item\":\"https:\/\/noticiasemdestaque.com\/cd\/\"},{\"@type\":\"ListItem\",\"position\":2,\"name\":\"Renda Brasil ter\u00e1 valor mais alto do que o Bolsa Fam\u00edlia, diz Guedes\"}]},{\"@type\":\"WebSite\",\"@id\":\"https:\/\/noticiasemdestaque.com\/cd\/#website\",\"url\":\"https:\/\/noticiasemdestaque.com\/cd\/\",\"name\":\"Not&iacute;cias em Destaque\",\"description\":\"\",\"publisher\":{\"@id\":\"https:\/\/noticiasemdestaque.com\/cd\/#organization\"},\"potentialAction\":[{\"@type\":\"SearchAction\",\"target\":{\"@type\":\"EntryPoint\",\"urlTemplate\":\"https:\/\/noticiasemdestaque.com\/cd\/?s={search_term_string}\"},\"query-input\":{\"@type\":\"PropertyValueSpecification\",\"valueRequired\":true,\"valueName\":\"search_term_string\"}}],\"inLanguage\":\"pt-BR\"},{\"@type\":\"Organization\",\"@id\":\"https:\/\/noticiasemdestaque.com\/cd\/#organization\",\"name\":\"Not\u00edcias em Destaque\",\"url\":\"https:\/\/noticiasemdestaque.com\/cd\/\",\"logo\":{\"@type\":\"ImageObject\",\"inLanguage\":\"pt-BR\",\"@id\":\"https:\/\/noticiasemdestaque.com\/cd\/#\/schema\/logo\/image\/\",\"url\":\"https:\/\/noticiasemdestaque.com\/cd\/wp-content\/uploads\/2022\/05\/imagem-base-noticiasemdestaque.png\",\"contentUrl\":\"https:\/\/noticiasemdestaque.com\/cd\/wp-content\/uploads\/2022\/05\/imagem-base-noticiasemdestaque.png\",\"width\":1200,\"height\":630,\"caption\":\"Not\u00edcias em Destaque\"},\"image\":{\"@id\":\"https:\/\/noticiasemdestaque.com\/cd\/#\/schema\/logo\/image\/\"}},{\"@type\":\"Person\",\"@id\":\"https:\/\/noticiasemdestaque.com\/cd\/#\/schema\/person\/21320b03a7e8bb90128938dafc9b908a\",\"name\":\"Not\u00edcias em Destaque\",\"url\":\"https:\/\/noticiasemdestaque.com\/cd\/?author=2\"}]}<\/script>\n<!-- \/ Yoast SEO plugin. -->","yoast_head_json":{"title":"Renda Brasil ter\u00e1 valor mais alto do que o Bolsa Fam\u00edlia, diz Guedes - Not&iacute;cias em Destaque","robots":{"index":"index","follow":"follow","max-snippet":"max-snippet:-1","max-image-preview":"max-image-preview:large","max-video-preview":"max-video-preview:-1"},"canonical":"https:\/\/noticiasemdestaque.com\/cd\/?p=25651","og_locale":"pt_BR","og_type":"article","og_title":"Renda Brasil ter\u00e1 valor mais alto do que o Bolsa Fam\u00edlia, diz Guedes - Not&iacute;cias em Destaque","og_description":"O ministro da Economia, Paulo Guedes, reafirmou que o governo criar\u00e1 um novo programa social, o\u00a0Renda Brasil. A ideia, segundo Guedes \u00e9 atender, al\u00e9m do p\u00fablico atual do Bolsa Fam\u00edlia, trabalhadores que exercem atividades informais. De acordo com o ministro, o Renda Brasil reunir\u00e1 programas sociais existentes e ter\u00e1 valor mais alto do que o Bolsa Fam\u00edlia. Em evento virtual promovido pela Abdib (Associa\u00e7\u00e3o Brasileira de Ind\u00fastria de Base), o ministro disse querer &#8220;dignificar&#8221; essas atividades e que \u00e9 preciso dar ferramentas para os trabalhadores sa\u00edrem da assist\u00eancia social. &#8220;Qualquer brasileiro que cair, em qualquer momento, ele cai no Renda Brasil. Mas se ele n\u00e3o tiver mutila\u00e7\u00f5es f\u00edsicas, defeitos que o impe\u00e7am&#8230; \u00c0s vezes \u00e9 um idoso, mutilado, que vende bala no sinal, a\u00ed talvez n\u00e3o consiga ser empregado e merece ser amparado no Renda Brasil. Mas o outro, mais jovem, pode ter ca\u00eddo emergencialmente. Temos que ter as ferramentas para ele sair da assist\u00eancia social&#8221;, disse. Not\u00edcias em Destaque Com R7","og_url":"https:\/\/noticiasemdestaque.com\/cd\/?p=25651","og_site_name":"Not&iacute;cias em Destaque","article_published_time":"2020-07-03T22:18:53+00:00","article_modified_time":"2020-07-03T22:21:39+00:00","og_image":[{"width":900,"height":596,"url":"https:\/\/noticiasemdestaque.com\/cd\/wp-content\/uploads\/2019\/01\/http___media.zenfs_.com_en_us_News_Reuters_2018-11-20T203428Z_2125516491_RC1750BE3010_RTRMADP_3_BRAZIL-POLITICS-BOLSONARO.jpg","type":"image\/jpeg"}],"author":"Not\u00edcias em Destaque","twitter_card":"summary_large_image","twitter_misc":{"Escrito por":"Not\u00edcias em Destaque","Est. tempo de leitura":"1 minuto"},"schema":{"@context":"https:\/\/schema.org","@graph":[{"@type":"Article","@id":"https:\/\/noticiasemdestaque.com\/cd\/?p=25651#article","isPartOf":{"@id":"https:\/\/noticiasemdestaque.com\/cd\/?p=25651"},"author":{"name":"Not\u00edcias em Destaque","@id":"https:\/\/noticiasemdestaque.com\/cd\/#\/schema\/person\/21320b03a7e8bb90128938dafc9b908a"},"headline":"Renda Brasil ter\u00e1 valor mais alto do que o Bolsa Fam\u00edlia, diz Guedes","datePublished":"2020-07-03T22:18:53+00:00","dateModified":"2020-07-03T22:21:39+00:00","mainEntityOfPage":{"@id":"https:\/\/noticiasemdestaque.com\/cd\/?p=25651"},"wordCount":190,"publisher":{"@id":"https:\/\/noticiasemdestaque.com\/cd\/#organization"},"image":{"@id":"https:\/\/noticiasemdestaque.com\/cd\/?p=25651#primaryimage"},"thumbnailUrl":"https:\/\/noticiasemdestaque.com\/cd\/wp-content\/uploads\/2019\/01\/http___media.zenfs_.com_en_us_News_Reuters_2018-11-20T203428Z_2125516491_RC1750BE3010_RTRMADP_3_BRAZIL-POLITICS-BOLSONARO.jpg","articleSection":["Geral"],"inLanguage":"pt-BR"},{"@type":"WebPage","@id":"https:\/\/noticiasemdestaque.com\/cd\/?p=25651","url":"https:\/\/noticiasemdestaque.com\/cd\/?p=25651","name":"Renda Brasil ter\u00e1 valor mais alto do que o Bolsa Fam\u00edlia, diz Guedes - Not&iacute;cias em Destaque","isPartOf":{"@id":"https:\/\/noticiasemdestaque.com\/cd\/#website"},"primaryImageOfPage":{"@id":"https:\/\/noticiasemdestaque.com\/cd\/?p=25651#primaryimage"},"image":{"@id":"https:\/\/noticiasemdestaque.com\/cd\/?p=25651#primaryimage"},"thumbnailUrl":"https:\/\/noticiasemdestaque.com\/cd\/wp-content\/uploads\/2019\/01\/http___media.zenfs_.com_en_us_News_Reuters_2018-11-20T203428Z_2125516491_RC1750BE3010_RTRMADP_3_BRAZIL-POLITICS-BOLSONARO.jpg","datePublished":"2020-07-03T22:18:53+00:00","dateModified":"2020-07-03T22:21:39+00:00","breadcrumb":{"@id":"https:\/\/noticiasemdestaque.com\/cd\/?p=25651#breadcrumb"},"inLanguage":"pt-BR","potentialAction":[{"@type":"ReadAction","target":["https:\/\/noticiasemdestaque.com\/cd\/?p=25651"]}]},{"@type":"ImageObject","inLanguage":"pt-BR","@id":"https:\/\/noticiasemdestaque.com\/cd\/?p=25651#primaryimage","url":"https:\/\/noticiasemdestaque.com\/cd\/wp-content\/uploads\/2019\/01\/http___media.zenfs_.com_en_us_News_Reuters_2018-11-20T203428Z_2125516491_RC1750BE3010_RTRMADP_3_BRAZIL-POLITICS-BOLSONARO.jpg","contentUrl":"https:\/\/noticiasemdestaque.com\/cd\/wp-content\/uploads\/2019\/01\/http___media.zenfs_.com_en_us_News_Reuters_2018-11-20T203428Z_2125516491_RC1750BE3010_RTRMADP_3_BRAZIL-POLITICS-BOLSONARO.jpg","width":900,"height":596,"caption":"Economist Paulo Guedes, future economy minister of Brazil's President-elect Jair Bolsonaro arrives for a meeting in Brasilia, Brazil November 20, 2018. REUTERS\/Adriano Machado"},{"@type":"BreadcrumbList","@id":"https:\/\/noticiasemdestaque.com\/cd\/?p=25651#breadcrumb","itemListElement":[{"@type":"ListItem","position":1,"name":"In\u00edcio","item":"https:\/\/noticiasemdestaque.com\/cd\/"},{"@type":"ListItem","position":2,"name":"Renda Brasil ter\u00e1 valor mais alto do que o Bolsa Fam\u00edlia, diz Guedes"}]},{"@type":"WebSite","@id":"https:\/\/noticiasemdestaque.com\/cd\/#website","url":"https:\/\/noticiasemdestaque.com\/cd\/","name":"Not&iacute;cias em Destaque","description":"","publisher":{"@id":"https:\/\/noticiasemdestaque.com\/cd\/#organization"},"potentialAction":[{"@type":"SearchAction","target":{"@type":"EntryPoint","urlTemplate":"https:\/\/noticiasemdestaque.com\/cd\/?s={search_term_string}"},"query-input":{"@type":"PropertyValueSpecification","valueRequired":true,"valueName":"search_term_string"}}],"inLanguage":"pt-BR"},{"@type":"Organization","@id":"https:\/\/noticiasemdestaque.com\/cd\/#organization","name":"Not\u00edcias em Destaque","url":"https:\/\/noticiasemdestaque.com\/cd\/","logo":{"@type":"ImageObject","inLanguage":"pt-BR","@id":"https:\/\/noticiasemdestaque.com\/cd\/#\/schema\/logo\/image\/","url":"https:\/\/noticiasemdestaque.com\/cd\/wp-content\/uploads\/2022\/05\/imagem-base-noticiasemdestaque.png","contentUrl":"https:\/\/noticiasemdestaque.com\/cd\/wp-content\/uploads\/2022\/05\/imagem-base-noticiasemdestaque.png","width":1200,"height":630,"caption":"Not\u00edcias em Destaque"},"image":{"@id":"https:\/\/noticiasemdestaque.com\/cd\/#\/schema\/logo\/image\/"}},{"@type":"Person","@id":"https:\/\/noticiasemdestaque.com\/cd\/#\/schema\/person\/21320b03a7e8bb90128938dafc9b908a","name":"Not\u00edcias em Destaque","url":"https:\/\/noticiasemdestaque.com\/cd\/?author=2"}]}},"jetpack_featured_media_url":"https:\/\/noticiasemdestaque.com\/cd\/wp-content\/uploads\/2019\/01\/http___media.zenfs_.com_en_us_News_Reuters_2018-11-20T203428Z_2125516491_RC1750BE3010_RTRMADP_3_BRAZIL-POLITICS-BOLSONARO.jpg","jetpack_sharing_enabled":true,"_links":{"self":[{"href":"https:\/\/noticiasemdestaque.com\/cd\/index.php?rest_route=\/wp\/v2\/posts\/25651","targetHints":{"allow":["GET"]}}],"collection":[{"href":"https:\/\/noticiasemdestaque.com\/cd\/index.php?rest_route=\/wp\/v2\/posts"}],"about":[{"href":"https:\/\/noticiasemdestaque.com\/cd\/index.php?rest_route=\/wp\/v2\/types\/post"}],"author":[{"embeddable":true,"href":"https:\/\/noticiasemdestaque.com\/cd\/index.php?rest_route=\/wp\/v2\/users\/2"}],"replies":[{"embeddable":true,"href":"https:\/\/noticiasemdestaque.com\/cd\/index.php?rest_route=%2Fwp%2Fv2%2Fcomments&post=25651"}],"version-history":[{"count":2,"href":"https:\/\/noticiasemdestaque.com\/cd\/index.php?rest_route=\/wp\/v2\/posts\/25651\/revisions"}],"predecessor-version":[{"id":25653,"href":"https:\/\/noticiasemdestaque.com\/cd\/index.php?rest_route=\/wp\/v2\/posts\/25651\/revisions\/25653"}],"wp:featuredmedia":[{"embeddable":true,"href":"https:\/\/noticiasemdestaque.com\/cd\/index.php?rest_route=\/wp\/v2\/media\/14718"}],"wp:attachment":[{"href":"https:\/\/noticiasemdestaque.com\/cd\/index.php?rest_route=%2Fwp%2Fv2%2Fmedia&parent=25651"}],"wp:term":[{"taxonomy":"category","embeddable":true,"href":"https:\/\/noticiasemdestaque.com\/cd\/index.php?rest_route=%2Fwp%2Fv2%2Fcategories&post=25651"},{"taxonomy":"post_tag","embeddable":true,"href":"https:\/\/noticiasemdestaque.com\/cd\/index.php?rest_route=%2Fwp%2Fv2%2Ftags&post=25651"}],"curies":[{"name":"wp","href":"https:\/\/api.w.org\/{rel}","templated":true}]}}