{"id":25646,"date":"2020-07-02T06:19:34","date_gmt":"2020-07-02T09:19:34","guid":{"rendered":"http:\/\/noticiasemdestaque.com\/cd\/?p=25646"},"modified":"2020-07-02T06:19:34","modified_gmt":"2020-07-02T09:19:34","slug":"boa-noticia-cidade-de-amparo-chega-a-mais-de-um-mes-sem-registar-novos-casos-da-covid-19","status":"publish","type":"post","link":"https:\/\/noticiasemdestaque.com\/cd\/?p=25646","title":{"rendered":"BOA NOT\u00cdCIA: Cidade de Amparo chega a mais de um m\u00eas sem registar novos casos da COVID-19"},"content":{"rendered":"<p><a href=\"https:\/\/noticiasemdestaque.com\/cd\/wp-content\/uploads\/2020\/06\/corona-5174671_1920-696x464.jpg\"><img fetchpriority=\"high\" decoding=\"async\" class=\"wp-image-25229 aligncenter\" src=\"https:\/\/noticiasemdestaque.com\/cd\/wp-content\/uploads\/2020\/06\/corona-5174671_1920-696x464.jpg\" alt=\"\" width=\"479\" height=\"319\" srcset=\"https:\/\/noticiasemdestaque.com\/cd\/wp-content\/uploads\/2020\/06\/corona-5174671_1920-696x464.jpg 696w, https:\/\/noticiasemdestaque.com\/cd\/wp-content\/uploads\/2020\/06\/corona-5174671_1920-696x464-300x200.jpg 300w, https:\/\/noticiasemdestaque.com\/cd\/wp-content\/uploads\/2020\/06\/corona-5174671_1920-696x464-480x320.jpg 480w\" sizes=\"(max-width: 479px) 100vw, 479px\" \/><\/a><\/p>\n<p>A Prefeitura de Amparo por meio da Secretaria de Sa\u00fade do munic\u00edpio vem lutando intensivamente contra a COVID-19, v\u00e1rias a\u00e7\u00f5es foram desempenhadas pela gest\u00e3o buscando proteger a popula\u00e7\u00e3o desse v\u00edrus, o resultado dessa batalha tem sido o controle dos casos positivados do Coronav\u00edrus, ja s\u00e3o mais de 30 dias sem novos casos em nossa cidade.<\/p>\n<p>O ultimo caso confirmado da COVID-19 em Amparo f<span class=\"text_exposed_show\">oi no dia 29 de Maio e at\u00e9 hoje, a cidade n\u00e3o registrou mais nenhum caso, isso n\u00e3o quer dizer que a popula\u00e7\u00e3o deve relaxar, muito pelo contr\u00e1rio, deve continuar fazendo as medidas preventivas e seguir os protocolos do Minist\u00e9rio da Sa\u00fade.<\/span><\/p>\n<div class=\"text_exposed_show\">\n<p>At\u00e9 a data dessa publica\u00e7\u00e3o em 01 de Julho, a cidade de Amparo possui 12 casos confirmados e todos j\u00e1 est\u00e3o recuperados, 2 casos em investiga\u00e7\u00e3o e 93 casos descartados.<\/p>\n<p>A secretaria de Sa\u00fade tamb\u00e9m est\u00e1 fazendo monitoramento das pessoas que est\u00e3o vindos de outras cidades ou estados.<\/p>\n<p><em><strong>Not\u00edcias em Destaque<\/strong><\/em><\/p>\n<p>Com Ascom<\/p>\n<\/div>\n","protected":false},"excerpt":{"rendered":"<p>A Prefeitura de Amparo por meio da Secretaria de Sa\u00fade do munic\u00edpio vem lutando intensivamente contra a COVID-19, v\u00e1rias a\u00e7\u00f5es foram desempenhadas pela gest\u00e3o buscando proteger a popula\u00e7\u00e3o desse v\u00edrus, o resultado dessa batalha tem sido o controle dos casos positivados do Coronav\u00edrus, ja s\u00e3o mais de 30 dias sem novos casos em nossa cidade. O ultimo caso confirmado da COVID-19 em Amparo foi no dia 29 de Maio e at\u00e9 hoje, a cidade n\u00e3o registrou mais nenhum caso, isso n\u00e3o quer dizer que a popula\u00e7\u00e3o deve relaxar, muito pelo contr\u00e1rio, deve continuar fazendo as medidas preventivas e seguir os protocolos do Minist\u00e9rio da Sa\u00fade. At\u00e9 a data dessa publica\u00e7\u00e3o em 01 de Julho, a cidade de Amparo possui 12 casos confirmados e todos j\u00e1 est\u00e3o recuperados, 2 casos em investiga\u00e7\u00e3o e 93 casos descartados. A secretaria de Sa\u00fade tamb\u00e9m est\u00e1 fazendo monitoramento das pessoas que est\u00e3o vindos de outras cidades ou estados. Not\u00edcias em Destaque Com Ascom<\/p>\n","protected":false},"author":2,"featured_media":25229,"comment_status":"closed","ping_status":"open","sticky":false,"template":"","format":"standard","meta":{"_eb_attr":"","_jetpack_memberships_contains_paid_content":false,"footnotes":""},"categories":[12],"tags":[],"class_list":["post-25646","post","type-post","status-publish","format-standard","has-post-thumbnail","hentry","category-geral"],"yoast_head":"<!-- This site is optimized with the Yoast SEO plugin v26.5 - https:\/\/yoast.com\/wordpress\/plugins\/seo\/ -->\n<title>BOA NOT\u00cdCIA: Cidade de Amparo chega a mais de um m\u00eas sem registar novos casos da COVID-19 - Not&iacute;cias em Destaque<\/title>\n<meta name=\"robots\" content=\"index, follow, max-snippet:-1, max-image-preview:large, max-video-preview:-1\" \/>\n<link rel=\"canonical\" href=\"https:\/\/noticiasemdestaque.com\/cd\/?p=25646\" \/>\n<meta property=\"og:locale\" content=\"pt_BR\" \/>\n<meta property=\"og:type\" content=\"article\" \/>\n<meta property=\"og:title\" content=\"BOA NOT\u00cdCIA: Cidade de Amparo chega a mais de um m\u00eas sem registar novos casos da COVID-19 - Not&iacute;cias em Destaque\" \/>\n<meta property=\"og:description\" content=\"A Prefeitura de Amparo por meio da Secretaria de Sa\u00fade do munic\u00edpio vem lutando intensivamente contra a COVID-19, v\u00e1rias a\u00e7\u00f5es foram desempenhadas pela gest\u00e3o buscando proteger a popula\u00e7\u00e3o desse v\u00edrus, o resultado dessa batalha tem sido o controle dos casos positivados do Coronav\u00edrus, ja s\u00e3o mais de 30 dias sem novos casos em nossa cidade. O ultimo caso confirmado da COVID-19 em Amparo foi no dia 29 de Maio e at\u00e9 hoje, a cidade n\u00e3o registrou mais nenhum caso, isso n\u00e3o quer dizer que a popula\u00e7\u00e3o deve relaxar, muito pelo contr\u00e1rio, deve continuar fazendo as medidas preventivas e seguir os protocolos do Minist\u00e9rio da Sa\u00fade. At\u00e9 a data dessa publica\u00e7\u00e3o em 01 de Julho, a cidade de Amparo possui 12 casos confirmados e todos j\u00e1 est\u00e3o recuperados, 2 casos em investiga\u00e7\u00e3o e 93 casos descartados. A secretaria de Sa\u00fade tamb\u00e9m est\u00e1 fazendo monitoramento das pessoas que est\u00e3o vindos de outras cidades ou estados. Not\u00edcias em Destaque Com Ascom\" \/>\n<meta property=\"og:url\" content=\"https:\/\/noticiasemdestaque.com\/cd\/?p=25646\" \/>\n<meta property=\"og:site_name\" content=\"Not&iacute;cias em Destaque\" \/>\n<meta property=\"article:published_time\" content=\"2020-07-02T09:19:34+00:00\" \/>\n<meta property=\"og:image\" content=\"https:\/\/noticiasemdestaque.com\/cd\/wp-content\/uploads\/2020\/06\/corona-5174671_1920-696x464.jpg\" \/>\n\t<meta property=\"og:image:width\" content=\"696\" \/>\n\t<meta property=\"og:image:height\" content=\"464\" \/>\n\t<meta property=\"og:image:type\" content=\"image\/jpeg\" \/>\n<meta name=\"author\" content=\"Not\u00edcias em Destaque\" \/>\n<meta name=\"twitter:card\" content=\"summary_large_image\" \/>\n<meta name=\"twitter:label1\" content=\"Escrito por\" \/>\n\t<meta name=\"twitter:data1\" content=\"Not\u00edcias em Destaque\" \/>\n\t<meta name=\"twitter:label2\" content=\"Est. tempo de leitura\" \/>\n\t<meta name=\"twitter:data2\" content=\"1 minuto\" \/>\n<script type=\"application\/ld+json\" class=\"yoast-schema-graph\">{\"@context\":\"https:\/\/schema.org\",\"@graph\":[{\"@type\":\"Article\",\"@id\":\"https:\/\/noticiasemdestaque.com\/cd\/?p=25646#article\",\"isPartOf\":{\"@id\":\"https:\/\/noticiasemdestaque.com\/cd\/?p=25646\"},\"author\":{\"name\":\"Not\u00edcias em Destaque\",\"@id\":\"https:\/\/noticiasemdestaque.com\/cd\/#\/schema\/person\/21320b03a7e8bb90128938dafc9b908a\"},\"headline\":\"BOA NOT\u00cdCIA: Cidade de Amparo chega a mais de um m\u00eas sem registar novos casos da COVID-19\",\"datePublished\":\"2020-07-02T09:19:34+00:00\",\"mainEntityOfPage\":{\"@id\":\"https:\/\/noticiasemdestaque.com\/cd\/?p=25646\"},\"wordCount\":193,\"publisher\":{\"@id\":\"https:\/\/noticiasemdestaque.com\/cd\/#organization\"},\"image\":{\"@id\":\"https:\/\/noticiasemdestaque.com\/cd\/?p=25646#primaryimage\"},\"thumbnailUrl\":\"https:\/\/noticiasemdestaque.com\/cd\/wp-content\/uploads\/2020\/06\/corona-5174671_1920-696x464.jpg\",\"articleSection\":[\"Geral\"],\"inLanguage\":\"pt-BR\"},{\"@type\":\"WebPage\",\"@id\":\"https:\/\/noticiasemdestaque.com\/cd\/?p=25646\",\"url\":\"https:\/\/noticiasemdestaque.com\/cd\/?p=25646\",\"name\":\"BOA NOT\u00cdCIA: Cidade de Amparo chega a mais de um m\u00eas sem registar novos casos da COVID-19 - Not&iacute;cias em Destaque\",\"isPartOf\":{\"@id\":\"https:\/\/noticiasemdestaque.com\/cd\/#website\"},\"primaryImageOfPage\":{\"@id\":\"https:\/\/noticiasemdestaque.com\/cd\/?p=25646#primaryimage\"},\"image\":{\"@id\":\"https:\/\/noticiasemdestaque.com\/cd\/?p=25646#primaryimage\"},\"thumbnailUrl\":\"https:\/\/noticiasemdestaque.com\/cd\/wp-content\/uploads\/2020\/06\/corona-5174671_1920-696x464.jpg\",\"datePublished\":\"2020-07-02T09:19:34+00:00\",\"breadcrumb\":{\"@id\":\"https:\/\/noticiasemdestaque.com\/cd\/?p=25646#breadcrumb\"},\"inLanguage\":\"pt-BR\",\"potentialAction\":[{\"@type\":\"ReadAction\",\"target\":[\"https:\/\/noticiasemdestaque.com\/cd\/?p=25646\"]}]},{\"@type\":\"ImageObject\",\"inLanguage\":\"pt-BR\",\"@id\":\"https:\/\/noticiasemdestaque.com\/cd\/?p=25646#primaryimage\",\"url\":\"https:\/\/noticiasemdestaque.com\/cd\/wp-content\/uploads\/2020\/06\/corona-5174671_1920-696x464.jpg\",\"contentUrl\":\"https:\/\/noticiasemdestaque.com\/cd\/wp-content\/uploads\/2020\/06\/corona-5174671_1920-696x464.jpg\",\"width\":696,\"height\":464},{\"@type\":\"BreadcrumbList\",\"@id\":\"https:\/\/noticiasemdestaque.com\/cd\/?p=25646#breadcrumb\",\"itemListElement\":[{\"@type\":\"ListItem\",\"position\":1,\"name\":\"In\u00edcio\",\"item\":\"https:\/\/noticiasemdestaque.com\/cd\/\"},{\"@type\":\"ListItem\",\"position\":2,\"name\":\"BOA NOT\u00cdCIA: Cidade de Amparo chega a mais de um m\u00eas sem registar novos casos da COVID-19\"}]},{\"@type\":\"WebSite\",\"@id\":\"https:\/\/noticiasemdestaque.com\/cd\/#website\",\"url\":\"https:\/\/noticiasemdestaque.com\/cd\/\",\"name\":\"Not&iacute;cias em Destaque\",\"description\":\"\",\"publisher\":{\"@id\":\"https:\/\/noticiasemdestaque.com\/cd\/#organization\"},\"potentialAction\":[{\"@type\":\"SearchAction\",\"target\":{\"@type\":\"EntryPoint\",\"urlTemplate\":\"https:\/\/noticiasemdestaque.com\/cd\/?s={search_term_string}\"},\"query-input\":{\"@type\":\"PropertyValueSpecification\",\"valueRequired\":true,\"valueName\":\"search_term_string\"}}],\"inLanguage\":\"pt-BR\"},{\"@type\":\"Organization\",\"@id\":\"https:\/\/noticiasemdestaque.com\/cd\/#organization\",\"name\":\"Not\u00edcias em Destaque\",\"url\":\"https:\/\/noticiasemdestaque.com\/cd\/\",\"logo\":{\"@type\":\"ImageObject\",\"inLanguage\":\"pt-BR\",\"@id\":\"https:\/\/noticiasemdestaque.com\/cd\/#\/schema\/logo\/image\/\",\"url\":\"https:\/\/noticiasemdestaque.com\/cd\/wp-content\/uploads\/2022\/05\/imagem-base-noticiasemdestaque.png\",\"contentUrl\":\"https:\/\/noticiasemdestaque.com\/cd\/wp-content\/uploads\/2022\/05\/imagem-base-noticiasemdestaque.png\",\"width\":1200,\"height\":630,\"caption\":\"Not\u00edcias em Destaque\"},\"image\":{\"@id\":\"https:\/\/noticiasemdestaque.com\/cd\/#\/schema\/logo\/image\/\"}},{\"@type\":\"Person\",\"@id\":\"https:\/\/noticiasemdestaque.com\/cd\/#\/schema\/person\/21320b03a7e8bb90128938dafc9b908a\",\"name\":\"Not\u00edcias em Destaque\",\"url\":\"https:\/\/noticiasemdestaque.com\/cd\/?author=2\"}]}<\/script>\n<!-- \/ Yoast SEO plugin. -->","yoast_head_json":{"title":"BOA NOT\u00cdCIA: Cidade de Amparo chega a mais de um m\u00eas sem registar novos casos da COVID-19 - Not&iacute;cias em Destaque","robots":{"index":"index","follow":"follow","max-snippet":"max-snippet:-1","max-image-preview":"max-image-preview:large","max-video-preview":"max-video-preview:-1"},"canonical":"https:\/\/noticiasemdestaque.com\/cd\/?p=25646","og_locale":"pt_BR","og_type":"article","og_title":"BOA NOT\u00cdCIA: Cidade de Amparo chega a mais de um m\u00eas sem registar novos casos da COVID-19 - Not&iacute;cias em Destaque","og_description":"A Prefeitura de Amparo por meio da Secretaria de Sa\u00fade do munic\u00edpio vem lutando intensivamente contra a COVID-19, v\u00e1rias a\u00e7\u00f5es foram desempenhadas pela gest\u00e3o buscando proteger a popula\u00e7\u00e3o desse v\u00edrus, o resultado dessa batalha tem sido o controle dos casos positivados do Coronav\u00edrus, ja s\u00e3o mais de 30 dias sem novos casos em nossa cidade. O ultimo caso confirmado da COVID-19 em Amparo foi no dia 29 de Maio e at\u00e9 hoje, a cidade n\u00e3o registrou mais nenhum caso, isso n\u00e3o quer dizer que a popula\u00e7\u00e3o deve relaxar, muito pelo contr\u00e1rio, deve continuar fazendo as medidas preventivas e seguir os protocolos do Minist\u00e9rio da Sa\u00fade. At\u00e9 a data dessa publica\u00e7\u00e3o em 01 de Julho, a cidade de Amparo possui 12 casos confirmados e todos j\u00e1 est\u00e3o recuperados, 2 casos em investiga\u00e7\u00e3o e 93 casos descartados. A secretaria de Sa\u00fade tamb\u00e9m est\u00e1 fazendo monitoramento das pessoas que est\u00e3o vindos de outras cidades ou estados. Not\u00edcias em Destaque Com Ascom","og_url":"https:\/\/noticiasemdestaque.com\/cd\/?p=25646","og_site_name":"Not&iacute;cias em Destaque","article_published_time":"2020-07-02T09:19:34+00:00","og_image":[{"width":696,"height":464,"url":"https:\/\/noticiasemdestaque.com\/cd\/wp-content\/uploads\/2020\/06\/corona-5174671_1920-696x464.jpg","type":"image\/jpeg"}],"author":"Not\u00edcias em Destaque","twitter_card":"summary_large_image","twitter_misc":{"Escrito por":"Not\u00edcias em Destaque","Est. tempo de leitura":"1 minuto"},"schema":{"@context":"https:\/\/schema.org","@graph":[{"@type":"Article","@id":"https:\/\/noticiasemdestaque.com\/cd\/?p=25646#article","isPartOf":{"@id":"https:\/\/noticiasemdestaque.com\/cd\/?p=25646"},"author":{"name":"Not\u00edcias em Destaque","@id":"https:\/\/noticiasemdestaque.com\/cd\/#\/schema\/person\/21320b03a7e8bb90128938dafc9b908a"},"headline":"BOA NOT\u00cdCIA: Cidade de Amparo chega a mais de um m\u00eas sem registar novos casos da COVID-19","datePublished":"2020-07-02T09:19:34+00:00","mainEntityOfPage":{"@id":"https:\/\/noticiasemdestaque.com\/cd\/?p=25646"},"wordCount":193,"publisher":{"@id":"https:\/\/noticiasemdestaque.com\/cd\/#organization"},"image":{"@id":"https:\/\/noticiasemdestaque.com\/cd\/?p=25646#primaryimage"},"thumbnailUrl":"https:\/\/noticiasemdestaque.com\/cd\/wp-content\/uploads\/2020\/06\/corona-5174671_1920-696x464.jpg","articleSection":["Geral"],"inLanguage":"pt-BR"},{"@type":"WebPage","@id":"https:\/\/noticiasemdestaque.com\/cd\/?p=25646","url":"https:\/\/noticiasemdestaque.com\/cd\/?p=25646","name":"BOA NOT\u00cdCIA: Cidade de Amparo chega a mais de um m\u00eas sem registar novos casos da COVID-19 - Not&iacute;cias em Destaque","isPartOf":{"@id":"https:\/\/noticiasemdestaque.com\/cd\/#website"},"primaryImageOfPage":{"@id":"https:\/\/noticiasemdestaque.com\/cd\/?p=25646#primaryimage"},"image":{"@id":"https:\/\/noticiasemdestaque.com\/cd\/?p=25646#primaryimage"},"thumbnailUrl":"https:\/\/noticiasemdestaque.com\/cd\/wp-content\/uploads\/2020\/06\/corona-5174671_1920-696x464.jpg","datePublished":"2020-07-02T09:19:34+00:00","breadcrumb":{"@id":"https:\/\/noticiasemdestaque.com\/cd\/?p=25646#breadcrumb"},"inLanguage":"pt-BR","potentialAction":[{"@type":"ReadAction","target":["https:\/\/noticiasemdestaque.com\/cd\/?p=25646"]}]},{"@type":"ImageObject","inLanguage":"pt-BR","@id":"https:\/\/noticiasemdestaque.com\/cd\/?p=25646#primaryimage","url":"https:\/\/noticiasemdestaque.com\/cd\/wp-content\/uploads\/2020\/06\/corona-5174671_1920-696x464.jpg","contentUrl":"https:\/\/noticiasemdestaque.com\/cd\/wp-content\/uploads\/2020\/06\/corona-5174671_1920-696x464.jpg","width":696,"height":464},{"@type":"BreadcrumbList","@id":"https:\/\/noticiasemdestaque.com\/cd\/?p=25646#breadcrumb","itemListElement":[{"@type":"ListItem","position":1,"name":"In\u00edcio","item":"https:\/\/noticiasemdestaque.com\/cd\/"},{"@type":"ListItem","position":2,"name":"BOA NOT\u00cdCIA: Cidade de Amparo chega a mais de um m\u00eas sem registar novos casos da COVID-19"}]},{"@type":"WebSite","@id":"https:\/\/noticiasemdestaque.com\/cd\/#website","url":"https:\/\/noticiasemdestaque.com\/cd\/","name":"Not&iacute;cias em Destaque","description":"","publisher":{"@id":"https:\/\/noticiasemdestaque.com\/cd\/#organization"},"potentialAction":[{"@type":"SearchAction","target":{"@type":"EntryPoint","urlTemplate":"https:\/\/noticiasemdestaque.com\/cd\/?s={search_term_string}"},"query-input":{"@type":"PropertyValueSpecification","valueRequired":true,"valueName":"search_term_string"}}],"inLanguage":"pt-BR"},{"@type":"Organization","@id":"https:\/\/noticiasemdestaque.com\/cd\/#organization","name":"Not\u00edcias em Destaque","url":"https:\/\/noticiasemdestaque.com\/cd\/","logo":{"@type":"ImageObject","inLanguage":"pt-BR","@id":"https:\/\/noticiasemdestaque.com\/cd\/#\/schema\/logo\/image\/","url":"https:\/\/noticiasemdestaque.com\/cd\/wp-content\/uploads\/2022\/05\/imagem-base-noticiasemdestaque.png","contentUrl":"https:\/\/noticiasemdestaque.com\/cd\/wp-content\/uploads\/2022\/05\/imagem-base-noticiasemdestaque.png","width":1200,"height":630,"caption":"Not\u00edcias em Destaque"},"image":{"@id":"https:\/\/noticiasemdestaque.com\/cd\/#\/schema\/logo\/image\/"}},{"@type":"Person","@id":"https:\/\/noticiasemdestaque.com\/cd\/#\/schema\/person\/21320b03a7e8bb90128938dafc9b908a","name":"Not\u00edcias em Destaque","url":"https:\/\/noticiasemdestaque.com\/cd\/?author=2"}]}},"jetpack_featured_media_url":"https:\/\/noticiasemdestaque.com\/cd\/wp-content\/uploads\/2020\/06\/corona-5174671_1920-696x464.jpg","jetpack_sharing_enabled":true,"_links":{"self":[{"href":"https:\/\/noticiasemdestaque.com\/cd\/index.php?rest_route=\/wp\/v2\/posts\/25646","targetHints":{"allow":["GET"]}}],"collection":[{"href":"https:\/\/noticiasemdestaque.com\/cd\/index.php?rest_route=\/wp\/v2\/posts"}],"about":[{"href":"https:\/\/noticiasemdestaque.com\/cd\/index.php?rest_route=\/wp\/v2\/types\/post"}],"author":[{"embeddable":true,"href":"https:\/\/noticiasemdestaque.com\/cd\/index.php?rest_route=\/wp\/v2\/users\/2"}],"replies":[{"embeddable":true,"href":"https:\/\/noticiasemdestaque.com\/cd\/index.php?rest_route=%2Fwp%2Fv2%2Fcomments&post=25646"}],"version-history":[{"count":1,"href":"https:\/\/noticiasemdestaque.com\/cd\/index.php?rest_route=\/wp\/v2\/posts\/25646\/revisions"}],"predecessor-version":[{"id":25647,"href":"https:\/\/noticiasemdestaque.com\/cd\/index.php?rest_route=\/wp\/v2\/posts\/25646\/revisions\/25647"}],"wp:featuredmedia":[{"embeddable":true,"href":"https:\/\/noticiasemdestaque.com\/cd\/index.php?rest_route=\/wp\/v2\/media\/25229"}],"wp:attachment":[{"href":"https:\/\/noticiasemdestaque.com\/cd\/index.php?rest_route=%2Fwp%2Fv2%2Fmedia&parent=25646"}],"wp:term":[{"taxonomy":"category","embeddable":true,"href":"https:\/\/noticiasemdestaque.com\/cd\/index.php?rest_route=%2Fwp%2Fv2%2Fcategories&post=25646"},{"taxonomy":"post_tag","embeddable":true,"href":"https:\/\/noticiasemdestaque.com\/cd\/index.php?rest_route=%2Fwp%2Fv2%2Ftags&post=25646"}],"curies":[{"name":"wp","href":"https:\/\/api.w.org\/{rel}","templated":true}]}}