{"id":25638,"date":"2020-07-01T20:29:45","date_gmt":"2020-07-01T23:29:45","guid":{"rendered":"http:\/\/noticiasemdestaque.com\/cd\/?p=25638"},"modified":"2020-07-01T20:29:45","modified_gmt":"2020-07-01T23:29:45","slug":"camara-aprova-em-segundo-turno-pec-que-adia-eleicoes-municipais-para-novembro","status":"publish","type":"post","link":"https:\/\/noticiasemdestaque.com\/cd\/?p=25638","title":{"rendered":"C\u00e2mara aprova em segundo turno PEC que adia elei\u00e7\u00f5es municipais para novembro"},"content":{"rendered":"<p><a href=\"https:\/\/noticiasemdestaque.com\/cd\/wp-content\/uploads\/2020\/07\/img20200701194343819-768x512.jpg\"><img fetchpriority=\"high\" decoding=\"async\" class=\"wp-image-25639 aligncenter\" src=\"https:\/\/noticiasemdestaque.com\/cd\/wp-content\/uploads\/2020\/07\/img20200701194343819-768x512.jpg\" alt=\"\" width=\"431\" height=\"287\" srcset=\"https:\/\/noticiasemdestaque.com\/cd\/wp-content\/uploads\/2020\/07\/img20200701194343819-768x512.jpg 768w, https:\/\/noticiasemdestaque.com\/cd\/wp-content\/uploads\/2020\/07\/img20200701194343819-768x512-300x200.jpg 300w, https:\/\/noticiasemdestaque.com\/cd\/wp-content\/uploads\/2020\/07\/img20200701194343819-768x512-480x320.jpg 480w\" sizes=\"(max-width: 431px) 100vw, 431px\" \/><\/a><\/p>\n<p>A C\u00e2mara dos Deputados aprovou h\u00e1 pouco, em segundo turno, a Proposta de Emenda \u00e0 Constitui\u00e7\u00e3o (PEC) 18\/20, que adia as elei\u00e7\u00f5es municipais deste ano devido \u00e0 pandemia causada pelo novo coronav\u00edrus. O placar de vota\u00e7\u00e3o no segundo turno foi de <a href=\"https:\/\/www.camara.leg.br\/presenca-comissoes\/votacao-portal?reuniao=59723&amp;itemVotacao=31152\">407 votos a 70<\/a>. Pouco antes, no primeiro turno, foram <a href=\"https:\/\/www.camara.leg.br\/presenca-comissoes\/votacao-portal?reuniao=59723&amp;itemVotacao=31150\">402 votos favor\u00e1veis e 90 contr\u00e1rios<\/a>.<\/p>\n<p>Segundo o presidente da C\u00e2mara, <a href=\"https:\/\/www.camara.leg.br\/deputados\/74693\">Rodrigo Maia (DEM-RJ)<\/a>, o texto ser\u00e1 promulgado nesta quinta-feira (2), \u00e0s 10 horas, pelo Congresso Nacional.<\/p>\n<p><a href=\"https:\/\/www.camara.leg.br\/noticias\/671145-CHEGA-A-CAMARA-PROPOSTA-QUE-ADIA-ELEICOES-MUNICIPAIS-PARA-NOVEMBRO\">Oriunda do Senado<\/a>, a PEC determina que os dois turnos eleitorais, inicialmente previstos para os dias 4 e 25 de outubro, ser\u00e3o realizados nos dias 15 e 29 de novembro. Por meio de uma emenda de reda\u00e7\u00e3o, deputados definiram que caber\u00e1 ao Congresso decidir sobre o adiamento das elei\u00e7\u00f5es por um per\u00edodo ainda maior nas cidades com muitos casos da doen\u00e7a.<\/p>\n<p>\u201cA altera\u00e7\u00e3o do calend\u00e1rio eleitoral \u00e9 medida necess\u00e1ria no atual contexto da emerg\u00eancia de sa\u00fade p\u00fablica\u201d, defendeu o relator, deputado <a href=\"https:\/\/www.camara.leg.br\/deputados\/160531\">Jhonatan de Jesus (Republicanos-RR)<\/a>. \u201cOs novos prazos e datas s\u00e3o adequados e prestigiam os princ\u00edpios democr\u00e1tico e republicano, ao garantir a manuten\u00e7\u00e3o das elei\u00e7\u00f5es sem altera\u00e7\u00e3o nos mandatos\u201d, continuou.<\/p>\n<p><strong>Calend\u00e1rio eleitoral<\/strong><\/p>\n<p>Al\u00e9m de adiar as elei\u00e7\u00f5es, a PEC, de autoria do senador Randolfe Rodrigues (Rede-AP), estabelece novas datas para outras etapas do processo eleitoral de 2020, como registro de candidaturas e in\u00edcio da propaganda eleitoral gratuita (veja quadro). Apenas a data da posse dos eleitos permanece a mesma, em 1\u00ba de janeiro de 2021.<\/p>\n<p><a href=\"https:\/\/noticiasemdestaque.com\/cd\/wp-content\/uploads\/2020\/07\/desktop.jpg\"><img decoding=\"async\" class=\"wp-image-25640 aligncenter\" src=\"https:\/\/noticiasemdestaque.com\/cd\/wp-content\/uploads\/2020\/07\/desktop.jpg\" alt=\"\" width=\"503\" height=\"580\" srcset=\"https:\/\/noticiasemdestaque.com\/cd\/wp-content\/uploads\/2020\/07\/desktop.jpg 722w, https:\/\/noticiasemdestaque.com\/cd\/wp-content\/uploads\/2020\/07\/desktop-260x300.jpg 260w\" sizes=\"(max-width: 503px) 100vw, 503px\" \/><\/a><\/p>\n<p>Fonte: Ag\u00eancia C\u00e2mara de Not\u00edcias<\/p>\n","protected":false},"excerpt":{"rendered":"<p>A C\u00e2mara dos Deputados aprovou h\u00e1 pouco, em segundo turno, a Proposta de Emenda \u00e0 Constitui\u00e7\u00e3o (PEC) 18\/20, que adia as elei\u00e7\u00f5es municipais deste ano devido \u00e0 pandemia causada pelo novo coronav\u00edrus. O placar de vota\u00e7\u00e3o no segundo turno foi de 407 votos a 70. Pouco antes, no primeiro turno, foram 402 votos favor\u00e1veis e 90 contr\u00e1rios. Segundo o presidente da C\u00e2mara, Rodrigo Maia (DEM-RJ), o texto ser\u00e1 promulgado nesta quinta-feira (2), \u00e0s 10 horas, pelo Congresso Nacional. Oriunda do Senado, a PEC determina que os dois turnos eleitorais, inicialmente previstos para os dias 4 e 25 de outubro, ser\u00e3o realizados nos dias 15 e 29 de novembro. Por meio de uma emenda de reda\u00e7\u00e3o, deputados definiram que caber\u00e1 ao Congresso decidir sobre o adiamento das elei\u00e7\u00f5es por um per\u00edodo ainda maior nas cidades com muitos casos da doen\u00e7a. \u201cA altera\u00e7\u00e3o do calend\u00e1rio eleitoral \u00e9 medida necess\u00e1ria no atual contexto da emerg\u00eancia de sa\u00fade p\u00fablica\u201d, defendeu o relator, deputado Jhonatan de Jesus (Republicanos-RR). \u201cOs novos prazos e datas s\u00e3o adequados e prestigiam os princ\u00edpios democr\u00e1tico e republicano, ao garantir a manuten\u00e7\u00e3o das elei\u00e7\u00f5es sem altera\u00e7\u00e3o nos mandatos\u201d, continuou. Calend\u00e1rio eleitoral Al\u00e9m de adiar as elei\u00e7\u00f5es, a PEC, de autoria do senador Randolfe Rodrigues (Rede-AP), estabelece novas datas para outras etapas do processo eleitoral de 2020, como registro de candidaturas e in\u00edcio da propaganda eleitoral gratuita (veja quadro). Apenas a data da posse dos eleitos permanece a mesma, em 1\u00ba de janeiro de 2021. Fonte: Ag\u00eancia C\u00e2mara de Not\u00edcias<\/p>\n","protected":false},"author":2,"featured_media":25639,"comment_status":"closed","ping_status":"open","sticky":false,"template":"","format":"standard","meta":{"_eb_attr":"","_jetpack_memberships_contains_paid_content":false,"footnotes":""},"categories":[4],"tags":[],"class_list":["post-25638","post","type-post","status-publish","format-standard","has-post-thumbnail","hentry","category-politica"],"yoast_head":"<!-- This site is optimized with the Yoast SEO plugin v26.5 - https:\/\/yoast.com\/wordpress\/plugins\/seo\/ -->\n<title>C\u00e2mara aprova em segundo turno PEC que adia elei\u00e7\u00f5es municipais para novembro - Not&iacute;cias em Destaque<\/title>\n<meta name=\"robots\" content=\"index, follow, max-snippet:-1, max-image-preview:large, max-video-preview:-1\" \/>\n<link rel=\"canonical\" href=\"https:\/\/noticiasemdestaque.com\/cd\/?p=25638\" \/>\n<meta property=\"og:locale\" content=\"pt_BR\" \/>\n<meta property=\"og:type\" content=\"article\" \/>\n<meta property=\"og:title\" content=\"C\u00e2mara aprova em segundo turno PEC que adia elei\u00e7\u00f5es municipais para novembro - Not&iacute;cias em Destaque\" \/>\n<meta property=\"og:description\" content=\"A C\u00e2mara dos Deputados aprovou h\u00e1 pouco, em segundo turno, a Proposta de Emenda \u00e0 Constitui\u00e7\u00e3o (PEC) 18\/20, que adia as elei\u00e7\u00f5es municipais deste ano devido \u00e0 pandemia causada pelo novo coronav\u00edrus. O placar de vota\u00e7\u00e3o no segundo turno foi de 407 votos a 70. Pouco antes, no primeiro turno, foram 402 votos favor\u00e1veis e 90 contr\u00e1rios. Segundo o presidente da C\u00e2mara, Rodrigo Maia (DEM-RJ), o texto ser\u00e1 promulgado nesta quinta-feira (2), \u00e0s 10 horas, pelo Congresso Nacional. Oriunda do Senado, a PEC determina que os dois turnos eleitorais, inicialmente previstos para os dias 4 e 25 de outubro, ser\u00e3o realizados nos dias 15 e 29 de novembro. Por meio de uma emenda de reda\u00e7\u00e3o, deputados definiram que caber\u00e1 ao Congresso decidir sobre o adiamento das elei\u00e7\u00f5es por um per\u00edodo ainda maior nas cidades com muitos casos da doen\u00e7a. \u201cA altera\u00e7\u00e3o do calend\u00e1rio eleitoral \u00e9 medida necess\u00e1ria no atual contexto da emerg\u00eancia de sa\u00fade p\u00fablica\u201d, defendeu o relator, deputado Jhonatan de Jesus (Republicanos-RR). \u201cOs novos prazos e datas s\u00e3o adequados e prestigiam os princ\u00edpios democr\u00e1tico e republicano, ao garantir a manuten\u00e7\u00e3o das elei\u00e7\u00f5es sem altera\u00e7\u00e3o nos mandatos\u201d, continuou. Calend\u00e1rio eleitoral Al\u00e9m de adiar as elei\u00e7\u00f5es, a PEC, de autoria do senador Randolfe Rodrigues (Rede-AP), estabelece novas datas para outras etapas do processo eleitoral de 2020, como registro de candidaturas e in\u00edcio da propaganda eleitoral gratuita (veja quadro). Apenas a data da posse dos eleitos permanece a mesma, em 1\u00ba de janeiro de 2021. Fonte: Ag\u00eancia C\u00e2mara de Not\u00edcias\" \/>\n<meta property=\"og:url\" content=\"https:\/\/noticiasemdestaque.com\/cd\/?p=25638\" \/>\n<meta property=\"og:site_name\" content=\"Not&iacute;cias em Destaque\" \/>\n<meta property=\"article:published_time\" content=\"2020-07-01T23:29:45+00:00\" \/>\n<meta property=\"og:image\" content=\"https:\/\/noticiasemdestaque.com\/cd\/wp-content\/uploads\/2020\/07\/img20200701194343819-768x512.jpg\" \/>\n\t<meta property=\"og:image:width\" content=\"768\" \/>\n\t<meta property=\"og:image:height\" content=\"512\" \/>\n\t<meta property=\"og:image:type\" content=\"image\/jpeg\" \/>\n<meta name=\"author\" content=\"Not\u00edcias em Destaque\" \/>\n<meta name=\"twitter:card\" content=\"summary_large_image\" \/>\n<meta name=\"twitter:label1\" content=\"Escrito por\" \/>\n\t<meta name=\"twitter:data1\" content=\"Not\u00edcias em Destaque\" \/>\n\t<meta name=\"twitter:label2\" content=\"Est. tempo de leitura\" \/>\n\t<meta name=\"twitter:data2\" content=\"1 minuto\" \/>\n<script type=\"application\/ld+json\" class=\"yoast-schema-graph\">{\"@context\":\"https:\/\/schema.org\",\"@graph\":[{\"@type\":\"Article\",\"@id\":\"https:\/\/noticiasemdestaque.com\/cd\/?p=25638#article\",\"isPartOf\":{\"@id\":\"https:\/\/noticiasemdestaque.com\/cd\/?p=25638\"},\"author\":{\"name\":\"Not\u00edcias em Destaque\",\"@id\":\"https:\/\/noticiasemdestaque.com\/cd\/#\/schema\/person\/21320b03a7e8bb90128938dafc9b908a\"},\"headline\":\"C\u00e2mara aprova em segundo turno PEC que adia elei\u00e7\u00f5es municipais para novembro\",\"datePublished\":\"2020-07-01T23:29:45+00:00\",\"mainEntityOfPage\":{\"@id\":\"https:\/\/noticiasemdestaque.com\/cd\/?p=25638\"},\"wordCount\":277,\"publisher\":{\"@id\":\"https:\/\/noticiasemdestaque.com\/cd\/#organization\"},\"image\":{\"@id\":\"https:\/\/noticiasemdestaque.com\/cd\/?p=25638#primaryimage\"},\"thumbnailUrl\":\"https:\/\/noticiasemdestaque.com\/cd\/wp-content\/uploads\/2020\/07\/img20200701194343819-768x512.jpg\",\"articleSection\":[\"Pol\u00edtica\"],\"inLanguage\":\"pt-BR\"},{\"@type\":\"WebPage\",\"@id\":\"https:\/\/noticiasemdestaque.com\/cd\/?p=25638\",\"url\":\"https:\/\/noticiasemdestaque.com\/cd\/?p=25638\",\"name\":\"C\u00e2mara aprova em segundo turno PEC que adia elei\u00e7\u00f5es municipais para novembro - Not&iacute;cias em Destaque\",\"isPartOf\":{\"@id\":\"https:\/\/noticiasemdestaque.com\/cd\/#website\"},\"primaryImageOfPage\":{\"@id\":\"https:\/\/noticiasemdestaque.com\/cd\/?p=25638#primaryimage\"},\"image\":{\"@id\":\"https:\/\/noticiasemdestaque.com\/cd\/?p=25638#primaryimage\"},\"thumbnailUrl\":\"https:\/\/noticiasemdestaque.com\/cd\/wp-content\/uploads\/2020\/07\/img20200701194343819-768x512.jpg\",\"datePublished\":\"2020-07-01T23:29:45+00:00\",\"breadcrumb\":{\"@id\":\"https:\/\/noticiasemdestaque.com\/cd\/?p=25638#breadcrumb\"},\"inLanguage\":\"pt-BR\",\"potentialAction\":[{\"@type\":\"ReadAction\",\"target\":[\"https:\/\/noticiasemdestaque.com\/cd\/?p=25638\"]}]},{\"@type\":\"ImageObject\",\"inLanguage\":\"pt-BR\",\"@id\":\"https:\/\/noticiasemdestaque.com\/cd\/?p=25638#primaryimage\",\"url\":\"https:\/\/noticiasemdestaque.com\/cd\/wp-content\/uploads\/2020\/07\/img20200701194343819-768x512.jpg\",\"contentUrl\":\"https:\/\/noticiasemdestaque.com\/cd\/wp-content\/uploads\/2020\/07\/img20200701194343819-768x512.jpg\",\"width\":768,\"height\":512},{\"@type\":\"BreadcrumbList\",\"@id\":\"https:\/\/noticiasemdestaque.com\/cd\/?p=25638#breadcrumb\",\"itemListElement\":[{\"@type\":\"ListItem\",\"position\":1,\"name\":\"In\u00edcio\",\"item\":\"https:\/\/noticiasemdestaque.com\/cd\/\"},{\"@type\":\"ListItem\",\"position\":2,\"name\":\"C\u00e2mara aprova em segundo turno PEC que adia elei\u00e7\u00f5es municipais para novembro\"}]},{\"@type\":\"WebSite\",\"@id\":\"https:\/\/noticiasemdestaque.com\/cd\/#website\",\"url\":\"https:\/\/noticiasemdestaque.com\/cd\/\",\"name\":\"Not&iacute;cias em Destaque\",\"description\":\"\",\"publisher\":{\"@id\":\"https:\/\/noticiasemdestaque.com\/cd\/#organization\"},\"potentialAction\":[{\"@type\":\"SearchAction\",\"target\":{\"@type\":\"EntryPoint\",\"urlTemplate\":\"https:\/\/noticiasemdestaque.com\/cd\/?s={search_term_string}\"},\"query-input\":{\"@type\":\"PropertyValueSpecification\",\"valueRequired\":true,\"valueName\":\"search_term_string\"}}],\"inLanguage\":\"pt-BR\"},{\"@type\":\"Organization\",\"@id\":\"https:\/\/noticiasemdestaque.com\/cd\/#organization\",\"name\":\"Not\u00edcias em Destaque\",\"url\":\"https:\/\/noticiasemdestaque.com\/cd\/\",\"logo\":{\"@type\":\"ImageObject\",\"inLanguage\":\"pt-BR\",\"@id\":\"https:\/\/noticiasemdestaque.com\/cd\/#\/schema\/logo\/image\/\",\"url\":\"https:\/\/noticiasemdestaque.com\/cd\/wp-content\/uploads\/2022\/05\/imagem-base-noticiasemdestaque.png\",\"contentUrl\":\"https:\/\/noticiasemdestaque.com\/cd\/wp-content\/uploads\/2022\/05\/imagem-base-noticiasemdestaque.png\",\"width\":1200,\"height\":630,\"caption\":\"Not\u00edcias em Destaque\"},\"image\":{\"@id\":\"https:\/\/noticiasemdestaque.com\/cd\/#\/schema\/logo\/image\/\"}},{\"@type\":\"Person\",\"@id\":\"https:\/\/noticiasemdestaque.com\/cd\/#\/schema\/person\/21320b03a7e8bb90128938dafc9b908a\",\"name\":\"Not\u00edcias em Destaque\",\"url\":\"https:\/\/noticiasemdestaque.com\/cd\/?author=2\"}]}<\/script>\n<!-- \/ Yoast SEO plugin. -->","yoast_head_json":{"title":"C\u00e2mara aprova em segundo turno PEC que adia elei\u00e7\u00f5es municipais para novembro - Not&iacute;cias em Destaque","robots":{"index":"index","follow":"follow","max-snippet":"max-snippet:-1","max-image-preview":"max-image-preview:large","max-video-preview":"max-video-preview:-1"},"canonical":"https:\/\/noticiasemdestaque.com\/cd\/?p=25638","og_locale":"pt_BR","og_type":"article","og_title":"C\u00e2mara aprova em segundo turno PEC que adia elei\u00e7\u00f5es municipais para novembro - Not&iacute;cias em Destaque","og_description":"A C\u00e2mara dos Deputados aprovou h\u00e1 pouco, em segundo turno, a Proposta de Emenda \u00e0 Constitui\u00e7\u00e3o (PEC) 18\/20, que adia as elei\u00e7\u00f5es municipais deste ano devido \u00e0 pandemia causada pelo novo coronav\u00edrus. O placar de vota\u00e7\u00e3o no segundo turno foi de 407 votos a 70. Pouco antes, no primeiro turno, foram 402 votos favor\u00e1veis e 90 contr\u00e1rios. Segundo o presidente da C\u00e2mara, Rodrigo Maia (DEM-RJ), o texto ser\u00e1 promulgado nesta quinta-feira (2), \u00e0s 10 horas, pelo Congresso Nacional. Oriunda do Senado, a PEC determina que os dois turnos eleitorais, inicialmente previstos para os dias 4 e 25 de outubro, ser\u00e3o realizados nos dias 15 e 29 de novembro. Por meio de uma emenda de reda\u00e7\u00e3o, deputados definiram que caber\u00e1 ao Congresso decidir sobre o adiamento das elei\u00e7\u00f5es por um per\u00edodo ainda maior nas cidades com muitos casos da doen\u00e7a. \u201cA altera\u00e7\u00e3o do calend\u00e1rio eleitoral \u00e9 medida necess\u00e1ria no atual contexto da emerg\u00eancia de sa\u00fade p\u00fablica\u201d, defendeu o relator, deputado Jhonatan de Jesus (Republicanos-RR). \u201cOs novos prazos e datas s\u00e3o adequados e prestigiam os princ\u00edpios democr\u00e1tico e republicano, ao garantir a manuten\u00e7\u00e3o das elei\u00e7\u00f5es sem altera\u00e7\u00e3o nos mandatos\u201d, continuou. Calend\u00e1rio eleitoral Al\u00e9m de adiar as elei\u00e7\u00f5es, a PEC, de autoria do senador Randolfe Rodrigues (Rede-AP), estabelece novas datas para outras etapas do processo eleitoral de 2020, como registro de candidaturas e in\u00edcio da propaganda eleitoral gratuita (veja quadro). Apenas a data da posse dos eleitos permanece a mesma, em 1\u00ba de janeiro de 2021. Fonte: Ag\u00eancia C\u00e2mara de Not\u00edcias","og_url":"https:\/\/noticiasemdestaque.com\/cd\/?p=25638","og_site_name":"Not&iacute;cias em Destaque","article_published_time":"2020-07-01T23:29:45+00:00","og_image":[{"width":768,"height":512,"url":"https:\/\/noticiasemdestaque.com\/cd\/wp-content\/uploads\/2020\/07\/img20200701194343819-768x512.jpg","type":"image\/jpeg"}],"author":"Not\u00edcias em Destaque","twitter_card":"summary_large_image","twitter_misc":{"Escrito por":"Not\u00edcias em Destaque","Est. tempo de leitura":"1 minuto"},"schema":{"@context":"https:\/\/schema.org","@graph":[{"@type":"Article","@id":"https:\/\/noticiasemdestaque.com\/cd\/?p=25638#article","isPartOf":{"@id":"https:\/\/noticiasemdestaque.com\/cd\/?p=25638"},"author":{"name":"Not\u00edcias em Destaque","@id":"https:\/\/noticiasemdestaque.com\/cd\/#\/schema\/person\/21320b03a7e8bb90128938dafc9b908a"},"headline":"C\u00e2mara aprova em segundo turno PEC que adia elei\u00e7\u00f5es municipais para novembro","datePublished":"2020-07-01T23:29:45+00:00","mainEntityOfPage":{"@id":"https:\/\/noticiasemdestaque.com\/cd\/?p=25638"},"wordCount":277,"publisher":{"@id":"https:\/\/noticiasemdestaque.com\/cd\/#organization"},"image":{"@id":"https:\/\/noticiasemdestaque.com\/cd\/?p=25638#primaryimage"},"thumbnailUrl":"https:\/\/noticiasemdestaque.com\/cd\/wp-content\/uploads\/2020\/07\/img20200701194343819-768x512.jpg","articleSection":["Pol\u00edtica"],"inLanguage":"pt-BR"},{"@type":"WebPage","@id":"https:\/\/noticiasemdestaque.com\/cd\/?p=25638","url":"https:\/\/noticiasemdestaque.com\/cd\/?p=25638","name":"C\u00e2mara aprova em segundo turno PEC que adia elei\u00e7\u00f5es municipais para novembro - Not&iacute;cias em Destaque","isPartOf":{"@id":"https:\/\/noticiasemdestaque.com\/cd\/#website"},"primaryImageOfPage":{"@id":"https:\/\/noticiasemdestaque.com\/cd\/?p=25638#primaryimage"},"image":{"@id":"https:\/\/noticiasemdestaque.com\/cd\/?p=25638#primaryimage"},"thumbnailUrl":"https:\/\/noticiasemdestaque.com\/cd\/wp-content\/uploads\/2020\/07\/img20200701194343819-768x512.jpg","datePublished":"2020-07-01T23:29:45+00:00","breadcrumb":{"@id":"https:\/\/noticiasemdestaque.com\/cd\/?p=25638#breadcrumb"},"inLanguage":"pt-BR","potentialAction":[{"@type":"ReadAction","target":["https:\/\/noticiasemdestaque.com\/cd\/?p=25638"]}]},{"@type":"ImageObject","inLanguage":"pt-BR","@id":"https:\/\/noticiasemdestaque.com\/cd\/?p=25638#primaryimage","url":"https:\/\/noticiasemdestaque.com\/cd\/wp-content\/uploads\/2020\/07\/img20200701194343819-768x512.jpg","contentUrl":"https:\/\/noticiasemdestaque.com\/cd\/wp-content\/uploads\/2020\/07\/img20200701194343819-768x512.jpg","width":768,"height":512},{"@type":"BreadcrumbList","@id":"https:\/\/noticiasemdestaque.com\/cd\/?p=25638#breadcrumb","itemListElement":[{"@type":"ListItem","position":1,"name":"In\u00edcio","item":"https:\/\/noticiasemdestaque.com\/cd\/"},{"@type":"ListItem","position":2,"name":"C\u00e2mara aprova em segundo turno PEC que adia elei\u00e7\u00f5es municipais para novembro"}]},{"@type":"WebSite","@id":"https:\/\/noticiasemdestaque.com\/cd\/#website","url":"https:\/\/noticiasemdestaque.com\/cd\/","name":"Not&iacute;cias em Destaque","description":"","publisher":{"@id":"https:\/\/noticiasemdestaque.com\/cd\/#organization"},"potentialAction":[{"@type":"SearchAction","target":{"@type":"EntryPoint","urlTemplate":"https:\/\/noticiasemdestaque.com\/cd\/?s={search_term_string}"},"query-input":{"@type":"PropertyValueSpecification","valueRequired":true,"valueName":"search_term_string"}}],"inLanguage":"pt-BR"},{"@type":"Organization","@id":"https:\/\/noticiasemdestaque.com\/cd\/#organization","name":"Not\u00edcias em Destaque","url":"https:\/\/noticiasemdestaque.com\/cd\/","logo":{"@type":"ImageObject","inLanguage":"pt-BR","@id":"https:\/\/noticiasemdestaque.com\/cd\/#\/schema\/logo\/image\/","url":"https:\/\/noticiasemdestaque.com\/cd\/wp-content\/uploads\/2022\/05\/imagem-base-noticiasemdestaque.png","contentUrl":"https:\/\/noticiasemdestaque.com\/cd\/wp-content\/uploads\/2022\/05\/imagem-base-noticiasemdestaque.png","width":1200,"height":630,"caption":"Not\u00edcias em Destaque"},"image":{"@id":"https:\/\/noticiasemdestaque.com\/cd\/#\/schema\/logo\/image\/"}},{"@type":"Person","@id":"https:\/\/noticiasemdestaque.com\/cd\/#\/schema\/person\/21320b03a7e8bb90128938dafc9b908a","name":"Not\u00edcias em Destaque","url":"https:\/\/noticiasemdestaque.com\/cd\/?author=2"}]}},"jetpack_featured_media_url":"https:\/\/noticiasemdestaque.com\/cd\/wp-content\/uploads\/2020\/07\/img20200701194343819-768x512.jpg","jetpack_sharing_enabled":true,"_links":{"self":[{"href":"https:\/\/noticiasemdestaque.com\/cd\/index.php?rest_route=\/wp\/v2\/posts\/25638","targetHints":{"allow":["GET"]}}],"collection":[{"href":"https:\/\/noticiasemdestaque.com\/cd\/index.php?rest_route=\/wp\/v2\/posts"}],"about":[{"href":"https:\/\/noticiasemdestaque.com\/cd\/index.php?rest_route=\/wp\/v2\/types\/post"}],"author":[{"embeddable":true,"href":"https:\/\/noticiasemdestaque.com\/cd\/index.php?rest_route=\/wp\/v2\/users\/2"}],"replies":[{"embeddable":true,"href":"https:\/\/noticiasemdestaque.com\/cd\/index.php?rest_route=%2Fwp%2Fv2%2Fcomments&post=25638"}],"version-history":[{"count":1,"href":"https:\/\/noticiasemdestaque.com\/cd\/index.php?rest_route=\/wp\/v2\/posts\/25638\/revisions"}],"predecessor-version":[{"id":25641,"href":"https:\/\/noticiasemdestaque.com\/cd\/index.php?rest_route=\/wp\/v2\/posts\/25638\/revisions\/25641"}],"wp:featuredmedia":[{"embeddable":true,"href":"https:\/\/noticiasemdestaque.com\/cd\/index.php?rest_route=\/wp\/v2\/media\/25639"}],"wp:attachment":[{"href":"https:\/\/noticiasemdestaque.com\/cd\/index.php?rest_route=%2Fwp%2Fv2%2Fmedia&parent=25638"}],"wp:term":[{"taxonomy":"category","embeddable":true,"href":"https:\/\/noticiasemdestaque.com\/cd\/index.php?rest_route=%2Fwp%2Fv2%2Fcategories&post=25638"},{"taxonomy":"post_tag","embeddable":true,"href":"https:\/\/noticiasemdestaque.com\/cd\/index.php?rest_route=%2Fwp%2Fv2%2Ftags&post=25638"}],"curies":[{"name":"wp","href":"https:\/\/api.w.org\/{rel}","templated":true}]}}