{"id":25633,"date":"2020-07-01T12:21:06","date_gmt":"2020-07-01T15:21:06","guid":{"rendered":"http:\/\/noticiasemdestaque.com\/cd\/?p=25633"},"modified":"2020-07-01T20:52:54","modified_gmt":"2020-07-01T23:52:54","slug":"prefeitura-de-sume-entrega-predio-para-instalacao-do-corpo-de-bombeiros-do-cariri","status":"publish","type":"post","link":"https:\/\/noticiasemdestaque.com\/cd\/?p=25633","title":{"rendered":"Prefeitura de Sum\u00e9 entrega pr\u00e9dio para instala\u00e7\u00e3o do Corpo de Bombeiros do Cariri"},"content":{"rendered":"<p><a href=\"https:\/\/noticiasemdestaque.com\/cd\/wp-content\/uploads\/2020\/07\/IMG_1239.jpg\"><img fetchpriority=\"high\" decoding=\"async\" class=\"wp-image-25635 alignleft\" src=\"https:\/\/noticiasemdestaque.com\/cd\/wp-content\/uploads\/2020\/07\/IMG_1239-1024x683.jpg\" alt=\"\" width=\"433\" height=\"289\" srcset=\"https:\/\/noticiasemdestaque.com\/cd\/wp-content\/uploads\/2020\/07\/IMG_1239-1024x683.jpg 1024w, https:\/\/noticiasemdestaque.com\/cd\/wp-content\/uploads\/2020\/07\/IMG_1239-300x200.jpg 300w, https:\/\/noticiasemdestaque.com\/cd\/wp-content\/uploads\/2020\/07\/IMG_1239-768x512.jpg 768w, https:\/\/noticiasemdestaque.com\/cd\/wp-content\/uploads\/2020\/07\/IMG_1239-480x320.jpg 480w\" sizes=\"(max-width: 433px) 100vw, 433px\" \/><\/a>Nessa ter\u00e7a-feira (30), o prefeito de Sum\u00e9, \u00c9den Duarte, fez a entrega oficial ao Comando do Corpo de Bombeiros, do pr\u00e9dio onde ir\u00e1 funcionar a sede da Corpora\u00e7\u00e3o no Cariri. Na ocasi\u00e3o, o tenente coronel \u2013 coordenador regional do Corpo de Bombeiros, Jean Ben\u00edcio, esteve presente para receber o im\u00f3vel.<\/p>\n<p>A Prefeitura de Sum\u00e9 fez a cess\u00e3o de uso do pr\u00e9dio para o Corpo de Bombeiros, assim como toda a reforma, amplia\u00e7\u00e3o e adequa\u00e7\u00e3o do local. O im\u00f3vel fica localizado no bairro do Carro Quebrado.<\/p>\n<p>A vinda da Unidade do Corpo de Bombeiros para Sum\u00e9 \u00e9 fruto de mais uma parceria firmada entre a Prefeitura e o Governo da Para\u00edba, gra\u00e7as a uma luta do prefeito \u00c9den Duarte junto ao governador Jo\u00e3o Azevedo e ao coronel Marcelo Augusto de Ara\u00fajo, solicita\u00e7\u00e3o realizada durante plen\u00e1ria do Or\u00e7amento Democr\u00e1tico do Governo do Estado da Para\u00edba em abril de 2019.<\/p>\n<p><a href=\"https:\/\/noticiasemdestaque.com\/cd\/wp-content\/uploads\/2020\/07\/IMG_1258.jpg\"><img decoding=\"async\" class=\"wp-image-25636 alignright\" src=\"https:\/\/noticiasemdestaque.com\/cd\/wp-content\/uploads\/2020\/07\/IMG_1258-1024x683.jpg\" alt=\"\" width=\"375\" height=\"250\" srcset=\"https:\/\/noticiasemdestaque.com\/cd\/wp-content\/uploads\/2020\/07\/IMG_1258-1024x683.jpg 1024w, https:\/\/noticiasemdestaque.com\/cd\/wp-content\/uploads\/2020\/07\/IMG_1258-300x200.jpg 300w, https:\/\/noticiasemdestaque.com\/cd\/wp-content\/uploads\/2020\/07\/IMG_1258-768x512.jpg 768w, https:\/\/noticiasemdestaque.com\/cd\/wp-content\/uploads\/2020\/07\/IMG_1258-480x320.jpg 480w\" sizes=\"(max-width: 375px) 100vw, 375px\" \/><\/a>O coronel Jean Ben\u00edcio destacou a estrutura da unidade entregue pela Prefeitura de Sum\u00e9. \u201cAproveito para agradecer ao prefeito \u00c9den Duarte pelo compromisso e sensibilidade que ele tem pelo povo de Sum\u00e9 e do Cariri, a Prefeitura foi muito eficiente na organiza\u00e7\u00e3o do espa\u00e7o\u201d afirmou.<\/p>\n<p>\u00c9den enfatizou que o Corpo de Bombeiros \u00e9 uma grande conquista para a regi\u00e3o. \u201cEsse sonho se torna realidade, viabilizamos a parte do pr\u00e9dio, da estrutura, tudo de acordo com o que foi solicitado pelo Comando\u201d, disse.<\/p>\n<p><a href=\"https:\/\/noticiasemdestaque.com\/cd\/wp-content\/uploads\/2020\/07\/IMG_1225.jpg\"><img decoding=\"async\" class=\"wp-image-25634 alignleft\" src=\"https:\/\/noticiasemdestaque.com\/cd\/wp-content\/uploads\/2020\/07\/IMG_1225-1024x683.jpg\" alt=\"\" width=\"342\" height=\"228\" srcset=\"https:\/\/noticiasemdestaque.com\/cd\/wp-content\/uploads\/2020\/07\/IMG_1225-1024x683.jpg 1024w, https:\/\/noticiasemdestaque.com\/cd\/wp-content\/uploads\/2020\/07\/IMG_1225-300x200.jpg 300w, https:\/\/noticiasemdestaque.com\/cd\/wp-content\/uploads\/2020\/07\/IMG_1225-768x512.jpg 768w, https:\/\/noticiasemdestaque.com\/cd\/wp-content\/uploads\/2020\/07\/IMG_1225-480x320.jpg 480w\" sizes=\"(max-width: 342px) 100vw, 342px\" \/><\/a>A Prefeitura de Sum\u00e9, em parceria com o Minist\u00e9rio Publico Federal, conseguiu a destina\u00e7\u00e3o de recursos, oriundos de multas judiciais, para a aquisi\u00e7\u00e3o dos equipamentos do pr\u00e9dio.<\/p>\n<p>A unidade do Cariri ir\u00e1 atender as cidades de: Sum\u00e9, Amparo, Camala\u00fa, S\u00e3o Jo\u00e3o do Tigre, Cara\u00fabas, Congo, Coxixola, Gurj\u00e3o, Ouro Velho, Parari, S\u00e3o Jo\u00e3o do Cariri, Zabel\u00ea, Monteiro, S\u00e3o Jos\u00e9 dos Cordeiros, Serra Branca, Prata e S\u00e3o Sebasti\u00e3o do Umbuzeiro.<\/p>\n<p>Com a entrega do pr\u00e9dio por parte da Prefeitura, caber\u00e1 ao Corpo de Bombeiros a compra dos equipamentos e a data para inaugura\u00e7\u00e3o ser\u00e1 marcada pelo Governo do Estado.<\/p>\n<p>Ascom\/PMS<\/p>\n","protected":false},"excerpt":{"rendered":"<p>Nessa ter\u00e7a-feira (30), o prefeito de Sum\u00e9, \u00c9den Duarte, fez a entrega oficial ao Comando do Corpo de Bombeiros, do pr\u00e9dio onde ir\u00e1 funcionar a sede da Corpora\u00e7\u00e3o no Cariri. Na ocasi\u00e3o, o tenente coronel \u2013 coordenador regional do Corpo de Bombeiros, Jean Ben\u00edcio, esteve presente para receber o im\u00f3vel. A Prefeitura de Sum\u00e9 fez a cess\u00e3o de uso do pr\u00e9dio para o Corpo de Bombeiros, assim como toda a reforma, amplia\u00e7\u00e3o e adequa\u00e7\u00e3o do local. O im\u00f3vel fica localizado no bairro do Carro Quebrado. A vinda da Unidade do Corpo de Bombeiros para Sum\u00e9 \u00e9 fruto de mais uma parceria firmada entre a Prefeitura e o Governo da Para\u00edba, gra\u00e7as a uma luta do prefeito \u00c9den Duarte junto ao governador Jo\u00e3o Azevedo e ao coronel Marcelo Augusto de Ara\u00fajo, solicita\u00e7\u00e3o realizada durante plen\u00e1ria do Or\u00e7amento Democr\u00e1tico do Governo do Estado da Para\u00edba em abril de 2019. O coronel Jean Ben\u00edcio destacou a estrutura da unidade entregue pela Prefeitura de Sum\u00e9. \u201cAproveito para agradecer ao prefeito \u00c9den Duarte pelo compromisso e sensibilidade que ele tem pelo povo de Sum\u00e9 e do Cariri, a Prefeitura foi muito eficiente na organiza\u00e7\u00e3o do espa\u00e7o\u201d afirmou. \u00c9den enfatizou que o Corpo de Bombeiros \u00e9 uma grande conquista para a regi\u00e3o. \u201cEsse sonho se torna realidade, viabilizamos a parte do pr\u00e9dio, da estrutura, tudo de acordo com o que foi solicitado pelo Comando\u201d, disse. A Prefeitura de Sum\u00e9, em parceria com o Minist\u00e9rio Publico Federal, conseguiu a destina\u00e7\u00e3o de recursos, oriundos de multas judiciais, para a aquisi\u00e7\u00e3o dos equipamentos do pr\u00e9dio. A unidade do Cariri ir\u00e1 atender as cidades de: Sum\u00e9, Amparo, Camala\u00fa, S\u00e3o Jo\u00e3o do Tigre, Cara\u00fabas, Congo, Coxixola, Gurj\u00e3o, Ouro Velho, Parari, S\u00e3o Jo\u00e3o do Cariri, Zabel\u00ea, Monteiro, S\u00e3o Jos\u00e9 dos Cordeiros, Serra Branca, Prata e S\u00e3o Sebasti\u00e3o do Umbuzeiro. Com a entrega do pr\u00e9dio por parte da Prefeitura, caber\u00e1 ao Corpo de Bombeiros a compra dos equipamentos e a data para inaugura\u00e7\u00e3o ser\u00e1 marcada pelo Governo do Estado. Ascom\/PMS<\/p>\n","protected":false},"author":2,"featured_media":25635,"comment_status":"closed","ping_status":"open","sticky":false,"template":"","format":"standard","meta":{"_eb_attr":"","_jetpack_memberships_contains_paid_content":false,"footnotes":""},"categories":[4],"tags":[],"class_list":["post-25633","post","type-post","status-publish","format-standard","has-post-thumbnail","hentry","category-politica"],"yoast_head":"<!-- This site is optimized with the Yoast SEO plugin v26.5 - https:\/\/yoast.com\/wordpress\/plugins\/seo\/ -->\n<title>Prefeitura de Sum\u00e9 entrega pr\u00e9dio para instala\u00e7\u00e3o do Corpo de Bombeiros do Cariri - Not&iacute;cias em Destaque<\/title>\n<meta name=\"robots\" content=\"index, follow, max-snippet:-1, max-image-preview:large, max-video-preview:-1\" \/>\n<link rel=\"canonical\" href=\"https:\/\/noticiasemdestaque.com\/cd\/?p=25633\" \/>\n<meta property=\"og:locale\" content=\"pt_BR\" \/>\n<meta property=\"og:type\" content=\"article\" \/>\n<meta property=\"og:title\" content=\"Prefeitura de Sum\u00e9 entrega pr\u00e9dio para instala\u00e7\u00e3o do Corpo de Bombeiros do Cariri - Not&iacute;cias em Destaque\" \/>\n<meta property=\"og:description\" content=\"Nessa ter\u00e7a-feira (30), o prefeito de Sum\u00e9, \u00c9den Duarte, fez a entrega oficial ao Comando do Corpo de Bombeiros, do pr\u00e9dio onde ir\u00e1 funcionar a sede da Corpora\u00e7\u00e3o no Cariri. Na ocasi\u00e3o, o tenente coronel \u2013 coordenador regional do Corpo de Bombeiros, Jean Ben\u00edcio, esteve presente para receber o im\u00f3vel. A Prefeitura de Sum\u00e9 fez a cess\u00e3o de uso do pr\u00e9dio para o Corpo de Bombeiros, assim como toda a reforma, amplia\u00e7\u00e3o e adequa\u00e7\u00e3o do local. O im\u00f3vel fica localizado no bairro do Carro Quebrado. A vinda da Unidade do Corpo de Bombeiros para Sum\u00e9 \u00e9 fruto de mais uma parceria firmada entre a Prefeitura e o Governo da Para\u00edba, gra\u00e7as a uma luta do prefeito \u00c9den Duarte junto ao governador Jo\u00e3o Azevedo e ao coronel Marcelo Augusto de Ara\u00fajo, solicita\u00e7\u00e3o realizada durante plen\u00e1ria do Or\u00e7amento Democr\u00e1tico do Governo do Estado da Para\u00edba em abril de 2019. O coronel Jean Ben\u00edcio destacou a estrutura da unidade entregue pela Prefeitura de Sum\u00e9. \u201cAproveito para agradecer ao prefeito \u00c9den Duarte pelo compromisso e sensibilidade que ele tem pelo povo de Sum\u00e9 e do Cariri, a Prefeitura foi muito eficiente na organiza\u00e7\u00e3o do espa\u00e7o\u201d afirmou. \u00c9den enfatizou que o Corpo de Bombeiros \u00e9 uma grande conquista para a regi\u00e3o. \u201cEsse sonho se torna realidade, viabilizamos a parte do pr\u00e9dio, da estrutura, tudo de acordo com o que foi solicitado pelo Comando\u201d, disse. A Prefeitura de Sum\u00e9, em parceria com o Minist\u00e9rio Publico Federal, conseguiu a destina\u00e7\u00e3o de recursos, oriundos de multas judiciais, para a aquisi\u00e7\u00e3o dos equipamentos do pr\u00e9dio. A unidade do Cariri ir\u00e1 atender as cidades de: Sum\u00e9, Amparo, Camala\u00fa, S\u00e3o Jo\u00e3o do Tigre, Cara\u00fabas, Congo, Coxixola, Gurj\u00e3o, Ouro Velho, Parari, S\u00e3o Jo\u00e3o do Cariri, Zabel\u00ea, Monteiro, S\u00e3o Jos\u00e9 dos Cordeiros, Serra Branca, Prata e S\u00e3o Sebasti\u00e3o do Umbuzeiro. Com a entrega do pr\u00e9dio por parte da Prefeitura, caber\u00e1 ao Corpo de Bombeiros a compra dos equipamentos e a data para inaugura\u00e7\u00e3o ser\u00e1 marcada pelo Governo do Estado. Ascom\/PMS\" \/>\n<meta property=\"og:url\" content=\"https:\/\/noticiasemdestaque.com\/cd\/?p=25633\" \/>\n<meta property=\"og:site_name\" content=\"Not&iacute;cias em Destaque\" \/>\n<meta property=\"article:published_time\" content=\"2020-07-01T15:21:06+00:00\" \/>\n<meta property=\"article:modified_time\" content=\"2020-07-01T23:52:54+00:00\" \/>\n<meta property=\"og:image\" content=\"https:\/\/noticiasemdestaque.com\/cd\/wp-content\/uploads\/2020\/07\/IMG_1239-1024x683.jpg\" \/>\n\t<meta property=\"og:image:width\" content=\"1024\" \/>\n\t<meta property=\"og:image:height\" content=\"683\" \/>\n\t<meta property=\"og:image:type\" content=\"image\/jpeg\" \/>\n<meta name=\"author\" content=\"Not\u00edcias em Destaque\" \/>\n<meta name=\"twitter:card\" content=\"summary_large_image\" \/>\n<meta name=\"twitter:label1\" content=\"Escrito por\" \/>\n\t<meta name=\"twitter:data1\" content=\"Not\u00edcias em Destaque\" \/>\n\t<meta name=\"twitter:label2\" content=\"Est. tempo de leitura\" \/>\n\t<meta name=\"twitter:data2\" content=\"2 minutos\" \/>\n<script type=\"application\/ld+json\" class=\"yoast-schema-graph\">{\"@context\":\"https:\/\/schema.org\",\"@graph\":[{\"@type\":\"Article\",\"@id\":\"https:\/\/noticiasemdestaque.com\/cd\/?p=25633#article\",\"isPartOf\":{\"@id\":\"https:\/\/noticiasemdestaque.com\/cd\/?p=25633\"},\"author\":{\"name\":\"Not\u00edcias em Destaque\",\"@id\":\"https:\/\/noticiasemdestaque.com\/cd\/#\/schema\/person\/21320b03a7e8bb90128938dafc9b908a\"},\"headline\":\"Prefeitura de Sum\u00e9 entrega pr\u00e9dio para instala\u00e7\u00e3o do Corpo de Bombeiros do Cariri\",\"datePublished\":\"2020-07-01T15:21:06+00:00\",\"dateModified\":\"2020-07-01T23:52:54+00:00\",\"mainEntityOfPage\":{\"@id\":\"https:\/\/noticiasemdestaque.com\/cd\/?p=25633\"},\"wordCount\":378,\"publisher\":{\"@id\":\"https:\/\/noticiasemdestaque.com\/cd\/#organization\"},\"image\":{\"@id\":\"https:\/\/noticiasemdestaque.com\/cd\/?p=25633#primaryimage\"},\"thumbnailUrl\":\"https:\/\/noticiasemdestaque.com\/cd\/wp-content\/uploads\/2020\/07\/IMG_1239.jpg\",\"articleSection\":[\"Pol\u00edtica\"],\"inLanguage\":\"pt-BR\"},{\"@type\":\"WebPage\",\"@id\":\"https:\/\/noticiasemdestaque.com\/cd\/?p=25633\",\"url\":\"https:\/\/noticiasemdestaque.com\/cd\/?p=25633\",\"name\":\"Prefeitura de Sum\u00e9 entrega pr\u00e9dio para instala\u00e7\u00e3o do Corpo de Bombeiros do Cariri - Not&iacute;cias em Destaque\",\"isPartOf\":{\"@id\":\"https:\/\/noticiasemdestaque.com\/cd\/#website\"},\"primaryImageOfPage\":{\"@id\":\"https:\/\/noticiasemdestaque.com\/cd\/?p=25633#primaryimage\"},\"image\":{\"@id\":\"https:\/\/noticiasemdestaque.com\/cd\/?p=25633#primaryimage\"},\"thumbnailUrl\":\"https:\/\/noticiasemdestaque.com\/cd\/wp-content\/uploads\/2020\/07\/IMG_1239.jpg\",\"datePublished\":\"2020-07-01T15:21:06+00:00\",\"dateModified\":\"2020-07-01T23:52:54+00:00\",\"breadcrumb\":{\"@id\":\"https:\/\/noticiasemdestaque.com\/cd\/?p=25633#breadcrumb\"},\"inLanguage\":\"pt-BR\",\"potentialAction\":[{\"@type\":\"ReadAction\",\"target\":[\"https:\/\/noticiasemdestaque.com\/cd\/?p=25633\"]}]},{\"@type\":\"ImageObject\",\"inLanguage\":\"pt-BR\",\"@id\":\"https:\/\/noticiasemdestaque.com\/cd\/?p=25633#primaryimage\",\"url\":\"https:\/\/noticiasemdestaque.com\/cd\/wp-content\/uploads\/2020\/07\/IMG_1239.jpg\",\"contentUrl\":\"https:\/\/noticiasemdestaque.com\/cd\/wp-content\/uploads\/2020\/07\/IMG_1239.jpg\",\"width\":5184,\"height\":3456},{\"@type\":\"BreadcrumbList\",\"@id\":\"https:\/\/noticiasemdestaque.com\/cd\/?p=25633#breadcrumb\",\"itemListElement\":[{\"@type\":\"ListItem\",\"position\":1,\"name\":\"In\u00edcio\",\"item\":\"https:\/\/noticiasemdestaque.com\/cd\/\"},{\"@type\":\"ListItem\",\"position\":2,\"name\":\"Prefeitura de Sum\u00e9 entrega pr\u00e9dio para instala\u00e7\u00e3o do Corpo de Bombeiros do Cariri\"}]},{\"@type\":\"WebSite\",\"@id\":\"https:\/\/noticiasemdestaque.com\/cd\/#website\",\"url\":\"https:\/\/noticiasemdestaque.com\/cd\/\",\"name\":\"Not&iacute;cias em Destaque\",\"description\":\"\",\"publisher\":{\"@id\":\"https:\/\/noticiasemdestaque.com\/cd\/#organization\"},\"potentialAction\":[{\"@type\":\"SearchAction\",\"target\":{\"@type\":\"EntryPoint\",\"urlTemplate\":\"https:\/\/noticiasemdestaque.com\/cd\/?s={search_term_string}\"},\"query-input\":{\"@type\":\"PropertyValueSpecification\",\"valueRequired\":true,\"valueName\":\"search_term_string\"}}],\"inLanguage\":\"pt-BR\"},{\"@type\":\"Organization\",\"@id\":\"https:\/\/noticiasemdestaque.com\/cd\/#organization\",\"name\":\"Not\u00edcias em Destaque\",\"url\":\"https:\/\/noticiasemdestaque.com\/cd\/\",\"logo\":{\"@type\":\"ImageObject\",\"inLanguage\":\"pt-BR\",\"@id\":\"https:\/\/noticiasemdestaque.com\/cd\/#\/schema\/logo\/image\/\",\"url\":\"https:\/\/noticiasemdestaque.com\/cd\/wp-content\/uploads\/2022\/05\/imagem-base-noticiasemdestaque.png\",\"contentUrl\":\"https:\/\/noticiasemdestaque.com\/cd\/wp-content\/uploads\/2022\/05\/imagem-base-noticiasemdestaque.png\",\"width\":1200,\"height\":630,\"caption\":\"Not\u00edcias em Destaque\"},\"image\":{\"@id\":\"https:\/\/noticiasemdestaque.com\/cd\/#\/schema\/logo\/image\/\"}},{\"@type\":\"Person\",\"@id\":\"https:\/\/noticiasemdestaque.com\/cd\/#\/schema\/person\/21320b03a7e8bb90128938dafc9b908a\",\"name\":\"Not\u00edcias em Destaque\",\"url\":\"https:\/\/noticiasemdestaque.com\/cd\/?author=2\"}]}<\/script>\n<!-- \/ Yoast SEO plugin. -->","yoast_head_json":{"title":"Prefeitura de Sum\u00e9 entrega pr\u00e9dio para instala\u00e7\u00e3o do Corpo de Bombeiros do Cariri - Not&iacute;cias em Destaque","robots":{"index":"index","follow":"follow","max-snippet":"max-snippet:-1","max-image-preview":"max-image-preview:large","max-video-preview":"max-video-preview:-1"},"canonical":"https:\/\/noticiasemdestaque.com\/cd\/?p=25633","og_locale":"pt_BR","og_type":"article","og_title":"Prefeitura de Sum\u00e9 entrega pr\u00e9dio para instala\u00e7\u00e3o do Corpo de Bombeiros do Cariri - Not&iacute;cias em Destaque","og_description":"Nessa ter\u00e7a-feira (30), o prefeito de Sum\u00e9, \u00c9den Duarte, fez a entrega oficial ao Comando do Corpo de Bombeiros, do pr\u00e9dio onde ir\u00e1 funcionar a sede da Corpora\u00e7\u00e3o no Cariri. Na ocasi\u00e3o, o tenente coronel \u2013 coordenador regional do Corpo de Bombeiros, Jean Ben\u00edcio, esteve presente para receber o im\u00f3vel. A Prefeitura de Sum\u00e9 fez a cess\u00e3o de uso do pr\u00e9dio para o Corpo de Bombeiros, assim como toda a reforma, amplia\u00e7\u00e3o e adequa\u00e7\u00e3o do local. O im\u00f3vel fica localizado no bairro do Carro Quebrado. A vinda da Unidade do Corpo de Bombeiros para Sum\u00e9 \u00e9 fruto de mais uma parceria firmada entre a Prefeitura e o Governo da Para\u00edba, gra\u00e7as a uma luta do prefeito \u00c9den Duarte junto ao governador Jo\u00e3o Azevedo e ao coronel Marcelo Augusto de Ara\u00fajo, solicita\u00e7\u00e3o realizada durante plen\u00e1ria do Or\u00e7amento Democr\u00e1tico do Governo do Estado da Para\u00edba em abril de 2019. O coronel Jean Ben\u00edcio destacou a estrutura da unidade entregue pela Prefeitura de Sum\u00e9. \u201cAproveito para agradecer ao prefeito \u00c9den Duarte pelo compromisso e sensibilidade que ele tem pelo povo de Sum\u00e9 e do Cariri, a Prefeitura foi muito eficiente na organiza\u00e7\u00e3o do espa\u00e7o\u201d afirmou. \u00c9den enfatizou que o Corpo de Bombeiros \u00e9 uma grande conquista para a regi\u00e3o. \u201cEsse sonho se torna realidade, viabilizamos a parte do pr\u00e9dio, da estrutura, tudo de acordo com o que foi solicitado pelo Comando\u201d, disse. A Prefeitura de Sum\u00e9, em parceria com o Minist\u00e9rio Publico Federal, conseguiu a destina\u00e7\u00e3o de recursos, oriundos de multas judiciais, para a aquisi\u00e7\u00e3o dos equipamentos do pr\u00e9dio. A unidade do Cariri ir\u00e1 atender as cidades de: Sum\u00e9, Amparo, Camala\u00fa, S\u00e3o Jo\u00e3o do Tigre, Cara\u00fabas, Congo, Coxixola, Gurj\u00e3o, Ouro Velho, Parari, S\u00e3o Jo\u00e3o do Cariri, Zabel\u00ea, Monteiro, S\u00e3o Jos\u00e9 dos Cordeiros, Serra Branca, Prata e S\u00e3o Sebasti\u00e3o do Umbuzeiro. Com a entrega do pr\u00e9dio por parte da Prefeitura, caber\u00e1 ao Corpo de Bombeiros a compra dos equipamentos e a data para inaugura\u00e7\u00e3o ser\u00e1 marcada pelo Governo do Estado. Ascom\/PMS","og_url":"https:\/\/noticiasemdestaque.com\/cd\/?p=25633","og_site_name":"Not&iacute;cias em Destaque","article_published_time":"2020-07-01T15:21:06+00:00","article_modified_time":"2020-07-01T23:52:54+00:00","og_image":[{"width":1024,"height":683,"url":"https:\/\/noticiasemdestaque.com\/cd\/wp-content\/uploads\/2020\/07\/IMG_1239-1024x683.jpg","type":"image\/jpeg"}],"author":"Not\u00edcias em Destaque","twitter_card":"summary_large_image","twitter_misc":{"Escrito por":"Not\u00edcias em Destaque","Est. tempo de leitura":"2 minutos"},"schema":{"@context":"https:\/\/schema.org","@graph":[{"@type":"Article","@id":"https:\/\/noticiasemdestaque.com\/cd\/?p=25633#article","isPartOf":{"@id":"https:\/\/noticiasemdestaque.com\/cd\/?p=25633"},"author":{"name":"Not\u00edcias em Destaque","@id":"https:\/\/noticiasemdestaque.com\/cd\/#\/schema\/person\/21320b03a7e8bb90128938dafc9b908a"},"headline":"Prefeitura de Sum\u00e9 entrega pr\u00e9dio para instala\u00e7\u00e3o do Corpo de Bombeiros do Cariri","datePublished":"2020-07-01T15:21:06+00:00","dateModified":"2020-07-01T23:52:54+00:00","mainEntityOfPage":{"@id":"https:\/\/noticiasemdestaque.com\/cd\/?p=25633"},"wordCount":378,"publisher":{"@id":"https:\/\/noticiasemdestaque.com\/cd\/#organization"},"image":{"@id":"https:\/\/noticiasemdestaque.com\/cd\/?p=25633#primaryimage"},"thumbnailUrl":"https:\/\/noticiasemdestaque.com\/cd\/wp-content\/uploads\/2020\/07\/IMG_1239.jpg","articleSection":["Pol\u00edtica"],"inLanguage":"pt-BR"},{"@type":"WebPage","@id":"https:\/\/noticiasemdestaque.com\/cd\/?p=25633","url":"https:\/\/noticiasemdestaque.com\/cd\/?p=25633","name":"Prefeitura de Sum\u00e9 entrega pr\u00e9dio para instala\u00e7\u00e3o do Corpo de Bombeiros do Cariri - Not&iacute;cias em Destaque","isPartOf":{"@id":"https:\/\/noticiasemdestaque.com\/cd\/#website"},"primaryImageOfPage":{"@id":"https:\/\/noticiasemdestaque.com\/cd\/?p=25633#primaryimage"},"image":{"@id":"https:\/\/noticiasemdestaque.com\/cd\/?p=25633#primaryimage"},"thumbnailUrl":"https:\/\/noticiasemdestaque.com\/cd\/wp-content\/uploads\/2020\/07\/IMG_1239.jpg","datePublished":"2020-07-01T15:21:06+00:00","dateModified":"2020-07-01T23:52:54+00:00","breadcrumb":{"@id":"https:\/\/noticiasemdestaque.com\/cd\/?p=25633#breadcrumb"},"inLanguage":"pt-BR","potentialAction":[{"@type":"ReadAction","target":["https:\/\/noticiasemdestaque.com\/cd\/?p=25633"]}]},{"@type":"ImageObject","inLanguage":"pt-BR","@id":"https:\/\/noticiasemdestaque.com\/cd\/?p=25633#primaryimage","url":"https:\/\/noticiasemdestaque.com\/cd\/wp-content\/uploads\/2020\/07\/IMG_1239.jpg","contentUrl":"https:\/\/noticiasemdestaque.com\/cd\/wp-content\/uploads\/2020\/07\/IMG_1239.jpg","width":5184,"height":3456},{"@type":"BreadcrumbList","@id":"https:\/\/noticiasemdestaque.com\/cd\/?p=25633#breadcrumb","itemListElement":[{"@type":"ListItem","position":1,"name":"In\u00edcio","item":"https:\/\/noticiasemdestaque.com\/cd\/"},{"@type":"ListItem","position":2,"name":"Prefeitura de Sum\u00e9 entrega pr\u00e9dio para instala\u00e7\u00e3o do Corpo de Bombeiros do Cariri"}]},{"@type":"WebSite","@id":"https:\/\/noticiasemdestaque.com\/cd\/#website","url":"https:\/\/noticiasemdestaque.com\/cd\/","name":"Not&iacute;cias em Destaque","description":"","publisher":{"@id":"https:\/\/noticiasemdestaque.com\/cd\/#organization"},"potentialAction":[{"@type":"SearchAction","target":{"@type":"EntryPoint","urlTemplate":"https:\/\/noticiasemdestaque.com\/cd\/?s={search_term_string}"},"query-input":{"@type":"PropertyValueSpecification","valueRequired":true,"valueName":"search_term_string"}}],"inLanguage":"pt-BR"},{"@type":"Organization","@id":"https:\/\/noticiasemdestaque.com\/cd\/#organization","name":"Not\u00edcias em Destaque","url":"https:\/\/noticiasemdestaque.com\/cd\/","logo":{"@type":"ImageObject","inLanguage":"pt-BR","@id":"https:\/\/noticiasemdestaque.com\/cd\/#\/schema\/logo\/image\/","url":"https:\/\/noticiasemdestaque.com\/cd\/wp-content\/uploads\/2022\/05\/imagem-base-noticiasemdestaque.png","contentUrl":"https:\/\/noticiasemdestaque.com\/cd\/wp-content\/uploads\/2022\/05\/imagem-base-noticiasemdestaque.png","width":1200,"height":630,"caption":"Not\u00edcias em Destaque"},"image":{"@id":"https:\/\/noticiasemdestaque.com\/cd\/#\/schema\/logo\/image\/"}},{"@type":"Person","@id":"https:\/\/noticiasemdestaque.com\/cd\/#\/schema\/person\/21320b03a7e8bb90128938dafc9b908a","name":"Not\u00edcias em Destaque","url":"https:\/\/noticiasemdestaque.com\/cd\/?author=2"}]}},"jetpack_featured_media_url":"https:\/\/noticiasemdestaque.com\/cd\/wp-content\/uploads\/2020\/07\/IMG_1239.jpg","jetpack_sharing_enabled":true,"_links":{"self":[{"href":"https:\/\/noticiasemdestaque.com\/cd\/index.php?rest_route=\/wp\/v2\/posts\/25633","targetHints":{"allow":["GET"]}}],"collection":[{"href":"https:\/\/noticiasemdestaque.com\/cd\/index.php?rest_route=\/wp\/v2\/posts"}],"about":[{"href":"https:\/\/noticiasemdestaque.com\/cd\/index.php?rest_route=\/wp\/v2\/types\/post"}],"author":[{"embeddable":true,"href":"https:\/\/noticiasemdestaque.com\/cd\/index.php?rest_route=\/wp\/v2\/users\/2"}],"replies":[{"embeddable":true,"href":"https:\/\/noticiasemdestaque.com\/cd\/index.php?rest_route=%2Fwp%2Fv2%2Fcomments&post=25633"}],"version-history":[{"count":2,"href":"https:\/\/noticiasemdestaque.com\/cd\/index.php?rest_route=\/wp\/v2\/posts\/25633\/revisions"}],"predecessor-version":[{"id":25645,"href":"https:\/\/noticiasemdestaque.com\/cd\/index.php?rest_route=\/wp\/v2\/posts\/25633\/revisions\/25645"}],"wp:featuredmedia":[{"embeddable":true,"href":"https:\/\/noticiasemdestaque.com\/cd\/index.php?rest_route=\/wp\/v2\/media\/25635"}],"wp:attachment":[{"href":"https:\/\/noticiasemdestaque.com\/cd\/index.php?rest_route=%2Fwp%2Fv2%2Fmedia&parent=25633"}],"wp:term":[{"taxonomy":"category","embeddable":true,"href":"https:\/\/noticiasemdestaque.com\/cd\/index.php?rest_route=%2Fwp%2Fv2%2Fcategories&post=25633"},{"taxonomy":"post_tag","embeddable":true,"href":"https:\/\/noticiasemdestaque.com\/cd\/index.php?rest_route=%2Fwp%2Fv2%2Ftags&post=25633"}],"curies":[{"name":"wp","href":"https:\/\/api.w.org\/{rel}","templated":true}]}}