{"id":25611,"date":"2020-07-01T07:04:24","date_gmt":"2020-07-01T10:04:24","guid":{"rendered":"http:\/\/noticiasemdestaque.com\/cd\/?p=25611"},"modified":"2020-07-01T07:04:32","modified_gmt":"2020-07-01T10:04:32","slug":"procon-cariri-orienta-servidores-com-relacao-a-suspensao-de-cobranca-de-consignado","status":"publish","type":"post","link":"https:\/\/noticiasemdestaque.com\/cd\/?p=25611","title":{"rendered":"Procon Cariri orienta servidores com rela\u00e7\u00e3o a suspens\u00e3o de cobran\u00e7a de consignado"},"content":{"rendered":"<p><a href=\"https:\/\/noticiasemdestaque.com\/cd\/wp-content\/uploads\/2020\/07\/telefone-de-atendimento-procon-paraiba.jpg\"><img fetchpriority=\"high\" decoding=\"async\" class=\"wp-image-25612 aligncenter\" src=\"https:\/\/noticiasemdestaque.com\/cd\/wp-content\/uploads\/2020\/07\/telefone-de-atendimento-procon-paraiba.jpg\" alt=\"\" width=\"531\" height=\"298\" srcset=\"https:\/\/noticiasemdestaque.com\/cd\/wp-content\/uploads\/2020\/07\/telefone-de-atendimento-procon-paraiba.jpg 600w, https:\/\/noticiasemdestaque.com\/cd\/wp-content\/uploads\/2020\/07\/telefone-de-atendimento-procon-paraiba-300x169.jpg 300w\" sizes=\"(max-width: 531px) 100vw, 531px\" \/><\/a><\/p>\n<p style=\"font-weight: 400;\">J\u00e1 est\u00e1 valendo a lei estadual n\u00ba 11.699, que determina a suspens\u00e3o da cobran\u00e7a dos empr\u00e9stimos consignados por 120 dias.<\/p>\n<p style=\"font-weight: 400;\">Por conta da normal, de acordo com a Coordenadora Procon Cariri, Jordana Barbosa muitas pessoas tem procurado o \u00f3rg\u00e3o para tirar algumas d\u00favidas: \u201cVenho esclarecer sobre a suspens\u00e3o dos descontos dos empr\u00e9stimos consignados dos funcion\u00e1rios p\u00fablicos do Governo do Estado da Para\u00edba e das prefeituras, muitos consumidores tem nos procurados para tirar dividas, essas suspens\u00f5es s\u00e3o apenas para os funcion\u00e1rios que possuam empr\u00e9stimos consignados.\u201d<\/p>\n<p style=\"font-weight: 400;\">A coordenadora do Procon Cariri, informou que a suspens\u00e3o n\u00e3o abrange quem tem empr\u00e9stimo pessoal: Essa suspens\u00e3o n\u00e3o beneficia os consumidores que possuem empr\u00e9stimos pessoais, ou seja, os empr\u00e9stimos que n\u00e3o s\u00e3o descontados no contra cheque\u201d.<\/p>\n<p style=\"font-weight: 400;\">Para aquelas pessoas que n\u00e3o est\u00e3o conseguindo honrar com empr\u00e9stimo Jordana deu seguinte a dica: \u201cNesse per\u00edodo de pandemia se algum consumidor est\u00e1 passando por um momento de dificuldade, deve procurar os gerentes dos referidos bancos para que possam negociar seu debito, ou procurar o Procon atrav\u00e9s do nosso Whatsapp 3353-2730 para tirar qualquer d\u00favida.\u201d<\/p>\n<p style=\"font-weight: 400;\">Focando Para\u00edba<\/p>\n","protected":false},"excerpt":{"rendered":"<p>J\u00e1 est\u00e1 valendo a lei estadual n\u00ba 11.699, que determina a suspens\u00e3o da cobran\u00e7a dos empr\u00e9stimos consignados por 120 dias. Por conta da normal, de acordo com a Coordenadora Procon Cariri, Jordana Barbosa muitas pessoas tem procurado o \u00f3rg\u00e3o para tirar algumas d\u00favidas: \u201cVenho esclarecer sobre a suspens\u00e3o dos descontos dos empr\u00e9stimos consignados dos funcion\u00e1rios p\u00fablicos do Governo do Estado da Para\u00edba e das prefeituras, muitos consumidores tem nos procurados para tirar dividas, essas suspens\u00f5es s\u00e3o apenas para os funcion\u00e1rios que possuam empr\u00e9stimos consignados.\u201d A coordenadora do Procon Cariri, informou que a suspens\u00e3o n\u00e3o abrange quem tem empr\u00e9stimo pessoal: Essa suspens\u00e3o n\u00e3o beneficia os consumidores que possuem empr\u00e9stimos pessoais, ou seja, os empr\u00e9stimos que n\u00e3o s\u00e3o descontados no contra cheque\u201d. Para aquelas pessoas que n\u00e3o est\u00e3o conseguindo honrar com empr\u00e9stimo Jordana deu seguinte a dica: \u201cNesse per\u00edodo de pandemia se algum consumidor est\u00e1 passando por um momento de dificuldade, deve procurar os gerentes dos referidos bancos para que possam negociar seu debito, ou procurar o Procon atrav\u00e9s do nosso Whatsapp 3353-2730 para tirar qualquer d\u00favida.\u201d Focando Para\u00edba<\/p>\n","protected":false},"author":2,"featured_media":25612,"comment_status":"closed","ping_status":"open","sticky":false,"template":"","format":"standard","meta":{"_eb_attr":"","_jetpack_memberships_contains_paid_content":false,"footnotes":""},"categories":[4],"tags":[],"class_list":["post-25611","post","type-post","status-publish","format-standard","has-post-thumbnail","hentry","category-politica"],"yoast_head":"<!-- This site is optimized with the Yoast SEO plugin v26.5 - https:\/\/yoast.com\/wordpress\/plugins\/seo\/ -->\n<title>Procon Cariri orienta servidores com rela\u00e7\u00e3o a suspens\u00e3o de cobran\u00e7a de consignado - Not&iacute;cias em Destaque<\/title>\n<meta name=\"robots\" content=\"index, follow, max-snippet:-1, max-image-preview:large, max-video-preview:-1\" \/>\n<link rel=\"canonical\" href=\"https:\/\/noticiasemdestaque.com\/cd\/?p=25611\" \/>\n<meta property=\"og:locale\" content=\"pt_BR\" \/>\n<meta property=\"og:type\" content=\"article\" \/>\n<meta property=\"og:title\" content=\"Procon Cariri orienta servidores com rela\u00e7\u00e3o a suspens\u00e3o de cobran\u00e7a de consignado - Not&iacute;cias em Destaque\" \/>\n<meta property=\"og:description\" content=\"J\u00e1 est\u00e1 valendo a lei estadual n\u00ba 11.699, que determina a suspens\u00e3o da cobran\u00e7a dos empr\u00e9stimos consignados por 120 dias. Por conta da normal, de acordo com a Coordenadora Procon Cariri, Jordana Barbosa muitas pessoas tem procurado o \u00f3rg\u00e3o para tirar algumas d\u00favidas: \u201cVenho esclarecer sobre a suspens\u00e3o dos descontos dos empr\u00e9stimos consignados dos funcion\u00e1rios p\u00fablicos do Governo do Estado da Para\u00edba e das prefeituras, muitos consumidores tem nos procurados para tirar dividas, essas suspens\u00f5es s\u00e3o apenas para os funcion\u00e1rios que possuam empr\u00e9stimos consignados.\u201d A coordenadora do Procon Cariri, informou que a suspens\u00e3o n\u00e3o abrange quem tem empr\u00e9stimo pessoal: Essa suspens\u00e3o n\u00e3o beneficia os consumidores que possuem empr\u00e9stimos pessoais, ou seja, os empr\u00e9stimos que n\u00e3o s\u00e3o descontados no contra cheque\u201d. Para aquelas pessoas que n\u00e3o est\u00e3o conseguindo honrar com empr\u00e9stimo Jordana deu seguinte a dica: \u201cNesse per\u00edodo de pandemia se algum consumidor est\u00e1 passando por um momento de dificuldade, deve procurar os gerentes dos referidos bancos para que possam negociar seu debito, ou procurar o Procon atrav\u00e9s do nosso Whatsapp 3353-2730 para tirar qualquer d\u00favida.\u201d Focando Para\u00edba\" \/>\n<meta property=\"og:url\" content=\"https:\/\/noticiasemdestaque.com\/cd\/?p=25611\" \/>\n<meta property=\"og:site_name\" content=\"Not&iacute;cias em Destaque\" \/>\n<meta property=\"article:published_time\" content=\"2020-07-01T10:04:24+00:00\" \/>\n<meta property=\"article:modified_time\" content=\"2020-07-01T10:04:32+00:00\" \/>\n<meta property=\"og:image\" content=\"https:\/\/noticiasemdestaque.com\/cd\/wp-content\/uploads\/2020\/07\/telefone-de-atendimento-procon-paraiba.jpg\" \/>\n\t<meta property=\"og:image:width\" content=\"600\" \/>\n\t<meta property=\"og:image:height\" content=\"337\" \/>\n\t<meta property=\"og:image:type\" content=\"image\/jpeg\" \/>\n<meta name=\"author\" content=\"Not\u00edcias em Destaque\" \/>\n<meta name=\"twitter:card\" content=\"summary_large_image\" \/>\n<meta name=\"twitter:label1\" content=\"Escrito por\" \/>\n\t<meta name=\"twitter:data1\" content=\"Not\u00edcias em Destaque\" \/>\n\t<meta name=\"twitter:label2\" content=\"Est. tempo de leitura\" \/>\n\t<meta name=\"twitter:data2\" content=\"1 minuto\" \/>\n<script type=\"application\/ld+json\" class=\"yoast-schema-graph\">{\"@context\":\"https:\/\/schema.org\",\"@graph\":[{\"@type\":\"Article\",\"@id\":\"https:\/\/noticiasemdestaque.com\/cd\/?p=25611#article\",\"isPartOf\":{\"@id\":\"https:\/\/noticiasemdestaque.com\/cd\/?p=25611\"},\"author\":{\"name\":\"Not\u00edcias em Destaque\",\"@id\":\"https:\/\/noticiasemdestaque.com\/cd\/#\/schema\/person\/21320b03a7e8bb90128938dafc9b908a\"},\"headline\":\"Procon Cariri orienta servidores com rela\u00e7\u00e3o a suspens\u00e3o de cobran\u00e7a de consignado\",\"datePublished\":\"2020-07-01T10:04:24+00:00\",\"dateModified\":\"2020-07-01T10:04:32+00:00\",\"mainEntityOfPage\":{\"@id\":\"https:\/\/noticiasemdestaque.com\/cd\/?p=25611\"},\"wordCount\":220,\"publisher\":{\"@id\":\"https:\/\/noticiasemdestaque.com\/cd\/#organization\"},\"image\":{\"@id\":\"https:\/\/noticiasemdestaque.com\/cd\/?p=25611#primaryimage\"},\"thumbnailUrl\":\"https:\/\/noticiasemdestaque.com\/cd\/wp-content\/uploads\/2020\/07\/telefone-de-atendimento-procon-paraiba.jpg\",\"articleSection\":[\"Pol\u00edtica\"],\"inLanguage\":\"pt-BR\"},{\"@type\":\"WebPage\",\"@id\":\"https:\/\/noticiasemdestaque.com\/cd\/?p=25611\",\"url\":\"https:\/\/noticiasemdestaque.com\/cd\/?p=25611\",\"name\":\"Procon Cariri orienta servidores com rela\u00e7\u00e3o a suspens\u00e3o de cobran\u00e7a de consignado - Not&iacute;cias em Destaque\",\"isPartOf\":{\"@id\":\"https:\/\/noticiasemdestaque.com\/cd\/#website\"},\"primaryImageOfPage\":{\"@id\":\"https:\/\/noticiasemdestaque.com\/cd\/?p=25611#primaryimage\"},\"image\":{\"@id\":\"https:\/\/noticiasemdestaque.com\/cd\/?p=25611#primaryimage\"},\"thumbnailUrl\":\"https:\/\/noticiasemdestaque.com\/cd\/wp-content\/uploads\/2020\/07\/telefone-de-atendimento-procon-paraiba.jpg\",\"datePublished\":\"2020-07-01T10:04:24+00:00\",\"dateModified\":\"2020-07-01T10:04:32+00:00\",\"breadcrumb\":{\"@id\":\"https:\/\/noticiasemdestaque.com\/cd\/?p=25611#breadcrumb\"},\"inLanguage\":\"pt-BR\",\"potentialAction\":[{\"@type\":\"ReadAction\",\"target\":[\"https:\/\/noticiasemdestaque.com\/cd\/?p=25611\"]}]},{\"@type\":\"ImageObject\",\"inLanguage\":\"pt-BR\",\"@id\":\"https:\/\/noticiasemdestaque.com\/cd\/?p=25611#primaryimage\",\"url\":\"https:\/\/noticiasemdestaque.com\/cd\/wp-content\/uploads\/2020\/07\/telefone-de-atendimento-procon-paraiba.jpg\",\"contentUrl\":\"https:\/\/noticiasemdestaque.com\/cd\/wp-content\/uploads\/2020\/07\/telefone-de-atendimento-procon-paraiba.jpg\",\"width\":600,\"height\":337},{\"@type\":\"BreadcrumbList\",\"@id\":\"https:\/\/noticiasemdestaque.com\/cd\/?p=25611#breadcrumb\",\"itemListElement\":[{\"@type\":\"ListItem\",\"position\":1,\"name\":\"In\u00edcio\",\"item\":\"https:\/\/noticiasemdestaque.com\/cd\/\"},{\"@type\":\"ListItem\",\"position\":2,\"name\":\"Procon Cariri orienta servidores com rela\u00e7\u00e3o a suspens\u00e3o de cobran\u00e7a de consignado\"}]},{\"@type\":\"WebSite\",\"@id\":\"https:\/\/noticiasemdestaque.com\/cd\/#website\",\"url\":\"https:\/\/noticiasemdestaque.com\/cd\/\",\"name\":\"Not&iacute;cias em Destaque\",\"description\":\"\",\"publisher\":{\"@id\":\"https:\/\/noticiasemdestaque.com\/cd\/#organization\"},\"potentialAction\":[{\"@type\":\"SearchAction\",\"target\":{\"@type\":\"EntryPoint\",\"urlTemplate\":\"https:\/\/noticiasemdestaque.com\/cd\/?s={search_term_string}\"},\"query-input\":{\"@type\":\"PropertyValueSpecification\",\"valueRequired\":true,\"valueName\":\"search_term_string\"}}],\"inLanguage\":\"pt-BR\"},{\"@type\":\"Organization\",\"@id\":\"https:\/\/noticiasemdestaque.com\/cd\/#organization\",\"name\":\"Not\u00edcias em Destaque\",\"url\":\"https:\/\/noticiasemdestaque.com\/cd\/\",\"logo\":{\"@type\":\"ImageObject\",\"inLanguage\":\"pt-BR\",\"@id\":\"https:\/\/noticiasemdestaque.com\/cd\/#\/schema\/logo\/image\/\",\"url\":\"https:\/\/noticiasemdestaque.com\/cd\/wp-content\/uploads\/2022\/05\/imagem-base-noticiasemdestaque.png\",\"contentUrl\":\"https:\/\/noticiasemdestaque.com\/cd\/wp-content\/uploads\/2022\/05\/imagem-base-noticiasemdestaque.png\",\"width\":1200,\"height\":630,\"caption\":\"Not\u00edcias em Destaque\"},\"image\":{\"@id\":\"https:\/\/noticiasemdestaque.com\/cd\/#\/schema\/logo\/image\/\"}},{\"@type\":\"Person\",\"@id\":\"https:\/\/noticiasemdestaque.com\/cd\/#\/schema\/person\/21320b03a7e8bb90128938dafc9b908a\",\"name\":\"Not\u00edcias em Destaque\",\"url\":\"https:\/\/noticiasemdestaque.com\/cd\/?author=2\"}]}<\/script>\n<!-- \/ Yoast SEO plugin. -->","yoast_head_json":{"title":"Procon Cariri orienta servidores com rela\u00e7\u00e3o a suspens\u00e3o de cobran\u00e7a de consignado - Not&iacute;cias em Destaque","robots":{"index":"index","follow":"follow","max-snippet":"max-snippet:-1","max-image-preview":"max-image-preview:large","max-video-preview":"max-video-preview:-1"},"canonical":"https:\/\/noticiasemdestaque.com\/cd\/?p=25611","og_locale":"pt_BR","og_type":"article","og_title":"Procon Cariri orienta servidores com rela\u00e7\u00e3o a suspens\u00e3o de cobran\u00e7a de consignado - Not&iacute;cias em Destaque","og_description":"J\u00e1 est\u00e1 valendo a lei estadual n\u00ba 11.699, que determina a suspens\u00e3o da cobran\u00e7a dos empr\u00e9stimos consignados por 120 dias. Por conta da normal, de acordo com a Coordenadora Procon Cariri, Jordana Barbosa muitas pessoas tem procurado o \u00f3rg\u00e3o para tirar algumas d\u00favidas: \u201cVenho esclarecer sobre a suspens\u00e3o dos descontos dos empr\u00e9stimos consignados dos funcion\u00e1rios p\u00fablicos do Governo do Estado da Para\u00edba e das prefeituras, muitos consumidores tem nos procurados para tirar dividas, essas suspens\u00f5es s\u00e3o apenas para os funcion\u00e1rios que possuam empr\u00e9stimos consignados.\u201d A coordenadora do Procon Cariri, informou que a suspens\u00e3o n\u00e3o abrange quem tem empr\u00e9stimo pessoal: Essa suspens\u00e3o n\u00e3o beneficia os consumidores que possuem empr\u00e9stimos pessoais, ou seja, os empr\u00e9stimos que n\u00e3o s\u00e3o descontados no contra cheque\u201d. Para aquelas pessoas que n\u00e3o est\u00e3o conseguindo honrar com empr\u00e9stimo Jordana deu seguinte a dica: \u201cNesse per\u00edodo de pandemia se algum consumidor est\u00e1 passando por um momento de dificuldade, deve procurar os gerentes dos referidos bancos para que possam negociar seu debito, ou procurar o Procon atrav\u00e9s do nosso Whatsapp 3353-2730 para tirar qualquer d\u00favida.\u201d Focando Para\u00edba","og_url":"https:\/\/noticiasemdestaque.com\/cd\/?p=25611","og_site_name":"Not&iacute;cias em Destaque","article_published_time":"2020-07-01T10:04:24+00:00","article_modified_time":"2020-07-01T10:04:32+00:00","og_image":[{"width":600,"height":337,"url":"https:\/\/noticiasemdestaque.com\/cd\/wp-content\/uploads\/2020\/07\/telefone-de-atendimento-procon-paraiba.jpg","type":"image\/jpeg"}],"author":"Not\u00edcias em Destaque","twitter_card":"summary_large_image","twitter_misc":{"Escrito por":"Not\u00edcias em Destaque","Est. tempo de leitura":"1 minuto"},"schema":{"@context":"https:\/\/schema.org","@graph":[{"@type":"Article","@id":"https:\/\/noticiasemdestaque.com\/cd\/?p=25611#article","isPartOf":{"@id":"https:\/\/noticiasemdestaque.com\/cd\/?p=25611"},"author":{"name":"Not\u00edcias em Destaque","@id":"https:\/\/noticiasemdestaque.com\/cd\/#\/schema\/person\/21320b03a7e8bb90128938dafc9b908a"},"headline":"Procon Cariri orienta servidores com rela\u00e7\u00e3o a suspens\u00e3o de cobran\u00e7a de consignado","datePublished":"2020-07-01T10:04:24+00:00","dateModified":"2020-07-01T10:04:32+00:00","mainEntityOfPage":{"@id":"https:\/\/noticiasemdestaque.com\/cd\/?p=25611"},"wordCount":220,"publisher":{"@id":"https:\/\/noticiasemdestaque.com\/cd\/#organization"},"image":{"@id":"https:\/\/noticiasemdestaque.com\/cd\/?p=25611#primaryimage"},"thumbnailUrl":"https:\/\/noticiasemdestaque.com\/cd\/wp-content\/uploads\/2020\/07\/telefone-de-atendimento-procon-paraiba.jpg","articleSection":["Pol\u00edtica"],"inLanguage":"pt-BR"},{"@type":"WebPage","@id":"https:\/\/noticiasemdestaque.com\/cd\/?p=25611","url":"https:\/\/noticiasemdestaque.com\/cd\/?p=25611","name":"Procon Cariri orienta servidores com rela\u00e7\u00e3o a suspens\u00e3o de cobran\u00e7a de consignado - Not&iacute;cias em Destaque","isPartOf":{"@id":"https:\/\/noticiasemdestaque.com\/cd\/#website"},"primaryImageOfPage":{"@id":"https:\/\/noticiasemdestaque.com\/cd\/?p=25611#primaryimage"},"image":{"@id":"https:\/\/noticiasemdestaque.com\/cd\/?p=25611#primaryimage"},"thumbnailUrl":"https:\/\/noticiasemdestaque.com\/cd\/wp-content\/uploads\/2020\/07\/telefone-de-atendimento-procon-paraiba.jpg","datePublished":"2020-07-01T10:04:24+00:00","dateModified":"2020-07-01T10:04:32+00:00","breadcrumb":{"@id":"https:\/\/noticiasemdestaque.com\/cd\/?p=25611#breadcrumb"},"inLanguage":"pt-BR","potentialAction":[{"@type":"ReadAction","target":["https:\/\/noticiasemdestaque.com\/cd\/?p=25611"]}]},{"@type":"ImageObject","inLanguage":"pt-BR","@id":"https:\/\/noticiasemdestaque.com\/cd\/?p=25611#primaryimage","url":"https:\/\/noticiasemdestaque.com\/cd\/wp-content\/uploads\/2020\/07\/telefone-de-atendimento-procon-paraiba.jpg","contentUrl":"https:\/\/noticiasemdestaque.com\/cd\/wp-content\/uploads\/2020\/07\/telefone-de-atendimento-procon-paraiba.jpg","width":600,"height":337},{"@type":"BreadcrumbList","@id":"https:\/\/noticiasemdestaque.com\/cd\/?p=25611#breadcrumb","itemListElement":[{"@type":"ListItem","position":1,"name":"In\u00edcio","item":"https:\/\/noticiasemdestaque.com\/cd\/"},{"@type":"ListItem","position":2,"name":"Procon Cariri orienta servidores com rela\u00e7\u00e3o a suspens\u00e3o de cobran\u00e7a de consignado"}]},{"@type":"WebSite","@id":"https:\/\/noticiasemdestaque.com\/cd\/#website","url":"https:\/\/noticiasemdestaque.com\/cd\/","name":"Not&iacute;cias em Destaque","description":"","publisher":{"@id":"https:\/\/noticiasemdestaque.com\/cd\/#organization"},"potentialAction":[{"@type":"SearchAction","target":{"@type":"EntryPoint","urlTemplate":"https:\/\/noticiasemdestaque.com\/cd\/?s={search_term_string}"},"query-input":{"@type":"PropertyValueSpecification","valueRequired":true,"valueName":"search_term_string"}}],"inLanguage":"pt-BR"},{"@type":"Organization","@id":"https:\/\/noticiasemdestaque.com\/cd\/#organization","name":"Not\u00edcias em Destaque","url":"https:\/\/noticiasemdestaque.com\/cd\/","logo":{"@type":"ImageObject","inLanguage":"pt-BR","@id":"https:\/\/noticiasemdestaque.com\/cd\/#\/schema\/logo\/image\/","url":"https:\/\/noticiasemdestaque.com\/cd\/wp-content\/uploads\/2022\/05\/imagem-base-noticiasemdestaque.png","contentUrl":"https:\/\/noticiasemdestaque.com\/cd\/wp-content\/uploads\/2022\/05\/imagem-base-noticiasemdestaque.png","width":1200,"height":630,"caption":"Not\u00edcias em Destaque"},"image":{"@id":"https:\/\/noticiasemdestaque.com\/cd\/#\/schema\/logo\/image\/"}},{"@type":"Person","@id":"https:\/\/noticiasemdestaque.com\/cd\/#\/schema\/person\/21320b03a7e8bb90128938dafc9b908a","name":"Not\u00edcias em Destaque","url":"https:\/\/noticiasemdestaque.com\/cd\/?author=2"}]}},"jetpack_featured_media_url":"https:\/\/noticiasemdestaque.com\/cd\/wp-content\/uploads\/2020\/07\/telefone-de-atendimento-procon-paraiba.jpg","jetpack_sharing_enabled":true,"_links":{"self":[{"href":"https:\/\/noticiasemdestaque.com\/cd\/index.php?rest_route=\/wp\/v2\/posts\/25611","targetHints":{"allow":["GET"]}}],"collection":[{"href":"https:\/\/noticiasemdestaque.com\/cd\/index.php?rest_route=\/wp\/v2\/posts"}],"about":[{"href":"https:\/\/noticiasemdestaque.com\/cd\/index.php?rest_route=\/wp\/v2\/types\/post"}],"author":[{"embeddable":true,"href":"https:\/\/noticiasemdestaque.com\/cd\/index.php?rest_route=\/wp\/v2\/users\/2"}],"replies":[{"embeddable":true,"href":"https:\/\/noticiasemdestaque.com\/cd\/index.php?rest_route=%2Fwp%2Fv2%2Fcomments&post=25611"}],"version-history":[{"count":1,"href":"https:\/\/noticiasemdestaque.com\/cd\/index.php?rest_route=\/wp\/v2\/posts\/25611\/revisions"}],"predecessor-version":[{"id":25613,"href":"https:\/\/noticiasemdestaque.com\/cd\/index.php?rest_route=\/wp\/v2\/posts\/25611\/revisions\/25613"}],"wp:featuredmedia":[{"embeddable":true,"href":"https:\/\/noticiasemdestaque.com\/cd\/index.php?rest_route=\/wp\/v2\/media\/25612"}],"wp:attachment":[{"href":"https:\/\/noticiasemdestaque.com\/cd\/index.php?rest_route=%2Fwp%2Fv2%2Fmedia&parent=25611"}],"wp:term":[{"taxonomy":"category","embeddable":true,"href":"https:\/\/noticiasemdestaque.com\/cd\/index.php?rest_route=%2Fwp%2Fv2%2Fcategories&post=25611"},{"taxonomy":"post_tag","embeddable":true,"href":"https:\/\/noticiasemdestaque.com\/cd\/index.php?rest_route=%2Fwp%2Fv2%2Ftags&post=25611"}],"curies":[{"name":"wp","href":"https:\/\/api.w.org\/{rel}","templated":true}]}}