{"id":25608,"date":"2020-07-01T20:29:40","date_gmt":"2020-07-01T23:29:40","guid":{"rendered":"http:\/\/noticiasemdestaque.com\/cd\/?p=25608"},"modified":"2020-07-01T08:08:35","modified_gmt":"2020-07-01T11:08:35","slug":"com-novos-casos-de-covid-19-serra-branca-contabiliza-50-registros","status":"publish","type":"post","link":"https:\/\/noticiasemdestaque.com\/cd\/?p=25608","title":{"rendered":"Com novos casos de Covid-19, Serra Branca contabiliza 50 registros"},"content":{"rendered":"<p><a href=\"https:\/\/noticiasemdestaque.com\/cd\/wp-content\/uploads\/2020\/06\/3c050aa5-3268-4d36-a865-1c97e584f560.jpg\"><img fetchpriority=\"high\" decoding=\"async\" class=\"size-full wp-image-25609 alignleft\" src=\"https:\/\/noticiasemdestaque.com\/cd\/wp-content\/uploads\/2020\/06\/3c050aa5-3268-4d36-a865-1c97e584f560.jpg\" alt=\"\" width=\"400\" height=\"391\" srcset=\"https:\/\/noticiasemdestaque.com\/cd\/wp-content\/uploads\/2020\/06\/3c050aa5-3268-4d36-a865-1c97e584f560.jpg 400w, https:\/\/noticiasemdestaque.com\/cd\/wp-content\/uploads\/2020\/06\/3c050aa5-3268-4d36-a865-1c97e584f560-300x293.jpg 300w\" sizes=\"(max-width: 400px) 100vw, 400px\" \/><\/a><\/p>\n<p style=\"font-weight: 400;\">A prefeitura municipal de Serra Branca confirmou na tarde de desta ter\u00e7a-feira(30\/06), mais quatro casos positivos de Covid-19. Segundo o boletim emitido pela secretaria de sa\u00fade, agora o munic\u00edpio j\u00e1 t\u00eam 50 casos.<\/p>\n<p style=\"font-weight: 400;\">Segundo o boletim, t\u00eam 470 notificados; em tratamento 34; recuperados\/curados 14; \u00f3bitos 02; suspeitos 15 e foram descartados 405.<\/p>\n<p style=\"font-weight: 400;\">Os casos confirmados por localidade \u00e9 o seguinte: Na Zona Urbana, Centro 12, Pereiros 07 e Pil\u00e3o 05. J\u00e1 na Zona Rural, S\u00edtio Angico 08, S\u00edtio Balan\u00e7o 06, S\u00edtio Caititu 01 e S\u00edtio Feij\u00e3o 06. Com rela\u00e7\u00e3o aos casos residentes em outros munic\u00edpios e estados, Campina Grande 01, Jo\u00e3o Pessoa 03 e Salvador(BA) 01.<\/p>\n<p style=\"font-weight: 400;\"><strong>Os casos de hoje<\/strong><\/p>\n<p style=\"font-weight: 400;\">1\u00ba Caso: Uma crian\u00e7a de 1 ano e 9 meses, do sexo masculino, que se encontra em isolamento domiciliar, assintom\u00e1tico (Zona Urbana), do Centro;<\/p>\n<p style=\"font-weight: 400;\">2\u00ba Caso: Uma paciente de 26 anos, que se encontra em isolamento domiciliar, assintom\u00e1tica (Zona Urbana), do Centro;<\/p>\n<p style=\"font-weight: 400;\">3\u00ba Caso: Uma paciente de 56 anos, que se encontra em isolamento domiciliar, assintom\u00e1tica (Zona Urbana), do Centro;<\/p>\n<p style=\"font-weight: 400;\">4\u00ba Caso: Um paciente de 40 anos, que se encontra em isolamento domiciliar, assintom\u00e1tica (Zona Urbana), do Centro;<\/p>\n<p style=\"font-weight: 400;\">Focando Para\u00edba<\/p>\n","protected":false},"excerpt":{"rendered":"<p>A prefeitura municipal de Serra Branca confirmou na tarde de desta ter\u00e7a-feira(30\/06), mais quatro casos positivos de Covid-19. Segundo o boletim emitido pela secretaria de sa\u00fade, agora o munic\u00edpio j\u00e1 t\u00eam 50 casos. Segundo o boletim, t\u00eam 470 notificados; em tratamento 34; recuperados\/curados 14; \u00f3bitos 02; suspeitos 15 e foram descartados 405. Os casos confirmados por localidade \u00e9 o seguinte: Na Zona Urbana, Centro 12, Pereiros 07 e Pil\u00e3o 05. J\u00e1 na Zona Rural, S\u00edtio Angico 08, S\u00edtio Balan\u00e7o 06, S\u00edtio Caititu 01 e S\u00edtio Feij\u00e3o 06. Com rela\u00e7\u00e3o aos casos residentes em outros munic\u00edpios e estados, Campina Grande 01, Jo\u00e3o Pessoa 03 e Salvador(BA) 01. Os casos de hoje 1\u00ba Caso: Uma crian\u00e7a de 1 ano e 9 meses, do sexo masculino, que se encontra em isolamento domiciliar, assintom\u00e1tico (Zona Urbana), do Centro; 2\u00ba Caso: Uma paciente de 26 anos, que se encontra em isolamento domiciliar, assintom\u00e1tica (Zona Urbana), do Centro; 3\u00ba Caso: Uma paciente de 56 anos, que se encontra em isolamento domiciliar, assintom\u00e1tica (Zona Urbana), do Centro; 4\u00ba Caso: Um paciente de 40 anos, que se encontra em isolamento domiciliar, assintom\u00e1tica (Zona Urbana), do Centro; Focando Para\u00edba<\/p>\n","protected":false},"author":2,"featured_media":25609,"comment_status":"closed","ping_status":"open","sticky":false,"template":"","format":"standard","meta":{"_eb_attr":"","_jetpack_memberships_contains_paid_content":false,"footnotes":""},"categories":[12],"tags":[],"class_list":["post-25608","post","type-post","status-publish","format-standard","has-post-thumbnail","hentry","category-geral"],"yoast_head":"<!-- This site is optimized with the Yoast SEO plugin v26.5 - https:\/\/yoast.com\/wordpress\/plugins\/seo\/ -->\n<title>Com novos casos de Covid-19, Serra Branca contabiliza 50 registros - Not&iacute;cias em Destaque<\/title>\n<meta name=\"robots\" content=\"index, follow, max-snippet:-1, max-image-preview:large, max-video-preview:-1\" \/>\n<link rel=\"canonical\" href=\"https:\/\/noticiasemdestaque.com\/cd\/?p=25608\" \/>\n<meta property=\"og:locale\" content=\"pt_BR\" \/>\n<meta property=\"og:type\" content=\"article\" \/>\n<meta property=\"og:title\" content=\"Com novos casos de Covid-19, Serra Branca contabiliza 50 registros - Not&iacute;cias em Destaque\" \/>\n<meta property=\"og:description\" content=\"A prefeitura municipal de Serra Branca confirmou na tarde de desta ter\u00e7a-feira(30\/06), mais quatro casos positivos de Covid-19. Segundo o boletim emitido pela secretaria de sa\u00fade, agora o munic\u00edpio j\u00e1 t\u00eam 50 casos. Segundo o boletim, t\u00eam 470 notificados; em tratamento 34; recuperados\/curados 14; \u00f3bitos 02; suspeitos 15 e foram descartados 405. Os casos confirmados por localidade \u00e9 o seguinte: Na Zona Urbana, Centro 12, Pereiros 07 e Pil\u00e3o 05. J\u00e1 na Zona Rural, S\u00edtio Angico 08, S\u00edtio Balan\u00e7o 06, S\u00edtio Caititu 01 e S\u00edtio Feij\u00e3o 06. Com rela\u00e7\u00e3o aos casos residentes em outros munic\u00edpios e estados, Campina Grande 01, Jo\u00e3o Pessoa 03 e Salvador(BA) 01. Os casos de hoje 1\u00ba Caso: Uma crian\u00e7a de 1 ano e 9 meses, do sexo masculino, que se encontra em isolamento domiciliar, assintom\u00e1tico (Zona Urbana), do Centro; 2\u00ba Caso: Uma paciente de 26 anos, que se encontra em isolamento domiciliar, assintom\u00e1tica (Zona Urbana), do Centro; 3\u00ba Caso: Uma paciente de 56 anos, que se encontra em isolamento domiciliar, assintom\u00e1tica (Zona Urbana), do Centro; 4\u00ba Caso: Um paciente de 40 anos, que se encontra em isolamento domiciliar, assintom\u00e1tica (Zona Urbana), do Centro; Focando Para\u00edba\" \/>\n<meta property=\"og:url\" content=\"https:\/\/noticiasemdestaque.com\/cd\/?p=25608\" \/>\n<meta property=\"og:site_name\" content=\"Not&iacute;cias em Destaque\" \/>\n<meta property=\"article:published_time\" content=\"2020-07-01T23:29:40+00:00\" \/>\n<meta property=\"og:image\" content=\"https:\/\/noticiasemdestaque.com\/cd\/wp-content\/uploads\/2020\/06\/3c050aa5-3268-4d36-a865-1c97e584f560.jpg\" \/>\n\t<meta property=\"og:image:width\" content=\"400\" \/>\n\t<meta property=\"og:image:height\" content=\"391\" \/>\n\t<meta property=\"og:image:type\" content=\"image\/jpeg\" \/>\n<meta name=\"author\" content=\"Not\u00edcias em Destaque\" \/>\n<meta name=\"twitter:card\" content=\"summary_large_image\" \/>\n<meta name=\"twitter:label1\" content=\"Escrito por\" \/>\n\t<meta name=\"twitter:data1\" content=\"Not\u00edcias em Destaque\" \/>\n\t<meta name=\"twitter:label2\" content=\"Est. tempo de leitura\" \/>\n\t<meta name=\"twitter:data2\" content=\"1 minuto\" \/>\n<script type=\"application\/ld+json\" class=\"yoast-schema-graph\">{\"@context\":\"https:\/\/schema.org\",\"@graph\":[{\"@type\":\"Article\",\"@id\":\"https:\/\/noticiasemdestaque.com\/cd\/?p=25608#article\",\"isPartOf\":{\"@id\":\"https:\/\/noticiasemdestaque.com\/cd\/?p=25608\"},\"author\":{\"name\":\"Not\u00edcias em Destaque\",\"@id\":\"https:\/\/noticiasemdestaque.com\/cd\/#\/schema\/person\/21320b03a7e8bb90128938dafc9b908a\"},\"headline\":\"Com novos casos de Covid-19, Serra Branca contabiliza 50 registros\",\"datePublished\":\"2020-07-01T23:29:40+00:00\",\"mainEntityOfPage\":{\"@id\":\"https:\/\/noticiasemdestaque.com\/cd\/?p=25608\"},\"wordCount\":195,\"publisher\":{\"@id\":\"https:\/\/noticiasemdestaque.com\/cd\/#organization\"},\"image\":{\"@id\":\"https:\/\/noticiasemdestaque.com\/cd\/?p=25608#primaryimage\"},\"thumbnailUrl\":\"https:\/\/noticiasemdestaque.com\/cd\/wp-content\/uploads\/2020\/06\/3c050aa5-3268-4d36-a865-1c97e584f560.jpg\",\"articleSection\":[\"Geral\"],\"inLanguage\":\"pt-BR\"},{\"@type\":\"WebPage\",\"@id\":\"https:\/\/noticiasemdestaque.com\/cd\/?p=25608\",\"url\":\"https:\/\/noticiasemdestaque.com\/cd\/?p=25608\",\"name\":\"Com novos casos de Covid-19, Serra Branca contabiliza 50 registros - Not&iacute;cias em Destaque\",\"isPartOf\":{\"@id\":\"https:\/\/noticiasemdestaque.com\/cd\/#website\"},\"primaryImageOfPage\":{\"@id\":\"https:\/\/noticiasemdestaque.com\/cd\/?p=25608#primaryimage\"},\"image\":{\"@id\":\"https:\/\/noticiasemdestaque.com\/cd\/?p=25608#primaryimage\"},\"thumbnailUrl\":\"https:\/\/noticiasemdestaque.com\/cd\/wp-content\/uploads\/2020\/06\/3c050aa5-3268-4d36-a865-1c97e584f560.jpg\",\"datePublished\":\"2020-07-01T23:29:40+00:00\",\"breadcrumb\":{\"@id\":\"https:\/\/noticiasemdestaque.com\/cd\/?p=25608#breadcrumb\"},\"inLanguage\":\"pt-BR\",\"potentialAction\":[{\"@type\":\"ReadAction\",\"target\":[\"https:\/\/noticiasemdestaque.com\/cd\/?p=25608\"]}]},{\"@type\":\"ImageObject\",\"inLanguage\":\"pt-BR\",\"@id\":\"https:\/\/noticiasemdestaque.com\/cd\/?p=25608#primaryimage\",\"url\":\"https:\/\/noticiasemdestaque.com\/cd\/wp-content\/uploads\/2020\/06\/3c050aa5-3268-4d36-a865-1c97e584f560.jpg\",\"contentUrl\":\"https:\/\/noticiasemdestaque.com\/cd\/wp-content\/uploads\/2020\/06\/3c050aa5-3268-4d36-a865-1c97e584f560.jpg\",\"width\":400,\"height\":391},{\"@type\":\"BreadcrumbList\",\"@id\":\"https:\/\/noticiasemdestaque.com\/cd\/?p=25608#breadcrumb\",\"itemListElement\":[{\"@type\":\"ListItem\",\"position\":1,\"name\":\"In\u00edcio\",\"item\":\"https:\/\/noticiasemdestaque.com\/cd\/\"},{\"@type\":\"ListItem\",\"position\":2,\"name\":\"Com novos casos de Covid-19, Serra Branca contabiliza 50 registros\"}]},{\"@type\":\"WebSite\",\"@id\":\"https:\/\/noticiasemdestaque.com\/cd\/#website\",\"url\":\"https:\/\/noticiasemdestaque.com\/cd\/\",\"name\":\"Not&iacute;cias em Destaque\",\"description\":\"\",\"publisher\":{\"@id\":\"https:\/\/noticiasemdestaque.com\/cd\/#organization\"},\"potentialAction\":[{\"@type\":\"SearchAction\",\"target\":{\"@type\":\"EntryPoint\",\"urlTemplate\":\"https:\/\/noticiasemdestaque.com\/cd\/?s={search_term_string}\"},\"query-input\":{\"@type\":\"PropertyValueSpecification\",\"valueRequired\":true,\"valueName\":\"search_term_string\"}}],\"inLanguage\":\"pt-BR\"},{\"@type\":\"Organization\",\"@id\":\"https:\/\/noticiasemdestaque.com\/cd\/#organization\",\"name\":\"Not\u00edcias em Destaque\",\"url\":\"https:\/\/noticiasemdestaque.com\/cd\/\",\"logo\":{\"@type\":\"ImageObject\",\"inLanguage\":\"pt-BR\",\"@id\":\"https:\/\/noticiasemdestaque.com\/cd\/#\/schema\/logo\/image\/\",\"url\":\"https:\/\/noticiasemdestaque.com\/cd\/wp-content\/uploads\/2022\/05\/imagem-base-noticiasemdestaque.png\",\"contentUrl\":\"https:\/\/noticiasemdestaque.com\/cd\/wp-content\/uploads\/2022\/05\/imagem-base-noticiasemdestaque.png\",\"width\":1200,\"height\":630,\"caption\":\"Not\u00edcias em Destaque\"},\"image\":{\"@id\":\"https:\/\/noticiasemdestaque.com\/cd\/#\/schema\/logo\/image\/\"}},{\"@type\":\"Person\",\"@id\":\"https:\/\/noticiasemdestaque.com\/cd\/#\/schema\/person\/21320b03a7e8bb90128938dafc9b908a\",\"name\":\"Not\u00edcias em Destaque\",\"url\":\"https:\/\/noticiasemdestaque.com\/cd\/?author=2\"}]}<\/script>\n<!-- \/ Yoast SEO plugin. -->","yoast_head_json":{"title":"Com novos casos de Covid-19, Serra Branca contabiliza 50 registros - Not&iacute;cias em Destaque","robots":{"index":"index","follow":"follow","max-snippet":"max-snippet:-1","max-image-preview":"max-image-preview:large","max-video-preview":"max-video-preview:-1"},"canonical":"https:\/\/noticiasemdestaque.com\/cd\/?p=25608","og_locale":"pt_BR","og_type":"article","og_title":"Com novos casos de Covid-19, Serra Branca contabiliza 50 registros - Not&iacute;cias em Destaque","og_description":"A prefeitura municipal de Serra Branca confirmou na tarde de desta ter\u00e7a-feira(30\/06), mais quatro casos positivos de Covid-19. Segundo o boletim emitido pela secretaria de sa\u00fade, agora o munic\u00edpio j\u00e1 t\u00eam 50 casos. Segundo o boletim, t\u00eam 470 notificados; em tratamento 34; recuperados\/curados 14; \u00f3bitos 02; suspeitos 15 e foram descartados 405. Os casos confirmados por localidade \u00e9 o seguinte: Na Zona Urbana, Centro 12, Pereiros 07 e Pil\u00e3o 05. J\u00e1 na Zona Rural, S\u00edtio Angico 08, S\u00edtio Balan\u00e7o 06, S\u00edtio Caititu 01 e S\u00edtio Feij\u00e3o 06. Com rela\u00e7\u00e3o aos casos residentes em outros munic\u00edpios e estados, Campina Grande 01, Jo\u00e3o Pessoa 03 e Salvador(BA) 01. Os casos de hoje 1\u00ba Caso: Uma crian\u00e7a de 1 ano e 9 meses, do sexo masculino, que se encontra em isolamento domiciliar, assintom\u00e1tico (Zona Urbana), do Centro; 2\u00ba Caso: Uma paciente de 26 anos, que se encontra em isolamento domiciliar, assintom\u00e1tica (Zona Urbana), do Centro; 3\u00ba Caso: Uma paciente de 56 anos, que se encontra em isolamento domiciliar, assintom\u00e1tica (Zona Urbana), do Centro; 4\u00ba Caso: Um paciente de 40 anos, que se encontra em isolamento domiciliar, assintom\u00e1tica (Zona Urbana), do Centro; Focando Para\u00edba","og_url":"https:\/\/noticiasemdestaque.com\/cd\/?p=25608","og_site_name":"Not&iacute;cias em Destaque","article_published_time":"2020-07-01T23:29:40+00:00","og_image":[{"width":400,"height":391,"url":"https:\/\/noticiasemdestaque.com\/cd\/wp-content\/uploads\/2020\/06\/3c050aa5-3268-4d36-a865-1c97e584f560.jpg","type":"image\/jpeg"}],"author":"Not\u00edcias em Destaque","twitter_card":"summary_large_image","twitter_misc":{"Escrito por":"Not\u00edcias em Destaque","Est. tempo de leitura":"1 minuto"},"schema":{"@context":"https:\/\/schema.org","@graph":[{"@type":"Article","@id":"https:\/\/noticiasemdestaque.com\/cd\/?p=25608#article","isPartOf":{"@id":"https:\/\/noticiasemdestaque.com\/cd\/?p=25608"},"author":{"name":"Not\u00edcias em Destaque","@id":"https:\/\/noticiasemdestaque.com\/cd\/#\/schema\/person\/21320b03a7e8bb90128938dafc9b908a"},"headline":"Com novos casos de Covid-19, Serra Branca contabiliza 50 registros","datePublished":"2020-07-01T23:29:40+00:00","mainEntityOfPage":{"@id":"https:\/\/noticiasemdestaque.com\/cd\/?p=25608"},"wordCount":195,"publisher":{"@id":"https:\/\/noticiasemdestaque.com\/cd\/#organization"},"image":{"@id":"https:\/\/noticiasemdestaque.com\/cd\/?p=25608#primaryimage"},"thumbnailUrl":"https:\/\/noticiasemdestaque.com\/cd\/wp-content\/uploads\/2020\/06\/3c050aa5-3268-4d36-a865-1c97e584f560.jpg","articleSection":["Geral"],"inLanguage":"pt-BR"},{"@type":"WebPage","@id":"https:\/\/noticiasemdestaque.com\/cd\/?p=25608","url":"https:\/\/noticiasemdestaque.com\/cd\/?p=25608","name":"Com novos casos de Covid-19, Serra Branca contabiliza 50 registros - Not&iacute;cias em Destaque","isPartOf":{"@id":"https:\/\/noticiasemdestaque.com\/cd\/#website"},"primaryImageOfPage":{"@id":"https:\/\/noticiasemdestaque.com\/cd\/?p=25608#primaryimage"},"image":{"@id":"https:\/\/noticiasemdestaque.com\/cd\/?p=25608#primaryimage"},"thumbnailUrl":"https:\/\/noticiasemdestaque.com\/cd\/wp-content\/uploads\/2020\/06\/3c050aa5-3268-4d36-a865-1c97e584f560.jpg","datePublished":"2020-07-01T23:29:40+00:00","breadcrumb":{"@id":"https:\/\/noticiasemdestaque.com\/cd\/?p=25608#breadcrumb"},"inLanguage":"pt-BR","potentialAction":[{"@type":"ReadAction","target":["https:\/\/noticiasemdestaque.com\/cd\/?p=25608"]}]},{"@type":"ImageObject","inLanguage":"pt-BR","@id":"https:\/\/noticiasemdestaque.com\/cd\/?p=25608#primaryimage","url":"https:\/\/noticiasemdestaque.com\/cd\/wp-content\/uploads\/2020\/06\/3c050aa5-3268-4d36-a865-1c97e584f560.jpg","contentUrl":"https:\/\/noticiasemdestaque.com\/cd\/wp-content\/uploads\/2020\/06\/3c050aa5-3268-4d36-a865-1c97e584f560.jpg","width":400,"height":391},{"@type":"BreadcrumbList","@id":"https:\/\/noticiasemdestaque.com\/cd\/?p=25608#breadcrumb","itemListElement":[{"@type":"ListItem","position":1,"name":"In\u00edcio","item":"https:\/\/noticiasemdestaque.com\/cd\/"},{"@type":"ListItem","position":2,"name":"Com novos casos de Covid-19, Serra Branca contabiliza 50 registros"}]},{"@type":"WebSite","@id":"https:\/\/noticiasemdestaque.com\/cd\/#website","url":"https:\/\/noticiasemdestaque.com\/cd\/","name":"Not&iacute;cias em Destaque","description":"","publisher":{"@id":"https:\/\/noticiasemdestaque.com\/cd\/#organization"},"potentialAction":[{"@type":"SearchAction","target":{"@type":"EntryPoint","urlTemplate":"https:\/\/noticiasemdestaque.com\/cd\/?s={search_term_string}"},"query-input":{"@type":"PropertyValueSpecification","valueRequired":true,"valueName":"search_term_string"}}],"inLanguage":"pt-BR"},{"@type":"Organization","@id":"https:\/\/noticiasemdestaque.com\/cd\/#organization","name":"Not\u00edcias em Destaque","url":"https:\/\/noticiasemdestaque.com\/cd\/","logo":{"@type":"ImageObject","inLanguage":"pt-BR","@id":"https:\/\/noticiasemdestaque.com\/cd\/#\/schema\/logo\/image\/","url":"https:\/\/noticiasemdestaque.com\/cd\/wp-content\/uploads\/2022\/05\/imagem-base-noticiasemdestaque.png","contentUrl":"https:\/\/noticiasemdestaque.com\/cd\/wp-content\/uploads\/2022\/05\/imagem-base-noticiasemdestaque.png","width":1200,"height":630,"caption":"Not\u00edcias em Destaque"},"image":{"@id":"https:\/\/noticiasemdestaque.com\/cd\/#\/schema\/logo\/image\/"}},{"@type":"Person","@id":"https:\/\/noticiasemdestaque.com\/cd\/#\/schema\/person\/21320b03a7e8bb90128938dafc9b908a","name":"Not\u00edcias em Destaque","url":"https:\/\/noticiasemdestaque.com\/cd\/?author=2"}]}},"jetpack_featured_media_url":"https:\/\/noticiasemdestaque.com\/cd\/wp-content\/uploads\/2020\/06\/3c050aa5-3268-4d36-a865-1c97e584f560.jpg","jetpack_sharing_enabled":true,"_links":{"self":[{"href":"https:\/\/noticiasemdestaque.com\/cd\/index.php?rest_route=\/wp\/v2\/posts\/25608","targetHints":{"allow":["GET"]}}],"collection":[{"href":"https:\/\/noticiasemdestaque.com\/cd\/index.php?rest_route=\/wp\/v2\/posts"}],"about":[{"href":"https:\/\/noticiasemdestaque.com\/cd\/index.php?rest_route=\/wp\/v2\/types\/post"}],"author":[{"embeddable":true,"href":"https:\/\/noticiasemdestaque.com\/cd\/index.php?rest_route=\/wp\/v2\/users\/2"}],"replies":[{"embeddable":true,"href":"https:\/\/noticiasemdestaque.com\/cd\/index.php?rest_route=%2Fwp%2Fv2%2Fcomments&post=25608"}],"version-history":[{"count":1,"href":"https:\/\/noticiasemdestaque.com\/cd\/index.php?rest_route=\/wp\/v2\/posts\/25608\/revisions"}],"predecessor-version":[{"id":25610,"href":"https:\/\/noticiasemdestaque.com\/cd\/index.php?rest_route=\/wp\/v2\/posts\/25608\/revisions\/25610"}],"wp:featuredmedia":[{"embeddable":true,"href":"https:\/\/noticiasemdestaque.com\/cd\/index.php?rest_route=\/wp\/v2\/media\/25609"}],"wp:attachment":[{"href":"https:\/\/noticiasemdestaque.com\/cd\/index.php?rest_route=%2Fwp%2Fv2%2Fmedia&parent=25608"}],"wp:term":[{"taxonomy":"category","embeddable":true,"href":"https:\/\/noticiasemdestaque.com\/cd\/index.php?rest_route=%2Fwp%2Fv2%2Fcategories&post=25608"},{"taxonomy":"post_tag","embeddable":true,"href":"https:\/\/noticiasemdestaque.com\/cd\/index.php?rest_route=%2Fwp%2Fv2%2Ftags&post=25608"}],"curies":[{"name":"wp","href":"https:\/\/api.w.org\/{rel}","templated":true}]}}