{"id":25601,"date":"2020-06-30T20:16:44","date_gmt":"2020-06-30T23:16:44","guid":{"rendered":"http:\/\/noticiasemdestaque.com\/cd\/?p=25601"},"modified":"2020-06-30T20:16:44","modified_gmt":"2020-06-30T23:16:44","slug":"prefeitura-de-sume-adquire-unidade-movel-de-desinfeccao-e-comeca-os-trabalhos-nas-ruas-da-cidade","status":"publish","type":"post","link":"https:\/\/noticiasemdestaque.com\/cd\/?p=25601","title":{"rendered":"Prefeitura de Sum\u00e9 adquire unidade m\u00f3vel de desinfec\u00e7\u00e3o e come\u00e7a os trabalhos nas ruas da cidade"},"content":{"rendered":"<p><a href=\"https:\/\/noticiasemdestaque.com\/cd\/wp-content\/uploads\/2020\/06\/WhatsApp-Image-2020-06-30-at-11.09.48-2.jpeg\"><img fetchpriority=\"high\" decoding=\"async\" class=\"wp-image-25602 aligncenter\" src=\"https:\/\/noticiasemdestaque.com\/cd\/wp-content\/uploads\/2020\/06\/WhatsApp-Image-2020-06-30-at-11.09.48-2-1024x768.jpeg\" alt=\"\" width=\"498\" height=\"374\" srcset=\"https:\/\/noticiasemdestaque.com\/cd\/wp-content\/uploads\/2020\/06\/WhatsApp-Image-2020-06-30-at-11.09.48-2.jpeg 1024w, https:\/\/noticiasemdestaque.com\/cd\/wp-content\/uploads\/2020\/06\/WhatsApp-Image-2020-06-30-at-11.09.48-2-300x225.jpeg 300w, https:\/\/noticiasemdestaque.com\/cd\/wp-content\/uploads\/2020\/06\/WhatsApp-Image-2020-06-30-at-11.09.48-2-768x576.jpeg 768w, https:\/\/noticiasemdestaque.com\/cd\/wp-content\/uploads\/2020\/06\/WhatsApp-Image-2020-06-30-at-11.09.48-2-640x480.jpeg 640w\" sizes=\"(max-width: 498px) 100vw, 498px\" \/><\/a><\/p>\n<p>A Prefeitura de Sum\u00e9, continua desenvolvendo uma s\u00e9rie de a\u00e7\u00f5es em combate \u00e0 contamina\u00e7\u00e3o por coronav\u00edrus. Desde o in\u00edcio da pandemia um plano municipal foi elaborado para o enfrentamento da Covid-19, envolvendo todas as secretarias municipais. A partir da\u00ed o trabalho foi crescente, que come\u00e7ou antes mesmo do munic\u00edpio registrar os primeiros casos da doen\u00e7a.<\/p>\n<p>Distribui\u00e7\u00e3o de m\u00e1scaras faciais, barreiras sanit\u00e1rias, produ\u00e7\u00e3o de \u00e1lcool em gel e de viseiras em parceria com a UFCG, campanhas de educa\u00e7\u00e3o e conscientiza\u00e7\u00e3o sobre o coronav\u00edrus, implanta\u00e7\u00e3o da sala de realiza\u00e7\u00e3o de testes r\u00e1pidos, reorganiza\u00e7\u00e3o de atendimentos em todos os \u00f3rg\u00e3os, abordagem no com\u00e9rcio e em bancos com orienta\u00e7\u00f5es, distribui\u00e7\u00e3o de m\u00e1scaras e \u00e1lcool em gel, incentivo financeiro tempor\u00e1rio para os profissionais que est\u00e3o na linha frente no combate ao v\u00edrus, coloca\u00e7\u00e3o de pontos de apoio no centro, entre outras a\u00e7\u00f5es.<\/p>\n<p><a href=\"https:\/\/noticiasemdestaque.com\/cd\/wp-content\/uploads\/2020\/06\/WhatsApp-Image-2020-06-30-at-11.09.54-1.jpeg\"><img decoding=\"async\" class=\"wp-image-25603 alignleft\" src=\"https:\/\/noticiasemdestaque.com\/cd\/wp-content\/uploads\/2020\/06\/WhatsApp-Image-2020-06-30-at-11.09.54-1-1024x768.jpeg\" alt=\"\" width=\"500\" height=\"375\" srcset=\"https:\/\/noticiasemdestaque.com\/cd\/wp-content\/uploads\/2020\/06\/WhatsApp-Image-2020-06-30-at-11.09.54-1.jpeg 1024w, https:\/\/noticiasemdestaque.com\/cd\/wp-content\/uploads\/2020\/06\/WhatsApp-Image-2020-06-30-at-11.09.54-1-300x225.jpeg 300w, https:\/\/noticiasemdestaque.com\/cd\/wp-content\/uploads\/2020\/06\/WhatsApp-Image-2020-06-30-at-11.09.54-1-768x576.jpeg 768w, https:\/\/noticiasemdestaque.com\/cd\/wp-content\/uploads\/2020\/06\/WhatsApp-Image-2020-06-30-at-11.09.54-1-640x480.jpeg 640w\" sizes=\"(max-width: 500px) 100vw, 500px\" \/><\/a>Esta semana, a Secretaria de Sa\u00fade come\u00e7ou uma nova atividade para diminuir o impacto da doen\u00e7a na popula\u00e7\u00e3o do munic\u00edpio. Uma unidade m\u00f3vel de desinfec\u00e7\u00e3o de ruas foi adquirida pela Prefeitura e na segunda-feira (30), os trabalhos foram iniciados pela Rua Augusto Santa Cruz.<\/p>\n<p>Nesta ter\u00e7a-feira (30), \u00e9 a vez do centro da cidade, pela Avenida Primeiro de Abril, em toda a sua extens\u00e3o. Al\u00e9m da unidade m\u00f3vel, a Prefeitura disp\u00f5e ainda de tr\u00eas atomizadores e duas bombas de desinfec\u00e7\u00e3o que s\u00e3o utilizadas em ruas, pra\u00e7as, pr\u00e9dios p\u00fablicos, com\u00e9rcio, igrejas e templos religiosos. De acordo com a Vigil\u00e2ncia Sanit\u00e1ria, com a unidade m\u00f3vel \u00e9 poss\u00edvel atender melhor a demanda e um calend\u00e1rio ser\u00e1 definido para que este trabalho atenda em maior n\u00famero poss\u00edvel.<\/p>\n<p>Tamb\u00e9m est\u00e1 sendo preparada uma unidade local de desinfec\u00e7\u00e3o de ve\u00edculos, ao lado do Banco do Nordeste, para motos, carros, \u00f4nibus e demais transportes, tanto p\u00fablico quanto particulares.<\/p>\n<p>A Prefeitura de Sum\u00e9 ainda prepara novas a\u00e7\u00f5es complementares no combate ao novo coronav\u00edrus de forma a n\u00e3o permitir o descontrole na transmiss\u00e3o da doen\u00e7a.<\/p>\n<p>Ascom PMS<\/p>\n","protected":false},"excerpt":{"rendered":"<p>A Prefeitura de Sum\u00e9, continua desenvolvendo uma s\u00e9rie de a\u00e7\u00f5es em combate \u00e0 contamina\u00e7\u00e3o por coronav\u00edrus. Desde o in\u00edcio da pandemia um plano municipal foi elaborado para o enfrentamento da Covid-19, envolvendo todas as secretarias municipais. A partir da\u00ed o trabalho foi crescente, que come\u00e7ou antes mesmo do munic\u00edpio registrar os primeiros casos da doen\u00e7a. Distribui\u00e7\u00e3o de m\u00e1scaras faciais, barreiras sanit\u00e1rias, produ\u00e7\u00e3o de \u00e1lcool em gel e de viseiras em parceria com a UFCG, campanhas de educa\u00e7\u00e3o e conscientiza\u00e7\u00e3o sobre o coronav\u00edrus, implanta\u00e7\u00e3o da sala de realiza\u00e7\u00e3o de testes r\u00e1pidos, reorganiza\u00e7\u00e3o de atendimentos em todos os \u00f3rg\u00e3os, abordagem no com\u00e9rcio e em bancos com orienta\u00e7\u00f5es, distribui\u00e7\u00e3o de m\u00e1scaras e \u00e1lcool em gel, incentivo financeiro tempor\u00e1rio para os profissionais que est\u00e3o na linha frente no combate ao v\u00edrus, coloca\u00e7\u00e3o de pontos de apoio no centro, entre outras a\u00e7\u00f5es. Esta semana, a Secretaria de Sa\u00fade come\u00e7ou uma nova atividade para diminuir o impacto da doen\u00e7a na popula\u00e7\u00e3o do munic\u00edpio. Uma unidade m\u00f3vel de desinfec\u00e7\u00e3o de ruas foi adquirida pela Prefeitura e na segunda-feira (30), os trabalhos foram iniciados pela Rua Augusto Santa Cruz. Nesta ter\u00e7a-feira (30), \u00e9 a vez do centro da cidade, pela Avenida Primeiro de Abril, em toda a sua extens\u00e3o. Al\u00e9m da unidade m\u00f3vel, a Prefeitura disp\u00f5e ainda de tr\u00eas atomizadores e duas bombas de desinfec\u00e7\u00e3o que s\u00e3o utilizadas em ruas, pra\u00e7as, pr\u00e9dios p\u00fablicos, com\u00e9rcio, igrejas e templos religiosos. De acordo com a Vigil\u00e2ncia Sanit\u00e1ria, com a unidade m\u00f3vel \u00e9 poss\u00edvel atender melhor a demanda e um calend\u00e1rio ser\u00e1 definido para que este trabalho atenda em maior n\u00famero poss\u00edvel. Tamb\u00e9m est\u00e1 sendo preparada uma unidade local de desinfec\u00e7\u00e3o de ve\u00edculos, ao lado do Banco do Nordeste, para motos, carros, \u00f4nibus e demais transportes, tanto p\u00fablico quanto particulares. A Prefeitura de Sum\u00e9 ainda prepara novas a\u00e7\u00f5es complementares no combate ao novo coronav\u00edrus de forma a n\u00e3o permitir o descontrole na transmiss\u00e3o da doen\u00e7a. Ascom PMS<\/p>\n","protected":false},"author":2,"featured_media":25602,"comment_status":"closed","ping_status":"open","sticky":false,"template":"","format":"standard","meta":{"_eb_attr":"","_jetpack_memberships_contains_paid_content":false,"footnotes":""},"categories":[3],"tags":[],"class_list":["post-25601","post","type-post","status-publish","format-standard","has-post-thumbnail","hentry","category-cidades"],"yoast_head":"<!-- This site is optimized with the Yoast SEO plugin v26.5 - https:\/\/yoast.com\/wordpress\/plugins\/seo\/ -->\n<title>Prefeitura de Sum\u00e9 adquire unidade m\u00f3vel de desinfec\u00e7\u00e3o e come\u00e7a os trabalhos nas ruas da cidade - Not&iacute;cias em Destaque<\/title>\n<meta name=\"robots\" content=\"index, follow, max-snippet:-1, max-image-preview:large, max-video-preview:-1\" \/>\n<link rel=\"canonical\" href=\"https:\/\/noticiasemdestaque.com\/cd\/?p=25601\" \/>\n<meta property=\"og:locale\" content=\"pt_BR\" \/>\n<meta property=\"og:type\" content=\"article\" \/>\n<meta property=\"og:title\" content=\"Prefeitura de Sum\u00e9 adquire unidade m\u00f3vel de desinfec\u00e7\u00e3o e come\u00e7a os trabalhos nas ruas da cidade - Not&iacute;cias em Destaque\" \/>\n<meta property=\"og:description\" content=\"A Prefeitura de Sum\u00e9, continua desenvolvendo uma s\u00e9rie de a\u00e7\u00f5es em combate \u00e0 contamina\u00e7\u00e3o por coronav\u00edrus. Desde o in\u00edcio da pandemia um plano municipal foi elaborado para o enfrentamento da Covid-19, envolvendo todas as secretarias municipais. A partir da\u00ed o trabalho foi crescente, que come\u00e7ou antes mesmo do munic\u00edpio registrar os primeiros casos da doen\u00e7a. Distribui\u00e7\u00e3o de m\u00e1scaras faciais, barreiras sanit\u00e1rias, produ\u00e7\u00e3o de \u00e1lcool em gel e de viseiras em parceria com a UFCG, campanhas de educa\u00e7\u00e3o e conscientiza\u00e7\u00e3o sobre o coronav\u00edrus, implanta\u00e7\u00e3o da sala de realiza\u00e7\u00e3o de testes r\u00e1pidos, reorganiza\u00e7\u00e3o de atendimentos em todos os \u00f3rg\u00e3os, abordagem no com\u00e9rcio e em bancos com orienta\u00e7\u00f5es, distribui\u00e7\u00e3o de m\u00e1scaras e \u00e1lcool em gel, incentivo financeiro tempor\u00e1rio para os profissionais que est\u00e3o na linha frente no combate ao v\u00edrus, coloca\u00e7\u00e3o de pontos de apoio no centro, entre outras a\u00e7\u00f5es. Esta semana, a Secretaria de Sa\u00fade come\u00e7ou uma nova atividade para diminuir o impacto da doen\u00e7a na popula\u00e7\u00e3o do munic\u00edpio. Uma unidade m\u00f3vel de desinfec\u00e7\u00e3o de ruas foi adquirida pela Prefeitura e na segunda-feira (30), os trabalhos foram iniciados pela Rua Augusto Santa Cruz. Nesta ter\u00e7a-feira (30), \u00e9 a vez do centro da cidade, pela Avenida Primeiro de Abril, em toda a sua extens\u00e3o. Al\u00e9m da unidade m\u00f3vel, a Prefeitura disp\u00f5e ainda de tr\u00eas atomizadores e duas bombas de desinfec\u00e7\u00e3o que s\u00e3o utilizadas em ruas, pra\u00e7as, pr\u00e9dios p\u00fablicos, com\u00e9rcio, igrejas e templos religiosos. De acordo com a Vigil\u00e2ncia Sanit\u00e1ria, com a unidade m\u00f3vel \u00e9 poss\u00edvel atender melhor a demanda e um calend\u00e1rio ser\u00e1 definido para que este trabalho atenda em maior n\u00famero poss\u00edvel. Tamb\u00e9m est\u00e1 sendo preparada uma unidade local de desinfec\u00e7\u00e3o de ve\u00edculos, ao lado do Banco do Nordeste, para motos, carros, \u00f4nibus e demais transportes, tanto p\u00fablico quanto particulares. A Prefeitura de Sum\u00e9 ainda prepara novas a\u00e7\u00f5es complementares no combate ao novo coronav\u00edrus de forma a n\u00e3o permitir o descontrole na transmiss\u00e3o da doen\u00e7a. Ascom PMS\" \/>\n<meta property=\"og:url\" content=\"https:\/\/noticiasemdestaque.com\/cd\/?p=25601\" \/>\n<meta property=\"og:site_name\" content=\"Not&iacute;cias em Destaque\" \/>\n<meta property=\"article:published_time\" content=\"2020-06-30T23:16:44+00:00\" \/>\n<meta property=\"og:image\" content=\"https:\/\/noticiasemdestaque.com\/cd\/wp-content\/uploads\/2020\/06\/WhatsApp-Image-2020-06-30-at-11.09.48-2.jpeg\" \/>\n\t<meta property=\"og:image:width\" content=\"1024\" \/>\n\t<meta property=\"og:image:height\" content=\"768\" \/>\n\t<meta property=\"og:image:type\" content=\"image\/jpeg\" \/>\n<meta name=\"author\" content=\"Not\u00edcias em Destaque\" \/>\n<meta name=\"twitter:card\" content=\"summary_large_image\" \/>\n<meta name=\"twitter:label1\" content=\"Escrito por\" \/>\n\t<meta name=\"twitter:data1\" content=\"Not\u00edcias em Destaque\" \/>\n\t<meta name=\"twitter:label2\" content=\"Est. tempo de leitura\" \/>\n\t<meta name=\"twitter:data2\" content=\"2 minutos\" \/>\n<script type=\"application\/ld+json\" class=\"yoast-schema-graph\">{\"@context\":\"https:\/\/schema.org\",\"@graph\":[{\"@type\":\"Article\",\"@id\":\"https:\/\/noticiasemdestaque.com\/cd\/?p=25601#article\",\"isPartOf\":{\"@id\":\"https:\/\/noticiasemdestaque.com\/cd\/?p=25601\"},\"author\":{\"name\":\"Not\u00edcias em Destaque\",\"@id\":\"https:\/\/noticiasemdestaque.com\/cd\/#\/schema\/person\/21320b03a7e8bb90128938dafc9b908a\"},\"headline\":\"Prefeitura de Sum\u00e9 adquire unidade m\u00f3vel de desinfec\u00e7\u00e3o e come\u00e7a os trabalhos nas ruas da cidade\",\"datePublished\":\"2020-06-30T23:16:44+00:00\",\"mainEntityOfPage\":{\"@id\":\"https:\/\/noticiasemdestaque.com\/cd\/?p=25601\"},\"wordCount\":393,\"publisher\":{\"@id\":\"https:\/\/noticiasemdestaque.com\/cd\/#organization\"},\"image\":{\"@id\":\"https:\/\/noticiasemdestaque.com\/cd\/?p=25601#primaryimage\"},\"thumbnailUrl\":\"https:\/\/noticiasemdestaque.com\/cd\/wp-content\/uploads\/2020\/06\/WhatsApp-Image-2020-06-30-at-11.09.48-2.jpeg\",\"articleSection\":[\"Cidades\"],\"inLanguage\":\"pt-BR\"},{\"@type\":\"WebPage\",\"@id\":\"https:\/\/noticiasemdestaque.com\/cd\/?p=25601\",\"url\":\"https:\/\/noticiasemdestaque.com\/cd\/?p=25601\",\"name\":\"Prefeitura de Sum\u00e9 adquire unidade m\u00f3vel de desinfec\u00e7\u00e3o e come\u00e7a os trabalhos nas ruas da cidade - Not&iacute;cias em Destaque\",\"isPartOf\":{\"@id\":\"https:\/\/noticiasemdestaque.com\/cd\/#website\"},\"primaryImageOfPage\":{\"@id\":\"https:\/\/noticiasemdestaque.com\/cd\/?p=25601#primaryimage\"},\"image\":{\"@id\":\"https:\/\/noticiasemdestaque.com\/cd\/?p=25601#primaryimage\"},\"thumbnailUrl\":\"https:\/\/noticiasemdestaque.com\/cd\/wp-content\/uploads\/2020\/06\/WhatsApp-Image-2020-06-30-at-11.09.48-2.jpeg\",\"datePublished\":\"2020-06-30T23:16:44+00:00\",\"breadcrumb\":{\"@id\":\"https:\/\/noticiasemdestaque.com\/cd\/?p=25601#breadcrumb\"},\"inLanguage\":\"pt-BR\",\"potentialAction\":[{\"@type\":\"ReadAction\",\"target\":[\"https:\/\/noticiasemdestaque.com\/cd\/?p=25601\"]}]},{\"@type\":\"ImageObject\",\"inLanguage\":\"pt-BR\",\"@id\":\"https:\/\/noticiasemdestaque.com\/cd\/?p=25601#primaryimage\",\"url\":\"https:\/\/noticiasemdestaque.com\/cd\/wp-content\/uploads\/2020\/06\/WhatsApp-Image-2020-06-30-at-11.09.48-2.jpeg\",\"contentUrl\":\"https:\/\/noticiasemdestaque.com\/cd\/wp-content\/uploads\/2020\/06\/WhatsApp-Image-2020-06-30-at-11.09.48-2.jpeg\",\"width\":1024,\"height\":768},{\"@type\":\"BreadcrumbList\",\"@id\":\"https:\/\/noticiasemdestaque.com\/cd\/?p=25601#breadcrumb\",\"itemListElement\":[{\"@type\":\"ListItem\",\"position\":1,\"name\":\"In\u00edcio\",\"item\":\"https:\/\/noticiasemdestaque.com\/cd\/\"},{\"@type\":\"ListItem\",\"position\":2,\"name\":\"Prefeitura de Sum\u00e9 adquire unidade m\u00f3vel de desinfec\u00e7\u00e3o e come\u00e7a os trabalhos nas ruas da cidade\"}]},{\"@type\":\"WebSite\",\"@id\":\"https:\/\/noticiasemdestaque.com\/cd\/#website\",\"url\":\"https:\/\/noticiasemdestaque.com\/cd\/\",\"name\":\"Not&iacute;cias em Destaque\",\"description\":\"\",\"publisher\":{\"@id\":\"https:\/\/noticiasemdestaque.com\/cd\/#organization\"},\"potentialAction\":[{\"@type\":\"SearchAction\",\"target\":{\"@type\":\"EntryPoint\",\"urlTemplate\":\"https:\/\/noticiasemdestaque.com\/cd\/?s={search_term_string}\"},\"query-input\":{\"@type\":\"PropertyValueSpecification\",\"valueRequired\":true,\"valueName\":\"search_term_string\"}}],\"inLanguage\":\"pt-BR\"},{\"@type\":\"Organization\",\"@id\":\"https:\/\/noticiasemdestaque.com\/cd\/#organization\",\"name\":\"Not\u00edcias em Destaque\",\"url\":\"https:\/\/noticiasemdestaque.com\/cd\/\",\"logo\":{\"@type\":\"ImageObject\",\"inLanguage\":\"pt-BR\",\"@id\":\"https:\/\/noticiasemdestaque.com\/cd\/#\/schema\/logo\/image\/\",\"url\":\"https:\/\/noticiasemdestaque.com\/cd\/wp-content\/uploads\/2022\/05\/imagem-base-noticiasemdestaque.png\",\"contentUrl\":\"https:\/\/noticiasemdestaque.com\/cd\/wp-content\/uploads\/2022\/05\/imagem-base-noticiasemdestaque.png\",\"width\":1200,\"height\":630,\"caption\":\"Not\u00edcias em Destaque\"},\"image\":{\"@id\":\"https:\/\/noticiasemdestaque.com\/cd\/#\/schema\/logo\/image\/\"}},{\"@type\":\"Person\",\"@id\":\"https:\/\/noticiasemdestaque.com\/cd\/#\/schema\/person\/21320b03a7e8bb90128938dafc9b908a\",\"name\":\"Not\u00edcias em Destaque\",\"url\":\"https:\/\/noticiasemdestaque.com\/cd\/?author=2\"}]}<\/script>\n<!-- \/ Yoast SEO plugin. -->","yoast_head_json":{"title":"Prefeitura de Sum\u00e9 adquire unidade m\u00f3vel de desinfec\u00e7\u00e3o e come\u00e7a os trabalhos nas ruas da cidade - Not&iacute;cias em Destaque","robots":{"index":"index","follow":"follow","max-snippet":"max-snippet:-1","max-image-preview":"max-image-preview:large","max-video-preview":"max-video-preview:-1"},"canonical":"https:\/\/noticiasemdestaque.com\/cd\/?p=25601","og_locale":"pt_BR","og_type":"article","og_title":"Prefeitura de Sum\u00e9 adquire unidade m\u00f3vel de desinfec\u00e7\u00e3o e come\u00e7a os trabalhos nas ruas da cidade - Not&iacute;cias em Destaque","og_description":"A Prefeitura de Sum\u00e9, continua desenvolvendo uma s\u00e9rie de a\u00e7\u00f5es em combate \u00e0 contamina\u00e7\u00e3o por coronav\u00edrus. Desde o in\u00edcio da pandemia um plano municipal foi elaborado para o enfrentamento da Covid-19, envolvendo todas as secretarias municipais. A partir da\u00ed o trabalho foi crescente, que come\u00e7ou antes mesmo do munic\u00edpio registrar os primeiros casos da doen\u00e7a. Distribui\u00e7\u00e3o de m\u00e1scaras faciais, barreiras sanit\u00e1rias, produ\u00e7\u00e3o de \u00e1lcool em gel e de viseiras em parceria com a UFCG, campanhas de educa\u00e7\u00e3o e conscientiza\u00e7\u00e3o sobre o coronav\u00edrus, implanta\u00e7\u00e3o da sala de realiza\u00e7\u00e3o de testes r\u00e1pidos, reorganiza\u00e7\u00e3o de atendimentos em todos os \u00f3rg\u00e3os, abordagem no com\u00e9rcio e em bancos com orienta\u00e7\u00f5es, distribui\u00e7\u00e3o de m\u00e1scaras e \u00e1lcool em gel, incentivo financeiro tempor\u00e1rio para os profissionais que est\u00e3o na linha frente no combate ao v\u00edrus, coloca\u00e7\u00e3o de pontos de apoio no centro, entre outras a\u00e7\u00f5es. Esta semana, a Secretaria de Sa\u00fade come\u00e7ou uma nova atividade para diminuir o impacto da doen\u00e7a na popula\u00e7\u00e3o do munic\u00edpio. Uma unidade m\u00f3vel de desinfec\u00e7\u00e3o de ruas foi adquirida pela Prefeitura e na segunda-feira (30), os trabalhos foram iniciados pela Rua Augusto Santa Cruz. Nesta ter\u00e7a-feira (30), \u00e9 a vez do centro da cidade, pela Avenida Primeiro de Abril, em toda a sua extens\u00e3o. Al\u00e9m da unidade m\u00f3vel, a Prefeitura disp\u00f5e ainda de tr\u00eas atomizadores e duas bombas de desinfec\u00e7\u00e3o que s\u00e3o utilizadas em ruas, pra\u00e7as, pr\u00e9dios p\u00fablicos, com\u00e9rcio, igrejas e templos religiosos. De acordo com a Vigil\u00e2ncia Sanit\u00e1ria, com a unidade m\u00f3vel \u00e9 poss\u00edvel atender melhor a demanda e um calend\u00e1rio ser\u00e1 definido para que este trabalho atenda em maior n\u00famero poss\u00edvel. Tamb\u00e9m est\u00e1 sendo preparada uma unidade local de desinfec\u00e7\u00e3o de ve\u00edculos, ao lado do Banco do Nordeste, para motos, carros, \u00f4nibus e demais transportes, tanto p\u00fablico quanto particulares. A Prefeitura de Sum\u00e9 ainda prepara novas a\u00e7\u00f5es complementares no combate ao novo coronav\u00edrus de forma a n\u00e3o permitir o descontrole na transmiss\u00e3o da doen\u00e7a. Ascom PMS","og_url":"https:\/\/noticiasemdestaque.com\/cd\/?p=25601","og_site_name":"Not&iacute;cias em Destaque","article_published_time":"2020-06-30T23:16:44+00:00","og_image":[{"width":1024,"height":768,"url":"https:\/\/noticiasemdestaque.com\/cd\/wp-content\/uploads\/2020\/06\/WhatsApp-Image-2020-06-30-at-11.09.48-2.jpeg","type":"image\/jpeg"}],"author":"Not\u00edcias em Destaque","twitter_card":"summary_large_image","twitter_misc":{"Escrito por":"Not\u00edcias em Destaque","Est. tempo de leitura":"2 minutos"},"schema":{"@context":"https:\/\/schema.org","@graph":[{"@type":"Article","@id":"https:\/\/noticiasemdestaque.com\/cd\/?p=25601#article","isPartOf":{"@id":"https:\/\/noticiasemdestaque.com\/cd\/?p=25601"},"author":{"name":"Not\u00edcias em Destaque","@id":"https:\/\/noticiasemdestaque.com\/cd\/#\/schema\/person\/21320b03a7e8bb90128938dafc9b908a"},"headline":"Prefeitura de Sum\u00e9 adquire unidade m\u00f3vel de desinfec\u00e7\u00e3o e come\u00e7a os trabalhos nas ruas da cidade","datePublished":"2020-06-30T23:16:44+00:00","mainEntityOfPage":{"@id":"https:\/\/noticiasemdestaque.com\/cd\/?p=25601"},"wordCount":393,"publisher":{"@id":"https:\/\/noticiasemdestaque.com\/cd\/#organization"},"image":{"@id":"https:\/\/noticiasemdestaque.com\/cd\/?p=25601#primaryimage"},"thumbnailUrl":"https:\/\/noticiasemdestaque.com\/cd\/wp-content\/uploads\/2020\/06\/WhatsApp-Image-2020-06-30-at-11.09.48-2.jpeg","articleSection":["Cidades"],"inLanguage":"pt-BR"},{"@type":"WebPage","@id":"https:\/\/noticiasemdestaque.com\/cd\/?p=25601","url":"https:\/\/noticiasemdestaque.com\/cd\/?p=25601","name":"Prefeitura de Sum\u00e9 adquire unidade m\u00f3vel de desinfec\u00e7\u00e3o e come\u00e7a os trabalhos nas ruas da cidade - Not&iacute;cias em Destaque","isPartOf":{"@id":"https:\/\/noticiasemdestaque.com\/cd\/#website"},"primaryImageOfPage":{"@id":"https:\/\/noticiasemdestaque.com\/cd\/?p=25601#primaryimage"},"image":{"@id":"https:\/\/noticiasemdestaque.com\/cd\/?p=25601#primaryimage"},"thumbnailUrl":"https:\/\/noticiasemdestaque.com\/cd\/wp-content\/uploads\/2020\/06\/WhatsApp-Image-2020-06-30-at-11.09.48-2.jpeg","datePublished":"2020-06-30T23:16:44+00:00","breadcrumb":{"@id":"https:\/\/noticiasemdestaque.com\/cd\/?p=25601#breadcrumb"},"inLanguage":"pt-BR","potentialAction":[{"@type":"ReadAction","target":["https:\/\/noticiasemdestaque.com\/cd\/?p=25601"]}]},{"@type":"ImageObject","inLanguage":"pt-BR","@id":"https:\/\/noticiasemdestaque.com\/cd\/?p=25601#primaryimage","url":"https:\/\/noticiasemdestaque.com\/cd\/wp-content\/uploads\/2020\/06\/WhatsApp-Image-2020-06-30-at-11.09.48-2.jpeg","contentUrl":"https:\/\/noticiasemdestaque.com\/cd\/wp-content\/uploads\/2020\/06\/WhatsApp-Image-2020-06-30-at-11.09.48-2.jpeg","width":1024,"height":768},{"@type":"BreadcrumbList","@id":"https:\/\/noticiasemdestaque.com\/cd\/?p=25601#breadcrumb","itemListElement":[{"@type":"ListItem","position":1,"name":"In\u00edcio","item":"https:\/\/noticiasemdestaque.com\/cd\/"},{"@type":"ListItem","position":2,"name":"Prefeitura de Sum\u00e9 adquire unidade m\u00f3vel de desinfec\u00e7\u00e3o e come\u00e7a os trabalhos nas ruas da cidade"}]},{"@type":"WebSite","@id":"https:\/\/noticiasemdestaque.com\/cd\/#website","url":"https:\/\/noticiasemdestaque.com\/cd\/","name":"Not&iacute;cias em Destaque","description":"","publisher":{"@id":"https:\/\/noticiasemdestaque.com\/cd\/#organization"},"potentialAction":[{"@type":"SearchAction","target":{"@type":"EntryPoint","urlTemplate":"https:\/\/noticiasemdestaque.com\/cd\/?s={search_term_string}"},"query-input":{"@type":"PropertyValueSpecification","valueRequired":true,"valueName":"search_term_string"}}],"inLanguage":"pt-BR"},{"@type":"Organization","@id":"https:\/\/noticiasemdestaque.com\/cd\/#organization","name":"Not\u00edcias em Destaque","url":"https:\/\/noticiasemdestaque.com\/cd\/","logo":{"@type":"ImageObject","inLanguage":"pt-BR","@id":"https:\/\/noticiasemdestaque.com\/cd\/#\/schema\/logo\/image\/","url":"https:\/\/noticiasemdestaque.com\/cd\/wp-content\/uploads\/2022\/05\/imagem-base-noticiasemdestaque.png","contentUrl":"https:\/\/noticiasemdestaque.com\/cd\/wp-content\/uploads\/2022\/05\/imagem-base-noticiasemdestaque.png","width":1200,"height":630,"caption":"Not\u00edcias em Destaque"},"image":{"@id":"https:\/\/noticiasemdestaque.com\/cd\/#\/schema\/logo\/image\/"}},{"@type":"Person","@id":"https:\/\/noticiasemdestaque.com\/cd\/#\/schema\/person\/21320b03a7e8bb90128938dafc9b908a","name":"Not\u00edcias em Destaque","url":"https:\/\/noticiasemdestaque.com\/cd\/?author=2"}]}},"jetpack_featured_media_url":"https:\/\/noticiasemdestaque.com\/cd\/wp-content\/uploads\/2020\/06\/WhatsApp-Image-2020-06-30-at-11.09.48-2.jpeg","jetpack_sharing_enabled":true,"_links":{"self":[{"href":"https:\/\/noticiasemdestaque.com\/cd\/index.php?rest_route=\/wp\/v2\/posts\/25601","targetHints":{"allow":["GET"]}}],"collection":[{"href":"https:\/\/noticiasemdestaque.com\/cd\/index.php?rest_route=\/wp\/v2\/posts"}],"about":[{"href":"https:\/\/noticiasemdestaque.com\/cd\/index.php?rest_route=\/wp\/v2\/types\/post"}],"author":[{"embeddable":true,"href":"https:\/\/noticiasemdestaque.com\/cd\/index.php?rest_route=\/wp\/v2\/users\/2"}],"replies":[{"embeddable":true,"href":"https:\/\/noticiasemdestaque.com\/cd\/index.php?rest_route=%2Fwp%2Fv2%2Fcomments&post=25601"}],"version-history":[{"count":1,"href":"https:\/\/noticiasemdestaque.com\/cd\/index.php?rest_route=\/wp\/v2\/posts\/25601\/revisions"}],"predecessor-version":[{"id":25605,"href":"https:\/\/noticiasemdestaque.com\/cd\/index.php?rest_route=\/wp\/v2\/posts\/25601\/revisions\/25605"}],"wp:featuredmedia":[{"embeddable":true,"href":"https:\/\/noticiasemdestaque.com\/cd\/index.php?rest_route=\/wp\/v2\/media\/25602"}],"wp:attachment":[{"href":"https:\/\/noticiasemdestaque.com\/cd\/index.php?rest_route=%2Fwp%2Fv2%2Fmedia&parent=25601"}],"wp:term":[{"taxonomy":"category","embeddable":true,"href":"https:\/\/noticiasemdestaque.com\/cd\/index.php?rest_route=%2Fwp%2Fv2%2Fcategories&post=25601"},{"taxonomy":"post_tag","embeddable":true,"href":"https:\/\/noticiasemdestaque.com\/cd\/index.php?rest_route=%2Fwp%2Fv2%2Ftags&post=25601"}],"curies":[{"name":"wp","href":"https:\/\/api.w.org\/{rel}","templated":true}]}}