{"id":25599,"date":"2020-06-30T20:13:44","date_gmt":"2020-06-30T23:13:44","guid":{"rendered":"http:\/\/noticiasemdestaque.com\/cd\/?p=25599"},"modified":"2020-06-30T20:13:44","modified_gmt":"2020-06-30T23:13:44","slug":"camara-avanca-em-acordo-para-adiamento-de-eleicao-municipal","status":"publish","type":"post","link":"https:\/\/noticiasemdestaque.com\/cd\/?p=25599","title":{"rendered":"C\u00e2mara avan\u00e7a em acordo para adiamento de elei\u00e7\u00e3o municipal"},"content":{"rendered":"<p><a href=\"https:\/\/noticiasemdestaque.com\/cd\/wp-content\/uploads\/2020\/04\/Rodrigo-Maia-ABr-1.jpg\"><img fetchpriority=\"high\" decoding=\"async\" class=\"wp-image-24426 aligncenter\" src=\"https:\/\/noticiasemdestaque.com\/cd\/wp-content\/uploads\/2020\/04\/Rodrigo-Maia-ABr-1.jpg\" alt=\"\" width=\"622\" height=\"399\" srcset=\"https:\/\/noticiasemdestaque.com\/cd\/wp-content\/uploads\/2020\/04\/Rodrigo-Maia-ABr-1.jpg 800w, https:\/\/noticiasemdestaque.com\/cd\/wp-content\/uploads\/2020\/04\/Rodrigo-Maia-ABr-1-300x192.jpg 300w, https:\/\/noticiasemdestaque.com\/cd\/wp-content\/uploads\/2020\/04\/Rodrigo-Maia-ABr-1-768x492.jpg 768w\" sizes=\"(max-width: 622px) 100vw, 622px\" \/><\/a><\/p>\n<p>O presidente da C\u00e2mara, Rodrigo Maia (DEM-RJ), planeja colocar na pauta da sess\u00e3o desta quarta-feira (1\u00ba) a vota\u00e7\u00e3o da proposta de emenda \u00e0 Constitui\u00e7\u00e3o (PEC) que<a href=\"https:\/\/congressoemfoco.uol.com.br\/legislativo\/sem-votos-para-adiar-eleicao-municipal-maia-segura-votacao-de-pec\/\"><strong>\u00a0adia as elei\u00e7\u00f5es deste ano<\/strong><\/a>\u00a0para novembro. \u201cEst\u00e1 avan\u00e7ando para que a gente consiga colocar a mat\u00e9ria em vota\u00e7\u00e3o amanh\u00e3. Acho que est\u00e1 bem encaminhado o di\u00e1logo para que a gente possa votar amanh\u00e3 e ter uma defini\u00e7\u00e3o sobre o assunto durante o dia de quarta-feira\u201d, disse durante entrevista coletiva.<\/p>\n<p>O texto j\u00e1 foi aprovado pelo Senado e se n\u00e3o for modificado pelos deputados segue para promulga\u00e7\u00e3o. Inicialmente havia resist\u00eancia de alguns deputados do Centr\u00e3o em adiar para novembro, mas os deputados do bloco informal de direita e centro declararam apoio \u00e0 medida ap\u00f3s um acordo para aprovar\u00a0<a href=\"https:\/\/bit.ly\/2YMdnJT\"><strong>projetos de interesse de prefeitos<\/strong><\/a>, como aumento na destina\u00e7\u00e3o de verbas federais para munic\u00edpios e a volta das propagandas partid\u00e1rias.<\/p>\n<p><em><strong>Not\u00edcias em Destaque<\/strong><\/em><\/p>\n<p>Com Congresso em Foco<\/p>\n","protected":false},"excerpt":{"rendered":"<p>O presidente da C\u00e2mara, Rodrigo Maia (DEM-RJ), planeja colocar na pauta da sess\u00e3o desta quarta-feira (1\u00ba) a vota\u00e7\u00e3o da proposta de emenda \u00e0 Constitui\u00e7\u00e3o (PEC) que\u00a0adia as elei\u00e7\u00f5es deste ano\u00a0para novembro. \u201cEst\u00e1 avan\u00e7ando para que a gente consiga colocar a mat\u00e9ria em vota\u00e7\u00e3o amanh\u00e3. Acho que est\u00e1 bem encaminhado o di\u00e1logo para que a gente possa votar amanh\u00e3 e ter uma defini\u00e7\u00e3o sobre o assunto durante o dia de quarta-feira\u201d, disse durante entrevista coletiva. O texto j\u00e1 foi aprovado pelo Senado e se n\u00e3o for modificado pelos deputados segue para promulga\u00e7\u00e3o. Inicialmente havia resist\u00eancia de alguns deputados do Centr\u00e3o em adiar para novembro, mas os deputados do bloco informal de direita e centro declararam apoio \u00e0 medida ap\u00f3s um acordo para aprovar\u00a0projetos de interesse de prefeitos, como aumento na destina\u00e7\u00e3o de verbas federais para munic\u00edpios e a volta das propagandas partid\u00e1rias. Not\u00edcias em Destaque Com Congresso em Foco<\/p>\n","protected":false},"author":2,"featured_media":24426,"comment_status":"closed","ping_status":"open","sticky":false,"template":"","format":"standard","meta":{"_eb_attr":"","_jetpack_memberships_contains_paid_content":false,"footnotes":""},"categories":[4],"tags":[],"class_list":["post-25599","post","type-post","status-publish","format-standard","has-post-thumbnail","hentry","category-politica"],"yoast_head":"<!-- This site is optimized with the Yoast SEO plugin v26.5 - https:\/\/yoast.com\/wordpress\/plugins\/seo\/ -->\n<title>C\u00e2mara avan\u00e7a em acordo para adiamento de elei\u00e7\u00e3o municipal - Not&iacute;cias em Destaque<\/title>\n<meta name=\"robots\" content=\"index, follow, max-snippet:-1, max-image-preview:large, max-video-preview:-1\" \/>\n<link rel=\"canonical\" href=\"https:\/\/noticiasemdestaque.com\/cd\/?p=25599\" \/>\n<meta property=\"og:locale\" content=\"pt_BR\" \/>\n<meta property=\"og:type\" content=\"article\" \/>\n<meta property=\"og:title\" content=\"C\u00e2mara avan\u00e7a em acordo para adiamento de elei\u00e7\u00e3o municipal - Not&iacute;cias em Destaque\" \/>\n<meta property=\"og:description\" content=\"O presidente da C\u00e2mara, Rodrigo Maia (DEM-RJ), planeja colocar na pauta da sess\u00e3o desta quarta-feira (1\u00ba) a vota\u00e7\u00e3o da proposta de emenda \u00e0 Constitui\u00e7\u00e3o (PEC) que\u00a0adia as elei\u00e7\u00f5es deste ano\u00a0para novembro. \u201cEst\u00e1 avan\u00e7ando para que a gente consiga colocar a mat\u00e9ria em vota\u00e7\u00e3o amanh\u00e3. Acho que est\u00e1 bem encaminhado o di\u00e1logo para que a gente possa votar amanh\u00e3 e ter uma defini\u00e7\u00e3o sobre o assunto durante o dia de quarta-feira\u201d, disse durante entrevista coletiva. O texto j\u00e1 foi aprovado pelo Senado e se n\u00e3o for modificado pelos deputados segue para promulga\u00e7\u00e3o. Inicialmente havia resist\u00eancia de alguns deputados do Centr\u00e3o em adiar para novembro, mas os deputados do bloco informal de direita e centro declararam apoio \u00e0 medida ap\u00f3s um acordo para aprovar\u00a0projetos de interesse de prefeitos, como aumento na destina\u00e7\u00e3o de verbas federais para munic\u00edpios e a volta das propagandas partid\u00e1rias. Not\u00edcias em Destaque Com Congresso em Foco\" \/>\n<meta property=\"og:url\" content=\"https:\/\/noticiasemdestaque.com\/cd\/?p=25599\" \/>\n<meta property=\"og:site_name\" content=\"Not&iacute;cias em Destaque\" \/>\n<meta property=\"article:published_time\" content=\"2020-06-30T23:13:44+00:00\" \/>\n<meta property=\"og:image\" content=\"https:\/\/noticiasemdestaque.com\/cd\/wp-content\/uploads\/2020\/04\/Rodrigo-Maia-ABr-1.jpg\" \/>\n\t<meta property=\"og:image:width\" content=\"800\" \/>\n\t<meta property=\"og:image:height\" content=\"513\" \/>\n\t<meta property=\"og:image:type\" content=\"image\/jpeg\" \/>\n<meta name=\"author\" content=\"Not\u00edcias em Destaque\" \/>\n<meta name=\"twitter:card\" content=\"summary_large_image\" \/>\n<meta name=\"twitter:label1\" content=\"Escrito por\" \/>\n\t<meta name=\"twitter:data1\" content=\"Not\u00edcias em Destaque\" \/>\n\t<meta name=\"twitter:label2\" content=\"Est. tempo de leitura\" \/>\n\t<meta name=\"twitter:data2\" content=\"1 minuto\" \/>\n<script type=\"application\/ld+json\" class=\"yoast-schema-graph\">{\"@context\":\"https:\/\/schema.org\",\"@graph\":[{\"@type\":\"Article\",\"@id\":\"https:\/\/noticiasemdestaque.com\/cd\/?p=25599#article\",\"isPartOf\":{\"@id\":\"https:\/\/noticiasemdestaque.com\/cd\/?p=25599\"},\"author\":{\"name\":\"Not\u00edcias em Destaque\",\"@id\":\"https:\/\/noticiasemdestaque.com\/cd\/#\/schema\/person\/21320b03a7e8bb90128938dafc9b908a\"},\"headline\":\"C\u00e2mara avan\u00e7a em acordo para adiamento de elei\u00e7\u00e3o municipal\",\"datePublished\":\"2020-06-30T23:13:44+00:00\",\"mainEntityOfPage\":{\"@id\":\"https:\/\/noticiasemdestaque.com\/cd\/?p=25599\"},\"wordCount\":179,\"publisher\":{\"@id\":\"https:\/\/noticiasemdestaque.com\/cd\/#organization\"},\"image\":{\"@id\":\"https:\/\/noticiasemdestaque.com\/cd\/?p=25599#primaryimage\"},\"thumbnailUrl\":\"https:\/\/noticiasemdestaque.com\/cd\/wp-content\/uploads\/2020\/04\/Rodrigo-Maia-ABr-1.jpg\",\"articleSection\":[\"Pol\u00edtica\"],\"inLanguage\":\"pt-BR\"},{\"@type\":\"WebPage\",\"@id\":\"https:\/\/noticiasemdestaque.com\/cd\/?p=25599\",\"url\":\"https:\/\/noticiasemdestaque.com\/cd\/?p=25599\",\"name\":\"C\u00e2mara avan\u00e7a em acordo para adiamento de elei\u00e7\u00e3o municipal - Not&iacute;cias em Destaque\",\"isPartOf\":{\"@id\":\"https:\/\/noticiasemdestaque.com\/cd\/#website\"},\"primaryImageOfPage\":{\"@id\":\"https:\/\/noticiasemdestaque.com\/cd\/?p=25599#primaryimage\"},\"image\":{\"@id\":\"https:\/\/noticiasemdestaque.com\/cd\/?p=25599#primaryimage\"},\"thumbnailUrl\":\"https:\/\/noticiasemdestaque.com\/cd\/wp-content\/uploads\/2020\/04\/Rodrigo-Maia-ABr-1.jpg\",\"datePublished\":\"2020-06-30T23:13:44+00:00\",\"breadcrumb\":{\"@id\":\"https:\/\/noticiasemdestaque.com\/cd\/?p=25599#breadcrumb\"},\"inLanguage\":\"pt-BR\",\"potentialAction\":[{\"@type\":\"ReadAction\",\"target\":[\"https:\/\/noticiasemdestaque.com\/cd\/?p=25599\"]}]},{\"@type\":\"ImageObject\",\"inLanguage\":\"pt-BR\",\"@id\":\"https:\/\/noticiasemdestaque.com\/cd\/?p=25599#primaryimage\",\"url\":\"https:\/\/noticiasemdestaque.com\/cd\/wp-content\/uploads\/2020\/04\/Rodrigo-Maia-ABr-1.jpg\",\"contentUrl\":\"https:\/\/noticiasemdestaque.com\/cd\/wp-content\/uploads\/2020\/04\/Rodrigo-Maia-ABr-1.jpg\",\"width\":800,\"height\":513},{\"@type\":\"BreadcrumbList\",\"@id\":\"https:\/\/noticiasemdestaque.com\/cd\/?p=25599#breadcrumb\",\"itemListElement\":[{\"@type\":\"ListItem\",\"position\":1,\"name\":\"In\u00edcio\",\"item\":\"https:\/\/noticiasemdestaque.com\/cd\/\"},{\"@type\":\"ListItem\",\"position\":2,\"name\":\"C\u00e2mara avan\u00e7a em acordo para adiamento de elei\u00e7\u00e3o municipal\"}]},{\"@type\":\"WebSite\",\"@id\":\"https:\/\/noticiasemdestaque.com\/cd\/#website\",\"url\":\"https:\/\/noticiasemdestaque.com\/cd\/\",\"name\":\"Not&iacute;cias em Destaque\",\"description\":\"\",\"publisher\":{\"@id\":\"https:\/\/noticiasemdestaque.com\/cd\/#organization\"},\"potentialAction\":[{\"@type\":\"SearchAction\",\"target\":{\"@type\":\"EntryPoint\",\"urlTemplate\":\"https:\/\/noticiasemdestaque.com\/cd\/?s={search_term_string}\"},\"query-input\":{\"@type\":\"PropertyValueSpecification\",\"valueRequired\":true,\"valueName\":\"search_term_string\"}}],\"inLanguage\":\"pt-BR\"},{\"@type\":\"Organization\",\"@id\":\"https:\/\/noticiasemdestaque.com\/cd\/#organization\",\"name\":\"Not\u00edcias em Destaque\",\"url\":\"https:\/\/noticiasemdestaque.com\/cd\/\",\"logo\":{\"@type\":\"ImageObject\",\"inLanguage\":\"pt-BR\",\"@id\":\"https:\/\/noticiasemdestaque.com\/cd\/#\/schema\/logo\/image\/\",\"url\":\"https:\/\/noticiasemdestaque.com\/cd\/wp-content\/uploads\/2022\/05\/imagem-base-noticiasemdestaque.png\",\"contentUrl\":\"https:\/\/noticiasemdestaque.com\/cd\/wp-content\/uploads\/2022\/05\/imagem-base-noticiasemdestaque.png\",\"width\":1200,\"height\":630,\"caption\":\"Not\u00edcias em Destaque\"},\"image\":{\"@id\":\"https:\/\/noticiasemdestaque.com\/cd\/#\/schema\/logo\/image\/\"}},{\"@type\":\"Person\",\"@id\":\"https:\/\/noticiasemdestaque.com\/cd\/#\/schema\/person\/21320b03a7e8bb90128938dafc9b908a\",\"name\":\"Not\u00edcias em Destaque\",\"url\":\"https:\/\/noticiasemdestaque.com\/cd\/?author=2\"}]}<\/script>\n<!-- \/ Yoast SEO plugin. -->","yoast_head_json":{"title":"C\u00e2mara avan\u00e7a em acordo para adiamento de elei\u00e7\u00e3o municipal - Not&iacute;cias em Destaque","robots":{"index":"index","follow":"follow","max-snippet":"max-snippet:-1","max-image-preview":"max-image-preview:large","max-video-preview":"max-video-preview:-1"},"canonical":"https:\/\/noticiasemdestaque.com\/cd\/?p=25599","og_locale":"pt_BR","og_type":"article","og_title":"C\u00e2mara avan\u00e7a em acordo para adiamento de elei\u00e7\u00e3o municipal - Not&iacute;cias em Destaque","og_description":"O presidente da C\u00e2mara, Rodrigo Maia (DEM-RJ), planeja colocar na pauta da sess\u00e3o desta quarta-feira (1\u00ba) a vota\u00e7\u00e3o da proposta de emenda \u00e0 Constitui\u00e7\u00e3o (PEC) que\u00a0adia as elei\u00e7\u00f5es deste ano\u00a0para novembro. \u201cEst\u00e1 avan\u00e7ando para que a gente consiga colocar a mat\u00e9ria em vota\u00e7\u00e3o amanh\u00e3. Acho que est\u00e1 bem encaminhado o di\u00e1logo para que a gente possa votar amanh\u00e3 e ter uma defini\u00e7\u00e3o sobre o assunto durante o dia de quarta-feira\u201d, disse durante entrevista coletiva. O texto j\u00e1 foi aprovado pelo Senado e se n\u00e3o for modificado pelos deputados segue para promulga\u00e7\u00e3o. Inicialmente havia resist\u00eancia de alguns deputados do Centr\u00e3o em adiar para novembro, mas os deputados do bloco informal de direita e centro declararam apoio \u00e0 medida ap\u00f3s um acordo para aprovar\u00a0projetos de interesse de prefeitos, como aumento na destina\u00e7\u00e3o de verbas federais para munic\u00edpios e a volta das propagandas partid\u00e1rias. Not\u00edcias em Destaque Com Congresso em Foco","og_url":"https:\/\/noticiasemdestaque.com\/cd\/?p=25599","og_site_name":"Not&iacute;cias em Destaque","article_published_time":"2020-06-30T23:13:44+00:00","og_image":[{"width":800,"height":513,"url":"https:\/\/noticiasemdestaque.com\/cd\/wp-content\/uploads\/2020\/04\/Rodrigo-Maia-ABr-1.jpg","type":"image\/jpeg"}],"author":"Not\u00edcias em Destaque","twitter_card":"summary_large_image","twitter_misc":{"Escrito por":"Not\u00edcias em Destaque","Est. tempo de leitura":"1 minuto"},"schema":{"@context":"https:\/\/schema.org","@graph":[{"@type":"Article","@id":"https:\/\/noticiasemdestaque.com\/cd\/?p=25599#article","isPartOf":{"@id":"https:\/\/noticiasemdestaque.com\/cd\/?p=25599"},"author":{"name":"Not\u00edcias em Destaque","@id":"https:\/\/noticiasemdestaque.com\/cd\/#\/schema\/person\/21320b03a7e8bb90128938dafc9b908a"},"headline":"C\u00e2mara avan\u00e7a em acordo para adiamento de elei\u00e7\u00e3o municipal","datePublished":"2020-06-30T23:13:44+00:00","mainEntityOfPage":{"@id":"https:\/\/noticiasemdestaque.com\/cd\/?p=25599"},"wordCount":179,"publisher":{"@id":"https:\/\/noticiasemdestaque.com\/cd\/#organization"},"image":{"@id":"https:\/\/noticiasemdestaque.com\/cd\/?p=25599#primaryimage"},"thumbnailUrl":"https:\/\/noticiasemdestaque.com\/cd\/wp-content\/uploads\/2020\/04\/Rodrigo-Maia-ABr-1.jpg","articleSection":["Pol\u00edtica"],"inLanguage":"pt-BR"},{"@type":"WebPage","@id":"https:\/\/noticiasemdestaque.com\/cd\/?p=25599","url":"https:\/\/noticiasemdestaque.com\/cd\/?p=25599","name":"C\u00e2mara avan\u00e7a em acordo para adiamento de elei\u00e7\u00e3o municipal - Not&iacute;cias em Destaque","isPartOf":{"@id":"https:\/\/noticiasemdestaque.com\/cd\/#website"},"primaryImageOfPage":{"@id":"https:\/\/noticiasemdestaque.com\/cd\/?p=25599#primaryimage"},"image":{"@id":"https:\/\/noticiasemdestaque.com\/cd\/?p=25599#primaryimage"},"thumbnailUrl":"https:\/\/noticiasemdestaque.com\/cd\/wp-content\/uploads\/2020\/04\/Rodrigo-Maia-ABr-1.jpg","datePublished":"2020-06-30T23:13:44+00:00","breadcrumb":{"@id":"https:\/\/noticiasemdestaque.com\/cd\/?p=25599#breadcrumb"},"inLanguage":"pt-BR","potentialAction":[{"@type":"ReadAction","target":["https:\/\/noticiasemdestaque.com\/cd\/?p=25599"]}]},{"@type":"ImageObject","inLanguage":"pt-BR","@id":"https:\/\/noticiasemdestaque.com\/cd\/?p=25599#primaryimage","url":"https:\/\/noticiasemdestaque.com\/cd\/wp-content\/uploads\/2020\/04\/Rodrigo-Maia-ABr-1.jpg","contentUrl":"https:\/\/noticiasemdestaque.com\/cd\/wp-content\/uploads\/2020\/04\/Rodrigo-Maia-ABr-1.jpg","width":800,"height":513},{"@type":"BreadcrumbList","@id":"https:\/\/noticiasemdestaque.com\/cd\/?p=25599#breadcrumb","itemListElement":[{"@type":"ListItem","position":1,"name":"In\u00edcio","item":"https:\/\/noticiasemdestaque.com\/cd\/"},{"@type":"ListItem","position":2,"name":"C\u00e2mara avan\u00e7a em acordo para adiamento de elei\u00e7\u00e3o municipal"}]},{"@type":"WebSite","@id":"https:\/\/noticiasemdestaque.com\/cd\/#website","url":"https:\/\/noticiasemdestaque.com\/cd\/","name":"Not&iacute;cias em Destaque","description":"","publisher":{"@id":"https:\/\/noticiasemdestaque.com\/cd\/#organization"},"potentialAction":[{"@type":"SearchAction","target":{"@type":"EntryPoint","urlTemplate":"https:\/\/noticiasemdestaque.com\/cd\/?s={search_term_string}"},"query-input":{"@type":"PropertyValueSpecification","valueRequired":true,"valueName":"search_term_string"}}],"inLanguage":"pt-BR"},{"@type":"Organization","@id":"https:\/\/noticiasemdestaque.com\/cd\/#organization","name":"Not\u00edcias em Destaque","url":"https:\/\/noticiasemdestaque.com\/cd\/","logo":{"@type":"ImageObject","inLanguage":"pt-BR","@id":"https:\/\/noticiasemdestaque.com\/cd\/#\/schema\/logo\/image\/","url":"https:\/\/noticiasemdestaque.com\/cd\/wp-content\/uploads\/2022\/05\/imagem-base-noticiasemdestaque.png","contentUrl":"https:\/\/noticiasemdestaque.com\/cd\/wp-content\/uploads\/2022\/05\/imagem-base-noticiasemdestaque.png","width":1200,"height":630,"caption":"Not\u00edcias em Destaque"},"image":{"@id":"https:\/\/noticiasemdestaque.com\/cd\/#\/schema\/logo\/image\/"}},{"@type":"Person","@id":"https:\/\/noticiasemdestaque.com\/cd\/#\/schema\/person\/21320b03a7e8bb90128938dafc9b908a","name":"Not\u00edcias em Destaque","url":"https:\/\/noticiasemdestaque.com\/cd\/?author=2"}]}},"jetpack_featured_media_url":"https:\/\/noticiasemdestaque.com\/cd\/wp-content\/uploads\/2020\/04\/Rodrigo-Maia-ABr-1.jpg","jetpack_sharing_enabled":true,"_links":{"self":[{"href":"https:\/\/noticiasemdestaque.com\/cd\/index.php?rest_route=\/wp\/v2\/posts\/25599","targetHints":{"allow":["GET"]}}],"collection":[{"href":"https:\/\/noticiasemdestaque.com\/cd\/index.php?rest_route=\/wp\/v2\/posts"}],"about":[{"href":"https:\/\/noticiasemdestaque.com\/cd\/index.php?rest_route=\/wp\/v2\/types\/post"}],"author":[{"embeddable":true,"href":"https:\/\/noticiasemdestaque.com\/cd\/index.php?rest_route=\/wp\/v2\/users\/2"}],"replies":[{"embeddable":true,"href":"https:\/\/noticiasemdestaque.com\/cd\/index.php?rest_route=%2Fwp%2Fv2%2Fcomments&post=25599"}],"version-history":[{"count":1,"href":"https:\/\/noticiasemdestaque.com\/cd\/index.php?rest_route=\/wp\/v2\/posts\/25599\/revisions"}],"predecessor-version":[{"id":25600,"href":"https:\/\/noticiasemdestaque.com\/cd\/index.php?rest_route=\/wp\/v2\/posts\/25599\/revisions\/25600"}],"wp:featuredmedia":[{"embeddable":true,"href":"https:\/\/noticiasemdestaque.com\/cd\/index.php?rest_route=\/wp\/v2\/media\/24426"}],"wp:attachment":[{"href":"https:\/\/noticiasemdestaque.com\/cd\/index.php?rest_route=%2Fwp%2Fv2%2Fmedia&parent=25599"}],"wp:term":[{"taxonomy":"category","embeddable":true,"href":"https:\/\/noticiasemdestaque.com\/cd\/index.php?rest_route=%2Fwp%2Fv2%2Fcategories&post=25599"},{"taxonomy":"post_tag","embeddable":true,"href":"https:\/\/noticiasemdestaque.com\/cd\/index.php?rest_route=%2Fwp%2Fv2%2Ftags&post=25599"}],"curies":[{"name":"wp","href":"https:\/\/api.w.org\/{rel}","templated":true}]}}