{"id":25588,"date":"2020-06-29T20:15:17","date_gmt":"2020-06-29T23:15:17","guid":{"rendered":"http:\/\/noticiasemdestaque.com\/cd\/?p=25588"},"modified":"2020-06-29T20:15:17","modified_gmt":"2020-06-29T23:15:17","slug":"guilherme-gaudencio-pede-ao-governo-do-estado-a-troca-dos-equipamentos-hospitalares-do-hospital-regional-de-serra-branca","status":"publish","type":"post","link":"https:\/\/noticiasemdestaque.com\/cd\/?p=25588","title":{"rendered":"Guilherme Gaud\u00eancio pede ao governo do Estado a troca dos equipamentos hospitalares do Hospital Regional de Serra Branca"},"content":{"rendered":"<p><a href=\"https:\/\/noticiasemdestaque.com\/cd\/wp-content\/uploads\/2018\/05\/IMG_6111.jpg\"><img fetchpriority=\"high\" decoding=\"async\" class=\" wp-image-10254\" src=\"https:\/\/noticiasemdestaque.com\/cd\/wp-content\/uploads\/2018\/05\/IMG_6111-1024x683.jpg\" alt=\"\" width=\"462\" height=\"308\" srcset=\"https:\/\/noticiasemdestaque.com\/cd\/wp-content\/uploads\/2018\/05\/IMG_6111-1024x683.jpg 1024w, https:\/\/noticiasemdestaque.com\/cd\/wp-content\/uploads\/2018\/05\/IMG_6111-300x200.jpg 300w, https:\/\/noticiasemdestaque.com\/cd\/wp-content\/uploads\/2018\/05\/IMG_6111-768x512.jpg 768w, https:\/\/noticiasemdestaque.com\/cd\/wp-content\/uploads\/2018\/05\/IMG_6111-480x320.jpg 480w\" sizes=\"(max-width: 462px) 100vw, 462px\" \/><\/a><\/p>\n<p style=\"font-weight: 400;\">A C\u00e2mara Municipal de Serra Branca aprovou requerimento em que pede a secretaria estadual de sa\u00fade, a troca dos equipamentos hospitalares do Hospital Regional de Serra Branca Yaya Maranh\u00e3o. O requerimento foi apresentado pelo vereador Guilherme Gaud\u00eancio (PDT), que justificou que alguns equipamentos est\u00e3o sendo usados h\u00e1 30 anos e a gest\u00e3o municipal, at\u00e9 o momento, n\u00e3o fez as substitui\u00e7\u00f5es necess\u00e1rias para o atendimento adequado \u00e0 popula\u00e7\u00e3o de Serra Branca, Gurj\u00e3o, Santo Andr\u00e9, Parari, S\u00e3o Jo\u00e3o do Cariri, S\u00e3o Jose dos Cordeiros, Coxixola e Cara\u00fabas.<\/p>\n<p style=\"font-weight: 400;\">O vereador Guilherme Gaud\u00eancio demonstra preocupa\u00e7\u00e3o com a situa\u00e7\u00e3o da sa\u00fade dos moradores da regi\u00e3o neste momento de pandemia do Covid-19 e solicita ao secret\u00e1rio Estadual de Sa\u00fade, Geraldo Medeiros, a reposi\u00e7\u00e3o de equipamentos como camas, aparelho de Raio- x e equipamentos da lavanderia.<\/p>\n<p style=\"font-weight: 400;\">De acordo com Guilherme, o Brasil e a Para\u00edba vivem uma grande crise provocada pelo Covid-19, e \u201ctestemunhamos todo esfor\u00e7o e empenho, que o Governo do Estado da Para\u00edba, esta fazendo na preven\u00e7\u00e3o e combate a Pandemia, principalmente na abertura de leitos hospitalares nos grandes centros\u201d.<\/p>\n<p style=\"font-weight: 400;\">\u201cSabemos que a popula\u00e7\u00e3o da regi\u00e3o \u00e9 referenciada em Campina Grande, por\u00e9m o hospital Regional de Serra Branca, atende uma popula\u00e7\u00e3o aproximadamente 50 mil habitantes, de 8 munic\u00edpios ( Gurj\u00e3o, Santo Andre, Parari, S\u00e3o Jo\u00e3o do Cariri, S\u00e3o Jose dos Cordeiros, Coxixola, Cara\u00fabas e Serra Branca), onde nesse Hospital faz a regula\u00e7\u00e3o de diversos pacientes suspeitos de Covid e outras patologia de urg\u00eancia. O Hospital Estadual Yaya Maranh\u00e3o, que \u00e9 administrado pela prefeitura de Serra Branca, j\u00e1 disp\u00f5e de toda uma estrutura hospitalar, por\u00e9m \u00e9 necess\u00e1rio para um bom atendimento medico,\u00a0\u00a0melhores condi\u00e7\u00f5es em sua estrutura medico hospitalar\u201d, justificou Guilherme.<\/p>\n<p style=\"font-weight: 400;\">Fonte: Assessoria<\/p>\n","protected":false},"excerpt":{"rendered":"<p>A C\u00e2mara Municipal de Serra Branca aprovou requerimento em que pede a secretaria estadual de sa\u00fade, a troca dos equipamentos hospitalares do Hospital Regional de Serra Branca Yaya Maranh\u00e3o. O requerimento foi apresentado pelo vereador Guilherme Gaud\u00eancio (PDT), que justificou que alguns equipamentos est\u00e3o sendo usados h\u00e1 30 anos e a gest\u00e3o municipal, at\u00e9 o momento, n\u00e3o fez as substitui\u00e7\u00f5es necess\u00e1rias para o atendimento adequado \u00e0 popula\u00e7\u00e3o de Serra Branca, Gurj\u00e3o, Santo Andr\u00e9, Parari, S\u00e3o Jo\u00e3o do Cariri, S\u00e3o Jose dos Cordeiros, Coxixola e Cara\u00fabas. O vereador Guilherme Gaud\u00eancio demonstra preocupa\u00e7\u00e3o com a situa\u00e7\u00e3o da sa\u00fade dos moradores da regi\u00e3o neste momento de pandemia do Covid-19 e solicita ao secret\u00e1rio Estadual de Sa\u00fade, Geraldo Medeiros, a reposi\u00e7\u00e3o de equipamentos como camas, aparelho de Raio- x e equipamentos da lavanderia. De acordo com Guilherme, o Brasil e a Para\u00edba vivem uma grande crise provocada pelo Covid-19, e \u201ctestemunhamos todo esfor\u00e7o e empenho, que o Governo do Estado da Para\u00edba, esta fazendo na preven\u00e7\u00e3o e combate a Pandemia, principalmente na abertura de leitos hospitalares nos grandes centros\u201d. \u201cSabemos que a popula\u00e7\u00e3o da regi\u00e3o \u00e9 referenciada em Campina Grande, por\u00e9m o hospital Regional de Serra Branca, atende uma popula\u00e7\u00e3o aproximadamente 50 mil habitantes, de 8 munic\u00edpios ( Gurj\u00e3o, Santo Andre, Parari, S\u00e3o Jo\u00e3o do Cariri, S\u00e3o Jose dos Cordeiros, Coxixola, Cara\u00fabas e Serra Branca), onde nesse Hospital faz a regula\u00e7\u00e3o de diversos pacientes suspeitos de Covid e outras patologia de urg\u00eancia. O Hospital Estadual Yaya Maranh\u00e3o, que \u00e9 administrado pela prefeitura de Serra Branca, j\u00e1 disp\u00f5e de toda uma estrutura hospitalar, por\u00e9m \u00e9 necess\u00e1rio para um bom atendimento medico,\u00a0\u00a0melhores condi\u00e7\u00f5es em sua estrutura medico hospitalar\u201d, justificou Guilherme. Fonte: Assessoria<\/p>\n","protected":false},"author":2,"featured_media":10254,"comment_status":"closed","ping_status":"open","sticky":false,"template":"","format":"standard","meta":{"_eb_attr":"","_jetpack_memberships_contains_paid_content":false,"footnotes":""},"categories":[4],"tags":[],"class_list":["post-25588","post","type-post","status-publish","format-standard","has-post-thumbnail","hentry","category-politica"],"yoast_head":"<!-- This site is optimized with the Yoast SEO plugin v26.5 - https:\/\/yoast.com\/wordpress\/plugins\/seo\/ -->\n<title>Guilherme Gaud\u00eancio pede ao governo do Estado a troca dos equipamentos hospitalares do Hospital Regional de Serra Branca - Not&iacute;cias em Destaque<\/title>\n<meta name=\"robots\" content=\"index, follow, max-snippet:-1, max-image-preview:large, max-video-preview:-1\" \/>\n<link rel=\"canonical\" href=\"https:\/\/noticiasemdestaque.com\/cd\/?p=25588\" \/>\n<meta property=\"og:locale\" content=\"pt_BR\" \/>\n<meta property=\"og:type\" content=\"article\" \/>\n<meta property=\"og:title\" content=\"Guilherme Gaud\u00eancio pede ao governo do Estado a troca dos equipamentos hospitalares do Hospital Regional de Serra Branca - Not&iacute;cias em Destaque\" \/>\n<meta property=\"og:description\" content=\"A C\u00e2mara Municipal de Serra Branca aprovou requerimento em que pede a secretaria estadual de sa\u00fade, a troca dos equipamentos hospitalares do Hospital Regional de Serra Branca Yaya Maranh\u00e3o. O requerimento foi apresentado pelo vereador Guilherme Gaud\u00eancio (PDT), que justificou que alguns equipamentos est\u00e3o sendo usados h\u00e1 30 anos e a gest\u00e3o municipal, at\u00e9 o momento, n\u00e3o fez as substitui\u00e7\u00f5es necess\u00e1rias para o atendimento adequado \u00e0 popula\u00e7\u00e3o de Serra Branca, Gurj\u00e3o, Santo Andr\u00e9, Parari, S\u00e3o Jo\u00e3o do Cariri, S\u00e3o Jose dos Cordeiros, Coxixola e Cara\u00fabas. O vereador Guilherme Gaud\u00eancio demonstra preocupa\u00e7\u00e3o com a situa\u00e7\u00e3o da sa\u00fade dos moradores da regi\u00e3o neste momento de pandemia do Covid-19 e solicita ao secret\u00e1rio Estadual de Sa\u00fade, Geraldo Medeiros, a reposi\u00e7\u00e3o de equipamentos como camas, aparelho de Raio- x e equipamentos da lavanderia. De acordo com Guilherme, o Brasil e a Para\u00edba vivem uma grande crise provocada pelo Covid-19, e \u201ctestemunhamos todo esfor\u00e7o e empenho, que o Governo do Estado da Para\u00edba, esta fazendo na preven\u00e7\u00e3o e combate a Pandemia, principalmente na abertura de leitos hospitalares nos grandes centros\u201d. \u201cSabemos que a popula\u00e7\u00e3o da regi\u00e3o \u00e9 referenciada em Campina Grande, por\u00e9m o hospital Regional de Serra Branca, atende uma popula\u00e7\u00e3o aproximadamente 50 mil habitantes, de 8 munic\u00edpios ( Gurj\u00e3o, Santo Andre, Parari, S\u00e3o Jo\u00e3o do Cariri, S\u00e3o Jose dos Cordeiros, Coxixola, Cara\u00fabas e Serra Branca), onde nesse Hospital faz a regula\u00e7\u00e3o de diversos pacientes suspeitos de Covid e outras patologia de urg\u00eancia. O Hospital Estadual Yaya Maranh\u00e3o, que \u00e9 administrado pela prefeitura de Serra Branca, j\u00e1 disp\u00f5e de toda uma estrutura hospitalar, por\u00e9m \u00e9 necess\u00e1rio para um bom atendimento medico,\u00a0\u00a0melhores condi\u00e7\u00f5es em sua estrutura medico hospitalar\u201d, justificou Guilherme. Fonte: Assessoria\" \/>\n<meta property=\"og:url\" content=\"https:\/\/noticiasemdestaque.com\/cd\/?p=25588\" \/>\n<meta property=\"og:site_name\" content=\"Not&iacute;cias em Destaque\" \/>\n<meta property=\"article:published_time\" content=\"2020-06-29T23:15:17+00:00\" \/>\n<meta property=\"og:image\" content=\"https:\/\/noticiasemdestaque.com\/cd\/wp-content\/uploads\/2018\/05\/IMG_6111-1024x683.jpg\" \/>\n\t<meta property=\"og:image:width\" content=\"1024\" \/>\n\t<meta property=\"og:image:height\" content=\"683\" \/>\n\t<meta property=\"og:image:type\" content=\"image\/jpeg\" \/>\n<meta name=\"author\" content=\"Not\u00edcias em Destaque\" \/>\n<meta name=\"twitter:card\" content=\"summary_large_image\" \/>\n<meta name=\"twitter:label1\" content=\"Escrito por\" \/>\n\t<meta name=\"twitter:data1\" content=\"Not\u00edcias em Destaque\" \/>\n\t<meta name=\"twitter:label2\" content=\"Est. tempo de leitura\" \/>\n\t<meta name=\"twitter:data2\" content=\"2 minutos\" \/>\n<script type=\"application\/ld+json\" class=\"yoast-schema-graph\">{\"@context\":\"https:\/\/schema.org\",\"@graph\":[{\"@type\":\"Article\",\"@id\":\"https:\/\/noticiasemdestaque.com\/cd\/?p=25588#article\",\"isPartOf\":{\"@id\":\"https:\/\/noticiasemdestaque.com\/cd\/?p=25588\"},\"author\":{\"name\":\"Not\u00edcias em Destaque\",\"@id\":\"https:\/\/noticiasemdestaque.com\/cd\/#\/schema\/person\/21320b03a7e8bb90128938dafc9b908a\"},\"headline\":\"Guilherme Gaud\u00eancio pede ao governo do Estado a troca dos equipamentos hospitalares do Hospital Regional de Serra Branca\",\"datePublished\":\"2020-06-29T23:15:17+00:00\",\"mainEntityOfPage\":{\"@id\":\"https:\/\/noticiasemdestaque.com\/cd\/?p=25588\"},\"wordCount\":332,\"publisher\":{\"@id\":\"https:\/\/noticiasemdestaque.com\/cd\/#organization\"},\"image\":{\"@id\":\"https:\/\/noticiasemdestaque.com\/cd\/?p=25588#primaryimage\"},\"thumbnailUrl\":\"https:\/\/noticiasemdestaque.com\/cd\/wp-content\/uploads\/2018\/05\/IMG_6111.jpg\",\"articleSection\":[\"Pol\u00edtica\"],\"inLanguage\":\"pt-BR\"},{\"@type\":\"WebPage\",\"@id\":\"https:\/\/noticiasemdestaque.com\/cd\/?p=25588\",\"url\":\"https:\/\/noticiasemdestaque.com\/cd\/?p=25588\",\"name\":\"Guilherme Gaud\u00eancio pede ao governo do Estado a troca dos equipamentos hospitalares do Hospital Regional de Serra Branca - Not&iacute;cias em Destaque\",\"isPartOf\":{\"@id\":\"https:\/\/noticiasemdestaque.com\/cd\/#website\"},\"primaryImageOfPage\":{\"@id\":\"https:\/\/noticiasemdestaque.com\/cd\/?p=25588#primaryimage\"},\"image\":{\"@id\":\"https:\/\/noticiasemdestaque.com\/cd\/?p=25588#primaryimage\"},\"thumbnailUrl\":\"https:\/\/noticiasemdestaque.com\/cd\/wp-content\/uploads\/2018\/05\/IMG_6111.jpg\",\"datePublished\":\"2020-06-29T23:15:17+00:00\",\"breadcrumb\":{\"@id\":\"https:\/\/noticiasemdestaque.com\/cd\/?p=25588#breadcrumb\"},\"inLanguage\":\"pt-BR\",\"potentialAction\":[{\"@type\":\"ReadAction\",\"target\":[\"https:\/\/noticiasemdestaque.com\/cd\/?p=25588\"]}]},{\"@type\":\"ImageObject\",\"inLanguage\":\"pt-BR\",\"@id\":\"https:\/\/noticiasemdestaque.com\/cd\/?p=25588#primaryimage\",\"url\":\"https:\/\/noticiasemdestaque.com\/cd\/wp-content\/uploads\/2018\/05\/IMG_6111.jpg\",\"contentUrl\":\"https:\/\/noticiasemdestaque.com\/cd\/wp-content\/uploads\/2018\/05\/IMG_6111.jpg\",\"width\":5184,\"height\":3456,\"caption\":\"Guilherme_Nova\"},{\"@type\":\"BreadcrumbList\",\"@id\":\"https:\/\/noticiasemdestaque.com\/cd\/?p=25588#breadcrumb\",\"itemListElement\":[{\"@type\":\"ListItem\",\"position\":1,\"name\":\"In\u00edcio\",\"item\":\"https:\/\/noticiasemdestaque.com\/cd\/\"},{\"@type\":\"ListItem\",\"position\":2,\"name\":\"Guilherme Gaud\u00eancio pede ao governo do Estado a troca dos equipamentos hospitalares do Hospital Regional de Serra Branca\"}]},{\"@type\":\"WebSite\",\"@id\":\"https:\/\/noticiasemdestaque.com\/cd\/#website\",\"url\":\"https:\/\/noticiasemdestaque.com\/cd\/\",\"name\":\"Not&iacute;cias em Destaque\",\"description\":\"\",\"publisher\":{\"@id\":\"https:\/\/noticiasemdestaque.com\/cd\/#organization\"},\"potentialAction\":[{\"@type\":\"SearchAction\",\"target\":{\"@type\":\"EntryPoint\",\"urlTemplate\":\"https:\/\/noticiasemdestaque.com\/cd\/?s={search_term_string}\"},\"query-input\":{\"@type\":\"PropertyValueSpecification\",\"valueRequired\":true,\"valueName\":\"search_term_string\"}}],\"inLanguage\":\"pt-BR\"},{\"@type\":\"Organization\",\"@id\":\"https:\/\/noticiasemdestaque.com\/cd\/#organization\",\"name\":\"Not\u00edcias em Destaque\",\"url\":\"https:\/\/noticiasemdestaque.com\/cd\/\",\"logo\":{\"@type\":\"ImageObject\",\"inLanguage\":\"pt-BR\",\"@id\":\"https:\/\/noticiasemdestaque.com\/cd\/#\/schema\/logo\/image\/\",\"url\":\"https:\/\/noticiasemdestaque.com\/cd\/wp-content\/uploads\/2022\/05\/imagem-base-noticiasemdestaque.png\",\"contentUrl\":\"https:\/\/noticiasemdestaque.com\/cd\/wp-content\/uploads\/2022\/05\/imagem-base-noticiasemdestaque.png\",\"width\":1200,\"height\":630,\"caption\":\"Not\u00edcias em Destaque\"},\"image\":{\"@id\":\"https:\/\/noticiasemdestaque.com\/cd\/#\/schema\/logo\/image\/\"}},{\"@type\":\"Person\",\"@id\":\"https:\/\/noticiasemdestaque.com\/cd\/#\/schema\/person\/21320b03a7e8bb90128938dafc9b908a\",\"name\":\"Not\u00edcias em Destaque\",\"url\":\"https:\/\/noticiasemdestaque.com\/cd\/?author=2\"}]}<\/script>\n<!-- \/ Yoast SEO plugin. -->","yoast_head_json":{"title":"Guilherme Gaud\u00eancio pede ao governo do Estado a troca dos equipamentos hospitalares do Hospital Regional de Serra Branca - Not&iacute;cias em Destaque","robots":{"index":"index","follow":"follow","max-snippet":"max-snippet:-1","max-image-preview":"max-image-preview:large","max-video-preview":"max-video-preview:-1"},"canonical":"https:\/\/noticiasemdestaque.com\/cd\/?p=25588","og_locale":"pt_BR","og_type":"article","og_title":"Guilherme Gaud\u00eancio pede ao governo do Estado a troca dos equipamentos hospitalares do Hospital Regional de Serra Branca - Not&iacute;cias em Destaque","og_description":"A C\u00e2mara Municipal de Serra Branca aprovou requerimento em que pede a secretaria estadual de sa\u00fade, a troca dos equipamentos hospitalares do Hospital Regional de Serra Branca Yaya Maranh\u00e3o. O requerimento foi apresentado pelo vereador Guilherme Gaud\u00eancio (PDT), que justificou que alguns equipamentos est\u00e3o sendo usados h\u00e1 30 anos e a gest\u00e3o municipal, at\u00e9 o momento, n\u00e3o fez as substitui\u00e7\u00f5es necess\u00e1rias para o atendimento adequado \u00e0 popula\u00e7\u00e3o de Serra Branca, Gurj\u00e3o, Santo Andr\u00e9, Parari, S\u00e3o Jo\u00e3o do Cariri, S\u00e3o Jose dos Cordeiros, Coxixola e Cara\u00fabas. O vereador Guilherme Gaud\u00eancio demonstra preocupa\u00e7\u00e3o com a situa\u00e7\u00e3o da sa\u00fade dos moradores da regi\u00e3o neste momento de pandemia do Covid-19 e solicita ao secret\u00e1rio Estadual de Sa\u00fade, Geraldo Medeiros, a reposi\u00e7\u00e3o de equipamentos como camas, aparelho de Raio- x e equipamentos da lavanderia. De acordo com Guilherme, o Brasil e a Para\u00edba vivem uma grande crise provocada pelo Covid-19, e \u201ctestemunhamos todo esfor\u00e7o e empenho, que o Governo do Estado da Para\u00edba, esta fazendo na preven\u00e7\u00e3o e combate a Pandemia, principalmente na abertura de leitos hospitalares nos grandes centros\u201d. \u201cSabemos que a popula\u00e7\u00e3o da regi\u00e3o \u00e9 referenciada em Campina Grande, por\u00e9m o hospital Regional de Serra Branca, atende uma popula\u00e7\u00e3o aproximadamente 50 mil habitantes, de 8 munic\u00edpios ( Gurj\u00e3o, Santo Andre, Parari, S\u00e3o Jo\u00e3o do Cariri, S\u00e3o Jose dos Cordeiros, Coxixola, Cara\u00fabas e Serra Branca), onde nesse Hospital faz a regula\u00e7\u00e3o de diversos pacientes suspeitos de Covid e outras patologia de urg\u00eancia. O Hospital Estadual Yaya Maranh\u00e3o, que \u00e9 administrado pela prefeitura de Serra Branca, j\u00e1 disp\u00f5e de toda uma estrutura hospitalar, por\u00e9m \u00e9 necess\u00e1rio para um bom atendimento medico,\u00a0\u00a0melhores condi\u00e7\u00f5es em sua estrutura medico hospitalar\u201d, justificou Guilherme. Fonte: Assessoria","og_url":"https:\/\/noticiasemdestaque.com\/cd\/?p=25588","og_site_name":"Not&iacute;cias em Destaque","article_published_time":"2020-06-29T23:15:17+00:00","og_image":[{"width":1024,"height":683,"url":"https:\/\/noticiasemdestaque.com\/cd\/wp-content\/uploads\/2018\/05\/IMG_6111-1024x683.jpg","type":"image\/jpeg"}],"author":"Not\u00edcias em Destaque","twitter_card":"summary_large_image","twitter_misc":{"Escrito por":"Not\u00edcias em Destaque","Est. tempo de leitura":"2 minutos"},"schema":{"@context":"https:\/\/schema.org","@graph":[{"@type":"Article","@id":"https:\/\/noticiasemdestaque.com\/cd\/?p=25588#article","isPartOf":{"@id":"https:\/\/noticiasemdestaque.com\/cd\/?p=25588"},"author":{"name":"Not\u00edcias em Destaque","@id":"https:\/\/noticiasemdestaque.com\/cd\/#\/schema\/person\/21320b03a7e8bb90128938dafc9b908a"},"headline":"Guilherme Gaud\u00eancio pede ao governo do Estado a troca dos equipamentos hospitalares do Hospital Regional de Serra Branca","datePublished":"2020-06-29T23:15:17+00:00","mainEntityOfPage":{"@id":"https:\/\/noticiasemdestaque.com\/cd\/?p=25588"},"wordCount":332,"publisher":{"@id":"https:\/\/noticiasemdestaque.com\/cd\/#organization"},"image":{"@id":"https:\/\/noticiasemdestaque.com\/cd\/?p=25588#primaryimage"},"thumbnailUrl":"https:\/\/noticiasemdestaque.com\/cd\/wp-content\/uploads\/2018\/05\/IMG_6111.jpg","articleSection":["Pol\u00edtica"],"inLanguage":"pt-BR"},{"@type":"WebPage","@id":"https:\/\/noticiasemdestaque.com\/cd\/?p=25588","url":"https:\/\/noticiasemdestaque.com\/cd\/?p=25588","name":"Guilherme Gaud\u00eancio pede ao governo do Estado a troca dos equipamentos hospitalares do Hospital Regional de Serra Branca - Not&iacute;cias em Destaque","isPartOf":{"@id":"https:\/\/noticiasemdestaque.com\/cd\/#website"},"primaryImageOfPage":{"@id":"https:\/\/noticiasemdestaque.com\/cd\/?p=25588#primaryimage"},"image":{"@id":"https:\/\/noticiasemdestaque.com\/cd\/?p=25588#primaryimage"},"thumbnailUrl":"https:\/\/noticiasemdestaque.com\/cd\/wp-content\/uploads\/2018\/05\/IMG_6111.jpg","datePublished":"2020-06-29T23:15:17+00:00","breadcrumb":{"@id":"https:\/\/noticiasemdestaque.com\/cd\/?p=25588#breadcrumb"},"inLanguage":"pt-BR","potentialAction":[{"@type":"ReadAction","target":["https:\/\/noticiasemdestaque.com\/cd\/?p=25588"]}]},{"@type":"ImageObject","inLanguage":"pt-BR","@id":"https:\/\/noticiasemdestaque.com\/cd\/?p=25588#primaryimage","url":"https:\/\/noticiasemdestaque.com\/cd\/wp-content\/uploads\/2018\/05\/IMG_6111.jpg","contentUrl":"https:\/\/noticiasemdestaque.com\/cd\/wp-content\/uploads\/2018\/05\/IMG_6111.jpg","width":5184,"height":3456,"caption":"Guilherme_Nova"},{"@type":"BreadcrumbList","@id":"https:\/\/noticiasemdestaque.com\/cd\/?p=25588#breadcrumb","itemListElement":[{"@type":"ListItem","position":1,"name":"In\u00edcio","item":"https:\/\/noticiasemdestaque.com\/cd\/"},{"@type":"ListItem","position":2,"name":"Guilherme Gaud\u00eancio pede ao governo do Estado a troca dos equipamentos hospitalares do Hospital Regional de Serra Branca"}]},{"@type":"WebSite","@id":"https:\/\/noticiasemdestaque.com\/cd\/#website","url":"https:\/\/noticiasemdestaque.com\/cd\/","name":"Not&iacute;cias em Destaque","description":"","publisher":{"@id":"https:\/\/noticiasemdestaque.com\/cd\/#organization"},"potentialAction":[{"@type":"SearchAction","target":{"@type":"EntryPoint","urlTemplate":"https:\/\/noticiasemdestaque.com\/cd\/?s={search_term_string}"},"query-input":{"@type":"PropertyValueSpecification","valueRequired":true,"valueName":"search_term_string"}}],"inLanguage":"pt-BR"},{"@type":"Organization","@id":"https:\/\/noticiasemdestaque.com\/cd\/#organization","name":"Not\u00edcias em Destaque","url":"https:\/\/noticiasemdestaque.com\/cd\/","logo":{"@type":"ImageObject","inLanguage":"pt-BR","@id":"https:\/\/noticiasemdestaque.com\/cd\/#\/schema\/logo\/image\/","url":"https:\/\/noticiasemdestaque.com\/cd\/wp-content\/uploads\/2022\/05\/imagem-base-noticiasemdestaque.png","contentUrl":"https:\/\/noticiasemdestaque.com\/cd\/wp-content\/uploads\/2022\/05\/imagem-base-noticiasemdestaque.png","width":1200,"height":630,"caption":"Not\u00edcias em Destaque"},"image":{"@id":"https:\/\/noticiasemdestaque.com\/cd\/#\/schema\/logo\/image\/"}},{"@type":"Person","@id":"https:\/\/noticiasemdestaque.com\/cd\/#\/schema\/person\/21320b03a7e8bb90128938dafc9b908a","name":"Not\u00edcias em Destaque","url":"https:\/\/noticiasemdestaque.com\/cd\/?author=2"}]}},"jetpack_featured_media_url":"https:\/\/noticiasemdestaque.com\/cd\/wp-content\/uploads\/2018\/05\/IMG_6111.jpg","jetpack_sharing_enabled":true,"_links":{"self":[{"href":"https:\/\/noticiasemdestaque.com\/cd\/index.php?rest_route=\/wp\/v2\/posts\/25588","targetHints":{"allow":["GET"]}}],"collection":[{"href":"https:\/\/noticiasemdestaque.com\/cd\/index.php?rest_route=\/wp\/v2\/posts"}],"about":[{"href":"https:\/\/noticiasemdestaque.com\/cd\/index.php?rest_route=\/wp\/v2\/types\/post"}],"author":[{"embeddable":true,"href":"https:\/\/noticiasemdestaque.com\/cd\/index.php?rest_route=\/wp\/v2\/users\/2"}],"replies":[{"embeddable":true,"href":"https:\/\/noticiasemdestaque.com\/cd\/index.php?rest_route=%2Fwp%2Fv2%2Fcomments&post=25588"}],"version-history":[{"count":1,"href":"https:\/\/noticiasemdestaque.com\/cd\/index.php?rest_route=\/wp\/v2\/posts\/25588\/revisions"}],"predecessor-version":[{"id":25589,"href":"https:\/\/noticiasemdestaque.com\/cd\/index.php?rest_route=\/wp\/v2\/posts\/25588\/revisions\/25589"}],"wp:featuredmedia":[{"embeddable":true,"href":"https:\/\/noticiasemdestaque.com\/cd\/index.php?rest_route=\/wp\/v2\/media\/10254"}],"wp:attachment":[{"href":"https:\/\/noticiasemdestaque.com\/cd\/index.php?rest_route=%2Fwp%2Fv2%2Fmedia&parent=25588"}],"wp:term":[{"taxonomy":"category","embeddable":true,"href":"https:\/\/noticiasemdestaque.com\/cd\/index.php?rest_route=%2Fwp%2Fv2%2Fcategories&post=25588"},{"taxonomy":"post_tag","embeddable":true,"href":"https:\/\/noticiasemdestaque.com\/cd\/index.php?rest_route=%2Fwp%2Fv2%2Ftags&post=25588"}],"curies":[{"name":"wp","href":"https:\/\/api.w.org\/{rel}","templated":true}]}}