{"id":25585,"date":"2020-06-29T11:08:38","date_gmt":"2020-06-29T14:08:38","guid":{"rendered":"http:\/\/noticiasemdestaque.com\/cd\/?p=25585"},"modified":"2020-06-29T11:08:38","modified_gmt":"2020-06-29T14:08:38","slug":"assistencia-social-de-sume-realiza-distribuicao-de-mascaras-de-protecao-facial-para-publico-do-bolsa-familia","status":"publish","type":"post","link":"https:\/\/noticiasemdestaque.com\/cd\/?p=25585","title":{"rendered":"Assist\u00eancia Social de Sum\u00e9 realiza distribui\u00e7\u00e3o de m\u00e1scaras de prote\u00e7\u00e3o facial para p\u00fablico do Bolsa Fam\u00edlia"},"content":{"rendered":"<p><a href=\"https:\/\/noticiasemdestaque.com\/cd\/wp-content\/uploads\/2020\/06\/WhatsApp-Image-2020-06-29-at-10.01.52.jpeg\"><img fetchpriority=\"high\" decoding=\"async\" class=\"wp-image-25586 alignleft\" src=\"https:\/\/noticiasemdestaque.com\/cd\/wp-content\/uploads\/2020\/06\/WhatsApp-Image-2020-06-29-at-10.01.52-576x1024.jpeg\" alt=\"\" width=\"216\" height=\"384\" srcset=\"https:\/\/noticiasemdestaque.com\/cd\/wp-content\/uploads\/2020\/06\/WhatsApp-Image-2020-06-29-at-10.01.52-576x1024.jpeg 576w, https:\/\/noticiasemdestaque.com\/cd\/wp-content\/uploads\/2020\/06\/WhatsApp-Image-2020-06-29-at-10.01.52-169x300.jpeg 169w, https:\/\/noticiasemdestaque.com\/cd\/wp-content\/uploads\/2020\/06\/WhatsApp-Image-2020-06-29-at-10.01.52.jpeg 720w\" sizes=\"(max-width: 216px) 100vw, 216px\" \/><\/a><\/p>\n<p>Na pr\u00f3xima segunda-feira (29), a Secretaria de Assist\u00eancia Social d\u00e1 in\u00edcio \u00e0 distribui\u00e7\u00e3o de m\u00e1scaras de prote\u00e7\u00e3o facial para o p\u00fablico cadastrado no Programa Bolsa Fam\u00edlia do munic\u00edpio de Sum\u00e9. Essa a\u00e7\u00e3o \u00e9 uma parceria com a Secretaria Estadual de Desenvolvimento Humano, do Governo do Estado da Para\u00edba.<\/p>\n<p>A Prefeitura de Sum\u00e9 conseguiu com o Estado a doa\u00e7\u00e3o de 15 mil m\u00e1scaras que come\u00e7aram a ser distribu\u00eddas para 2.863 benefici\u00e1rios do Bolsa Fam\u00edlia no munic\u00edpio, o que corresponde a cinco m\u00e1scaras para cada fam\u00edlia.<\/p>\n<p>As m\u00e1scaras est\u00e3o sendo entregues at\u00e9 sexta-feira (03\/07), das 08h \u00e0s 12h, no pr\u00e9dio do programa, seguindo um cronograma para atendimento. Os benefici\u00e1rios devem comparecer munidos do cart\u00e3o do Bolsa Fam\u00edlia. A equipe est\u00e1 tomando as devidas precau\u00e7\u00f5es contra o coronav\u00edrus durante a distribui\u00e7\u00e3o.<\/p>\n<p>Este ano, devido \u00e0 pandemia, inscri\u00e7\u00f5es e atualiza\u00e7\u00f5es nos cadastrados dos benefici\u00e1rios do programa aconteceram somente at\u00e9 o m\u00eas de mar\u00e7o, ap\u00f3s esse per\u00edodo, este servi\u00e7o ficou suspenso por determina\u00e7\u00e3o do governo federal devido \u00e0 pandemia para evitar aglomera\u00e7\u00f5es no setor.<\/p>\n<p>Desde ent\u00e3o, a equipe do Bolsa Fam\u00edlia em Sum\u00e9 passou a atender de forma remota e escalonada de segunda a sexta-feira e com atendimento presencial apenas para urg\u00eancias, como bloqueio e suspens\u00e3o de benef\u00edcios. Os demais casos, informa\u00e7\u00f5es e orienta\u00e7\u00f5es, principalmente para o aux\u00edlio emergencial, o atendimento passou a ser feito por whatsapp, e-mail, telefone fixo e celular.<\/p>\n<p><strong>Aux\u00edlio Emergencial \u2013<\/strong>\u00a0De acordo com dados do Minist\u00e9rio da Cidadania, antigo MDS, nem todos os benefici\u00e1rios do Bolsa Fam\u00edlia em Sum\u00e9 puderam receber o aux\u00edlio emergencial devido a algumas restri\u00e7\u00f5es de enquadramento para aptid\u00e3o de recebimento, assim, receberam o aux\u00edlio no munic\u00edpio, 2.795 fam\u00edlias do Programa, o que correspondeu a um repasse no valor de quase R$ 9 milh\u00f5es na economia do munic\u00edpio nestes tr\u00eas \u00faltimos meses.<\/p>\n<p>Para os inscritos no Cadastro \u00danico que n\u00e3o recebem Bolsa Fam\u00edlia, o que representa 1.092 fam\u00edlias, o valor total do aux\u00edlio emergencial nos meses de abril e maio foi de quase R$ 1,5 milh\u00e3o. J\u00e1 as 1.248 fam\u00edlias que n\u00e3o fazem parte do Cadastro \u00danico e nem do Bolsa Fam\u00edlia e que solicitaram o aux\u00edlio emergencial via aplicativo, os recursos recebidos ultrapassaram pouco mais de R$ 1,5 milh\u00e3o. Somados todos esses recursos dos \u00faltimos tr\u00eas meses, os valores injetados do aux\u00edlio chegam a aproximadamente R$ 12 milh\u00f5es na economia do munic\u00edpio de Sum\u00e9.<\/p>\n<p>Ascom PMS<\/p>\n","protected":false},"excerpt":{"rendered":"<p>Na pr\u00f3xima segunda-feira (29), a Secretaria de Assist\u00eancia Social d\u00e1 in\u00edcio \u00e0 distribui\u00e7\u00e3o de m\u00e1scaras de prote\u00e7\u00e3o facial para o p\u00fablico cadastrado no Programa Bolsa Fam\u00edlia do munic\u00edpio de Sum\u00e9. Essa a\u00e7\u00e3o \u00e9 uma parceria com a Secretaria Estadual de Desenvolvimento Humano, do Governo do Estado da Para\u00edba. A Prefeitura de Sum\u00e9 conseguiu com o Estado a doa\u00e7\u00e3o de 15 mil m\u00e1scaras que come\u00e7aram a ser distribu\u00eddas para 2.863 benefici\u00e1rios do Bolsa Fam\u00edlia no munic\u00edpio, o que corresponde a cinco m\u00e1scaras para cada fam\u00edlia. As m\u00e1scaras est\u00e3o sendo entregues at\u00e9 sexta-feira (03\/07), das 08h \u00e0s 12h, no pr\u00e9dio do programa, seguindo um cronograma para atendimento. Os benefici\u00e1rios devem comparecer munidos do cart\u00e3o do Bolsa Fam\u00edlia. A equipe est\u00e1 tomando as devidas precau\u00e7\u00f5es contra o coronav\u00edrus durante a distribui\u00e7\u00e3o. Este ano, devido \u00e0 pandemia, inscri\u00e7\u00f5es e atualiza\u00e7\u00f5es nos cadastrados dos benefici\u00e1rios do programa aconteceram somente at\u00e9 o m\u00eas de mar\u00e7o, ap\u00f3s esse per\u00edodo, este servi\u00e7o ficou suspenso por determina\u00e7\u00e3o do governo federal devido \u00e0 pandemia para evitar aglomera\u00e7\u00f5es no setor. Desde ent\u00e3o, a equipe do Bolsa Fam\u00edlia em Sum\u00e9 passou a atender de forma remota e escalonada de segunda a sexta-feira e com atendimento presencial apenas para urg\u00eancias, como bloqueio e suspens\u00e3o de benef\u00edcios. Os demais casos, informa\u00e7\u00f5es e orienta\u00e7\u00f5es, principalmente para o aux\u00edlio emergencial, o atendimento passou a ser feito por whatsapp, e-mail, telefone fixo e celular. Aux\u00edlio Emergencial \u2013\u00a0De acordo com dados do Minist\u00e9rio da Cidadania, antigo MDS, nem todos os benefici\u00e1rios do Bolsa Fam\u00edlia em Sum\u00e9 puderam receber o aux\u00edlio emergencial devido a algumas restri\u00e7\u00f5es de enquadramento para aptid\u00e3o de recebimento, assim, receberam o aux\u00edlio no munic\u00edpio, 2.795 fam\u00edlias do Programa, o que correspondeu a um repasse no valor de quase R$ 9 milh\u00f5es na economia do munic\u00edpio nestes tr\u00eas \u00faltimos meses. Para os inscritos no Cadastro \u00danico que n\u00e3o recebem Bolsa Fam\u00edlia, o que representa 1.092 fam\u00edlias, o valor total do aux\u00edlio emergencial nos meses de abril e maio foi de quase R$ 1,5 milh\u00e3o. J\u00e1 as 1.248 fam\u00edlias que n\u00e3o fazem parte do Cadastro \u00danico e nem do Bolsa Fam\u00edlia e que solicitaram o aux\u00edlio emergencial via aplicativo, os recursos recebidos ultrapassaram pouco mais de R$ 1,5 milh\u00e3o. Somados todos esses recursos dos \u00faltimos tr\u00eas meses, os valores injetados do aux\u00edlio chegam a aproximadamente R$ 12 milh\u00f5es na economia do munic\u00edpio de Sum\u00e9. Ascom PMS<\/p>\n","protected":false},"author":2,"featured_media":25586,"comment_status":"closed","ping_status":"open","sticky":false,"template":"","format":"standard","meta":{"_eb_attr":"","_jetpack_memberships_contains_paid_content":false,"footnotes":""},"categories":[3],"tags":[],"class_list":["post-25585","post","type-post","status-publish","format-standard","has-post-thumbnail","hentry","category-cidades"],"yoast_head":"<!-- This site is optimized with the Yoast SEO plugin v26.5 - https:\/\/yoast.com\/wordpress\/plugins\/seo\/ -->\n<title>Assist\u00eancia Social de Sum\u00e9 realiza distribui\u00e7\u00e3o de m\u00e1scaras de prote\u00e7\u00e3o facial para p\u00fablico do Bolsa Fam\u00edlia - Not&iacute;cias em Destaque<\/title>\n<meta name=\"robots\" content=\"index, follow, max-snippet:-1, max-image-preview:large, max-video-preview:-1\" \/>\n<link rel=\"canonical\" href=\"https:\/\/noticiasemdestaque.com\/cd\/?p=25585\" \/>\n<meta property=\"og:locale\" content=\"pt_BR\" \/>\n<meta property=\"og:type\" content=\"article\" \/>\n<meta property=\"og:title\" content=\"Assist\u00eancia Social de Sum\u00e9 realiza distribui\u00e7\u00e3o de m\u00e1scaras de prote\u00e7\u00e3o facial para p\u00fablico do Bolsa Fam\u00edlia - Not&iacute;cias em Destaque\" \/>\n<meta property=\"og:description\" content=\"Na pr\u00f3xima segunda-feira (29), a Secretaria de Assist\u00eancia Social d\u00e1 in\u00edcio \u00e0 distribui\u00e7\u00e3o de m\u00e1scaras de prote\u00e7\u00e3o facial para o p\u00fablico cadastrado no Programa Bolsa Fam\u00edlia do munic\u00edpio de Sum\u00e9. Essa a\u00e7\u00e3o \u00e9 uma parceria com a Secretaria Estadual de Desenvolvimento Humano, do Governo do Estado da Para\u00edba. A Prefeitura de Sum\u00e9 conseguiu com o Estado a doa\u00e7\u00e3o de 15 mil m\u00e1scaras que come\u00e7aram a ser distribu\u00eddas para 2.863 benefici\u00e1rios do Bolsa Fam\u00edlia no munic\u00edpio, o que corresponde a cinco m\u00e1scaras para cada fam\u00edlia. As m\u00e1scaras est\u00e3o sendo entregues at\u00e9 sexta-feira (03\/07), das 08h \u00e0s 12h, no pr\u00e9dio do programa, seguindo um cronograma para atendimento. Os benefici\u00e1rios devem comparecer munidos do cart\u00e3o do Bolsa Fam\u00edlia. A equipe est\u00e1 tomando as devidas precau\u00e7\u00f5es contra o coronav\u00edrus durante a distribui\u00e7\u00e3o. Este ano, devido \u00e0 pandemia, inscri\u00e7\u00f5es e atualiza\u00e7\u00f5es nos cadastrados dos benefici\u00e1rios do programa aconteceram somente at\u00e9 o m\u00eas de mar\u00e7o, ap\u00f3s esse per\u00edodo, este servi\u00e7o ficou suspenso por determina\u00e7\u00e3o do governo federal devido \u00e0 pandemia para evitar aglomera\u00e7\u00f5es no setor. Desde ent\u00e3o, a equipe do Bolsa Fam\u00edlia em Sum\u00e9 passou a atender de forma remota e escalonada de segunda a sexta-feira e com atendimento presencial apenas para urg\u00eancias, como bloqueio e suspens\u00e3o de benef\u00edcios. Os demais casos, informa\u00e7\u00f5es e orienta\u00e7\u00f5es, principalmente para o aux\u00edlio emergencial, o atendimento passou a ser feito por whatsapp, e-mail, telefone fixo e celular. Aux\u00edlio Emergencial \u2013\u00a0De acordo com dados do Minist\u00e9rio da Cidadania, antigo MDS, nem todos os benefici\u00e1rios do Bolsa Fam\u00edlia em Sum\u00e9 puderam receber o aux\u00edlio emergencial devido a algumas restri\u00e7\u00f5es de enquadramento para aptid\u00e3o de recebimento, assim, receberam o aux\u00edlio no munic\u00edpio, 2.795 fam\u00edlias do Programa, o que correspondeu a um repasse no valor de quase R$ 9 milh\u00f5es na economia do munic\u00edpio nestes tr\u00eas \u00faltimos meses. Para os inscritos no Cadastro \u00danico que n\u00e3o recebem Bolsa Fam\u00edlia, o que representa 1.092 fam\u00edlias, o valor total do aux\u00edlio emergencial nos meses de abril e maio foi de quase R$ 1,5 milh\u00e3o. J\u00e1 as 1.248 fam\u00edlias que n\u00e3o fazem parte do Cadastro \u00danico e nem do Bolsa Fam\u00edlia e que solicitaram o aux\u00edlio emergencial via aplicativo, os recursos recebidos ultrapassaram pouco mais de R$ 1,5 milh\u00e3o. Somados todos esses recursos dos \u00faltimos tr\u00eas meses, os valores injetados do aux\u00edlio chegam a aproximadamente R$ 12 milh\u00f5es na economia do munic\u00edpio de Sum\u00e9. Ascom PMS\" \/>\n<meta property=\"og:url\" content=\"https:\/\/noticiasemdestaque.com\/cd\/?p=25585\" \/>\n<meta property=\"og:site_name\" content=\"Not&iacute;cias em Destaque\" \/>\n<meta property=\"article:published_time\" content=\"2020-06-29T14:08:38+00:00\" \/>\n<meta property=\"og:image\" content=\"https:\/\/noticiasemdestaque.com\/cd\/wp-content\/uploads\/2020\/06\/WhatsApp-Image-2020-06-29-at-10.01.52.jpeg\" \/>\n\t<meta property=\"og:image:width\" content=\"720\" \/>\n\t<meta property=\"og:image:height\" content=\"1280\" \/>\n\t<meta property=\"og:image:type\" content=\"image\/jpeg\" \/>\n<meta name=\"author\" content=\"Not\u00edcias em Destaque\" \/>\n<meta name=\"twitter:card\" content=\"summary_large_image\" \/>\n<meta name=\"twitter:label1\" content=\"Escrito por\" \/>\n\t<meta name=\"twitter:data1\" content=\"Not\u00edcias em Destaque\" \/>\n\t<meta name=\"twitter:label2\" content=\"Est. tempo de leitura\" \/>\n\t<meta name=\"twitter:data2\" content=\"2 minutos\" \/>\n<script type=\"application\/ld+json\" class=\"yoast-schema-graph\">{\"@context\":\"https:\/\/schema.org\",\"@graph\":[{\"@type\":\"Article\",\"@id\":\"https:\/\/noticiasemdestaque.com\/cd\/?p=25585#article\",\"isPartOf\":{\"@id\":\"https:\/\/noticiasemdestaque.com\/cd\/?p=25585\"},\"author\":{\"name\":\"Not\u00edcias em Destaque\",\"@id\":\"https:\/\/noticiasemdestaque.com\/cd\/#\/schema\/person\/21320b03a7e8bb90128938dafc9b908a\"},\"headline\":\"Assist\u00eancia Social de Sum\u00e9 realiza distribui\u00e7\u00e3o de m\u00e1scaras de prote\u00e7\u00e3o facial para p\u00fablico do Bolsa Fam\u00edlia\",\"datePublished\":\"2020-06-29T14:08:38+00:00\",\"mainEntityOfPage\":{\"@id\":\"https:\/\/noticiasemdestaque.com\/cd\/?p=25585\"},\"wordCount\":470,\"publisher\":{\"@id\":\"https:\/\/noticiasemdestaque.com\/cd\/#organization\"},\"image\":{\"@id\":\"https:\/\/noticiasemdestaque.com\/cd\/?p=25585#primaryimage\"},\"thumbnailUrl\":\"https:\/\/noticiasemdestaque.com\/cd\/wp-content\/uploads\/2020\/06\/WhatsApp-Image-2020-06-29-at-10.01.52.jpeg\",\"articleSection\":[\"Cidades\"],\"inLanguage\":\"pt-BR\"},{\"@type\":\"WebPage\",\"@id\":\"https:\/\/noticiasemdestaque.com\/cd\/?p=25585\",\"url\":\"https:\/\/noticiasemdestaque.com\/cd\/?p=25585\",\"name\":\"Assist\u00eancia Social de Sum\u00e9 realiza distribui\u00e7\u00e3o de m\u00e1scaras de prote\u00e7\u00e3o facial para p\u00fablico do Bolsa Fam\u00edlia - Not&iacute;cias em Destaque\",\"isPartOf\":{\"@id\":\"https:\/\/noticiasemdestaque.com\/cd\/#website\"},\"primaryImageOfPage\":{\"@id\":\"https:\/\/noticiasemdestaque.com\/cd\/?p=25585#primaryimage\"},\"image\":{\"@id\":\"https:\/\/noticiasemdestaque.com\/cd\/?p=25585#primaryimage\"},\"thumbnailUrl\":\"https:\/\/noticiasemdestaque.com\/cd\/wp-content\/uploads\/2020\/06\/WhatsApp-Image-2020-06-29-at-10.01.52.jpeg\",\"datePublished\":\"2020-06-29T14:08:38+00:00\",\"breadcrumb\":{\"@id\":\"https:\/\/noticiasemdestaque.com\/cd\/?p=25585#breadcrumb\"},\"inLanguage\":\"pt-BR\",\"potentialAction\":[{\"@type\":\"ReadAction\",\"target\":[\"https:\/\/noticiasemdestaque.com\/cd\/?p=25585\"]}]},{\"@type\":\"ImageObject\",\"inLanguage\":\"pt-BR\",\"@id\":\"https:\/\/noticiasemdestaque.com\/cd\/?p=25585#primaryimage\",\"url\":\"https:\/\/noticiasemdestaque.com\/cd\/wp-content\/uploads\/2020\/06\/WhatsApp-Image-2020-06-29-at-10.01.52.jpeg\",\"contentUrl\":\"https:\/\/noticiasemdestaque.com\/cd\/wp-content\/uploads\/2020\/06\/WhatsApp-Image-2020-06-29-at-10.01.52.jpeg\",\"width\":720,\"height\":1280},{\"@type\":\"BreadcrumbList\",\"@id\":\"https:\/\/noticiasemdestaque.com\/cd\/?p=25585#breadcrumb\",\"itemListElement\":[{\"@type\":\"ListItem\",\"position\":1,\"name\":\"In\u00edcio\",\"item\":\"https:\/\/noticiasemdestaque.com\/cd\/\"},{\"@type\":\"ListItem\",\"position\":2,\"name\":\"Assist\u00eancia Social de Sum\u00e9 realiza distribui\u00e7\u00e3o de m\u00e1scaras de prote\u00e7\u00e3o facial para p\u00fablico do Bolsa Fam\u00edlia\"}]},{\"@type\":\"WebSite\",\"@id\":\"https:\/\/noticiasemdestaque.com\/cd\/#website\",\"url\":\"https:\/\/noticiasemdestaque.com\/cd\/\",\"name\":\"Not&iacute;cias em Destaque\",\"description\":\"\",\"publisher\":{\"@id\":\"https:\/\/noticiasemdestaque.com\/cd\/#organization\"},\"potentialAction\":[{\"@type\":\"SearchAction\",\"target\":{\"@type\":\"EntryPoint\",\"urlTemplate\":\"https:\/\/noticiasemdestaque.com\/cd\/?s={search_term_string}\"},\"query-input\":{\"@type\":\"PropertyValueSpecification\",\"valueRequired\":true,\"valueName\":\"search_term_string\"}}],\"inLanguage\":\"pt-BR\"},{\"@type\":\"Organization\",\"@id\":\"https:\/\/noticiasemdestaque.com\/cd\/#organization\",\"name\":\"Not\u00edcias em Destaque\",\"url\":\"https:\/\/noticiasemdestaque.com\/cd\/\",\"logo\":{\"@type\":\"ImageObject\",\"inLanguage\":\"pt-BR\",\"@id\":\"https:\/\/noticiasemdestaque.com\/cd\/#\/schema\/logo\/image\/\",\"url\":\"https:\/\/noticiasemdestaque.com\/cd\/wp-content\/uploads\/2022\/05\/imagem-base-noticiasemdestaque.png\",\"contentUrl\":\"https:\/\/noticiasemdestaque.com\/cd\/wp-content\/uploads\/2022\/05\/imagem-base-noticiasemdestaque.png\",\"width\":1200,\"height\":630,\"caption\":\"Not\u00edcias em Destaque\"},\"image\":{\"@id\":\"https:\/\/noticiasemdestaque.com\/cd\/#\/schema\/logo\/image\/\"}},{\"@type\":\"Person\",\"@id\":\"https:\/\/noticiasemdestaque.com\/cd\/#\/schema\/person\/21320b03a7e8bb90128938dafc9b908a\",\"name\":\"Not\u00edcias em Destaque\",\"url\":\"https:\/\/noticiasemdestaque.com\/cd\/?author=2\"}]}<\/script>\n<!-- \/ Yoast SEO plugin. -->","yoast_head_json":{"title":"Assist\u00eancia Social de Sum\u00e9 realiza distribui\u00e7\u00e3o de m\u00e1scaras de prote\u00e7\u00e3o facial para p\u00fablico do Bolsa Fam\u00edlia - Not&iacute;cias em Destaque","robots":{"index":"index","follow":"follow","max-snippet":"max-snippet:-1","max-image-preview":"max-image-preview:large","max-video-preview":"max-video-preview:-1"},"canonical":"https:\/\/noticiasemdestaque.com\/cd\/?p=25585","og_locale":"pt_BR","og_type":"article","og_title":"Assist\u00eancia Social de Sum\u00e9 realiza distribui\u00e7\u00e3o de m\u00e1scaras de prote\u00e7\u00e3o facial para p\u00fablico do Bolsa Fam\u00edlia - Not&iacute;cias em Destaque","og_description":"Na pr\u00f3xima segunda-feira (29), a Secretaria de Assist\u00eancia Social d\u00e1 in\u00edcio \u00e0 distribui\u00e7\u00e3o de m\u00e1scaras de prote\u00e7\u00e3o facial para o p\u00fablico cadastrado no Programa Bolsa Fam\u00edlia do munic\u00edpio de Sum\u00e9. Essa a\u00e7\u00e3o \u00e9 uma parceria com a Secretaria Estadual de Desenvolvimento Humano, do Governo do Estado da Para\u00edba. A Prefeitura de Sum\u00e9 conseguiu com o Estado a doa\u00e7\u00e3o de 15 mil m\u00e1scaras que come\u00e7aram a ser distribu\u00eddas para 2.863 benefici\u00e1rios do Bolsa Fam\u00edlia no munic\u00edpio, o que corresponde a cinco m\u00e1scaras para cada fam\u00edlia. As m\u00e1scaras est\u00e3o sendo entregues at\u00e9 sexta-feira (03\/07), das 08h \u00e0s 12h, no pr\u00e9dio do programa, seguindo um cronograma para atendimento. Os benefici\u00e1rios devem comparecer munidos do cart\u00e3o do Bolsa Fam\u00edlia. A equipe est\u00e1 tomando as devidas precau\u00e7\u00f5es contra o coronav\u00edrus durante a distribui\u00e7\u00e3o. Este ano, devido \u00e0 pandemia, inscri\u00e7\u00f5es e atualiza\u00e7\u00f5es nos cadastrados dos benefici\u00e1rios do programa aconteceram somente at\u00e9 o m\u00eas de mar\u00e7o, ap\u00f3s esse per\u00edodo, este servi\u00e7o ficou suspenso por determina\u00e7\u00e3o do governo federal devido \u00e0 pandemia para evitar aglomera\u00e7\u00f5es no setor. Desde ent\u00e3o, a equipe do Bolsa Fam\u00edlia em Sum\u00e9 passou a atender de forma remota e escalonada de segunda a sexta-feira e com atendimento presencial apenas para urg\u00eancias, como bloqueio e suspens\u00e3o de benef\u00edcios. Os demais casos, informa\u00e7\u00f5es e orienta\u00e7\u00f5es, principalmente para o aux\u00edlio emergencial, o atendimento passou a ser feito por whatsapp, e-mail, telefone fixo e celular. Aux\u00edlio Emergencial \u2013\u00a0De acordo com dados do Minist\u00e9rio da Cidadania, antigo MDS, nem todos os benefici\u00e1rios do Bolsa Fam\u00edlia em Sum\u00e9 puderam receber o aux\u00edlio emergencial devido a algumas restri\u00e7\u00f5es de enquadramento para aptid\u00e3o de recebimento, assim, receberam o aux\u00edlio no munic\u00edpio, 2.795 fam\u00edlias do Programa, o que correspondeu a um repasse no valor de quase R$ 9 milh\u00f5es na economia do munic\u00edpio nestes tr\u00eas \u00faltimos meses. Para os inscritos no Cadastro \u00danico que n\u00e3o recebem Bolsa Fam\u00edlia, o que representa 1.092 fam\u00edlias, o valor total do aux\u00edlio emergencial nos meses de abril e maio foi de quase R$ 1,5 milh\u00e3o. J\u00e1 as 1.248 fam\u00edlias que n\u00e3o fazem parte do Cadastro \u00danico e nem do Bolsa Fam\u00edlia e que solicitaram o aux\u00edlio emergencial via aplicativo, os recursos recebidos ultrapassaram pouco mais de R$ 1,5 milh\u00e3o. Somados todos esses recursos dos \u00faltimos tr\u00eas meses, os valores injetados do aux\u00edlio chegam a aproximadamente R$ 12 milh\u00f5es na economia do munic\u00edpio de Sum\u00e9. Ascom PMS","og_url":"https:\/\/noticiasemdestaque.com\/cd\/?p=25585","og_site_name":"Not&iacute;cias em Destaque","article_published_time":"2020-06-29T14:08:38+00:00","og_image":[{"width":720,"height":1280,"url":"https:\/\/noticiasemdestaque.com\/cd\/wp-content\/uploads\/2020\/06\/WhatsApp-Image-2020-06-29-at-10.01.52.jpeg","type":"image\/jpeg"}],"author":"Not\u00edcias em Destaque","twitter_card":"summary_large_image","twitter_misc":{"Escrito por":"Not\u00edcias em Destaque","Est. tempo de leitura":"2 minutos"},"schema":{"@context":"https:\/\/schema.org","@graph":[{"@type":"Article","@id":"https:\/\/noticiasemdestaque.com\/cd\/?p=25585#article","isPartOf":{"@id":"https:\/\/noticiasemdestaque.com\/cd\/?p=25585"},"author":{"name":"Not\u00edcias em Destaque","@id":"https:\/\/noticiasemdestaque.com\/cd\/#\/schema\/person\/21320b03a7e8bb90128938dafc9b908a"},"headline":"Assist\u00eancia Social de Sum\u00e9 realiza distribui\u00e7\u00e3o de m\u00e1scaras de prote\u00e7\u00e3o facial para p\u00fablico do Bolsa Fam\u00edlia","datePublished":"2020-06-29T14:08:38+00:00","mainEntityOfPage":{"@id":"https:\/\/noticiasemdestaque.com\/cd\/?p=25585"},"wordCount":470,"publisher":{"@id":"https:\/\/noticiasemdestaque.com\/cd\/#organization"},"image":{"@id":"https:\/\/noticiasemdestaque.com\/cd\/?p=25585#primaryimage"},"thumbnailUrl":"https:\/\/noticiasemdestaque.com\/cd\/wp-content\/uploads\/2020\/06\/WhatsApp-Image-2020-06-29-at-10.01.52.jpeg","articleSection":["Cidades"],"inLanguage":"pt-BR"},{"@type":"WebPage","@id":"https:\/\/noticiasemdestaque.com\/cd\/?p=25585","url":"https:\/\/noticiasemdestaque.com\/cd\/?p=25585","name":"Assist\u00eancia Social de Sum\u00e9 realiza distribui\u00e7\u00e3o de m\u00e1scaras de prote\u00e7\u00e3o facial para p\u00fablico do Bolsa Fam\u00edlia - Not&iacute;cias em Destaque","isPartOf":{"@id":"https:\/\/noticiasemdestaque.com\/cd\/#website"},"primaryImageOfPage":{"@id":"https:\/\/noticiasemdestaque.com\/cd\/?p=25585#primaryimage"},"image":{"@id":"https:\/\/noticiasemdestaque.com\/cd\/?p=25585#primaryimage"},"thumbnailUrl":"https:\/\/noticiasemdestaque.com\/cd\/wp-content\/uploads\/2020\/06\/WhatsApp-Image-2020-06-29-at-10.01.52.jpeg","datePublished":"2020-06-29T14:08:38+00:00","breadcrumb":{"@id":"https:\/\/noticiasemdestaque.com\/cd\/?p=25585#breadcrumb"},"inLanguage":"pt-BR","potentialAction":[{"@type":"ReadAction","target":["https:\/\/noticiasemdestaque.com\/cd\/?p=25585"]}]},{"@type":"ImageObject","inLanguage":"pt-BR","@id":"https:\/\/noticiasemdestaque.com\/cd\/?p=25585#primaryimage","url":"https:\/\/noticiasemdestaque.com\/cd\/wp-content\/uploads\/2020\/06\/WhatsApp-Image-2020-06-29-at-10.01.52.jpeg","contentUrl":"https:\/\/noticiasemdestaque.com\/cd\/wp-content\/uploads\/2020\/06\/WhatsApp-Image-2020-06-29-at-10.01.52.jpeg","width":720,"height":1280},{"@type":"BreadcrumbList","@id":"https:\/\/noticiasemdestaque.com\/cd\/?p=25585#breadcrumb","itemListElement":[{"@type":"ListItem","position":1,"name":"In\u00edcio","item":"https:\/\/noticiasemdestaque.com\/cd\/"},{"@type":"ListItem","position":2,"name":"Assist\u00eancia Social de Sum\u00e9 realiza distribui\u00e7\u00e3o de m\u00e1scaras de prote\u00e7\u00e3o facial para p\u00fablico do Bolsa Fam\u00edlia"}]},{"@type":"WebSite","@id":"https:\/\/noticiasemdestaque.com\/cd\/#website","url":"https:\/\/noticiasemdestaque.com\/cd\/","name":"Not&iacute;cias em Destaque","description":"","publisher":{"@id":"https:\/\/noticiasemdestaque.com\/cd\/#organization"},"potentialAction":[{"@type":"SearchAction","target":{"@type":"EntryPoint","urlTemplate":"https:\/\/noticiasemdestaque.com\/cd\/?s={search_term_string}"},"query-input":{"@type":"PropertyValueSpecification","valueRequired":true,"valueName":"search_term_string"}}],"inLanguage":"pt-BR"},{"@type":"Organization","@id":"https:\/\/noticiasemdestaque.com\/cd\/#organization","name":"Not\u00edcias em Destaque","url":"https:\/\/noticiasemdestaque.com\/cd\/","logo":{"@type":"ImageObject","inLanguage":"pt-BR","@id":"https:\/\/noticiasemdestaque.com\/cd\/#\/schema\/logo\/image\/","url":"https:\/\/noticiasemdestaque.com\/cd\/wp-content\/uploads\/2022\/05\/imagem-base-noticiasemdestaque.png","contentUrl":"https:\/\/noticiasemdestaque.com\/cd\/wp-content\/uploads\/2022\/05\/imagem-base-noticiasemdestaque.png","width":1200,"height":630,"caption":"Not\u00edcias em Destaque"},"image":{"@id":"https:\/\/noticiasemdestaque.com\/cd\/#\/schema\/logo\/image\/"}},{"@type":"Person","@id":"https:\/\/noticiasemdestaque.com\/cd\/#\/schema\/person\/21320b03a7e8bb90128938dafc9b908a","name":"Not\u00edcias em Destaque","url":"https:\/\/noticiasemdestaque.com\/cd\/?author=2"}]}},"jetpack_featured_media_url":"https:\/\/noticiasemdestaque.com\/cd\/wp-content\/uploads\/2020\/06\/WhatsApp-Image-2020-06-29-at-10.01.52.jpeg","jetpack_sharing_enabled":true,"_links":{"self":[{"href":"https:\/\/noticiasemdestaque.com\/cd\/index.php?rest_route=\/wp\/v2\/posts\/25585","targetHints":{"allow":["GET"]}}],"collection":[{"href":"https:\/\/noticiasemdestaque.com\/cd\/index.php?rest_route=\/wp\/v2\/posts"}],"about":[{"href":"https:\/\/noticiasemdestaque.com\/cd\/index.php?rest_route=\/wp\/v2\/types\/post"}],"author":[{"embeddable":true,"href":"https:\/\/noticiasemdestaque.com\/cd\/index.php?rest_route=\/wp\/v2\/users\/2"}],"replies":[{"embeddable":true,"href":"https:\/\/noticiasemdestaque.com\/cd\/index.php?rest_route=%2Fwp%2Fv2%2Fcomments&post=25585"}],"version-history":[{"count":1,"href":"https:\/\/noticiasemdestaque.com\/cd\/index.php?rest_route=\/wp\/v2\/posts\/25585\/revisions"}],"predecessor-version":[{"id":25587,"href":"https:\/\/noticiasemdestaque.com\/cd\/index.php?rest_route=\/wp\/v2\/posts\/25585\/revisions\/25587"}],"wp:featuredmedia":[{"embeddable":true,"href":"https:\/\/noticiasemdestaque.com\/cd\/index.php?rest_route=\/wp\/v2\/media\/25586"}],"wp:attachment":[{"href":"https:\/\/noticiasemdestaque.com\/cd\/index.php?rest_route=%2Fwp%2Fv2%2Fmedia&parent=25585"}],"wp:term":[{"taxonomy":"category","embeddable":true,"href":"https:\/\/noticiasemdestaque.com\/cd\/index.php?rest_route=%2Fwp%2Fv2%2Fcategories&post=25585"},{"taxonomy":"post_tag","embeddable":true,"href":"https:\/\/noticiasemdestaque.com\/cd\/index.php?rest_route=%2Fwp%2Fv2%2Ftags&post=25585"}],"curies":[{"name":"wp","href":"https:\/\/api.w.org\/{rel}","templated":true}]}}