{"id":25580,"date":"2020-06-29T10:51:48","date_gmt":"2020-06-29T13:51:48","guid":{"rendered":"http:\/\/noticiasemdestaque.com\/cd\/?p=25580"},"modified":"2020-06-29T10:51:48","modified_gmt":"2020-06-29T13:51:48","slug":"camara-busca-acordo-para-adiamento-das-eleicoes","status":"publish","type":"post","link":"https:\/\/noticiasemdestaque.com\/cd\/?p=25580","title":{"rendered":"C\u00e2mara busca acordo para adiamento das elei\u00e7\u00f5es"},"content":{"rendered":"<p><a href=\"https:\/\/noticiasemdestaque.com\/cd\/wp-content\/uploads\/2020\/04\/PAG-2-elei\u00e7\u00f5es-2020.png\"><img fetchpriority=\"high\" decoding=\"async\" class=\"wp-image-24401 aligncenter\" src=\"https:\/\/noticiasemdestaque.com\/cd\/wp-content\/uploads\/2020\/04\/PAG-2-elei\u00e7\u00f5es-2020.png\" alt=\"\" width=\"520\" height=\"353\" srcset=\"https:\/\/noticiasemdestaque.com\/cd\/wp-content\/uploads\/2020\/04\/PAG-2-elei\u00e7\u00f5es-2020.png 683w, https:\/\/noticiasemdestaque.com\/cd\/wp-content\/uploads\/2020\/04\/PAG-2-elei\u00e7\u00f5es-2020-300x204.png 300w\" sizes=\"(max-width: 520px) 100vw, 520px\" \/><\/a><\/p>\n<p>Aprovada pelo Senado na \u00faltima ter\u00e7a-feira (23),\u00a0<strong><a href=\"https:\/\/congressoemfoco.uol.com.br\/legislativo\/ao-vivo-senado-vota-pec-de-adiamento-das-eleicoes-municipais-de-2020\/\">a PEC 18\/2020<\/a>\u00a0<\/strong>que\u00a0adia as elei\u00e7\u00f5es municipais de 2020 em face do avan\u00e7o da\u00a0<a href=\"https:\/\/congressoemfoco.uol.com.br\/covid19\/graficos\/index.html\"><strong>covid-19<\/strong><\/a>\u00a0e das medidas preventivas de isolamento social adotadas no pa\u00eds deve ser apreciada nesta semana pela C\u00e2mara. Ainda n\u00e3o h\u00e1 entendimento na Casa para aprova\u00e7\u00e3o da mat\u00e9ria. Favor\u00e1vel ao adiamento, o presidente da C\u00e2mara, Rodrigo Maia (DEM-RJ), acena com libera\u00e7\u00e3o de recursos para munic\u00edpios como um atrativo para os deputados votarem a proposta.<\/p>\n<p>O Centr\u00e3o, bloco informal de partidos de centro e direita com forte influ\u00eancia na C\u00e2mara,\u00a0<strong>resiste \u00e0 mudan\u00e7a no calend\u00e1rio<\/strong>, j\u00e1 que h\u00e1 press\u00e3o de vereadores e prefeitos sobre os parlamentares.<\/p>\n<p>Na tarde desta segunda-feira (29), Maia participa de uma audi\u00eancia p\u00fablica promovida pelo Superior Tribunal Eleitoral para\u00a0<strong>discutir o tema<\/strong>. Por se tratar de uma emenda constitucional, a proposta s\u00f3 passar\u00e1 se tiver o apoio de pelo menos 308 dos 513 deputados em dois turnos.<\/p>\n<p>O texto do Senado adia de outubro para 15 e 29 de novembro a realiza\u00e7\u00e3o do primeiro e do segundo turno da disputa municipal.<\/p>\n<p><em><strong>Not\u00edcias em Destaque<\/strong><\/em><\/p>\n<p>Com Congresso em Foco<\/p>\n","protected":false},"excerpt":{"rendered":"<p>Aprovada pelo Senado na \u00faltima ter\u00e7a-feira (23),\u00a0a PEC 18\/2020\u00a0que\u00a0adia as elei\u00e7\u00f5es municipais de 2020 em face do avan\u00e7o da\u00a0covid-19\u00a0e das medidas preventivas de isolamento social adotadas no pa\u00eds deve ser apreciada nesta semana pela C\u00e2mara. Ainda n\u00e3o h\u00e1 entendimento na Casa para aprova\u00e7\u00e3o da mat\u00e9ria. Favor\u00e1vel ao adiamento, o presidente da C\u00e2mara, Rodrigo Maia (DEM-RJ), acena com libera\u00e7\u00e3o de recursos para munic\u00edpios como um atrativo para os deputados votarem a proposta. O Centr\u00e3o, bloco informal de partidos de centro e direita com forte influ\u00eancia na C\u00e2mara,\u00a0resiste \u00e0 mudan\u00e7a no calend\u00e1rio, j\u00e1 que h\u00e1 press\u00e3o de vereadores e prefeitos sobre os parlamentares. Na tarde desta segunda-feira (29), Maia participa de uma audi\u00eancia p\u00fablica promovida pelo Superior Tribunal Eleitoral para\u00a0discutir o tema. Por se tratar de uma emenda constitucional, a proposta s\u00f3 passar\u00e1 se tiver o apoio de pelo menos 308 dos 513 deputados em dois turnos. O texto do Senado adia de outubro para 15 e 29 de novembro a realiza\u00e7\u00e3o do primeiro e do segundo turno da disputa municipal. Not\u00edcias em Destaque Com Congresso em Foco<\/p>\n","protected":false},"author":2,"featured_media":24401,"comment_status":"closed","ping_status":"open","sticky":false,"template":"","format":"standard","meta":{"_eb_attr":"","_jetpack_memberships_contains_paid_content":false,"footnotes":""},"categories":[4],"tags":[],"class_list":["post-25580","post","type-post","status-publish","format-standard","has-post-thumbnail","hentry","category-politica"],"yoast_head":"<!-- This site is optimized with the Yoast SEO plugin v26.5 - https:\/\/yoast.com\/wordpress\/plugins\/seo\/ -->\n<title>C\u00e2mara busca acordo para adiamento das elei\u00e7\u00f5es - Not&iacute;cias em Destaque<\/title>\n<meta name=\"robots\" content=\"index, follow, max-snippet:-1, max-image-preview:large, max-video-preview:-1\" \/>\n<link rel=\"canonical\" href=\"https:\/\/noticiasemdestaque.com\/cd\/?p=25580\" \/>\n<meta property=\"og:locale\" content=\"pt_BR\" \/>\n<meta property=\"og:type\" content=\"article\" \/>\n<meta property=\"og:title\" content=\"C\u00e2mara busca acordo para adiamento das elei\u00e7\u00f5es - Not&iacute;cias em Destaque\" \/>\n<meta property=\"og:description\" content=\"Aprovada pelo Senado na \u00faltima ter\u00e7a-feira (23),\u00a0a PEC 18\/2020\u00a0que\u00a0adia as elei\u00e7\u00f5es municipais de 2020 em face do avan\u00e7o da\u00a0covid-19\u00a0e das medidas preventivas de isolamento social adotadas no pa\u00eds deve ser apreciada nesta semana pela C\u00e2mara. Ainda n\u00e3o h\u00e1 entendimento na Casa para aprova\u00e7\u00e3o da mat\u00e9ria. Favor\u00e1vel ao adiamento, o presidente da C\u00e2mara, Rodrigo Maia (DEM-RJ), acena com libera\u00e7\u00e3o de recursos para munic\u00edpios como um atrativo para os deputados votarem a proposta. O Centr\u00e3o, bloco informal de partidos de centro e direita com forte influ\u00eancia na C\u00e2mara,\u00a0resiste \u00e0 mudan\u00e7a no calend\u00e1rio, j\u00e1 que h\u00e1 press\u00e3o de vereadores e prefeitos sobre os parlamentares. Na tarde desta segunda-feira (29), Maia participa de uma audi\u00eancia p\u00fablica promovida pelo Superior Tribunal Eleitoral para\u00a0discutir o tema. Por se tratar de uma emenda constitucional, a proposta s\u00f3 passar\u00e1 se tiver o apoio de pelo menos 308 dos 513 deputados em dois turnos. O texto do Senado adia de outubro para 15 e 29 de novembro a realiza\u00e7\u00e3o do primeiro e do segundo turno da disputa municipal. Not\u00edcias em Destaque Com Congresso em Foco\" \/>\n<meta property=\"og:url\" content=\"https:\/\/noticiasemdestaque.com\/cd\/?p=25580\" \/>\n<meta property=\"og:site_name\" content=\"Not&iacute;cias em Destaque\" \/>\n<meta property=\"article:published_time\" content=\"2020-06-29T13:51:48+00:00\" \/>\n<meta property=\"og:image\" content=\"https:\/\/noticiasemdestaque.com\/cd\/wp-content\/uploads\/2020\/04\/PAG-2-elei\u00e7\u00f5es-2020.png\" \/>\n\t<meta property=\"og:image:width\" content=\"683\" \/>\n\t<meta property=\"og:image:height\" content=\"464\" \/>\n\t<meta property=\"og:image:type\" content=\"image\/png\" \/>\n<meta name=\"author\" content=\"Not\u00edcias em Destaque\" \/>\n<meta name=\"twitter:card\" content=\"summary_large_image\" \/>\n<meta name=\"twitter:label1\" content=\"Escrito por\" \/>\n\t<meta name=\"twitter:data1\" content=\"Not\u00edcias em Destaque\" \/>\n\t<meta name=\"twitter:label2\" content=\"Est. tempo de leitura\" \/>\n\t<meta name=\"twitter:data2\" content=\"1 minuto\" \/>\n<script type=\"application\/ld+json\" class=\"yoast-schema-graph\">{\"@context\":\"https:\/\/schema.org\",\"@graph\":[{\"@type\":\"Article\",\"@id\":\"https:\/\/noticiasemdestaque.com\/cd\/?p=25580#article\",\"isPartOf\":{\"@id\":\"https:\/\/noticiasemdestaque.com\/cd\/?p=25580\"},\"author\":{\"name\":\"Not\u00edcias em Destaque\",\"@id\":\"https:\/\/noticiasemdestaque.com\/cd\/#\/schema\/person\/21320b03a7e8bb90128938dafc9b908a\"},\"headline\":\"C\u00e2mara busca acordo para adiamento das elei\u00e7\u00f5es\",\"datePublished\":\"2020-06-29T13:51:48+00:00\",\"mainEntityOfPage\":{\"@id\":\"https:\/\/noticiasemdestaque.com\/cd\/?p=25580\"},\"wordCount\":205,\"publisher\":{\"@id\":\"https:\/\/noticiasemdestaque.com\/cd\/#organization\"},\"image\":{\"@id\":\"https:\/\/noticiasemdestaque.com\/cd\/?p=25580#primaryimage\"},\"thumbnailUrl\":\"https:\/\/noticiasemdestaque.com\/cd\/wp-content\/uploads\/2020\/04\/PAG-2-elei\u00e7\u00f5es-2020.png\",\"articleSection\":[\"Pol\u00edtica\"],\"inLanguage\":\"pt-BR\"},{\"@type\":\"WebPage\",\"@id\":\"https:\/\/noticiasemdestaque.com\/cd\/?p=25580\",\"url\":\"https:\/\/noticiasemdestaque.com\/cd\/?p=25580\",\"name\":\"C\u00e2mara busca acordo para adiamento das elei\u00e7\u00f5es - Not&iacute;cias em Destaque\",\"isPartOf\":{\"@id\":\"https:\/\/noticiasemdestaque.com\/cd\/#website\"},\"primaryImageOfPage\":{\"@id\":\"https:\/\/noticiasemdestaque.com\/cd\/?p=25580#primaryimage\"},\"image\":{\"@id\":\"https:\/\/noticiasemdestaque.com\/cd\/?p=25580#primaryimage\"},\"thumbnailUrl\":\"https:\/\/noticiasemdestaque.com\/cd\/wp-content\/uploads\/2020\/04\/PAG-2-elei\u00e7\u00f5es-2020.png\",\"datePublished\":\"2020-06-29T13:51:48+00:00\",\"breadcrumb\":{\"@id\":\"https:\/\/noticiasemdestaque.com\/cd\/?p=25580#breadcrumb\"},\"inLanguage\":\"pt-BR\",\"potentialAction\":[{\"@type\":\"ReadAction\",\"target\":[\"https:\/\/noticiasemdestaque.com\/cd\/?p=25580\"]}]},{\"@type\":\"ImageObject\",\"inLanguage\":\"pt-BR\",\"@id\":\"https:\/\/noticiasemdestaque.com\/cd\/?p=25580#primaryimage\",\"url\":\"https:\/\/noticiasemdestaque.com\/cd\/wp-content\/uploads\/2020\/04\/PAG-2-elei\u00e7\u00f5es-2020.png\",\"contentUrl\":\"https:\/\/noticiasemdestaque.com\/cd\/wp-content\/uploads\/2020\/04\/PAG-2-elei\u00e7\u00f5es-2020.png\",\"width\":683,\"height\":464},{\"@type\":\"BreadcrumbList\",\"@id\":\"https:\/\/noticiasemdestaque.com\/cd\/?p=25580#breadcrumb\",\"itemListElement\":[{\"@type\":\"ListItem\",\"position\":1,\"name\":\"In\u00edcio\",\"item\":\"https:\/\/noticiasemdestaque.com\/cd\/\"},{\"@type\":\"ListItem\",\"position\":2,\"name\":\"C\u00e2mara busca acordo para adiamento das elei\u00e7\u00f5es\"}]},{\"@type\":\"WebSite\",\"@id\":\"https:\/\/noticiasemdestaque.com\/cd\/#website\",\"url\":\"https:\/\/noticiasemdestaque.com\/cd\/\",\"name\":\"Not&iacute;cias em Destaque\",\"description\":\"\",\"publisher\":{\"@id\":\"https:\/\/noticiasemdestaque.com\/cd\/#organization\"},\"potentialAction\":[{\"@type\":\"SearchAction\",\"target\":{\"@type\":\"EntryPoint\",\"urlTemplate\":\"https:\/\/noticiasemdestaque.com\/cd\/?s={search_term_string}\"},\"query-input\":{\"@type\":\"PropertyValueSpecification\",\"valueRequired\":true,\"valueName\":\"search_term_string\"}}],\"inLanguage\":\"pt-BR\"},{\"@type\":\"Organization\",\"@id\":\"https:\/\/noticiasemdestaque.com\/cd\/#organization\",\"name\":\"Not\u00edcias em Destaque\",\"url\":\"https:\/\/noticiasemdestaque.com\/cd\/\",\"logo\":{\"@type\":\"ImageObject\",\"inLanguage\":\"pt-BR\",\"@id\":\"https:\/\/noticiasemdestaque.com\/cd\/#\/schema\/logo\/image\/\",\"url\":\"https:\/\/noticiasemdestaque.com\/cd\/wp-content\/uploads\/2022\/05\/imagem-base-noticiasemdestaque.png\",\"contentUrl\":\"https:\/\/noticiasemdestaque.com\/cd\/wp-content\/uploads\/2022\/05\/imagem-base-noticiasemdestaque.png\",\"width\":1200,\"height\":630,\"caption\":\"Not\u00edcias em Destaque\"},\"image\":{\"@id\":\"https:\/\/noticiasemdestaque.com\/cd\/#\/schema\/logo\/image\/\"}},{\"@type\":\"Person\",\"@id\":\"https:\/\/noticiasemdestaque.com\/cd\/#\/schema\/person\/21320b03a7e8bb90128938dafc9b908a\",\"name\":\"Not\u00edcias em Destaque\",\"url\":\"https:\/\/noticiasemdestaque.com\/cd\/?author=2\"}]}<\/script>\n<!-- \/ Yoast SEO plugin. -->","yoast_head_json":{"title":"C\u00e2mara busca acordo para adiamento das elei\u00e7\u00f5es - Not&iacute;cias em Destaque","robots":{"index":"index","follow":"follow","max-snippet":"max-snippet:-1","max-image-preview":"max-image-preview:large","max-video-preview":"max-video-preview:-1"},"canonical":"https:\/\/noticiasemdestaque.com\/cd\/?p=25580","og_locale":"pt_BR","og_type":"article","og_title":"C\u00e2mara busca acordo para adiamento das elei\u00e7\u00f5es - Not&iacute;cias em Destaque","og_description":"Aprovada pelo Senado na \u00faltima ter\u00e7a-feira (23),\u00a0a PEC 18\/2020\u00a0que\u00a0adia as elei\u00e7\u00f5es municipais de 2020 em face do avan\u00e7o da\u00a0covid-19\u00a0e das medidas preventivas de isolamento social adotadas no pa\u00eds deve ser apreciada nesta semana pela C\u00e2mara. Ainda n\u00e3o h\u00e1 entendimento na Casa para aprova\u00e7\u00e3o da mat\u00e9ria. Favor\u00e1vel ao adiamento, o presidente da C\u00e2mara, Rodrigo Maia (DEM-RJ), acena com libera\u00e7\u00e3o de recursos para munic\u00edpios como um atrativo para os deputados votarem a proposta. O Centr\u00e3o, bloco informal de partidos de centro e direita com forte influ\u00eancia na C\u00e2mara,\u00a0resiste \u00e0 mudan\u00e7a no calend\u00e1rio, j\u00e1 que h\u00e1 press\u00e3o de vereadores e prefeitos sobre os parlamentares. Na tarde desta segunda-feira (29), Maia participa de uma audi\u00eancia p\u00fablica promovida pelo Superior Tribunal Eleitoral para\u00a0discutir o tema. Por se tratar de uma emenda constitucional, a proposta s\u00f3 passar\u00e1 se tiver o apoio de pelo menos 308 dos 513 deputados em dois turnos. O texto do Senado adia de outubro para 15 e 29 de novembro a realiza\u00e7\u00e3o do primeiro e do segundo turno da disputa municipal. Not\u00edcias em Destaque Com Congresso em Foco","og_url":"https:\/\/noticiasemdestaque.com\/cd\/?p=25580","og_site_name":"Not&iacute;cias em Destaque","article_published_time":"2020-06-29T13:51:48+00:00","og_image":[{"width":683,"height":464,"url":"https:\/\/noticiasemdestaque.com\/cd\/wp-content\/uploads\/2020\/04\/PAG-2-elei\u00e7\u00f5es-2020.png","type":"image\/png"}],"author":"Not\u00edcias em Destaque","twitter_card":"summary_large_image","twitter_misc":{"Escrito por":"Not\u00edcias em Destaque","Est. tempo de leitura":"1 minuto"},"schema":{"@context":"https:\/\/schema.org","@graph":[{"@type":"Article","@id":"https:\/\/noticiasemdestaque.com\/cd\/?p=25580#article","isPartOf":{"@id":"https:\/\/noticiasemdestaque.com\/cd\/?p=25580"},"author":{"name":"Not\u00edcias em Destaque","@id":"https:\/\/noticiasemdestaque.com\/cd\/#\/schema\/person\/21320b03a7e8bb90128938dafc9b908a"},"headline":"C\u00e2mara busca acordo para adiamento das elei\u00e7\u00f5es","datePublished":"2020-06-29T13:51:48+00:00","mainEntityOfPage":{"@id":"https:\/\/noticiasemdestaque.com\/cd\/?p=25580"},"wordCount":205,"publisher":{"@id":"https:\/\/noticiasemdestaque.com\/cd\/#organization"},"image":{"@id":"https:\/\/noticiasemdestaque.com\/cd\/?p=25580#primaryimage"},"thumbnailUrl":"https:\/\/noticiasemdestaque.com\/cd\/wp-content\/uploads\/2020\/04\/PAG-2-elei\u00e7\u00f5es-2020.png","articleSection":["Pol\u00edtica"],"inLanguage":"pt-BR"},{"@type":"WebPage","@id":"https:\/\/noticiasemdestaque.com\/cd\/?p=25580","url":"https:\/\/noticiasemdestaque.com\/cd\/?p=25580","name":"C\u00e2mara busca acordo para adiamento das elei\u00e7\u00f5es - Not&iacute;cias em Destaque","isPartOf":{"@id":"https:\/\/noticiasemdestaque.com\/cd\/#website"},"primaryImageOfPage":{"@id":"https:\/\/noticiasemdestaque.com\/cd\/?p=25580#primaryimage"},"image":{"@id":"https:\/\/noticiasemdestaque.com\/cd\/?p=25580#primaryimage"},"thumbnailUrl":"https:\/\/noticiasemdestaque.com\/cd\/wp-content\/uploads\/2020\/04\/PAG-2-elei\u00e7\u00f5es-2020.png","datePublished":"2020-06-29T13:51:48+00:00","breadcrumb":{"@id":"https:\/\/noticiasemdestaque.com\/cd\/?p=25580#breadcrumb"},"inLanguage":"pt-BR","potentialAction":[{"@type":"ReadAction","target":["https:\/\/noticiasemdestaque.com\/cd\/?p=25580"]}]},{"@type":"ImageObject","inLanguage":"pt-BR","@id":"https:\/\/noticiasemdestaque.com\/cd\/?p=25580#primaryimage","url":"https:\/\/noticiasemdestaque.com\/cd\/wp-content\/uploads\/2020\/04\/PAG-2-elei\u00e7\u00f5es-2020.png","contentUrl":"https:\/\/noticiasemdestaque.com\/cd\/wp-content\/uploads\/2020\/04\/PAG-2-elei\u00e7\u00f5es-2020.png","width":683,"height":464},{"@type":"BreadcrumbList","@id":"https:\/\/noticiasemdestaque.com\/cd\/?p=25580#breadcrumb","itemListElement":[{"@type":"ListItem","position":1,"name":"In\u00edcio","item":"https:\/\/noticiasemdestaque.com\/cd\/"},{"@type":"ListItem","position":2,"name":"C\u00e2mara busca acordo para adiamento das elei\u00e7\u00f5es"}]},{"@type":"WebSite","@id":"https:\/\/noticiasemdestaque.com\/cd\/#website","url":"https:\/\/noticiasemdestaque.com\/cd\/","name":"Not&iacute;cias em Destaque","description":"","publisher":{"@id":"https:\/\/noticiasemdestaque.com\/cd\/#organization"},"potentialAction":[{"@type":"SearchAction","target":{"@type":"EntryPoint","urlTemplate":"https:\/\/noticiasemdestaque.com\/cd\/?s={search_term_string}"},"query-input":{"@type":"PropertyValueSpecification","valueRequired":true,"valueName":"search_term_string"}}],"inLanguage":"pt-BR"},{"@type":"Organization","@id":"https:\/\/noticiasemdestaque.com\/cd\/#organization","name":"Not\u00edcias em Destaque","url":"https:\/\/noticiasemdestaque.com\/cd\/","logo":{"@type":"ImageObject","inLanguage":"pt-BR","@id":"https:\/\/noticiasemdestaque.com\/cd\/#\/schema\/logo\/image\/","url":"https:\/\/noticiasemdestaque.com\/cd\/wp-content\/uploads\/2022\/05\/imagem-base-noticiasemdestaque.png","contentUrl":"https:\/\/noticiasemdestaque.com\/cd\/wp-content\/uploads\/2022\/05\/imagem-base-noticiasemdestaque.png","width":1200,"height":630,"caption":"Not\u00edcias em Destaque"},"image":{"@id":"https:\/\/noticiasemdestaque.com\/cd\/#\/schema\/logo\/image\/"}},{"@type":"Person","@id":"https:\/\/noticiasemdestaque.com\/cd\/#\/schema\/person\/21320b03a7e8bb90128938dafc9b908a","name":"Not\u00edcias em Destaque","url":"https:\/\/noticiasemdestaque.com\/cd\/?author=2"}]}},"jetpack_featured_media_url":"https:\/\/noticiasemdestaque.com\/cd\/wp-content\/uploads\/2020\/04\/PAG-2-elei\u00e7\u00f5es-2020.png","jetpack_sharing_enabled":true,"_links":{"self":[{"href":"https:\/\/noticiasemdestaque.com\/cd\/index.php?rest_route=\/wp\/v2\/posts\/25580","targetHints":{"allow":["GET"]}}],"collection":[{"href":"https:\/\/noticiasemdestaque.com\/cd\/index.php?rest_route=\/wp\/v2\/posts"}],"about":[{"href":"https:\/\/noticiasemdestaque.com\/cd\/index.php?rest_route=\/wp\/v2\/types\/post"}],"author":[{"embeddable":true,"href":"https:\/\/noticiasemdestaque.com\/cd\/index.php?rest_route=\/wp\/v2\/users\/2"}],"replies":[{"embeddable":true,"href":"https:\/\/noticiasemdestaque.com\/cd\/index.php?rest_route=%2Fwp%2Fv2%2Fcomments&post=25580"}],"version-history":[{"count":1,"href":"https:\/\/noticiasemdestaque.com\/cd\/index.php?rest_route=\/wp\/v2\/posts\/25580\/revisions"}],"predecessor-version":[{"id":25581,"href":"https:\/\/noticiasemdestaque.com\/cd\/index.php?rest_route=\/wp\/v2\/posts\/25580\/revisions\/25581"}],"wp:featuredmedia":[{"embeddable":true,"href":"https:\/\/noticiasemdestaque.com\/cd\/index.php?rest_route=\/wp\/v2\/media\/24401"}],"wp:attachment":[{"href":"https:\/\/noticiasemdestaque.com\/cd\/index.php?rest_route=%2Fwp%2Fv2%2Fmedia&parent=25580"}],"wp:term":[{"taxonomy":"category","embeddable":true,"href":"https:\/\/noticiasemdestaque.com\/cd\/index.php?rest_route=%2Fwp%2Fv2%2Fcategories&post=25580"},{"taxonomy":"post_tag","embeddable":true,"href":"https:\/\/noticiasemdestaque.com\/cd\/index.php?rest_route=%2Fwp%2Fv2%2Ftags&post=25580"}],"curies":[{"name":"wp","href":"https:\/\/api.w.org\/{rel}","templated":true}]}}