{"id":25572,"date":"2020-06-28T20:57:19","date_gmt":"2020-06-28T23:57:19","guid":{"rendered":"http:\/\/noticiasemdestaque.com\/cd\/?p=25572"},"modified":"2020-06-28T20:57:19","modified_gmt":"2020-06-28T23:57:19","slug":"camara-de-vereadores-de-sume-aprova-solicitacoes-ao-orcamento-de-2021","status":"publish","type":"post","link":"https:\/\/noticiasemdestaque.com\/cd\/?p=25572","title":{"rendered":"C\u00e2mara de Vereadores de Sum\u00e9 aprova solicita\u00e7\u00f5es ao or\u00e7amento de 2021"},"content":{"rendered":"<p><a href=\"https:\/\/noticiasemdestaque.com\/cd\/wp-content\/uploads\/2020\/06\/9dc469c3-1d7b-4591-a5fb-2f4ad3da0286.jpg\"><img fetchpriority=\"high\" decoding=\"async\" class=\"wp-image-25576 aligncenter\" src=\"https:\/\/noticiasemdestaque.com\/cd\/wp-content\/uploads\/2020\/06\/9dc469c3-1d7b-4591-a5fb-2f4ad3da0286.jpg\" alt=\"\" width=\"624\" height=\"371\" srcset=\"https:\/\/noticiasemdestaque.com\/cd\/wp-content\/uploads\/2020\/06\/9dc469c3-1d7b-4591-a5fb-2f4ad3da0286.jpg 985w, https:\/\/noticiasemdestaque.com\/cd\/wp-content\/uploads\/2020\/06\/9dc469c3-1d7b-4591-a5fb-2f4ad3da0286-300x178.jpg 300w, https:\/\/noticiasemdestaque.com\/cd\/wp-content\/uploads\/2020\/06\/9dc469c3-1d7b-4591-a5fb-2f4ad3da0286-768x456.jpg 768w\" sizes=\"(max-width: 624px) 100vw, 624px\" \/><\/a><\/p>\n<p>Na manh\u00e3 da \u00faltima sexta-feira (26), a C\u00e2mara de Vereadores de Sum\u00e9 realizou uma reuni\u00e3o para aprova\u00e7\u00e3o da Lei de Diretrizes Or\u00e7ament\u00e1rias 2021.<\/p>\n<p><a href=\"https:\/\/noticiasemdestaque.com\/cd\/wp-content\/uploads\/2020\/06\/40959067-6e5c-416b-8679-20dca4b6ed9d.jpg\"><img decoding=\"async\" class=\"wp-image-25578 aligncenter\" src=\"https:\/\/noticiasemdestaque.com\/cd\/wp-content\/uploads\/2020\/06\/40959067-6e5c-416b-8679-20dca4b6ed9d.jpg\" alt=\"\" width=\"476\" height=\"672\" srcset=\"https:\/\/noticiasemdestaque.com\/cd\/wp-content\/uploads\/2020\/06\/40959067-6e5c-416b-8679-20dca4b6ed9d.jpg 677w, https:\/\/noticiasemdestaque.com\/cd\/wp-content\/uploads\/2020\/06\/40959067-6e5c-416b-8679-20dca4b6ed9d-212x300.jpg 212w\" sizes=\"(max-width: 476px) 100vw, 476px\" \/><\/a><\/p>\n<p>Na oportunidade foi aprovada a emenda do vereador Fl\u00e1vio Paulino ao or\u00e7amento de 2021, solicitando a pavimenta\u00e7\u00e3o da Rua Everton Siqueira no Bairro Frei Dami\u00e3o e da Rua L\u00facia Duarte no Alto da Caixa D\u00b4\u00e1gua.<\/p>\n<p>O vereador apresentou ainda solicita\u00e7\u00e3o para amplia\u00e7\u00e3o da rede de ilumina\u00e7\u00e3o p\u00fablica na Rua Augusto Xavier de Sousa no Alto Alegre.<\/p>\n<p>Fl\u00e1vio solicitou tamb\u00e9m passagem molhada no S\u00edtio Angico Torto (Pr\u00f3ximo a Naldinho) e a recupera\u00e7\u00e3o da Passagem molhada no S\u00edtio Riacho dos Galegos.<\/p>\n<p><a href=\"https:\/\/noticiasemdestaque.com\/cd\/wp-content\/uploads\/2020\/06\/0d3ead91-c5be-4af0-8135-bffd394dcf03.jpg\"><img decoding=\"async\" class=\"wp-image-25574 aligncenter\" src=\"https:\/\/noticiasemdestaque.com\/cd\/wp-content\/uploads\/2020\/06\/0d3ead91-c5be-4af0-8135-bffd394dcf03-768x1024.jpg\" alt=\"\" width=\"499\" height=\"665\" srcset=\"https:\/\/noticiasemdestaque.com\/cd\/wp-content\/uploads\/2020\/06\/0d3ead91-c5be-4af0-8135-bffd394dcf03.jpg 768w, https:\/\/noticiasemdestaque.com\/cd\/wp-content\/uploads\/2020\/06\/0d3ead91-c5be-4af0-8135-bffd394dcf03-225x300.jpg 225w\" sizes=\"(max-width: 499px) 100vw, 499px\" \/><\/a><\/p>\n<p>O vereador Branco Xiliu solicitou atrav\u00e9s de emenda ao or\u00e7amento de 2021, a constru\u00e7\u00e3o de passagem molhada no Assentamento Cupira e mata burro no S\u00edtio Tr\u00eas Casas.<\/p>\n<p><a href=\"https:\/\/noticiasemdestaque.com\/cd\/wp-content\/uploads\/2020\/06\/f2d4e1d9-5f87-4462-afd7-d5ed7d3c5d1f.jpg\"><img loading=\"lazy\" decoding=\"async\" class=\"wp-image-25573 aligncenter\" src=\"https:\/\/noticiasemdestaque.com\/cd\/wp-content\/uploads\/2020\/06\/f2d4e1d9-5f87-4462-afd7-d5ed7d3c5d1f.jpg\" alt=\"\" width=\"500\" height=\"532\" srcset=\"https:\/\/noticiasemdestaque.com\/cd\/wp-content\/uploads\/2020\/06\/f2d4e1d9-5f87-4462-afd7-d5ed7d3c5d1f.jpg 693w, https:\/\/noticiasemdestaque.com\/cd\/wp-content\/uploads\/2020\/06\/f2d4e1d9-5f87-4462-afd7-d5ed7d3c5d1f-282x300.jpg 282w\" sizes=\"(max-width: 500px) 100vw, 500px\" \/><\/a><\/p>\n<p>Os vereadores Jos\u00e9 Ant\u00f4nio e Ant\u00f4nio Carlos apresentaram emenda ao or\u00e7amento de 2021 solicitando a constru\u00e7\u00e3o de uma Unidade de Sa\u00fade no Pedro Ferreira.<\/p>\n<p>Foi aprovada ainda a emenda do vereador Jos\u00e9 Ant\u00f4nio que disp\u00f5e sobre as seguintes passagens molhadas.<\/p>\n<p>&#8211; Passagem molhada no s\u00edtio Riacho da Ro\u00e7a pr\u00f3ximo a resid\u00eancia do Senhor Pricilo.<br \/>\n-Passagem molhada no S\u00edtio Volta do Rio pr\u00f3ximo a Cida Bi\u00e1.<br \/>\n-Passagem molhada no S\u00edtio Porteiras, Riacho de Pedro Z\u00e9 Novo.<\/p>\n<p>O vereador Jos\u00e9 Ant\u00f4nio apresentou emenda ao or\u00e7amento solicitando a constru\u00e7\u00e3o de uma Unidade de Sa\u00fade no Renascer.<\/p>\n<p><a href=\"https:\/\/noticiasemdestaque.com\/cd\/wp-content\/uploads\/2020\/06\/38752eed-e0a6-4035-84c1-290c4232686b.jpg\"><img loading=\"lazy\" decoding=\"async\" class=\"wp-image-25577 aligncenter\" src=\"https:\/\/noticiasemdestaque.com\/cd\/wp-content\/uploads\/2020\/06\/38752eed-e0a6-4035-84c1-290c4232686b.jpg\" alt=\"\" width=\"504\" height=\"705\" srcset=\"https:\/\/noticiasemdestaque.com\/cd\/wp-content\/uploads\/2020\/06\/38752eed-e0a6-4035-84c1-290c4232686b.jpg 701w, https:\/\/noticiasemdestaque.com\/cd\/wp-content\/uploads\/2020\/06\/38752eed-e0a6-4035-84c1-290c4232686b-214x300.jpg 214w\" sizes=\"(max-width: 504px) 100vw, 504px\" \/><\/a><\/p>\n<p>Durante a reuni\u00e3o foi aprovada emenda aditiva 03\/2020 a Lei Or\u00e7ament\u00e1ria de 2021, de autoria do vereador Ant\u00f4nio Carlos Sarmento.<\/p>\n<p>O vereador Ant\u00f4nio Carlos lembrou que em 8 de maio de 2017 havia apresentado uma solicita\u00e7\u00e3o para que o prefeito \u00c9den Duarte constru\u00edsse Unidade de Sa\u00fade para o bairro Renascer e para o Pedro Ferreira.<\/p>\n<p>\u2705Amplia\u00e7\u00e3o de rede de ilumina\u00e7\u00e3o p\u00fablica<\/p>\n<p>&#8211; Campo de avia\u00e7\u00e3o do munic\u00edpio.<\/p>\n<p>\u2705Perfura\u00e7\u00e3o e instala\u00e7\u00e3o de po\u00e7os.<\/p>\n<p>&#8211; S\u00edtio Riacho da Ro\u00e7a (pr\u00f3ximo ao Posto de Sa\u00fade)<br \/>\n&#8211; S\u00edtio Santo Agostinho (pr\u00f3ximo a D\u00e9da\/Chico Preto)<br \/>\n&#8211; S\u00edtio Ju\u00e1<br \/>\n-S\u00edtio Cachoeirinha de Baixo<\/p>\n<p>\u2705Constru\u00e7\u00e3o e revitaliza\u00e7\u00e3o de a\u00e7udes, barreiros e barragens subterr\u00e2neas<\/p>\n<p>&#8211; S\u00edtio Formigueiro (recupera\u00e7\u00e3o A\u00e7ude do Formigueiro)<br \/>\n-S\u00edtio Concei\u00e7\u00e3o e Cachoeirinha de Baixo (limpeza da barragem)<\/p>\n<p>\u2705Constru\u00e7\u00e3o de Passagens molhadas<\/p>\n<p>&#8211; Passagem molhada para o Assentamento Z\u00e9 Marcolino (acesso a Vila)<br \/>\n&#8211; Passagem molhada no S\u00edtio Riach\u00e3o (pr\u00f3ximo a Silvino)<br \/>\n&#8211; Passagem molhada no S\u00edtio Agreste (pr\u00f3ximo a Aderaldo)<br \/>\n&#8211; Passagem molhada no S\u00edtio Catonho<br \/>\n&#8211; Passagem molhada no Assentamento Mandacar\u00fa<br \/>\n&#8211; Passagem molhada no S\u00edtio Formigueiro\/Serrote Verde<br \/>\n&#8211; Passagem molhada S\u00edtio Xique-xique e acesso Cachoeirinha<br \/>\n&#8211; Passagem molhada no S\u00edtio Concei\u00e7\u00e3o<br \/>\n&#8211; Passagem molhada no Riacho das Porteiras<br \/>\n&#8211; Passagem molhada na Vila do Formigueiro<br \/>\n&#8211; Passagem molhada no S\u00edtio Terra Vermelha (pr\u00f3ximo a Zezinho da Ladeira).<br \/>\n&#8211; Passagem molhada entre os s\u00edtios Agreste e Jurema (pr\u00f3ximo ao Sr. Euclides)<\/p>\n<p>\u2705Aquisi\u00e7\u00e3o de ve\u00edculo e equipamento para a sa\u00fade<\/p>\n<p>&#8211; Ambul\u00e2ncia para o Hospital e Maternidade Alice de Almeida.<br \/>\n&#8211; Um ve\u00edculo para a Vigil\u00e2ncia Sanit\u00e1ria do Munic\u00edpio.<br \/>\n&#8211; Tr\u00eas motocicletas para os Agentes de Controle de Endemias.<\/p>\n<p><a href=\"https:\/\/noticiasemdestaque.com\/cd\/wp-content\/uploads\/2020\/06\/6e0c3448-123b-44cc-aab6-21128d3f7302.jpg\"><img loading=\"lazy\" decoding=\"async\" class=\"wp-image-25575 aligncenter\" src=\"https:\/\/noticiasemdestaque.com\/cd\/wp-content\/uploads\/2020\/06\/6e0c3448-123b-44cc-aab6-21128d3f7302.jpg\" alt=\"\" width=\"495\" height=\"543\" srcset=\"https:\/\/noticiasemdestaque.com\/cd\/wp-content\/uploads\/2020\/06\/6e0c3448-123b-44cc-aab6-21128d3f7302.jpg 707w, https:\/\/noticiasemdestaque.com\/cd\/wp-content\/uploads\/2020\/06\/6e0c3448-123b-44cc-aab6-21128d3f7302-273x300.jpg 273w\" sizes=\"(max-width: 495px) 100vw, 495px\" \/><\/a><\/p>\n<p>Foi aprovada emenda ao or\u00e7amento de 2021 de autoria do vereador Daniel L\u00eala para a constru\u00e7\u00e3o de Passagem molhada no s\u00edtio Banquinho, pr\u00f3ximo a resid\u00eancia do Sr. Chico Duarte, sentido Sucuru.<\/p>\n<p><strong><em>Not\u00edcias em Destaque<\/em><\/strong><\/p>\n","protected":false},"excerpt":{"rendered":"<p>Na manh\u00e3 da \u00faltima sexta-feira (26), a C\u00e2mara de Vereadores de Sum\u00e9 realizou uma reuni\u00e3o para aprova\u00e7\u00e3o da Lei de Diretrizes Or\u00e7ament\u00e1rias 2021. Na oportunidade foi aprovada a emenda do vereador Fl\u00e1vio Paulino ao or\u00e7amento de 2021, solicitando a pavimenta\u00e7\u00e3o da Rua Everton Siqueira no Bairro Frei Dami\u00e3o e da Rua L\u00facia Duarte no Alto da Caixa D\u00b4\u00e1gua. O vereador apresentou ainda solicita\u00e7\u00e3o para amplia\u00e7\u00e3o da rede de ilumina\u00e7\u00e3o p\u00fablica na Rua Augusto Xavier de Sousa no Alto Alegre. Fl\u00e1vio solicitou tamb\u00e9m passagem molhada no S\u00edtio Angico Torto (Pr\u00f3ximo a Naldinho) e a recupera\u00e7\u00e3o da Passagem molhada no S\u00edtio Riacho dos Galegos. O vereador Branco Xiliu solicitou atrav\u00e9s de emenda ao or\u00e7amento de 2021, a constru\u00e7\u00e3o de passagem molhada no Assentamento Cupira e mata burro no S\u00edtio Tr\u00eas Casas. Os vereadores Jos\u00e9 Ant\u00f4nio e Ant\u00f4nio Carlos apresentaram emenda ao or\u00e7amento de 2021 solicitando a constru\u00e7\u00e3o de uma Unidade de Sa\u00fade no Pedro Ferreira. Foi aprovada ainda a emenda do vereador Jos\u00e9 Ant\u00f4nio que disp\u00f5e sobre as seguintes passagens molhadas. &#8211; Passagem molhada no s\u00edtio Riacho da Ro\u00e7a pr\u00f3ximo a resid\u00eancia do Senhor Pricilo. -Passagem molhada no S\u00edtio Volta do Rio pr\u00f3ximo a Cida Bi\u00e1. -Passagem molhada no S\u00edtio Porteiras, Riacho de Pedro Z\u00e9 Novo. O vereador Jos\u00e9 Ant\u00f4nio apresentou emenda ao or\u00e7amento solicitando a constru\u00e7\u00e3o de uma Unidade de Sa\u00fade no Renascer. Durante a reuni\u00e3o foi aprovada emenda aditiva 03\/2020 a Lei Or\u00e7ament\u00e1ria de 2021, de autoria do vereador Ant\u00f4nio Carlos Sarmento. O vereador Ant\u00f4nio Carlos lembrou que em 8 de maio de 2017 havia apresentado uma solicita\u00e7\u00e3o para que o prefeito \u00c9den Duarte constru\u00edsse Unidade de Sa\u00fade para o bairro Renascer e para o Pedro Ferreira. \u2705Amplia\u00e7\u00e3o de rede de ilumina\u00e7\u00e3o p\u00fablica &#8211; Campo de avia\u00e7\u00e3o do munic\u00edpio. \u2705Perfura\u00e7\u00e3o e instala\u00e7\u00e3o de po\u00e7os. &#8211; S\u00edtio Riacho da Ro\u00e7a (pr\u00f3ximo ao Posto de Sa\u00fade) &#8211; S\u00edtio Santo Agostinho (pr\u00f3ximo a D\u00e9da\/Chico Preto) &#8211; S\u00edtio Ju\u00e1 -S\u00edtio Cachoeirinha de Baixo \u2705Constru\u00e7\u00e3o e revitaliza\u00e7\u00e3o de a\u00e7udes, barreiros e barragens subterr\u00e2neas &#8211; S\u00edtio Formigueiro (recupera\u00e7\u00e3o A\u00e7ude do Formigueiro) -S\u00edtio Concei\u00e7\u00e3o e Cachoeirinha de Baixo (limpeza da barragem) \u2705Constru\u00e7\u00e3o de Passagens molhadas &#8211; Passagem molhada para o Assentamento Z\u00e9 Marcolino (acesso a Vila) &#8211; Passagem molhada no S\u00edtio Riach\u00e3o (pr\u00f3ximo a Silvino) &#8211; Passagem molhada no S\u00edtio Agreste (pr\u00f3ximo a Aderaldo) &#8211; Passagem molhada no S\u00edtio Catonho &#8211; Passagem molhada no Assentamento Mandacar\u00fa &#8211; Passagem molhada no S\u00edtio Formigueiro\/Serrote Verde &#8211; Passagem molhada S\u00edtio Xique-xique e acesso Cachoeirinha &#8211; Passagem molhada no S\u00edtio Concei\u00e7\u00e3o &#8211; Passagem molhada no Riacho das Porteiras &#8211; Passagem molhada na Vila do Formigueiro &#8211; Passagem molhada no S\u00edtio Terra Vermelha (pr\u00f3ximo a Zezinho da Ladeira). &#8211; Passagem molhada entre os s\u00edtios Agreste e Jurema (pr\u00f3ximo ao Sr. Euclides) \u2705Aquisi\u00e7\u00e3o de ve\u00edculo e equipamento para a sa\u00fade &#8211; Ambul\u00e2ncia para o Hospital e Maternidade Alice de Almeida. &#8211; Um ve\u00edculo para a Vigil\u00e2ncia Sanit\u00e1ria do Munic\u00edpio. &#8211; Tr\u00eas motocicletas para os Agentes de Controle de Endemias. Foi aprovada emenda ao or\u00e7amento de 2021 de autoria do vereador Daniel L\u00eala para a constru\u00e7\u00e3o de Passagem molhada no s\u00edtio Banquinho, pr\u00f3ximo a resid\u00eancia do Sr. Chico Duarte, sentido Sucuru. Not\u00edcias em Destaque<\/p>\n","protected":false},"author":2,"featured_media":25576,"comment_status":"closed","ping_status":"open","sticky":false,"template":"","format":"standard","meta":{"_eb_attr":"","_jetpack_memberships_contains_paid_content":false,"footnotes":""},"categories":[4],"tags":[],"class_list":["post-25572","post","type-post","status-publish","format-standard","has-post-thumbnail","hentry","category-politica"],"yoast_head":"<!-- This site is optimized with the Yoast SEO plugin v26.5 - https:\/\/yoast.com\/wordpress\/plugins\/seo\/ -->\n<title>C\u00e2mara de Vereadores de Sum\u00e9 aprova solicita\u00e7\u00f5es ao or\u00e7amento de 2021 - Not&iacute;cias em Destaque<\/title>\n<meta name=\"robots\" content=\"index, follow, max-snippet:-1, max-image-preview:large, max-video-preview:-1\" \/>\n<link rel=\"canonical\" href=\"https:\/\/noticiasemdestaque.com\/cd\/?p=25572\" \/>\n<meta property=\"og:locale\" content=\"pt_BR\" \/>\n<meta property=\"og:type\" content=\"article\" \/>\n<meta property=\"og:title\" content=\"C\u00e2mara de Vereadores de Sum\u00e9 aprova solicita\u00e7\u00f5es ao or\u00e7amento de 2021 - Not&iacute;cias em Destaque\" \/>\n<meta property=\"og:description\" content=\"Na manh\u00e3 da \u00faltima sexta-feira (26), a C\u00e2mara de Vereadores de Sum\u00e9 realizou uma reuni\u00e3o para aprova\u00e7\u00e3o da Lei de Diretrizes Or\u00e7ament\u00e1rias 2021. Na oportunidade foi aprovada a emenda do vereador Fl\u00e1vio Paulino ao or\u00e7amento de 2021, solicitando a pavimenta\u00e7\u00e3o da Rua Everton Siqueira no Bairro Frei Dami\u00e3o e da Rua L\u00facia Duarte no Alto da Caixa D\u00b4\u00e1gua. O vereador apresentou ainda solicita\u00e7\u00e3o para amplia\u00e7\u00e3o da rede de ilumina\u00e7\u00e3o p\u00fablica na Rua Augusto Xavier de Sousa no Alto Alegre. Fl\u00e1vio solicitou tamb\u00e9m passagem molhada no S\u00edtio Angico Torto (Pr\u00f3ximo a Naldinho) e a recupera\u00e7\u00e3o da Passagem molhada no S\u00edtio Riacho dos Galegos. O vereador Branco Xiliu solicitou atrav\u00e9s de emenda ao or\u00e7amento de 2021, a constru\u00e7\u00e3o de passagem molhada no Assentamento Cupira e mata burro no S\u00edtio Tr\u00eas Casas. Os vereadores Jos\u00e9 Ant\u00f4nio e Ant\u00f4nio Carlos apresentaram emenda ao or\u00e7amento de 2021 solicitando a constru\u00e7\u00e3o de uma Unidade de Sa\u00fade no Pedro Ferreira. Foi aprovada ainda a emenda do vereador Jos\u00e9 Ant\u00f4nio que disp\u00f5e sobre as seguintes passagens molhadas. &#8211; Passagem molhada no s\u00edtio Riacho da Ro\u00e7a pr\u00f3ximo a resid\u00eancia do Senhor Pricilo. -Passagem molhada no S\u00edtio Volta do Rio pr\u00f3ximo a Cida Bi\u00e1. -Passagem molhada no S\u00edtio Porteiras, Riacho de Pedro Z\u00e9 Novo. O vereador Jos\u00e9 Ant\u00f4nio apresentou emenda ao or\u00e7amento solicitando a constru\u00e7\u00e3o de uma Unidade de Sa\u00fade no Renascer. Durante a reuni\u00e3o foi aprovada emenda aditiva 03\/2020 a Lei Or\u00e7ament\u00e1ria de 2021, de autoria do vereador Ant\u00f4nio Carlos Sarmento. O vereador Ant\u00f4nio Carlos lembrou que em 8 de maio de 2017 havia apresentado uma solicita\u00e7\u00e3o para que o prefeito \u00c9den Duarte constru\u00edsse Unidade de Sa\u00fade para o bairro Renascer e para o Pedro Ferreira. \u2705Amplia\u00e7\u00e3o de rede de ilumina\u00e7\u00e3o p\u00fablica &#8211; Campo de avia\u00e7\u00e3o do munic\u00edpio. \u2705Perfura\u00e7\u00e3o e instala\u00e7\u00e3o de po\u00e7os. &#8211; S\u00edtio Riacho da Ro\u00e7a (pr\u00f3ximo ao Posto de Sa\u00fade) &#8211; S\u00edtio Santo Agostinho (pr\u00f3ximo a D\u00e9da\/Chico Preto) &#8211; S\u00edtio Ju\u00e1 -S\u00edtio Cachoeirinha de Baixo \u2705Constru\u00e7\u00e3o e revitaliza\u00e7\u00e3o de a\u00e7udes, barreiros e barragens subterr\u00e2neas &#8211; S\u00edtio Formigueiro (recupera\u00e7\u00e3o A\u00e7ude do Formigueiro) -S\u00edtio Concei\u00e7\u00e3o e Cachoeirinha de Baixo (limpeza da barragem) \u2705Constru\u00e7\u00e3o de Passagens molhadas &#8211; Passagem molhada para o Assentamento Z\u00e9 Marcolino (acesso a Vila) &#8211; Passagem molhada no S\u00edtio Riach\u00e3o (pr\u00f3ximo a Silvino) &#8211; Passagem molhada no S\u00edtio Agreste (pr\u00f3ximo a Aderaldo) &#8211; Passagem molhada no S\u00edtio Catonho &#8211; Passagem molhada no Assentamento Mandacar\u00fa &#8211; Passagem molhada no S\u00edtio Formigueiro\/Serrote Verde &#8211; Passagem molhada S\u00edtio Xique-xique e acesso Cachoeirinha &#8211; Passagem molhada no S\u00edtio Concei\u00e7\u00e3o &#8211; Passagem molhada no Riacho das Porteiras &#8211; Passagem molhada na Vila do Formigueiro &#8211; Passagem molhada no S\u00edtio Terra Vermelha (pr\u00f3ximo a Zezinho da Ladeira). &#8211; Passagem molhada entre os s\u00edtios Agreste e Jurema (pr\u00f3ximo ao Sr. Euclides) \u2705Aquisi\u00e7\u00e3o de ve\u00edculo e equipamento para a sa\u00fade &#8211; Ambul\u00e2ncia para o Hospital e Maternidade Alice de Almeida. &#8211; Um ve\u00edculo para a Vigil\u00e2ncia Sanit\u00e1ria do Munic\u00edpio. &#8211; Tr\u00eas motocicletas para os Agentes de Controle de Endemias. Foi aprovada emenda ao or\u00e7amento de 2021 de autoria do vereador Daniel L\u00eala para a constru\u00e7\u00e3o de Passagem molhada no s\u00edtio Banquinho, pr\u00f3ximo a resid\u00eancia do Sr. Chico Duarte, sentido Sucuru. Not\u00edcias em Destaque\" \/>\n<meta property=\"og:url\" content=\"https:\/\/noticiasemdestaque.com\/cd\/?p=25572\" \/>\n<meta property=\"og:site_name\" content=\"Not&iacute;cias em Destaque\" \/>\n<meta property=\"article:published_time\" content=\"2020-06-28T23:57:19+00:00\" \/>\n<meta property=\"og:image\" content=\"https:\/\/noticiasemdestaque.com\/cd\/wp-content\/uploads\/2020\/06\/9dc469c3-1d7b-4591-a5fb-2f4ad3da0286.jpg\" \/>\n\t<meta property=\"og:image:width\" content=\"985\" \/>\n\t<meta property=\"og:image:height\" content=\"585\" \/>\n\t<meta property=\"og:image:type\" content=\"image\/jpeg\" \/>\n<meta name=\"author\" content=\"Not\u00edcias em Destaque\" \/>\n<meta name=\"twitter:card\" content=\"summary_large_image\" \/>\n<meta name=\"twitter:label1\" content=\"Escrito por\" \/>\n\t<meta name=\"twitter:data1\" content=\"Not\u00edcias em Destaque\" \/>\n\t<meta name=\"twitter:label2\" content=\"Est. tempo de leitura\" \/>\n\t<meta name=\"twitter:data2\" content=\"3 minutos\" \/>\n<script type=\"application\/ld+json\" class=\"yoast-schema-graph\">{\"@context\":\"https:\/\/schema.org\",\"@graph\":[{\"@type\":\"Article\",\"@id\":\"https:\/\/noticiasemdestaque.com\/cd\/?p=25572#article\",\"isPartOf\":{\"@id\":\"https:\/\/noticiasemdestaque.com\/cd\/?p=25572\"},\"author\":{\"name\":\"Not\u00edcias em Destaque\",\"@id\":\"https:\/\/noticiasemdestaque.com\/cd\/#\/schema\/person\/21320b03a7e8bb90128938dafc9b908a\"},\"headline\":\"C\u00e2mara de Vereadores de Sum\u00e9 aprova solicita\u00e7\u00f5es ao or\u00e7amento de 2021\",\"datePublished\":\"2020-06-28T23:57:19+00:00\",\"mainEntityOfPage\":{\"@id\":\"https:\/\/noticiasemdestaque.com\/cd\/?p=25572\"},\"wordCount\":634,\"publisher\":{\"@id\":\"https:\/\/noticiasemdestaque.com\/cd\/#organization\"},\"image\":{\"@id\":\"https:\/\/noticiasemdestaque.com\/cd\/?p=25572#primaryimage\"},\"thumbnailUrl\":\"https:\/\/noticiasemdestaque.com\/cd\/wp-content\/uploads\/2020\/06\/9dc469c3-1d7b-4591-a5fb-2f4ad3da0286.jpg\",\"articleSection\":[\"Pol\u00edtica\"],\"inLanguage\":\"pt-BR\"},{\"@type\":\"WebPage\",\"@id\":\"https:\/\/noticiasemdestaque.com\/cd\/?p=25572\",\"url\":\"https:\/\/noticiasemdestaque.com\/cd\/?p=25572\",\"name\":\"C\u00e2mara de Vereadores de Sum\u00e9 aprova solicita\u00e7\u00f5es ao or\u00e7amento de 2021 - Not&iacute;cias em Destaque\",\"isPartOf\":{\"@id\":\"https:\/\/noticiasemdestaque.com\/cd\/#website\"},\"primaryImageOfPage\":{\"@id\":\"https:\/\/noticiasemdestaque.com\/cd\/?p=25572#primaryimage\"},\"image\":{\"@id\":\"https:\/\/noticiasemdestaque.com\/cd\/?p=25572#primaryimage\"},\"thumbnailUrl\":\"https:\/\/noticiasemdestaque.com\/cd\/wp-content\/uploads\/2020\/06\/9dc469c3-1d7b-4591-a5fb-2f4ad3da0286.jpg\",\"datePublished\":\"2020-06-28T23:57:19+00:00\",\"breadcrumb\":{\"@id\":\"https:\/\/noticiasemdestaque.com\/cd\/?p=25572#breadcrumb\"},\"inLanguage\":\"pt-BR\",\"potentialAction\":[{\"@type\":\"ReadAction\",\"target\":[\"https:\/\/noticiasemdestaque.com\/cd\/?p=25572\"]}]},{\"@type\":\"ImageObject\",\"inLanguage\":\"pt-BR\",\"@id\":\"https:\/\/noticiasemdestaque.com\/cd\/?p=25572#primaryimage\",\"url\":\"https:\/\/noticiasemdestaque.com\/cd\/wp-content\/uploads\/2020\/06\/9dc469c3-1d7b-4591-a5fb-2f4ad3da0286.jpg\",\"contentUrl\":\"https:\/\/noticiasemdestaque.com\/cd\/wp-content\/uploads\/2020\/06\/9dc469c3-1d7b-4591-a5fb-2f4ad3da0286.jpg\",\"width\":985,\"height\":585},{\"@type\":\"BreadcrumbList\",\"@id\":\"https:\/\/noticiasemdestaque.com\/cd\/?p=25572#breadcrumb\",\"itemListElement\":[{\"@type\":\"ListItem\",\"position\":1,\"name\":\"In\u00edcio\",\"item\":\"https:\/\/noticiasemdestaque.com\/cd\/\"},{\"@type\":\"ListItem\",\"position\":2,\"name\":\"C\u00e2mara de Vereadores de Sum\u00e9 aprova solicita\u00e7\u00f5es ao or\u00e7amento de 2021\"}]},{\"@type\":\"WebSite\",\"@id\":\"https:\/\/noticiasemdestaque.com\/cd\/#website\",\"url\":\"https:\/\/noticiasemdestaque.com\/cd\/\",\"name\":\"Not&iacute;cias em Destaque\",\"description\":\"\",\"publisher\":{\"@id\":\"https:\/\/noticiasemdestaque.com\/cd\/#organization\"},\"potentialAction\":[{\"@type\":\"SearchAction\",\"target\":{\"@type\":\"EntryPoint\",\"urlTemplate\":\"https:\/\/noticiasemdestaque.com\/cd\/?s={search_term_string}\"},\"query-input\":{\"@type\":\"PropertyValueSpecification\",\"valueRequired\":true,\"valueName\":\"search_term_string\"}}],\"inLanguage\":\"pt-BR\"},{\"@type\":\"Organization\",\"@id\":\"https:\/\/noticiasemdestaque.com\/cd\/#organization\",\"name\":\"Not\u00edcias em Destaque\",\"url\":\"https:\/\/noticiasemdestaque.com\/cd\/\",\"logo\":{\"@type\":\"ImageObject\",\"inLanguage\":\"pt-BR\",\"@id\":\"https:\/\/noticiasemdestaque.com\/cd\/#\/schema\/logo\/image\/\",\"url\":\"https:\/\/noticiasemdestaque.com\/cd\/wp-content\/uploads\/2022\/05\/imagem-base-noticiasemdestaque.png\",\"contentUrl\":\"https:\/\/noticiasemdestaque.com\/cd\/wp-content\/uploads\/2022\/05\/imagem-base-noticiasemdestaque.png\",\"width\":1200,\"height\":630,\"caption\":\"Not\u00edcias em Destaque\"},\"image\":{\"@id\":\"https:\/\/noticiasemdestaque.com\/cd\/#\/schema\/logo\/image\/\"}},{\"@type\":\"Person\",\"@id\":\"https:\/\/noticiasemdestaque.com\/cd\/#\/schema\/person\/21320b03a7e8bb90128938dafc9b908a\",\"name\":\"Not\u00edcias em Destaque\",\"url\":\"https:\/\/noticiasemdestaque.com\/cd\/?author=2\"}]}<\/script>\n<!-- \/ Yoast SEO plugin. -->","yoast_head_json":{"title":"C\u00e2mara de Vereadores de Sum\u00e9 aprova solicita\u00e7\u00f5es ao or\u00e7amento de 2021 - Not&iacute;cias em Destaque","robots":{"index":"index","follow":"follow","max-snippet":"max-snippet:-1","max-image-preview":"max-image-preview:large","max-video-preview":"max-video-preview:-1"},"canonical":"https:\/\/noticiasemdestaque.com\/cd\/?p=25572","og_locale":"pt_BR","og_type":"article","og_title":"C\u00e2mara de Vereadores de Sum\u00e9 aprova solicita\u00e7\u00f5es ao or\u00e7amento de 2021 - Not&iacute;cias em Destaque","og_description":"Na manh\u00e3 da \u00faltima sexta-feira (26), a C\u00e2mara de Vereadores de Sum\u00e9 realizou uma reuni\u00e3o para aprova\u00e7\u00e3o da Lei de Diretrizes Or\u00e7ament\u00e1rias 2021. Na oportunidade foi aprovada a emenda do vereador Fl\u00e1vio Paulino ao or\u00e7amento de 2021, solicitando a pavimenta\u00e7\u00e3o da Rua Everton Siqueira no Bairro Frei Dami\u00e3o e da Rua L\u00facia Duarte no Alto da Caixa D\u00b4\u00e1gua. O vereador apresentou ainda solicita\u00e7\u00e3o para amplia\u00e7\u00e3o da rede de ilumina\u00e7\u00e3o p\u00fablica na Rua Augusto Xavier de Sousa no Alto Alegre. Fl\u00e1vio solicitou tamb\u00e9m passagem molhada no S\u00edtio Angico Torto (Pr\u00f3ximo a Naldinho) e a recupera\u00e7\u00e3o da Passagem molhada no S\u00edtio Riacho dos Galegos. O vereador Branco Xiliu solicitou atrav\u00e9s de emenda ao or\u00e7amento de 2021, a constru\u00e7\u00e3o de passagem molhada no Assentamento Cupira e mata burro no S\u00edtio Tr\u00eas Casas. Os vereadores Jos\u00e9 Ant\u00f4nio e Ant\u00f4nio Carlos apresentaram emenda ao or\u00e7amento de 2021 solicitando a constru\u00e7\u00e3o de uma Unidade de Sa\u00fade no Pedro Ferreira. Foi aprovada ainda a emenda do vereador Jos\u00e9 Ant\u00f4nio que disp\u00f5e sobre as seguintes passagens molhadas. &#8211; Passagem molhada no s\u00edtio Riacho da Ro\u00e7a pr\u00f3ximo a resid\u00eancia do Senhor Pricilo. -Passagem molhada no S\u00edtio Volta do Rio pr\u00f3ximo a Cida Bi\u00e1. -Passagem molhada no S\u00edtio Porteiras, Riacho de Pedro Z\u00e9 Novo. O vereador Jos\u00e9 Ant\u00f4nio apresentou emenda ao or\u00e7amento solicitando a constru\u00e7\u00e3o de uma Unidade de Sa\u00fade no Renascer. Durante a reuni\u00e3o foi aprovada emenda aditiva 03\/2020 a Lei Or\u00e7ament\u00e1ria de 2021, de autoria do vereador Ant\u00f4nio Carlos Sarmento. O vereador Ant\u00f4nio Carlos lembrou que em 8 de maio de 2017 havia apresentado uma solicita\u00e7\u00e3o para que o prefeito \u00c9den Duarte constru\u00edsse Unidade de Sa\u00fade para o bairro Renascer e para o Pedro Ferreira. \u2705Amplia\u00e7\u00e3o de rede de ilumina\u00e7\u00e3o p\u00fablica &#8211; Campo de avia\u00e7\u00e3o do munic\u00edpio. \u2705Perfura\u00e7\u00e3o e instala\u00e7\u00e3o de po\u00e7os. &#8211; S\u00edtio Riacho da Ro\u00e7a (pr\u00f3ximo ao Posto de Sa\u00fade) &#8211; S\u00edtio Santo Agostinho (pr\u00f3ximo a D\u00e9da\/Chico Preto) &#8211; S\u00edtio Ju\u00e1 -S\u00edtio Cachoeirinha de Baixo \u2705Constru\u00e7\u00e3o e revitaliza\u00e7\u00e3o de a\u00e7udes, barreiros e barragens subterr\u00e2neas &#8211; S\u00edtio Formigueiro (recupera\u00e7\u00e3o A\u00e7ude do Formigueiro) -S\u00edtio Concei\u00e7\u00e3o e Cachoeirinha de Baixo (limpeza da barragem) \u2705Constru\u00e7\u00e3o de Passagens molhadas &#8211; Passagem molhada para o Assentamento Z\u00e9 Marcolino (acesso a Vila) &#8211; Passagem molhada no S\u00edtio Riach\u00e3o (pr\u00f3ximo a Silvino) &#8211; Passagem molhada no S\u00edtio Agreste (pr\u00f3ximo a Aderaldo) &#8211; Passagem molhada no S\u00edtio Catonho &#8211; Passagem molhada no Assentamento Mandacar\u00fa &#8211; Passagem molhada no S\u00edtio Formigueiro\/Serrote Verde &#8211; Passagem molhada S\u00edtio Xique-xique e acesso Cachoeirinha &#8211; Passagem molhada no S\u00edtio Concei\u00e7\u00e3o &#8211; Passagem molhada no Riacho das Porteiras &#8211; Passagem molhada na Vila do Formigueiro &#8211; Passagem molhada no S\u00edtio Terra Vermelha (pr\u00f3ximo a Zezinho da Ladeira). &#8211; Passagem molhada entre os s\u00edtios Agreste e Jurema (pr\u00f3ximo ao Sr. Euclides) \u2705Aquisi\u00e7\u00e3o de ve\u00edculo e equipamento para a sa\u00fade &#8211; Ambul\u00e2ncia para o Hospital e Maternidade Alice de Almeida. &#8211; Um ve\u00edculo para a Vigil\u00e2ncia Sanit\u00e1ria do Munic\u00edpio. &#8211; Tr\u00eas motocicletas para os Agentes de Controle de Endemias. Foi aprovada emenda ao or\u00e7amento de 2021 de autoria do vereador Daniel L\u00eala para a constru\u00e7\u00e3o de Passagem molhada no s\u00edtio Banquinho, pr\u00f3ximo a resid\u00eancia do Sr. Chico Duarte, sentido Sucuru. Not\u00edcias em Destaque","og_url":"https:\/\/noticiasemdestaque.com\/cd\/?p=25572","og_site_name":"Not&iacute;cias em Destaque","article_published_time":"2020-06-28T23:57:19+00:00","og_image":[{"width":985,"height":585,"url":"https:\/\/noticiasemdestaque.com\/cd\/wp-content\/uploads\/2020\/06\/9dc469c3-1d7b-4591-a5fb-2f4ad3da0286.jpg","type":"image\/jpeg"}],"author":"Not\u00edcias em Destaque","twitter_card":"summary_large_image","twitter_misc":{"Escrito por":"Not\u00edcias em Destaque","Est. tempo de leitura":"3 minutos"},"schema":{"@context":"https:\/\/schema.org","@graph":[{"@type":"Article","@id":"https:\/\/noticiasemdestaque.com\/cd\/?p=25572#article","isPartOf":{"@id":"https:\/\/noticiasemdestaque.com\/cd\/?p=25572"},"author":{"name":"Not\u00edcias em Destaque","@id":"https:\/\/noticiasemdestaque.com\/cd\/#\/schema\/person\/21320b03a7e8bb90128938dafc9b908a"},"headline":"C\u00e2mara de Vereadores de Sum\u00e9 aprova solicita\u00e7\u00f5es ao or\u00e7amento de 2021","datePublished":"2020-06-28T23:57:19+00:00","mainEntityOfPage":{"@id":"https:\/\/noticiasemdestaque.com\/cd\/?p=25572"},"wordCount":634,"publisher":{"@id":"https:\/\/noticiasemdestaque.com\/cd\/#organization"},"image":{"@id":"https:\/\/noticiasemdestaque.com\/cd\/?p=25572#primaryimage"},"thumbnailUrl":"https:\/\/noticiasemdestaque.com\/cd\/wp-content\/uploads\/2020\/06\/9dc469c3-1d7b-4591-a5fb-2f4ad3da0286.jpg","articleSection":["Pol\u00edtica"],"inLanguage":"pt-BR"},{"@type":"WebPage","@id":"https:\/\/noticiasemdestaque.com\/cd\/?p=25572","url":"https:\/\/noticiasemdestaque.com\/cd\/?p=25572","name":"C\u00e2mara de Vereadores de Sum\u00e9 aprova solicita\u00e7\u00f5es ao or\u00e7amento de 2021 - Not&iacute;cias em Destaque","isPartOf":{"@id":"https:\/\/noticiasemdestaque.com\/cd\/#website"},"primaryImageOfPage":{"@id":"https:\/\/noticiasemdestaque.com\/cd\/?p=25572#primaryimage"},"image":{"@id":"https:\/\/noticiasemdestaque.com\/cd\/?p=25572#primaryimage"},"thumbnailUrl":"https:\/\/noticiasemdestaque.com\/cd\/wp-content\/uploads\/2020\/06\/9dc469c3-1d7b-4591-a5fb-2f4ad3da0286.jpg","datePublished":"2020-06-28T23:57:19+00:00","breadcrumb":{"@id":"https:\/\/noticiasemdestaque.com\/cd\/?p=25572#breadcrumb"},"inLanguage":"pt-BR","potentialAction":[{"@type":"ReadAction","target":["https:\/\/noticiasemdestaque.com\/cd\/?p=25572"]}]},{"@type":"ImageObject","inLanguage":"pt-BR","@id":"https:\/\/noticiasemdestaque.com\/cd\/?p=25572#primaryimage","url":"https:\/\/noticiasemdestaque.com\/cd\/wp-content\/uploads\/2020\/06\/9dc469c3-1d7b-4591-a5fb-2f4ad3da0286.jpg","contentUrl":"https:\/\/noticiasemdestaque.com\/cd\/wp-content\/uploads\/2020\/06\/9dc469c3-1d7b-4591-a5fb-2f4ad3da0286.jpg","width":985,"height":585},{"@type":"BreadcrumbList","@id":"https:\/\/noticiasemdestaque.com\/cd\/?p=25572#breadcrumb","itemListElement":[{"@type":"ListItem","position":1,"name":"In\u00edcio","item":"https:\/\/noticiasemdestaque.com\/cd\/"},{"@type":"ListItem","position":2,"name":"C\u00e2mara de Vereadores de Sum\u00e9 aprova solicita\u00e7\u00f5es ao or\u00e7amento de 2021"}]},{"@type":"WebSite","@id":"https:\/\/noticiasemdestaque.com\/cd\/#website","url":"https:\/\/noticiasemdestaque.com\/cd\/","name":"Not&iacute;cias em Destaque","description":"","publisher":{"@id":"https:\/\/noticiasemdestaque.com\/cd\/#organization"},"potentialAction":[{"@type":"SearchAction","target":{"@type":"EntryPoint","urlTemplate":"https:\/\/noticiasemdestaque.com\/cd\/?s={search_term_string}"},"query-input":{"@type":"PropertyValueSpecification","valueRequired":true,"valueName":"search_term_string"}}],"inLanguage":"pt-BR"},{"@type":"Organization","@id":"https:\/\/noticiasemdestaque.com\/cd\/#organization","name":"Not\u00edcias em Destaque","url":"https:\/\/noticiasemdestaque.com\/cd\/","logo":{"@type":"ImageObject","inLanguage":"pt-BR","@id":"https:\/\/noticiasemdestaque.com\/cd\/#\/schema\/logo\/image\/","url":"https:\/\/noticiasemdestaque.com\/cd\/wp-content\/uploads\/2022\/05\/imagem-base-noticiasemdestaque.png","contentUrl":"https:\/\/noticiasemdestaque.com\/cd\/wp-content\/uploads\/2022\/05\/imagem-base-noticiasemdestaque.png","width":1200,"height":630,"caption":"Not\u00edcias em Destaque"},"image":{"@id":"https:\/\/noticiasemdestaque.com\/cd\/#\/schema\/logo\/image\/"}},{"@type":"Person","@id":"https:\/\/noticiasemdestaque.com\/cd\/#\/schema\/person\/21320b03a7e8bb90128938dafc9b908a","name":"Not\u00edcias em Destaque","url":"https:\/\/noticiasemdestaque.com\/cd\/?author=2"}]}},"jetpack_featured_media_url":"https:\/\/noticiasemdestaque.com\/cd\/wp-content\/uploads\/2020\/06\/9dc469c3-1d7b-4591-a5fb-2f4ad3da0286.jpg","jetpack_sharing_enabled":true,"_links":{"self":[{"href":"https:\/\/noticiasemdestaque.com\/cd\/index.php?rest_route=\/wp\/v2\/posts\/25572","targetHints":{"allow":["GET"]}}],"collection":[{"href":"https:\/\/noticiasemdestaque.com\/cd\/index.php?rest_route=\/wp\/v2\/posts"}],"about":[{"href":"https:\/\/noticiasemdestaque.com\/cd\/index.php?rest_route=\/wp\/v2\/types\/post"}],"author":[{"embeddable":true,"href":"https:\/\/noticiasemdestaque.com\/cd\/index.php?rest_route=\/wp\/v2\/users\/2"}],"replies":[{"embeddable":true,"href":"https:\/\/noticiasemdestaque.com\/cd\/index.php?rest_route=%2Fwp%2Fv2%2Fcomments&post=25572"}],"version-history":[{"count":1,"href":"https:\/\/noticiasemdestaque.com\/cd\/index.php?rest_route=\/wp\/v2\/posts\/25572\/revisions"}],"predecessor-version":[{"id":25579,"href":"https:\/\/noticiasemdestaque.com\/cd\/index.php?rest_route=\/wp\/v2\/posts\/25572\/revisions\/25579"}],"wp:featuredmedia":[{"embeddable":true,"href":"https:\/\/noticiasemdestaque.com\/cd\/index.php?rest_route=\/wp\/v2\/media\/25576"}],"wp:attachment":[{"href":"https:\/\/noticiasemdestaque.com\/cd\/index.php?rest_route=%2Fwp%2Fv2%2Fmedia&parent=25572"}],"wp:term":[{"taxonomy":"category","embeddable":true,"href":"https:\/\/noticiasemdestaque.com\/cd\/index.php?rest_route=%2Fwp%2Fv2%2Fcategories&post=25572"},{"taxonomy":"post_tag","embeddable":true,"href":"https:\/\/noticiasemdestaque.com\/cd\/index.php?rest_route=%2Fwp%2Fv2%2Ftags&post=25572"}],"curies":[{"name":"wp","href":"https:\/\/api.w.org\/{rel}","templated":true}]}}