{"id":25555,"date":"2020-06-26T07:35:25","date_gmt":"2020-06-26T10:35:25","guid":{"rendered":"http:\/\/noticiasemdestaque.com\/cd\/?p=25555"},"modified":"2020-06-26T07:35:25","modified_gmt":"2020-06-26T10:35:25","slug":"governo-da-paraiba-assegura-inicio-da-implementacao-de-projetos-do-pb-rural-sustentavel-para-2020","status":"publish","type":"post","link":"https:\/\/noticiasemdestaque.com\/cd\/?p=25555","title":{"rendered":"Governo da Para\u00edba assegura in\u00edcio da implementa\u00e7\u00e3o de projetos do PB Rural Sustent\u00e1vel para 2020"},"content":{"rendered":"<p><a href=\"https:\/\/noticiasemdestaque.com\/cd\/wp-content\/uploads\/2020\/06\/1235b668-9408-4a6d-be22-96bceb1c26f8.jpeg\"><img fetchpriority=\"high\" decoding=\"async\" class=\"wp-image-25556 aligncenter\" src=\"https:\/\/noticiasemdestaque.com\/cd\/wp-content\/uploads\/2020\/06\/1235b668-9408-4a6d-be22-96bceb1c26f8.jpeg\" alt=\"\" width=\"464\" height=\"261\" srcset=\"https:\/\/noticiasemdestaque.com\/cd\/wp-content\/uploads\/2020\/06\/1235b668-9408-4a6d-be22-96bceb1c26f8.jpeg 768w, https:\/\/noticiasemdestaque.com\/cd\/wp-content\/uploads\/2020\/06\/1235b668-9408-4a6d-be22-96bceb1c26f8-300x169.jpeg 300w\" sizes=\"(max-width: 464px) 100vw, 464px\" \/><\/a><\/p>\n<p>O governador Jo\u00e3o Azev\u00eado anunciou, nesta segunda-feira (22), um conjunto de a\u00e7\u00f5es que assegura o in\u00edcio da implanta\u00e7\u00e3o do programa Para\u00edba Rural Sustent\u00e1vel este ano. Em conson\u00e2ncia com o Banco Mundial, a gest\u00e3o estadual, por meio do projeto Cooperar, disponibilizou ferramentas virtuais para o envio de propostas e facultou a realiza\u00e7\u00e3o de consultas livres presenciais, garantindo aos agricultores familiares o acesso ao programa.<\/p>\n<p>A a\u00e7\u00e3o tem como objetivo cumprir as orienta\u00e7\u00f5es dos \u00f3rg\u00e3os de sa\u00fade durante o per\u00edodo de pandemia do coronav\u00edrus e cumprir as metas estabelecidas para 2020, que preveem a constru\u00e7\u00e3o de sistemas de abastecimento de \u00e1gua singelo, completo ou com dessalinizador, passagens molhadas e cisternas.<\/p>\n<p>Os agricultores familiares poder\u00e3o enviar suas propostas para o e-mail demandas.pbrural@gmail.com entre os dias 22 de junho e 5 de julho. J\u00e1 a realiza\u00e7\u00e3o de consultas livres presenciais para o in\u00edcio da prepara\u00e7\u00e3o das propostas de apoio aos p\u00fablicos priorit\u00e1rios, como quilombolas e ind\u00edgenas, bem como as reuni\u00f5es dos Conselhos Municipais de Desenvolvimento Rural Sustent\u00e1vel ficam facultadas.<\/p>\n<p>\u201cCom a chegada da pandemia, tudo teve que ser reanalisado para nos adaptarmos a nossa realidade, mas o Governo do Estado tem atuado em diversas frentes para assegurar que obras e a\u00e7\u00f5es n\u00e3o sofram descontinuidade e \u00e9 isso que estamos fazendo com o Para\u00edba Rural Sustent\u00e1vel\u201d, disse.<\/p>\n<p>De acordo com Jo\u00e3o Azev\u00eado, a iniciativa garante a valoriza\u00e7\u00e3o do trabalho do agricultor familiar. \u201cO nosso objetivo com isso \u00e9 permitir que o homem e a mulher do campo tenham todas as condi\u00e7\u00f5es de continuar produzindo, fortalecendo a nossa economia,\u00a0\u00a0gerando renda, mas sem descuidar da sa\u00fade\u201d, acrescentou.<\/p>\n<p>O coordenador geral do projeto Cooperar, Omar Gama, enfatizou que o poder p\u00fablico tem agido com rapidez e efic\u00e1cia para minimizar os efeitos colaterais da pandemia. \u201cO Projeto Cooperar n\u00e3o ficou inerte, definindo com o Banco Mundial uma s\u00e9rie de estrat\u00e9gias que ser\u00e3o desenvolvidas at\u00e9 dezembro de 2020 e que objetivam minimizar os efeitos danosos da pandemia, para a popula\u00e7\u00e3o rural paraibana, tanto em termos econ\u00f4micos, quanto sociais\u201d, falou.<\/p>\n<p>Central Tira D\u00favidas: telefone e WhatsApp com atendimento nos seguintes hor\u00e1rios: das 8h30 \u00e0s 11h30 e das 13h30 \u00e0s 16h30, de segunda a sexta feira.<\/p>\n<p>\u2013 REGI\u00c3O SEDE \u2013 (83) 9 9895-7095<\/p>\n<p>\u2013 REGIONAL DE SOLEDADE \u2013 (83) 9 9866-3858<\/p>\n<p>\u2013 REGIONAL DE SUM\u00c9 \u2013 (83) 9 9684-4039<\/p>\n<p>\u2013 REGIONAL DE PATOS \u2013 (83) 9 9865-2329<\/p>\n<p>\u2013 REGIONAL DE SOUSA \u2013 (83) 9 9632-1038<\/p>\n","protected":false},"excerpt":{"rendered":"<p>O governador Jo\u00e3o Azev\u00eado anunciou, nesta segunda-feira (22), um conjunto de a\u00e7\u00f5es que assegura o in\u00edcio da implanta\u00e7\u00e3o do programa Para\u00edba Rural Sustent\u00e1vel este ano. Em conson\u00e2ncia com o Banco Mundial, a gest\u00e3o estadual, por meio do projeto Cooperar, disponibilizou ferramentas virtuais para o envio de propostas e facultou a realiza\u00e7\u00e3o de consultas livres presenciais, garantindo aos agricultores familiares o acesso ao programa. A a\u00e7\u00e3o tem como objetivo cumprir as orienta\u00e7\u00f5es dos \u00f3rg\u00e3os de sa\u00fade durante o per\u00edodo de pandemia do coronav\u00edrus e cumprir as metas estabelecidas para 2020, que preveem a constru\u00e7\u00e3o de sistemas de abastecimento de \u00e1gua singelo, completo ou com dessalinizador, passagens molhadas e cisternas. Os agricultores familiares poder\u00e3o enviar suas propostas para o e-mail demandas.pbrural@gmail.com entre os dias 22 de junho e 5 de julho. J\u00e1 a realiza\u00e7\u00e3o de consultas livres presenciais para o in\u00edcio da prepara\u00e7\u00e3o das propostas de apoio aos p\u00fablicos priorit\u00e1rios, como quilombolas e ind\u00edgenas, bem como as reuni\u00f5es dos Conselhos Municipais de Desenvolvimento Rural Sustent\u00e1vel ficam facultadas. \u201cCom a chegada da pandemia, tudo teve que ser reanalisado para nos adaptarmos a nossa realidade, mas o Governo do Estado tem atuado em diversas frentes para assegurar que obras e a\u00e7\u00f5es n\u00e3o sofram descontinuidade e \u00e9 isso que estamos fazendo com o Para\u00edba Rural Sustent\u00e1vel\u201d, disse. De acordo com Jo\u00e3o Azev\u00eado, a iniciativa garante a valoriza\u00e7\u00e3o do trabalho do agricultor familiar. \u201cO nosso objetivo com isso \u00e9 permitir que o homem e a mulher do campo tenham todas as condi\u00e7\u00f5es de continuar produzindo, fortalecendo a nossa economia,\u00a0\u00a0gerando renda, mas sem descuidar da sa\u00fade\u201d, acrescentou. O coordenador geral do projeto Cooperar, Omar Gama, enfatizou que o poder p\u00fablico tem agido com rapidez e efic\u00e1cia para minimizar os efeitos colaterais da pandemia. \u201cO Projeto Cooperar n\u00e3o ficou inerte, definindo com o Banco Mundial uma s\u00e9rie de estrat\u00e9gias que ser\u00e3o desenvolvidas at\u00e9 dezembro de 2020 e que objetivam minimizar os efeitos danosos da pandemia, para a popula\u00e7\u00e3o rural paraibana, tanto em termos econ\u00f4micos, quanto sociais\u201d, falou. Central Tira D\u00favidas: telefone e WhatsApp com atendimento nos seguintes hor\u00e1rios: das 8h30 \u00e0s 11h30 e das 13h30 \u00e0s 16h30, de segunda a sexta feira. \u2013 REGI\u00c3O SEDE \u2013 (83) 9 9895-7095 \u2013 REGIONAL DE SOLEDADE \u2013 (83) 9 9866-3858 \u2013 REGIONAL DE SUM\u00c9 \u2013 (83) 9 9684-4039 \u2013 REGIONAL DE PATOS \u2013 (83) 9 9865-2329 \u2013 REGIONAL DE SOUSA \u2013 (83) 9 9632-1038<\/p>\n","protected":false},"author":2,"featured_media":25556,"comment_status":"closed","ping_status":"open","sticky":false,"template":"","format":"standard","meta":{"_eb_attr":"","_jetpack_memberships_contains_paid_content":false,"footnotes":""},"categories":[3],"tags":[],"class_list":["post-25555","post","type-post","status-publish","format-standard","has-post-thumbnail","hentry","category-cidades"],"yoast_head":"<!-- This site is optimized with the Yoast SEO plugin v26.5 - https:\/\/yoast.com\/wordpress\/plugins\/seo\/ -->\n<title>Governo da Para\u00edba assegura in\u00edcio da implementa\u00e7\u00e3o de projetos do PB Rural Sustent\u00e1vel para 2020 - Not&iacute;cias em Destaque<\/title>\n<meta name=\"robots\" content=\"index, follow, max-snippet:-1, max-image-preview:large, max-video-preview:-1\" \/>\n<link rel=\"canonical\" href=\"https:\/\/noticiasemdestaque.com\/cd\/?p=25555\" \/>\n<meta property=\"og:locale\" content=\"pt_BR\" \/>\n<meta property=\"og:type\" content=\"article\" \/>\n<meta property=\"og:title\" content=\"Governo da Para\u00edba assegura in\u00edcio da implementa\u00e7\u00e3o de projetos do PB Rural Sustent\u00e1vel para 2020 - Not&iacute;cias em Destaque\" \/>\n<meta property=\"og:description\" content=\"O governador Jo\u00e3o Azev\u00eado anunciou, nesta segunda-feira (22), um conjunto de a\u00e7\u00f5es que assegura o in\u00edcio da implanta\u00e7\u00e3o do programa Para\u00edba Rural Sustent\u00e1vel este ano. Em conson\u00e2ncia com o Banco Mundial, a gest\u00e3o estadual, por meio do projeto Cooperar, disponibilizou ferramentas virtuais para o envio de propostas e facultou a realiza\u00e7\u00e3o de consultas livres presenciais, garantindo aos agricultores familiares o acesso ao programa. A a\u00e7\u00e3o tem como objetivo cumprir as orienta\u00e7\u00f5es dos \u00f3rg\u00e3os de sa\u00fade durante o per\u00edodo de pandemia do coronav\u00edrus e cumprir as metas estabelecidas para 2020, que preveem a constru\u00e7\u00e3o de sistemas de abastecimento de \u00e1gua singelo, completo ou com dessalinizador, passagens molhadas e cisternas. Os agricultores familiares poder\u00e3o enviar suas propostas para o e-mail demandas.pbrural@gmail.com entre os dias 22 de junho e 5 de julho. J\u00e1 a realiza\u00e7\u00e3o de consultas livres presenciais para o in\u00edcio da prepara\u00e7\u00e3o das propostas de apoio aos p\u00fablicos priorit\u00e1rios, como quilombolas e ind\u00edgenas, bem como as reuni\u00f5es dos Conselhos Municipais de Desenvolvimento Rural Sustent\u00e1vel ficam facultadas. \u201cCom a chegada da pandemia, tudo teve que ser reanalisado para nos adaptarmos a nossa realidade, mas o Governo do Estado tem atuado em diversas frentes para assegurar que obras e a\u00e7\u00f5es n\u00e3o sofram descontinuidade e \u00e9 isso que estamos fazendo com o Para\u00edba Rural Sustent\u00e1vel\u201d, disse. De acordo com Jo\u00e3o Azev\u00eado, a iniciativa garante a valoriza\u00e7\u00e3o do trabalho do agricultor familiar. \u201cO nosso objetivo com isso \u00e9 permitir que o homem e a mulher do campo tenham todas as condi\u00e7\u00f5es de continuar produzindo, fortalecendo a nossa economia,\u00a0\u00a0gerando renda, mas sem descuidar da sa\u00fade\u201d, acrescentou. O coordenador geral do projeto Cooperar, Omar Gama, enfatizou que o poder p\u00fablico tem agido com rapidez e efic\u00e1cia para minimizar os efeitos colaterais da pandemia. \u201cO Projeto Cooperar n\u00e3o ficou inerte, definindo com o Banco Mundial uma s\u00e9rie de estrat\u00e9gias que ser\u00e3o desenvolvidas at\u00e9 dezembro de 2020 e que objetivam minimizar os efeitos danosos da pandemia, para a popula\u00e7\u00e3o rural paraibana, tanto em termos econ\u00f4micos, quanto sociais\u201d, falou. Central Tira D\u00favidas: telefone e WhatsApp com atendimento nos seguintes hor\u00e1rios: das 8h30 \u00e0s 11h30 e das 13h30 \u00e0s 16h30, de segunda a sexta feira. \u2013 REGI\u00c3O SEDE \u2013 (83) 9 9895-7095 \u2013 REGIONAL DE SOLEDADE \u2013 (83) 9 9866-3858 \u2013 REGIONAL DE SUM\u00c9 \u2013 (83) 9 9684-4039 \u2013 REGIONAL DE PATOS \u2013 (83) 9 9865-2329 \u2013 REGIONAL DE SOUSA \u2013 (83) 9 9632-1038\" \/>\n<meta property=\"og:url\" content=\"https:\/\/noticiasemdestaque.com\/cd\/?p=25555\" \/>\n<meta property=\"og:site_name\" content=\"Not&iacute;cias em Destaque\" \/>\n<meta property=\"article:published_time\" content=\"2020-06-26T10:35:25+00:00\" \/>\n<meta property=\"og:image\" content=\"https:\/\/noticiasemdestaque.com\/cd\/wp-content\/uploads\/2020\/06\/1235b668-9408-4a6d-be22-96bceb1c26f8.jpeg\" \/>\n\t<meta property=\"og:image:width\" content=\"768\" \/>\n\t<meta property=\"og:image:height\" content=\"432\" \/>\n\t<meta property=\"og:image:type\" content=\"image\/jpeg\" \/>\n<meta name=\"author\" content=\"Not\u00edcias em Destaque\" \/>\n<meta name=\"twitter:card\" content=\"summary_large_image\" \/>\n<meta name=\"twitter:label1\" content=\"Escrito por\" \/>\n\t<meta name=\"twitter:data1\" content=\"Not\u00edcias em Destaque\" \/>\n\t<meta name=\"twitter:label2\" content=\"Est. tempo de leitura\" \/>\n\t<meta name=\"twitter:data2\" content=\"2 minutos\" \/>\n<script type=\"application\/ld+json\" class=\"yoast-schema-graph\">{\"@context\":\"https:\/\/schema.org\",\"@graph\":[{\"@type\":\"Article\",\"@id\":\"https:\/\/noticiasemdestaque.com\/cd\/?p=25555#article\",\"isPartOf\":{\"@id\":\"https:\/\/noticiasemdestaque.com\/cd\/?p=25555\"},\"author\":{\"name\":\"Not\u00edcias em Destaque\",\"@id\":\"https:\/\/noticiasemdestaque.com\/cd\/#\/schema\/person\/21320b03a7e8bb90128938dafc9b908a\"},\"headline\":\"Governo da Para\u00edba assegura in\u00edcio da implementa\u00e7\u00e3o de projetos do PB Rural Sustent\u00e1vel para 2020\",\"datePublished\":\"2020-06-26T10:35:25+00:00\",\"mainEntityOfPage\":{\"@id\":\"https:\/\/noticiasemdestaque.com\/cd\/?p=25555\"},\"wordCount\":434,\"publisher\":{\"@id\":\"https:\/\/noticiasemdestaque.com\/cd\/#organization\"},\"image\":{\"@id\":\"https:\/\/noticiasemdestaque.com\/cd\/?p=25555#primaryimage\"},\"thumbnailUrl\":\"https:\/\/noticiasemdestaque.com\/cd\/wp-content\/uploads\/2020\/06\/1235b668-9408-4a6d-be22-96bceb1c26f8.jpeg\",\"articleSection\":[\"Cidades\"],\"inLanguage\":\"pt-BR\"},{\"@type\":\"WebPage\",\"@id\":\"https:\/\/noticiasemdestaque.com\/cd\/?p=25555\",\"url\":\"https:\/\/noticiasemdestaque.com\/cd\/?p=25555\",\"name\":\"Governo da Para\u00edba assegura in\u00edcio da implementa\u00e7\u00e3o de projetos do PB Rural Sustent\u00e1vel para 2020 - Not&iacute;cias em Destaque\",\"isPartOf\":{\"@id\":\"https:\/\/noticiasemdestaque.com\/cd\/#website\"},\"primaryImageOfPage\":{\"@id\":\"https:\/\/noticiasemdestaque.com\/cd\/?p=25555#primaryimage\"},\"image\":{\"@id\":\"https:\/\/noticiasemdestaque.com\/cd\/?p=25555#primaryimage\"},\"thumbnailUrl\":\"https:\/\/noticiasemdestaque.com\/cd\/wp-content\/uploads\/2020\/06\/1235b668-9408-4a6d-be22-96bceb1c26f8.jpeg\",\"datePublished\":\"2020-06-26T10:35:25+00:00\",\"breadcrumb\":{\"@id\":\"https:\/\/noticiasemdestaque.com\/cd\/?p=25555#breadcrumb\"},\"inLanguage\":\"pt-BR\",\"potentialAction\":[{\"@type\":\"ReadAction\",\"target\":[\"https:\/\/noticiasemdestaque.com\/cd\/?p=25555\"]}]},{\"@type\":\"ImageObject\",\"inLanguage\":\"pt-BR\",\"@id\":\"https:\/\/noticiasemdestaque.com\/cd\/?p=25555#primaryimage\",\"url\":\"https:\/\/noticiasemdestaque.com\/cd\/wp-content\/uploads\/2020\/06\/1235b668-9408-4a6d-be22-96bceb1c26f8.jpeg\",\"contentUrl\":\"https:\/\/noticiasemdestaque.com\/cd\/wp-content\/uploads\/2020\/06\/1235b668-9408-4a6d-be22-96bceb1c26f8.jpeg\",\"width\":768,\"height\":432},{\"@type\":\"BreadcrumbList\",\"@id\":\"https:\/\/noticiasemdestaque.com\/cd\/?p=25555#breadcrumb\",\"itemListElement\":[{\"@type\":\"ListItem\",\"position\":1,\"name\":\"In\u00edcio\",\"item\":\"https:\/\/noticiasemdestaque.com\/cd\/\"},{\"@type\":\"ListItem\",\"position\":2,\"name\":\"Governo da Para\u00edba assegura in\u00edcio da implementa\u00e7\u00e3o de projetos do PB Rural Sustent\u00e1vel para 2020\"}]},{\"@type\":\"WebSite\",\"@id\":\"https:\/\/noticiasemdestaque.com\/cd\/#website\",\"url\":\"https:\/\/noticiasemdestaque.com\/cd\/\",\"name\":\"Not&iacute;cias em Destaque\",\"description\":\"\",\"publisher\":{\"@id\":\"https:\/\/noticiasemdestaque.com\/cd\/#organization\"},\"potentialAction\":[{\"@type\":\"SearchAction\",\"target\":{\"@type\":\"EntryPoint\",\"urlTemplate\":\"https:\/\/noticiasemdestaque.com\/cd\/?s={search_term_string}\"},\"query-input\":{\"@type\":\"PropertyValueSpecification\",\"valueRequired\":true,\"valueName\":\"search_term_string\"}}],\"inLanguage\":\"pt-BR\"},{\"@type\":\"Organization\",\"@id\":\"https:\/\/noticiasemdestaque.com\/cd\/#organization\",\"name\":\"Not\u00edcias em Destaque\",\"url\":\"https:\/\/noticiasemdestaque.com\/cd\/\",\"logo\":{\"@type\":\"ImageObject\",\"inLanguage\":\"pt-BR\",\"@id\":\"https:\/\/noticiasemdestaque.com\/cd\/#\/schema\/logo\/image\/\",\"url\":\"https:\/\/noticiasemdestaque.com\/cd\/wp-content\/uploads\/2022\/05\/imagem-base-noticiasemdestaque.png\",\"contentUrl\":\"https:\/\/noticiasemdestaque.com\/cd\/wp-content\/uploads\/2022\/05\/imagem-base-noticiasemdestaque.png\",\"width\":1200,\"height\":630,\"caption\":\"Not\u00edcias em Destaque\"},\"image\":{\"@id\":\"https:\/\/noticiasemdestaque.com\/cd\/#\/schema\/logo\/image\/\"}},{\"@type\":\"Person\",\"@id\":\"https:\/\/noticiasemdestaque.com\/cd\/#\/schema\/person\/21320b03a7e8bb90128938dafc9b908a\",\"name\":\"Not\u00edcias em Destaque\",\"url\":\"https:\/\/noticiasemdestaque.com\/cd\/?author=2\"}]}<\/script>\n<!-- \/ Yoast SEO plugin. -->","yoast_head_json":{"title":"Governo da Para\u00edba assegura in\u00edcio da implementa\u00e7\u00e3o de projetos do PB Rural Sustent\u00e1vel para 2020 - Not&iacute;cias em Destaque","robots":{"index":"index","follow":"follow","max-snippet":"max-snippet:-1","max-image-preview":"max-image-preview:large","max-video-preview":"max-video-preview:-1"},"canonical":"https:\/\/noticiasemdestaque.com\/cd\/?p=25555","og_locale":"pt_BR","og_type":"article","og_title":"Governo da Para\u00edba assegura in\u00edcio da implementa\u00e7\u00e3o de projetos do PB Rural Sustent\u00e1vel para 2020 - Not&iacute;cias em Destaque","og_description":"O governador Jo\u00e3o Azev\u00eado anunciou, nesta segunda-feira (22), um conjunto de a\u00e7\u00f5es que assegura o in\u00edcio da implanta\u00e7\u00e3o do programa Para\u00edba Rural Sustent\u00e1vel este ano. Em conson\u00e2ncia com o Banco Mundial, a gest\u00e3o estadual, por meio do projeto Cooperar, disponibilizou ferramentas virtuais para o envio de propostas e facultou a realiza\u00e7\u00e3o de consultas livres presenciais, garantindo aos agricultores familiares o acesso ao programa. A a\u00e7\u00e3o tem como objetivo cumprir as orienta\u00e7\u00f5es dos \u00f3rg\u00e3os de sa\u00fade durante o per\u00edodo de pandemia do coronav\u00edrus e cumprir as metas estabelecidas para 2020, que preveem a constru\u00e7\u00e3o de sistemas de abastecimento de \u00e1gua singelo, completo ou com dessalinizador, passagens molhadas e cisternas. Os agricultores familiares poder\u00e3o enviar suas propostas para o e-mail demandas.pbrural@gmail.com entre os dias 22 de junho e 5 de julho. J\u00e1 a realiza\u00e7\u00e3o de consultas livres presenciais para o in\u00edcio da prepara\u00e7\u00e3o das propostas de apoio aos p\u00fablicos priorit\u00e1rios, como quilombolas e ind\u00edgenas, bem como as reuni\u00f5es dos Conselhos Municipais de Desenvolvimento Rural Sustent\u00e1vel ficam facultadas. \u201cCom a chegada da pandemia, tudo teve que ser reanalisado para nos adaptarmos a nossa realidade, mas o Governo do Estado tem atuado em diversas frentes para assegurar que obras e a\u00e7\u00f5es n\u00e3o sofram descontinuidade e \u00e9 isso que estamos fazendo com o Para\u00edba Rural Sustent\u00e1vel\u201d, disse. De acordo com Jo\u00e3o Azev\u00eado, a iniciativa garante a valoriza\u00e7\u00e3o do trabalho do agricultor familiar. \u201cO nosso objetivo com isso \u00e9 permitir que o homem e a mulher do campo tenham todas as condi\u00e7\u00f5es de continuar produzindo, fortalecendo a nossa economia,\u00a0\u00a0gerando renda, mas sem descuidar da sa\u00fade\u201d, acrescentou. O coordenador geral do projeto Cooperar, Omar Gama, enfatizou que o poder p\u00fablico tem agido com rapidez e efic\u00e1cia para minimizar os efeitos colaterais da pandemia. \u201cO Projeto Cooperar n\u00e3o ficou inerte, definindo com o Banco Mundial uma s\u00e9rie de estrat\u00e9gias que ser\u00e3o desenvolvidas at\u00e9 dezembro de 2020 e que objetivam minimizar os efeitos danosos da pandemia, para a popula\u00e7\u00e3o rural paraibana, tanto em termos econ\u00f4micos, quanto sociais\u201d, falou. Central Tira D\u00favidas: telefone e WhatsApp com atendimento nos seguintes hor\u00e1rios: das 8h30 \u00e0s 11h30 e das 13h30 \u00e0s 16h30, de segunda a sexta feira. \u2013 REGI\u00c3O SEDE \u2013 (83) 9 9895-7095 \u2013 REGIONAL DE SOLEDADE \u2013 (83) 9 9866-3858 \u2013 REGIONAL DE SUM\u00c9 \u2013 (83) 9 9684-4039 \u2013 REGIONAL DE PATOS \u2013 (83) 9 9865-2329 \u2013 REGIONAL DE SOUSA \u2013 (83) 9 9632-1038","og_url":"https:\/\/noticiasemdestaque.com\/cd\/?p=25555","og_site_name":"Not&iacute;cias em Destaque","article_published_time":"2020-06-26T10:35:25+00:00","og_image":[{"width":768,"height":432,"url":"https:\/\/noticiasemdestaque.com\/cd\/wp-content\/uploads\/2020\/06\/1235b668-9408-4a6d-be22-96bceb1c26f8.jpeg","type":"image\/jpeg"}],"author":"Not\u00edcias em Destaque","twitter_card":"summary_large_image","twitter_misc":{"Escrito por":"Not\u00edcias em Destaque","Est. tempo de leitura":"2 minutos"},"schema":{"@context":"https:\/\/schema.org","@graph":[{"@type":"Article","@id":"https:\/\/noticiasemdestaque.com\/cd\/?p=25555#article","isPartOf":{"@id":"https:\/\/noticiasemdestaque.com\/cd\/?p=25555"},"author":{"name":"Not\u00edcias em Destaque","@id":"https:\/\/noticiasemdestaque.com\/cd\/#\/schema\/person\/21320b03a7e8bb90128938dafc9b908a"},"headline":"Governo da Para\u00edba assegura in\u00edcio da implementa\u00e7\u00e3o de projetos do PB Rural Sustent\u00e1vel para 2020","datePublished":"2020-06-26T10:35:25+00:00","mainEntityOfPage":{"@id":"https:\/\/noticiasemdestaque.com\/cd\/?p=25555"},"wordCount":434,"publisher":{"@id":"https:\/\/noticiasemdestaque.com\/cd\/#organization"},"image":{"@id":"https:\/\/noticiasemdestaque.com\/cd\/?p=25555#primaryimage"},"thumbnailUrl":"https:\/\/noticiasemdestaque.com\/cd\/wp-content\/uploads\/2020\/06\/1235b668-9408-4a6d-be22-96bceb1c26f8.jpeg","articleSection":["Cidades"],"inLanguage":"pt-BR"},{"@type":"WebPage","@id":"https:\/\/noticiasemdestaque.com\/cd\/?p=25555","url":"https:\/\/noticiasemdestaque.com\/cd\/?p=25555","name":"Governo da Para\u00edba assegura in\u00edcio da implementa\u00e7\u00e3o de projetos do PB Rural Sustent\u00e1vel para 2020 - Not&iacute;cias em Destaque","isPartOf":{"@id":"https:\/\/noticiasemdestaque.com\/cd\/#website"},"primaryImageOfPage":{"@id":"https:\/\/noticiasemdestaque.com\/cd\/?p=25555#primaryimage"},"image":{"@id":"https:\/\/noticiasemdestaque.com\/cd\/?p=25555#primaryimage"},"thumbnailUrl":"https:\/\/noticiasemdestaque.com\/cd\/wp-content\/uploads\/2020\/06\/1235b668-9408-4a6d-be22-96bceb1c26f8.jpeg","datePublished":"2020-06-26T10:35:25+00:00","breadcrumb":{"@id":"https:\/\/noticiasemdestaque.com\/cd\/?p=25555#breadcrumb"},"inLanguage":"pt-BR","potentialAction":[{"@type":"ReadAction","target":["https:\/\/noticiasemdestaque.com\/cd\/?p=25555"]}]},{"@type":"ImageObject","inLanguage":"pt-BR","@id":"https:\/\/noticiasemdestaque.com\/cd\/?p=25555#primaryimage","url":"https:\/\/noticiasemdestaque.com\/cd\/wp-content\/uploads\/2020\/06\/1235b668-9408-4a6d-be22-96bceb1c26f8.jpeg","contentUrl":"https:\/\/noticiasemdestaque.com\/cd\/wp-content\/uploads\/2020\/06\/1235b668-9408-4a6d-be22-96bceb1c26f8.jpeg","width":768,"height":432},{"@type":"BreadcrumbList","@id":"https:\/\/noticiasemdestaque.com\/cd\/?p=25555#breadcrumb","itemListElement":[{"@type":"ListItem","position":1,"name":"In\u00edcio","item":"https:\/\/noticiasemdestaque.com\/cd\/"},{"@type":"ListItem","position":2,"name":"Governo da Para\u00edba assegura in\u00edcio da implementa\u00e7\u00e3o de projetos do PB Rural Sustent\u00e1vel para 2020"}]},{"@type":"WebSite","@id":"https:\/\/noticiasemdestaque.com\/cd\/#website","url":"https:\/\/noticiasemdestaque.com\/cd\/","name":"Not&iacute;cias em Destaque","description":"","publisher":{"@id":"https:\/\/noticiasemdestaque.com\/cd\/#organization"},"potentialAction":[{"@type":"SearchAction","target":{"@type":"EntryPoint","urlTemplate":"https:\/\/noticiasemdestaque.com\/cd\/?s={search_term_string}"},"query-input":{"@type":"PropertyValueSpecification","valueRequired":true,"valueName":"search_term_string"}}],"inLanguage":"pt-BR"},{"@type":"Organization","@id":"https:\/\/noticiasemdestaque.com\/cd\/#organization","name":"Not\u00edcias em Destaque","url":"https:\/\/noticiasemdestaque.com\/cd\/","logo":{"@type":"ImageObject","inLanguage":"pt-BR","@id":"https:\/\/noticiasemdestaque.com\/cd\/#\/schema\/logo\/image\/","url":"https:\/\/noticiasemdestaque.com\/cd\/wp-content\/uploads\/2022\/05\/imagem-base-noticiasemdestaque.png","contentUrl":"https:\/\/noticiasemdestaque.com\/cd\/wp-content\/uploads\/2022\/05\/imagem-base-noticiasemdestaque.png","width":1200,"height":630,"caption":"Not\u00edcias em Destaque"},"image":{"@id":"https:\/\/noticiasemdestaque.com\/cd\/#\/schema\/logo\/image\/"}},{"@type":"Person","@id":"https:\/\/noticiasemdestaque.com\/cd\/#\/schema\/person\/21320b03a7e8bb90128938dafc9b908a","name":"Not\u00edcias em Destaque","url":"https:\/\/noticiasemdestaque.com\/cd\/?author=2"}]}},"jetpack_featured_media_url":"https:\/\/noticiasemdestaque.com\/cd\/wp-content\/uploads\/2020\/06\/1235b668-9408-4a6d-be22-96bceb1c26f8.jpeg","jetpack_sharing_enabled":true,"_links":{"self":[{"href":"https:\/\/noticiasemdestaque.com\/cd\/index.php?rest_route=\/wp\/v2\/posts\/25555","targetHints":{"allow":["GET"]}}],"collection":[{"href":"https:\/\/noticiasemdestaque.com\/cd\/index.php?rest_route=\/wp\/v2\/posts"}],"about":[{"href":"https:\/\/noticiasemdestaque.com\/cd\/index.php?rest_route=\/wp\/v2\/types\/post"}],"author":[{"embeddable":true,"href":"https:\/\/noticiasemdestaque.com\/cd\/index.php?rest_route=\/wp\/v2\/users\/2"}],"replies":[{"embeddable":true,"href":"https:\/\/noticiasemdestaque.com\/cd\/index.php?rest_route=%2Fwp%2Fv2%2Fcomments&post=25555"}],"version-history":[{"count":1,"href":"https:\/\/noticiasemdestaque.com\/cd\/index.php?rest_route=\/wp\/v2\/posts\/25555\/revisions"}],"predecessor-version":[{"id":25557,"href":"https:\/\/noticiasemdestaque.com\/cd\/index.php?rest_route=\/wp\/v2\/posts\/25555\/revisions\/25557"}],"wp:featuredmedia":[{"embeddable":true,"href":"https:\/\/noticiasemdestaque.com\/cd\/index.php?rest_route=\/wp\/v2\/media\/25556"}],"wp:attachment":[{"href":"https:\/\/noticiasemdestaque.com\/cd\/index.php?rest_route=%2Fwp%2Fv2%2Fmedia&parent=25555"}],"wp:term":[{"taxonomy":"category","embeddable":true,"href":"https:\/\/noticiasemdestaque.com\/cd\/index.php?rest_route=%2Fwp%2Fv2%2Fcategories&post=25555"},{"taxonomy":"post_tag","embeddable":true,"href":"https:\/\/noticiasemdestaque.com\/cd\/index.php?rest_route=%2Fwp%2Fv2%2Ftags&post=25555"}],"curies":[{"name":"wp","href":"https:\/\/api.w.org\/{rel}","templated":true}]}}