{"id":25532,"date":"2020-06-24T19:46:08","date_gmt":"2020-06-24T22:46:08","guid":{"rendered":"http:\/\/noticiasemdestaque.com\/cd\/?p=25532"},"modified":"2020-06-24T19:46:08","modified_gmt":"2020-06-24T22:46:08","slug":"codigo-de-transito-camara-muda-projeto-e-fixa-em-10-anos-validade-da-cnh-de-motorista-profissional","status":"publish","type":"post","link":"https:\/\/noticiasemdestaque.com\/cd\/?p=25532","title":{"rendered":"C\u00f3digo de Tr\u00e2nsito: C\u00e2mara muda projeto e fixa em 10 anos validade da CNH de motorista profissional"},"content":{"rendered":"<div class=\"mc-column content-text active-extra-styles active-capital-letter\" data-block-type=\"unstyled\" data-block-weight=\"45\" data-block-id=\"1\">\n<p><a href=\"https:\/\/noticiasemdestaque.com\/cd\/wp-content\/uploads\/2020\/04\/49680060722_7dc8029902_o.jpg\"><img fetchpriority=\"high\" decoding=\"async\" class=\"size-large wp-image-23999\" src=\"https:\/\/noticiasemdestaque.com\/cd\/wp-content\/uploads\/2020\/04\/49680060722_7dc8029902_o-1024x613.jpg\" alt=\"\" width=\"1024\" height=\"613\" srcset=\"https:\/\/noticiasemdestaque.com\/cd\/wp-content\/uploads\/2020\/04\/49680060722_7dc8029902_o-1024x613.jpg 1024w, https:\/\/noticiasemdestaque.com\/cd\/wp-content\/uploads\/2020\/04\/49680060722_7dc8029902_o-300x179.jpg 300w, https:\/\/noticiasemdestaque.com\/cd\/wp-content\/uploads\/2020\/04\/49680060722_7dc8029902_o-768x459.jpg 768w, https:\/\/noticiasemdestaque.com\/cd\/wp-content\/uploads\/2020\/04\/49680060722_7dc8029902_o.jpg 1170w\" sizes=\"(max-width: 1024px) 100vw, 1024px\" \/><\/a><\/p>\n<p class=\"content-text__container theme-color-primary-first-letter\" data-track-category=\"Link no Texto\" data-track-links=\"\">A\u00a0<a href=\"https:\/\/g1.globo.com\/tudo-sobre\/camara-dos-deputados\/\">C\u00e2mara dos Deputados<\/a>\u00a0aprovou nesta quarta-feira (24) uma mudan\u00e7a no projeto que\u00a0<a href=\"https:\/\/g1.globo.com\/politica\/noticia\/2020\/06\/23\/codigo-de-transito-camara-preve-votar-projeto-nesta-terca-feira-oposicao-promete-obstruir.ghtml\">altera o C\u00f3digo de Tr\u00e2nsito Brasileiro (CTB)\u00a0<\/a>a fim de permitir que a Carteira Nacional de Habilita\u00e7\u00e3o (CNH) de motoristas profissionais, com idade inferior a 50 anos, tenha validade de dez anos.<\/p>\n<\/div>\n<div class=\"wall protected-content\">\n<div class=\"mc-column content-text active-extra-styles \" data-block-type=\"unstyled\" data-block-weight=\"24\" data-block-id=\"2\">\n<p class=\"content-text__container \" data-track-category=\"Link no Texto\" data-track-links=\"\">O texto-base,\u00a0<a href=\"https:\/\/g1.globo.com\/politica\/noticia\/2020\/06\/23\/camara-aprova-texto-base-de-projeto-que-altera-codigo-de-transito-saiba-ponto-a-ponto.ghtml\">aprovado pelos parlamentares na ter\u00e7a-feira (23)<\/a>, determinava que o documento para os condutores nessa faixa et\u00e1ria fosse renovado a cada cinco anos.<\/p>\n<\/div>\n<\/div>\n<div class=\"wall protected-content\">\n<div class=\"mc-column content-text active-extra-styles \" data-block-type=\"unstyled\" data-block-weight=\"10\" data-block-id=\"3\">\n<p class=\"content-text__container \" data-track-category=\"Link no Texto\" data-track-links=\"\">Com isso, os motoristas profissionais ficar\u00e3o enquadrados na regra geral:<\/p>\n<\/div>\n<div class=\"mc-column content-text active-extra-styles\" data-block-type=\"raw\" data-block-weight=\"50\" data-block-id=\"4\">\n<ul class=\"content-unordered-list\">\n<li>CNH com validade de<strong>\u00a0dez anos<\/strong>\u00a0para quem tiver menos de 50 anos<\/li>\n<li>CNH com validade de\u00a0<strong>cinco anos<\/strong>\u00a0para quem tiver idade igual ou superior a 50 anos e inferior a 70 anos;<\/li>\n<li>CNH com validade de\u00a0<strong>tr\u00eas anos<\/strong>\u00a0para condutores com idade igual ou superior a 70 anos.<\/li>\n<\/ul>\n<\/div>\n<div class=\"mc-column content-text active-extra-styles \" data-block-type=\"unstyled\" data-block-weight=\"31\" data-block-id=\"5\">\n<p class=\"content-text__container \" data-track-category=\"Link no Texto\" data-track-links=\"\">At\u00e9 a \u00faltima atualiza\u00e7\u00e3o desta reportagem, os parlamentares ainda analisavam outras sugest\u00f5es para modificar pontos espec\u00edficos do texto. Ap\u00f3s a conclus\u00e3o da vota\u00e7\u00e3o na C\u00e2mara, o projeto seguir\u00e1 para o\u00a0<a href=\"https:\/\/g1.globo.com\/tudo-sobre\/senado-federal\/\">Senado<\/a>.<\/p>\n<\/div>\n<div class=\"mc-column content-text active-extra-styles \" data-block-type=\"unstyled\" data-block-weight=\"31\" data-block-id=\"6\">\n<p class=\"content-text__container \" data-track-category=\"Link no Texto\" data-track-links=\"\">Considerado um assunto priorit\u00e1rio pelo Pal\u00e1cio do Planalto, o projeto foi apresentado em junho do ano passado pelo presidente\u00a0<a href=\"https:\/\/g1.globo.com\/politica\/politico\/jair-bolsonaro\/\">Jair Bolsonaro<\/a>, que\u00a0<a href=\"https:\/\/g1.globo.com\/politica\/noticia\/2019\/06\/04\/bolsonaro-chega-a-camara-para-entregar-projeto-que-muda-regras-da-cnh.ghtml\">foi pessoalmente \u00e0 C\u00e2mara fazer a entrega do texto<\/a>.<\/p>\n<\/div>\n<div class=\"mc-column content-text active-extra-styles \" data-block-type=\"unstyled\" data-block-weight=\"47\" data-block-id=\"7\">\n<p class=\"content-text__container \" data-track-category=\"Link no Texto\" data-track-links=\"\">Entre as mudan\u00e7as, o projeto amplia o prazo para a renova\u00e7\u00e3o dos exames de aptid\u00e3o f\u00edsica e mental para a renova\u00e7\u00e3o da CNH e estabelece a obrigatoriedade do uso de cadeirinha para o transporte de crian\u00e7as de at\u00e9 10 anos que ainda n\u00e3o atingiram 1,45 metro.<\/p>\n<\/div>\n<div class=\"mc-column content-text active-extra-styles \" data-block-type=\"unstyled\" data-block-weight=\"44\" data-block-id=\"8\">\n<p class=\"content-text__container \" data-track-category=\"Link no Texto\" data-track-links=\"\">O projeto regulamenta ainda a circula\u00e7\u00e3o de motocicletas entre os ve\u00edculos, mant\u00e9m a exig\u00eancia de exames toxicol\u00f3gicos para motoristas das categorias C, D e E e prev\u00ea limites diferentes de pontua\u00e7\u00e3o na carteira de motorista, antes da suspens\u00e3o, no prazo de 12 meses.<\/p>\n<p data-track-category=\"Link no Texto\" data-track-links=\"\"><em><strong>Not\u00edcias em Destaque<\/strong><\/em><\/p>\n<p data-track-category=\"Link no Texto\" data-track-links=\"\">Com G1<\/p>\n<\/div>\n<\/div>\n","protected":false},"excerpt":{"rendered":"<p>A\u00a0C\u00e2mara dos Deputados\u00a0aprovou nesta quarta-feira (24) uma mudan\u00e7a no projeto que\u00a0altera o C\u00f3digo de Tr\u00e2nsito Brasileiro (CTB)\u00a0a fim de permitir que a Carteira Nacional de Habilita\u00e7\u00e3o (CNH) de motoristas profissionais, com idade inferior a 50 anos, tenha validade de dez anos. O texto-base,\u00a0aprovado pelos parlamentares na ter\u00e7a-feira (23), determinava que o documento para os condutores nessa faixa et\u00e1ria fosse renovado a cada cinco anos. Com isso, os motoristas profissionais ficar\u00e3o enquadrados na regra geral: CNH com validade de\u00a0dez anos\u00a0para quem tiver menos de 50 anos CNH com validade de\u00a0cinco anos\u00a0para quem tiver idade igual ou superior a 50 anos e inferior a 70 anos; CNH com validade de\u00a0tr\u00eas anos\u00a0para condutores com idade igual ou superior a 70 anos. At\u00e9 a \u00faltima atualiza\u00e7\u00e3o desta reportagem, os parlamentares ainda analisavam outras sugest\u00f5es para modificar pontos espec\u00edficos do texto. Ap\u00f3s a conclus\u00e3o da vota\u00e7\u00e3o na C\u00e2mara, o projeto seguir\u00e1 para o\u00a0Senado. Considerado um assunto priorit\u00e1rio pelo Pal\u00e1cio do Planalto, o projeto foi apresentado em junho do ano passado pelo presidente\u00a0Jair Bolsonaro, que\u00a0foi pessoalmente \u00e0 C\u00e2mara fazer a entrega do texto. Entre as mudan\u00e7as, o projeto amplia o prazo para a renova\u00e7\u00e3o dos exames de aptid\u00e3o f\u00edsica e mental para a renova\u00e7\u00e3o da CNH e estabelece a obrigatoriedade do uso de cadeirinha para o transporte de crian\u00e7as de at\u00e9 10 anos que ainda n\u00e3o atingiram 1,45 metro. O projeto regulamenta ainda a circula\u00e7\u00e3o de motocicletas entre os ve\u00edculos, mant\u00e9m a exig\u00eancia de exames toxicol\u00f3gicos para motoristas das categorias C, D e E e prev\u00ea limites diferentes de pontua\u00e7\u00e3o na carteira de motorista, antes da suspens\u00e3o, no prazo de 12 meses. Not\u00edcias em Destaque Com G1<\/p>\n","protected":false},"author":2,"featured_media":23949,"comment_status":"closed","ping_status":"open","sticky":false,"template":"","format":"standard","meta":{"_eb_attr":"","_jetpack_memberships_contains_paid_content":false,"footnotes":""},"categories":[12],"tags":[],"class_list":["post-25532","post","type-post","status-publish","format-standard","has-post-thumbnail","hentry","category-geral"],"yoast_head":"<!-- This site is optimized with the Yoast SEO plugin v26.5 - https:\/\/yoast.com\/wordpress\/plugins\/seo\/ -->\n<title>C\u00f3digo de Tr\u00e2nsito: C\u00e2mara muda projeto e fixa em 10 anos validade da CNH de motorista profissional - Not&iacute;cias em Destaque<\/title>\n<meta name=\"robots\" content=\"index, follow, max-snippet:-1, max-image-preview:large, max-video-preview:-1\" \/>\n<link rel=\"canonical\" href=\"https:\/\/noticiasemdestaque.com\/cd\/?p=25532\" \/>\n<meta property=\"og:locale\" content=\"pt_BR\" \/>\n<meta property=\"og:type\" content=\"article\" \/>\n<meta property=\"og:title\" content=\"C\u00f3digo de Tr\u00e2nsito: C\u00e2mara muda projeto e fixa em 10 anos validade da CNH de motorista profissional - Not&iacute;cias em Destaque\" \/>\n<meta property=\"og:description\" content=\"A\u00a0C\u00e2mara dos Deputados\u00a0aprovou nesta quarta-feira (24) uma mudan\u00e7a no projeto que\u00a0altera o C\u00f3digo de Tr\u00e2nsito Brasileiro (CTB)\u00a0a fim de permitir que a Carteira Nacional de Habilita\u00e7\u00e3o (CNH) de motoristas profissionais, com idade inferior a 50 anos, tenha validade de dez anos. O texto-base,\u00a0aprovado pelos parlamentares na ter\u00e7a-feira (23), determinava que o documento para os condutores nessa faixa et\u00e1ria fosse renovado a cada cinco anos. Com isso, os motoristas profissionais ficar\u00e3o enquadrados na regra geral: CNH com validade de\u00a0dez anos\u00a0para quem tiver menos de 50 anos CNH com validade de\u00a0cinco anos\u00a0para quem tiver idade igual ou superior a 50 anos e inferior a 70 anos; CNH com validade de\u00a0tr\u00eas anos\u00a0para condutores com idade igual ou superior a 70 anos. At\u00e9 a \u00faltima atualiza\u00e7\u00e3o desta reportagem, os parlamentares ainda analisavam outras sugest\u00f5es para modificar pontos espec\u00edficos do texto. Ap\u00f3s a conclus\u00e3o da vota\u00e7\u00e3o na C\u00e2mara, o projeto seguir\u00e1 para o\u00a0Senado. Considerado um assunto priorit\u00e1rio pelo Pal\u00e1cio do Planalto, o projeto foi apresentado em junho do ano passado pelo presidente\u00a0Jair Bolsonaro, que\u00a0foi pessoalmente \u00e0 C\u00e2mara fazer a entrega do texto. Entre as mudan\u00e7as, o projeto amplia o prazo para a renova\u00e7\u00e3o dos exames de aptid\u00e3o f\u00edsica e mental para a renova\u00e7\u00e3o da CNH e estabelece a obrigatoriedade do uso de cadeirinha para o transporte de crian\u00e7as de at\u00e9 10 anos que ainda n\u00e3o atingiram 1,45 metro. O projeto regulamenta ainda a circula\u00e7\u00e3o de motocicletas entre os ve\u00edculos, mant\u00e9m a exig\u00eancia de exames toxicol\u00f3gicos para motoristas das categorias C, D e E e prev\u00ea limites diferentes de pontua\u00e7\u00e3o na carteira de motorista, antes da suspens\u00e3o, no prazo de 12 meses. Not\u00edcias em Destaque Com G1\" \/>\n<meta property=\"og:url\" content=\"https:\/\/noticiasemdestaque.com\/cd\/?p=25532\" \/>\n<meta property=\"og:site_name\" content=\"Not&iacute;cias em Destaque\" \/>\n<meta property=\"article:published_time\" content=\"2020-06-24T22:46:08+00:00\" \/>\n<meta property=\"og:image\" content=\"https:\/\/noticiasemdestaque.com\/cd\/wp-content\/uploads\/2020\/03\/49680060722_7dc8029902_o.jpg\" \/>\n\t<meta property=\"og:image:width\" content=\"1170\" \/>\n\t<meta property=\"og:image:height\" content=\"700\" \/>\n\t<meta property=\"og:image:type\" content=\"image\/jpeg\" \/>\n<meta name=\"author\" content=\"Not\u00edcias em Destaque\" \/>\n<meta name=\"twitter:card\" content=\"summary_large_image\" \/>\n<meta name=\"twitter:label1\" content=\"Escrito por\" \/>\n\t<meta name=\"twitter:data1\" content=\"Not\u00edcias em Destaque\" \/>\n\t<meta name=\"twitter:label2\" content=\"Est. tempo de leitura\" \/>\n\t<meta name=\"twitter:data2\" content=\"2 minutos\" \/>\n<script type=\"application\/ld+json\" class=\"yoast-schema-graph\">{\"@context\":\"https:\/\/schema.org\",\"@graph\":[{\"@type\":\"Article\",\"@id\":\"https:\/\/noticiasemdestaque.com\/cd\/?p=25532#article\",\"isPartOf\":{\"@id\":\"https:\/\/noticiasemdestaque.com\/cd\/?p=25532\"},\"author\":{\"name\":\"Not\u00edcias em Destaque\",\"@id\":\"https:\/\/noticiasemdestaque.com\/cd\/#\/schema\/person\/21320b03a7e8bb90128938dafc9b908a\"},\"headline\":\"C\u00f3digo de Tr\u00e2nsito: C\u00e2mara muda projeto e fixa em 10 anos validade da CNH de motorista profissional\",\"datePublished\":\"2020-06-24T22:46:08+00:00\",\"mainEntityOfPage\":{\"@id\":\"https:\/\/noticiasemdestaque.com\/cd\/?p=25532\"},\"wordCount\":327,\"publisher\":{\"@id\":\"https:\/\/noticiasemdestaque.com\/cd\/#organization\"},\"image\":{\"@id\":\"https:\/\/noticiasemdestaque.com\/cd\/?p=25532#primaryimage\"},\"thumbnailUrl\":\"https:\/\/noticiasemdestaque.com\/cd\/wp-content\/uploads\/2020\/03\/49680060722_7dc8029902_o.jpg\",\"articleSection\":[\"Geral\"],\"inLanguage\":\"pt-BR\"},{\"@type\":\"WebPage\",\"@id\":\"https:\/\/noticiasemdestaque.com\/cd\/?p=25532\",\"url\":\"https:\/\/noticiasemdestaque.com\/cd\/?p=25532\",\"name\":\"C\u00f3digo de Tr\u00e2nsito: C\u00e2mara muda projeto e fixa em 10 anos validade da CNH de motorista profissional - Not&iacute;cias em Destaque\",\"isPartOf\":{\"@id\":\"https:\/\/noticiasemdestaque.com\/cd\/#website\"},\"primaryImageOfPage\":{\"@id\":\"https:\/\/noticiasemdestaque.com\/cd\/?p=25532#primaryimage\"},\"image\":{\"@id\":\"https:\/\/noticiasemdestaque.com\/cd\/?p=25532#primaryimage\"},\"thumbnailUrl\":\"https:\/\/noticiasemdestaque.com\/cd\/wp-content\/uploads\/2020\/03\/49680060722_7dc8029902_o.jpg\",\"datePublished\":\"2020-06-24T22:46:08+00:00\",\"breadcrumb\":{\"@id\":\"https:\/\/noticiasemdestaque.com\/cd\/?p=25532#breadcrumb\"},\"inLanguage\":\"pt-BR\",\"potentialAction\":[{\"@type\":\"ReadAction\",\"target\":[\"https:\/\/noticiasemdestaque.com\/cd\/?p=25532\"]}]},{\"@type\":\"ImageObject\",\"inLanguage\":\"pt-BR\",\"@id\":\"https:\/\/noticiasemdestaque.com\/cd\/?p=25532#primaryimage\",\"url\":\"https:\/\/noticiasemdestaque.com\/cd\/wp-content\/uploads\/2020\/03\/49680060722_7dc8029902_o.jpg\",\"contentUrl\":\"https:\/\/noticiasemdestaque.com\/cd\/wp-content\/uploads\/2020\/03\/49680060722_7dc8029902_o.jpg\",\"width\":1170,\"height\":700,\"caption\":\"Sess\u00e3o Deliberativa Remota destinada a deliberar sobre o Projeto de Decreto Legislativo (PDL) 88\/2020, que reconhece o estado de calamidade p\u00fablica no Brasil. O Senado vota nesta sexta-feira (20) o Projeto de Decreto Legislativo (PDL) 88\/2020, que reconhece o estado de calamidade p\u00fablica no Brasil. Esse \u00e9 o \u00fanico item na pauta da reuni\u00e3o, convocada pela Presid\u00eancia do Senado Federal. A sess\u00e3o deliberativa \u00e9 remota, ou seja, senadores poder\u00e3o debater o assunto e votar a mat\u00e9ria pelo computador, sem estar presentes ao Plen\u00e1rio. A proposta, aprovada na noite da quarta-feira (18) pela C\u00e2mara dos Deputados, permite que o Executivo gaste mais do que o previsto e desobede\u00e7a \u00e0s metas fiscais estabelecidas para 2020 para custear a\u00e7\u00f5es de combate \u00e0 pandemia de coronav\u00edrus. O senador Weverton (PDT-MA) \u00e9 o relator da proposta. A sess\u00e3o deliberativa remota \u00e9 conduzida pelo 1\u00ba vice-presidente do Senado Federal, senador Antonio Anastasia (PSD-MG). Na sala da Secretaria de Tecnologia da Informa\u00e7\u00e3o do Senado Federal (Prodasen), senadores e funcion\u00e1rios da Casa se preparam para o \u00ednicio da sess\u00e3o. Foto: Jane de Ara\u00fajo\/Ag\u00eancia Senado\"},{\"@type\":\"BreadcrumbList\",\"@id\":\"https:\/\/noticiasemdestaque.com\/cd\/?p=25532#breadcrumb\",\"itemListElement\":[{\"@type\":\"ListItem\",\"position\":1,\"name\":\"In\u00edcio\",\"item\":\"https:\/\/noticiasemdestaque.com\/cd\/\"},{\"@type\":\"ListItem\",\"position\":2,\"name\":\"C\u00f3digo de Tr\u00e2nsito: C\u00e2mara muda projeto e fixa em 10 anos validade da CNH de motorista profissional\"}]},{\"@type\":\"WebSite\",\"@id\":\"https:\/\/noticiasemdestaque.com\/cd\/#website\",\"url\":\"https:\/\/noticiasemdestaque.com\/cd\/\",\"name\":\"Not&iacute;cias em Destaque\",\"description\":\"\",\"publisher\":{\"@id\":\"https:\/\/noticiasemdestaque.com\/cd\/#organization\"},\"potentialAction\":[{\"@type\":\"SearchAction\",\"target\":{\"@type\":\"EntryPoint\",\"urlTemplate\":\"https:\/\/noticiasemdestaque.com\/cd\/?s={search_term_string}\"},\"query-input\":{\"@type\":\"PropertyValueSpecification\",\"valueRequired\":true,\"valueName\":\"search_term_string\"}}],\"inLanguage\":\"pt-BR\"},{\"@type\":\"Organization\",\"@id\":\"https:\/\/noticiasemdestaque.com\/cd\/#organization\",\"name\":\"Not\u00edcias em Destaque\",\"url\":\"https:\/\/noticiasemdestaque.com\/cd\/\",\"logo\":{\"@type\":\"ImageObject\",\"inLanguage\":\"pt-BR\",\"@id\":\"https:\/\/noticiasemdestaque.com\/cd\/#\/schema\/logo\/image\/\",\"url\":\"https:\/\/noticiasemdestaque.com\/cd\/wp-content\/uploads\/2022\/05\/imagem-base-noticiasemdestaque.png\",\"contentUrl\":\"https:\/\/noticiasemdestaque.com\/cd\/wp-content\/uploads\/2022\/05\/imagem-base-noticiasemdestaque.png\",\"width\":1200,\"height\":630,\"caption\":\"Not\u00edcias em Destaque\"},\"image\":{\"@id\":\"https:\/\/noticiasemdestaque.com\/cd\/#\/schema\/logo\/image\/\"}},{\"@type\":\"Person\",\"@id\":\"https:\/\/noticiasemdestaque.com\/cd\/#\/schema\/person\/21320b03a7e8bb90128938dafc9b908a\",\"name\":\"Not\u00edcias em Destaque\",\"url\":\"https:\/\/noticiasemdestaque.com\/cd\/?author=2\"}]}<\/script>\n<!-- \/ Yoast SEO plugin. -->","yoast_head_json":{"title":"C\u00f3digo de Tr\u00e2nsito: C\u00e2mara muda projeto e fixa em 10 anos validade da CNH de motorista profissional - Not&iacute;cias em Destaque","robots":{"index":"index","follow":"follow","max-snippet":"max-snippet:-1","max-image-preview":"max-image-preview:large","max-video-preview":"max-video-preview:-1"},"canonical":"https:\/\/noticiasemdestaque.com\/cd\/?p=25532","og_locale":"pt_BR","og_type":"article","og_title":"C\u00f3digo de Tr\u00e2nsito: C\u00e2mara muda projeto e fixa em 10 anos validade da CNH de motorista profissional - Not&iacute;cias em Destaque","og_description":"A\u00a0C\u00e2mara dos Deputados\u00a0aprovou nesta quarta-feira (24) uma mudan\u00e7a no projeto que\u00a0altera o C\u00f3digo de Tr\u00e2nsito Brasileiro (CTB)\u00a0a fim de permitir que a Carteira Nacional de Habilita\u00e7\u00e3o (CNH) de motoristas profissionais, com idade inferior a 50 anos, tenha validade de dez anos. O texto-base,\u00a0aprovado pelos parlamentares na ter\u00e7a-feira (23), determinava que o documento para os condutores nessa faixa et\u00e1ria fosse renovado a cada cinco anos. Com isso, os motoristas profissionais ficar\u00e3o enquadrados na regra geral: CNH com validade de\u00a0dez anos\u00a0para quem tiver menos de 50 anos CNH com validade de\u00a0cinco anos\u00a0para quem tiver idade igual ou superior a 50 anos e inferior a 70 anos; CNH com validade de\u00a0tr\u00eas anos\u00a0para condutores com idade igual ou superior a 70 anos. At\u00e9 a \u00faltima atualiza\u00e7\u00e3o desta reportagem, os parlamentares ainda analisavam outras sugest\u00f5es para modificar pontos espec\u00edficos do texto. Ap\u00f3s a conclus\u00e3o da vota\u00e7\u00e3o na C\u00e2mara, o projeto seguir\u00e1 para o\u00a0Senado. Considerado um assunto priorit\u00e1rio pelo Pal\u00e1cio do Planalto, o projeto foi apresentado em junho do ano passado pelo presidente\u00a0Jair Bolsonaro, que\u00a0foi pessoalmente \u00e0 C\u00e2mara fazer a entrega do texto. Entre as mudan\u00e7as, o projeto amplia o prazo para a renova\u00e7\u00e3o dos exames de aptid\u00e3o f\u00edsica e mental para a renova\u00e7\u00e3o da CNH e estabelece a obrigatoriedade do uso de cadeirinha para o transporte de crian\u00e7as de at\u00e9 10 anos que ainda n\u00e3o atingiram 1,45 metro. O projeto regulamenta ainda a circula\u00e7\u00e3o de motocicletas entre os ve\u00edculos, mant\u00e9m a exig\u00eancia de exames toxicol\u00f3gicos para motoristas das categorias C, D e E e prev\u00ea limites diferentes de pontua\u00e7\u00e3o na carteira de motorista, antes da suspens\u00e3o, no prazo de 12 meses. Not\u00edcias em Destaque Com G1","og_url":"https:\/\/noticiasemdestaque.com\/cd\/?p=25532","og_site_name":"Not&iacute;cias em Destaque","article_published_time":"2020-06-24T22:46:08+00:00","og_image":[{"width":1170,"height":700,"url":"https:\/\/noticiasemdestaque.com\/cd\/wp-content\/uploads\/2020\/03\/49680060722_7dc8029902_o.jpg","type":"image\/jpeg"}],"author":"Not\u00edcias em Destaque","twitter_card":"summary_large_image","twitter_misc":{"Escrito por":"Not\u00edcias em Destaque","Est. tempo de leitura":"2 minutos"},"schema":{"@context":"https:\/\/schema.org","@graph":[{"@type":"Article","@id":"https:\/\/noticiasemdestaque.com\/cd\/?p=25532#article","isPartOf":{"@id":"https:\/\/noticiasemdestaque.com\/cd\/?p=25532"},"author":{"name":"Not\u00edcias em Destaque","@id":"https:\/\/noticiasemdestaque.com\/cd\/#\/schema\/person\/21320b03a7e8bb90128938dafc9b908a"},"headline":"C\u00f3digo de Tr\u00e2nsito: C\u00e2mara muda projeto e fixa em 10 anos validade da CNH de motorista profissional","datePublished":"2020-06-24T22:46:08+00:00","mainEntityOfPage":{"@id":"https:\/\/noticiasemdestaque.com\/cd\/?p=25532"},"wordCount":327,"publisher":{"@id":"https:\/\/noticiasemdestaque.com\/cd\/#organization"},"image":{"@id":"https:\/\/noticiasemdestaque.com\/cd\/?p=25532#primaryimage"},"thumbnailUrl":"https:\/\/noticiasemdestaque.com\/cd\/wp-content\/uploads\/2020\/03\/49680060722_7dc8029902_o.jpg","articleSection":["Geral"],"inLanguage":"pt-BR"},{"@type":"WebPage","@id":"https:\/\/noticiasemdestaque.com\/cd\/?p=25532","url":"https:\/\/noticiasemdestaque.com\/cd\/?p=25532","name":"C\u00f3digo de Tr\u00e2nsito: C\u00e2mara muda projeto e fixa em 10 anos validade da CNH de motorista profissional - Not&iacute;cias em Destaque","isPartOf":{"@id":"https:\/\/noticiasemdestaque.com\/cd\/#website"},"primaryImageOfPage":{"@id":"https:\/\/noticiasemdestaque.com\/cd\/?p=25532#primaryimage"},"image":{"@id":"https:\/\/noticiasemdestaque.com\/cd\/?p=25532#primaryimage"},"thumbnailUrl":"https:\/\/noticiasemdestaque.com\/cd\/wp-content\/uploads\/2020\/03\/49680060722_7dc8029902_o.jpg","datePublished":"2020-06-24T22:46:08+00:00","breadcrumb":{"@id":"https:\/\/noticiasemdestaque.com\/cd\/?p=25532#breadcrumb"},"inLanguage":"pt-BR","potentialAction":[{"@type":"ReadAction","target":["https:\/\/noticiasemdestaque.com\/cd\/?p=25532"]}]},{"@type":"ImageObject","inLanguage":"pt-BR","@id":"https:\/\/noticiasemdestaque.com\/cd\/?p=25532#primaryimage","url":"https:\/\/noticiasemdestaque.com\/cd\/wp-content\/uploads\/2020\/03\/49680060722_7dc8029902_o.jpg","contentUrl":"https:\/\/noticiasemdestaque.com\/cd\/wp-content\/uploads\/2020\/03\/49680060722_7dc8029902_o.jpg","width":1170,"height":700,"caption":"Sess\u00e3o Deliberativa Remota destinada a deliberar sobre o Projeto de Decreto Legislativo (PDL) 88\/2020, que reconhece o estado de calamidade p\u00fablica no Brasil. O Senado vota nesta sexta-feira (20) o Projeto de Decreto Legislativo (PDL) 88\/2020, que reconhece o estado de calamidade p\u00fablica no Brasil. Esse \u00e9 o \u00fanico item na pauta da reuni\u00e3o, convocada pela Presid\u00eancia do Senado Federal. A sess\u00e3o deliberativa \u00e9 remota, ou seja, senadores poder\u00e3o debater o assunto e votar a mat\u00e9ria pelo computador, sem estar presentes ao Plen\u00e1rio. A proposta, aprovada na noite da quarta-feira (18) pela C\u00e2mara dos Deputados, permite que o Executivo gaste mais do que o previsto e desobede\u00e7a \u00e0s metas fiscais estabelecidas para 2020 para custear a\u00e7\u00f5es de combate \u00e0 pandemia de coronav\u00edrus. O senador Weverton (PDT-MA) \u00e9 o relator da proposta. A sess\u00e3o deliberativa remota \u00e9 conduzida pelo 1\u00ba vice-presidente do Senado Federal, senador Antonio Anastasia (PSD-MG). Na sala da Secretaria de Tecnologia da Informa\u00e7\u00e3o do Senado Federal (Prodasen), senadores e funcion\u00e1rios da Casa se preparam para o \u00ednicio da sess\u00e3o. Foto: Jane de Ara\u00fajo\/Ag\u00eancia Senado"},{"@type":"BreadcrumbList","@id":"https:\/\/noticiasemdestaque.com\/cd\/?p=25532#breadcrumb","itemListElement":[{"@type":"ListItem","position":1,"name":"In\u00edcio","item":"https:\/\/noticiasemdestaque.com\/cd\/"},{"@type":"ListItem","position":2,"name":"C\u00f3digo de Tr\u00e2nsito: C\u00e2mara muda projeto e fixa em 10 anos validade da CNH de motorista profissional"}]},{"@type":"WebSite","@id":"https:\/\/noticiasemdestaque.com\/cd\/#website","url":"https:\/\/noticiasemdestaque.com\/cd\/","name":"Not&iacute;cias em Destaque","description":"","publisher":{"@id":"https:\/\/noticiasemdestaque.com\/cd\/#organization"},"potentialAction":[{"@type":"SearchAction","target":{"@type":"EntryPoint","urlTemplate":"https:\/\/noticiasemdestaque.com\/cd\/?s={search_term_string}"},"query-input":{"@type":"PropertyValueSpecification","valueRequired":true,"valueName":"search_term_string"}}],"inLanguage":"pt-BR"},{"@type":"Organization","@id":"https:\/\/noticiasemdestaque.com\/cd\/#organization","name":"Not\u00edcias em Destaque","url":"https:\/\/noticiasemdestaque.com\/cd\/","logo":{"@type":"ImageObject","inLanguage":"pt-BR","@id":"https:\/\/noticiasemdestaque.com\/cd\/#\/schema\/logo\/image\/","url":"https:\/\/noticiasemdestaque.com\/cd\/wp-content\/uploads\/2022\/05\/imagem-base-noticiasemdestaque.png","contentUrl":"https:\/\/noticiasemdestaque.com\/cd\/wp-content\/uploads\/2022\/05\/imagem-base-noticiasemdestaque.png","width":1200,"height":630,"caption":"Not\u00edcias em Destaque"},"image":{"@id":"https:\/\/noticiasemdestaque.com\/cd\/#\/schema\/logo\/image\/"}},{"@type":"Person","@id":"https:\/\/noticiasemdestaque.com\/cd\/#\/schema\/person\/21320b03a7e8bb90128938dafc9b908a","name":"Not\u00edcias em Destaque","url":"https:\/\/noticiasemdestaque.com\/cd\/?author=2"}]}},"jetpack_featured_media_url":"https:\/\/noticiasemdestaque.com\/cd\/wp-content\/uploads\/2020\/03\/49680060722_7dc8029902_o.jpg","jetpack_sharing_enabled":true,"_links":{"self":[{"href":"https:\/\/noticiasemdestaque.com\/cd\/index.php?rest_route=\/wp\/v2\/posts\/25532","targetHints":{"allow":["GET"]}}],"collection":[{"href":"https:\/\/noticiasemdestaque.com\/cd\/index.php?rest_route=\/wp\/v2\/posts"}],"about":[{"href":"https:\/\/noticiasemdestaque.com\/cd\/index.php?rest_route=\/wp\/v2\/types\/post"}],"author":[{"embeddable":true,"href":"https:\/\/noticiasemdestaque.com\/cd\/index.php?rest_route=\/wp\/v2\/users\/2"}],"replies":[{"embeddable":true,"href":"https:\/\/noticiasemdestaque.com\/cd\/index.php?rest_route=%2Fwp%2Fv2%2Fcomments&post=25532"}],"version-history":[{"count":1,"href":"https:\/\/noticiasemdestaque.com\/cd\/index.php?rest_route=\/wp\/v2\/posts\/25532\/revisions"}],"predecessor-version":[{"id":25533,"href":"https:\/\/noticiasemdestaque.com\/cd\/index.php?rest_route=\/wp\/v2\/posts\/25532\/revisions\/25533"}],"wp:featuredmedia":[{"embeddable":true,"href":"https:\/\/noticiasemdestaque.com\/cd\/index.php?rest_route=\/wp\/v2\/media\/23949"}],"wp:attachment":[{"href":"https:\/\/noticiasemdestaque.com\/cd\/index.php?rest_route=%2Fwp%2Fv2%2Fmedia&parent=25532"}],"wp:term":[{"taxonomy":"category","embeddable":true,"href":"https:\/\/noticiasemdestaque.com\/cd\/index.php?rest_route=%2Fwp%2Fv2%2Fcategories&post=25532"},{"taxonomy":"post_tag","embeddable":true,"href":"https:\/\/noticiasemdestaque.com\/cd\/index.php?rest_route=%2Fwp%2Fv2%2Ftags&post=25532"}],"curies":[{"name":"wp","href":"https:\/\/api.w.org\/{rel}","templated":true}]}}