{"id":25514,"date":"2020-06-24T17:11:36","date_gmt":"2020-06-24T20:11:36","guid":{"rendered":"http:\/\/noticiasemdestaque.com\/cd\/?p=25514"},"modified":"2020-06-24T17:11:36","modified_gmt":"2020-06-24T20:11:36","slug":"feira-livre-de-sume-acontece-dentro-da-normalidade-e-com-prevencao-ao-coronavirus","status":"publish","type":"post","link":"https:\/\/noticiasemdestaque.com\/cd\/?p=25514","title":{"rendered":"Feira livre de Sum\u00e9 acontece dentro da normalidade e com preven\u00e7\u00e3o ao coronav\u00edrus"},"content":{"rendered":"<p><a href=\"https:\/\/noticiasemdestaque.com\/cd\/wp-content\/uploads\/2020\/06\/85e47ca7-48fc-4b7d-a514-e92c1083592b.jpg\"><img fetchpriority=\"high\" decoding=\"async\" class=\"wp-image-25516 alignleft\" src=\"https:\/\/noticiasemdestaque.com\/cd\/wp-content\/uploads\/2020\/06\/85e47ca7-48fc-4b7d-a514-e92c1083592b-1024x768.jpg\" alt=\"\" width=\"363\" height=\"272\" srcset=\"https:\/\/noticiasemdestaque.com\/cd\/wp-content\/uploads\/2020\/06\/85e47ca7-48fc-4b7d-a514-e92c1083592b-1024x768.jpg 1024w, https:\/\/noticiasemdestaque.com\/cd\/wp-content\/uploads\/2020\/06\/85e47ca7-48fc-4b7d-a514-e92c1083592b-300x225.jpg 300w, https:\/\/noticiasemdestaque.com\/cd\/wp-content\/uploads\/2020\/06\/85e47ca7-48fc-4b7d-a514-e92c1083592b-768x576.jpg 768w, https:\/\/noticiasemdestaque.com\/cd\/wp-content\/uploads\/2020\/06\/85e47ca7-48fc-4b7d-a514-e92c1083592b-640x480.jpg 640w, https:\/\/noticiasemdestaque.com\/cd\/wp-content\/uploads\/2020\/06\/85e47ca7-48fc-4b7d-a514-e92c1083592b.jpg 1280w\" sizes=\"(max-width: 363px) 100vw, 363px\" \/><\/a>Ap\u00f3s tr\u00eas meses fechada em virtude da pandemia do coronav\u00edrus, a feira livre de Sum\u00e9 foi reaberta nesta segunda-feira (22), apenas para os feirantes do munic\u00edpio e com uma s\u00e9rie de medidas de preven\u00e7\u00e3o ao coronav\u00edrus, coordenada pela secretaria de Sa\u00fade e coordena\u00e7\u00e3o do Mercado P\u00fablico Municipal.<\/p>\n<p>Para manter a seguran\u00e7a dos feirantes e dos clientes, uma s\u00e9rie de a\u00e7\u00f5es foram tomadas pela gest\u00e3o municipal, entre elas: \u00a0o fechamento do entorno do mercado possibilitando que o com\u00e9rcio fosse feito apenas no interior do pr\u00e9dio; barreiras na entrada foram colocadas, com verifica\u00e7\u00e3o da temperatura dos clientes, uso obrigat\u00f3rio de m\u00e1scaras para feirantes e clientes. Todas as bancas foram montadas obedecendo o distanciamento m\u00ednimo de 3 metros, bem como a organiza\u00e7\u00e3o das filas com uma dist\u00e2ncia de 2 metros. A equipe da Prefeitura distribuiu ainda \u00e1lcool em gel 70%.<\/p>\n<p><a href=\"https:\/\/noticiasemdestaque.com\/cd\/wp-content\/uploads\/2020\/06\/b3e05335-22d7-4316-9ccc-b2b1a6b1f140.jpg\"><img decoding=\"async\" class=\"wp-image-25515 alignright\" src=\"https:\/\/noticiasemdestaque.com\/cd\/wp-content\/uploads\/2020\/06\/b3e05335-22d7-4316-9ccc-b2b1a6b1f140-1024x768.jpg\" alt=\"\" width=\"311\" height=\"234\" srcset=\"https:\/\/noticiasemdestaque.com\/cd\/wp-content\/uploads\/2020\/06\/b3e05335-22d7-4316-9ccc-b2b1a6b1f140-1024x768.jpg 1024w, https:\/\/noticiasemdestaque.com\/cd\/wp-content\/uploads\/2020\/06\/b3e05335-22d7-4316-9ccc-b2b1a6b1f140-300x225.jpg 300w, https:\/\/noticiasemdestaque.com\/cd\/wp-content\/uploads\/2020\/06\/b3e05335-22d7-4316-9ccc-b2b1a6b1f140-768x576.jpg 768w, https:\/\/noticiasemdestaque.com\/cd\/wp-content\/uploads\/2020\/06\/b3e05335-22d7-4316-9ccc-b2b1a6b1f140-640x480.jpg 640w, https:\/\/noticiasemdestaque.com\/cd\/wp-content\/uploads\/2020\/06\/b3e05335-22d7-4316-9ccc-b2b1a6b1f140.jpg 1280w\" sizes=\"(max-width: 311px) 100vw, 311px\" \/><\/a>O coordenador da Vigil\u00e2ncia Sanit\u00e1ria, Ricardo Morato, disse que a organiza\u00e7\u00e3o da feira livre possibilitou a seguran\u00e7a de feirantes e de clientes. \u201cN\u00f3s limitamos o acesso ao mercado e nas proximidades, as pessoas j\u00e1 s\u00e3o orientadas a usar m\u00e1scara e tamb\u00e9m a fazer a feira de uma forma mais r\u00e1pida para evitar aglomera\u00e7\u00f5es\u201d, disse.<\/p>\n<p>A secret\u00e1ria de Sa\u00fade de Sum\u00e9, Alessandra Regina, disse que a opera\u00e7\u00e3o da equipe deu resultado \u201cN\u00e3o tivemos aglomera\u00e7\u00f5es, as pessoas est\u00e3o realizando suas compras de forma r\u00e1pida, orientamos as pessoas e fiscalizamos para que tudo pudesse ocorrer na maior seguran\u00e7a\u201d, disse.<\/p>\n<p>Para retomada da feira n\u00e3o foi permitida a abertura de lanchonetes, bares e restaurantes no mercado p\u00fablico, tamb\u00e9m foi disponibilizado lavat\u00f3rios de m\u00e3os para os presentes.<\/p>\n<p>Ascom\/PMS<\/p>\n","protected":false},"excerpt":{"rendered":"<p>Ap\u00f3s tr\u00eas meses fechada em virtude da pandemia do coronav\u00edrus, a feira livre de Sum\u00e9 foi reaberta nesta segunda-feira (22), apenas para os feirantes do munic\u00edpio e com uma s\u00e9rie de medidas de preven\u00e7\u00e3o ao coronav\u00edrus, coordenada pela secretaria de Sa\u00fade e coordena\u00e7\u00e3o do Mercado P\u00fablico Municipal. Para manter a seguran\u00e7a dos feirantes e dos clientes, uma s\u00e9rie de a\u00e7\u00f5es foram tomadas pela gest\u00e3o municipal, entre elas: \u00a0o fechamento do entorno do mercado possibilitando que o com\u00e9rcio fosse feito apenas no interior do pr\u00e9dio; barreiras na entrada foram colocadas, com verifica\u00e7\u00e3o da temperatura dos clientes, uso obrigat\u00f3rio de m\u00e1scaras para feirantes e clientes. Todas as bancas foram montadas obedecendo o distanciamento m\u00ednimo de 3 metros, bem como a organiza\u00e7\u00e3o das filas com uma dist\u00e2ncia de 2 metros. A equipe da Prefeitura distribuiu ainda \u00e1lcool em gel 70%. O coordenador da Vigil\u00e2ncia Sanit\u00e1ria, Ricardo Morato, disse que a organiza\u00e7\u00e3o da feira livre possibilitou a seguran\u00e7a de feirantes e de clientes. \u201cN\u00f3s limitamos o acesso ao mercado e nas proximidades, as pessoas j\u00e1 s\u00e3o orientadas a usar m\u00e1scara e tamb\u00e9m a fazer a feira de uma forma mais r\u00e1pida para evitar aglomera\u00e7\u00f5es\u201d, disse. A secret\u00e1ria de Sa\u00fade de Sum\u00e9, Alessandra Regina, disse que a opera\u00e7\u00e3o da equipe deu resultado \u201cN\u00e3o tivemos aglomera\u00e7\u00f5es, as pessoas est\u00e3o realizando suas compras de forma r\u00e1pida, orientamos as pessoas e fiscalizamos para que tudo pudesse ocorrer na maior seguran\u00e7a\u201d, disse. Para retomada da feira n\u00e3o foi permitida a abertura de lanchonetes, bares e restaurantes no mercado p\u00fablico, tamb\u00e9m foi disponibilizado lavat\u00f3rios de m\u00e3os para os presentes. Ascom\/PMS<\/p>\n","protected":false},"author":2,"featured_media":25516,"comment_status":"closed","ping_status":"open","sticky":false,"template":"","format":"standard","meta":{"_eb_attr":"","_jetpack_memberships_contains_paid_content":false,"footnotes":""},"categories":[3],"tags":[],"class_list":["post-25514","post","type-post","status-publish","format-standard","has-post-thumbnail","hentry","category-cidades"],"yoast_head":"<!-- This site is optimized with the Yoast SEO plugin v26.5 - https:\/\/yoast.com\/wordpress\/plugins\/seo\/ -->\n<title>Feira livre de Sum\u00e9 acontece dentro da normalidade e com preven\u00e7\u00e3o ao coronav\u00edrus - Not&iacute;cias em Destaque<\/title>\n<meta name=\"robots\" content=\"index, follow, max-snippet:-1, max-image-preview:large, max-video-preview:-1\" \/>\n<link rel=\"canonical\" href=\"https:\/\/noticiasemdestaque.com\/cd\/?p=25514\" \/>\n<meta property=\"og:locale\" content=\"pt_BR\" \/>\n<meta property=\"og:type\" content=\"article\" \/>\n<meta property=\"og:title\" content=\"Feira livre de Sum\u00e9 acontece dentro da normalidade e com preven\u00e7\u00e3o ao coronav\u00edrus - Not&iacute;cias em Destaque\" \/>\n<meta property=\"og:description\" content=\"Ap\u00f3s tr\u00eas meses fechada em virtude da pandemia do coronav\u00edrus, a feira livre de Sum\u00e9 foi reaberta nesta segunda-feira (22), apenas para os feirantes do munic\u00edpio e com uma s\u00e9rie de medidas de preven\u00e7\u00e3o ao coronav\u00edrus, coordenada pela secretaria de Sa\u00fade e coordena\u00e7\u00e3o do Mercado P\u00fablico Municipal. Para manter a seguran\u00e7a dos feirantes e dos clientes, uma s\u00e9rie de a\u00e7\u00f5es foram tomadas pela gest\u00e3o municipal, entre elas: \u00a0o fechamento do entorno do mercado possibilitando que o com\u00e9rcio fosse feito apenas no interior do pr\u00e9dio; barreiras na entrada foram colocadas, com verifica\u00e7\u00e3o da temperatura dos clientes, uso obrigat\u00f3rio de m\u00e1scaras para feirantes e clientes. Todas as bancas foram montadas obedecendo o distanciamento m\u00ednimo de 3 metros, bem como a organiza\u00e7\u00e3o das filas com uma dist\u00e2ncia de 2 metros. A equipe da Prefeitura distribuiu ainda \u00e1lcool em gel 70%. O coordenador da Vigil\u00e2ncia Sanit\u00e1ria, Ricardo Morato, disse que a organiza\u00e7\u00e3o da feira livre possibilitou a seguran\u00e7a de feirantes e de clientes. \u201cN\u00f3s limitamos o acesso ao mercado e nas proximidades, as pessoas j\u00e1 s\u00e3o orientadas a usar m\u00e1scara e tamb\u00e9m a fazer a feira de uma forma mais r\u00e1pida para evitar aglomera\u00e7\u00f5es\u201d, disse. A secret\u00e1ria de Sa\u00fade de Sum\u00e9, Alessandra Regina, disse que a opera\u00e7\u00e3o da equipe deu resultado \u201cN\u00e3o tivemos aglomera\u00e7\u00f5es, as pessoas est\u00e3o realizando suas compras de forma r\u00e1pida, orientamos as pessoas e fiscalizamos para que tudo pudesse ocorrer na maior seguran\u00e7a\u201d, disse. Para retomada da feira n\u00e3o foi permitida a abertura de lanchonetes, bares e restaurantes no mercado p\u00fablico, tamb\u00e9m foi disponibilizado lavat\u00f3rios de m\u00e3os para os presentes. Ascom\/PMS\" \/>\n<meta property=\"og:url\" content=\"https:\/\/noticiasemdestaque.com\/cd\/?p=25514\" \/>\n<meta property=\"og:site_name\" content=\"Not&iacute;cias em Destaque\" \/>\n<meta property=\"article:published_time\" content=\"2020-06-24T20:11:36+00:00\" \/>\n<meta property=\"og:image\" content=\"https:\/\/noticiasemdestaque.com\/cd\/wp-content\/uploads\/2020\/06\/85e47ca7-48fc-4b7d-a514-e92c1083592b.jpg\" \/>\n\t<meta property=\"og:image:width\" content=\"1280\" \/>\n\t<meta property=\"og:image:height\" content=\"960\" \/>\n\t<meta property=\"og:image:type\" content=\"image\/jpeg\" \/>\n<meta name=\"author\" content=\"Not\u00edcias em Destaque\" \/>\n<meta name=\"twitter:card\" content=\"summary_large_image\" \/>\n<meta name=\"twitter:label1\" content=\"Escrito por\" \/>\n\t<meta name=\"twitter:data1\" content=\"Not\u00edcias em Destaque\" \/>\n\t<meta name=\"twitter:label2\" content=\"Est. tempo de leitura\" \/>\n\t<meta name=\"twitter:data2\" content=\"2 minutos\" \/>\n<script type=\"application\/ld+json\" class=\"yoast-schema-graph\">{\"@context\":\"https:\/\/schema.org\",\"@graph\":[{\"@type\":\"Article\",\"@id\":\"https:\/\/noticiasemdestaque.com\/cd\/?p=25514#article\",\"isPartOf\":{\"@id\":\"https:\/\/noticiasemdestaque.com\/cd\/?p=25514\"},\"author\":{\"name\":\"Not\u00edcias em Destaque\",\"@id\":\"https:\/\/noticiasemdestaque.com\/cd\/#\/schema\/person\/21320b03a7e8bb90128938dafc9b908a\"},\"headline\":\"Feira livre de Sum\u00e9 acontece dentro da normalidade e com preven\u00e7\u00e3o ao coronav\u00edrus\",\"datePublished\":\"2020-06-24T20:11:36+00:00\",\"mainEntityOfPage\":{\"@id\":\"https:\/\/noticiasemdestaque.com\/cd\/?p=25514\"},\"wordCount\":317,\"publisher\":{\"@id\":\"https:\/\/noticiasemdestaque.com\/cd\/#organization\"},\"image\":{\"@id\":\"https:\/\/noticiasemdestaque.com\/cd\/?p=25514#primaryimage\"},\"thumbnailUrl\":\"https:\/\/noticiasemdestaque.com\/cd\/wp-content\/uploads\/2020\/06\/85e47ca7-48fc-4b7d-a514-e92c1083592b.jpg\",\"articleSection\":[\"Cidades\"],\"inLanguage\":\"pt-BR\"},{\"@type\":\"WebPage\",\"@id\":\"https:\/\/noticiasemdestaque.com\/cd\/?p=25514\",\"url\":\"https:\/\/noticiasemdestaque.com\/cd\/?p=25514\",\"name\":\"Feira livre de Sum\u00e9 acontece dentro da normalidade e com preven\u00e7\u00e3o ao coronav\u00edrus - Not&iacute;cias em Destaque\",\"isPartOf\":{\"@id\":\"https:\/\/noticiasemdestaque.com\/cd\/#website\"},\"primaryImageOfPage\":{\"@id\":\"https:\/\/noticiasemdestaque.com\/cd\/?p=25514#primaryimage\"},\"image\":{\"@id\":\"https:\/\/noticiasemdestaque.com\/cd\/?p=25514#primaryimage\"},\"thumbnailUrl\":\"https:\/\/noticiasemdestaque.com\/cd\/wp-content\/uploads\/2020\/06\/85e47ca7-48fc-4b7d-a514-e92c1083592b.jpg\",\"datePublished\":\"2020-06-24T20:11:36+00:00\",\"breadcrumb\":{\"@id\":\"https:\/\/noticiasemdestaque.com\/cd\/?p=25514#breadcrumb\"},\"inLanguage\":\"pt-BR\",\"potentialAction\":[{\"@type\":\"ReadAction\",\"target\":[\"https:\/\/noticiasemdestaque.com\/cd\/?p=25514\"]}]},{\"@type\":\"ImageObject\",\"inLanguage\":\"pt-BR\",\"@id\":\"https:\/\/noticiasemdestaque.com\/cd\/?p=25514#primaryimage\",\"url\":\"https:\/\/noticiasemdestaque.com\/cd\/wp-content\/uploads\/2020\/06\/85e47ca7-48fc-4b7d-a514-e92c1083592b.jpg\",\"contentUrl\":\"https:\/\/noticiasemdestaque.com\/cd\/wp-content\/uploads\/2020\/06\/85e47ca7-48fc-4b7d-a514-e92c1083592b.jpg\",\"width\":1280,\"height\":960},{\"@type\":\"BreadcrumbList\",\"@id\":\"https:\/\/noticiasemdestaque.com\/cd\/?p=25514#breadcrumb\",\"itemListElement\":[{\"@type\":\"ListItem\",\"position\":1,\"name\":\"In\u00edcio\",\"item\":\"https:\/\/noticiasemdestaque.com\/cd\/\"},{\"@type\":\"ListItem\",\"position\":2,\"name\":\"Feira livre de Sum\u00e9 acontece dentro da normalidade e com preven\u00e7\u00e3o ao coronav\u00edrus\"}]},{\"@type\":\"WebSite\",\"@id\":\"https:\/\/noticiasemdestaque.com\/cd\/#website\",\"url\":\"https:\/\/noticiasemdestaque.com\/cd\/\",\"name\":\"Not&iacute;cias em Destaque\",\"description\":\"\",\"publisher\":{\"@id\":\"https:\/\/noticiasemdestaque.com\/cd\/#organization\"},\"potentialAction\":[{\"@type\":\"SearchAction\",\"target\":{\"@type\":\"EntryPoint\",\"urlTemplate\":\"https:\/\/noticiasemdestaque.com\/cd\/?s={search_term_string}\"},\"query-input\":{\"@type\":\"PropertyValueSpecification\",\"valueRequired\":true,\"valueName\":\"search_term_string\"}}],\"inLanguage\":\"pt-BR\"},{\"@type\":\"Organization\",\"@id\":\"https:\/\/noticiasemdestaque.com\/cd\/#organization\",\"name\":\"Not\u00edcias em Destaque\",\"url\":\"https:\/\/noticiasemdestaque.com\/cd\/\",\"logo\":{\"@type\":\"ImageObject\",\"inLanguage\":\"pt-BR\",\"@id\":\"https:\/\/noticiasemdestaque.com\/cd\/#\/schema\/logo\/image\/\",\"url\":\"https:\/\/noticiasemdestaque.com\/cd\/wp-content\/uploads\/2022\/05\/imagem-base-noticiasemdestaque.png\",\"contentUrl\":\"https:\/\/noticiasemdestaque.com\/cd\/wp-content\/uploads\/2022\/05\/imagem-base-noticiasemdestaque.png\",\"width\":1200,\"height\":630,\"caption\":\"Not\u00edcias em Destaque\"},\"image\":{\"@id\":\"https:\/\/noticiasemdestaque.com\/cd\/#\/schema\/logo\/image\/\"}},{\"@type\":\"Person\",\"@id\":\"https:\/\/noticiasemdestaque.com\/cd\/#\/schema\/person\/21320b03a7e8bb90128938dafc9b908a\",\"name\":\"Not\u00edcias em Destaque\",\"url\":\"https:\/\/noticiasemdestaque.com\/cd\/?author=2\"}]}<\/script>\n<!-- \/ Yoast SEO plugin. -->","yoast_head_json":{"title":"Feira livre de Sum\u00e9 acontece dentro da normalidade e com preven\u00e7\u00e3o ao coronav\u00edrus - Not&iacute;cias em Destaque","robots":{"index":"index","follow":"follow","max-snippet":"max-snippet:-1","max-image-preview":"max-image-preview:large","max-video-preview":"max-video-preview:-1"},"canonical":"https:\/\/noticiasemdestaque.com\/cd\/?p=25514","og_locale":"pt_BR","og_type":"article","og_title":"Feira livre de Sum\u00e9 acontece dentro da normalidade e com preven\u00e7\u00e3o ao coronav\u00edrus - Not&iacute;cias em Destaque","og_description":"Ap\u00f3s tr\u00eas meses fechada em virtude da pandemia do coronav\u00edrus, a feira livre de Sum\u00e9 foi reaberta nesta segunda-feira (22), apenas para os feirantes do munic\u00edpio e com uma s\u00e9rie de medidas de preven\u00e7\u00e3o ao coronav\u00edrus, coordenada pela secretaria de Sa\u00fade e coordena\u00e7\u00e3o do Mercado P\u00fablico Municipal. Para manter a seguran\u00e7a dos feirantes e dos clientes, uma s\u00e9rie de a\u00e7\u00f5es foram tomadas pela gest\u00e3o municipal, entre elas: \u00a0o fechamento do entorno do mercado possibilitando que o com\u00e9rcio fosse feito apenas no interior do pr\u00e9dio; barreiras na entrada foram colocadas, com verifica\u00e7\u00e3o da temperatura dos clientes, uso obrigat\u00f3rio de m\u00e1scaras para feirantes e clientes. Todas as bancas foram montadas obedecendo o distanciamento m\u00ednimo de 3 metros, bem como a organiza\u00e7\u00e3o das filas com uma dist\u00e2ncia de 2 metros. A equipe da Prefeitura distribuiu ainda \u00e1lcool em gel 70%. O coordenador da Vigil\u00e2ncia Sanit\u00e1ria, Ricardo Morato, disse que a organiza\u00e7\u00e3o da feira livre possibilitou a seguran\u00e7a de feirantes e de clientes. \u201cN\u00f3s limitamos o acesso ao mercado e nas proximidades, as pessoas j\u00e1 s\u00e3o orientadas a usar m\u00e1scara e tamb\u00e9m a fazer a feira de uma forma mais r\u00e1pida para evitar aglomera\u00e7\u00f5es\u201d, disse. A secret\u00e1ria de Sa\u00fade de Sum\u00e9, Alessandra Regina, disse que a opera\u00e7\u00e3o da equipe deu resultado \u201cN\u00e3o tivemos aglomera\u00e7\u00f5es, as pessoas est\u00e3o realizando suas compras de forma r\u00e1pida, orientamos as pessoas e fiscalizamos para que tudo pudesse ocorrer na maior seguran\u00e7a\u201d, disse. Para retomada da feira n\u00e3o foi permitida a abertura de lanchonetes, bares e restaurantes no mercado p\u00fablico, tamb\u00e9m foi disponibilizado lavat\u00f3rios de m\u00e3os para os presentes. Ascom\/PMS","og_url":"https:\/\/noticiasemdestaque.com\/cd\/?p=25514","og_site_name":"Not&iacute;cias em Destaque","article_published_time":"2020-06-24T20:11:36+00:00","og_image":[{"width":1280,"height":960,"url":"https:\/\/noticiasemdestaque.com\/cd\/wp-content\/uploads\/2020\/06\/85e47ca7-48fc-4b7d-a514-e92c1083592b.jpg","type":"image\/jpeg"}],"author":"Not\u00edcias em Destaque","twitter_card":"summary_large_image","twitter_misc":{"Escrito por":"Not\u00edcias em Destaque","Est. tempo de leitura":"2 minutos"},"schema":{"@context":"https:\/\/schema.org","@graph":[{"@type":"Article","@id":"https:\/\/noticiasemdestaque.com\/cd\/?p=25514#article","isPartOf":{"@id":"https:\/\/noticiasemdestaque.com\/cd\/?p=25514"},"author":{"name":"Not\u00edcias em Destaque","@id":"https:\/\/noticiasemdestaque.com\/cd\/#\/schema\/person\/21320b03a7e8bb90128938dafc9b908a"},"headline":"Feira livre de Sum\u00e9 acontece dentro da normalidade e com preven\u00e7\u00e3o ao coronav\u00edrus","datePublished":"2020-06-24T20:11:36+00:00","mainEntityOfPage":{"@id":"https:\/\/noticiasemdestaque.com\/cd\/?p=25514"},"wordCount":317,"publisher":{"@id":"https:\/\/noticiasemdestaque.com\/cd\/#organization"},"image":{"@id":"https:\/\/noticiasemdestaque.com\/cd\/?p=25514#primaryimage"},"thumbnailUrl":"https:\/\/noticiasemdestaque.com\/cd\/wp-content\/uploads\/2020\/06\/85e47ca7-48fc-4b7d-a514-e92c1083592b.jpg","articleSection":["Cidades"],"inLanguage":"pt-BR"},{"@type":"WebPage","@id":"https:\/\/noticiasemdestaque.com\/cd\/?p=25514","url":"https:\/\/noticiasemdestaque.com\/cd\/?p=25514","name":"Feira livre de Sum\u00e9 acontece dentro da normalidade e com preven\u00e7\u00e3o ao coronav\u00edrus - Not&iacute;cias em Destaque","isPartOf":{"@id":"https:\/\/noticiasemdestaque.com\/cd\/#website"},"primaryImageOfPage":{"@id":"https:\/\/noticiasemdestaque.com\/cd\/?p=25514#primaryimage"},"image":{"@id":"https:\/\/noticiasemdestaque.com\/cd\/?p=25514#primaryimage"},"thumbnailUrl":"https:\/\/noticiasemdestaque.com\/cd\/wp-content\/uploads\/2020\/06\/85e47ca7-48fc-4b7d-a514-e92c1083592b.jpg","datePublished":"2020-06-24T20:11:36+00:00","breadcrumb":{"@id":"https:\/\/noticiasemdestaque.com\/cd\/?p=25514#breadcrumb"},"inLanguage":"pt-BR","potentialAction":[{"@type":"ReadAction","target":["https:\/\/noticiasemdestaque.com\/cd\/?p=25514"]}]},{"@type":"ImageObject","inLanguage":"pt-BR","@id":"https:\/\/noticiasemdestaque.com\/cd\/?p=25514#primaryimage","url":"https:\/\/noticiasemdestaque.com\/cd\/wp-content\/uploads\/2020\/06\/85e47ca7-48fc-4b7d-a514-e92c1083592b.jpg","contentUrl":"https:\/\/noticiasemdestaque.com\/cd\/wp-content\/uploads\/2020\/06\/85e47ca7-48fc-4b7d-a514-e92c1083592b.jpg","width":1280,"height":960},{"@type":"BreadcrumbList","@id":"https:\/\/noticiasemdestaque.com\/cd\/?p=25514#breadcrumb","itemListElement":[{"@type":"ListItem","position":1,"name":"In\u00edcio","item":"https:\/\/noticiasemdestaque.com\/cd\/"},{"@type":"ListItem","position":2,"name":"Feira livre de Sum\u00e9 acontece dentro da normalidade e com preven\u00e7\u00e3o ao coronav\u00edrus"}]},{"@type":"WebSite","@id":"https:\/\/noticiasemdestaque.com\/cd\/#website","url":"https:\/\/noticiasemdestaque.com\/cd\/","name":"Not&iacute;cias em Destaque","description":"","publisher":{"@id":"https:\/\/noticiasemdestaque.com\/cd\/#organization"},"potentialAction":[{"@type":"SearchAction","target":{"@type":"EntryPoint","urlTemplate":"https:\/\/noticiasemdestaque.com\/cd\/?s={search_term_string}"},"query-input":{"@type":"PropertyValueSpecification","valueRequired":true,"valueName":"search_term_string"}}],"inLanguage":"pt-BR"},{"@type":"Organization","@id":"https:\/\/noticiasemdestaque.com\/cd\/#organization","name":"Not\u00edcias em Destaque","url":"https:\/\/noticiasemdestaque.com\/cd\/","logo":{"@type":"ImageObject","inLanguage":"pt-BR","@id":"https:\/\/noticiasemdestaque.com\/cd\/#\/schema\/logo\/image\/","url":"https:\/\/noticiasemdestaque.com\/cd\/wp-content\/uploads\/2022\/05\/imagem-base-noticiasemdestaque.png","contentUrl":"https:\/\/noticiasemdestaque.com\/cd\/wp-content\/uploads\/2022\/05\/imagem-base-noticiasemdestaque.png","width":1200,"height":630,"caption":"Not\u00edcias em Destaque"},"image":{"@id":"https:\/\/noticiasemdestaque.com\/cd\/#\/schema\/logo\/image\/"}},{"@type":"Person","@id":"https:\/\/noticiasemdestaque.com\/cd\/#\/schema\/person\/21320b03a7e8bb90128938dafc9b908a","name":"Not\u00edcias em Destaque","url":"https:\/\/noticiasemdestaque.com\/cd\/?author=2"}]}},"jetpack_featured_media_url":"https:\/\/noticiasemdestaque.com\/cd\/wp-content\/uploads\/2020\/06\/85e47ca7-48fc-4b7d-a514-e92c1083592b.jpg","jetpack_sharing_enabled":true,"_links":{"self":[{"href":"https:\/\/noticiasemdestaque.com\/cd\/index.php?rest_route=\/wp\/v2\/posts\/25514","targetHints":{"allow":["GET"]}}],"collection":[{"href":"https:\/\/noticiasemdestaque.com\/cd\/index.php?rest_route=\/wp\/v2\/posts"}],"about":[{"href":"https:\/\/noticiasemdestaque.com\/cd\/index.php?rest_route=\/wp\/v2\/types\/post"}],"author":[{"embeddable":true,"href":"https:\/\/noticiasemdestaque.com\/cd\/index.php?rest_route=\/wp\/v2\/users\/2"}],"replies":[{"embeddable":true,"href":"https:\/\/noticiasemdestaque.com\/cd\/index.php?rest_route=%2Fwp%2Fv2%2Fcomments&post=25514"}],"version-history":[{"count":1,"href":"https:\/\/noticiasemdestaque.com\/cd\/index.php?rest_route=\/wp\/v2\/posts\/25514\/revisions"}],"predecessor-version":[{"id":25517,"href":"https:\/\/noticiasemdestaque.com\/cd\/index.php?rest_route=\/wp\/v2\/posts\/25514\/revisions\/25517"}],"wp:featuredmedia":[{"embeddable":true,"href":"https:\/\/noticiasemdestaque.com\/cd\/index.php?rest_route=\/wp\/v2\/media\/25516"}],"wp:attachment":[{"href":"https:\/\/noticiasemdestaque.com\/cd\/index.php?rest_route=%2Fwp%2Fv2%2Fmedia&parent=25514"}],"wp:term":[{"taxonomy":"category","embeddable":true,"href":"https:\/\/noticiasemdestaque.com\/cd\/index.php?rest_route=%2Fwp%2Fv2%2Fcategories&post=25514"},{"taxonomy":"post_tag","embeddable":true,"href":"https:\/\/noticiasemdestaque.com\/cd\/index.php?rest_route=%2Fwp%2Fv2%2Ftags&post=25514"}],"curies":[{"name":"wp","href":"https:\/\/api.w.org\/{rel}","templated":true}]}}