{"id":25510,"date":"2020-06-24T17:07:49","date_gmt":"2020-06-24T20:07:49","guid":{"rendered":"http:\/\/noticiasemdestaque.com\/cd\/?p=25510"},"modified":"2020-06-24T17:07:49","modified_gmt":"2020-06-24T20:07:49","slug":"em-sume-scfv-e-projeto-monica-se-adaptam-a-nova-rotina-de-atividades-virtuais","status":"publish","type":"post","link":"https:\/\/noticiasemdestaque.com\/cd\/?p=25510","title":{"rendered":"Em Sum\u00e9: SCFV e Projeto M\u00f4nica se adaptam \u00e0 nova rotina de atividades virtuais"},"content":{"rendered":"<p style=\"font-weight: 400;\"><a href=\"https:\/\/noticiasemdestaque.com\/cd\/wp-content\/uploads\/2020\/06\/WhatsApp-Image-2020-06-23-at-11.47.59.jpeg\"><img fetchpriority=\"high\" decoding=\"async\" class=\"wp-image-25512 aligncenter\" src=\"https:\/\/noticiasemdestaque.com\/cd\/wp-content\/uploads\/2020\/06\/WhatsApp-Image-2020-06-23-at-11.47.59-1024x1012.jpeg\" alt=\"\" width=\"378\" height=\"373\" srcset=\"https:\/\/noticiasemdestaque.com\/cd\/wp-content\/uploads\/2020\/06\/WhatsApp-Image-2020-06-23-at-11.47.59-1024x1012.jpeg 1024w, https:\/\/noticiasemdestaque.com\/cd\/wp-content\/uploads\/2020\/06\/WhatsApp-Image-2020-06-23-at-11.47.59-300x296.jpeg 300w, https:\/\/noticiasemdestaque.com\/cd\/wp-content\/uploads\/2020\/06\/WhatsApp-Image-2020-06-23-at-11.47.59-768x759.jpeg 768w, https:\/\/noticiasemdestaque.com\/cd\/wp-content\/uploads\/2020\/06\/WhatsApp-Image-2020-06-23-at-11.47.59.jpeg 1066w\" sizes=\"(max-width: 378px) 100vw, 378px\" \/><\/a><\/p>\n<p style=\"font-weight: 400;\">A Secretaria de Assist\u00eancia Social comemora os bons resultados das atividades virtuais que est\u00e3o acontecendo com as crian\u00e7as e adolescentes do Projeto M\u00f4nica e dos Servi\u00e7os de Conviv\u00eancia e Fortalecimento de V\u00ednculos (SCFV).<\/p>\n<p style=\"font-weight: 400;\">Em virtude da pandemia causada pelo coronav\u00edrus, as atividades presenciais dos SCFV e do Projeto M\u00f4nica est\u00e3o suspensas, para que os usu\u00e1rios destes servi\u00e7os n\u00e3o ficassem sem receber atendimento, a Secretaria de Assist\u00eancia Social de Sum\u00e9 adaptou as atividades para atend\u00ea-los e os dois programas est\u00e3o participando de forma conjunta com aulas virtuais.<\/p>\n<p style=\"font-weight: 400;\"><a href=\"https:\/\/noticiasemdestaque.com\/cd\/wp-content\/uploads\/2020\/06\/WhatsApp-Image-2020-06-22-at-10.12.24-5.jpeg\"><img decoding=\"async\" class=\"wp-image-25511 alignleft\" src=\"https:\/\/noticiasemdestaque.com\/cd\/wp-content\/uploads\/2020\/06\/WhatsApp-Image-2020-06-22-at-10.12.24-5-768x1024.jpeg\" alt=\"\" width=\"312\" height=\"416\" srcset=\"https:\/\/noticiasemdestaque.com\/cd\/wp-content\/uploads\/2020\/06\/WhatsApp-Image-2020-06-22-at-10.12.24-5-768x1024.jpeg 768w, https:\/\/noticiasemdestaque.com\/cd\/wp-content\/uploads\/2020\/06\/WhatsApp-Image-2020-06-22-at-10.12.24-5-225x300.jpeg 225w, https:\/\/noticiasemdestaque.com\/cd\/wp-content\/uploads\/2020\/06\/WhatsApp-Image-2020-06-22-at-10.12.24-5.jpeg 864w\" sizes=\"(max-width: 312px) 100vw, 312px\" \/><\/a>Os alunos est\u00e3o participando de acordo com o consentimento dos pais ou respons\u00e1veis. De 80 participantes do Projeto M\u00f4nica, 48 est\u00e3o realizando as atividades.<\/p>\n<p style=\"font-weight: 400;\">Os professores gravam as v\u00eddeo aulas e encaminham para os usu\u00e1rios. No grupo de whatsapp s\u00e3o respondidos os questionamentos e esclarecidas as d\u00favidas. Os alunos respondem as atividades por meio de v\u00eddeos ou fotos. As tarefas realizadas s\u00e3o art\u00edsticas, recreativas e sociais, com oficinas de artes, m\u00fasica e esportes. Os kits para a realiza\u00e7\u00e3o das atividades s\u00e3o entregues na casa de cada usu\u00e1rio pelas equipes dos programas.<\/p>\n<p style=\"font-weight: 400;\">Algumas m\u00e3es de crian\u00e7as relataram como tem sido a experi\u00eancia. Rosana, m\u00e3e de Kaio Kallyel, uma das crian\u00e7as frequentadoras do Projeto Monica, disse que o filho est\u00e1 gostando muito das atividades e do material recebido. Maiara, m\u00e3e de outra crian\u00e7a do projeto, tamb\u00e9m informou que o filho est\u00e1 gostando da experi\u00eancia e que ela o ajuda a fazer as atividades quando ele precisa. \u201cS\u00e3o excelentes as aulas, estou gostando bastante, tem ocupado a mente de meu filho, agrade\u00e7o muito ao Projeto M\u00f4nica\u201d, disse.<\/p>\n<p style=\"font-weight: 400;\">\u201cEstamos vivendo um momento desafiador, profissionais das mais diversas a\u00e9reas, professores, pais, m\u00e3es e alunos est\u00e3o tendo que se adaptar nesse momento. Temos que fazer o que \u00e9 poss\u00edvel, respeitando o tempo dos pais, das crian\u00e7as e as suas condicionalidades. O resultado t\u00e1 sendo proveitoso com o engajamento de todos que aceitaram esse desafio\u201d, avaliou a secret\u00e1ria de Assist\u00eancia Social, Tanniery Lela.<\/p>\n<p style=\"font-weight: 400;\">Ascom PMS<\/p>\n","protected":false},"excerpt":{"rendered":"<p>A Secretaria de Assist\u00eancia Social comemora os bons resultados das atividades virtuais que est\u00e3o acontecendo com as crian\u00e7as e adolescentes do Projeto M\u00f4nica e dos Servi\u00e7os de Conviv\u00eancia e Fortalecimento de V\u00ednculos (SCFV). Em virtude da pandemia causada pelo coronav\u00edrus, as atividades presenciais dos SCFV e do Projeto M\u00f4nica est\u00e3o suspensas, para que os usu\u00e1rios destes servi\u00e7os n\u00e3o ficassem sem receber atendimento, a Secretaria de Assist\u00eancia Social de Sum\u00e9 adaptou as atividades para atend\u00ea-los e os dois programas est\u00e3o participando de forma conjunta com aulas virtuais. Os alunos est\u00e3o participando de acordo com o consentimento dos pais ou respons\u00e1veis. De 80 participantes do Projeto M\u00f4nica, 48 est\u00e3o realizando as atividades. Os professores gravam as v\u00eddeo aulas e encaminham para os usu\u00e1rios. No grupo de whatsapp s\u00e3o respondidos os questionamentos e esclarecidas as d\u00favidas. Os alunos respondem as atividades por meio de v\u00eddeos ou fotos. As tarefas realizadas s\u00e3o art\u00edsticas, recreativas e sociais, com oficinas de artes, m\u00fasica e esportes. Os kits para a realiza\u00e7\u00e3o das atividades s\u00e3o entregues na casa de cada usu\u00e1rio pelas equipes dos programas. Algumas m\u00e3es de crian\u00e7as relataram como tem sido a experi\u00eancia. Rosana, m\u00e3e de Kaio Kallyel, uma das crian\u00e7as frequentadoras do Projeto Monica, disse que o filho est\u00e1 gostando muito das atividades e do material recebido. Maiara, m\u00e3e de outra crian\u00e7a do projeto, tamb\u00e9m informou que o filho est\u00e1 gostando da experi\u00eancia e que ela o ajuda a fazer as atividades quando ele precisa. \u201cS\u00e3o excelentes as aulas, estou gostando bastante, tem ocupado a mente de meu filho, agrade\u00e7o muito ao Projeto M\u00f4nica\u201d, disse. \u201cEstamos vivendo um momento desafiador, profissionais das mais diversas a\u00e9reas, professores, pais, m\u00e3es e alunos est\u00e3o tendo que se adaptar nesse momento. Temos que fazer o que \u00e9 poss\u00edvel, respeitando o tempo dos pais, das crian\u00e7as e as suas condicionalidades. O resultado t\u00e1 sendo proveitoso com o engajamento de todos que aceitaram esse desafio\u201d, avaliou a secret\u00e1ria de Assist\u00eancia Social, Tanniery Lela. Ascom PMS<\/p>\n","protected":false},"author":2,"featured_media":25512,"comment_status":"closed","ping_status":"open","sticky":false,"template":"","format":"standard","meta":{"_eb_attr":"","_jetpack_memberships_contains_paid_content":false,"footnotes":""},"categories":[6],"tags":[],"class_list":["post-25510","post","type-post","status-publish","format-standard","has-post-thumbnail","hentry","category-educacao"],"yoast_head":"<!-- This site is optimized with the Yoast SEO plugin v26.5 - https:\/\/yoast.com\/wordpress\/plugins\/seo\/ -->\n<title>Em Sum\u00e9: SCFV e Projeto M\u00f4nica se adaptam \u00e0 nova rotina de atividades virtuais - Not&iacute;cias em Destaque<\/title>\n<meta name=\"robots\" content=\"index, follow, max-snippet:-1, max-image-preview:large, max-video-preview:-1\" \/>\n<link rel=\"canonical\" href=\"https:\/\/noticiasemdestaque.com\/cd\/?p=25510\" \/>\n<meta property=\"og:locale\" content=\"pt_BR\" \/>\n<meta property=\"og:type\" content=\"article\" \/>\n<meta property=\"og:title\" content=\"Em Sum\u00e9: SCFV e Projeto M\u00f4nica se adaptam \u00e0 nova rotina de atividades virtuais - Not&iacute;cias em Destaque\" \/>\n<meta property=\"og:description\" content=\"A Secretaria de Assist\u00eancia Social comemora os bons resultados das atividades virtuais que est\u00e3o acontecendo com as crian\u00e7as e adolescentes do Projeto M\u00f4nica e dos Servi\u00e7os de Conviv\u00eancia e Fortalecimento de V\u00ednculos (SCFV). Em virtude da pandemia causada pelo coronav\u00edrus, as atividades presenciais dos SCFV e do Projeto M\u00f4nica est\u00e3o suspensas, para que os usu\u00e1rios destes servi\u00e7os n\u00e3o ficassem sem receber atendimento, a Secretaria de Assist\u00eancia Social de Sum\u00e9 adaptou as atividades para atend\u00ea-los e os dois programas est\u00e3o participando de forma conjunta com aulas virtuais. Os alunos est\u00e3o participando de acordo com o consentimento dos pais ou respons\u00e1veis. De 80 participantes do Projeto M\u00f4nica, 48 est\u00e3o realizando as atividades. Os professores gravam as v\u00eddeo aulas e encaminham para os usu\u00e1rios. No grupo de whatsapp s\u00e3o respondidos os questionamentos e esclarecidas as d\u00favidas. Os alunos respondem as atividades por meio de v\u00eddeos ou fotos. As tarefas realizadas s\u00e3o art\u00edsticas, recreativas e sociais, com oficinas de artes, m\u00fasica e esportes. Os kits para a realiza\u00e7\u00e3o das atividades s\u00e3o entregues na casa de cada usu\u00e1rio pelas equipes dos programas. Algumas m\u00e3es de crian\u00e7as relataram como tem sido a experi\u00eancia. Rosana, m\u00e3e de Kaio Kallyel, uma das crian\u00e7as frequentadoras do Projeto Monica, disse que o filho est\u00e1 gostando muito das atividades e do material recebido. Maiara, m\u00e3e de outra crian\u00e7a do projeto, tamb\u00e9m informou que o filho est\u00e1 gostando da experi\u00eancia e que ela o ajuda a fazer as atividades quando ele precisa. \u201cS\u00e3o excelentes as aulas, estou gostando bastante, tem ocupado a mente de meu filho, agrade\u00e7o muito ao Projeto M\u00f4nica\u201d, disse. \u201cEstamos vivendo um momento desafiador, profissionais das mais diversas a\u00e9reas, professores, pais, m\u00e3es e alunos est\u00e3o tendo que se adaptar nesse momento. Temos que fazer o que \u00e9 poss\u00edvel, respeitando o tempo dos pais, das crian\u00e7as e as suas condicionalidades. O resultado t\u00e1 sendo proveitoso com o engajamento de todos que aceitaram esse desafio\u201d, avaliou a secret\u00e1ria de Assist\u00eancia Social, Tanniery Lela. Ascom PMS\" \/>\n<meta property=\"og:url\" content=\"https:\/\/noticiasemdestaque.com\/cd\/?p=25510\" \/>\n<meta property=\"og:site_name\" content=\"Not&iacute;cias em Destaque\" \/>\n<meta property=\"article:published_time\" content=\"2020-06-24T20:07:49+00:00\" \/>\n<meta property=\"og:image\" content=\"https:\/\/noticiasemdestaque.com\/cd\/wp-content\/uploads\/2020\/06\/WhatsApp-Image-2020-06-23-at-11.47.59.jpeg\" \/>\n\t<meta property=\"og:image:width\" content=\"1066\" \/>\n\t<meta property=\"og:image:height\" content=\"1053\" \/>\n\t<meta property=\"og:image:type\" content=\"image\/jpeg\" \/>\n<meta name=\"author\" content=\"Not\u00edcias em Destaque\" \/>\n<meta name=\"twitter:card\" content=\"summary_large_image\" \/>\n<meta name=\"twitter:label1\" content=\"Escrito por\" \/>\n\t<meta name=\"twitter:data1\" content=\"Not\u00edcias em Destaque\" \/>\n\t<meta name=\"twitter:label2\" content=\"Est. tempo de leitura\" \/>\n\t<meta name=\"twitter:data2\" content=\"2 minutos\" \/>\n<script type=\"application\/ld+json\" class=\"yoast-schema-graph\">{\"@context\":\"https:\/\/schema.org\",\"@graph\":[{\"@type\":\"Article\",\"@id\":\"https:\/\/noticiasemdestaque.com\/cd\/?p=25510#article\",\"isPartOf\":{\"@id\":\"https:\/\/noticiasemdestaque.com\/cd\/?p=25510\"},\"author\":{\"name\":\"Not\u00edcias em Destaque\",\"@id\":\"https:\/\/noticiasemdestaque.com\/cd\/#\/schema\/person\/21320b03a7e8bb90128938dafc9b908a\"},\"headline\":\"Em Sum\u00e9: SCFV e Projeto M\u00f4nica se adaptam \u00e0 nova rotina de atividades virtuais\",\"datePublished\":\"2020-06-24T20:07:49+00:00\",\"mainEntityOfPage\":{\"@id\":\"https:\/\/noticiasemdestaque.com\/cd\/?p=25510\"},\"wordCount\":385,\"publisher\":{\"@id\":\"https:\/\/noticiasemdestaque.com\/cd\/#organization\"},\"image\":{\"@id\":\"https:\/\/noticiasemdestaque.com\/cd\/?p=25510#primaryimage\"},\"thumbnailUrl\":\"https:\/\/noticiasemdestaque.com\/cd\/wp-content\/uploads\/2020\/06\/WhatsApp-Image-2020-06-23-at-11.47.59.jpeg\",\"articleSection\":[\"Educa\u00e7\u00e3o\"],\"inLanguage\":\"pt-BR\"},{\"@type\":\"WebPage\",\"@id\":\"https:\/\/noticiasemdestaque.com\/cd\/?p=25510\",\"url\":\"https:\/\/noticiasemdestaque.com\/cd\/?p=25510\",\"name\":\"Em Sum\u00e9: SCFV e Projeto M\u00f4nica se adaptam \u00e0 nova rotina de atividades virtuais - Not&iacute;cias em Destaque\",\"isPartOf\":{\"@id\":\"https:\/\/noticiasemdestaque.com\/cd\/#website\"},\"primaryImageOfPage\":{\"@id\":\"https:\/\/noticiasemdestaque.com\/cd\/?p=25510#primaryimage\"},\"image\":{\"@id\":\"https:\/\/noticiasemdestaque.com\/cd\/?p=25510#primaryimage\"},\"thumbnailUrl\":\"https:\/\/noticiasemdestaque.com\/cd\/wp-content\/uploads\/2020\/06\/WhatsApp-Image-2020-06-23-at-11.47.59.jpeg\",\"datePublished\":\"2020-06-24T20:07:49+00:00\",\"breadcrumb\":{\"@id\":\"https:\/\/noticiasemdestaque.com\/cd\/?p=25510#breadcrumb\"},\"inLanguage\":\"pt-BR\",\"potentialAction\":[{\"@type\":\"ReadAction\",\"target\":[\"https:\/\/noticiasemdestaque.com\/cd\/?p=25510\"]}]},{\"@type\":\"ImageObject\",\"inLanguage\":\"pt-BR\",\"@id\":\"https:\/\/noticiasemdestaque.com\/cd\/?p=25510#primaryimage\",\"url\":\"https:\/\/noticiasemdestaque.com\/cd\/wp-content\/uploads\/2020\/06\/WhatsApp-Image-2020-06-23-at-11.47.59.jpeg\",\"contentUrl\":\"https:\/\/noticiasemdestaque.com\/cd\/wp-content\/uploads\/2020\/06\/WhatsApp-Image-2020-06-23-at-11.47.59.jpeg\",\"width\":1066,\"height\":1053},{\"@type\":\"BreadcrumbList\",\"@id\":\"https:\/\/noticiasemdestaque.com\/cd\/?p=25510#breadcrumb\",\"itemListElement\":[{\"@type\":\"ListItem\",\"position\":1,\"name\":\"In\u00edcio\",\"item\":\"https:\/\/noticiasemdestaque.com\/cd\/\"},{\"@type\":\"ListItem\",\"position\":2,\"name\":\"Em Sum\u00e9: SCFV e Projeto M\u00f4nica se adaptam \u00e0 nova rotina de atividades virtuais\"}]},{\"@type\":\"WebSite\",\"@id\":\"https:\/\/noticiasemdestaque.com\/cd\/#website\",\"url\":\"https:\/\/noticiasemdestaque.com\/cd\/\",\"name\":\"Not&iacute;cias em Destaque\",\"description\":\"\",\"publisher\":{\"@id\":\"https:\/\/noticiasemdestaque.com\/cd\/#organization\"},\"potentialAction\":[{\"@type\":\"SearchAction\",\"target\":{\"@type\":\"EntryPoint\",\"urlTemplate\":\"https:\/\/noticiasemdestaque.com\/cd\/?s={search_term_string}\"},\"query-input\":{\"@type\":\"PropertyValueSpecification\",\"valueRequired\":true,\"valueName\":\"search_term_string\"}}],\"inLanguage\":\"pt-BR\"},{\"@type\":\"Organization\",\"@id\":\"https:\/\/noticiasemdestaque.com\/cd\/#organization\",\"name\":\"Not\u00edcias em Destaque\",\"url\":\"https:\/\/noticiasemdestaque.com\/cd\/\",\"logo\":{\"@type\":\"ImageObject\",\"inLanguage\":\"pt-BR\",\"@id\":\"https:\/\/noticiasemdestaque.com\/cd\/#\/schema\/logo\/image\/\",\"url\":\"https:\/\/noticiasemdestaque.com\/cd\/wp-content\/uploads\/2022\/05\/imagem-base-noticiasemdestaque.png\",\"contentUrl\":\"https:\/\/noticiasemdestaque.com\/cd\/wp-content\/uploads\/2022\/05\/imagem-base-noticiasemdestaque.png\",\"width\":1200,\"height\":630,\"caption\":\"Not\u00edcias em Destaque\"},\"image\":{\"@id\":\"https:\/\/noticiasemdestaque.com\/cd\/#\/schema\/logo\/image\/\"}},{\"@type\":\"Person\",\"@id\":\"https:\/\/noticiasemdestaque.com\/cd\/#\/schema\/person\/21320b03a7e8bb90128938dafc9b908a\",\"name\":\"Not\u00edcias em Destaque\",\"url\":\"https:\/\/noticiasemdestaque.com\/cd\/?author=2\"}]}<\/script>\n<!-- \/ Yoast SEO plugin. -->","yoast_head_json":{"title":"Em Sum\u00e9: SCFV e Projeto M\u00f4nica se adaptam \u00e0 nova rotina de atividades virtuais - Not&iacute;cias em Destaque","robots":{"index":"index","follow":"follow","max-snippet":"max-snippet:-1","max-image-preview":"max-image-preview:large","max-video-preview":"max-video-preview:-1"},"canonical":"https:\/\/noticiasemdestaque.com\/cd\/?p=25510","og_locale":"pt_BR","og_type":"article","og_title":"Em Sum\u00e9: SCFV e Projeto M\u00f4nica se adaptam \u00e0 nova rotina de atividades virtuais - Not&iacute;cias em Destaque","og_description":"A Secretaria de Assist\u00eancia Social comemora os bons resultados das atividades virtuais que est\u00e3o acontecendo com as crian\u00e7as e adolescentes do Projeto M\u00f4nica e dos Servi\u00e7os de Conviv\u00eancia e Fortalecimento de V\u00ednculos (SCFV). Em virtude da pandemia causada pelo coronav\u00edrus, as atividades presenciais dos SCFV e do Projeto M\u00f4nica est\u00e3o suspensas, para que os usu\u00e1rios destes servi\u00e7os n\u00e3o ficassem sem receber atendimento, a Secretaria de Assist\u00eancia Social de Sum\u00e9 adaptou as atividades para atend\u00ea-los e os dois programas est\u00e3o participando de forma conjunta com aulas virtuais. Os alunos est\u00e3o participando de acordo com o consentimento dos pais ou respons\u00e1veis. De 80 participantes do Projeto M\u00f4nica, 48 est\u00e3o realizando as atividades. Os professores gravam as v\u00eddeo aulas e encaminham para os usu\u00e1rios. No grupo de whatsapp s\u00e3o respondidos os questionamentos e esclarecidas as d\u00favidas. Os alunos respondem as atividades por meio de v\u00eddeos ou fotos. As tarefas realizadas s\u00e3o art\u00edsticas, recreativas e sociais, com oficinas de artes, m\u00fasica e esportes. Os kits para a realiza\u00e7\u00e3o das atividades s\u00e3o entregues na casa de cada usu\u00e1rio pelas equipes dos programas. Algumas m\u00e3es de crian\u00e7as relataram como tem sido a experi\u00eancia. Rosana, m\u00e3e de Kaio Kallyel, uma das crian\u00e7as frequentadoras do Projeto Monica, disse que o filho est\u00e1 gostando muito das atividades e do material recebido. Maiara, m\u00e3e de outra crian\u00e7a do projeto, tamb\u00e9m informou que o filho est\u00e1 gostando da experi\u00eancia e que ela o ajuda a fazer as atividades quando ele precisa. \u201cS\u00e3o excelentes as aulas, estou gostando bastante, tem ocupado a mente de meu filho, agrade\u00e7o muito ao Projeto M\u00f4nica\u201d, disse. \u201cEstamos vivendo um momento desafiador, profissionais das mais diversas a\u00e9reas, professores, pais, m\u00e3es e alunos est\u00e3o tendo que se adaptar nesse momento. Temos que fazer o que \u00e9 poss\u00edvel, respeitando o tempo dos pais, das crian\u00e7as e as suas condicionalidades. O resultado t\u00e1 sendo proveitoso com o engajamento de todos que aceitaram esse desafio\u201d, avaliou a secret\u00e1ria de Assist\u00eancia Social, Tanniery Lela. Ascom PMS","og_url":"https:\/\/noticiasemdestaque.com\/cd\/?p=25510","og_site_name":"Not&iacute;cias em Destaque","article_published_time":"2020-06-24T20:07:49+00:00","og_image":[{"width":1066,"height":1053,"url":"https:\/\/noticiasemdestaque.com\/cd\/wp-content\/uploads\/2020\/06\/WhatsApp-Image-2020-06-23-at-11.47.59.jpeg","type":"image\/jpeg"}],"author":"Not\u00edcias em Destaque","twitter_card":"summary_large_image","twitter_misc":{"Escrito por":"Not\u00edcias em Destaque","Est. tempo de leitura":"2 minutos"},"schema":{"@context":"https:\/\/schema.org","@graph":[{"@type":"Article","@id":"https:\/\/noticiasemdestaque.com\/cd\/?p=25510#article","isPartOf":{"@id":"https:\/\/noticiasemdestaque.com\/cd\/?p=25510"},"author":{"name":"Not\u00edcias em Destaque","@id":"https:\/\/noticiasemdestaque.com\/cd\/#\/schema\/person\/21320b03a7e8bb90128938dafc9b908a"},"headline":"Em Sum\u00e9: SCFV e Projeto M\u00f4nica se adaptam \u00e0 nova rotina de atividades virtuais","datePublished":"2020-06-24T20:07:49+00:00","mainEntityOfPage":{"@id":"https:\/\/noticiasemdestaque.com\/cd\/?p=25510"},"wordCount":385,"publisher":{"@id":"https:\/\/noticiasemdestaque.com\/cd\/#organization"},"image":{"@id":"https:\/\/noticiasemdestaque.com\/cd\/?p=25510#primaryimage"},"thumbnailUrl":"https:\/\/noticiasemdestaque.com\/cd\/wp-content\/uploads\/2020\/06\/WhatsApp-Image-2020-06-23-at-11.47.59.jpeg","articleSection":["Educa\u00e7\u00e3o"],"inLanguage":"pt-BR"},{"@type":"WebPage","@id":"https:\/\/noticiasemdestaque.com\/cd\/?p=25510","url":"https:\/\/noticiasemdestaque.com\/cd\/?p=25510","name":"Em Sum\u00e9: SCFV e Projeto M\u00f4nica se adaptam \u00e0 nova rotina de atividades virtuais - Not&iacute;cias em Destaque","isPartOf":{"@id":"https:\/\/noticiasemdestaque.com\/cd\/#website"},"primaryImageOfPage":{"@id":"https:\/\/noticiasemdestaque.com\/cd\/?p=25510#primaryimage"},"image":{"@id":"https:\/\/noticiasemdestaque.com\/cd\/?p=25510#primaryimage"},"thumbnailUrl":"https:\/\/noticiasemdestaque.com\/cd\/wp-content\/uploads\/2020\/06\/WhatsApp-Image-2020-06-23-at-11.47.59.jpeg","datePublished":"2020-06-24T20:07:49+00:00","breadcrumb":{"@id":"https:\/\/noticiasemdestaque.com\/cd\/?p=25510#breadcrumb"},"inLanguage":"pt-BR","potentialAction":[{"@type":"ReadAction","target":["https:\/\/noticiasemdestaque.com\/cd\/?p=25510"]}]},{"@type":"ImageObject","inLanguage":"pt-BR","@id":"https:\/\/noticiasemdestaque.com\/cd\/?p=25510#primaryimage","url":"https:\/\/noticiasemdestaque.com\/cd\/wp-content\/uploads\/2020\/06\/WhatsApp-Image-2020-06-23-at-11.47.59.jpeg","contentUrl":"https:\/\/noticiasemdestaque.com\/cd\/wp-content\/uploads\/2020\/06\/WhatsApp-Image-2020-06-23-at-11.47.59.jpeg","width":1066,"height":1053},{"@type":"BreadcrumbList","@id":"https:\/\/noticiasemdestaque.com\/cd\/?p=25510#breadcrumb","itemListElement":[{"@type":"ListItem","position":1,"name":"In\u00edcio","item":"https:\/\/noticiasemdestaque.com\/cd\/"},{"@type":"ListItem","position":2,"name":"Em Sum\u00e9: SCFV e Projeto M\u00f4nica se adaptam \u00e0 nova rotina de atividades virtuais"}]},{"@type":"WebSite","@id":"https:\/\/noticiasemdestaque.com\/cd\/#website","url":"https:\/\/noticiasemdestaque.com\/cd\/","name":"Not&iacute;cias em Destaque","description":"","publisher":{"@id":"https:\/\/noticiasemdestaque.com\/cd\/#organization"},"potentialAction":[{"@type":"SearchAction","target":{"@type":"EntryPoint","urlTemplate":"https:\/\/noticiasemdestaque.com\/cd\/?s={search_term_string}"},"query-input":{"@type":"PropertyValueSpecification","valueRequired":true,"valueName":"search_term_string"}}],"inLanguage":"pt-BR"},{"@type":"Organization","@id":"https:\/\/noticiasemdestaque.com\/cd\/#organization","name":"Not\u00edcias em Destaque","url":"https:\/\/noticiasemdestaque.com\/cd\/","logo":{"@type":"ImageObject","inLanguage":"pt-BR","@id":"https:\/\/noticiasemdestaque.com\/cd\/#\/schema\/logo\/image\/","url":"https:\/\/noticiasemdestaque.com\/cd\/wp-content\/uploads\/2022\/05\/imagem-base-noticiasemdestaque.png","contentUrl":"https:\/\/noticiasemdestaque.com\/cd\/wp-content\/uploads\/2022\/05\/imagem-base-noticiasemdestaque.png","width":1200,"height":630,"caption":"Not\u00edcias em Destaque"},"image":{"@id":"https:\/\/noticiasemdestaque.com\/cd\/#\/schema\/logo\/image\/"}},{"@type":"Person","@id":"https:\/\/noticiasemdestaque.com\/cd\/#\/schema\/person\/21320b03a7e8bb90128938dafc9b908a","name":"Not\u00edcias em Destaque","url":"https:\/\/noticiasemdestaque.com\/cd\/?author=2"}]}},"jetpack_featured_media_url":"https:\/\/noticiasemdestaque.com\/cd\/wp-content\/uploads\/2020\/06\/WhatsApp-Image-2020-06-23-at-11.47.59.jpeg","jetpack_sharing_enabled":true,"_links":{"self":[{"href":"https:\/\/noticiasemdestaque.com\/cd\/index.php?rest_route=\/wp\/v2\/posts\/25510","targetHints":{"allow":["GET"]}}],"collection":[{"href":"https:\/\/noticiasemdestaque.com\/cd\/index.php?rest_route=\/wp\/v2\/posts"}],"about":[{"href":"https:\/\/noticiasemdestaque.com\/cd\/index.php?rest_route=\/wp\/v2\/types\/post"}],"author":[{"embeddable":true,"href":"https:\/\/noticiasemdestaque.com\/cd\/index.php?rest_route=\/wp\/v2\/users\/2"}],"replies":[{"embeddable":true,"href":"https:\/\/noticiasemdestaque.com\/cd\/index.php?rest_route=%2Fwp%2Fv2%2Fcomments&post=25510"}],"version-history":[{"count":1,"href":"https:\/\/noticiasemdestaque.com\/cd\/index.php?rest_route=\/wp\/v2\/posts\/25510\/revisions"}],"predecessor-version":[{"id":25513,"href":"https:\/\/noticiasemdestaque.com\/cd\/index.php?rest_route=\/wp\/v2\/posts\/25510\/revisions\/25513"}],"wp:featuredmedia":[{"embeddable":true,"href":"https:\/\/noticiasemdestaque.com\/cd\/index.php?rest_route=\/wp\/v2\/media\/25512"}],"wp:attachment":[{"href":"https:\/\/noticiasemdestaque.com\/cd\/index.php?rest_route=%2Fwp%2Fv2%2Fmedia&parent=25510"}],"wp:term":[{"taxonomy":"category","embeddable":true,"href":"https:\/\/noticiasemdestaque.com\/cd\/index.php?rest_route=%2Fwp%2Fv2%2Fcategories&post=25510"},{"taxonomy":"post_tag","embeddable":true,"href":"https:\/\/noticiasemdestaque.com\/cd\/index.php?rest_route=%2Fwp%2Fv2%2Ftags&post=25510"}],"curies":[{"name":"wp","href":"https:\/\/api.w.org\/{rel}","templated":true}]}}