{"id":25487,"date":"2020-06-22T20:01:09","date_gmt":"2020-06-22T23:01:09","guid":{"rendered":"http:\/\/noticiasemdestaque.com\/cd\/?p=25487"},"modified":"2020-06-22T20:11:11","modified_gmt":"2020-06-22T23:11:11","slug":"vereador-jose-antonio-apresenta-emenda-a-lei-orcamentaria-de-2021-solicitando-a-construcao-de-passagens-molhadas-na-zona-rural-de-sume","status":"publish","type":"post","link":"https:\/\/noticiasemdestaque.com\/cd\/?p=25487","title":{"rendered":"Vereador Jos\u00e9 Ant\u00f4nio apresenta emenda a Lei Or\u00e7ament\u00e1ria de 2021 solicitando a constru\u00e7\u00e3o de passagens molhadas na zona rural de Sum\u00e9 \u00a0"},"content":{"rendered":"<p><a href=\"https:\/\/noticiasemdestaque.com\/cd\/wp-content\/uploads\/2020\/06\/edcf81f5-1c30-4bee-9ed5-8a3403c7782d.jpg\"><img fetchpriority=\"high\" decoding=\"async\" class=\"wp-image-25488 aligncenter\" src=\"https:\/\/noticiasemdestaque.com\/cd\/wp-content\/uploads\/2020\/06\/edcf81f5-1c30-4bee-9ed5-8a3403c7782d.jpg\" alt=\"\" width=\"439\" height=\"629\" srcset=\"https:\/\/noticiasemdestaque.com\/cd\/wp-content\/uploads\/2020\/06\/edcf81f5-1c30-4bee-9ed5-8a3403c7782d.jpg 551w, https:\/\/noticiasemdestaque.com\/cd\/wp-content\/uploads\/2020\/06\/edcf81f5-1c30-4bee-9ed5-8a3403c7782d-210x300.jpg 210w\" sizes=\"(max-width: 439px) 100vw, 439px\" \/><\/a><\/p>\n<p>Durante reuni\u00e3o da C\u00e2mara de Vereadores de Sum\u00e9 realizada nesta segunda-feira (22), o vereador Jos\u00e9 Ant\u00f4nio, apresentou emenda aditiva 06\/2020 a Lei Or\u00e7ament\u00e1ria de 2021, solicitando as seguintes passagens molhadas.<\/p>\n<p>Passagem molhada no s\u00edtio Riacho da Ro\u00e7a pr\u00f3ximo a resid\u00eancia do Senhor Pricilo.<\/p>\n<p>Passagem molhada no S\u00edtio Volta do Rio pr\u00f3ximo a Cida Bi\u00e1.<\/p>\n<p>Passagem molhada no S\u00edtio Porteiras, Riacho de Pedro Z\u00e9 Novo.<\/p>\n<p>Os vereadores aprovaram o Projeto de Lei n\u00ba 598 de 2020, que autoriza do Poder Executivo a conceder incentivo tempor\u00e1rio e transit\u00f3rio durante os meses de junho e julho aos servidores que exercem atividades presenciais de enfrentamento, preven\u00e7\u00e3o e combate ao coronav\u00edrus (COVID 19), nos valores de R$ 250,00 (duzentos e cinquenta reais), para profissionais de n\u00edvel m\u00e9dio e R$ 390,00 (trezentos e noventa reais), para profissionais de n\u00edvel superior.<\/p>\n<p>O vereador Jos\u00e9 Ant\u00f4nio, havia solicitado que os profissionais de sa\u00fade do munic\u00edpio de Sum\u00e9, que est\u00e3o a frente do combate a Covid-19 recebessem uma gratifica\u00e7\u00e3o no valor de R$ 500 reais.<\/p>\n<p><strong><em>Not\u00edcias em Destaque<\/em><\/strong><\/p>\n","protected":false},"excerpt":{"rendered":"<p>Durante reuni\u00e3o da C\u00e2mara de Vereadores de Sum\u00e9 realizada nesta segunda-feira (22), o vereador Jos\u00e9 Ant\u00f4nio, apresentou emenda aditiva 06\/2020 a Lei Or\u00e7ament\u00e1ria de 2021, solicitando as seguintes passagens molhadas. Passagem molhada no s\u00edtio Riacho da Ro\u00e7a pr\u00f3ximo a resid\u00eancia do Senhor Pricilo. Passagem molhada no S\u00edtio Volta do Rio pr\u00f3ximo a Cida Bi\u00e1. Passagem molhada no S\u00edtio Porteiras, Riacho de Pedro Z\u00e9 Novo. Os vereadores aprovaram o Projeto de Lei n\u00ba 598 de 2020, que autoriza do Poder Executivo a conceder incentivo tempor\u00e1rio e transit\u00f3rio durante os meses de junho e julho aos servidores que exercem atividades presenciais de enfrentamento, preven\u00e7\u00e3o e combate ao coronav\u00edrus (COVID 19), nos valores de R$ 250,00 (duzentos e cinquenta reais), para profissionais de n\u00edvel m\u00e9dio e R$ 390,00 (trezentos e noventa reais), para profissionais de n\u00edvel superior. O vereador Jos\u00e9 Ant\u00f4nio, havia solicitado que os profissionais de sa\u00fade do munic\u00edpio de Sum\u00e9, que est\u00e3o a frente do combate a Covid-19 recebessem uma gratifica\u00e7\u00e3o no valor de R$ 500 reais. Not\u00edcias em Destaque<\/p>\n","protected":false},"author":2,"featured_media":25490,"comment_status":"closed","ping_status":"open","sticky":false,"template":"","format":"standard","meta":{"_eb_attr":"","_jetpack_memberships_contains_paid_content":false,"footnotes":""},"categories":[12],"tags":[],"class_list":["post-25487","post","type-post","status-publish","format-standard","has-post-thumbnail","hentry","category-geral"],"yoast_head":"<!-- This site is optimized with the Yoast SEO plugin v26.5 - https:\/\/yoast.com\/wordpress\/plugins\/seo\/ -->\n<title>Vereador Jos\u00e9 Ant\u00f4nio apresenta emenda a Lei Or\u00e7ament\u00e1ria de 2021 solicitando a constru\u00e7\u00e3o de passagens molhadas na zona rural de Sum\u00e9 \u00a0 - Not&iacute;cias em Destaque<\/title>\n<meta name=\"robots\" content=\"index, follow, max-snippet:-1, max-image-preview:large, max-video-preview:-1\" \/>\n<link rel=\"canonical\" href=\"https:\/\/noticiasemdestaque.com\/cd\/?p=25487\" \/>\n<meta property=\"og:locale\" content=\"pt_BR\" \/>\n<meta property=\"og:type\" content=\"article\" \/>\n<meta property=\"og:title\" content=\"Vereador Jos\u00e9 Ant\u00f4nio apresenta emenda a Lei Or\u00e7ament\u00e1ria de 2021 solicitando a constru\u00e7\u00e3o de passagens molhadas na zona rural de Sum\u00e9 \u00a0 - Not&iacute;cias em Destaque\" \/>\n<meta property=\"og:description\" content=\"Durante reuni\u00e3o da C\u00e2mara de Vereadores de Sum\u00e9 realizada nesta segunda-feira (22), o vereador Jos\u00e9 Ant\u00f4nio, apresentou emenda aditiva 06\/2020 a Lei Or\u00e7ament\u00e1ria de 2021, solicitando as seguintes passagens molhadas. Passagem molhada no s\u00edtio Riacho da Ro\u00e7a pr\u00f3ximo a resid\u00eancia do Senhor Pricilo. Passagem molhada no S\u00edtio Volta do Rio pr\u00f3ximo a Cida Bi\u00e1. Passagem molhada no S\u00edtio Porteiras, Riacho de Pedro Z\u00e9 Novo. Os vereadores aprovaram o Projeto de Lei n\u00ba 598 de 2020, que autoriza do Poder Executivo a conceder incentivo tempor\u00e1rio e transit\u00f3rio durante os meses de junho e julho aos servidores que exercem atividades presenciais de enfrentamento, preven\u00e7\u00e3o e combate ao coronav\u00edrus (COVID 19), nos valores de R$ 250,00 (duzentos e cinquenta reais), para profissionais de n\u00edvel m\u00e9dio e R$ 390,00 (trezentos e noventa reais), para profissionais de n\u00edvel superior. O vereador Jos\u00e9 Ant\u00f4nio, havia solicitado que os profissionais de sa\u00fade do munic\u00edpio de Sum\u00e9, que est\u00e3o a frente do combate a Covid-19 recebessem uma gratifica\u00e7\u00e3o no valor de R$ 500 reais. Not\u00edcias em Destaque\" \/>\n<meta property=\"og:url\" content=\"https:\/\/noticiasemdestaque.com\/cd\/?p=25487\" \/>\n<meta property=\"og:site_name\" content=\"Not&iacute;cias em Destaque\" \/>\n<meta property=\"article:published_time\" content=\"2020-06-22T23:01:09+00:00\" \/>\n<meta property=\"article:modified_time\" content=\"2020-06-22T23:11:11+00:00\" \/>\n<meta property=\"og:image\" content=\"https:\/\/noticiasemdestaque.com\/cd\/wp-content\/uploads\/2020\/06\/edcf81f5-1c30-4bee-9ed5-8a3403c7782d-1.jpg\" \/>\n\t<meta property=\"og:image:width\" content=\"542\" \/>\n\t<meta property=\"og:image:height\" content=\"639\" \/>\n\t<meta property=\"og:image:type\" content=\"image\/jpeg\" \/>\n<meta name=\"author\" content=\"Not\u00edcias em Destaque\" \/>\n<meta name=\"twitter:card\" content=\"summary_large_image\" \/>\n<meta name=\"twitter:label1\" content=\"Escrito por\" \/>\n\t<meta name=\"twitter:data1\" content=\"Not\u00edcias em Destaque\" \/>\n\t<meta name=\"twitter:label2\" content=\"Est. tempo de leitura\" \/>\n\t<meta name=\"twitter:data2\" content=\"1 minuto\" \/>\n<script type=\"application\/ld+json\" class=\"yoast-schema-graph\">{\"@context\":\"https:\/\/schema.org\",\"@graph\":[{\"@type\":\"Article\",\"@id\":\"https:\/\/noticiasemdestaque.com\/cd\/?p=25487#article\",\"isPartOf\":{\"@id\":\"https:\/\/noticiasemdestaque.com\/cd\/?p=25487\"},\"author\":{\"name\":\"Not\u00edcias em Destaque\",\"@id\":\"https:\/\/noticiasemdestaque.com\/cd\/#\/schema\/person\/21320b03a7e8bb90128938dafc9b908a\"},\"headline\":\"Vereador Jos\u00e9 Ant\u00f4nio apresenta emenda a Lei Or\u00e7ament\u00e1ria de 2021 solicitando a constru\u00e7\u00e3o de passagens molhadas na zona rural de Sum\u00e9 \u00a0\",\"datePublished\":\"2020-06-22T23:01:09+00:00\",\"dateModified\":\"2020-06-22T23:11:11+00:00\",\"mainEntityOfPage\":{\"@id\":\"https:\/\/noticiasemdestaque.com\/cd\/?p=25487\"},\"wordCount\":209,\"publisher\":{\"@id\":\"https:\/\/noticiasemdestaque.com\/cd\/#organization\"},\"image\":{\"@id\":\"https:\/\/noticiasemdestaque.com\/cd\/?p=25487#primaryimage\"},\"thumbnailUrl\":\"https:\/\/noticiasemdestaque.com\/cd\/wp-content\/uploads\/2020\/06\/edcf81f5-1c30-4bee-9ed5-8a3403c7782d-1.jpg\",\"articleSection\":[\"Geral\"],\"inLanguage\":\"pt-BR\"},{\"@type\":\"WebPage\",\"@id\":\"https:\/\/noticiasemdestaque.com\/cd\/?p=25487\",\"url\":\"https:\/\/noticiasemdestaque.com\/cd\/?p=25487\",\"name\":\"Vereador Jos\u00e9 Ant\u00f4nio apresenta emenda a Lei Or\u00e7ament\u00e1ria de 2021 solicitando a constru\u00e7\u00e3o de passagens molhadas na zona rural de Sum\u00e9 \u00a0 - Not&iacute;cias em Destaque\",\"isPartOf\":{\"@id\":\"https:\/\/noticiasemdestaque.com\/cd\/#website\"},\"primaryImageOfPage\":{\"@id\":\"https:\/\/noticiasemdestaque.com\/cd\/?p=25487#primaryimage\"},\"image\":{\"@id\":\"https:\/\/noticiasemdestaque.com\/cd\/?p=25487#primaryimage\"},\"thumbnailUrl\":\"https:\/\/noticiasemdestaque.com\/cd\/wp-content\/uploads\/2020\/06\/edcf81f5-1c30-4bee-9ed5-8a3403c7782d-1.jpg\",\"datePublished\":\"2020-06-22T23:01:09+00:00\",\"dateModified\":\"2020-06-22T23:11:11+00:00\",\"breadcrumb\":{\"@id\":\"https:\/\/noticiasemdestaque.com\/cd\/?p=25487#breadcrumb\"},\"inLanguage\":\"pt-BR\",\"potentialAction\":[{\"@type\":\"ReadAction\",\"target\":[\"https:\/\/noticiasemdestaque.com\/cd\/?p=25487\"]}]},{\"@type\":\"ImageObject\",\"inLanguage\":\"pt-BR\",\"@id\":\"https:\/\/noticiasemdestaque.com\/cd\/?p=25487#primaryimage\",\"url\":\"https:\/\/noticiasemdestaque.com\/cd\/wp-content\/uploads\/2020\/06\/edcf81f5-1c30-4bee-9ed5-8a3403c7782d-1.jpg\",\"contentUrl\":\"https:\/\/noticiasemdestaque.com\/cd\/wp-content\/uploads\/2020\/06\/edcf81f5-1c30-4bee-9ed5-8a3403c7782d-1.jpg\",\"width\":542,\"height\":639},{\"@type\":\"BreadcrumbList\",\"@id\":\"https:\/\/noticiasemdestaque.com\/cd\/?p=25487#breadcrumb\",\"itemListElement\":[{\"@type\":\"ListItem\",\"position\":1,\"name\":\"In\u00edcio\",\"item\":\"https:\/\/noticiasemdestaque.com\/cd\/\"},{\"@type\":\"ListItem\",\"position\":2,\"name\":\"Vereador Jos\u00e9 Ant\u00f4nio apresenta emenda a Lei Or\u00e7ament\u00e1ria de 2021 solicitando a constru\u00e7\u00e3o de passagens molhadas na zona rural de Sum\u00e9 \u00a0\"}]},{\"@type\":\"WebSite\",\"@id\":\"https:\/\/noticiasemdestaque.com\/cd\/#website\",\"url\":\"https:\/\/noticiasemdestaque.com\/cd\/\",\"name\":\"Not&iacute;cias em Destaque\",\"description\":\"\",\"publisher\":{\"@id\":\"https:\/\/noticiasemdestaque.com\/cd\/#organization\"},\"potentialAction\":[{\"@type\":\"SearchAction\",\"target\":{\"@type\":\"EntryPoint\",\"urlTemplate\":\"https:\/\/noticiasemdestaque.com\/cd\/?s={search_term_string}\"},\"query-input\":{\"@type\":\"PropertyValueSpecification\",\"valueRequired\":true,\"valueName\":\"search_term_string\"}}],\"inLanguage\":\"pt-BR\"},{\"@type\":\"Organization\",\"@id\":\"https:\/\/noticiasemdestaque.com\/cd\/#organization\",\"name\":\"Not\u00edcias em Destaque\",\"url\":\"https:\/\/noticiasemdestaque.com\/cd\/\",\"logo\":{\"@type\":\"ImageObject\",\"inLanguage\":\"pt-BR\",\"@id\":\"https:\/\/noticiasemdestaque.com\/cd\/#\/schema\/logo\/image\/\",\"url\":\"https:\/\/noticiasemdestaque.com\/cd\/wp-content\/uploads\/2022\/05\/imagem-base-noticiasemdestaque.png\",\"contentUrl\":\"https:\/\/noticiasemdestaque.com\/cd\/wp-content\/uploads\/2022\/05\/imagem-base-noticiasemdestaque.png\",\"width\":1200,\"height\":630,\"caption\":\"Not\u00edcias em Destaque\"},\"image\":{\"@id\":\"https:\/\/noticiasemdestaque.com\/cd\/#\/schema\/logo\/image\/\"}},{\"@type\":\"Person\",\"@id\":\"https:\/\/noticiasemdestaque.com\/cd\/#\/schema\/person\/21320b03a7e8bb90128938dafc9b908a\",\"name\":\"Not\u00edcias em Destaque\",\"url\":\"https:\/\/noticiasemdestaque.com\/cd\/?author=2\"}]}<\/script>\n<!-- \/ Yoast SEO plugin. -->","yoast_head_json":{"title":"Vereador Jos\u00e9 Ant\u00f4nio apresenta emenda a Lei Or\u00e7ament\u00e1ria de 2021 solicitando a constru\u00e7\u00e3o de passagens molhadas na zona rural de Sum\u00e9 \u00a0 - Not&iacute;cias em Destaque","robots":{"index":"index","follow":"follow","max-snippet":"max-snippet:-1","max-image-preview":"max-image-preview:large","max-video-preview":"max-video-preview:-1"},"canonical":"https:\/\/noticiasemdestaque.com\/cd\/?p=25487","og_locale":"pt_BR","og_type":"article","og_title":"Vereador Jos\u00e9 Ant\u00f4nio apresenta emenda a Lei Or\u00e7ament\u00e1ria de 2021 solicitando a constru\u00e7\u00e3o de passagens molhadas na zona rural de Sum\u00e9 \u00a0 - Not&iacute;cias em Destaque","og_description":"Durante reuni\u00e3o da C\u00e2mara de Vereadores de Sum\u00e9 realizada nesta segunda-feira (22), o vereador Jos\u00e9 Ant\u00f4nio, apresentou emenda aditiva 06\/2020 a Lei Or\u00e7ament\u00e1ria de 2021, solicitando as seguintes passagens molhadas. Passagem molhada no s\u00edtio Riacho da Ro\u00e7a pr\u00f3ximo a resid\u00eancia do Senhor Pricilo. Passagem molhada no S\u00edtio Volta do Rio pr\u00f3ximo a Cida Bi\u00e1. Passagem molhada no S\u00edtio Porteiras, Riacho de Pedro Z\u00e9 Novo. Os vereadores aprovaram o Projeto de Lei n\u00ba 598 de 2020, que autoriza do Poder Executivo a conceder incentivo tempor\u00e1rio e transit\u00f3rio durante os meses de junho e julho aos servidores que exercem atividades presenciais de enfrentamento, preven\u00e7\u00e3o e combate ao coronav\u00edrus (COVID 19), nos valores de R$ 250,00 (duzentos e cinquenta reais), para profissionais de n\u00edvel m\u00e9dio e R$ 390,00 (trezentos e noventa reais), para profissionais de n\u00edvel superior. O vereador Jos\u00e9 Ant\u00f4nio, havia solicitado que os profissionais de sa\u00fade do munic\u00edpio de Sum\u00e9, que est\u00e3o a frente do combate a Covid-19 recebessem uma gratifica\u00e7\u00e3o no valor de R$ 500 reais. Not\u00edcias em Destaque","og_url":"https:\/\/noticiasemdestaque.com\/cd\/?p=25487","og_site_name":"Not&iacute;cias em Destaque","article_published_time":"2020-06-22T23:01:09+00:00","article_modified_time":"2020-06-22T23:11:11+00:00","og_image":[{"width":542,"height":639,"url":"https:\/\/noticiasemdestaque.com\/cd\/wp-content\/uploads\/2020\/06\/edcf81f5-1c30-4bee-9ed5-8a3403c7782d-1.jpg","type":"image\/jpeg"}],"author":"Not\u00edcias em Destaque","twitter_card":"summary_large_image","twitter_misc":{"Escrito por":"Not\u00edcias em Destaque","Est. tempo de leitura":"1 minuto"},"schema":{"@context":"https:\/\/schema.org","@graph":[{"@type":"Article","@id":"https:\/\/noticiasemdestaque.com\/cd\/?p=25487#article","isPartOf":{"@id":"https:\/\/noticiasemdestaque.com\/cd\/?p=25487"},"author":{"name":"Not\u00edcias em Destaque","@id":"https:\/\/noticiasemdestaque.com\/cd\/#\/schema\/person\/21320b03a7e8bb90128938dafc9b908a"},"headline":"Vereador Jos\u00e9 Ant\u00f4nio apresenta emenda a Lei Or\u00e7ament\u00e1ria de 2021 solicitando a constru\u00e7\u00e3o de passagens molhadas na zona rural de Sum\u00e9 \u00a0","datePublished":"2020-06-22T23:01:09+00:00","dateModified":"2020-06-22T23:11:11+00:00","mainEntityOfPage":{"@id":"https:\/\/noticiasemdestaque.com\/cd\/?p=25487"},"wordCount":209,"publisher":{"@id":"https:\/\/noticiasemdestaque.com\/cd\/#organization"},"image":{"@id":"https:\/\/noticiasemdestaque.com\/cd\/?p=25487#primaryimage"},"thumbnailUrl":"https:\/\/noticiasemdestaque.com\/cd\/wp-content\/uploads\/2020\/06\/edcf81f5-1c30-4bee-9ed5-8a3403c7782d-1.jpg","articleSection":["Geral"],"inLanguage":"pt-BR"},{"@type":"WebPage","@id":"https:\/\/noticiasemdestaque.com\/cd\/?p=25487","url":"https:\/\/noticiasemdestaque.com\/cd\/?p=25487","name":"Vereador Jos\u00e9 Ant\u00f4nio apresenta emenda a Lei Or\u00e7ament\u00e1ria de 2021 solicitando a constru\u00e7\u00e3o de passagens molhadas na zona rural de Sum\u00e9 \u00a0 - Not&iacute;cias em Destaque","isPartOf":{"@id":"https:\/\/noticiasemdestaque.com\/cd\/#website"},"primaryImageOfPage":{"@id":"https:\/\/noticiasemdestaque.com\/cd\/?p=25487#primaryimage"},"image":{"@id":"https:\/\/noticiasemdestaque.com\/cd\/?p=25487#primaryimage"},"thumbnailUrl":"https:\/\/noticiasemdestaque.com\/cd\/wp-content\/uploads\/2020\/06\/edcf81f5-1c30-4bee-9ed5-8a3403c7782d-1.jpg","datePublished":"2020-06-22T23:01:09+00:00","dateModified":"2020-06-22T23:11:11+00:00","breadcrumb":{"@id":"https:\/\/noticiasemdestaque.com\/cd\/?p=25487#breadcrumb"},"inLanguage":"pt-BR","potentialAction":[{"@type":"ReadAction","target":["https:\/\/noticiasemdestaque.com\/cd\/?p=25487"]}]},{"@type":"ImageObject","inLanguage":"pt-BR","@id":"https:\/\/noticiasemdestaque.com\/cd\/?p=25487#primaryimage","url":"https:\/\/noticiasemdestaque.com\/cd\/wp-content\/uploads\/2020\/06\/edcf81f5-1c30-4bee-9ed5-8a3403c7782d-1.jpg","contentUrl":"https:\/\/noticiasemdestaque.com\/cd\/wp-content\/uploads\/2020\/06\/edcf81f5-1c30-4bee-9ed5-8a3403c7782d-1.jpg","width":542,"height":639},{"@type":"BreadcrumbList","@id":"https:\/\/noticiasemdestaque.com\/cd\/?p=25487#breadcrumb","itemListElement":[{"@type":"ListItem","position":1,"name":"In\u00edcio","item":"https:\/\/noticiasemdestaque.com\/cd\/"},{"@type":"ListItem","position":2,"name":"Vereador Jos\u00e9 Ant\u00f4nio apresenta emenda a Lei Or\u00e7ament\u00e1ria de 2021 solicitando a constru\u00e7\u00e3o de passagens molhadas na zona rural de Sum\u00e9 \u00a0"}]},{"@type":"WebSite","@id":"https:\/\/noticiasemdestaque.com\/cd\/#website","url":"https:\/\/noticiasemdestaque.com\/cd\/","name":"Not&iacute;cias em Destaque","description":"","publisher":{"@id":"https:\/\/noticiasemdestaque.com\/cd\/#organization"},"potentialAction":[{"@type":"SearchAction","target":{"@type":"EntryPoint","urlTemplate":"https:\/\/noticiasemdestaque.com\/cd\/?s={search_term_string}"},"query-input":{"@type":"PropertyValueSpecification","valueRequired":true,"valueName":"search_term_string"}}],"inLanguage":"pt-BR"},{"@type":"Organization","@id":"https:\/\/noticiasemdestaque.com\/cd\/#organization","name":"Not\u00edcias em Destaque","url":"https:\/\/noticiasemdestaque.com\/cd\/","logo":{"@type":"ImageObject","inLanguage":"pt-BR","@id":"https:\/\/noticiasemdestaque.com\/cd\/#\/schema\/logo\/image\/","url":"https:\/\/noticiasemdestaque.com\/cd\/wp-content\/uploads\/2022\/05\/imagem-base-noticiasemdestaque.png","contentUrl":"https:\/\/noticiasemdestaque.com\/cd\/wp-content\/uploads\/2022\/05\/imagem-base-noticiasemdestaque.png","width":1200,"height":630,"caption":"Not\u00edcias em Destaque"},"image":{"@id":"https:\/\/noticiasemdestaque.com\/cd\/#\/schema\/logo\/image\/"}},{"@type":"Person","@id":"https:\/\/noticiasemdestaque.com\/cd\/#\/schema\/person\/21320b03a7e8bb90128938dafc9b908a","name":"Not\u00edcias em Destaque","url":"https:\/\/noticiasemdestaque.com\/cd\/?author=2"}]}},"jetpack_featured_media_url":"https:\/\/noticiasemdestaque.com\/cd\/wp-content\/uploads\/2020\/06\/edcf81f5-1c30-4bee-9ed5-8a3403c7782d-1.jpg","jetpack_sharing_enabled":true,"_links":{"self":[{"href":"https:\/\/noticiasemdestaque.com\/cd\/index.php?rest_route=\/wp\/v2\/posts\/25487","targetHints":{"allow":["GET"]}}],"collection":[{"href":"https:\/\/noticiasemdestaque.com\/cd\/index.php?rest_route=\/wp\/v2\/posts"}],"about":[{"href":"https:\/\/noticiasemdestaque.com\/cd\/index.php?rest_route=\/wp\/v2\/types\/post"}],"author":[{"embeddable":true,"href":"https:\/\/noticiasemdestaque.com\/cd\/index.php?rest_route=\/wp\/v2\/users\/2"}],"replies":[{"embeddable":true,"href":"https:\/\/noticiasemdestaque.com\/cd\/index.php?rest_route=%2Fwp%2Fv2%2Fcomments&post=25487"}],"version-history":[{"count":4,"href":"https:\/\/noticiasemdestaque.com\/cd\/index.php?rest_route=\/wp\/v2\/posts\/25487\/revisions"}],"predecessor-version":[{"id":25494,"href":"https:\/\/noticiasemdestaque.com\/cd\/index.php?rest_route=\/wp\/v2\/posts\/25487\/revisions\/25494"}],"wp:featuredmedia":[{"embeddable":true,"href":"https:\/\/noticiasemdestaque.com\/cd\/index.php?rest_route=\/wp\/v2\/media\/25490"}],"wp:attachment":[{"href":"https:\/\/noticiasemdestaque.com\/cd\/index.php?rest_route=%2Fwp%2Fv2%2Fmedia&parent=25487"}],"wp:term":[{"taxonomy":"category","embeddable":true,"href":"https:\/\/noticiasemdestaque.com\/cd\/index.php?rest_route=%2Fwp%2Fv2%2Fcategories&post=25487"},{"taxonomy":"post_tag","embeddable":true,"href":"https:\/\/noticiasemdestaque.com\/cd\/index.php?rest_route=%2Fwp%2Fv2%2Ftags&post=25487"}],"curies":[{"name":"wp","href":"https:\/\/api.w.org\/{rel}","templated":true}]}}