{"id":25482,"date":"2020-06-22T19:54:39","date_gmt":"2020-06-22T22:54:39","guid":{"rendered":"http:\/\/noticiasemdestaque.com\/cd\/?p=25482"},"modified":"2020-06-22T20:14:33","modified_gmt":"2020-06-22T23:14:33","slug":"vereador-antonio-carlos-apresenta-emenda-a-lei-orcamentaria-de-2021-confira-as-solicitacoes","status":"publish","type":"post","link":"https:\/\/noticiasemdestaque.com\/cd\/?p=25482","title":{"rendered":"Vereador Antonio Carlos apresenta emenda a Lei Or\u00e7ament\u00e1ria de 2021, confira as solicita\u00e7\u00f5es"},"content":{"rendered":"<p><a href=\"https:\/\/noticiasemdestaque.com\/cd\/wp-content\/uploads\/2020\/06\/db156275-1a6a-4f96-8be7-0f3cc3c67a4d.jpg\"><img fetchpriority=\"high\" decoding=\"async\" class=\"wp-image-25483 aligncenter\" src=\"https:\/\/noticiasemdestaque.com\/cd\/wp-content\/uploads\/2020\/06\/db156275-1a6a-4f96-8be7-0f3cc3c67a4d.jpg\" alt=\"\" width=\"403\" height=\"562\" srcset=\"https:\/\/noticiasemdestaque.com\/cd\/wp-content\/uploads\/2020\/06\/db156275-1a6a-4f96-8be7-0f3cc3c67a4d.jpg 551w, https:\/\/noticiasemdestaque.com\/cd\/wp-content\/uploads\/2020\/06\/db156275-1a6a-4f96-8be7-0f3cc3c67a4d-215x300.jpg 215w\" sizes=\"(max-width: 403px) 100vw, 403px\" \/><\/a><\/p>\n<p>Durante reuni\u00e3o da C\u00e2mara de Vereadores de Sum\u00e9 realizada nesta segunda-feira (22), o vereador Antonio Carlos Sarmento, apresentou emenda aditiva 03\/2020 a Lei Or\u00e7ament\u00e1ria de 2021.<\/p>\n<p>Confira as solicita\u00e7\u00f5es:<\/p>\n<p><strong>Amplia\u00e7\u00e3o de rede de ilumina\u00e7\u00e3o p\u00fablica<\/strong><\/p>\n<p>&#8211; Campo de avia\u00e7\u00e3o do munic\u00edpio.<\/p>\n<p><strong>Perfura\u00e7\u00e3o e instala\u00e7\u00e3o de po\u00e7os. <\/strong><\/p>\n<p>&#8211; S\u00edtio Riacho da Ro\u00e7a (pr\u00f3ximo ao Posto de Sa\u00fade)<\/p>\n<p>&#8211; S\u00edtio Santo Agostinho (pr\u00f3ximo a D\u00e9da\/Chico Preto)<\/p>\n<p>&#8211; S\u00edtio Ju\u00e1<\/p>\n<p>-S\u00edtio Cachoeirinha de Baixo<\/p>\n<p><strong>Constru\u00e7\u00e3o e revitaliza\u00e7\u00e3o de a\u00e7udes, barreiros e barragens subterr\u00e2neas<\/strong><\/p>\n<p>&#8211; S\u00edtio Formigueiro (recupera\u00e7\u00e3o A\u00e7ude do Formigueiro)<\/p>\n<p>-S\u00edtio Concei\u00e7\u00e3o e Cachoeirinha de Baixo (limpeza da barragem)<\/p>\n<p><strong>Constru\u00e7\u00e3o de Passagens molhadas <\/strong><\/p>\n<p>&#8211; Passagem molhada para o Assentamento Z\u00e9 Marcolino (acesso a Vila)<\/p>\n<p>&#8211; Passagem molhada no S\u00edtio Riach\u00e3o (pr\u00f3ximo a Silvino)<\/p>\n<p>&#8211; Passagem molhada no S\u00edtio Agreste (pr\u00f3ximo a Aderaldo)<\/p>\n<p>&#8211; Passagem molhada no S\u00edtio Catonho<\/p>\n<p>&#8211; Passagem molhada no Assentamento Mandacar\u00fa<\/p>\n<p>&#8211; Passagem molhada no S\u00edtio Formigueiro\/Serrote Verde<\/p>\n<p>&#8211; Passagem molhada S\u00edtio Xique-xique e acesso Cachoeirinha<\/p>\n<p>&#8211; Passagem molhada no S\u00edtio Concei\u00e7\u00e3o<\/p>\n<p>&#8211; Passagem molhada no Riacho das Porteiras<\/p>\n<p>&#8211; Passagem molhada na Vila do Formigueiro<\/p>\n<p>&#8211; Passagem molhada no S\u00edtio Terra Vermelha (pr\u00f3ximo a Zezinho da Ladeira).<\/p>\n<p>&#8211; Passagem molhada entre os s\u00edtios Agreste e Jurema (pr\u00f3ximo ao Sr. Euclides)<\/p>\n<p><strong>Aquisi\u00e7\u00e3o de ve\u00edculo e equipamento para a sa\u00fade<\/strong><\/p>\n<p>&#8211; Ambul\u00e2ncia para o Hospital e Maternidade Alice de Almeida.<\/p>\n<p>&#8211; Um ve\u00edculo para a Vigil\u00e2ncia Sanit\u00e1ria do Munic\u00edpio.<\/p>\n<p>&#8211; Tr\u00eas motocicletas para os Agentes de Controle de Endemias.<\/p>\n<p>Durante a reuni\u00e3o foi aprovado ainda, o Projeto de Lei n\u00ba 598 de 2020, que autoriza do Poder Executivo a conceder incentivo tempor\u00e1rio e transit\u00f3rio durante os meses de junho e julho aos servidores que exercem atividades presenciais de enfrentamento, preven\u00e7\u00e3o e combate ao coronav\u00edrus (COVID 19), nos valores de R$ 250,00 (duzentos e cinquenta reais), para profissionais de n\u00edvel m\u00e9dio e R$ 390,00 (trezentos e noventa reais), para profissionais de n\u00edvel superior.<\/p>\n<p>Em of\u00edcio encaminhado ao prefeito \u00c9den Duarte, no dia 06 de maio, o vereador Antonio Carlos, havia solicitado o beneficio para os servidores que est\u00e3o no enfrentamento ao coronav\u00edrus.<\/p>\n<p><a href=\"https:\/\/noticiasemdestaque.com\/cd\/wp-content\/uploads\/2020\/06\/97005194_3172335549463700_4413753610232397824_n.jpg\"><img decoding=\"async\" class=\"wp-image-25484 aligncenter\" src=\"https:\/\/noticiasemdestaque.com\/cd\/wp-content\/uploads\/2020\/06\/97005194_3172335549463700_4413753610232397824_n.jpg\" alt=\"\" width=\"397\" height=\"440\" srcset=\"https:\/\/noticiasemdestaque.com\/cd\/wp-content\/uploads\/2020\/06\/97005194_3172335549463700_4413753610232397824_n.jpg 577w, https:\/\/noticiasemdestaque.com\/cd\/wp-content\/uploads\/2020\/06\/97005194_3172335549463700_4413753610232397824_n-270x300.jpg 270w\" sizes=\"(max-width: 397px) 100vw, 397px\" \/><\/a><\/p>\n<p><em><strong>Not\u00edcias em Destaque<\/strong><\/em><\/p>\n<p>&nbsp;<\/p>\n","protected":false},"excerpt":{"rendered":"<p>Durante reuni\u00e3o da C\u00e2mara de Vereadores de Sum\u00e9 realizada nesta segunda-feira (22), o vereador Antonio Carlos Sarmento, apresentou emenda aditiva 03\/2020 a Lei Or\u00e7ament\u00e1ria de 2021. Confira as solicita\u00e7\u00f5es: Amplia\u00e7\u00e3o de rede de ilumina\u00e7\u00e3o p\u00fablica &#8211; Campo de avia\u00e7\u00e3o do munic\u00edpio. Perfura\u00e7\u00e3o e instala\u00e7\u00e3o de po\u00e7os. &#8211; S\u00edtio Riacho da Ro\u00e7a (pr\u00f3ximo ao Posto de Sa\u00fade) &#8211; S\u00edtio Santo Agostinho (pr\u00f3ximo a D\u00e9da\/Chico Preto) &#8211; S\u00edtio Ju\u00e1 -S\u00edtio Cachoeirinha de Baixo Constru\u00e7\u00e3o e revitaliza\u00e7\u00e3o de a\u00e7udes, barreiros e barragens subterr\u00e2neas &#8211; S\u00edtio Formigueiro (recupera\u00e7\u00e3o A\u00e7ude do Formigueiro) -S\u00edtio Concei\u00e7\u00e3o e Cachoeirinha de Baixo (limpeza da barragem) Constru\u00e7\u00e3o de Passagens molhadas &#8211; Passagem molhada para o Assentamento Z\u00e9 Marcolino (acesso a Vila) &#8211; Passagem molhada no S\u00edtio Riach\u00e3o (pr\u00f3ximo a Silvino) &#8211; Passagem molhada no S\u00edtio Agreste (pr\u00f3ximo a Aderaldo) &#8211; Passagem molhada no S\u00edtio Catonho &#8211; Passagem molhada no Assentamento Mandacar\u00fa &#8211; Passagem molhada no S\u00edtio Formigueiro\/Serrote Verde &#8211; Passagem molhada S\u00edtio Xique-xique e acesso Cachoeirinha &#8211; Passagem molhada no S\u00edtio Concei\u00e7\u00e3o &#8211; Passagem molhada no Riacho das Porteiras &#8211; Passagem molhada na Vila do Formigueiro &#8211; Passagem molhada no S\u00edtio Terra Vermelha (pr\u00f3ximo a Zezinho da Ladeira). &#8211; Passagem molhada entre os s\u00edtios Agreste e Jurema (pr\u00f3ximo ao Sr. Euclides) Aquisi\u00e7\u00e3o de ve\u00edculo e equipamento para a sa\u00fade &#8211; Ambul\u00e2ncia para o Hospital e Maternidade Alice de Almeida. &#8211; Um ve\u00edculo para a Vigil\u00e2ncia Sanit\u00e1ria do Munic\u00edpio. &#8211; Tr\u00eas motocicletas para os Agentes de Controle de Endemias. Durante a reuni\u00e3o foi aprovado ainda, o Projeto de Lei n\u00ba 598 de 2020, que autoriza do Poder Executivo a conceder incentivo tempor\u00e1rio e transit\u00f3rio durante os meses de junho e julho aos servidores que exercem atividades presenciais de enfrentamento, preven\u00e7\u00e3o e combate ao coronav\u00edrus (COVID 19), nos valores de R$ 250,00 (duzentos e cinquenta reais), para profissionais de n\u00edvel m\u00e9dio e R$ 390,00 (trezentos e noventa reais), para profissionais de n\u00edvel superior. Em of\u00edcio encaminhado ao prefeito \u00c9den Duarte, no dia 06 de maio, o vereador Antonio Carlos, havia solicitado o beneficio para os servidores que est\u00e3o no enfrentamento ao coronav\u00edrus. Not\u00edcias em Destaque &nbsp;<\/p>\n","protected":false},"author":2,"featured_media":25491,"comment_status":"closed","ping_status":"open","sticky":false,"template":"","format":"standard","meta":{"_eb_attr":"","_jetpack_memberships_contains_paid_content":false,"footnotes":""},"categories":[3],"tags":[],"class_list":["post-25482","post","type-post","status-publish","format-standard","has-post-thumbnail","hentry","category-cidades"],"yoast_head":"<!-- This site is optimized with the Yoast SEO plugin v26.5 - https:\/\/yoast.com\/wordpress\/plugins\/seo\/ -->\n<title>Vereador Antonio Carlos apresenta emenda a Lei Or\u00e7ament\u00e1ria de 2021, confira as solicita\u00e7\u00f5es - Not&iacute;cias em Destaque<\/title>\n<meta name=\"robots\" content=\"index, follow, max-snippet:-1, max-image-preview:large, max-video-preview:-1\" \/>\n<link rel=\"canonical\" href=\"https:\/\/noticiasemdestaque.com\/cd\/?p=25482\" \/>\n<meta property=\"og:locale\" content=\"pt_BR\" \/>\n<meta property=\"og:type\" content=\"article\" \/>\n<meta property=\"og:title\" content=\"Vereador Antonio Carlos apresenta emenda a Lei Or\u00e7ament\u00e1ria de 2021, confira as solicita\u00e7\u00f5es - Not&iacute;cias em Destaque\" \/>\n<meta property=\"og:description\" content=\"Durante reuni\u00e3o da C\u00e2mara de Vereadores de Sum\u00e9 realizada nesta segunda-feira (22), o vereador Antonio Carlos Sarmento, apresentou emenda aditiva 03\/2020 a Lei Or\u00e7ament\u00e1ria de 2021. Confira as solicita\u00e7\u00f5es: Amplia\u00e7\u00e3o de rede de ilumina\u00e7\u00e3o p\u00fablica &#8211; Campo de avia\u00e7\u00e3o do munic\u00edpio. Perfura\u00e7\u00e3o e instala\u00e7\u00e3o de po\u00e7os. &#8211; S\u00edtio Riacho da Ro\u00e7a (pr\u00f3ximo ao Posto de Sa\u00fade) &#8211; S\u00edtio Santo Agostinho (pr\u00f3ximo a D\u00e9da\/Chico Preto) &#8211; S\u00edtio Ju\u00e1 -S\u00edtio Cachoeirinha de Baixo Constru\u00e7\u00e3o e revitaliza\u00e7\u00e3o de a\u00e7udes, barreiros e barragens subterr\u00e2neas &#8211; S\u00edtio Formigueiro (recupera\u00e7\u00e3o A\u00e7ude do Formigueiro) -S\u00edtio Concei\u00e7\u00e3o e Cachoeirinha de Baixo (limpeza da barragem) Constru\u00e7\u00e3o de Passagens molhadas &#8211; Passagem molhada para o Assentamento Z\u00e9 Marcolino (acesso a Vila) &#8211; Passagem molhada no S\u00edtio Riach\u00e3o (pr\u00f3ximo a Silvino) &#8211; Passagem molhada no S\u00edtio Agreste (pr\u00f3ximo a Aderaldo) &#8211; Passagem molhada no S\u00edtio Catonho &#8211; Passagem molhada no Assentamento Mandacar\u00fa &#8211; Passagem molhada no S\u00edtio Formigueiro\/Serrote Verde &#8211; Passagem molhada S\u00edtio Xique-xique e acesso Cachoeirinha &#8211; Passagem molhada no S\u00edtio Concei\u00e7\u00e3o &#8211; Passagem molhada no Riacho das Porteiras &#8211; Passagem molhada na Vila do Formigueiro &#8211; Passagem molhada no S\u00edtio Terra Vermelha (pr\u00f3ximo a Zezinho da Ladeira). &#8211; Passagem molhada entre os s\u00edtios Agreste e Jurema (pr\u00f3ximo ao Sr. Euclides) Aquisi\u00e7\u00e3o de ve\u00edculo e equipamento para a sa\u00fade &#8211; Ambul\u00e2ncia para o Hospital e Maternidade Alice de Almeida. &#8211; Um ve\u00edculo para a Vigil\u00e2ncia Sanit\u00e1ria do Munic\u00edpio. &#8211; Tr\u00eas motocicletas para os Agentes de Controle de Endemias. Durante a reuni\u00e3o foi aprovado ainda, o Projeto de Lei n\u00ba 598 de 2020, que autoriza do Poder Executivo a conceder incentivo tempor\u00e1rio e transit\u00f3rio durante os meses de junho e julho aos servidores que exercem atividades presenciais de enfrentamento, preven\u00e7\u00e3o e combate ao coronav\u00edrus (COVID 19), nos valores de R$ 250,00 (duzentos e cinquenta reais), para profissionais de n\u00edvel m\u00e9dio e R$ 390,00 (trezentos e noventa reais), para profissionais de n\u00edvel superior. Em of\u00edcio encaminhado ao prefeito \u00c9den Duarte, no dia 06 de maio, o vereador Antonio Carlos, havia solicitado o beneficio para os servidores que est\u00e3o no enfrentamento ao coronav\u00edrus. Not\u00edcias em Destaque &nbsp;\" \/>\n<meta property=\"og:url\" content=\"https:\/\/noticiasemdestaque.com\/cd\/?p=25482\" \/>\n<meta property=\"og:site_name\" content=\"Not&iacute;cias em Destaque\" \/>\n<meta property=\"article:published_time\" content=\"2020-06-22T22:54:39+00:00\" \/>\n<meta property=\"article:modified_time\" content=\"2020-06-22T23:14:33+00:00\" \/>\n<meta property=\"og:image\" content=\"https:\/\/noticiasemdestaque.com\/cd\/wp-content\/uploads\/2020\/06\/db156275-1a6a-4f96-8be7-0f3cc3c67a4d-1.jpg\" \/>\n\t<meta property=\"og:image:width\" content=\"546\" \/>\n\t<meta property=\"og:image:height\" content=\"511\" \/>\n\t<meta property=\"og:image:type\" content=\"image\/jpeg\" \/>\n<meta name=\"author\" content=\"Not\u00edcias em Destaque\" \/>\n<meta name=\"twitter:card\" content=\"summary_large_image\" \/>\n<meta name=\"twitter:label1\" content=\"Escrito por\" \/>\n\t<meta name=\"twitter:data1\" content=\"Not\u00edcias em Destaque\" \/>\n\t<meta name=\"twitter:label2\" content=\"Est. tempo de leitura\" \/>\n\t<meta name=\"twitter:data2\" content=\"2 minutos\" \/>\n<script type=\"application\/ld+json\" class=\"yoast-schema-graph\">{\"@context\":\"https:\/\/schema.org\",\"@graph\":[{\"@type\":\"Article\",\"@id\":\"https:\/\/noticiasemdestaque.com\/cd\/?p=25482#article\",\"isPartOf\":{\"@id\":\"https:\/\/noticiasemdestaque.com\/cd\/?p=25482\"},\"author\":{\"name\":\"Not\u00edcias em Destaque\",\"@id\":\"https:\/\/noticiasemdestaque.com\/cd\/#\/schema\/person\/21320b03a7e8bb90128938dafc9b908a\"},\"headline\":\"Vereador Antonio Carlos apresenta emenda a Lei Or\u00e7ament\u00e1ria de 2021, confira as solicita\u00e7\u00f5es\",\"datePublished\":\"2020-06-22T22:54:39+00:00\",\"dateModified\":\"2020-06-22T23:14:33+00:00\",\"mainEntityOfPage\":{\"@id\":\"https:\/\/noticiasemdestaque.com\/cd\/?p=25482\"},\"wordCount\":419,\"publisher\":{\"@id\":\"https:\/\/noticiasemdestaque.com\/cd\/#organization\"},\"image\":{\"@id\":\"https:\/\/noticiasemdestaque.com\/cd\/?p=25482#primaryimage\"},\"thumbnailUrl\":\"https:\/\/noticiasemdestaque.com\/cd\/wp-content\/uploads\/2020\/06\/db156275-1a6a-4f96-8be7-0f3cc3c67a4d-1.jpg\",\"articleSection\":[\"Cidades\"],\"inLanguage\":\"pt-BR\"},{\"@type\":\"WebPage\",\"@id\":\"https:\/\/noticiasemdestaque.com\/cd\/?p=25482\",\"url\":\"https:\/\/noticiasemdestaque.com\/cd\/?p=25482\",\"name\":\"Vereador Antonio Carlos apresenta emenda a Lei Or\u00e7ament\u00e1ria de 2021, confira as solicita\u00e7\u00f5es - Not&iacute;cias em Destaque\",\"isPartOf\":{\"@id\":\"https:\/\/noticiasemdestaque.com\/cd\/#website\"},\"primaryImageOfPage\":{\"@id\":\"https:\/\/noticiasemdestaque.com\/cd\/?p=25482#primaryimage\"},\"image\":{\"@id\":\"https:\/\/noticiasemdestaque.com\/cd\/?p=25482#primaryimage\"},\"thumbnailUrl\":\"https:\/\/noticiasemdestaque.com\/cd\/wp-content\/uploads\/2020\/06\/db156275-1a6a-4f96-8be7-0f3cc3c67a4d-1.jpg\",\"datePublished\":\"2020-06-22T22:54:39+00:00\",\"dateModified\":\"2020-06-22T23:14:33+00:00\",\"breadcrumb\":{\"@id\":\"https:\/\/noticiasemdestaque.com\/cd\/?p=25482#breadcrumb\"},\"inLanguage\":\"pt-BR\",\"potentialAction\":[{\"@type\":\"ReadAction\",\"target\":[\"https:\/\/noticiasemdestaque.com\/cd\/?p=25482\"]}]},{\"@type\":\"ImageObject\",\"inLanguage\":\"pt-BR\",\"@id\":\"https:\/\/noticiasemdestaque.com\/cd\/?p=25482#primaryimage\",\"url\":\"https:\/\/noticiasemdestaque.com\/cd\/wp-content\/uploads\/2020\/06\/db156275-1a6a-4f96-8be7-0f3cc3c67a4d-1.jpg\",\"contentUrl\":\"https:\/\/noticiasemdestaque.com\/cd\/wp-content\/uploads\/2020\/06\/db156275-1a6a-4f96-8be7-0f3cc3c67a4d-1.jpg\",\"width\":546,\"height\":511},{\"@type\":\"BreadcrumbList\",\"@id\":\"https:\/\/noticiasemdestaque.com\/cd\/?p=25482#breadcrumb\",\"itemListElement\":[{\"@type\":\"ListItem\",\"position\":1,\"name\":\"In\u00edcio\",\"item\":\"https:\/\/noticiasemdestaque.com\/cd\/\"},{\"@type\":\"ListItem\",\"position\":2,\"name\":\"Vereador Antonio Carlos apresenta emenda a Lei Or\u00e7ament\u00e1ria de 2021, confira as solicita\u00e7\u00f5es\"}]},{\"@type\":\"WebSite\",\"@id\":\"https:\/\/noticiasemdestaque.com\/cd\/#website\",\"url\":\"https:\/\/noticiasemdestaque.com\/cd\/\",\"name\":\"Not&iacute;cias em Destaque\",\"description\":\"\",\"publisher\":{\"@id\":\"https:\/\/noticiasemdestaque.com\/cd\/#organization\"},\"potentialAction\":[{\"@type\":\"SearchAction\",\"target\":{\"@type\":\"EntryPoint\",\"urlTemplate\":\"https:\/\/noticiasemdestaque.com\/cd\/?s={search_term_string}\"},\"query-input\":{\"@type\":\"PropertyValueSpecification\",\"valueRequired\":true,\"valueName\":\"search_term_string\"}}],\"inLanguage\":\"pt-BR\"},{\"@type\":\"Organization\",\"@id\":\"https:\/\/noticiasemdestaque.com\/cd\/#organization\",\"name\":\"Not\u00edcias em Destaque\",\"url\":\"https:\/\/noticiasemdestaque.com\/cd\/\",\"logo\":{\"@type\":\"ImageObject\",\"inLanguage\":\"pt-BR\",\"@id\":\"https:\/\/noticiasemdestaque.com\/cd\/#\/schema\/logo\/image\/\",\"url\":\"https:\/\/noticiasemdestaque.com\/cd\/wp-content\/uploads\/2022\/05\/imagem-base-noticiasemdestaque.png\",\"contentUrl\":\"https:\/\/noticiasemdestaque.com\/cd\/wp-content\/uploads\/2022\/05\/imagem-base-noticiasemdestaque.png\",\"width\":1200,\"height\":630,\"caption\":\"Not\u00edcias em Destaque\"},\"image\":{\"@id\":\"https:\/\/noticiasemdestaque.com\/cd\/#\/schema\/logo\/image\/\"}},{\"@type\":\"Person\",\"@id\":\"https:\/\/noticiasemdestaque.com\/cd\/#\/schema\/person\/21320b03a7e8bb90128938dafc9b908a\",\"name\":\"Not\u00edcias em Destaque\",\"url\":\"https:\/\/noticiasemdestaque.com\/cd\/?author=2\"}]}<\/script>\n<!-- \/ Yoast SEO plugin. -->","yoast_head_json":{"title":"Vereador Antonio Carlos apresenta emenda a Lei Or\u00e7ament\u00e1ria de 2021, confira as solicita\u00e7\u00f5es - Not&iacute;cias em Destaque","robots":{"index":"index","follow":"follow","max-snippet":"max-snippet:-1","max-image-preview":"max-image-preview:large","max-video-preview":"max-video-preview:-1"},"canonical":"https:\/\/noticiasemdestaque.com\/cd\/?p=25482","og_locale":"pt_BR","og_type":"article","og_title":"Vereador Antonio Carlos apresenta emenda a Lei Or\u00e7ament\u00e1ria de 2021, confira as solicita\u00e7\u00f5es - Not&iacute;cias em Destaque","og_description":"Durante reuni\u00e3o da C\u00e2mara de Vereadores de Sum\u00e9 realizada nesta segunda-feira (22), o vereador Antonio Carlos Sarmento, apresentou emenda aditiva 03\/2020 a Lei Or\u00e7ament\u00e1ria de 2021. Confira as solicita\u00e7\u00f5es: Amplia\u00e7\u00e3o de rede de ilumina\u00e7\u00e3o p\u00fablica &#8211; Campo de avia\u00e7\u00e3o do munic\u00edpio. Perfura\u00e7\u00e3o e instala\u00e7\u00e3o de po\u00e7os. &#8211; S\u00edtio Riacho da Ro\u00e7a (pr\u00f3ximo ao Posto de Sa\u00fade) &#8211; S\u00edtio Santo Agostinho (pr\u00f3ximo a D\u00e9da\/Chico Preto) &#8211; S\u00edtio Ju\u00e1 -S\u00edtio Cachoeirinha de Baixo Constru\u00e7\u00e3o e revitaliza\u00e7\u00e3o de a\u00e7udes, barreiros e barragens subterr\u00e2neas &#8211; S\u00edtio Formigueiro (recupera\u00e7\u00e3o A\u00e7ude do Formigueiro) -S\u00edtio Concei\u00e7\u00e3o e Cachoeirinha de Baixo (limpeza da barragem) Constru\u00e7\u00e3o de Passagens molhadas &#8211; Passagem molhada para o Assentamento Z\u00e9 Marcolino (acesso a Vila) &#8211; Passagem molhada no S\u00edtio Riach\u00e3o (pr\u00f3ximo a Silvino) &#8211; Passagem molhada no S\u00edtio Agreste (pr\u00f3ximo a Aderaldo) &#8211; Passagem molhada no S\u00edtio Catonho &#8211; Passagem molhada no Assentamento Mandacar\u00fa &#8211; Passagem molhada no S\u00edtio Formigueiro\/Serrote Verde &#8211; Passagem molhada S\u00edtio Xique-xique e acesso Cachoeirinha &#8211; Passagem molhada no S\u00edtio Concei\u00e7\u00e3o &#8211; Passagem molhada no Riacho das Porteiras &#8211; Passagem molhada na Vila do Formigueiro &#8211; Passagem molhada no S\u00edtio Terra Vermelha (pr\u00f3ximo a Zezinho da Ladeira). &#8211; Passagem molhada entre os s\u00edtios Agreste e Jurema (pr\u00f3ximo ao Sr. Euclides) Aquisi\u00e7\u00e3o de ve\u00edculo e equipamento para a sa\u00fade &#8211; Ambul\u00e2ncia para o Hospital e Maternidade Alice de Almeida. &#8211; Um ve\u00edculo para a Vigil\u00e2ncia Sanit\u00e1ria do Munic\u00edpio. &#8211; Tr\u00eas motocicletas para os Agentes de Controle de Endemias. Durante a reuni\u00e3o foi aprovado ainda, o Projeto de Lei n\u00ba 598 de 2020, que autoriza do Poder Executivo a conceder incentivo tempor\u00e1rio e transit\u00f3rio durante os meses de junho e julho aos servidores que exercem atividades presenciais de enfrentamento, preven\u00e7\u00e3o e combate ao coronav\u00edrus (COVID 19), nos valores de R$ 250,00 (duzentos e cinquenta reais), para profissionais de n\u00edvel m\u00e9dio e R$ 390,00 (trezentos e noventa reais), para profissionais de n\u00edvel superior. Em of\u00edcio encaminhado ao prefeito \u00c9den Duarte, no dia 06 de maio, o vereador Antonio Carlos, havia solicitado o beneficio para os servidores que est\u00e3o no enfrentamento ao coronav\u00edrus. Not\u00edcias em Destaque &nbsp;","og_url":"https:\/\/noticiasemdestaque.com\/cd\/?p=25482","og_site_name":"Not&iacute;cias em Destaque","article_published_time":"2020-06-22T22:54:39+00:00","article_modified_time":"2020-06-22T23:14:33+00:00","og_image":[{"width":546,"height":511,"url":"https:\/\/noticiasemdestaque.com\/cd\/wp-content\/uploads\/2020\/06\/db156275-1a6a-4f96-8be7-0f3cc3c67a4d-1.jpg","type":"image\/jpeg"}],"author":"Not\u00edcias em Destaque","twitter_card":"summary_large_image","twitter_misc":{"Escrito por":"Not\u00edcias em Destaque","Est. tempo de leitura":"2 minutos"},"schema":{"@context":"https:\/\/schema.org","@graph":[{"@type":"Article","@id":"https:\/\/noticiasemdestaque.com\/cd\/?p=25482#article","isPartOf":{"@id":"https:\/\/noticiasemdestaque.com\/cd\/?p=25482"},"author":{"name":"Not\u00edcias em Destaque","@id":"https:\/\/noticiasemdestaque.com\/cd\/#\/schema\/person\/21320b03a7e8bb90128938dafc9b908a"},"headline":"Vereador Antonio Carlos apresenta emenda a Lei Or\u00e7ament\u00e1ria de 2021, confira as solicita\u00e7\u00f5es","datePublished":"2020-06-22T22:54:39+00:00","dateModified":"2020-06-22T23:14:33+00:00","mainEntityOfPage":{"@id":"https:\/\/noticiasemdestaque.com\/cd\/?p=25482"},"wordCount":419,"publisher":{"@id":"https:\/\/noticiasemdestaque.com\/cd\/#organization"},"image":{"@id":"https:\/\/noticiasemdestaque.com\/cd\/?p=25482#primaryimage"},"thumbnailUrl":"https:\/\/noticiasemdestaque.com\/cd\/wp-content\/uploads\/2020\/06\/db156275-1a6a-4f96-8be7-0f3cc3c67a4d-1.jpg","articleSection":["Cidades"],"inLanguage":"pt-BR"},{"@type":"WebPage","@id":"https:\/\/noticiasemdestaque.com\/cd\/?p=25482","url":"https:\/\/noticiasemdestaque.com\/cd\/?p=25482","name":"Vereador Antonio Carlos apresenta emenda a Lei Or\u00e7ament\u00e1ria de 2021, confira as solicita\u00e7\u00f5es - Not&iacute;cias em Destaque","isPartOf":{"@id":"https:\/\/noticiasemdestaque.com\/cd\/#website"},"primaryImageOfPage":{"@id":"https:\/\/noticiasemdestaque.com\/cd\/?p=25482#primaryimage"},"image":{"@id":"https:\/\/noticiasemdestaque.com\/cd\/?p=25482#primaryimage"},"thumbnailUrl":"https:\/\/noticiasemdestaque.com\/cd\/wp-content\/uploads\/2020\/06\/db156275-1a6a-4f96-8be7-0f3cc3c67a4d-1.jpg","datePublished":"2020-06-22T22:54:39+00:00","dateModified":"2020-06-22T23:14:33+00:00","breadcrumb":{"@id":"https:\/\/noticiasemdestaque.com\/cd\/?p=25482#breadcrumb"},"inLanguage":"pt-BR","potentialAction":[{"@type":"ReadAction","target":["https:\/\/noticiasemdestaque.com\/cd\/?p=25482"]}]},{"@type":"ImageObject","inLanguage":"pt-BR","@id":"https:\/\/noticiasemdestaque.com\/cd\/?p=25482#primaryimage","url":"https:\/\/noticiasemdestaque.com\/cd\/wp-content\/uploads\/2020\/06\/db156275-1a6a-4f96-8be7-0f3cc3c67a4d-1.jpg","contentUrl":"https:\/\/noticiasemdestaque.com\/cd\/wp-content\/uploads\/2020\/06\/db156275-1a6a-4f96-8be7-0f3cc3c67a4d-1.jpg","width":546,"height":511},{"@type":"BreadcrumbList","@id":"https:\/\/noticiasemdestaque.com\/cd\/?p=25482#breadcrumb","itemListElement":[{"@type":"ListItem","position":1,"name":"In\u00edcio","item":"https:\/\/noticiasemdestaque.com\/cd\/"},{"@type":"ListItem","position":2,"name":"Vereador Antonio Carlos apresenta emenda a Lei Or\u00e7ament\u00e1ria de 2021, confira as solicita\u00e7\u00f5es"}]},{"@type":"WebSite","@id":"https:\/\/noticiasemdestaque.com\/cd\/#website","url":"https:\/\/noticiasemdestaque.com\/cd\/","name":"Not&iacute;cias em Destaque","description":"","publisher":{"@id":"https:\/\/noticiasemdestaque.com\/cd\/#organization"},"potentialAction":[{"@type":"SearchAction","target":{"@type":"EntryPoint","urlTemplate":"https:\/\/noticiasemdestaque.com\/cd\/?s={search_term_string}"},"query-input":{"@type":"PropertyValueSpecification","valueRequired":true,"valueName":"search_term_string"}}],"inLanguage":"pt-BR"},{"@type":"Organization","@id":"https:\/\/noticiasemdestaque.com\/cd\/#organization","name":"Not\u00edcias em Destaque","url":"https:\/\/noticiasemdestaque.com\/cd\/","logo":{"@type":"ImageObject","inLanguage":"pt-BR","@id":"https:\/\/noticiasemdestaque.com\/cd\/#\/schema\/logo\/image\/","url":"https:\/\/noticiasemdestaque.com\/cd\/wp-content\/uploads\/2022\/05\/imagem-base-noticiasemdestaque.png","contentUrl":"https:\/\/noticiasemdestaque.com\/cd\/wp-content\/uploads\/2022\/05\/imagem-base-noticiasemdestaque.png","width":1200,"height":630,"caption":"Not\u00edcias em Destaque"},"image":{"@id":"https:\/\/noticiasemdestaque.com\/cd\/#\/schema\/logo\/image\/"}},{"@type":"Person","@id":"https:\/\/noticiasemdestaque.com\/cd\/#\/schema\/person\/21320b03a7e8bb90128938dafc9b908a","name":"Not\u00edcias em Destaque","url":"https:\/\/noticiasemdestaque.com\/cd\/?author=2"}]}},"jetpack_featured_media_url":"https:\/\/noticiasemdestaque.com\/cd\/wp-content\/uploads\/2020\/06\/db156275-1a6a-4f96-8be7-0f3cc3c67a4d-1.jpg","jetpack_sharing_enabled":true,"_links":{"self":[{"href":"https:\/\/noticiasemdestaque.com\/cd\/index.php?rest_route=\/wp\/v2\/posts\/25482","targetHints":{"allow":["GET"]}}],"collection":[{"href":"https:\/\/noticiasemdestaque.com\/cd\/index.php?rest_route=\/wp\/v2\/posts"}],"about":[{"href":"https:\/\/noticiasemdestaque.com\/cd\/index.php?rest_route=\/wp\/v2\/types\/post"}],"author":[{"embeddable":true,"href":"https:\/\/noticiasemdestaque.com\/cd\/index.php?rest_route=\/wp\/v2\/users\/2"}],"replies":[{"embeddable":true,"href":"https:\/\/noticiasemdestaque.com\/cd\/index.php?rest_route=%2Fwp%2Fv2%2Fcomments&post=25482"}],"version-history":[{"count":2,"href":"https:\/\/noticiasemdestaque.com\/cd\/index.php?rest_route=\/wp\/v2\/posts\/25482\/revisions"}],"predecessor-version":[{"id":25495,"href":"https:\/\/noticiasemdestaque.com\/cd\/index.php?rest_route=\/wp\/v2\/posts\/25482\/revisions\/25495"}],"wp:featuredmedia":[{"embeddable":true,"href":"https:\/\/noticiasemdestaque.com\/cd\/index.php?rest_route=\/wp\/v2\/media\/25491"}],"wp:attachment":[{"href":"https:\/\/noticiasemdestaque.com\/cd\/index.php?rest_route=%2Fwp%2Fv2%2Fmedia&parent=25482"}],"wp:term":[{"taxonomy":"category","embeddable":true,"href":"https:\/\/noticiasemdestaque.com\/cd\/index.php?rest_route=%2Fwp%2Fv2%2Fcategories&post=25482"},{"taxonomy":"post_tag","embeddable":true,"href":"https:\/\/noticiasemdestaque.com\/cd\/index.php?rest_route=%2Fwp%2Fv2%2Ftags&post=25482"}],"curies":[{"name":"wp","href":"https:\/\/api.w.org\/{rel}","templated":true}]}}