{"id":25448,"date":"2020-06-21T21:08:10","date_gmt":"2020-06-22T00:08:10","guid":{"rendered":"http:\/\/noticiasemdestaque.com\/cd\/?p=25448"},"modified":"2020-06-21T21:17:34","modified_gmt":"2020-06-22T00:17:34","slug":"video-bira-mariano-sobre-um-dia-comandar-camalau-nao-faco-politica-atropelando-ninguem-tudo-tem-seu-tempo","status":"publish","type":"post","link":"https:\/\/noticiasemdestaque.com\/cd\/?p=25448","title":{"rendered":"V\u00cdDEO: Bira Mariano sobre um dia comandar Camala\u00fa: \u201cN\u00e3o fa\u00e7o pol\u00edtica atropelando ningu\u00e9m, tudo tem seu tempo\u201d"},"content":{"rendered":"<p><a href=\"https:\/\/noticiasemdestaque.com\/cd\/wp-content\/uploads\/2020\/06\/cats-2.jpg\"><img fetchpriority=\"high\" decoding=\"async\" class=\"size-full wp-image-25449 aligncenter\" src=\"https:\/\/noticiasemdestaque.com\/cd\/wp-content\/uploads\/2020\/06\/cats-2.jpg\" alt=\"\" width=\"478\" height=\"226\" srcset=\"https:\/\/noticiasemdestaque.com\/cd\/wp-content\/uploads\/2020\/06\/cats-2.jpg 478w, https:\/\/noticiasemdestaque.com\/cd\/wp-content\/uploads\/2020\/06\/cats-2-300x142.jpg 300w\" sizes=\"(max-width: 478px) 100vw, 478px\" \/><\/a><\/p>\n<p>O vereador Bira Mariano (Podemos), foi entrevistado na \u00faltima semana no Papo de Quinta do Not\u00edcias em Destaque.<\/p>\n<p>Atualmente no segundo mandato, Bira Mariano \u00e9 filho do ex-prefeito de Camala\u00fa, Ant\u00f4nio Mariano, e confirmou que ir\u00e1 disputar a reelei\u00e7\u00e3o.<\/p>\n<p>Na oportunidade ele foi questionado sobre a possibilidade de um dia comandar o Executivo do munic\u00edpio de Camala\u00fa. O vereador afirmou que isso n\u00e3o \u00e9 uma obsess\u00e3o: \u201cPensar eu penso, mas n\u00e3o fa\u00e7o pol\u00edtica atropelando ningu\u00e9m, tudo tem seu tempo\u201d.<\/p>\n<p><iframe title=\"V\u00cdDEO: Bira Mariano sobre um dia comandar Camala\u00fa\" width=\"800\" height=\"450\" src=\"https:\/\/www.youtube.com\/embed\/rvfz67Tu0k0?feature=oembed\" frameborder=\"0\" allow=\"accelerometer; autoplay; clipboard-write; encrypted-media; gyroscope; picture-in-picture; web-share\" referrerpolicy=\"strict-origin-when-cross-origin\" allowfullscreen><\/iframe><\/p>\n<p>Bira Mariano confirmou ainda na entrevista apoio a reelei\u00e7\u00e3o do atual prefeito de Camala\u00fa Sandro M\u00f4co.<\/p>\n<p>O Programa Papo de Quinta vai ao ar todas as quintas-feiras a partir das 19h na P\u00e1gina do Facebook do Not\u00edcias em Destaque, com apresenta\u00e7\u00e3o de Rodolfo Silva e Jacquelline Oliveira.<\/p>\n<p><strong>Confira a entrevista completa:\u00a0<\/strong><\/p>\n<div class=\"fb-video\" data-allowfullscreen=\"true\" data-href=\"https:\/\/www.facebook.com\/noticiasemdestaqueND\/videos\/310538457006451\/\" style=\"background-color: #fff; display: inline-block;\"><\/div>\n<p><strong><em>Not\u00edcias em Destaque<\/em><\/strong><\/p>\n<p>&nbsp;<\/p>\n<p>&nbsp;<\/p>\n","protected":false},"excerpt":{"rendered":"<p>O vereador Bira Mariano (Podemos), foi entrevistado na \u00faltima semana no Papo de Quinta do Not\u00edcias em Destaque. Atualmente no segundo mandato, Bira Mariano \u00e9 filho do ex-prefeito de Camala\u00fa, Ant\u00f4nio Mariano, e confirmou que ir\u00e1 disputar a reelei\u00e7\u00e3o. Na oportunidade ele foi questionado sobre a possibilidade de um dia comandar o Executivo do munic\u00edpio de Camala\u00fa. O vereador afirmou que isso n\u00e3o \u00e9 uma obsess\u00e3o: \u201cPensar eu penso, mas n\u00e3o fa\u00e7o pol\u00edtica atropelando ningu\u00e9m, tudo tem seu tempo\u201d. Bira Mariano confirmou ainda na entrevista apoio a reelei\u00e7\u00e3o do atual prefeito de Camala\u00fa Sandro M\u00f4co. O Programa Papo de Quinta vai ao ar todas as quintas-feiras a partir das 19h na P\u00e1gina do Facebook do Not\u00edcias em Destaque, com apresenta\u00e7\u00e3o de Rodolfo Silva e Jacquelline Oliveira. Confira a entrevista completa:\u00a0 Not\u00edcias em Destaque &nbsp; &nbsp;<\/p>\n","protected":false},"author":2,"featured_media":25449,"comment_status":"closed","ping_status":"open","sticky":false,"template":"","format":"standard","meta":{"_eb_attr":"","_jetpack_memberships_contains_paid_content":false,"footnotes":""},"categories":[4],"tags":[],"class_list":["post-25448","post","type-post","status-publish","format-standard","has-post-thumbnail","hentry","category-politica"],"yoast_head":"<!-- This site is optimized with the Yoast SEO plugin v26.5 - https:\/\/yoast.com\/wordpress\/plugins\/seo\/ -->\n<title>V\u00cdDEO: Bira Mariano sobre um dia comandar Camala\u00fa: \u201cN\u00e3o fa\u00e7o pol\u00edtica atropelando ningu\u00e9m, tudo tem seu tempo\u201d - Not&iacute;cias em Destaque<\/title>\n<meta name=\"robots\" content=\"index, follow, max-snippet:-1, max-image-preview:large, max-video-preview:-1\" \/>\n<link rel=\"canonical\" href=\"https:\/\/noticiasemdestaque.com\/cd\/?p=25448\" \/>\n<meta property=\"og:locale\" content=\"pt_BR\" \/>\n<meta property=\"og:type\" content=\"article\" \/>\n<meta property=\"og:title\" content=\"V\u00cdDEO: Bira Mariano sobre um dia comandar Camala\u00fa: \u201cN\u00e3o fa\u00e7o pol\u00edtica atropelando ningu\u00e9m, tudo tem seu tempo\u201d - Not&iacute;cias em Destaque\" \/>\n<meta property=\"og:description\" content=\"O vereador Bira Mariano (Podemos), foi entrevistado na \u00faltima semana no Papo de Quinta do Not\u00edcias em Destaque. Atualmente no segundo mandato, Bira Mariano \u00e9 filho do ex-prefeito de Camala\u00fa, Ant\u00f4nio Mariano, e confirmou que ir\u00e1 disputar a reelei\u00e7\u00e3o. Na oportunidade ele foi questionado sobre a possibilidade de um dia comandar o Executivo do munic\u00edpio de Camala\u00fa. O vereador afirmou que isso n\u00e3o \u00e9 uma obsess\u00e3o: \u201cPensar eu penso, mas n\u00e3o fa\u00e7o pol\u00edtica atropelando ningu\u00e9m, tudo tem seu tempo\u201d. Bira Mariano confirmou ainda na entrevista apoio a reelei\u00e7\u00e3o do atual prefeito de Camala\u00fa Sandro M\u00f4co. O Programa Papo de Quinta vai ao ar todas as quintas-feiras a partir das 19h na P\u00e1gina do Facebook do Not\u00edcias em Destaque, com apresenta\u00e7\u00e3o de Rodolfo Silva e Jacquelline Oliveira. Confira a entrevista completa:\u00a0 Not\u00edcias em Destaque &nbsp; &nbsp;\" \/>\n<meta property=\"og:url\" content=\"https:\/\/noticiasemdestaque.com\/cd\/?p=25448\" \/>\n<meta property=\"og:site_name\" content=\"Not&iacute;cias em Destaque\" \/>\n<meta property=\"article:published_time\" content=\"2020-06-22T00:08:10+00:00\" \/>\n<meta property=\"article:modified_time\" content=\"2020-06-22T00:17:34+00:00\" \/>\n<meta property=\"og:image\" content=\"https:\/\/noticiasemdestaque.com\/cd\/wp-content\/uploads\/2020\/06\/cats-2.jpg\" \/>\n\t<meta property=\"og:image:width\" content=\"478\" \/>\n\t<meta property=\"og:image:height\" content=\"226\" \/>\n\t<meta property=\"og:image:type\" content=\"image\/jpeg\" \/>\n<meta name=\"author\" content=\"Not\u00edcias em Destaque\" \/>\n<meta name=\"twitter:card\" content=\"summary_large_image\" \/>\n<meta name=\"twitter:label1\" content=\"Escrito por\" \/>\n\t<meta name=\"twitter:data1\" content=\"Not\u00edcias em Destaque\" \/>\n\t<meta name=\"twitter:label2\" content=\"Est. tempo de leitura\" \/>\n\t<meta name=\"twitter:data2\" content=\"1 minuto\" \/>\n<script type=\"application\/ld+json\" class=\"yoast-schema-graph\">{\"@context\":\"https:\/\/schema.org\",\"@graph\":[{\"@type\":\"Article\",\"@id\":\"https:\/\/noticiasemdestaque.com\/cd\/?p=25448#article\",\"isPartOf\":{\"@id\":\"https:\/\/noticiasemdestaque.com\/cd\/?p=25448\"},\"author\":{\"name\":\"Not\u00edcias em Destaque\",\"@id\":\"https:\/\/noticiasemdestaque.com\/cd\/#\/schema\/person\/21320b03a7e8bb90128938dafc9b908a\"},\"headline\":\"V\u00cdDEO: Bira Mariano sobre um dia comandar Camala\u00fa: \u201cN\u00e3o fa\u00e7o pol\u00edtica atropelando ningu\u00e9m, tudo tem seu tempo\u201d\",\"datePublished\":\"2020-06-22T00:08:10+00:00\",\"dateModified\":\"2020-06-22T00:17:34+00:00\",\"mainEntityOfPage\":{\"@id\":\"https:\/\/noticiasemdestaque.com\/cd\/?p=25448\"},\"wordCount\":183,\"publisher\":{\"@id\":\"https:\/\/noticiasemdestaque.com\/cd\/#organization\"},\"image\":{\"@id\":\"https:\/\/noticiasemdestaque.com\/cd\/?p=25448#primaryimage\"},\"thumbnailUrl\":\"https:\/\/noticiasemdestaque.com\/cd\/wp-content\/uploads\/2020\/06\/cats-2.jpg\",\"articleSection\":[\"Pol\u00edtica\"],\"inLanguage\":\"pt-BR\"},{\"@type\":\"WebPage\",\"@id\":\"https:\/\/noticiasemdestaque.com\/cd\/?p=25448\",\"url\":\"https:\/\/noticiasemdestaque.com\/cd\/?p=25448\",\"name\":\"V\u00cdDEO: Bira Mariano sobre um dia comandar Camala\u00fa: \u201cN\u00e3o fa\u00e7o pol\u00edtica atropelando ningu\u00e9m, tudo tem seu tempo\u201d - Not&iacute;cias em Destaque\",\"isPartOf\":{\"@id\":\"https:\/\/noticiasemdestaque.com\/cd\/#website\"},\"primaryImageOfPage\":{\"@id\":\"https:\/\/noticiasemdestaque.com\/cd\/?p=25448#primaryimage\"},\"image\":{\"@id\":\"https:\/\/noticiasemdestaque.com\/cd\/?p=25448#primaryimage\"},\"thumbnailUrl\":\"https:\/\/noticiasemdestaque.com\/cd\/wp-content\/uploads\/2020\/06\/cats-2.jpg\",\"datePublished\":\"2020-06-22T00:08:10+00:00\",\"dateModified\":\"2020-06-22T00:17:34+00:00\",\"breadcrumb\":{\"@id\":\"https:\/\/noticiasemdestaque.com\/cd\/?p=25448#breadcrumb\"},\"inLanguage\":\"pt-BR\",\"potentialAction\":[{\"@type\":\"ReadAction\",\"target\":[\"https:\/\/noticiasemdestaque.com\/cd\/?p=25448\"]}]},{\"@type\":\"ImageObject\",\"inLanguage\":\"pt-BR\",\"@id\":\"https:\/\/noticiasemdestaque.com\/cd\/?p=25448#primaryimage\",\"url\":\"https:\/\/noticiasemdestaque.com\/cd\/wp-content\/uploads\/2020\/06\/cats-2.jpg\",\"contentUrl\":\"https:\/\/noticiasemdestaque.com\/cd\/wp-content\/uploads\/2020\/06\/cats-2.jpg\",\"width\":478,\"height\":226},{\"@type\":\"BreadcrumbList\",\"@id\":\"https:\/\/noticiasemdestaque.com\/cd\/?p=25448#breadcrumb\",\"itemListElement\":[{\"@type\":\"ListItem\",\"position\":1,\"name\":\"In\u00edcio\",\"item\":\"https:\/\/noticiasemdestaque.com\/cd\/\"},{\"@type\":\"ListItem\",\"position\":2,\"name\":\"V\u00cdDEO: Bira Mariano sobre um dia comandar Camala\u00fa: \u201cN\u00e3o fa\u00e7o pol\u00edtica atropelando ningu\u00e9m, tudo tem seu tempo\u201d\"}]},{\"@type\":\"WebSite\",\"@id\":\"https:\/\/noticiasemdestaque.com\/cd\/#website\",\"url\":\"https:\/\/noticiasemdestaque.com\/cd\/\",\"name\":\"Not&iacute;cias em Destaque\",\"description\":\"\",\"publisher\":{\"@id\":\"https:\/\/noticiasemdestaque.com\/cd\/#organization\"},\"potentialAction\":[{\"@type\":\"SearchAction\",\"target\":{\"@type\":\"EntryPoint\",\"urlTemplate\":\"https:\/\/noticiasemdestaque.com\/cd\/?s={search_term_string}\"},\"query-input\":{\"@type\":\"PropertyValueSpecification\",\"valueRequired\":true,\"valueName\":\"search_term_string\"}}],\"inLanguage\":\"pt-BR\"},{\"@type\":\"Organization\",\"@id\":\"https:\/\/noticiasemdestaque.com\/cd\/#organization\",\"name\":\"Not\u00edcias em Destaque\",\"url\":\"https:\/\/noticiasemdestaque.com\/cd\/\",\"logo\":{\"@type\":\"ImageObject\",\"inLanguage\":\"pt-BR\",\"@id\":\"https:\/\/noticiasemdestaque.com\/cd\/#\/schema\/logo\/image\/\",\"url\":\"https:\/\/noticiasemdestaque.com\/cd\/wp-content\/uploads\/2022\/05\/imagem-base-noticiasemdestaque.png\",\"contentUrl\":\"https:\/\/noticiasemdestaque.com\/cd\/wp-content\/uploads\/2022\/05\/imagem-base-noticiasemdestaque.png\",\"width\":1200,\"height\":630,\"caption\":\"Not\u00edcias em Destaque\"},\"image\":{\"@id\":\"https:\/\/noticiasemdestaque.com\/cd\/#\/schema\/logo\/image\/\"}},{\"@type\":\"Person\",\"@id\":\"https:\/\/noticiasemdestaque.com\/cd\/#\/schema\/person\/21320b03a7e8bb90128938dafc9b908a\",\"name\":\"Not\u00edcias em Destaque\",\"url\":\"https:\/\/noticiasemdestaque.com\/cd\/?author=2\"}]}<\/script>\n<!-- \/ Yoast SEO plugin. -->","yoast_head_json":{"title":"V\u00cdDEO: Bira Mariano sobre um dia comandar Camala\u00fa: \u201cN\u00e3o fa\u00e7o pol\u00edtica atropelando ningu\u00e9m, tudo tem seu tempo\u201d - Not&iacute;cias em Destaque","robots":{"index":"index","follow":"follow","max-snippet":"max-snippet:-1","max-image-preview":"max-image-preview:large","max-video-preview":"max-video-preview:-1"},"canonical":"https:\/\/noticiasemdestaque.com\/cd\/?p=25448","og_locale":"pt_BR","og_type":"article","og_title":"V\u00cdDEO: Bira Mariano sobre um dia comandar Camala\u00fa: \u201cN\u00e3o fa\u00e7o pol\u00edtica atropelando ningu\u00e9m, tudo tem seu tempo\u201d - Not&iacute;cias em Destaque","og_description":"O vereador Bira Mariano (Podemos), foi entrevistado na \u00faltima semana no Papo de Quinta do Not\u00edcias em Destaque. Atualmente no segundo mandato, Bira Mariano \u00e9 filho do ex-prefeito de Camala\u00fa, Ant\u00f4nio Mariano, e confirmou que ir\u00e1 disputar a reelei\u00e7\u00e3o. Na oportunidade ele foi questionado sobre a possibilidade de um dia comandar o Executivo do munic\u00edpio de Camala\u00fa. O vereador afirmou que isso n\u00e3o \u00e9 uma obsess\u00e3o: \u201cPensar eu penso, mas n\u00e3o fa\u00e7o pol\u00edtica atropelando ningu\u00e9m, tudo tem seu tempo\u201d. Bira Mariano confirmou ainda na entrevista apoio a reelei\u00e7\u00e3o do atual prefeito de Camala\u00fa Sandro M\u00f4co. O Programa Papo de Quinta vai ao ar todas as quintas-feiras a partir das 19h na P\u00e1gina do Facebook do Not\u00edcias em Destaque, com apresenta\u00e7\u00e3o de Rodolfo Silva e Jacquelline Oliveira. Confira a entrevista completa:\u00a0 Not\u00edcias em Destaque &nbsp; &nbsp;","og_url":"https:\/\/noticiasemdestaque.com\/cd\/?p=25448","og_site_name":"Not&iacute;cias em Destaque","article_published_time":"2020-06-22T00:08:10+00:00","article_modified_time":"2020-06-22T00:17:34+00:00","og_image":[{"width":478,"height":226,"url":"https:\/\/noticiasemdestaque.com\/cd\/wp-content\/uploads\/2020\/06\/cats-2.jpg","type":"image\/jpeg"}],"author":"Not\u00edcias em Destaque","twitter_card":"summary_large_image","twitter_misc":{"Escrito por":"Not\u00edcias em Destaque","Est. tempo de leitura":"1 minuto"},"schema":{"@context":"https:\/\/schema.org","@graph":[{"@type":"Article","@id":"https:\/\/noticiasemdestaque.com\/cd\/?p=25448#article","isPartOf":{"@id":"https:\/\/noticiasemdestaque.com\/cd\/?p=25448"},"author":{"name":"Not\u00edcias em Destaque","@id":"https:\/\/noticiasemdestaque.com\/cd\/#\/schema\/person\/21320b03a7e8bb90128938dafc9b908a"},"headline":"V\u00cdDEO: Bira Mariano sobre um dia comandar Camala\u00fa: \u201cN\u00e3o fa\u00e7o pol\u00edtica atropelando ningu\u00e9m, tudo tem seu tempo\u201d","datePublished":"2020-06-22T00:08:10+00:00","dateModified":"2020-06-22T00:17:34+00:00","mainEntityOfPage":{"@id":"https:\/\/noticiasemdestaque.com\/cd\/?p=25448"},"wordCount":183,"publisher":{"@id":"https:\/\/noticiasemdestaque.com\/cd\/#organization"},"image":{"@id":"https:\/\/noticiasemdestaque.com\/cd\/?p=25448#primaryimage"},"thumbnailUrl":"https:\/\/noticiasemdestaque.com\/cd\/wp-content\/uploads\/2020\/06\/cats-2.jpg","articleSection":["Pol\u00edtica"],"inLanguage":"pt-BR"},{"@type":"WebPage","@id":"https:\/\/noticiasemdestaque.com\/cd\/?p=25448","url":"https:\/\/noticiasemdestaque.com\/cd\/?p=25448","name":"V\u00cdDEO: Bira Mariano sobre um dia comandar Camala\u00fa: \u201cN\u00e3o fa\u00e7o pol\u00edtica atropelando ningu\u00e9m, tudo tem seu tempo\u201d - Not&iacute;cias em Destaque","isPartOf":{"@id":"https:\/\/noticiasemdestaque.com\/cd\/#website"},"primaryImageOfPage":{"@id":"https:\/\/noticiasemdestaque.com\/cd\/?p=25448#primaryimage"},"image":{"@id":"https:\/\/noticiasemdestaque.com\/cd\/?p=25448#primaryimage"},"thumbnailUrl":"https:\/\/noticiasemdestaque.com\/cd\/wp-content\/uploads\/2020\/06\/cats-2.jpg","datePublished":"2020-06-22T00:08:10+00:00","dateModified":"2020-06-22T00:17:34+00:00","breadcrumb":{"@id":"https:\/\/noticiasemdestaque.com\/cd\/?p=25448#breadcrumb"},"inLanguage":"pt-BR","potentialAction":[{"@type":"ReadAction","target":["https:\/\/noticiasemdestaque.com\/cd\/?p=25448"]}]},{"@type":"ImageObject","inLanguage":"pt-BR","@id":"https:\/\/noticiasemdestaque.com\/cd\/?p=25448#primaryimage","url":"https:\/\/noticiasemdestaque.com\/cd\/wp-content\/uploads\/2020\/06\/cats-2.jpg","contentUrl":"https:\/\/noticiasemdestaque.com\/cd\/wp-content\/uploads\/2020\/06\/cats-2.jpg","width":478,"height":226},{"@type":"BreadcrumbList","@id":"https:\/\/noticiasemdestaque.com\/cd\/?p=25448#breadcrumb","itemListElement":[{"@type":"ListItem","position":1,"name":"In\u00edcio","item":"https:\/\/noticiasemdestaque.com\/cd\/"},{"@type":"ListItem","position":2,"name":"V\u00cdDEO: Bira Mariano sobre um dia comandar Camala\u00fa: \u201cN\u00e3o fa\u00e7o pol\u00edtica atropelando ningu\u00e9m, tudo tem seu tempo\u201d"}]},{"@type":"WebSite","@id":"https:\/\/noticiasemdestaque.com\/cd\/#website","url":"https:\/\/noticiasemdestaque.com\/cd\/","name":"Not&iacute;cias em Destaque","description":"","publisher":{"@id":"https:\/\/noticiasemdestaque.com\/cd\/#organization"},"potentialAction":[{"@type":"SearchAction","target":{"@type":"EntryPoint","urlTemplate":"https:\/\/noticiasemdestaque.com\/cd\/?s={search_term_string}"},"query-input":{"@type":"PropertyValueSpecification","valueRequired":true,"valueName":"search_term_string"}}],"inLanguage":"pt-BR"},{"@type":"Organization","@id":"https:\/\/noticiasemdestaque.com\/cd\/#organization","name":"Not\u00edcias em Destaque","url":"https:\/\/noticiasemdestaque.com\/cd\/","logo":{"@type":"ImageObject","inLanguage":"pt-BR","@id":"https:\/\/noticiasemdestaque.com\/cd\/#\/schema\/logo\/image\/","url":"https:\/\/noticiasemdestaque.com\/cd\/wp-content\/uploads\/2022\/05\/imagem-base-noticiasemdestaque.png","contentUrl":"https:\/\/noticiasemdestaque.com\/cd\/wp-content\/uploads\/2022\/05\/imagem-base-noticiasemdestaque.png","width":1200,"height":630,"caption":"Not\u00edcias em Destaque"},"image":{"@id":"https:\/\/noticiasemdestaque.com\/cd\/#\/schema\/logo\/image\/"}},{"@type":"Person","@id":"https:\/\/noticiasemdestaque.com\/cd\/#\/schema\/person\/21320b03a7e8bb90128938dafc9b908a","name":"Not\u00edcias em Destaque","url":"https:\/\/noticiasemdestaque.com\/cd\/?author=2"}]}},"jetpack_featured_media_url":"https:\/\/noticiasemdestaque.com\/cd\/wp-content\/uploads\/2020\/06\/cats-2.jpg","jetpack_sharing_enabled":true,"_links":{"self":[{"href":"https:\/\/noticiasemdestaque.com\/cd\/index.php?rest_route=\/wp\/v2\/posts\/25448","targetHints":{"allow":["GET"]}}],"collection":[{"href":"https:\/\/noticiasemdestaque.com\/cd\/index.php?rest_route=\/wp\/v2\/posts"}],"about":[{"href":"https:\/\/noticiasemdestaque.com\/cd\/index.php?rest_route=\/wp\/v2\/types\/post"}],"author":[{"embeddable":true,"href":"https:\/\/noticiasemdestaque.com\/cd\/index.php?rest_route=\/wp\/v2\/users\/2"}],"replies":[{"embeddable":true,"href":"https:\/\/noticiasemdestaque.com\/cd\/index.php?rest_route=%2Fwp%2Fv2%2Fcomments&post=25448"}],"version-history":[{"count":7,"href":"https:\/\/noticiasemdestaque.com\/cd\/index.php?rest_route=\/wp\/v2\/posts\/25448\/revisions"}],"predecessor-version":[{"id":25456,"href":"https:\/\/noticiasemdestaque.com\/cd\/index.php?rest_route=\/wp\/v2\/posts\/25448\/revisions\/25456"}],"wp:featuredmedia":[{"embeddable":true,"href":"https:\/\/noticiasemdestaque.com\/cd\/index.php?rest_route=\/wp\/v2\/media\/25449"}],"wp:attachment":[{"href":"https:\/\/noticiasemdestaque.com\/cd\/index.php?rest_route=%2Fwp%2Fv2%2Fmedia&parent=25448"}],"wp:term":[{"taxonomy":"category","embeddable":true,"href":"https:\/\/noticiasemdestaque.com\/cd\/index.php?rest_route=%2Fwp%2Fv2%2Fcategories&post=25448"},{"taxonomy":"post_tag","embeddable":true,"href":"https:\/\/noticiasemdestaque.com\/cd\/index.php?rest_route=%2Fwp%2Fv2%2Ftags&post=25448"}],"curies":[{"name":"wp","href":"https:\/\/api.w.org\/{rel}","templated":true}]}}