{"id":25435,"date":"2020-06-20T08:46:09","date_gmt":"2020-06-20T11:46:09","guid":{"rendered":"http:\/\/noticiasemdestaque.com\/cd\/?p=25435"},"modified":"2020-06-20T08:46:09","modified_gmt":"2020-06-20T11:46:09","slug":"serra-branca-confirma-segundo-obito-de-paciente-infectada-pela-covid-19","status":"publish","type":"post","link":"https:\/\/noticiasemdestaque.com\/cd\/?p=25435","title":{"rendered":"Serra Branca confirma segundo \u00f3bito de paciente infectada pela Covid-19"},"content":{"rendered":"<p><a href=\"https:\/\/noticiasemdestaque.com\/cd\/wp-content\/uploads\/2018\/05\/serra_branca_2017_novo-600x448.jpg\"><img fetchpriority=\"high\" decoding=\"async\" class=\"size-full wp-image-10039 aligncenter\" src=\"https:\/\/noticiasemdestaque.com\/cd\/wp-content\/uploads\/2018\/05\/serra_branca_2017_novo-600x448.jpg\" alt=\"\" width=\"600\" height=\"448\" srcset=\"https:\/\/noticiasemdestaque.com\/cd\/wp-content\/uploads\/2018\/05\/serra_branca_2017_novo-600x448.jpg 600w, https:\/\/noticiasemdestaque.com\/cd\/wp-content\/uploads\/2018\/05\/serra_branca_2017_novo-600x448-300x224.jpg 300w, https:\/\/noticiasemdestaque.com\/cd\/wp-content\/uploads\/2018\/05\/serra_branca_2017_novo-600x448-200x150.jpg 200w\" sizes=\"(max-width: 600px) 100vw, 600px\" \/><\/a><\/p>\n<p>A Secretaria de Sa\u00fade de Serra Branca confirmou nas primeiras horas deste s\u00e1bado (20) o segundo \u00f3bito decorrente da Covid-19 no \u00e2mbito do munic\u00edpio. Trata-se de uma jovem de 26 anos, que teve seu quadro de sa\u00fade repentinamente agravado e ao realizar o pr\u00f3prio teste r\u00e1pido confirmou a infec\u00e7\u00e3o com a doen\u00e7a.<\/p>\n<p>A jovem, que \u00e9 do bairro dos Pereiros, deu entrada na quinta-feira (18) a noite no Hospital de Serra<span class=\"text_exposed_show\">\u00a0Branca, com quadro de dispneia aguda e febre alta e logo foi isolada na ala Covid. Realizou teste r\u00e1pido por orienta\u00e7\u00e3o do m\u00e9dico plantonista e j\u00e1 testou positivo.<\/span><\/p>\n<div class=\"text_exposed_show\">\n<p>Ela foi transferida para o Hospital de Campanha instalado no Trauma de Campina Grande, onde ficou na UTI da unidade. Na madrugada deste s\u00e1bado (20), a mo\u00e7a entrou em parada cardiorrespirat\u00f3ria, na qual, n\u00e3o reagiu bem as interven\u00e7\u00f5es e faleceu.<\/p>\n<p>A Secretaria de Sa\u00fade e a Prefeitura Municipal de Serra Branca deseja os sentimentos a todos os familiares e amigos pela inestim\u00e1vel perda e destaca que a cidade est\u00e1 em luto por essa perda t\u00e3o repentina, o que nos leva a um momento de profunda tristeza e reflex\u00e3o.<\/p>\n<p>A secret\u00e1ria Monique Dantas refor\u00e7ou a import\u00e2ncia de toda popula\u00e7\u00e3o seguir as orienta\u00e7\u00f5es do distanciamento social, o uso de m\u00e1scaras, a higieniza\u00e7\u00e3o das m\u00e3os com \u00e1lcool 70% e demais medidas apresentadas pela Secretaria de Sa\u00fade. Ela pediu vigil\u00e2ncia \u00e0s regras nesse momento cr\u00edtico, a fim de evitar que novos casos graves ocorram no munic\u00edpio.<\/p>\n<p>Com De Olho no Cariri<\/p>\n<\/div>\n","protected":false},"excerpt":{"rendered":"<p>A Secretaria de Sa\u00fade de Serra Branca confirmou nas primeiras horas deste s\u00e1bado (20) o segundo \u00f3bito decorrente da Covid-19 no \u00e2mbito do munic\u00edpio. Trata-se de uma jovem de 26 anos, que teve seu quadro de sa\u00fade repentinamente agravado e ao realizar o pr\u00f3prio teste r\u00e1pido confirmou a infec\u00e7\u00e3o com a doen\u00e7a. A jovem, que \u00e9 do bairro dos Pereiros, deu entrada na quinta-feira (18) a noite no Hospital de Serra\u00a0Branca, com quadro de dispneia aguda e febre alta e logo foi isolada na ala Covid. Realizou teste r\u00e1pido por orienta\u00e7\u00e3o do m\u00e9dico plantonista e j\u00e1 testou positivo. Ela foi transferida para o Hospital de Campanha instalado no Trauma de Campina Grande, onde ficou na UTI da unidade. Na madrugada deste s\u00e1bado (20), a mo\u00e7a entrou em parada cardiorrespirat\u00f3ria, na qual, n\u00e3o reagiu bem as interven\u00e7\u00f5es e faleceu. A Secretaria de Sa\u00fade e a Prefeitura Municipal de Serra Branca deseja os sentimentos a todos os familiares e amigos pela inestim\u00e1vel perda e destaca que a cidade est\u00e1 em luto por essa perda t\u00e3o repentina, o que nos leva a um momento de profunda tristeza e reflex\u00e3o. A secret\u00e1ria Monique Dantas refor\u00e7ou a import\u00e2ncia de toda popula\u00e7\u00e3o seguir as orienta\u00e7\u00f5es do distanciamento social, o uso de m\u00e1scaras, a higieniza\u00e7\u00e3o das m\u00e3os com \u00e1lcool 70% e demais medidas apresentadas pela Secretaria de Sa\u00fade. Ela pediu vigil\u00e2ncia \u00e0s regras nesse momento cr\u00edtico, a fim de evitar que novos casos graves ocorram no munic\u00edpio. Com De Olho no Cariri<\/p>\n","protected":false},"author":2,"featured_media":10039,"comment_status":"closed","ping_status":"open","sticky":false,"template":"","format":"standard","meta":{"_eb_attr":"","_jetpack_memberships_contains_paid_content":false,"footnotes":""},"categories":[3],"tags":[],"class_list":["post-25435","post","type-post","status-publish","format-standard","has-post-thumbnail","hentry","category-cidades"],"yoast_head":"<!-- This site is optimized with the Yoast SEO plugin v26.5 - https:\/\/yoast.com\/wordpress\/plugins\/seo\/ -->\n<title>Serra Branca confirma segundo \u00f3bito de paciente infectada pela Covid-19 - Not&iacute;cias em Destaque<\/title>\n<meta name=\"robots\" content=\"index, follow, max-snippet:-1, max-image-preview:large, max-video-preview:-1\" \/>\n<link rel=\"canonical\" href=\"https:\/\/noticiasemdestaque.com\/cd\/?p=25435\" \/>\n<meta property=\"og:locale\" content=\"pt_BR\" \/>\n<meta property=\"og:type\" content=\"article\" \/>\n<meta property=\"og:title\" content=\"Serra Branca confirma segundo \u00f3bito de paciente infectada pela Covid-19 - Not&iacute;cias em Destaque\" \/>\n<meta property=\"og:description\" content=\"A Secretaria de Sa\u00fade de Serra Branca confirmou nas primeiras horas deste s\u00e1bado (20) o segundo \u00f3bito decorrente da Covid-19 no \u00e2mbito do munic\u00edpio. Trata-se de uma jovem de 26 anos, que teve seu quadro de sa\u00fade repentinamente agravado e ao realizar o pr\u00f3prio teste r\u00e1pido confirmou a infec\u00e7\u00e3o com a doen\u00e7a. A jovem, que \u00e9 do bairro dos Pereiros, deu entrada na quinta-feira (18) a noite no Hospital de Serra\u00a0Branca, com quadro de dispneia aguda e febre alta e logo foi isolada na ala Covid. Realizou teste r\u00e1pido por orienta\u00e7\u00e3o do m\u00e9dico plantonista e j\u00e1 testou positivo. Ela foi transferida para o Hospital de Campanha instalado no Trauma de Campina Grande, onde ficou na UTI da unidade. Na madrugada deste s\u00e1bado (20), a mo\u00e7a entrou em parada cardiorrespirat\u00f3ria, na qual, n\u00e3o reagiu bem as interven\u00e7\u00f5es e faleceu. A Secretaria de Sa\u00fade e a Prefeitura Municipal de Serra Branca deseja os sentimentos a todos os familiares e amigos pela inestim\u00e1vel perda e destaca que a cidade est\u00e1 em luto por essa perda t\u00e3o repentina, o que nos leva a um momento de profunda tristeza e reflex\u00e3o. A secret\u00e1ria Monique Dantas refor\u00e7ou a import\u00e2ncia de toda popula\u00e7\u00e3o seguir as orienta\u00e7\u00f5es do distanciamento social, o uso de m\u00e1scaras, a higieniza\u00e7\u00e3o das m\u00e3os com \u00e1lcool 70% e demais medidas apresentadas pela Secretaria de Sa\u00fade. Ela pediu vigil\u00e2ncia \u00e0s regras nesse momento cr\u00edtico, a fim de evitar que novos casos graves ocorram no munic\u00edpio. Com De Olho no Cariri\" \/>\n<meta property=\"og:url\" content=\"https:\/\/noticiasemdestaque.com\/cd\/?p=25435\" \/>\n<meta property=\"og:site_name\" content=\"Not&iacute;cias em Destaque\" \/>\n<meta property=\"article:published_time\" content=\"2020-06-20T11:46:09+00:00\" \/>\n<meta property=\"og:image\" content=\"https:\/\/noticiasemdestaque.com\/cd\/wp-content\/uploads\/2018\/05\/serra_branca_2017_novo-600x448.jpg\" \/>\n\t<meta property=\"og:image:width\" content=\"600\" \/>\n\t<meta property=\"og:image:height\" content=\"448\" \/>\n\t<meta property=\"og:image:type\" content=\"image\/jpeg\" \/>\n<meta name=\"author\" content=\"Not\u00edcias em Destaque\" \/>\n<meta name=\"twitter:card\" content=\"summary_large_image\" \/>\n<meta name=\"twitter:label1\" content=\"Escrito por\" \/>\n\t<meta name=\"twitter:data1\" content=\"Not\u00edcias em Destaque\" \/>\n\t<meta name=\"twitter:label2\" content=\"Est. tempo de leitura\" \/>\n\t<meta name=\"twitter:data2\" content=\"1 minuto\" \/>\n<script type=\"application\/ld+json\" class=\"yoast-schema-graph\">{\"@context\":\"https:\/\/schema.org\",\"@graph\":[{\"@type\":\"Article\",\"@id\":\"https:\/\/noticiasemdestaque.com\/cd\/?p=25435#article\",\"isPartOf\":{\"@id\":\"https:\/\/noticiasemdestaque.com\/cd\/?p=25435\"},\"author\":{\"name\":\"Not\u00edcias em Destaque\",\"@id\":\"https:\/\/noticiasemdestaque.com\/cd\/#\/schema\/person\/21320b03a7e8bb90128938dafc9b908a\"},\"headline\":\"Serra Branca confirma segundo \u00f3bito de paciente infectada pela Covid-19\",\"datePublished\":\"2020-06-20T11:46:09+00:00\",\"mainEntityOfPage\":{\"@id\":\"https:\/\/noticiasemdestaque.com\/cd\/?p=25435\"},\"wordCount\":282,\"publisher\":{\"@id\":\"https:\/\/noticiasemdestaque.com\/cd\/#organization\"},\"image\":{\"@id\":\"https:\/\/noticiasemdestaque.com\/cd\/?p=25435#primaryimage\"},\"thumbnailUrl\":\"https:\/\/noticiasemdestaque.com\/cd\/wp-content\/uploads\/2018\/05\/serra_branca_2017_novo-600x448.jpg\",\"articleSection\":[\"Cidades\"],\"inLanguage\":\"pt-BR\"},{\"@type\":\"WebPage\",\"@id\":\"https:\/\/noticiasemdestaque.com\/cd\/?p=25435\",\"url\":\"https:\/\/noticiasemdestaque.com\/cd\/?p=25435\",\"name\":\"Serra Branca confirma segundo \u00f3bito de paciente infectada pela Covid-19 - Not&iacute;cias em Destaque\",\"isPartOf\":{\"@id\":\"https:\/\/noticiasemdestaque.com\/cd\/#website\"},\"primaryImageOfPage\":{\"@id\":\"https:\/\/noticiasemdestaque.com\/cd\/?p=25435#primaryimage\"},\"image\":{\"@id\":\"https:\/\/noticiasemdestaque.com\/cd\/?p=25435#primaryimage\"},\"thumbnailUrl\":\"https:\/\/noticiasemdestaque.com\/cd\/wp-content\/uploads\/2018\/05\/serra_branca_2017_novo-600x448.jpg\",\"datePublished\":\"2020-06-20T11:46:09+00:00\",\"breadcrumb\":{\"@id\":\"https:\/\/noticiasemdestaque.com\/cd\/?p=25435#breadcrumb\"},\"inLanguage\":\"pt-BR\",\"potentialAction\":[{\"@type\":\"ReadAction\",\"target\":[\"https:\/\/noticiasemdestaque.com\/cd\/?p=25435\"]}]},{\"@type\":\"ImageObject\",\"inLanguage\":\"pt-BR\",\"@id\":\"https:\/\/noticiasemdestaque.com\/cd\/?p=25435#primaryimage\",\"url\":\"https:\/\/noticiasemdestaque.com\/cd\/wp-content\/uploads\/2018\/05\/serra_branca_2017_novo-600x448.jpg\",\"contentUrl\":\"https:\/\/noticiasemdestaque.com\/cd\/wp-content\/uploads\/2018\/05\/serra_branca_2017_novo-600x448.jpg\",\"width\":600,\"height\":448},{\"@type\":\"BreadcrumbList\",\"@id\":\"https:\/\/noticiasemdestaque.com\/cd\/?p=25435#breadcrumb\",\"itemListElement\":[{\"@type\":\"ListItem\",\"position\":1,\"name\":\"In\u00edcio\",\"item\":\"https:\/\/noticiasemdestaque.com\/cd\/\"},{\"@type\":\"ListItem\",\"position\":2,\"name\":\"Serra Branca confirma segundo \u00f3bito de paciente infectada pela Covid-19\"}]},{\"@type\":\"WebSite\",\"@id\":\"https:\/\/noticiasemdestaque.com\/cd\/#website\",\"url\":\"https:\/\/noticiasemdestaque.com\/cd\/\",\"name\":\"Not&iacute;cias em Destaque\",\"description\":\"\",\"publisher\":{\"@id\":\"https:\/\/noticiasemdestaque.com\/cd\/#organization\"},\"potentialAction\":[{\"@type\":\"SearchAction\",\"target\":{\"@type\":\"EntryPoint\",\"urlTemplate\":\"https:\/\/noticiasemdestaque.com\/cd\/?s={search_term_string}\"},\"query-input\":{\"@type\":\"PropertyValueSpecification\",\"valueRequired\":true,\"valueName\":\"search_term_string\"}}],\"inLanguage\":\"pt-BR\"},{\"@type\":\"Organization\",\"@id\":\"https:\/\/noticiasemdestaque.com\/cd\/#organization\",\"name\":\"Not\u00edcias em Destaque\",\"url\":\"https:\/\/noticiasemdestaque.com\/cd\/\",\"logo\":{\"@type\":\"ImageObject\",\"inLanguage\":\"pt-BR\",\"@id\":\"https:\/\/noticiasemdestaque.com\/cd\/#\/schema\/logo\/image\/\",\"url\":\"https:\/\/noticiasemdestaque.com\/cd\/wp-content\/uploads\/2022\/05\/imagem-base-noticiasemdestaque.png\",\"contentUrl\":\"https:\/\/noticiasemdestaque.com\/cd\/wp-content\/uploads\/2022\/05\/imagem-base-noticiasemdestaque.png\",\"width\":1200,\"height\":630,\"caption\":\"Not\u00edcias em Destaque\"},\"image\":{\"@id\":\"https:\/\/noticiasemdestaque.com\/cd\/#\/schema\/logo\/image\/\"}},{\"@type\":\"Person\",\"@id\":\"https:\/\/noticiasemdestaque.com\/cd\/#\/schema\/person\/21320b03a7e8bb90128938dafc9b908a\",\"name\":\"Not\u00edcias em Destaque\",\"url\":\"https:\/\/noticiasemdestaque.com\/cd\/?author=2\"}]}<\/script>\n<!-- \/ Yoast SEO plugin. -->","yoast_head_json":{"title":"Serra Branca confirma segundo \u00f3bito de paciente infectada pela Covid-19 - Not&iacute;cias em Destaque","robots":{"index":"index","follow":"follow","max-snippet":"max-snippet:-1","max-image-preview":"max-image-preview:large","max-video-preview":"max-video-preview:-1"},"canonical":"https:\/\/noticiasemdestaque.com\/cd\/?p=25435","og_locale":"pt_BR","og_type":"article","og_title":"Serra Branca confirma segundo \u00f3bito de paciente infectada pela Covid-19 - Not&iacute;cias em Destaque","og_description":"A Secretaria de Sa\u00fade de Serra Branca confirmou nas primeiras horas deste s\u00e1bado (20) o segundo \u00f3bito decorrente da Covid-19 no \u00e2mbito do munic\u00edpio. Trata-se de uma jovem de 26 anos, que teve seu quadro de sa\u00fade repentinamente agravado e ao realizar o pr\u00f3prio teste r\u00e1pido confirmou a infec\u00e7\u00e3o com a doen\u00e7a. A jovem, que \u00e9 do bairro dos Pereiros, deu entrada na quinta-feira (18) a noite no Hospital de Serra\u00a0Branca, com quadro de dispneia aguda e febre alta e logo foi isolada na ala Covid. Realizou teste r\u00e1pido por orienta\u00e7\u00e3o do m\u00e9dico plantonista e j\u00e1 testou positivo. Ela foi transferida para o Hospital de Campanha instalado no Trauma de Campina Grande, onde ficou na UTI da unidade. Na madrugada deste s\u00e1bado (20), a mo\u00e7a entrou em parada cardiorrespirat\u00f3ria, na qual, n\u00e3o reagiu bem as interven\u00e7\u00f5es e faleceu. A Secretaria de Sa\u00fade e a Prefeitura Municipal de Serra Branca deseja os sentimentos a todos os familiares e amigos pela inestim\u00e1vel perda e destaca que a cidade est\u00e1 em luto por essa perda t\u00e3o repentina, o que nos leva a um momento de profunda tristeza e reflex\u00e3o. A secret\u00e1ria Monique Dantas refor\u00e7ou a import\u00e2ncia de toda popula\u00e7\u00e3o seguir as orienta\u00e7\u00f5es do distanciamento social, o uso de m\u00e1scaras, a higieniza\u00e7\u00e3o das m\u00e3os com \u00e1lcool 70% e demais medidas apresentadas pela Secretaria de Sa\u00fade. Ela pediu vigil\u00e2ncia \u00e0s regras nesse momento cr\u00edtico, a fim de evitar que novos casos graves ocorram no munic\u00edpio. Com De Olho no Cariri","og_url":"https:\/\/noticiasemdestaque.com\/cd\/?p=25435","og_site_name":"Not&iacute;cias em Destaque","article_published_time":"2020-06-20T11:46:09+00:00","og_image":[{"width":600,"height":448,"url":"https:\/\/noticiasemdestaque.com\/cd\/wp-content\/uploads\/2018\/05\/serra_branca_2017_novo-600x448.jpg","type":"image\/jpeg"}],"author":"Not\u00edcias em Destaque","twitter_card":"summary_large_image","twitter_misc":{"Escrito por":"Not\u00edcias em Destaque","Est. tempo de leitura":"1 minuto"},"schema":{"@context":"https:\/\/schema.org","@graph":[{"@type":"Article","@id":"https:\/\/noticiasemdestaque.com\/cd\/?p=25435#article","isPartOf":{"@id":"https:\/\/noticiasemdestaque.com\/cd\/?p=25435"},"author":{"name":"Not\u00edcias em Destaque","@id":"https:\/\/noticiasemdestaque.com\/cd\/#\/schema\/person\/21320b03a7e8bb90128938dafc9b908a"},"headline":"Serra Branca confirma segundo \u00f3bito de paciente infectada pela Covid-19","datePublished":"2020-06-20T11:46:09+00:00","mainEntityOfPage":{"@id":"https:\/\/noticiasemdestaque.com\/cd\/?p=25435"},"wordCount":282,"publisher":{"@id":"https:\/\/noticiasemdestaque.com\/cd\/#organization"},"image":{"@id":"https:\/\/noticiasemdestaque.com\/cd\/?p=25435#primaryimage"},"thumbnailUrl":"https:\/\/noticiasemdestaque.com\/cd\/wp-content\/uploads\/2018\/05\/serra_branca_2017_novo-600x448.jpg","articleSection":["Cidades"],"inLanguage":"pt-BR"},{"@type":"WebPage","@id":"https:\/\/noticiasemdestaque.com\/cd\/?p=25435","url":"https:\/\/noticiasemdestaque.com\/cd\/?p=25435","name":"Serra Branca confirma segundo \u00f3bito de paciente infectada pela Covid-19 - Not&iacute;cias em Destaque","isPartOf":{"@id":"https:\/\/noticiasemdestaque.com\/cd\/#website"},"primaryImageOfPage":{"@id":"https:\/\/noticiasemdestaque.com\/cd\/?p=25435#primaryimage"},"image":{"@id":"https:\/\/noticiasemdestaque.com\/cd\/?p=25435#primaryimage"},"thumbnailUrl":"https:\/\/noticiasemdestaque.com\/cd\/wp-content\/uploads\/2018\/05\/serra_branca_2017_novo-600x448.jpg","datePublished":"2020-06-20T11:46:09+00:00","breadcrumb":{"@id":"https:\/\/noticiasemdestaque.com\/cd\/?p=25435#breadcrumb"},"inLanguage":"pt-BR","potentialAction":[{"@type":"ReadAction","target":["https:\/\/noticiasemdestaque.com\/cd\/?p=25435"]}]},{"@type":"ImageObject","inLanguage":"pt-BR","@id":"https:\/\/noticiasemdestaque.com\/cd\/?p=25435#primaryimage","url":"https:\/\/noticiasemdestaque.com\/cd\/wp-content\/uploads\/2018\/05\/serra_branca_2017_novo-600x448.jpg","contentUrl":"https:\/\/noticiasemdestaque.com\/cd\/wp-content\/uploads\/2018\/05\/serra_branca_2017_novo-600x448.jpg","width":600,"height":448},{"@type":"BreadcrumbList","@id":"https:\/\/noticiasemdestaque.com\/cd\/?p=25435#breadcrumb","itemListElement":[{"@type":"ListItem","position":1,"name":"In\u00edcio","item":"https:\/\/noticiasemdestaque.com\/cd\/"},{"@type":"ListItem","position":2,"name":"Serra Branca confirma segundo \u00f3bito de paciente infectada pela Covid-19"}]},{"@type":"WebSite","@id":"https:\/\/noticiasemdestaque.com\/cd\/#website","url":"https:\/\/noticiasemdestaque.com\/cd\/","name":"Not&iacute;cias em Destaque","description":"","publisher":{"@id":"https:\/\/noticiasemdestaque.com\/cd\/#organization"},"potentialAction":[{"@type":"SearchAction","target":{"@type":"EntryPoint","urlTemplate":"https:\/\/noticiasemdestaque.com\/cd\/?s={search_term_string}"},"query-input":{"@type":"PropertyValueSpecification","valueRequired":true,"valueName":"search_term_string"}}],"inLanguage":"pt-BR"},{"@type":"Organization","@id":"https:\/\/noticiasemdestaque.com\/cd\/#organization","name":"Not\u00edcias em Destaque","url":"https:\/\/noticiasemdestaque.com\/cd\/","logo":{"@type":"ImageObject","inLanguage":"pt-BR","@id":"https:\/\/noticiasemdestaque.com\/cd\/#\/schema\/logo\/image\/","url":"https:\/\/noticiasemdestaque.com\/cd\/wp-content\/uploads\/2022\/05\/imagem-base-noticiasemdestaque.png","contentUrl":"https:\/\/noticiasemdestaque.com\/cd\/wp-content\/uploads\/2022\/05\/imagem-base-noticiasemdestaque.png","width":1200,"height":630,"caption":"Not\u00edcias em Destaque"},"image":{"@id":"https:\/\/noticiasemdestaque.com\/cd\/#\/schema\/logo\/image\/"}},{"@type":"Person","@id":"https:\/\/noticiasemdestaque.com\/cd\/#\/schema\/person\/21320b03a7e8bb90128938dafc9b908a","name":"Not\u00edcias em Destaque","url":"https:\/\/noticiasemdestaque.com\/cd\/?author=2"}]}},"jetpack_featured_media_url":"https:\/\/noticiasemdestaque.com\/cd\/wp-content\/uploads\/2018\/05\/serra_branca_2017_novo-600x448.jpg","jetpack_sharing_enabled":true,"_links":{"self":[{"href":"https:\/\/noticiasemdestaque.com\/cd\/index.php?rest_route=\/wp\/v2\/posts\/25435","targetHints":{"allow":["GET"]}}],"collection":[{"href":"https:\/\/noticiasemdestaque.com\/cd\/index.php?rest_route=\/wp\/v2\/posts"}],"about":[{"href":"https:\/\/noticiasemdestaque.com\/cd\/index.php?rest_route=\/wp\/v2\/types\/post"}],"author":[{"embeddable":true,"href":"https:\/\/noticiasemdestaque.com\/cd\/index.php?rest_route=\/wp\/v2\/users\/2"}],"replies":[{"embeddable":true,"href":"https:\/\/noticiasemdestaque.com\/cd\/index.php?rest_route=%2Fwp%2Fv2%2Fcomments&post=25435"}],"version-history":[{"count":1,"href":"https:\/\/noticiasemdestaque.com\/cd\/index.php?rest_route=\/wp\/v2\/posts\/25435\/revisions"}],"predecessor-version":[{"id":25436,"href":"https:\/\/noticiasemdestaque.com\/cd\/index.php?rest_route=\/wp\/v2\/posts\/25435\/revisions\/25436"}],"wp:featuredmedia":[{"embeddable":true,"href":"https:\/\/noticiasemdestaque.com\/cd\/index.php?rest_route=\/wp\/v2\/media\/10039"}],"wp:attachment":[{"href":"https:\/\/noticiasemdestaque.com\/cd\/index.php?rest_route=%2Fwp%2Fv2%2Fmedia&parent=25435"}],"wp:term":[{"taxonomy":"category","embeddable":true,"href":"https:\/\/noticiasemdestaque.com\/cd\/index.php?rest_route=%2Fwp%2Fv2%2Fcategories&post=25435"},{"taxonomy":"post_tag","embeddable":true,"href":"https:\/\/noticiasemdestaque.com\/cd\/index.php?rest_route=%2Fwp%2Fv2%2Ftags&post=25435"}],"curies":[{"name":"wp","href":"https:\/\/api.w.org\/{rel}","templated":true}]}}