{"id":25395,"date":"2020-06-17T17:26:11","date_gmt":"2020-06-17T20:26:11","guid":{"rendered":"http:\/\/noticiasemdestaque.com\/cd\/?p=25395"},"modified":"2020-06-17T17:26:11","modified_gmt":"2020-06-17T20:26:11","slug":"serra-branca-confirma-de-uma-so-vez-cinco-novos-casos-de-covid-19-2","status":"publish","type":"post","link":"https:\/\/noticiasemdestaque.com\/cd\/?p=25395","title":{"rendered":"Serra Branca confirma de uma s\u00f3 vez cinco novos casos de Covid-19"},"content":{"rendered":"<p><a href=\"https:\/\/noticiasemdestaque.com\/cd\/wp-content\/uploads\/2020\/06\/sb-co-1.jpg\"><img fetchpriority=\"high\" decoding=\"async\" class=\"wp-image-25396 aligncenter\" src=\"https:\/\/noticiasemdestaque.com\/cd\/wp-content\/uploads\/2020\/06\/sb-co-1.jpg\" alt=\"\" width=\"603\" height=\"604\" srcset=\"https:\/\/noticiasemdestaque.com\/cd\/wp-content\/uploads\/2020\/06\/sb-co-1.jpg 958w, https:\/\/noticiasemdestaque.com\/cd\/wp-content\/uploads\/2020\/06\/sb-co-1-150x150.jpg 150w, https:\/\/noticiasemdestaque.com\/cd\/wp-content\/uploads\/2020\/06\/sb-co-1-300x300.jpg 300w, https:\/\/noticiasemdestaque.com\/cd\/wp-content\/uploads\/2020\/06\/sb-co-1-768x770.jpg 768w\" sizes=\"(max-width: 603px) 100vw, 603px\" \/><\/a><\/p>\n<p>A Prefeitura de Serra Branca atrav\u00e9s da Secretaria Municipal de Sa\u00fade divulgou o seu mais novo boletim epidemiol\u00f3gico no in\u00edcio da tarde desta quarta-feira(17) no qual foram confirmados mais cinco novos casos de Covid-19 (novo coronav\u00edrus) no munic\u00edpio.<\/p>\n<p>Segundo o boletim divulgado pela unidade municipal de sa\u00fade os novos casos confirmados da doen\u00e7a tratam-se dos seguintes pacientes:<\/p>\n<p>O 1 caso: Trata-se de uma crian\u00e7a, 3 anos, sexo masculino que encontra-se em isolamento domiciliar, assintom\u00e1tica (Zona rural) Local: Regi\u00e3o das serras \u2013 S\u00edtio Angico.<\/p>\n<p>2 caso: Trata-se de um senhor, 39 anos, que encontra-se em isolamento domiciliar, assintom\u00e1tico. (Zona rural) Local: Regi\u00e3o das serras \u2013 S\u00edtio Angico.<\/p>\n<p>3 caso: Trata-se de um senhor, 35 anos, que encontra-se em isolamento domiciliar, assintom\u00e1tico. (Zona rural) Local: Regi\u00e3o das serras \u2013 S\u00edtio Angico.<\/p>\n<p>4 caso: Trata-se de um senhora, 30 anos, que encontra-se em isolamento domiciliar, assintom\u00e1tico. (Zona rural) Local: Regi\u00e3o das serras \u2013 S\u00edtio Angico.<\/p>\n<p>5 caso: Trata-se de um rapaz, 17 anos, que encontra-se em isolamento domiciliar, assintom\u00e1tico. (Zona rural) Local: Regi\u00e3o das serras \u2013 S\u00edtio Angico.<\/p>\n<p>Nas \u00faltimas 48h, Serra Branca contabilizou 09 novos casos estando agora com 21 casos confirmados do novo v\u00edrus.<\/p>\n<p>A Secret\u00e1ria de Sa\u00fade Monique Dantas pediu que os pacientes que est\u00e3o com testes r\u00e1pidos agendados e residem na zona rural informar o dia de seus testes para seu agente de sa\u00fade, a fim de que a Secretaria Municipal de Sa\u00fade possa mandar um carro buscar o paciente e assim evitar que venha em carros de uso comum com outras pessoas.<\/p>\n<p>A auxiliar orientou mais uma vez a popula\u00e7\u00e3o de seguir as recomenda\u00e7\u00f5es do isolamento social, uso de m\u00e1scaras e higieniza\u00e7\u00e3o das m\u00e3os com \u00e1lcool 70%.<\/p>\n<p>De Olho no Cariri<\/p>\n","protected":false},"excerpt":{"rendered":"<p>A Prefeitura de Serra Branca atrav\u00e9s da Secretaria Municipal de Sa\u00fade divulgou o seu mais novo boletim epidemiol\u00f3gico no in\u00edcio da tarde desta quarta-feira(17) no qual foram confirmados mais cinco novos casos de Covid-19 (novo coronav\u00edrus) no munic\u00edpio. Segundo o boletim divulgado pela unidade municipal de sa\u00fade os novos casos confirmados da doen\u00e7a tratam-se dos seguintes pacientes: O 1 caso: Trata-se de uma crian\u00e7a, 3 anos, sexo masculino que encontra-se em isolamento domiciliar, assintom\u00e1tica (Zona rural) Local: Regi\u00e3o das serras \u2013 S\u00edtio Angico. 2 caso: Trata-se de um senhor, 39 anos, que encontra-se em isolamento domiciliar, assintom\u00e1tico. (Zona rural) Local: Regi\u00e3o das serras \u2013 S\u00edtio Angico. 3 caso: Trata-se de um senhor, 35 anos, que encontra-se em isolamento domiciliar, assintom\u00e1tico. (Zona rural) Local: Regi\u00e3o das serras \u2013 S\u00edtio Angico. 4 caso: Trata-se de um senhora, 30 anos, que encontra-se em isolamento domiciliar, assintom\u00e1tico. (Zona rural) Local: Regi\u00e3o das serras \u2013 S\u00edtio Angico. 5 caso: Trata-se de um rapaz, 17 anos, que encontra-se em isolamento domiciliar, assintom\u00e1tico. (Zona rural) Local: Regi\u00e3o das serras \u2013 S\u00edtio Angico. Nas \u00faltimas 48h, Serra Branca contabilizou 09 novos casos estando agora com 21 casos confirmados do novo v\u00edrus. A Secret\u00e1ria de Sa\u00fade Monique Dantas pediu que os pacientes que est\u00e3o com testes r\u00e1pidos agendados e residem na zona rural informar o dia de seus testes para seu agente de sa\u00fade, a fim de que a Secretaria Municipal de Sa\u00fade possa mandar um carro buscar o paciente e assim evitar que venha em carros de uso comum com outras pessoas. A auxiliar orientou mais uma vez a popula\u00e7\u00e3o de seguir as recomenda\u00e7\u00f5es do isolamento social, uso de m\u00e1scaras e higieniza\u00e7\u00e3o das m\u00e3os com \u00e1lcool 70%. De Olho no Cariri<\/p>\n","protected":false},"author":2,"featured_media":25396,"comment_status":"closed","ping_status":"open","sticky":false,"template":"","format":"standard","meta":{"_eb_attr":"","_jetpack_memberships_contains_paid_content":false,"footnotes":""},"categories":[3],"tags":[],"class_list":["post-25395","post","type-post","status-publish","format-standard","has-post-thumbnail","hentry","category-cidades"],"yoast_head":"<!-- This site is optimized with the Yoast SEO plugin v26.5 - https:\/\/yoast.com\/wordpress\/plugins\/seo\/ -->\n<title>Serra Branca confirma de uma s\u00f3 vez cinco novos casos de Covid-19 - Not&iacute;cias em Destaque<\/title>\n<meta name=\"robots\" content=\"index, follow, max-snippet:-1, max-image-preview:large, max-video-preview:-1\" \/>\n<link rel=\"canonical\" href=\"https:\/\/noticiasemdestaque.com\/cd\/?p=25395\" \/>\n<meta property=\"og:locale\" content=\"pt_BR\" \/>\n<meta property=\"og:type\" content=\"article\" \/>\n<meta property=\"og:title\" content=\"Serra Branca confirma de uma s\u00f3 vez cinco novos casos de Covid-19 - Not&iacute;cias em Destaque\" \/>\n<meta property=\"og:description\" content=\"A Prefeitura de Serra Branca atrav\u00e9s da Secretaria Municipal de Sa\u00fade divulgou o seu mais novo boletim epidemiol\u00f3gico no in\u00edcio da tarde desta quarta-feira(17) no qual foram confirmados mais cinco novos casos de Covid-19 (novo coronav\u00edrus) no munic\u00edpio. Segundo o boletim divulgado pela unidade municipal de sa\u00fade os novos casos confirmados da doen\u00e7a tratam-se dos seguintes pacientes: O 1 caso: Trata-se de uma crian\u00e7a, 3 anos, sexo masculino que encontra-se em isolamento domiciliar, assintom\u00e1tica (Zona rural) Local: Regi\u00e3o das serras \u2013 S\u00edtio Angico. 2 caso: Trata-se de um senhor, 39 anos, que encontra-se em isolamento domiciliar, assintom\u00e1tico. (Zona rural) Local: Regi\u00e3o das serras \u2013 S\u00edtio Angico. 3 caso: Trata-se de um senhor, 35 anos, que encontra-se em isolamento domiciliar, assintom\u00e1tico. (Zona rural) Local: Regi\u00e3o das serras \u2013 S\u00edtio Angico. 4 caso: Trata-se de um senhora, 30 anos, que encontra-se em isolamento domiciliar, assintom\u00e1tico. (Zona rural) Local: Regi\u00e3o das serras \u2013 S\u00edtio Angico. 5 caso: Trata-se de um rapaz, 17 anos, que encontra-se em isolamento domiciliar, assintom\u00e1tico. (Zona rural) Local: Regi\u00e3o das serras \u2013 S\u00edtio Angico. Nas \u00faltimas 48h, Serra Branca contabilizou 09 novos casos estando agora com 21 casos confirmados do novo v\u00edrus. A Secret\u00e1ria de Sa\u00fade Monique Dantas pediu que os pacientes que est\u00e3o com testes r\u00e1pidos agendados e residem na zona rural informar o dia de seus testes para seu agente de sa\u00fade, a fim de que a Secretaria Municipal de Sa\u00fade possa mandar um carro buscar o paciente e assim evitar que venha em carros de uso comum com outras pessoas. A auxiliar orientou mais uma vez a popula\u00e7\u00e3o de seguir as recomenda\u00e7\u00f5es do isolamento social, uso de m\u00e1scaras e higieniza\u00e7\u00e3o das m\u00e3os com \u00e1lcool 70%. De Olho no Cariri\" \/>\n<meta property=\"og:url\" content=\"https:\/\/noticiasemdestaque.com\/cd\/?p=25395\" \/>\n<meta property=\"og:site_name\" content=\"Not&iacute;cias em Destaque\" \/>\n<meta property=\"article:published_time\" content=\"2020-06-17T20:26:11+00:00\" \/>\n<meta property=\"og:image\" content=\"https:\/\/noticiasemdestaque.com\/cd\/wp-content\/uploads\/2020\/06\/sb-co-1.jpg\" \/>\n\t<meta property=\"og:image:width\" content=\"958\" \/>\n\t<meta property=\"og:image:height\" content=\"960\" \/>\n\t<meta property=\"og:image:type\" content=\"image\/jpeg\" \/>\n<meta name=\"author\" content=\"Not\u00edcias em Destaque\" \/>\n<meta name=\"twitter:card\" content=\"summary_large_image\" \/>\n<meta name=\"twitter:label1\" content=\"Escrito por\" \/>\n\t<meta name=\"twitter:data1\" content=\"Not\u00edcias em Destaque\" \/>\n\t<meta name=\"twitter:label2\" content=\"Est. tempo de leitura\" \/>\n\t<meta name=\"twitter:data2\" content=\"2 minutos\" \/>\n<script type=\"application\/ld+json\" class=\"yoast-schema-graph\">{\"@context\":\"https:\/\/schema.org\",\"@graph\":[{\"@type\":\"Article\",\"@id\":\"https:\/\/noticiasemdestaque.com\/cd\/?p=25395#article\",\"isPartOf\":{\"@id\":\"https:\/\/noticiasemdestaque.com\/cd\/?p=25395\"},\"author\":{\"name\":\"Not\u00edcias em Destaque\",\"@id\":\"https:\/\/noticiasemdestaque.com\/cd\/#\/schema\/person\/21320b03a7e8bb90128938dafc9b908a\"},\"headline\":\"Serra Branca confirma de uma s\u00f3 vez cinco novos casos de Covid-19\",\"datePublished\":\"2020-06-17T20:26:11+00:00\",\"mainEntityOfPage\":{\"@id\":\"https:\/\/noticiasemdestaque.com\/cd\/?p=25395\"},\"wordCount\":313,\"publisher\":{\"@id\":\"https:\/\/noticiasemdestaque.com\/cd\/#organization\"},\"image\":{\"@id\":\"https:\/\/noticiasemdestaque.com\/cd\/?p=25395#primaryimage\"},\"thumbnailUrl\":\"https:\/\/noticiasemdestaque.com\/cd\/wp-content\/uploads\/2020\/06\/sb-co-1.jpg\",\"articleSection\":[\"Cidades\"],\"inLanguage\":\"pt-BR\"},{\"@type\":\"WebPage\",\"@id\":\"https:\/\/noticiasemdestaque.com\/cd\/?p=25395\",\"url\":\"https:\/\/noticiasemdestaque.com\/cd\/?p=25395\",\"name\":\"Serra Branca confirma de uma s\u00f3 vez cinco novos casos de Covid-19 - Not&iacute;cias em Destaque\",\"isPartOf\":{\"@id\":\"https:\/\/noticiasemdestaque.com\/cd\/#website\"},\"primaryImageOfPage\":{\"@id\":\"https:\/\/noticiasemdestaque.com\/cd\/?p=25395#primaryimage\"},\"image\":{\"@id\":\"https:\/\/noticiasemdestaque.com\/cd\/?p=25395#primaryimage\"},\"thumbnailUrl\":\"https:\/\/noticiasemdestaque.com\/cd\/wp-content\/uploads\/2020\/06\/sb-co-1.jpg\",\"datePublished\":\"2020-06-17T20:26:11+00:00\",\"breadcrumb\":{\"@id\":\"https:\/\/noticiasemdestaque.com\/cd\/?p=25395#breadcrumb\"},\"inLanguage\":\"pt-BR\",\"potentialAction\":[{\"@type\":\"ReadAction\",\"target\":[\"https:\/\/noticiasemdestaque.com\/cd\/?p=25395\"]}]},{\"@type\":\"ImageObject\",\"inLanguage\":\"pt-BR\",\"@id\":\"https:\/\/noticiasemdestaque.com\/cd\/?p=25395#primaryimage\",\"url\":\"https:\/\/noticiasemdestaque.com\/cd\/wp-content\/uploads\/2020\/06\/sb-co-1.jpg\",\"contentUrl\":\"https:\/\/noticiasemdestaque.com\/cd\/wp-content\/uploads\/2020\/06\/sb-co-1.jpg\",\"width\":958,\"height\":960},{\"@type\":\"BreadcrumbList\",\"@id\":\"https:\/\/noticiasemdestaque.com\/cd\/?p=25395#breadcrumb\",\"itemListElement\":[{\"@type\":\"ListItem\",\"position\":1,\"name\":\"In\u00edcio\",\"item\":\"https:\/\/noticiasemdestaque.com\/cd\/\"},{\"@type\":\"ListItem\",\"position\":2,\"name\":\"Serra Branca confirma de uma s\u00f3 vez cinco novos casos de Covid-19\"}]},{\"@type\":\"WebSite\",\"@id\":\"https:\/\/noticiasemdestaque.com\/cd\/#website\",\"url\":\"https:\/\/noticiasemdestaque.com\/cd\/\",\"name\":\"Not&iacute;cias em Destaque\",\"description\":\"\",\"publisher\":{\"@id\":\"https:\/\/noticiasemdestaque.com\/cd\/#organization\"},\"potentialAction\":[{\"@type\":\"SearchAction\",\"target\":{\"@type\":\"EntryPoint\",\"urlTemplate\":\"https:\/\/noticiasemdestaque.com\/cd\/?s={search_term_string}\"},\"query-input\":{\"@type\":\"PropertyValueSpecification\",\"valueRequired\":true,\"valueName\":\"search_term_string\"}}],\"inLanguage\":\"pt-BR\"},{\"@type\":\"Organization\",\"@id\":\"https:\/\/noticiasemdestaque.com\/cd\/#organization\",\"name\":\"Not\u00edcias em Destaque\",\"url\":\"https:\/\/noticiasemdestaque.com\/cd\/\",\"logo\":{\"@type\":\"ImageObject\",\"inLanguage\":\"pt-BR\",\"@id\":\"https:\/\/noticiasemdestaque.com\/cd\/#\/schema\/logo\/image\/\",\"url\":\"https:\/\/noticiasemdestaque.com\/cd\/wp-content\/uploads\/2022\/05\/imagem-base-noticiasemdestaque.png\",\"contentUrl\":\"https:\/\/noticiasemdestaque.com\/cd\/wp-content\/uploads\/2022\/05\/imagem-base-noticiasemdestaque.png\",\"width\":1200,\"height\":630,\"caption\":\"Not\u00edcias em Destaque\"},\"image\":{\"@id\":\"https:\/\/noticiasemdestaque.com\/cd\/#\/schema\/logo\/image\/\"}},{\"@type\":\"Person\",\"@id\":\"https:\/\/noticiasemdestaque.com\/cd\/#\/schema\/person\/21320b03a7e8bb90128938dafc9b908a\",\"name\":\"Not\u00edcias em Destaque\",\"url\":\"https:\/\/noticiasemdestaque.com\/cd\/?author=2\"}]}<\/script>\n<!-- \/ Yoast SEO plugin. -->","yoast_head_json":{"title":"Serra Branca confirma de uma s\u00f3 vez cinco novos casos de Covid-19 - Not&iacute;cias em Destaque","robots":{"index":"index","follow":"follow","max-snippet":"max-snippet:-1","max-image-preview":"max-image-preview:large","max-video-preview":"max-video-preview:-1"},"canonical":"https:\/\/noticiasemdestaque.com\/cd\/?p=25395","og_locale":"pt_BR","og_type":"article","og_title":"Serra Branca confirma de uma s\u00f3 vez cinco novos casos de Covid-19 - Not&iacute;cias em Destaque","og_description":"A Prefeitura de Serra Branca atrav\u00e9s da Secretaria Municipal de Sa\u00fade divulgou o seu mais novo boletim epidemiol\u00f3gico no in\u00edcio da tarde desta quarta-feira(17) no qual foram confirmados mais cinco novos casos de Covid-19 (novo coronav\u00edrus) no munic\u00edpio. Segundo o boletim divulgado pela unidade municipal de sa\u00fade os novos casos confirmados da doen\u00e7a tratam-se dos seguintes pacientes: O 1 caso: Trata-se de uma crian\u00e7a, 3 anos, sexo masculino que encontra-se em isolamento domiciliar, assintom\u00e1tica (Zona rural) Local: Regi\u00e3o das serras \u2013 S\u00edtio Angico. 2 caso: Trata-se de um senhor, 39 anos, que encontra-se em isolamento domiciliar, assintom\u00e1tico. (Zona rural) Local: Regi\u00e3o das serras \u2013 S\u00edtio Angico. 3 caso: Trata-se de um senhor, 35 anos, que encontra-se em isolamento domiciliar, assintom\u00e1tico. (Zona rural) Local: Regi\u00e3o das serras \u2013 S\u00edtio Angico. 4 caso: Trata-se de um senhora, 30 anos, que encontra-se em isolamento domiciliar, assintom\u00e1tico. (Zona rural) Local: Regi\u00e3o das serras \u2013 S\u00edtio Angico. 5 caso: Trata-se de um rapaz, 17 anos, que encontra-se em isolamento domiciliar, assintom\u00e1tico. (Zona rural) Local: Regi\u00e3o das serras \u2013 S\u00edtio Angico. Nas \u00faltimas 48h, Serra Branca contabilizou 09 novos casos estando agora com 21 casos confirmados do novo v\u00edrus. A Secret\u00e1ria de Sa\u00fade Monique Dantas pediu que os pacientes que est\u00e3o com testes r\u00e1pidos agendados e residem na zona rural informar o dia de seus testes para seu agente de sa\u00fade, a fim de que a Secretaria Municipal de Sa\u00fade possa mandar um carro buscar o paciente e assim evitar que venha em carros de uso comum com outras pessoas. A auxiliar orientou mais uma vez a popula\u00e7\u00e3o de seguir as recomenda\u00e7\u00f5es do isolamento social, uso de m\u00e1scaras e higieniza\u00e7\u00e3o das m\u00e3os com \u00e1lcool 70%. De Olho no Cariri","og_url":"https:\/\/noticiasemdestaque.com\/cd\/?p=25395","og_site_name":"Not&iacute;cias em Destaque","article_published_time":"2020-06-17T20:26:11+00:00","og_image":[{"width":958,"height":960,"url":"https:\/\/noticiasemdestaque.com\/cd\/wp-content\/uploads\/2020\/06\/sb-co-1.jpg","type":"image\/jpeg"}],"author":"Not\u00edcias em Destaque","twitter_card":"summary_large_image","twitter_misc":{"Escrito por":"Not\u00edcias em Destaque","Est. tempo de leitura":"2 minutos"},"schema":{"@context":"https:\/\/schema.org","@graph":[{"@type":"Article","@id":"https:\/\/noticiasemdestaque.com\/cd\/?p=25395#article","isPartOf":{"@id":"https:\/\/noticiasemdestaque.com\/cd\/?p=25395"},"author":{"name":"Not\u00edcias em Destaque","@id":"https:\/\/noticiasemdestaque.com\/cd\/#\/schema\/person\/21320b03a7e8bb90128938dafc9b908a"},"headline":"Serra Branca confirma de uma s\u00f3 vez cinco novos casos de Covid-19","datePublished":"2020-06-17T20:26:11+00:00","mainEntityOfPage":{"@id":"https:\/\/noticiasemdestaque.com\/cd\/?p=25395"},"wordCount":313,"publisher":{"@id":"https:\/\/noticiasemdestaque.com\/cd\/#organization"},"image":{"@id":"https:\/\/noticiasemdestaque.com\/cd\/?p=25395#primaryimage"},"thumbnailUrl":"https:\/\/noticiasemdestaque.com\/cd\/wp-content\/uploads\/2020\/06\/sb-co-1.jpg","articleSection":["Cidades"],"inLanguage":"pt-BR"},{"@type":"WebPage","@id":"https:\/\/noticiasemdestaque.com\/cd\/?p=25395","url":"https:\/\/noticiasemdestaque.com\/cd\/?p=25395","name":"Serra Branca confirma de uma s\u00f3 vez cinco novos casos de Covid-19 - Not&iacute;cias em Destaque","isPartOf":{"@id":"https:\/\/noticiasemdestaque.com\/cd\/#website"},"primaryImageOfPage":{"@id":"https:\/\/noticiasemdestaque.com\/cd\/?p=25395#primaryimage"},"image":{"@id":"https:\/\/noticiasemdestaque.com\/cd\/?p=25395#primaryimage"},"thumbnailUrl":"https:\/\/noticiasemdestaque.com\/cd\/wp-content\/uploads\/2020\/06\/sb-co-1.jpg","datePublished":"2020-06-17T20:26:11+00:00","breadcrumb":{"@id":"https:\/\/noticiasemdestaque.com\/cd\/?p=25395#breadcrumb"},"inLanguage":"pt-BR","potentialAction":[{"@type":"ReadAction","target":["https:\/\/noticiasemdestaque.com\/cd\/?p=25395"]}]},{"@type":"ImageObject","inLanguage":"pt-BR","@id":"https:\/\/noticiasemdestaque.com\/cd\/?p=25395#primaryimage","url":"https:\/\/noticiasemdestaque.com\/cd\/wp-content\/uploads\/2020\/06\/sb-co-1.jpg","contentUrl":"https:\/\/noticiasemdestaque.com\/cd\/wp-content\/uploads\/2020\/06\/sb-co-1.jpg","width":958,"height":960},{"@type":"BreadcrumbList","@id":"https:\/\/noticiasemdestaque.com\/cd\/?p=25395#breadcrumb","itemListElement":[{"@type":"ListItem","position":1,"name":"In\u00edcio","item":"https:\/\/noticiasemdestaque.com\/cd\/"},{"@type":"ListItem","position":2,"name":"Serra Branca confirma de uma s\u00f3 vez cinco novos casos de Covid-19"}]},{"@type":"WebSite","@id":"https:\/\/noticiasemdestaque.com\/cd\/#website","url":"https:\/\/noticiasemdestaque.com\/cd\/","name":"Not&iacute;cias em Destaque","description":"","publisher":{"@id":"https:\/\/noticiasemdestaque.com\/cd\/#organization"},"potentialAction":[{"@type":"SearchAction","target":{"@type":"EntryPoint","urlTemplate":"https:\/\/noticiasemdestaque.com\/cd\/?s={search_term_string}"},"query-input":{"@type":"PropertyValueSpecification","valueRequired":true,"valueName":"search_term_string"}}],"inLanguage":"pt-BR"},{"@type":"Organization","@id":"https:\/\/noticiasemdestaque.com\/cd\/#organization","name":"Not\u00edcias em Destaque","url":"https:\/\/noticiasemdestaque.com\/cd\/","logo":{"@type":"ImageObject","inLanguage":"pt-BR","@id":"https:\/\/noticiasemdestaque.com\/cd\/#\/schema\/logo\/image\/","url":"https:\/\/noticiasemdestaque.com\/cd\/wp-content\/uploads\/2022\/05\/imagem-base-noticiasemdestaque.png","contentUrl":"https:\/\/noticiasemdestaque.com\/cd\/wp-content\/uploads\/2022\/05\/imagem-base-noticiasemdestaque.png","width":1200,"height":630,"caption":"Not\u00edcias em Destaque"},"image":{"@id":"https:\/\/noticiasemdestaque.com\/cd\/#\/schema\/logo\/image\/"}},{"@type":"Person","@id":"https:\/\/noticiasemdestaque.com\/cd\/#\/schema\/person\/21320b03a7e8bb90128938dafc9b908a","name":"Not\u00edcias em Destaque","url":"https:\/\/noticiasemdestaque.com\/cd\/?author=2"}]}},"jetpack_featured_media_url":"https:\/\/noticiasemdestaque.com\/cd\/wp-content\/uploads\/2020\/06\/sb-co-1.jpg","jetpack_sharing_enabled":true,"_links":{"self":[{"href":"https:\/\/noticiasemdestaque.com\/cd\/index.php?rest_route=\/wp\/v2\/posts\/25395","targetHints":{"allow":["GET"]}}],"collection":[{"href":"https:\/\/noticiasemdestaque.com\/cd\/index.php?rest_route=\/wp\/v2\/posts"}],"about":[{"href":"https:\/\/noticiasemdestaque.com\/cd\/index.php?rest_route=\/wp\/v2\/types\/post"}],"author":[{"embeddable":true,"href":"https:\/\/noticiasemdestaque.com\/cd\/index.php?rest_route=\/wp\/v2\/users\/2"}],"replies":[{"embeddable":true,"href":"https:\/\/noticiasemdestaque.com\/cd\/index.php?rest_route=%2Fwp%2Fv2%2Fcomments&post=25395"}],"version-history":[{"count":1,"href":"https:\/\/noticiasemdestaque.com\/cd\/index.php?rest_route=\/wp\/v2\/posts\/25395\/revisions"}],"predecessor-version":[{"id":25397,"href":"https:\/\/noticiasemdestaque.com\/cd\/index.php?rest_route=\/wp\/v2\/posts\/25395\/revisions\/25397"}],"wp:featuredmedia":[{"embeddable":true,"href":"https:\/\/noticiasemdestaque.com\/cd\/index.php?rest_route=\/wp\/v2\/media\/25396"}],"wp:attachment":[{"href":"https:\/\/noticiasemdestaque.com\/cd\/index.php?rest_route=%2Fwp%2Fv2%2Fmedia&parent=25395"}],"wp:term":[{"taxonomy":"category","embeddable":true,"href":"https:\/\/noticiasemdestaque.com\/cd\/index.php?rest_route=%2Fwp%2Fv2%2Fcategories&post=25395"},{"taxonomy":"post_tag","embeddable":true,"href":"https:\/\/noticiasemdestaque.com\/cd\/index.php?rest_route=%2Fwp%2Fv2%2Ftags&post=25395"}],"curies":[{"name":"wp","href":"https:\/\/api.w.org\/{rel}","templated":true}]}}