{"id":25390,"date":"2020-06-17T09:45:16","date_gmt":"2020-06-17T12:45:16","guid":{"rendered":"http:\/\/noticiasemdestaque.com\/cd\/?p=25390"},"modified":"2020-06-17T09:45:49","modified_gmt":"2020-06-17T12:45:49","slug":"prefeitura-de-sume-retoma-contratos-e-pagamentos-de-servidores-temporarios","status":"publish","type":"post","link":"https:\/\/noticiasemdestaque.com\/cd\/?p=25390","title":{"rendered":"Prefeitura de Sum\u00e9 retoma contratos e pagamentos de servidores tempor\u00e1rios"},"content":{"rendered":"<p><a href=\"https:\/\/noticiasemdestaque.com\/cd\/wp-content\/uploads\/2018\/05\/PREFEITURA-DE-SUM\u00c9-768x511.jpg\"><img fetchpriority=\"high\" decoding=\"async\" class=\"alignnone size-full wp-image-10226\" src=\"https:\/\/noticiasemdestaque.com\/cd\/wp-content\/uploads\/2018\/05\/PREFEITURA-DE-SUM\u00c9-768x511.jpg\" alt=\"\" width=\"768\" height=\"511\" srcset=\"https:\/\/noticiasemdestaque.com\/cd\/wp-content\/uploads\/2018\/05\/PREFEITURA-DE-SUM\u00c9-768x511.jpg 768w, https:\/\/noticiasemdestaque.com\/cd\/wp-content\/uploads\/2018\/05\/PREFEITURA-DE-SUM\u00c9-768x511-300x200.jpg 300w, https:\/\/noticiasemdestaque.com\/cd\/wp-content\/uploads\/2018\/05\/PREFEITURA-DE-SUM\u00c9-768x511-480x320.jpg 480w\" sizes=\"(max-width: 768px) 100vw, 768px\" \/><\/a><\/p>\n<p style=\"font-weight: 400;\">Em virtude da pandemia causada pela Covid-19, as Secretarias de Educa\u00e7\u00e3o e de Assist\u00eancia Social de Sum\u00e9 tiveram algumas atividades paralisadas, consequentemente tiveram que ficar suspenso os contratos e pagamentos de alguns funcion\u00e1rios.<\/p>\n<p style=\"font-weight: 400;\">Atendendo \u00e0 orienta\u00e7\u00e3o jur\u00eddica, a Prefeitura de Sum\u00e9 suspendeu por meio do Decreto n\u00b0 1.321, de 30 de abril de 2020, os contratos tempor\u00e1rios da Secretaria de Educa\u00e7\u00e3o e do Servi\u00e7o de Conviv\u00eancia e Fortalecimento de V\u00ednculos (SCFV) do munic\u00edpio.<\/p>\n<p style=\"font-weight: 400;\">V\u00e1rios munic\u00edpios paraibanos tinham d\u00favidas em rela\u00e7\u00e3o \u00e0 continuidade destes contratos e pagamentos. A Federa\u00e7\u00e3o das Associa\u00e7\u00f5es de Munic\u00edpios da Para\u00edba (Famup) fez uma consulta formal junto ao Tribunal de Contas do Estado (TCE-PB) para verificar a quest\u00e3o.<\/p>\n<p style=\"font-weight: 400;\">Inicialmente, a auditoria do TCE-PB deu um parecer favor\u00e1vel \u00e0 continua\u00e7\u00e3o e pagamento destes contratos, restante a analise do pleno do Tribunal.<\/p>\n<p style=\"font-weight: 400;\">O Pleno do TCE-PB aprovou parecer da auditoria e autorizou os prefeitos a manterem contratos tempor\u00e1rios mesmo com suspens\u00e3o de atividades diante da pandemia da Covid-19.<\/p>\n<p style=\"font-weight: 400;\">O prefeito \u00c9den Duarte informou que agora em junho ser\u00e1 realizado o pagamento retroativo ao m\u00eas de maio e o pagamento dos vencimentos referentes ao m\u00eas de junho.<\/p>\n<p style=\"font-weight: 400;\">Ascom PMS<\/p>\n","protected":false},"excerpt":{"rendered":"<p>Em virtude da pandemia causada pela Covid-19, as Secretarias de Educa\u00e7\u00e3o e de Assist\u00eancia Social de Sum\u00e9 tiveram algumas atividades paralisadas, consequentemente tiveram que ficar suspenso os contratos e pagamentos de alguns funcion\u00e1rios. Atendendo \u00e0 orienta\u00e7\u00e3o jur\u00eddica, a Prefeitura de Sum\u00e9 suspendeu por meio do Decreto n\u00b0 1.321, de 30 de abril de 2020, os contratos tempor\u00e1rios da Secretaria de Educa\u00e7\u00e3o e do Servi\u00e7o de Conviv\u00eancia e Fortalecimento de V\u00ednculos (SCFV) do munic\u00edpio. V\u00e1rios munic\u00edpios paraibanos tinham d\u00favidas em rela\u00e7\u00e3o \u00e0 continuidade destes contratos e pagamentos. A Federa\u00e7\u00e3o das Associa\u00e7\u00f5es de Munic\u00edpios da Para\u00edba (Famup) fez uma consulta formal junto ao Tribunal de Contas do Estado (TCE-PB) para verificar a quest\u00e3o. Inicialmente, a auditoria do TCE-PB deu um parecer favor\u00e1vel \u00e0 continua\u00e7\u00e3o e pagamento destes contratos, restante a analise do pleno do Tribunal. O Pleno do TCE-PB aprovou parecer da auditoria e autorizou os prefeitos a manterem contratos tempor\u00e1rios mesmo com suspens\u00e3o de atividades diante da pandemia da Covid-19. O prefeito \u00c9den Duarte informou que agora em junho ser\u00e1 realizado o pagamento retroativo ao m\u00eas de maio e o pagamento dos vencimentos referentes ao m\u00eas de junho. Ascom PMS<\/p>\n","protected":false},"author":2,"featured_media":10226,"comment_status":"closed","ping_status":"open","sticky":false,"template":"","format":"standard","meta":{"_eb_attr":"","_jetpack_memberships_contains_paid_content":false,"footnotes":""},"categories":[12],"tags":[],"class_list":["post-25390","post","type-post","status-publish","format-standard","has-post-thumbnail","hentry","category-geral"],"yoast_head":"<!-- This site is optimized with the Yoast SEO plugin v26.5 - https:\/\/yoast.com\/wordpress\/plugins\/seo\/ -->\n<title>Prefeitura de Sum\u00e9 retoma contratos e pagamentos de servidores tempor\u00e1rios - Not&iacute;cias em Destaque<\/title>\n<meta name=\"robots\" content=\"index, follow, max-snippet:-1, max-image-preview:large, max-video-preview:-1\" \/>\n<link rel=\"canonical\" href=\"https:\/\/noticiasemdestaque.com\/cd\/?p=25390\" \/>\n<meta property=\"og:locale\" content=\"pt_BR\" \/>\n<meta property=\"og:type\" content=\"article\" \/>\n<meta property=\"og:title\" content=\"Prefeitura de Sum\u00e9 retoma contratos e pagamentos de servidores tempor\u00e1rios - Not&iacute;cias em Destaque\" \/>\n<meta property=\"og:description\" content=\"Em virtude da pandemia causada pela Covid-19, as Secretarias de Educa\u00e7\u00e3o e de Assist\u00eancia Social de Sum\u00e9 tiveram algumas atividades paralisadas, consequentemente tiveram que ficar suspenso os contratos e pagamentos de alguns funcion\u00e1rios. Atendendo \u00e0 orienta\u00e7\u00e3o jur\u00eddica, a Prefeitura de Sum\u00e9 suspendeu por meio do Decreto n\u00b0 1.321, de 30 de abril de 2020, os contratos tempor\u00e1rios da Secretaria de Educa\u00e7\u00e3o e do Servi\u00e7o de Conviv\u00eancia e Fortalecimento de V\u00ednculos (SCFV) do munic\u00edpio. V\u00e1rios munic\u00edpios paraibanos tinham d\u00favidas em rela\u00e7\u00e3o \u00e0 continuidade destes contratos e pagamentos. A Federa\u00e7\u00e3o das Associa\u00e7\u00f5es de Munic\u00edpios da Para\u00edba (Famup) fez uma consulta formal junto ao Tribunal de Contas do Estado (TCE-PB) para verificar a quest\u00e3o. Inicialmente, a auditoria do TCE-PB deu um parecer favor\u00e1vel \u00e0 continua\u00e7\u00e3o e pagamento destes contratos, restante a analise do pleno do Tribunal. O Pleno do TCE-PB aprovou parecer da auditoria e autorizou os prefeitos a manterem contratos tempor\u00e1rios mesmo com suspens\u00e3o de atividades diante da pandemia da Covid-19. O prefeito \u00c9den Duarte informou que agora em junho ser\u00e1 realizado o pagamento retroativo ao m\u00eas de maio e o pagamento dos vencimentos referentes ao m\u00eas de junho. Ascom PMS\" \/>\n<meta property=\"og:url\" content=\"https:\/\/noticiasemdestaque.com\/cd\/?p=25390\" \/>\n<meta property=\"og:site_name\" content=\"Not&iacute;cias em Destaque\" \/>\n<meta property=\"article:published_time\" content=\"2020-06-17T12:45:16+00:00\" \/>\n<meta property=\"article:modified_time\" content=\"2020-06-17T12:45:49+00:00\" \/>\n<meta property=\"og:image\" content=\"https:\/\/noticiasemdestaque.com\/cd\/wp-content\/uploads\/2018\/05\/PREFEITURA-DE-SUM\u00c9-768x511.jpg\" \/>\n\t<meta property=\"og:image:width\" content=\"768\" \/>\n\t<meta property=\"og:image:height\" content=\"511\" \/>\n\t<meta property=\"og:image:type\" content=\"image\/jpeg\" \/>\n<meta name=\"author\" content=\"Not\u00edcias em Destaque\" \/>\n<meta name=\"twitter:card\" content=\"summary_large_image\" \/>\n<meta name=\"twitter:label1\" content=\"Escrito por\" \/>\n\t<meta name=\"twitter:data1\" content=\"Not\u00edcias em Destaque\" \/>\n\t<meta name=\"twitter:label2\" content=\"Est. tempo de leitura\" \/>\n\t<meta name=\"twitter:data2\" content=\"1 minuto\" \/>\n<script type=\"application\/ld+json\" class=\"yoast-schema-graph\">{\"@context\":\"https:\/\/schema.org\",\"@graph\":[{\"@type\":\"Article\",\"@id\":\"https:\/\/noticiasemdestaque.com\/cd\/?p=25390#article\",\"isPartOf\":{\"@id\":\"https:\/\/noticiasemdestaque.com\/cd\/?p=25390\"},\"author\":{\"name\":\"Not\u00edcias em Destaque\",\"@id\":\"https:\/\/noticiasemdestaque.com\/cd\/#\/schema\/person\/21320b03a7e8bb90128938dafc9b908a\"},\"headline\":\"Prefeitura de Sum\u00e9 retoma contratos e pagamentos de servidores tempor\u00e1rios\",\"datePublished\":\"2020-06-17T12:45:16+00:00\",\"dateModified\":\"2020-06-17T12:45:49+00:00\",\"mainEntityOfPage\":{\"@id\":\"https:\/\/noticiasemdestaque.com\/cd\/?p=25390\"},\"wordCount\":220,\"publisher\":{\"@id\":\"https:\/\/noticiasemdestaque.com\/cd\/#organization\"},\"image\":{\"@id\":\"https:\/\/noticiasemdestaque.com\/cd\/?p=25390#primaryimage\"},\"thumbnailUrl\":\"https:\/\/noticiasemdestaque.com\/cd\/wp-content\/uploads\/2018\/05\/PREFEITURA-DE-SUM\u00c9-768x511.jpg\",\"articleSection\":[\"Geral\"],\"inLanguage\":\"pt-BR\"},{\"@type\":\"WebPage\",\"@id\":\"https:\/\/noticiasemdestaque.com\/cd\/?p=25390\",\"url\":\"https:\/\/noticiasemdestaque.com\/cd\/?p=25390\",\"name\":\"Prefeitura de Sum\u00e9 retoma contratos e pagamentos de servidores tempor\u00e1rios - Not&iacute;cias em Destaque\",\"isPartOf\":{\"@id\":\"https:\/\/noticiasemdestaque.com\/cd\/#website\"},\"primaryImageOfPage\":{\"@id\":\"https:\/\/noticiasemdestaque.com\/cd\/?p=25390#primaryimage\"},\"image\":{\"@id\":\"https:\/\/noticiasemdestaque.com\/cd\/?p=25390#primaryimage\"},\"thumbnailUrl\":\"https:\/\/noticiasemdestaque.com\/cd\/wp-content\/uploads\/2018\/05\/PREFEITURA-DE-SUM\u00c9-768x511.jpg\",\"datePublished\":\"2020-06-17T12:45:16+00:00\",\"dateModified\":\"2020-06-17T12:45:49+00:00\",\"breadcrumb\":{\"@id\":\"https:\/\/noticiasemdestaque.com\/cd\/?p=25390#breadcrumb\"},\"inLanguage\":\"pt-BR\",\"potentialAction\":[{\"@type\":\"ReadAction\",\"target\":[\"https:\/\/noticiasemdestaque.com\/cd\/?p=25390\"]}]},{\"@type\":\"ImageObject\",\"inLanguage\":\"pt-BR\",\"@id\":\"https:\/\/noticiasemdestaque.com\/cd\/?p=25390#primaryimage\",\"url\":\"https:\/\/noticiasemdestaque.com\/cd\/wp-content\/uploads\/2018\/05\/PREFEITURA-DE-SUM\u00c9-768x511.jpg\",\"contentUrl\":\"https:\/\/noticiasemdestaque.com\/cd\/wp-content\/uploads\/2018\/05\/PREFEITURA-DE-SUM\u00c9-768x511.jpg\",\"width\":768,\"height\":511},{\"@type\":\"BreadcrumbList\",\"@id\":\"https:\/\/noticiasemdestaque.com\/cd\/?p=25390#breadcrumb\",\"itemListElement\":[{\"@type\":\"ListItem\",\"position\":1,\"name\":\"In\u00edcio\",\"item\":\"https:\/\/noticiasemdestaque.com\/cd\/\"},{\"@type\":\"ListItem\",\"position\":2,\"name\":\"Prefeitura de Sum\u00e9 retoma contratos e pagamentos de servidores tempor\u00e1rios\"}]},{\"@type\":\"WebSite\",\"@id\":\"https:\/\/noticiasemdestaque.com\/cd\/#website\",\"url\":\"https:\/\/noticiasemdestaque.com\/cd\/\",\"name\":\"Not&iacute;cias em Destaque\",\"description\":\"\",\"publisher\":{\"@id\":\"https:\/\/noticiasemdestaque.com\/cd\/#organization\"},\"potentialAction\":[{\"@type\":\"SearchAction\",\"target\":{\"@type\":\"EntryPoint\",\"urlTemplate\":\"https:\/\/noticiasemdestaque.com\/cd\/?s={search_term_string}\"},\"query-input\":{\"@type\":\"PropertyValueSpecification\",\"valueRequired\":true,\"valueName\":\"search_term_string\"}}],\"inLanguage\":\"pt-BR\"},{\"@type\":\"Organization\",\"@id\":\"https:\/\/noticiasemdestaque.com\/cd\/#organization\",\"name\":\"Not\u00edcias em Destaque\",\"url\":\"https:\/\/noticiasemdestaque.com\/cd\/\",\"logo\":{\"@type\":\"ImageObject\",\"inLanguage\":\"pt-BR\",\"@id\":\"https:\/\/noticiasemdestaque.com\/cd\/#\/schema\/logo\/image\/\",\"url\":\"https:\/\/noticiasemdestaque.com\/cd\/wp-content\/uploads\/2022\/05\/imagem-base-noticiasemdestaque.png\",\"contentUrl\":\"https:\/\/noticiasemdestaque.com\/cd\/wp-content\/uploads\/2022\/05\/imagem-base-noticiasemdestaque.png\",\"width\":1200,\"height\":630,\"caption\":\"Not\u00edcias em Destaque\"},\"image\":{\"@id\":\"https:\/\/noticiasemdestaque.com\/cd\/#\/schema\/logo\/image\/\"}},{\"@type\":\"Person\",\"@id\":\"https:\/\/noticiasemdestaque.com\/cd\/#\/schema\/person\/21320b03a7e8bb90128938dafc9b908a\",\"name\":\"Not\u00edcias em Destaque\",\"url\":\"https:\/\/noticiasemdestaque.com\/cd\/?author=2\"}]}<\/script>\n<!-- \/ Yoast SEO plugin. -->","yoast_head_json":{"title":"Prefeitura de Sum\u00e9 retoma contratos e pagamentos de servidores tempor\u00e1rios - Not&iacute;cias em Destaque","robots":{"index":"index","follow":"follow","max-snippet":"max-snippet:-1","max-image-preview":"max-image-preview:large","max-video-preview":"max-video-preview:-1"},"canonical":"https:\/\/noticiasemdestaque.com\/cd\/?p=25390","og_locale":"pt_BR","og_type":"article","og_title":"Prefeitura de Sum\u00e9 retoma contratos e pagamentos de servidores tempor\u00e1rios - Not&iacute;cias em Destaque","og_description":"Em virtude da pandemia causada pela Covid-19, as Secretarias de Educa\u00e7\u00e3o e de Assist\u00eancia Social de Sum\u00e9 tiveram algumas atividades paralisadas, consequentemente tiveram que ficar suspenso os contratos e pagamentos de alguns funcion\u00e1rios. Atendendo \u00e0 orienta\u00e7\u00e3o jur\u00eddica, a Prefeitura de Sum\u00e9 suspendeu por meio do Decreto n\u00b0 1.321, de 30 de abril de 2020, os contratos tempor\u00e1rios da Secretaria de Educa\u00e7\u00e3o e do Servi\u00e7o de Conviv\u00eancia e Fortalecimento de V\u00ednculos (SCFV) do munic\u00edpio. V\u00e1rios munic\u00edpios paraibanos tinham d\u00favidas em rela\u00e7\u00e3o \u00e0 continuidade destes contratos e pagamentos. A Federa\u00e7\u00e3o das Associa\u00e7\u00f5es de Munic\u00edpios da Para\u00edba (Famup) fez uma consulta formal junto ao Tribunal de Contas do Estado (TCE-PB) para verificar a quest\u00e3o. Inicialmente, a auditoria do TCE-PB deu um parecer favor\u00e1vel \u00e0 continua\u00e7\u00e3o e pagamento destes contratos, restante a analise do pleno do Tribunal. O Pleno do TCE-PB aprovou parecer da auditoria e autorizou os prefeitos a manterem contratos tempor\u00e1rios mesmo com suspens\u00e3o de atividades diante da pandemia da Covid-19. O prefeito \u00c9den Duarte informou que agora em junho ser\u00e1 realizado o pagamento retroativo ao m\u00eas de maio e o pagamento dos vencimentos referentes ao m\u00eas de junho. Ascom PMS","og_url":"https:\/\/noticiasemdestaque.com\/cd\/?p=25390","og_site_name":"Not&iacute;cias em Destaque","article_published_time":"2020-06-17T12:45:16+00:00","article_modified_time":"2020-06-17T12:45:49+00:00","og_image":[{"width":768,"height":511,"url":"https:\/\/noticiasemdestaque.com\/cd\/wp-content\/uploads\/2018\/05\/PREFEITURA-DE-SUM\u00c9-768x511.jpg","type":"image\/jpeg"}],"author":"Not\u00edcias em Destaque","twitter_card":"summary_large_image","twitter_misc":{"Escrito por":"Not\u00edcias em Destaque","Est. tempo de leitura":"1 minuto"},"schema":{"@context":"https:\/\/schema.org","@graph":[{"@type":"Article","@id":"https:\/\/noticiasemdestaque.com\/cd\/?p=25390#article","isPartOf":{"@id":"https:\/\/noticiasemdestaque.com\/cd\/?p=25390"},"author":{"name":"Not\u00edcias em Destaque","@id":"https:\/\/noticiasemdestaque.com\/cd\/#\/schema\/person\/21320b03a7e8bb90128938dafc9b908a"},"headline":"Prefeitura de Sum\u00e9 retoma contratos e pagamentos de servidores tempor\u00e1rios","datePublished":"2020-06-17T12:45:16+00:00","dateModified":"2020-06-17T12:45:49+00:00","mainEntityOfPage":{"@id":"https:\/\/noticiasemdestaque.com\/cd\/?p=25390"},"wordCount":220,"publisher":{"@id":"https:\/\/noticiasemdestaque.com\/cd\/#organization"},"image":{"@id":"https:\/\/noticiasemdestaque.com\/cd\/?p=25390#primaryimage"},"thumbnailUrl":"https:\/\/noticiasemdestaque.com\/cd\/wp-content\/uploads\/2018\/05\/PREFEITURA-DE-SUM\u00c9-768x511.jpg","articleSection":["Geral"],"inLanguage":"pt-BR"},{"@type":"WebPage","@id":"https:\/\/noticiasemdestaque.com\/cd\/?p=25390","url":"https:\/\/noticiasemdestaque.com\/cd\/?p=25390","name":"Prefeitura de Sum\u00e9 retoma contratos e pagamentos de servidores tempor\u00e1rios - Not&iacute;cias em Destaque","isPartOf":{"@id":"https:\/\/noticiasemdestaque.com\/cd\/#website"},"primaryImageOfPage":{"@id":"https:\/\/noticiasemdestaque.com\/cd\/?p=25390#primaryimage"},"image":{"@id":"https:\/\/noticiasemdestaque.com\/cd\/?p=25390#primaryimage"},"thumbnailUrl":"https:\/\/noticiasemdestaque.com\/cd\/wp-content\/uploads\/2018\/05\/PREFEITURA-DE-SUM\u00c9-768x511.jpg","datePublished":"2020-06-17T12:45:16+00:00","dateModified":"2020-06-17T12:45:49+00:00","breadcrumb":{"@id":"https:\/\/noticiasemdestaque.com\/cd\/?p=25390#breadcrumb"},"inLanguage":"pt-BR","potentialAction":[{"@type":"ReadAction","target":["https:\/\/noticiasemdestaque.com\/cd\/?p=25390"]}]},{"@type":"ImageObject","inLanguage":"pt-BR","@id":"https:\/\/noticiasemdestaque.com\/cd\/?p=25390#primaryimage","url":"https:\/\/noticiasemdestaque.com\/cd\/wp-content\/uploads\/2018\/05\/PREFEITURA-DE-SUM\u00c9-768x511.jpg","contentUrl":"https:\/\/noticiasemdestaque.com\/cd\/wp-content\/uploads\/2018\/05\/PREFEITURA-DE-SUM\u00c9-768x511.jpg","width":768,"height":511},{"@type":"BreadcrumbList","@id":"https:\/\/noticiasemdestaque.com\/cd\/?p=25390#breadcrumb","itemListElement":[{"@type":"ListItem","position":1,"name":"In\u00edcio","item":"https:\/\/noticiasemdestaque.com\/cd\/"},{"@type":"ListItem","position":2,"name":"Prefeitura de Sum\u00e9 retoma contratos e pagamentos de servidores tempor\u00e1rios"}]},{"@type":"WebSite","@id":"https:\/\/noticiasemdestaque.com\/cd\/#website","url":"https:\/\/noticiasemdestaque.com\/cd\/","name":"Not&iacute;cias em Destaque","description":"","publisher":{"@id":"https:\/\/noticiasemdestaque.com\/cd\/#organization"},"potentialAction":[{"@type":"SearchAction","target":{"@type":"EntryPoint","urlTemplate":"https:\/\/noticiasemdestaque.com\/cd\/?s={search_term_string}"},"query-input":{"@type":"PropertyValueSpecification","valueRequired":true,"valueName":"search_term_string"}}],"inLanguage":"pt-BR"},{"@type":"Organization","@id":"https:\/\/noticiasemdestaque.com\/cd\/#organization","name":"Not\u00edcias em Destaque","url":"https:\/\/noticiasemdestaque.com\/cd\/","logo":{"@type":"ImageObject","inLanguage":"pt-BR","@id":"https:\/\/noticiasemdestaque.com\/cd\/#\/schema\/logo\/image\/","url":"https:\/\/noticiasemdestaque.com\/cd\/wp-content\/uploads\/2022\/05\/imagem-base-noticiasemdestaque.png","contentUrl":"https:\/\/noticiasemdestaque.com\/cd\/wp-content\/uploads\/2022\/05\/imagem-base-noticiasemdestaque.png","width":1200,"height":630,"caption":"Not\u00edcias em Destaque"},"image":{"@id":"https:\/\/noticiasemdestaque.com\/cd\/#\/schema\/logo\/image\/"}},{"@type":"Person","@id":"https:\/\/noticiasemdestaque.com\/cd\/#\/schema\/person\/21320b03a7e8bb90128938dafc9b908a","name":"Not\u00edcias em Destaque","url":"https:\/\/noticiasemdestaque.com\/cd\/?author=2"}]}},"jetpack_featured_media_url":"https:\/\/noticiasemdestaque.com\/cd\/wp-content\/uploads\/2018\/05\/PREFEITURA-DE-SUM\u00c9-768x511.jpg","jetpack_sharing_enabled":true,"_links":{"self":[{"href":"https:\/\/noticiasemdestaque.com\/cd\/index.php?rest_route=\/wp\/v2\/posts\/25390","targetHints":{"allow":["GET"]}}],"collection":[{"href":"https:\/\/noticiasemdestaque.com\/cd\/index.php?rest_route=\/wp\/v2\/posts"}],"about":[{"href":"https:\/\/noticiasemdestaque.com\/cd\/index.php?rest_route=\/wp\/v2\/types\/post"}],"author":[{"embeddable":true,"href":"https:\/\/noticiasemdestaque.com\/cd\/index.php?rest_route=\/wp\/v2\/users\/2"}],"replies":[{"embeddable":true,"href":"https:\/\/noticiasemdestaque.com\/cd\/index.php?rest_route=%2Fwp%2Fv2%2Fcomments&post=25390"}],"version-history":[{"count":1,"href":"https:\/\/noticiasemdestaque.com\/cd\/index.php?rest_route=\/wp\/v2\/posts\/25390\/revisions"}],"predecessor-version":[{"id":25391,"href":"https:\/\/noticiasemdestaque.com\/cd\/index.php?rest_route=\/wp\/v2\/posts\/25390\/revisions\/25391"}],"wp:featuredmedia":[{"embeddable":true,"href":"https:\/\/noticiasemdestaque.com\/cd\/index.php?rest_route=\/wp\/v2\/media\/10226"}],"wp:attachment":[{"href":"https:\/\/noticiasemdestaque.com\/cd\/index.php?rest_route=%2Fwp%2Fv2%2Fmedia&parent=25390"}],"wp:term":[{"taxonomy":"category","embeddable":true,"href":"https:\/\/noticiasemdestaque.com\/cd\/index.php?rest_route=%2Fwp%2Fv2%2Fcategories&post=25390"},{"taxonomy":"post_tag","embeddable":true,"href":"https:\/\/noticiasemdestaque.com\/cd\/index.php?rest_route=%2Fwp%2Fv2%2Ftags&post=25390"}],"curies":[{"name":"wp","href":"https:\/\/api.w.org\/{rel}","templated":true}]}}