{"id":25388,"date":"2020-06-16T20:18:03","date_gmt":"2020-06-16T23:18:03","guid":{"rendered":"http:\/\/noticiasemdestaque.com\/cd\/?p=25388"},"modified":"2020-06-16T20:18:03","modified_gmt":"2020-06-16T23:18:03","slug":"prefeitura-sume-antecipa-primeira-parcela-do-13o-salario-para-servidores","status":"publish","type":"post","link":"https:\/\/noticiasemdestaque.com\/cd\/?p=25388","title":{"rendered":"Prefeitura Sum\u00e9 antecipa primeira parcela do 13\u00ba sal\u00e1rio para servidores\u00a0"},"content":{"rendered":"<p><a href=\"https:\/\/noticiasemdestaque.com\/cd\/wp-content\/uploads\/2018\/05\/PREFEITURA-DE-SUM\u00c9-768x511.jpg\"><img fetchpriority=\"high\" decoding=\"async\" class=\"wp-image-10226 aligncenter\" src=\"https:\/\/noticiasemdestaque.com\/cd\/wp-content\/uploads\/2018\/05\/PREFEITURA-DE-SUM\u00c9-768x511.jpg\" alt=\"\" width=\"546\" height=\"363\" srcset=\"https:\/\/noticiasemdestaque.com\/cd\/wp-content\/uploads\/2018\/05\/PREFEITURA-DE-SUM\u00c9-768x511.jpg 768w, https:\/\/noticiasemdestaque.com\/cd\/wp-content\/uploads\/2018\/05\/PREFEITURA-DE-SUM\u00c9-768x511-300x200.jpg 300w, https:\/\/noticiasemdestaque.com\/cd\/wp-content\/uploads\/2018\/05\/PREFEITURA-DE-SUM\u00c9-768x511-480x320.jpg 480w\" sizes=\"(max-width: 546px) 100vw, 546px\" \/><\/a><\/p>\n<p>Nessa ter\u00e7a-feira, 16, a prefeitura de Sum\u00e9 come\u00e7ou efetuar o pagamento da primeira parcela do 13\u00b0 sal\u00e1rio dos servidores municipais.<\/p>\n<p>O pagamento foi efetuado nesta ter\u00e7a-feira para as Secretarias de Administra\u00e7\u00e3o, Finan\u00e7as, Obras, Agricultura e Assist\u00eancia Social. At\u00e9 a pr\u00f3xima sexta-feira, a Prefeitura conclui as demais pastas.<\/p>\n<div class=\"text_exposed_show\">\n<p>De acordo com a Secretaria Municipal de Finan\u00e7as, a primeira parcela do d\u00e9cimo terceiro representa um valor de mais de meio milh\u00e3o de reais, que est\u00e3o sendo injetados na economia de Sum\u00e9 nesse momento.<\/p>\n<p>Para o prefeito, \u00c9den Duarte, \u00e9 muito importante que o munic\u00edpio possa d\u00e1 sequ\u00eancia a antecipa\u00e7\u00e3o do pagamento da primeira parcela do 13 dos servidores, pois segundo ele, al\u00e9m de injetar recursos na economia local, nesse momento de pandemia, \u00e9 igualmente importante para ajudar as fam\u00edlias que dependem desse sustento, de modo que elas possam honrar os seus compromissos.<\/p>\n<p>\u201cApesar de todas as dificuldades que estamos vivendo, o munic\u00edpio, com muito cuidado e zelo com os recursos p\u00fablicos, tem conseguido honrar os compromissos\u201d, afirmou o prefeito de Sum\u00e9.<\/p>\n<p>Vale destacar que a antecipa\u00e7\u00e3o do pagamento s\u00f3 \u00e9 poss\u00edvel gra\u00e7as a uma administra\u00e7\u00e3o s\u00e9ria e comprometida em manter o equil\u00edbrio das contas p\u00fablicas do Munic\u00edpio.<\/p>\n<\/div>\n","protected":false},"excerpt":{"rendered":"<p>Nessa ter\u00e7a-feira, 16, a prefeitura de Sum\u00e9 come\u00e7ou efetuar o pagamento da primeira parcela do 13\u00b0 sal\u00e1rio dos servidores municipais. O pagamento foi efetuado nesta ter\u00e7a-feira para as Secretarias de Administra\u00e7\u00e3o, Finan\u00e7as, Obras, Agricultura e Assist\u00eancia Social. At\u00e9 a pr\u00f3xima sexta-feira, a Prefeitura conclui as demais pastas. De acordo com a Secretaria Municipal de Finan\u00e7as, a primeira parcela do d\u00e9cimo terceiro representa um valor de mais de meio milh\u00e3o de reais, que est\u00e3o sendo injetados na economia de Sum\u00e9 nesse momento. Para o prefeito, \u00c9den Duarte, \u00e9 muito importante que o munic\u00edpio possa d\u00e1 sequ\u00eancia a antecipa\u00e7\u00e3o do pagamento da primeira parcela do 13 dos servidores, pois segundo ele, al\u00e9m de injetar recursos na economia local, nesse momento de pandemia, \u00e9 igualmente importante para ajudar as fam\u00edlias que dependem desse sustento, de modo que elas possam honrar os seus compromissos. \u201cApesar de todas as dificuldades que estamos vivendo, o munic\u00edpio, com muito cuidado e zelo com os recursos p\u00fablicos, tem conseguido honrar os compromissos\u201d, afirmou o prefeito de Sum\u00e9. Vale destacar que a antecipa\u00e7\u00e3o do pagamento s\u00f3 \u00e9 poss\u00edvel gra\u00e7as a uma administra\u00e7\u00e3o s\u00e9ria e comprometida em manter o equil\u00edbrio das contas p\u00fablicas do Munic\u00edpio.<\/p>\n","protected":false},"author":2,"featured_media":10226,"comment_status":"closed","ping_status":"open","sticky":false,"template":"","format":"standard","meta":{"_eb_attr":"","_jetpack_memberships_contains_paid_content":false,"footnotes":""},"categories":[4],"tags":[],"class_list":["post-25388","post","type-post","status-publish","format-standard","has-post-thumbnail","hentry","category-politica"],"yoast_head":"<!-- This site is optimized with the Yoast SEO plugin v26.5 - https:\/\/yoast.com\/wordpress\/plugins\/seo\/ -->\n<title>Prefeitura Sum\u00e9 antecipa primeira parcela do 13\u00ba sal\u00e1rio para servidores\u00a0 - Not&iacute;cias em Destaque<\/title>\n<meta name=\"robots\" content=\"index, follow, max-snippet:-1, max-image-preview:large, max-video-preview:-1\" \/>\n<link rel=\"canonical\" href=\"https:\/\/noticiasemdestaque.com\/cd\/?p=25388\" \/>\n<meta property=\"og:locale\" content=\"pt_BR\" \/>\n<meta property=\"og:type\" content=\"article\" \/>\n<meta property=\"og:title\" content=\"Prefeitura Sum\u00e9 antecipa primeira parcela do 13\u00ba sal\u00e1rio para servidores\u00a0 - Not&iacute;cias em Destaque\" \/>\n<meta property=\"og:description\" content=\"Nessa ter\u00e7a-feira, 16, a prefeitura de Sum\u00e9 come\u00e7ou efetuar o pagamento da primeira parcela do 13\u00b0 sal\u00e1rio dos servidores municipais. O pagamento foi efetuado nesta ter\u00e7a-feira para as Secretarias de Administra\u00e7\u00e3o, Finan\u00e7as, Obras, Agricultura e Assist\u00eancia Social. At\u00e9 a pr\u00f3xima sexta-feira, a Prefeitura conclui as demais pastas. De acordo com a Secretaria Municipal de Finan\u00e7as, a primeira parcela do d\u00e9cimo terceiro representa um valor de mais de meio milh\u00e3o de reais, que est\u00e3o sendo injetados na economia de Sum\u00e9 nesse momento. Para o prefeito, \u00c9den Duarte, \u00e9 muito importante que o munic\u00edpio possa d\u00e1 sequ\u00eancia a antecipa\u00e7\u00e3o do pagamento da primeira parcela do 13 dos servidores, pois segundo ele, al\u00e9m de injetar recursos na economia local, nesse momento de pandemia, \u00e9 igualmente importante para ajudar as fam\u00edlias que dependem desse sustento, de modo que elas possam honrar os seus compromissos. \u201cApesar de todas as dificuldades que estamos vivendo, o munic\u00edpio, com muito cuidado e zelo com os recursos p\u00fablicos, tem conseguido honrar os compromissos\u201d, afirmou o prefeito de Sum\u00e9. Vale destacar que a antecipa\u00e7\u00e3o do pagamento s\u00f3 \u00e9 poss\u00edvel gra\u00e7as a uma administra\u00e7\u00e3o s\u00e9ria e comprometida em manter o equil\u00edbrio das contas p\u00fablicas do Munic\u00edpio.\" \/>\n<meta property=\"og:url\" content=\"https:\/\/noticiasemdestaque.com\/cd\/?p=25388\" \/>\n<meta property=\"og:site_name\" content=\"Not&iacute;cias em Destaque\" \/>\n<meta property=\"article:published_time\" content=\"2020-06-16T23:18:03+00:00\" \/>\n<meta property=\"og:image\" content=\"https:\/\/noticiasemdestaque.com\/cd\/wp-content\/uploads\/2018\/05\/PREFEITURA-DE-SUM\u00c9-768x511.jpg\" \/>\n\t<meta property=\"og:image:width\" content=\"768\" \/>\n\t<meta property=\"og:image:height\" content=\"511\" \/>\n\t<meta property=\"og:image:type\" content=\"image\/jpeg\" \/>\n<meta name=\"author\" content=\"Not\u00edcias em Destaque\" \/>\n<meta name=\"twitter:card\" content=\"summary_large_image\" \/>\n<meta name=\"twitter:label1\" content=\"Escrito por\" \/>\n\t<meta name=\"twitter:data1\" content=\"Not\u00edcias em Destaque\" \/>\n\t<meta name=\"twitter:label2\" content=\"Est. tempo de leitura\" \/>\n\t<meta name=\"twitter:data2\" content=\"1 minuto\" \/>\n<script type=\"application\/ld+json\" class=\"yoast-schema-graph\">{\"@context\":\"https:\/\/schema.org\",\"@graph\":[{\"@type\":\"Article\",\"@id\":\"https:\/\/noticiasemdestaque.com\/cd\/?p=25388#article\",\"isPartOf\":{\"@id\":\"https:\/\/noticiasemdestaque.com\/cd\/?p=25388\"},\"author\":{\"name\":\"Not\u00edcias em Destaque\",\"@id\":\"https:\/\/noticiasemdestaque.com\/cd\/#\/schema\/person\/21320b03a7e8bb90128938dafc9b908a\"},\"headline\":\"Prefeitura Sum\u00e9 antecipa primeira parcela do 13\u00ba sal\u00e1rio para servidores\u00a0\",\"datePublished\":\"2020-06-16T23:18:03+00:00\",\"mainEntityOfPage\":{\"@id\":\"https:\/\/noticiasemdestaque.com\/cd\/?p=25388\"},\"wordCount\":226,\"publisher\":{\"@id\":\"https:\/\/noticiasemdestaque.com\/cd\/#organization\"},\"image\":{\"@id\":\"https:\/\/noticiasemdestaque.com\/cd\/?p=25388#primaryimage\"},\"thumbnailUrl\":\"https:\/\/noticiasemdestaque.com\/cd\/wp-content\/uploads\/2018\/05\/PREFEITURA-DE-SUM\u00c9-768x511.jpg\",\"articleSection\":[\"Pol\u00edtica\"],\"inLanguage\":\"pt-BR\"},{\"@type\":\"WebPage\",\"@id\":\"https:\/\/noticiasemdestaque.com\/cd\/?p=25388\",\"url\":\"https:\/\/noticiasemdestaque.com\/cd\/?p=25388\",\"name\":\"Prefeitura Sum\u00e9 antecipa primeira parcela do 13\u00ba sal\u00e1rio para servidores\u00a0 - Not&iacute;cias em Destaque\",\"isPartOf\":{\"@id\":\"https:\/\/noticiasemdestaque.com\/cd\/#website\"},\"primaryImageOfPage\":{\"@id\":\"https:\/\/noticiasemdestaque.com\/cd\/?p=25388#primaryimage\"},\"image\":{\"@id\":\"https:\/\/noticiasemdestaque.com\/cd\/?p=25388#primaryimage\"},\"thumbnailUrl\":\"https:\/\/noticiasemdestaque.com\/cd\/wp-content\/uploads\/2018\/05\/PREFEITURA-DE-SUM\u00c9-768x511.jpg\",\"datePublished\":\"2020-06-16T23:18:03+00:00\",\"breadcrumb\":{\"@id\":\"https:\/\/noticiasemdestaque.com\/cd\/?p=25388#breadcrumb\"},\"inLanguage\":\"pt-BR\",\"potentialAction\":[{\"@type\":\"ReadAction\",\"target\":[\"https:\/\/noticiasemdestaque.com\/cd\/?p=25388\"]}]},{\"@type\":\"ImageObject\",\"inLanguage\":\"pt-BR\",\"@id\":\"https:\/\/noticiasemdestaque.com\/cd\/?p=25388#primaryimage\",\"url\":\"https:\/\/noticiasemdestaque.com\/cd\/wp-content\/uploads\/2018\/05\/PREFEITURA-DE-SUM\u00c9-768x511.jpg\",\"contentUrl\":\"https:\/\/noticiasemdestaque.com\/cd\/wp-content\/uploads\/2018\/05\/PREFEITURA-DE-SUM\u00c9-768x511.jpg\",\"width\":768,\"height\":511},{\"@type\":\"BreadcrumbList\",\"@id\":\"https:\/\/noticiasemdestaque.com\/cd\/?p=25388#breadcrumb\",\"itemListElement\":[{\"@type\":\"ListItem\",\"position\":1,\"name\":\"In\u00edcio\",\"item\":\"https:\/\/noticiasemdestaque.com\/cd\/\"},{\"@type\":\"ListItem\",\"position\":2,\"name\":\"Prefeitura Sum\u00e9 antecipa primeira parcela do 13\u00ba sal\u00e1rio para servidores\u00a0\"}]},{\"@type\":\"WebSite\",\"@id\":\"https:\/\/noticiasemdestaque.com\/cd\/#website\",\"url\":\"https:\/\/noticiasemdestaque.com\/cd\/\",\"name\":\"Not&iacute;cias em Destaque\",\"description\":\"\",\"publisher\":{\"@id\":\"https:\/\/noticiasemdestaque.com\/cd\/#organization\"},\"potentialAction\":[{\"@type\":\"SearchAction\",\"target\":{\"@type\":\"EntryPoint\",\"urlTemplate\":\"https:\/\/noticiasemdestaque.com\/cd\/?s={search_term_string}\"},\"query-input\":{\"@type\":\"PropertyValueSpecification\",\"valueRequired\":true,\"valueName\":\"search_term_string\"}}],\"inLanguage\":\"pt-BR\"},{\"@type\":\"Organization\",\"@id\":\"https:\/\/noticiasemdestaque.com\/cd\/#organization\",\"name\":\"Not\u00edcias em Destaque\",\"url\":\"https:\/\/noticiasemdestaque.com\/cd\/\",\"logo\":{\"@type\":\"ImageObject\",\"inLanguage\":\"pt-BR\",\"@id\":\"https:\/\/noticiasemdestaque.com\/cd\/#\/schema\/logo\/image\/\",\"url\":\"https:\/\/noticiasemdestaque.com\/cd\/wp-content\/uploads\/2022\/05\/imagem-base-noticiasemdestaque.png\",\"contentUrl\":\"https:\/\/noticiasemdestaque.com\/cd\/wp-content\/uploads\/2022\/05\/imagem-base-noticiasemdestaque.png\",\"width\":1200,\"height\":630,\"caption\":\"Not\u00edcias em Destaque\"},\"image\":{\"@id\":\"https:\/\/noticiasemdestaque.com\/cd\/#\/schema\/logo\/image\/\"}},{\"@type\":\"Person\",\"@id\":\"https:\/\/noticiasemdestaque.com\/cd\/#\/schema\/person\/21320b03a7e8bb90128938dafc9b908a\",\"name\":\"Not\u00edcias em Destaque\",\"url\":\"https:\/\/noticiasemdestaque.com\/cd\/?author=2\"}]}<\/script>\n<!-- \/ Yoast SEO plugin. -->","yoast_head_json":{"title":"Prefeitura Sum\u00e9 antecipa primeira parcela do 13\u00ba sal\u00e1rio para servidores\u00a0 - Not&iacute;cias em Destaque","robots":{"index":"index","follow":"follow","max-snippet":"max-snippet:-1","max-image-preview":"max-image-preview:large","max-video-preview":"max-video-preview:-1"},"canonical":"https:\/\/noticiasemdestaque.com\/cd\/?p=25388","og_locale":"pt_BR","og_type":"article","og_title":"Prefeitura Sum\u00e9 antecipa primeira parcela do 13\u00ba sal\u00e1rio para servidores\u00a0 - Not&iacute;cias em Destaque","og_description":"Nessa ter\u00e7a-feira, 16, a prefeitura de Sum\u00e9 come\u00e7ou efetuar o pagamento da primeira parcela do 13\u00b0 sal\u00e1rio dos servidores municipais. O pagamento foi efetuado nesta ter\u00e7a-feira para as Secretarias de Administra\u00e7\u00e3o, Finan\u00e7as, Obras, Agricultura e Assist\u00eancia Social. At\u00e9 a pr\u00f3xima sexta-feira, a Prefeitura conclui as demais pastas. De acordo com a Secretaria Municipal de Finan\u00e7as, a primeira parcela do d\u00e9cimo terceiro representa um valor de mais de meio milh\u00e3o de reais, que est\u00e3o sendo injetados na economia de Sum\u00e9 nesse momento. Para o prefeito, \u00c9den Duarte, \u00e9 muito importante que o munic\u00edpio possa d\u00e1 sequ\u00eancia a antecipa\u00e7\u00e3o do pagamento da primeira parcela do 13 dos servidores, pois segundo ele, al\u00e9m de injetar recursos na economia local, nesse momento de pandemia, \u00e9 igualmente importante para ajudar as fam\u00edlias que dependem desse sustento, de modo que elas possam honrar os seus compromissos. \u201cApesar de todas as dificuldades que estamos vivendo, o munic\u00edpio, com muito cuidado e zelo com os recursos p\u00fablicos, tem conseguido honrar os compromissos\u201d, afirmou o prefeito de Sum\u00e9. Vale destacar que a antecipa\u00e7\u00e3o do pagamento s\u00f3 \u00e9 poss\u00edvel gra\u00e7as a uma administra\u00e7\u00e3o s\u00e9ria e comprometida em manter o equil\u00edbrio das contas p\u00fablicas do Munic\u00edpio.","og_url":"https:\/\/noticiasemdestaque.com\/cd\/?p=25388","og_site_name":"Not&iacute;cias em Destaque","article_published_time":"2020-06-16T23:18:03+00:00","og_image":[{"width":768,"height":511,"url":"https:\/\/noticiasemdestaque.com\/cd\/wp-content\/uploads\/2018\/05\/PREFEITURA-DE-SUM\u00c9-768x511.jpg","type":"image\/jpeg"}],"author":"Not\u00edcias em Destaque","twitter_card":"summary_large_image","twitter_misc":{"Escrito por":"Not\u00edcias em Destaque","Est. tempo de leitura":"1 minuto"},"schema":{"@context":"https:\/\/schema.org","@graph":[{"@type":"Article","@id":"https:\/\/noticiasemdestaque.com\/cd\/?p=25388#article","isPartOf":{"@id":"https:\/\/noticiasemdestaque.com\/cd\/?p=25388"},"author":{"name":"Not\u00edcias em Destaque","@id":"https:\/\/noticiasemdestaque.com\/cd\/#\/schema\/person\/21320b03a7e8bb90128938dafc9b908a"},"headline":"Prefeitura Sum\u00e9 antecipa primeira parcela do 13\u00ba sal\u00e1rio para servidores\u00a0","datePublished":"2020-06-16T23:18:03+00:00","mainEntityOfPage":{"@id":"https:\/\/noticiasemdestaque.com\/cd\/?p=25388"},"wordCount":226,"publisher":{"@id":"https:\/\/noticiasemdestaque.com\/cd\/#organization"},"image":{"@id":"https:\/\/noticiasemdestaque.com\/cd\/?p=25388#primaryimage"},"thumbnailUrl":"https:\/\/noticiasemdestaque.com\/cd\/wp-content\/uploads\/2018\/05\/PREFEITURA-DE-SUM\u00c9-768x511.jpg","articleSection":["Pol\u00edtica"],"inLanguage":"pt-BR"},{"@type":"WebPage","@id":"https:\/\/noticiasemdestaque.com\/cd\/?p=25388","url":"https:\/\/noticiasemdestaque.com\/cd\/?p=25388","name":"Prefeitura Sum\u00e9 antecipa primeira parcela do 13\u00ba sal\u00e1rio para servidores\u00a0 - Not&iacute;cias em Destaque","isPartOf":{"@id":"https:\/\/noticiasemdestaque.com\/cd\/#website"},"primaryImageOfPage":{"@id":"https:\/\/noticiasemdestaque.com\/cd\/?p=25388#primaryimage"},"image":{"@id":"https:\/\/noticiasemdestaque.com\/cd\/?p=25388#primaryimage"},"thumbnailUrl":"https:\/\/noticiasemdestaque.com\/cd\/wp-content\/uploads\/2018\/05\/PREFEITURA-DE-SUM\u00c9-768x511.jpg","datePublished":"2020-06-16T23:18:03+00:00","breadcrumb":{"@id":"https:\/\/noticiasemdestaque.com\/cd\/?p=25388#breadcrumb"},"inLanguage":"pt-BR","potentialAction":[{"@type":"ReadAction","target":["https:\/\/noticiasemdestaque.com\/cd\/?p=25388"]}]},{"@type":"ImageObject","inLanguage":"pt-BR","@id":"https:\/\/noticiasemdestaque.com\/cd\/?p=25388#primaryimage","url":"https:\/\/noticiasemdestaque.com\/cd\/wp-content\/uploads\/2018\/05\/PREFEITURA-DE-SUM\u00c9-768x511.jpg","contentUrl":"https:\/\/noticiasemdestaque.com\/cd\/wp-content\/uploads\/2018\/05\/PREFEITURA-DE-SUM\u00c9-768x511.jpg","width":768,"height":511},{"@type":"BreadcrumbList","@id":"https:\/\/noticiasemdestaque.com\/cd\/?p=25388#breadcrumb","itemListElement":[{"@type":"ListItem","position":1,"name":"In\u00edcio","item":"https:\/\/noticiasemdestaque.com\/cd\/"},{"@type":"ListItem","position":2,"name":"Prefeitura Sum\u00e9 antecipa primeira parcela do 13\u00ba sal\u00e1rio para servidores\u00a0"}]},{"@type":"WebSite","@id":"https:\/\/noticiasemdestaque.com\/cd\/#website","url":"https:\/\/noticiasemdestaque.com\/cd\/","name":"Not&iacute;cias em Destaque","description":"","publisher":{"@id":"https:\/\/noticiasemdestaque.com\/cd\/#organization"},"potentialAction":[{"@type":"SearchAction","target":{"@type":"EntryPoint","urlTemplate":"https:\/\/noticiasemdestaque.com\/cd\/?s={search_term_string}"},"query-input":{"@type":"PropertyValueSpecification","valueRequired":true,"valueName":"search_term_string"}}],"inLanguage":"pt-BR"},{"@type":"Organization","@id":"https:\/\/noticiasemdestaque.com\/cd\/#organization","name":"Not\u00edcias em Destaque","url":"https:\/\/noticiasemdestaque.com\/cd\/","logo":{"@type":"ImageObject","inLanguage":"pt-BR","@id":"https:\/\/noticiasemdestaque.com\/cd\/#\/schema\/logo\/image\/","url":"https:\/\/noticiasemdestaque.com\/cd\/wp-content\/uploads\/2022\/05\/imagem-base-noticiasemdestaque.png","contentUrl":"https:\/\/noticiasemdestaque.com\/cd\/wp-content\/uploads\/2022\/05\/imagem-base-noticiasemdestaque.png","width":1200,"height":630,"caption":"Not\u00edcias em Destaque"},"image":{"@id":"https:\/\/noticiasemdestaque.com\/cd\/#\/schema\/logo\/image\/"}},{"@type":"Person","@id":"https:\/\/noticiasemdestaque.com\/cd\/#\/schema\/person\/21320b03a7e8bb90128938dafc9b908a","name":"Not\u00edcias em Destaque","url":"https:\/\/noticiasemdestaque.com\/cd\/?author=2"}]}},"jetpack_featured_media_url":"https:\/\/noticiasemdestaque.com\/cd\/wp-content\/uploads\/2018\/05\/PREFEITURA-DE-SUM\u00c9-768x511.jpg","jetpack_sharing_enabled":true,"_links":{"self":[{"href":"https:\/\/noticiasemdestaque.com\/cd\/index.php?rest_route=\/wp\/v2\/posts\/25388","targetHints":{"allow":["GET"]}}],"collection":[{"href":"https:\/\/noticiasemdestaque.com\/cd\/index.php?rest_route=\/wp\/v2\/posts"}],"about":[{"href":"https:\/\/noticiasemdestaque.com\/cd\/index.php?rest_route=\/wp\/v2\/types\/post"}],"author":[{"embeddable":true,"href":"https:\/\/noticiasemdestaque.com\/cd\/index.php?rest_route=\/wp\/v2\/users\/2"}],"replies":[{"embeddable":true,"href":"https:\/\/noticiasemdestaque.com\/cd\/index.php?rest_route=%2Fwp%2Fv2%2Fcomments&post=25388"}],"version-history":[{"count":1,"href":"https:\/\/noticiasemdestaque.com\/cd\/index.php?rest_route=\/wp\/v2\/posts\/25388\/revisions"}],"predecessor-version":[{"id":25389,"href":"https:\/\/noticiasemdestaque.com\/cd\/index.php?rest_route=\/wp\/v2\/posts\/25388\/revisions\/25389"}],"wp:featuredmedia":[{"embeddable":true,"href":"https:\/\/noticiasemdestaque.com\/cd\/index.php?rest_route=\/wp\/v2\/media\/10226"}],"wp:attachment":[{"href":"https:\/\/noticiasemdestaque.com\/cd\/index.php?rest_route=%2Fwp%2Fv2%2Fmedia&parent=25388"}],"wp:term":[{"taxonomy":"category","embeddable":true,"href":"https:\/\/noticiasemdestaque.com\/cd\/index.php?rest_route=%2Fwp%2Fv2%2Fcategories&post=25388"},{"taxonomy":"post_tag","embeddable":true,"href":"https:\/\/noticiasemdestaque.com\/cd\/index.php?rest_route=%2Fwp%2Fv2%2Ftags&post=25388"}],"curies":[{"name":"wp","href":"https:\/\/api.w.org\/{rel}","templated":true}]}}