{"id":25367,"date":"2020-06-16T07:53:00","date_gmt":"2020-06-16T10:53:00","guid":{"rendered":"http:\/\/noticiasemdestaque.com\/cd\/?p=25367"},"modified":"2020-06-16T07:53:00","modified_gmt":"2020-06-16T10:53:00","slug":"aneel-prorroga-ate-o-final-de-julho-proibicao-de-corte-de-energia-eletrica","status":"publish","type":"post","link":"https:\/\/noticiasemdestaque.com\/cd\/?p=25367","title":{"rendered":"Aneel prorroga, at\u00e9 o final de julho, proibi\u00e7\u00e3o de corte de energia el\u00e9trica"},"content":{"rendered":"<p><a href=\"https:\/\/noticiasemdestaque.com\/cd\/wp-content\/uploads\/2017\/11\/Energia-el\u00e9trica-1-300x225.jpg\"><img fetchpriority=\"high\" decoding=\"async\" class=\"size-full wp-image-6359 alignleft\" src=\"https:\/\/noticiasemdestaque.com\/cd\/wp-content\/uploads\/2017\/11\/Energia-el\u00e9trica-1-300x225.jpg\" alt=\"\" width=\"300\" height=\"225\" srcset=\"https:\/\/noticiasemdestaque.com\/cd\/wp-content\/uploads\/2017\/11\/Energia-el\u00e9trica-1-300x225.jpg 300w, https:\/\/noticiasemdestaque.com\/cd\/wp-content\/uploads\/2017\/11\/Energia-el\u00e9trica-1-300x225-200x150.jpg 200w\" sizes=\"(max-width: 300px) 100vw, 300px\" \/><\/a><\/p>\n<p>A Ag\u00eancia Nacional de Energia El\u00e9trica prorrogou at\u00e9 o fim de julho a proibi\u00e7\u00e3o do corte de energia el\u00e9trica dos consumidores inadimplentes residenciais urbanos e rurais.<\/p>\n<p class=\" aBigClassNameToAvoidCollisionInText\">A proibi\u00e7\u00e3o do corte de energia por 90 dias foi aprovada pela ag\u00eancia, no fim de mar\u00e7o, com validade tamb\u00e9m para os servi\u00e7os considerados essenciais no enfrentamento da pandemia do novo coronav\u00edrus. Com a decis\u00e3o, a medida, que perderia validade na pr\u00f3xima semana, ficar\u00e1 em vigor at\u00e9 o dia 31 de julho.<\/p>\n<p>Servi\u00e7os como assist\u00eancia m\u00e9dica e hospitalar, unidades hospitalares, institutos m\u00e9dico-legais, centros de hemodi\u00e1lise e de armazenamento de sangue tamb\u00e9m s\u00e3o beneficiadas com a medida.<\/p>\n<p>Al\u00e9m da prorroga\u00e7\u00e3o, ANEEL tamb\u00e9m decidiu abrir consulta p\u00fablica para decidir como se dar\u00e1, de modo gradual, a volta da possibilidade de corte do fornecimento de inadimplentes a partir de 1\u00ba de agosto.<\/p>\n<p><em><strong>Not\u00edcias em Destaque<\/strong><\/em><\/p>\n<p>Com R\u00e1dio Tupi<\/p>\n<div id=\"div-denakop-ad-0\"><\/div>\n<div class=\"code-block code-block-2\"><\/div>\n","protected":false},"excerpt":{"rendered":"<p>A Ag\u00eancia Nacional de Energia El\u00e9trica prorrogou at\u00e9 o fim de julho a proibi\u00e7\u00e3o do corte de energia el\u00e9trica dos consumidores inadimplentes residenciais urbanos e rurais. A proibi\u00e7\u00e3o do corte de energia por 90 dias foi aprovada pela ag\u00eancia, no fim de mar\u00e7o, com validade tamb\u00e9m para os servi\u00e7os considerados essenciais no enfrentamento da pandemia do novo coronav\u00edrus. Com a decis\u00e3o, a medida, que perderia validade na pr\u00f3xima semana, ficar\u00e1 em vigor at\u00e9 o dia 31 de julho. Servi\u00e7os como assist\u00eancia m\u00e9dica e hospitalar, unidades hospitalares, institutos m\u00e9dico-legais, centros de hemodi\u00e1lise e de armazenamento de sangue tamb\u00e9m s\u00e3o beneficiadas com a medida. Al\u00e9m da prorroga\u00e7\u00e3o, ANEEL tamb\u00e9m decidiu abrir consulta p\u00fablica para decidir como se dar\u00e1, de modo gradual, a volta da possibilidade de corte do fornecimento de inadimplentes a partir de 1\u00ba de agosto. Not\u00edcias em Destaque Com R\u00e1dio Tupi<\/p>\n","protected":false},"author":2,"featured_media":6359,"comment_status":"closed","ping_status":"open","sticky":false,"template":"","format":"standard","meta":{"_eb_attr":"","_jetpack_memberships_contains_paid_content":false,"footnotes":""},"categories":[12],"tags":[],"class_list":["post-25367","post","type-post","status-publish","format-standard","has-post-thumbnail","hentry","category-geral"],"yoast_head":"<!-- This site is optimized with the Yoast SEO plugin v26.5 - https:\/\/yoast.com\/wordpress\/plugins\/seo\/ -->\n<title>Aneel prorroga, at\u00e9 o final de julho, proibi\u00e7\u00e3o de corte de energia el\u00e9trica - Not&iacute;cias em Destaque<\/title>\n<meta name=\"robots\" content=\"index, follow, max-snippet:-1, max-image-preview:large, max-video-preview:-1\" \/>\n<link rel=\"canonical\" href=\"https:\/\/noticiasemdestaque.com\/cd\/?p=25367\" \/>\n<meta property=\"og:locale\" content=\"pt_BR\" \/>\n<meta property=\"og:type\" content=\"article\" \/>\n<meta property=\"og:title\" content=\"Aneel prorroga, at\u00e9 o final de julho, proibi\u00e7\u00e3o de corte de energia el\u00e9trica - Not&iacute;cias em Destaque\" \/>\n<meta property=\"og:description\" content=\"A Ag\u00eancia Nacional de Energia El\u00e9trica prorrogou at\u00e9 o fim de julho a proibi\u00e7\u00e3o do corte de energia el\u00e9trica dos consumidores inadimplentes residenciais urbanos e rurais. A proibi\u00e7\u00e3o do corte de energia por 90 dias foi aprovada pela ag\u00eancia, no fim de mar\u00e7o, com validade tamb\u00e9m para os servi\u00e7os considerados essenciais no enfrentamento da pandemia do novo coronav\u00edrus. Com a decis\u00e3o, a medida, que perderia validade na pr\u00f3xima semana, ficar\u00e1 em vigor at\u00e9 o dia 31 de julho. Servi\u00e7os como assist\u00eancia m\u00e9dica e hospitalar, unidades hospitalares, institutos m\u00e9dico-legais, centros de hemodi\u00e1lise e de armazenamento de sangue tamb\u00e9m s\u00e3o beneficiadas com a medida. Al\u00e9m da prorroga\u00e7\u00e3o, ANEEL tamb\u00e9m decidiu abrir consulta p\u00fablica para decidir como se dar\u00e1, de modo gradual, a volta da possibilidade de corte do fornecimento de inadimplentes a partir de 1\u00ba de agosto. Not\u00edcias em Destaque Com R\u00e1dio Tupi\" \/>\n<meta property=\"og:url\" content=\"https:\/\/noticiasemdestaque.com\/cd\/?p=25367\" \/>\n<meta property=\"og:site_name\" content=\"Not&iacute;cias em Destaque\" \/>\n<meta property=\"article:published_time\" content=\"2020-06-16T10:53:00+00:00\" \/>\n<meta property=\"og:image\" content=\"https:\/\/noticiasemdestaque.com\/cd\/wp-content\/uploads\/2017\/11\/Energia-el\u00e9trica-1-300x225.jpg\" \/>\n\t<meta property=\"og:image:width\" content=\"300\" \/>\n\t<meta property=\"og:image:height\" content=\"225\" \/>\n\t<meta property=\"og:image:type\" content=\"image\/jpeg\" \/>\n<meta name=\"author\" content=\"Not\u00edcias em Destaque\" \/>\n<meta name=\"twitter:card\" content=\"summary_large_image\" \/>\n<meta name=\"twitter:label1\" content=\"Escrito por\" \/>\n\t<meta name=\"twitter:data1\" content=\"Not\u00edcias em Destaque\" \/>\n\t<meta name=\"twitter:label2\" content=\"Est. tempo de leitura\" \/>\n\t<meta name=\"twitter:data2\" content=\"1 minuto\" \/>\n<script type=\"application\/ld+json\" class=\"yoast-schema-graph\">{\"@context\":\"https:\/\/schema.org\",\"@graph\":[{\"@type\":\"Article\",\"@id\":\"https:\/\/noticiasemdestaque.com\/cd\/?p=25367#article\",\"isPartOf\":{\"@id\":\"https:\/\/noticiasemdestaque.com\/cd\/?p=25367\"},\"author\":{\"name\":\"Not\u00edcias em Destaque\",\"@id\":\"https:\/\/noticiasemdestaque.com\/cd\/#\/schema\/person\/21320b03a7e8bb90128938dafc9b908a\"},\"headline\":\"Aneel prorroga, at\u00e9 o final de julho, proibi\u00e7\u00e3o de corte de energia el\u00e9trica\",\"datePublished\":\"2020-06-16T10:53:00+00:00\",\"mainEntityOfPage\":{\"@id\":\"https:\/\/noticiasemdestaque.com\/cd\/?p=25367\"},\"wordCount\":178,\"publisher\":{\"@id\":\"https:\/\/noticiasemdestaque.com\/cd\/#organization\"},\"image\":{\"@id\":\"https:\/\/noticiasemdestaque.com\/cd\/?p=25367#primaryimage\"},\"thumbnailUrl\":\"https:\/\/noticiasemdestaque.com\/cd\/wp-content\/uploads\/2017\/11\/Energia-el\u00e9trica-1-300x225.jpg\",\"articleSection\":[\"Geral\"],\"inLanguage\":\"pt-BR\"},{\"@type\":\"WebPage\",\"@id\":\"https:\/\/noticiasemdestaque.com\/cd\/?p=25367\",\"url\":\"https:\/\/noticiasemdestaque.com\/cd\/?p=25367\",\"name\":\"Aneel prorroga, at\u00e9 o final de julho, proibi\u00e7\u00e3o de corte de energia el\u00e9trica - Not&iacute;cias em Destaque\",\"isPartOf\":{\"@id\":\"https:\/\/noticiasemdestaque.com\/cd\/#website\"},\"primaryImageOfPage\":{\"@id\":\"https:\/\/noticiasemdestaque.com\/cd\/?p=25367#primaryimage\"},\"image\":{\"@id\":\"https:\/\/noticiasemdestaque.com\/cd\/?p=25367#primaryimage\"},\"thumbnailUrl\":\"https:\/\/noticiasemdestaque.com\/cd\/wp-content\/uploads\/2017\/11\/Energia-el\u00e9trica-1-300x225.jpg\",\"datePublished\":\"2020-06-16T10:53:00+00:00\",\"breadcrumb\":{\"@id\":\"https:\/\/noticiasemdestaque.com\/cd\/?p=25367#breadcrumb\"},\"inLanguage\":\"pt-BR\",\"potentialAction\":[{\"@type\":\"ReadAction\",\"target\":[\"https:\/\/noticiasemdestaque.com\/cd\/?p=25367\"]}]},{\"@type\":\"ImageObject\",\"inLanguage\":\"pt-BR\",\"@id\":\"https:\/\/noticiasemdestaque.com\/cd\/?p=25367#primaryimage\",\"url\":\"https:\/\/noticiasemdestaque.com\/cd\/wp-content\/uploads\/2017\/11\/Energia-el\u00e9trica-1-300x225.jpg\",\"contentUrl\":\"https:\/\/noticiasemdestaque.com\/cd\/wp-content\/uploads\/2017\/11\/Energia-el\u00e9trica-1-300x225.jpg\",\"width\":300,\"height\":225},{\"@type\":\"BreadcrumbList\",\"@id\":\"https:\/\/noticiasemdestaque.com\/cd\/?p=25367#breadcrumb\",\"itemListElement\":[{\"@type\":\"ListItem\",\"position\":1,\"name\":\"In\u00edcio\",\"item\":\"https:\/\/noticiasemdestaque.com\/cd\/\"},{\"@type\":\"ListItem\",\"position\":2,\"name\":\"Aneel prorroga, at\u00e9 o final de julho, proibi\u00e7\u00e3o de corte de energia el\u00e9trica\"}]},{\"@type\":\"WebSite\",\"@id\":\"https:\/\/noticiasemdestaque.com\/cd\/#website\",\"url\":\"https:\/\/noticiasemdestaque.com\/cd\/\",\"name\":\"Not&iacute;cias em Destaque\",\"description\":\"\",\"publisher\":{\"@id\":\"https:\/\/noticiasemdestaque.com\/cd\/#organization\"},\"potentialAction\":[{\"@type\":\"SearchAction\",\"target\":{\"@type\":\"EntryPoint\",\"urlTemplate\":\"https:\/\/noticiasemdestaque.com\/cd\/?s={search_term_string}\"},\"query-input\":{\"@type\":\"PropertyValueSpecification\",\"valueRequired\":true,\"valueName\":\"search_term_string\"}}],\"inLanguage\":\"pt-BR\"},{\"@type\":\"Organization\",\"@id\":\"https:\/\/noticiasemdestaque.com\/cd\/#organization\",\"name\":\"Not\u00edcias em Destaque\",\"url\":\"https:\/\/noticiasemdestaque.com\/cd\/\",\"logo\":{\"@type\":\"ImageObject\",\"inLanguage\":\"pt-BR\",\"@id\":\"https:\/\/noticiasemdestaque.com\/cd\/#\/schema\/logo\/image\/\",\"url\":\"https:\/\/noticiasemdestaque.com\/cd\/wp-content\/uploads\/2022\/05\/imagem-base-noticiasemdestaque.png\",\"contentUrl\":\"https:\/\/noticiasemdestaque.com\/cd\/wp-content\/uploads\/2022\/05\/imagem-base-noticiasemdestaque.png\",\"width\":1200,\"height\":630,\"caption\":\"Not\u00edcias em Destaque\"},\"image\":{\"@id\":\"https:\/\/noticiasemdestaque.com\/cd\/#\/schema\/logo\/image\/\"}},{\"@type\":\"Person\",\"@id\":\"https:\/\/noticiasemdestaque.com\/cd\/#\/schema\/person\/21320b03a7e8bb90128938dafc9b908a\",\"name\":\"Not\u00edcias em Destaque\",\"url\":\"https:\/\/noticiasemdestaque.com\/cd\/?author=2\"}]}<\/script>\n<!-- \/ Yoast SEO plugin. -->","yoast_head_json":{"title":"Aneel prorroga, at\u00e9 o final de julho, proibi\u00e7\u00e3o de corte de energia el\u00e9trica - Not&iacute;cias em Destaque","robots":{"index":"index","follow":"follow","max-snippet":"max-snippet:-1","max-image-preview":"max-image-preview:large","max-video-preview":"max-video-preview:-1"},"canonical":"https:\/\/noticiasemdestaque.com\/cd\/?p=25367","og_locale":"pt_BR","og_type":"article","og_title":"Aneel prorroga, at\u00e9 o final de julho, proibi\u00e7\u00e3o de corte de energia el\u00e9trica - Not&iacute;cias em Destaque","og_description":"A Ag\u00eancia Nacional de Energia El\u00e9trica prorrogou at\u00e9 o fim de julho a proibi\u00e7\u00e3o do corte de energia el\u00e9trica dos consumidores inadimplentes residenciais urbanos e rurais. A proibi\u00e7\u00e3o do corte de energia por 90 dias foi aprovada pela ag\u00eancia, no fim de mar\u00e7o, com validade tamb\u00e9m para os servi\u00e7os considerados essenciais no enfrentamento da pandemia do novo coronav\u00edrus. Com a decis\u00e3o, a medida, que perderia validade na pr\u00f3xima semana, ficar\u00e1 em vigor at\u00e9 o dia 31 de julho. Servi\u00e7os como assist\u00eancia m\u00e9dica e hospitalar, unidades hospitalares, institutos m\u00e9dico-legais, centros de hemodi\u00e1lise e de armazenamento de sangue tamb\u00e9m s\u00e3o beneficiadas com a medida. Al\u00e9m da prorroga\u00e7\u00e3o, ANEEL tamb\u00e9m decidiu abrir consulta p\u00fablica para decidir como se dar\u00e1, de modo gradual, a volta da possibilidade de corte do fornecimento de inadimplentes a partir de 1\u00ba de agosto. Not\u00edcias em Destaque Com R\u00e1dio Tupi","og_url":"https:\/\/noticiasemdestaque.com\/cd\/?p=25367","og_site_name":"Not&iacute;cias em Destaque","article_published_time":"2020-06-16T10:53:00+00:00","og_image":[{"width":300,"height":225,"url":"https:\/\/noticiasemdestaque.com\/cd\/wp-content\/uploads\/2017\/11\/Energia-el\u00e9trica-1-300x225.jpg","type":"image\/jpeg"}],"author":"Not\u00edcias em Destaque","twitter_card":"summary_large_image","twitter_misc":{"Escrito por":"Not\u00edcias em Destaque","Est. tempo de leitura":"1 minuto"},"schema":{"@context":"https:\/\/schema.org","@graph":[{"@type":"Article","@id":"https:\/\/noticiasemdestaque.com\/cd\/?p=25367#article","isPartOf":{"@id":"https:\/\/noticiasemdestaque.com\/cd\/?p=25367"},"author":{"name":"Not\u00edcias em Destaque","@id":"https:\/\/noticiasemdestaque.com\/cd\/#\/schema\/person\/21320b03a7e8bb90128938dafc9b908a"},"headline":"Aneel prorroga, at\u00e9 o final de julho, proibi\u00e7\u00e3o de corte de energia el\u00e9trica","datePublished":"2020-06-16T10:53:00+00:00","mainEntityOfPage":{"@id":"https:\/\/noticiasemdestaque.com\/cd\/?p=25367"},"wordCount":178,"publisher":{"@id":"https:\/\/noticiasemdestaque.com\/cd\/#organization"},"image":{"@id":"https:\/\/noticiasemdestaque.com\/cd\/?p=25367#primaryimage"},"thumbnailUrl":"https:\/\/noticiasemdestaque.com\/cd\/wp-content\/uploads\/2017\/11\/Energia-el\u00e9trica-1-300x225.jpg","articleSection":["Geral"],"inLanguage":"pt-BR"},{"@type":"WebPage","@id":"https:\/\/noticiasemdestaque.com\/cd\/?p=25367","url":"https:\/\/noticiasemdestaque.com\/cd\/?p=25367","name":"Aneel prorroga, at\u00e9 o final de julho, proibi\u00e7\u00e3o de corte de energia el\u00e9trica - Not&iacute;cias em Destaque","isPartOf":{"@id":"https:\/\/noticiasemdestaque.com\/cd\/#website"},"primaryImageOfPage":{"@id":"https:\/\/noticiasemdestaque.com\/cd\/?p=25367#primaryimage"},"image":{"@id":"https:\/\/noticiasemdestaque.com\/cd\/?p=25367#primaryimage"},"thumbnailUrl":"https:\/\/noticiasemdestaque.com\/cd\/wp-content\/uploads\/2017\/11\/Energia-el\u00e9trica-1-300x225.jpg","datePublished":"2020-06-16T10:53:00+00:00","breadcrumb":{"@id":"https:\/\/noticiasemdestaque.com\/cd\/?p=25367#breadcrumb"},"inLanguage":"pt-BR","potentialAction":[{"@type":"ReadAction","target":["https:\/\/noticiasemdestaque.com\/cd\/?p=25367"]}]},{"@type":"ImageObject","inLanguage":"pt-BR","@id":"https:\/\/noticiasemdestaque.com\/cd\/?p=25367#primaryimage","url":"https:\/\/noticiasemdestaque.com\/cd\/wp-content\/uploads\/2017\/11\/Energia-el\u00e9trica-1-300x225.jpg","contentUrl":"https:\/\/noticiasemdestaque.com\/cd\/wp-content\/uploads\/2017\/11\/Energia-el\u00e9trica-1-300x225.jpg","width":300,"height":225},{"@type":"BreadcrumbList","@id":"https:\/\/noticiasemdestaque.com\/cd\/?p=25367#breadcrumb","itemListElement":[{"@type":"ListItem","position":1,"name":"In\u00edcio","item":"https:\/\/noticiasemdestaque.com\/cd\/"},{"@type":"ListItem","position":2,"name":"Aneel prorroga, at\u00e9 o final de julho, proibi\u00e7\u00e3o de corte de energia el\u00e9trica"}]},{"@type":"WebSite","@id":"https:\/\/noticiasemdestaque.com\/cd\/#website","url":"https:\/\/noticiasemdestaque.com\/cd\/","name":"Not&iacute;cias em Destaque","description":"","publisher":{"@id":"https:\/\/noticiasemdestaque.com\/cd\/#organization"},"potentialAction":[{"@type":"SearchAction","target":{"@type":"EntryPoint","urlTemplate":"https:\/\/noticiasemdestaque.com\/cd\/?s={search_term_string}"},"query-input":{"@type":"PropertyValueSpecification","valueRequired":true,"valueName":"search_term_string"}}],"inLanguage":"pt-BR"},{"@type":"Organization","@id":"https:\/\/noticiasemdestaque.com\/cd\/#organization","name":"Not\u00edcias em Destaque","url":"https:\/\/noticiasemdestaque.com\/cd\/","logo":{"@type":"ImageObject","inLanguage":"pt-BR","@id":"https:\/\/noticiasemdestaque.com\/cd\/#\/schema\/logo\/image\/","url":"https:\/\/noticiasemdestaque.com\/cd\/wp-content\/uploads\/2022\/05\/imagem-base-noticiasemdestaque.png","contentUrl":"https:\/\/noticiasemdestaque.com\/cd\/wp-content\/uploads\/2022\/05\/imagem-base-noticiasemdestaque.png","width":1200,"height":630,"caption":"Not\u00edcias em Destaque"},"image":{"@id":"https:\/\/noticiasemdestaque.com\/cd\/#\/schema\/logo\/image\/"}},{"@type":"Person","@id":"https:\/\/noticiasemdestaque.com\/cd\/#\/schema\/person\/21320b03a7e8bb90128938dafc9b908a","name":"Not\u00edcias em Destaque","url":"https:\/\/noticiasemdestaque.com\/cd\/?author=2"}]}},"jetpack_featured_media_url":"https:\/\/noticiasemdestaque.com\/cd\/wp-content\/uploads\/2017\/11\/Energia-el\u00e9trica-1-300x225.jpg","jetpack_sharing_enabled":true,"_links":{"self":[{"href":"https:\/\/noticiasemdestaque.com\/cd\/index.php?rest_route=\/wp\/v2\/posts\/25367","targetHints":{"allow":["GET"]}}],"collection":[{"href":"https:\/\/noticiasemdestaque.com\/cd\/index.php?rest_route=\/wp\/v2\/posts"}],"about":[{"href":"https:\/\/noticiasemdestaque.com\/cd\/index.php?rest_route=\/wp\/v2\/types\/post"}],"author":[{"embeddable":true,"href":"https:\/\/noticiasemdestaque.com\/cd\/index.php?rest_route=\/wp\/v2\/users\/2"}],"replies":[{"embeddable":true,"href":"https:\/\/noticiasemdestaque.com\/cd\/index.php?rest_route=%2Fwp%2Fv2%2Fcomments&post=25367"}],"version-history":[{"count":1,"href":"https:\/\/noticiasemdestaque.com\/cd\/index.php?rest_route=\/wp\/v2\/posts\/25367\/revisions"}],"predecessor-version":[{"id":25368,"href":"https:\/\/noticiasemdestaque.com\/cd\/index.php?rest_route=\/wp\/v2\/posts\/25367\/revisions\/25368"}],"wp:featuredmedia":[{"embeddable":true,"href":"https:\/\/noticiasemdestaque.com\/cd\/index.php?rest_route=\/wp\/v2\/media\/6359"}],"wp:attachment":[{"href":"https:\/\/noticiasemdestaque.com\/cd\/index.php?rest_route=%2Fwp%2Fv2%2Fmedia&parent=25367"}],"wp:term":[{"taxonomy":"category","embeddable":true,"href":"https:\/\/noticiasemdestaque.com\/cd\/index.php?rest_route=%2Fwp%2Fv2%2Fcategories&post=25367"},{"taxonomy":"post_tag","embeddable":true,"href":"https:\/\/noticiasemdestaque.com\/cd\/index.php?rest_route=%2Fwp%2Fv2%2Ftags&post=25367"}],"curies":[{"name":"wp","href":"https:\/\/api.w.org\/{rel}","templated":true}]}}