{"id":25360,"date":"2020-06-15T17:46:48","date_gmt":"2020-06-15T20:46:48","guid":{"rendered":"http:\/\/noticiasemdestaque.com\/cd\/?p=25360"},"modified":"2020-06-15T17:46:48","modified_gmt":"2020-06-15T20:46:48","slug":"congo-registra-mais-dois-casos-do-coronavirus","status":"publish","type":"post","link":"https:\/\/noticiasemdestaque.com\/cd\/?p=25360","title":{"rendered":"Congo registra mais dois casos do coronav\u00edrus"},"content":{"rendered":"<p><a href=\"https:\/\/noticiasemdestaque.com\/cd\/wp-content\/uploads\/2020\/06\/15-06.jpg\"><img fetchpriority=\"high\" decoding=\"async\" class=\"wp-image-25361 aligncenter\" src=\"https:\/\/noticiasemdestaque.com\/cd\/wp-content\/uploads\/2020\/06\/15-06.jpg\" alt=\"\" width=\"507\" height=\"507\" srcset=\"https:\/\/noticiasemdestaque.com\/cd\/wp-content\/uploads\/2020\/06\/15-06.jpg 720w, https:\/\/noticiasemdestaque.com\/cd\/wp-content\/uploads\/2020\/06\/15-06-150x150.jpg 150w, https:\/\/noticiasemdestaque.com\/cd\/wp-content\/uploads\/2020\/06\/15-06-300x300.jpg 300w\" sizes=\"(max-width: 507px) 100vw, 507px\" \/><\/a><\/p>\n<p>Foram realizados 7 testes para a Covid-19, sendo que 4 deram negativo e foram descartados. 2 deram positivo e passam integrar o quadro de casos confirmados da Covid-19 no munic\u00edpio, at\u00e9 o momento.<\/p>\n<p>Os pacientes que testaram positivo s\u00e3o um senhor com idade de 44 anos e um jovem de 17. Os dois estavam trabalhando em um munic\u00edpio de outra regi\u00e3o do Estado, sentiram sintomas e retornaram ao Congo.<\/p>\n<p>Assim que chegaram de viagem, na semana passada, o servi\u00e7o de sa\u00fade de imediato os orientou a permanecerem em isolamento, aguardando a testagem.<\/p>\n<p>Com o teste positivado, os pacientes permanecem em isolamento domiciliar, sendo monitorados pela Secretaria de Sa\u00fade do munic\u00edpio do Congo.<\/p>\n","protected":false},"excerpt":{"rendered":"<p>Foram realizados 7 testes para a Covid-19, sendo que 4 deram negativo e foram descartados. 2 deram positivo e passam integrar o quadro de casos confirmados da Covid-19 no munic\u00edpio, at\u00e9 o momento. Os pacientes que testaram positivo s\u00e3o um senhor com idade de 44 anos e um jovem de 17. Os dois estavam trabalhando em um munic\u00edpio de outra regi\u00e3o do Estado, sentiram sintomas e retornaram ao Congo. Assim que chegaram de viagem, na semana passada, o servi\u00e7o de sa\u00fade de imediato os orientou a permanecerem em isolamento, aguardando a testagem. Com o teste positivado, os pacientes permanecem em isolamento domiciliar, sendo monitorados pela Secretaria de Sa\u00fade do munic\u00edpio do Congo.<\/p>\n","protected":false},"author":2,"featured_media":25361,"comment_status":"closed","ping_status":"open","sticky":false,"template":"","format":"standard","meta":{"_eb_attr":"","_jetpack_memberships_contains_paid_content":false,"footnotes":""},"categories":[3],"tags":[],"class_list":["post-25360","post","type-post","status-publish","format-standard","has-post-thumbnail","hentry","category-cidades"],"yoast_head":"<!-- This site is optimized with the Yoast SEO plugin v26.5 - https:\/\/yoast.com\/wordpress\/plugins\/seo\/ -->\n<title>Congo registra mais dois casos do coronav\u00edrus - Not&iacute;cias em Destaque<\/title>\n<meta name=\"robots\" content=\"index, follow, max-snippet:-1, max-image-preview:large, max-video-preview:-1\" \/>\n<link rel=\"canonical\" href=\"https:\/\/noticiasemdestaque.com\/cd\/?p=25360\" \/>\n<meta property=\"og:locale\" content=\"pt_BR\" \/>\n<meta property=\"og:type\" content=\"article\" \/>\n<meta property=\"og:title\" content=\"Congo registra mais dois casos do coronav\u00edrus - Not&iacute;cias em Destaque\" \/>\n<meta property=\"og:description\" content=\"Foram realizados 7 testes para a Covid-19, sendo que 4 deram negativo e foram descartados. 2 deram positivo e passam integrar o quadro de casos confirmados da Covid-19 no munic\u00edpio, at\u00e9 o momento. Os pacientes que testaram positivo s\u00e3o um senhor com idade de 44 anos e um jovem de 17. Os dois estavam trabalhando em um munic\u00edpio de outra regi\u00e3o do Estado, sentiram sintomas e retornaram ao Congo. Assim que chegaram de viagem, na semana passada, o servi\u00e7o de sa\u00fade de imediato os orientou a permanecerem em isolamento, aguardando a testagem. Com o teste positivado, os pacientes permanecem em isolamento domiciliar, sendo monitorados pela Secretaria de Sa\u00fade do munic\u00edpio do Congo.\" \/>\n<meta property=\"og:url\" content=\"https:\/\/noticiasemdestaque.com\/cd\/?p=25360\" \/>\n<meta property=\"og:site_name\" content=\"Not&iacute;cias em Destaque\" \/>\n<meta property=\"article:published_time\" content=\"2020-06-15T20:46:48+00:00\" \/>\n<meta property=\"og:image\" content=\"https:\/\/noticiasemdestaque.com\/cd\/wp-content\/uploads\/2020\/06\/15-06.jpg\" \/>\n\t<meta property=\"og:image:width\" content=\"720\" \/>\n\t<meta property=\"og:image:height\" content=\"720\" \/>\n\t<meta property=\"og:image:type\" content=\"image\/jpeg\" \/>\n<meta name=\"author\" content=\"Not\u00edcias em Destaque\" \/>\n<meta name=\"twitter:card\" content=\"summary_large_image\" \/>\n<meta name=\"twitter:label1\" content=\"Escrito por\" \/>\n\t<meta name=\"twitter:data1\" content=\"Not\u00edcias em Destaque\" \/>\n\t<meta name=\"twitter:label2\" content=\"Est. tempo de leitura\" \/>\n\t<meta name=\"twitter:data2\" content=\"1 minuto\" \/>\n<script type=\"application\/ld+json\" class=\"yoast-schema-graph\">{\"@context\":\"https:\/\/schema.org\",\"@graph\":[{\"@type\":\"Article\",\"@id\":\"https:\/\/noticiasemdestaque.com\/cd\/?p=25360#article\",\"isPartOf\":{\"@id\":\"https:\/\/noticiasemdestaque.com\/cd\/?p=25360\"},\"author\":{\"name\":\"Not\u00edcias em Destaque\",\"@id\":\"https:\/\/noticiasemdestaque.com\/cd\/#\/schema\/person\/21320b03a7e8bb90128938dafc9b908a\"},\"headline\":\"Congo registra mais dois casos do coronav\u00edrus\",\"datePublished\":\"2020-06-15T20:46:48+00:00\",\"mainEntityOfPage\":{\"@id\":\"https:\/\/noticiasemdestaque.com\/cd\/?p=25360\"},\"wordCount\":123,\"publisher\":{\"@id\":\"https:\/\/noticiasemdestaque.com\/cd\/#organization\"},\"image\":{\"@id\":\"https:\/\/noticiasemdestaque.com\/cd\/?p=25360#primaryimage\"},\"thumbnailUrl\":\"https:\/\/noticiasemdestaque.com\/cd\/wp-content\/uploads\/2020\/06\/15-06.jpg\",\"articleSection\":[\"Cidades\"],\"inLanguage\":\"pt-BR\"},{\"@type\":\"WebPage\",\"@id\":\"https:\/\/noticiasemdestaque.com\/cd\/?p=25360\",\"url\":\"https:\/\/noticiasemdestaque.com\/cd\/?p=25360\",\"name\":\"Congo registra mais dois casos do coronav\u00edrus - Not&iacute;cias em Destaque\",\"isPartOf\":{\"@id\":\"https:\/\/noticiasemdestaque.com\/cd\/#website\"},\"primaryImageOfPage\":{\"@id\":\"https:\/\/noticiasemdestaque.com\/cd\/?p=25360#primaryimage\"},\"image\":{\"@id\":\"https:\/\/noticiasemdestaque.com\/cd\/?p=25360#primaryimage\"},\"thumbnailUrl\":\"https:\/\/noticiasemdestaque.com\/cd\/wp-content\/uploads\/2020\/06\/15-06.jpg\",\"datePublished\":\"2020-06-15T20:46:48+00:00\",\"breadcrumb\":{\"@id\":\"https:\/\/noticiasemdestaque.com\/cd\/?p=25360#breadcrumb\"},\"inLanguage\":\"pt-BR\",\"potentialAction\":[{\"@type\":\"ReadAction\",\"target\":[\"https:\/\/noticiasemdestaque.com\/cd\/?p=25360\"]}]},{\"@type\":\"ImageObject\",\"inLanguage\":\"pt-BR\",\"@id\":\"https:\/\/noticiasemdestaque.com\/cd\/?p=25360#primaryimage\",\"url\":\"https:\/\/noticiasemdestaque.com\/cd\/wp-content\/uploads\/2020\/06\/15-06.jpg\",\"contentUrl\":\"https:\/\/noticiasemdestaque.com\/cd\/wp-content\/uploads\/2020\/06\/15-06.jpg\",\"width\":720,\"height\":720},{\"@type\":\"BreadcrumbList\",\"@id\":\"https:\/\/noticiasemdestaque.com\/cd\/?p=25360#breadcrumb\",\"itemListElement\":[{\"@type\":\"ListItem\",\"position\":1,\"name\":\"In\u00edcio\",\"item\":\"https:\/\/noticiasemdestaque.com\/cd\/\"},{\"@type\":\"ListItem\",\"position\":2,\"name\":\"Congo registra mais dois casos do coronav\u00edrus\"}]},{\"@type\":\"WebSite\",\"@id\":\"https:\/\/noticiasemdestaque.com\/cd\/#website\",\"url\":\"https:\/\/noticiasemdestaque.com\/cd\/\",\"name\":\"Not&iacute;cias em Destaque\",\"description\":\"\",\"publisher\":{\"@id\":\"https:\/\/noticiasemdestaque.com\/cd\/#organization\"},\"potentialAction\":[{\"@type\":\"SearchAction\",\"target\":{\"@type\":\"EntryPoint\",\"urlTemplate\":\"https:\/\/noticiasemdestaque.com\/cd\/?s={search_term_string}\"},\"query-input\":{\"@type\":\"PropertyValueSpecification\",\"valueRequired\":true,\"valueName\":\"search_term_string\"}}],\"inLanguage\":\"pt-BR\"},{\"@type\":\"Organization\",\"@id\":\"https:\/\/noticiasemdestaque.com\/cd\/#organization\",\"name\":\"Not\u00edcias em Destaque\",\"url\":\"https:\/\/noticiasemdestaque.com\/cd\/\",\"logo\":{\"@type\":\"ImageObject\",\"inLanguage\":\"pt-BR\",\"@id\":\"https:\/\/noticiasemdestaque.com\/cd\/#\/schema\/logo\/image\/\",\"url\":\"https:\/\/noticiasemdestaque.com\/cd\/wp-content\/uploads\/2022\/05\/imagem-base-noticiasemdestaque.png\",\"contentUrl\":\"https:\/\/noticiasemdestaque.com\/cd\/wp-content\/uploads\/2022\/05\/imagem-base-noticiasemdestaque.png\",\"width\":1200,\"height\":630,\"caption\":\"Not\u00edcias em Destaque\"},\"image\":{\"@id\":\"https:\/\/noticiasemdestaque.com\/cd\/#\/schema\/logo\/image\/\"}},{\"@type\":\"Person\",\"@id\":\"https:\/\/noticiasemdestaque.com\/cd\/#\/schema\/person\/21320b03a7e8bb90128938dafc9b908a\",\"name\":\"Not\u00edcias em Destaque\",\"url\":\"https:\/\/noticiasemdestaque.com\/cd\/?author=2\"}]}<\/script>\n<!-- \/ Yoast SEO plugin. -->","yoast_head_json":{"title":"Congo registra mais dois casos do coronav\u00edrus - Not&iacute;cias em Destaque","robots":{"index":"index","follow":"follow","max-snippet":"max-snippet:-1","max-image-preview":"max-image-preview:large","max-video-preview":"max-video-preview:-1"},"canonical":"https:\/\/noticiasemdestaque.com\/cd\/?p=25360","og_locale":"pt_BR","og_type":"article","og_title":"Congo registra mais dois casos do coronav\u00edrus - Not&iacute;cias em Destaque","og_description":"Foram realizados 7 testes para a Covid-19, sendo que 4 deram negativo e foram descartados. 2 deram positivo e passam integrar o quadro de casos confirmados da Covid-19 no munic\u00edpio, at\u00e9 o momento. Os pacientes que testaram positivo s\u00e3o um senhor com idade de 44 anos e um jovem de 17. Os dois estavam trabalhando em um munic\u00edpio de outra regi\u00e3o do Estado, sentiram sintomas e retornaram ao Congo. Assim que chegaram de viagem, na semana passada, o servi\u00e7o de sa\u00fade de imediato os orientou a permanecerem em isolamento, aguardando a testagem. Com o teste positivado, os pacientes permanecem em isolamento domiciliar, sendo monitorados pela Secretaria de Sa\u00fade do munic\u00edpio do Congo.","og_url":"https:\/\/noticiasemdestaque.com\/cd\/?p=25360","og_site_name":"Not&iacute;cias em Destaque","article_published_time":"2020-06-15T20:46:48+00:00","og_image":[{"width":720,"height":720,"url":"https:\/\/noticiasemdestaque.com\/cd\/wp-content\/uploads\/2020\/06\/15-06.jpg","type":"image\/jpeg"}],"author":"Not\u00edcias em Destaque","twitter_card":"summary_large_image","twitter_misc":{"Escrito por":"Not\u00edcias em Destaque","Est. tempo de leitura":"1 minuto"},"schema":{"@context":"https:\/\/schema.org","@graph":[{"@type":"Article","@id":"https:\/\/noticiasemdestaque.com\/cd\/?p=25360#article","isPartOf":{"@id":"https:\/\/noticiasemdestaque.com\/cd\/?p=25360"},"author":{"name":"Not\u00edcias em Destaque","@id":"https:\/\/noticiasemdestaque.com\/cd\/#\/schema\/person\/21320b03a7e8bb90128938dafc9b908a"},"headline":"Congo registra mais dois casos do coronav\u00edrus","datePublished":"2020-06-15T20:46:48+00:00","mainEntityOfPage":{"@id":"https:\/\/noticiasemdestaque.com\/cd\/?p=25360"},"wordCount":123,"publisher":{"@id":"https:\/\/noticiasemdestaque.com\/cd\/#organization"},"image":{"@id":"https:\/\/noticiasemdestaque.com\/cd\/?p=25360#primaryimage"},"thumbnailUrl":"https:\/\/noticiasemdestaque.com\/cd\/wp-content\/uploads\/2020\/06\/15-06.jpg","articleSection":["Cidades"],"inLanguage":"pt-BR"},{"@type":"WebPage","@id":"https:\/\/noticiasemdestaque.com\/cd\/?p=25360","url":"https:\/\/noticiasemdestaque.com\/cd\/?p=25360","name":"Congo registra mais dois casos do coronav\u00edrus - Not&iacute;cias em Destaque","isPartOf":{"@id":"https:\/\/noticiasemdestaque.com\/cd\/#website"},"primaryImageOfPage":{"@id":"https:\/\/noticiasemdestaque.com\/cd\/?p=25360#primaryimage"},"image":{"@id":"https:\/\/noticiasemdestaque.com\/cd\/?p=25360#primaryimage"},"thumbnailUrl":"https:\/\/noticiasemdestaque.com\/cd\/wp-content\/uploads\/2020\/06\/15-06.jpg","datePublished":"2020-06-15T20:46:48+00:00","breadcrumb":{"@id":"https:\/\/noticiasemdestaque.com\/cd\/?p=25360#breadcrumb"},"inLanguage":"pt-BR","potentialAction":[{"@type":"ReadAction","target":["https:\/\/noticiasemdestaque.com\/cd\/?p=25360"]}]},{"@type":"ImageObject","inLanguage":"pt-BR","@id":"https:\/\/noticiasemdestaque.com\/cd\/?p=25360#primaryimage","url":"https:\/\/noticiasemdestaque.com\/cd\/wp-content\/uploads\/2020\/06\/15-06.jpg","contentUrl":"https:\/\/noticiasemdestaque.com\/cd\/wp-content\/uploads\/2020\/06\/15-06.jpg","width":720,"height":720},{"@type":"BreadcrumbList","@id":"https:\/\/noticiasemdestaque.com\/cd\/?p=25360#breadcrumb","itemListElement":[{"@type":"ListItem","position":1,"name":"In\u00edcio","item":"https:\/\/noticiasemdestaque.com\/cd\/"},{"@type":"ListItem","position":2,"name":"Congo registra mais dois casos do coronav\u00edrus"}]},{"@type":"WebSite","@id":"https:\/\/noticiasemdestaque.com\/cd\/#website","url":"https:\/\/noticiasemdestaque.com\/cd\/","name":"Not&iacute;cias em Destaque","description":"","publisher":{"@id":"https:\/\/noticiasemdestaque.com\/cd\/#organization"},"potentialAction":[{"@type":"SearchAction","target":{"@type":"EntryPoint","urlTemplate":"https:\/\/noticiasemdestaque.com\/cd\/?s={search_term_string}"},"query-input":{"@type":"PropertyValueSpecification","valueRequired":true,"valueName":"search_term_string"}}],"inLanguage":"pt-BR"},{"@type":"Organization","@id":"https:\/\/noticiasemdestaque.com\/cd\/#organization","name":"Not\u00edcias em Destaque","url":"https:\/\/noticiasemdestaque.com\/cd\/","logo":{"@type":"ImageObject","inLanguage":"pt-BR","@id":"https:\/\/noticiasemdestaque.com\/cd\/#\/schema\/logo\/image\/","url":"https:\/\/noticiasemdestaque.com\/cd\/wp-content\/uploads\/2022\/05\/imagem-base-noticiasemdestaque.png","contentUrl":"https:\/\/noticiasemdestaque.com\/cd\/wp-content\/uploads\/2022\/05\/imagem-base-noticiasemdestaque.png","width":1200,"height":630,"caption":"Not\u00edcias em Destaque"},"image":{"@id":"https:\/\/noticiasemdestaque.com\/cd\/#\/schema\/logo\/image\/"}},{"@type":"Person","@id":"https:\/\/noticiasemdestaque.com\/cd\/#\/schema\/person\/21320b03a7e8bb90128938dafc9b908a","name":"Not\u00edcias em Destaque","url":"https:\/\/noticiasemdestaque.com\/cd\/?author=2"}]}},"jetpack_featured_media_url":"https:\/\/noticiasemdestaque.com\/cd\/wp-content\/uploads\/2020\/06\/15-06.jpg","jetpack_sharing_enabled":true,"_links":{"self":[{"href":"https:\/\/noticiasemdestaque.com\/cd\/index.php?rest_route=\/wp\/v2\/posts\/25360","targetHints":{"allow":["GET"]}}],"collection":[{"href":"https:\/\/noticiasemdestaque.com\/cd\/index.php?rest_route=\/wp\/v2\/posts"}],"about":[{"href":"https:\/\/noticiasemdestaque.com\/cd\/index.php?rest_route=\/wp\/v2\/types\/post"}],"author":[{"embeddable":true,"href":"https:\/\/noticiasemdestaque.com\/cd\/index.php?rest_route=\/wp\/v2\/users\/2"}],"replies":[{"embeddable":true,"href":"https:\/\/noticiasemdestaque.com\/cd\/index.php?rest_route=%2Fwp%2Fv2%2Fcomments&post=25360"}],"version-history":[{"count":1,"href":"https:\/\/noticiasemdestaque.com\/cd\/index.php?rest_route=\/wp\/v2\/posts\/25360\/revisions"}],"predecessor-version":[{"id":25362,"href":"https:\/\/noticiasemdestaque.com\/cd\/index.php?rest_route=\/wp\/v2\/posts\/25360\/revisions\/25362"}],"wp:featuredmedia":[{"embeddable":true,"href":"https:\/\/noticiasemdestaque.com\/cd\/index.php?rest_route=\/wp\/v2\/media\/25361"}],"wp:attachment":[{"href":"https:\/\/noticiasemdestaque.com\/cd\/index.php?rest_route=%2Fwp%2Fv2%2Fmedia&parent=25360"}],"wp:term":[{"taxonomy":"category","embeddable":true,"href":"https:\/\/noticiasemdestaque.com\/cd\/index.php?rest_route=%2Fwp%2Fv2%2Fcategories&post=25360"},{"taxonomy":"post_tag","embeddable":true,"href":"https:\/\/noticiasemdestaque.com\/cd\/index.php?rest_route=%2Fwp%2Fv2%2Ftags&post=25360"}],"curies":[{"name":"wp","href":"https:\/\/api.w.org\/{rel}","templated":true}]}}