{"id":25351,"date":"2020-06-15T09:01:06","date_gmt":"2020-06-15T12:01:06","guid":{"rendered":"http:\/\/noticiasemdestaque.com\/cd\/?p=25351"},"modified":"2020-06-15T09:01:06","modified_gmt":"2020-06-15T12:01:06","slug":"diocese-de-campina-grande-divulga-decreto-sobre-a-retomada-das-atividades-religiosas-com-a-presenca-de-fieis","status":"publish","type":"post","link":"https:\/\/noticiasemdestaque.com\/cd\/?p=25351","title":{"rendered":"Diocese de Campina Grande divulga decreto sobre a retomada das atividades religiosas com a presen\u00e7a de fi\u00e9is"},"content":{"rendered":"<p><a href=\"https:\/\/noticiasemdestaque.com\/cd\/wp-content\/uploads\/2020\/06\/dom-dulc\u00eanio-768x576.jpeg\"><img fetchpriority=\"high\" decoding=\"async\" class=\"wp-image-25352 aligncenter\" src=\"https:\/\/noticiasemdestaque.com\/cd\/wp-content\/uploads\/2020\/06\/dom-dulc\u00eanio-768x576.jpeg\" alt=\"\" width=\"448\" height=\"336\" srcset=\"https:\/\/noticiasemdestaque.com\/cd\/wp-content\/uploads\/2020\/06\/dom-dulc\u00eanio-768x576.jpeg 768w, https:\/\/noticiasemdestaque.com\/cd\/wp-content\/uploads\/2020\/06\/dom-dulc\u00eanio-768x576-300x225.jpeg 300w, https:\/\/noticiasemdestaque.com\/cd\/wp-content\/uploads\/2020\/06\/dom-dulc\u00eanio-768x576-640x480.jpeg 640w\" sizes=\"(max-width: 448px) 100vw, 448px\" \/><\/a><\/p>\n<p>Ap\u00f3s o Governo da Para\u00edba anunciar o novo plano de retomada das atividades no estado, dentre elas a reabertura de igrejas para realiza\u00e7\u00e3o dos eventos religiosos (missas e cultos) isso obedecendo as devidas novas normas sanit\u00e1rias, a Diocese de Campina Grande divulgou no in\u00edcio da tarde deste s\u00e1bado(13), o decreto das atividades religiosas com a presen\u00e7a dos fi\u00e9is cat\u00f3licos nas igrejas que comp\u00f5e a Diocese.<\/p>\n<p>O decreto foi divulgado nas m\u00eddias sociais da Diocese e entrar\u00e1 em vigor a partir do dia 20 de junho 2020.<\/p>\n<p><em><strong>Confira as medidas do decreto:<\/strong><\/em><\/p>\n<p><strong>Reverend\u00edssimos Padres e Di\u00e1conos,<\/strong><br \/>\n<strong>religiosos e religiosas,<\/strong><br \/>\n<strong>estimados fi\u00e9is leigos da nossa Diocese<\/strong>,<\/p>\n<p>Sauda\u00e7\u00f5es e votos de sa\u00fade e paz!<\/p>\n<p>Tendo em vista o retorno das celebra\u00e7\u00f5es religiosas com a presen\u00e7a dos fi\u00e9is,<\/p>\n<p>CONSIDERANDO as orienta\u00e7\u00f5es lit\u00fargicas emanadas da CNBB no dia 21 de maio;<br \/>\nCONSIDERANDO o Decreto n. 40.304 de 12 de junho de 2020, do Governo do Estado da Para\u00edba;<br \/>\nCONSIDERANDO os protocolos para preserva\u00e7\u00e3o da sa\u00fade p\u00fablica, orientados pelas autoridades competentes, para evitar o cont\u00e1gio pela COVID-19;\u00a0determinamos o que segue para a Diocese de Campina Grande:<\/p>\n<ol>\n<li>Permanecem dispensados do preceito dominical os fi\u00e9is que por motivo de idade ou quest\u00f5es de sa\u00fade n\u00e3o puderem sair de suas casas. Aconselhamos vivamente a permanecerem em ora\u00e7\u00e3o atrav\u00e9s dos meios de comunica\u00e7\u00e3o e com suas fam\u00edlias. A mesma orienta\u00e7\u00e3o \u00e9 dada aos sacerdotes e di\u00e1conos que se incluem nessas situa\u00e7\u00f5es espec\u00edficas;<\/li>\n<\/ol>\n<ol start=\"2\">\n<li>Os ministros extraordin\u00e1rios da Sagrada Comunh\u00e3o podem levar a Eucaristia aos fi\u00e9is em suas casas, desde que n\u00e3o sejam igualmente de grupos de risco e desde que observadas todas as normas para a preserva\u00e7\u00e3o da sa\u00fade dos membros daquela fam\u00edlia;<\/li>\n<\/ol>\n<ol start=\"3\">\n<li>Sejam dadas as orienta\u00e7\u00f5es necess\u00e1rias antes de cada celebra\u00e7\u00e3o;<\/li>\n<\/ol>\n<ol start=\"4\">\n<li>Todas as Igrejas onde forem acontecer as celebra\u00e7\u00f5es devem disponibilizar para os fi\u00e9is o \u00e1lcool em gel ou l\u00edquido 70% e todos devem estar de m\u00e1scara, que s\u00f3 deve ser retirada no momento da sagrada comunh\u00e3o. Para isso, uma equipe deve orientar os fi\u00e9is na entrada da Igreja;<\/li>\n<\/ol>\n<ol start=\"5\">\n<li>As Igrejas devem manter as portas e janelas abertas, para que o ambiente esteja arejado e para que os fi\u00e9is n\u00e3o precisem tocar em ma\u00e7anetas ou puxadores;<\/li>\n<\/ol>\n<ol start=\"6\">\n<li>N\u00e3o se deve utilizar folhetos de cantos, jornais da celebra\u00e7\u00e3o ou outros materiais que sejam reutiliz\u00e1veis. Os recipientes de \u00e1gua benta na entrada das Igrejas devem estar vazios;<\/li>\n<\/ol>\n<ol start=\"7\">\n<li>A dist\u00e2ncia entre os fi\u00e9is seja de, no m\u00ednimo, 1,5m, inclusive entre a reduzida equipe celebrativa (ministros, liturgia, canto, ac\u00f3litos). Portanto, o n\u00famero de fi\u00e9is em cada celebra\u00e7\u00e3o ser\u00e1 reduzido e cada P\u00e1roco dever\u00e1 realizar o controle deste fluxo junto com a secretaria paroquial e as equipes pastorais. De forma geral, deve ser respeitada a capacidade de 30% orientada pelo Decreto do Governo do Estado, no entanto, onde o Munic\u00edpio dispuser de forma diferente, seja seguida a orienta\u00e7\u00e3o municipal, tendo em vista as diversas realidades sanit\u00e1rias;<\/li>\n<\/ol>\n<ol start=\"8\">\n<li>Sejam oferecidas, na medida do poss\u00edvel, o maior n\u00famero de celebra\u00e7\u00f5es, multiplicando os hor\u00e1rios das Missas. Onde e quando for poss\u00edvel, deve-se dar prefer\u00eancia \u00e0s celebra\u00e7\u00f5es campais, ao ar livre;<\/li>\n<\/ol>\n<ol start=\"9\">\n<li>Os leitores e cantores devem higienizar as m\u00e3os antes de tocar nos livros lit\u00fargicos, microfones e demais instrumentos necess\u00e1rios \u00e0 celebra\u00e7\u00e3o. As vestes lit\u00fargicas dos ministros leigos n\u00e3o devem ser usadas, tendo em vista que n\u00e3o s\u00e3o de uso pessoal;<\/li>\n<\/ol>\n<ol start=\"10\">\n<li>O recolhimento das ofertas ou d\u00edzimo deve ser feito pela equipe respons\u00e1vel quando os fi\u00e9is estiverem saindo da Igreja;<\/li>\n<\/ol>\n<ol start=\"11\">\n<li>Apenas o presidente da celebra\u00e7\u00e3o deve pegar nos vasos sagrados, que ser\u00e3o por ele mesmo purificados. O sacerdote presidente deve higienizar as m\u00e3os antes da apresenta\u00e7\u00e3o das oferendas e imediatamente antes da distribui\u00e7\u00e3o da sagrada eucaristia;<\/li>\n<\/ol>\n<ol start=\"12\">\n<li>As ambulas com as h\u00f3stias que ser\u00e3o consagradas devem estar tampadas;<\/li>\n<\/ol>\n<ol start=\"13\">\n<li>O gesto da sauda\u00e7\u00e3o da paz permanece omitido;<\/li>\n<\/ol>\n<ol start=\"14\">\n<li>Na prociss\u00e3o para a comunh\u00e3o, seja respeitada a mesma dist\u00e2ncia requerida entre um fiel e outro. Seja reduzido ao m\u00e1ximo o n\u00famero de ministros da sagrada comunh\u00e3o durante e distribui\u00e7\u00e3o e quando for necess\u00e1rio, que higienizem as m\u00e3os imediatamente antes da distribui\u00e7\u00e3o;<\/li>\n<\/ol>\n<ol start=\"15\">\n<li>A Eucaristia deve ser recebida pelos fi\u00e9is nas m\u00e3os e estes devem comungar em frente do sacerdote ou ministro, que neste momento devem estar de m\u00e1scara para a distribui\u00e7\u00e3o;<\/li>\n<\/ol>\n<ol start=\"16\">\n<li>A sa\u00edda da Igreja deve ser orientada e gradual para que n\u00e3o haja aglomera\u00e7\u00e3o;<\/li>\n<\/ol>\n<ol start=\"17\">\n<li>Ap\u00f3s a celebra\u00e7\u00e3o, a Igreja deve permanecer arejada e seja cuidadosamente higienizada;<\/li>\n<\/ol>\n<ol start=\"18\">\n<li>As reuni\u00f5es pastorais sejam realizadas apenas quando necess\u00e1rias, dentro dos mesmos protocolos de sa\u00fade p\u00fablica quanto \u00e0 higiene e distanciamento social;<\/li>\n<\/ol>\n<ol start=\"19\">\n<li>Os encontros pastorais, movimentos, forma\u00e7\u00f5es, peregrina\u00e7\u00f5es, prociss\u00f5es, romarias, retiros e afins, est\u00e3o suspensos at\u00e9 que se determine o contr\u00e1rio;<\/li>\n<\/ol>\n<ol start=\"20\">\n<li>Quanto ao batismo, deve-se evitar, o m\u00e1ximo poss\u00edvel, o contato f\u00edsico e sejam respeitadas as mesmas normas de higiene e distanciamento. Aconselhamos que sejam multiplicadas as celebra\u00e7\u00f5es para evitar aglomera\u00e7\u00f5es;<\/li>\n<\/ol>\n<ol start=\"21\">\n<li>A catequese de adultos deve acontecer conforme o n\u00famero 18;<\/li>\n<\/ol>\n<ol start=\"22\">\n<li>A catequese de crian\u00e7as deve ser orientada, quando poss\u00edvel de maneira remota e aconselhamos vivamente que os pais assumam de forma mais efetiva este encargo, at\u00e9 que emitamos novas orienta\u00e7\u00f5es neste sentido;<\/li>\n<\/ol>\n<ol start=\"23\">\n<li>Para o sacramento da confirma\u00e7\u00e3o devem ser seguidas as mesmas orienta\u00e7\u00f5es dadas para as Missas. O Bispo ir\u00e1 avaliar a conveni\u00eancia de cada caso em particular e agendar com o P\u00e1roco respons\u00e1vel, quando for vi\u00e1vel;<\/li>\n<\/ol>\n<ol start=\"24\">\n<li>Para o sacramento da penit\u00eancia, o confessor e o penitente devem estar de m\u00e1scara, com o distanciamento m\u00ednimo exigido, num local arejado. O mesmo distanciamento seja observado pelos que, porventura, estejam esperando para serem atendidos. O lugar utilizado pelo penitente seja higienizado antes da chegada de outra pessoa;<\/li>\n<\/ol>\n<ol start=\"25\">\n<li>Para o sacramento da un\u00e7\u00e3o dos enfermos, ministro e fiel devem usar m\u00e1scara. No momento da imposi\u00e7\u00e3o das m\u00e3os o contato deve ser evitado e no momento da un\u00e7\u00e3o, deve-se utilizar um algod\u00e3o, que ser\u00e1 em seguida incinerado, como de costume;<\/li>\n<\/ol>\n<ol start=\"26\">\n<li>Para as ordena\u00e7\u00f5es e para os matrim\u00f4nios devem ser observados os mesmos crit\u00e9rios dados para a Missa;<\/li>\n<\/ol>\n<ol start=\"27\">\n<li>As ex\u00e9quias devem ser celebradas observando as mesmas normas de higiene e distanciamento;<\/li>\n<\/ol>\n<ol start=\"28\">\n<li>As Igrejas estejam abertas mesmo quando n\u00e3o haja celebra\u00e7\u00e3o, para ora\u00e7\u00e3o pessoal dos fi\u00e9is;<\/li>\n<\/ol>\n<ol start=\"29\">\n<li>Nas secretarias paroquiais e outros ambientes sob nossa jurisdi\u00e7\u00e3o, sejam observados os mesmos protocolos;<\/li>\n<\/ol>\n<ol start=\"30\">\n<li>Para as situa\u00e7\u00f5es n\u00e3o previstas neste decreto ou que precisem ser esclarecidas, deve-se procurar o Vig\u00e1rio Geral.<\/li>\n<\/ol>\n<p><strong>Este decreto entra em vigor a partir de vinte de junho de dois mil e vinte e ter\u00e1 validade at\u00e9 que se mande o contr\u00e1rio.<\/strong><\/p>\n<p>Pedindo a intercess\u00e3o de Nossa Senhora da Concei\u00e7\u00e3o, suplicamos b\u00ean\u00e7\u00e3os sobre todo povo de Deus.<\/p>\n<p>Dado e passado nesta episcopal cidade de Campina Grande, Para\u00edba, aos treze dias do m\u00eas de junho do ano do Senhor de dois mil e vinte, sob o selo e sinal de nossas armas e chancelaria.<\/p>\n<p><strong>Dom Dulc\u00eanio Fontes de Matos<\/strong><br \/>\n<strong>Bispo Diocesano de Campina Grande<\/strong><\/p>\n<p><em>Pascom Diocesana<\/em><\/p>\n","protected":false},"excerpt":{"rendered":"<p>Ap\u00f3s o Governo da Para\u00edba anunciar o novo plano de retomada das atividades no estado, dentre elas a reabertura de igrejas para realiza\u00e7\u00e3o dos eventos religiosos (missas e cultos) isso obedecendo as devidas novas normas sanit\u00e1rias, a Diocese de Campina Grande divulgou no in\u00edcio da tarde deste s\u00e1bado(13), o decreto das atividades religiosas com a presen\u00e7a dos fi\u00e9is cat\u00f3licos nas igrejas que comp\u00f5e a Diocese. O decreto foi divulgado nas m\u00eddias sociais da Diocese e entrar\u00e1 em vigor a partir do dia 20 de junho 2020. Confira as medidas do decreto: Reverend\u00edssimos Padres e Di\u00e1conos, religiosos e religiosas, estimados fi\u00e9is leigos da nossa Diocese, Sauda\u00e7\u00f5es e votos de sa\u00fade e paz! Tendo em vista o retorno das celebra\u00e7\u00f5es religiosas com a presen\u00e7a dos fi\u00e9is, CONSIDERANDO as orienta\u00e7\u00f5es lit\u00fargicas emanadas da CNBB no dia 21 de maio; CONSIDERANDO o Decreto n. 40.304 de 12 de junho de 2020, do Governo do Estado da Para\u00edba; CONSIDERANDO os protocolos para preserva\u00e7\u00e3o da sa\u00fade p\u00fablica, orientados pelas autoridades competentes, para evitar o cont\u00e1gio pela COVID-19;\u00a0determinamos o que segue para a Diocese de Campina Grande: Permanecem dispensados do preceito dominical os fi\u00e9is que por motivo de idade ou quest\u00f5es de sa\u00fade n\u00e3o puderem sair de suas casas. Aconselhamos vivamente a permanecerem em ora\u00e7\u00e3o atrav\u00e9s dos meios de comunica\u00e7\u00e3o e com suas fam\u00edlias. A mesma orienta\u00e7\u00e3o \u00e9 dada aos sacerdotes e di\u00e1conos que se incluem nessas situa\u00e7\u00f5es espec\u00edficas; Os ministros extraordin\u00e1rios da Sagrada Comunh\u00e3o podem levar a Eucaristia aos fi\u00e9is em suas casas, desde que n\u00e3o sejam igualmente de grupos de risco e desde que observadas todas as normas para a preserva\u00e7\u00e3o da sa\u00fade dos membros daquela fam\u00edlia; Sejam dadas as orienta\u00e7\u00f5es necess\u00e1rias antes de cada celebra\u00e7\u00e3o; Todas as Igrejas onde forem acontecer as celebra\u00e7\u00f5es devem disponibilizar para os fi\u00e9is o \u00e1lcool em gel ou l\u00edquido 70% e todos devem estar de m\u00e1scara, que s\u00f3 deve ser retirada no momento da sagrada comunh\u00e3o. Para isso, uma equipe deve orientar os fi\u00e9is na entrada da Igreja; As Igrejas devem manter as portas e janelas abertas, para que o ambiente esteja arejado e para que os fi\u00e9is n\u00e3o precisem tocar em ma\u00e7anetas ou puxadores; N\u00e3o se deve utilizar folhetos de cantos, jornais da celebra\u00e7\u00e3o ou outros materiais que sejam reutiliz\u00e1veis. Os recipientes de \u00e1gua benta na entrada das Igrejas devem estar vazios; A dist\u00e2ncia entre os fi\u00e9is seja de, no m\u00ednimo, 1,5m, inclusive entre a reduzida equipe celebrativa (ministros, liturgia, canto, ac\u00f3litos). Portanto, o n\u00famero de fi\u00e9is em cada celebra\u00e7\u00e3o ser\u00e1 reduzido e cada P\u00e1roco dever\u00e1 realizar o controle deste fluxo junto com a secretaria paroquial e as equipes pastorais. De forma geral, deve ser respeitada a capacidade de 30% orientada pelo Decreto do Governo do Estado, no entanto, onde o Munic\u00edpio dispuser de forma diferente, seja seguida a orienta\u00e7\u00e3o municipal, tendo em vista as diversas realidades sanit\u00e1rias; Sejam oferecidas, na medida do poss\u00edvel, o maior n\u00famero de celebra\u00e7\u00f5es, multiplicando os hor\u00e1rios das Missas. Onde e quando for poss\u00edvel, deve-se dar prefer\u00eancia \u00e0s celebra\u00e7\u00f5es campais, ao ar livre; Os leitores e cantores devem higienizar as m\u00e3os antes de tocar nos livros lit\u00fargicos, microfones e demais instrumentos necess\u00e1rios \u00e0 celebra\u00e7\u00e3o. As vestes lit\u00fargicas dos ministros leigos n\u00e3o devem ser usadas, tendo em vista que n\u00e3o s\u00e3o de uso pessoal; O recolhimento das ofertas ou d\u00edzimo deve ser feito pela equipe respons\u00e1vel quando os fi\u00e9is estiverem saindo da Igreja; Apenas o presidente da celebra\u00e7\u00e3o deve pegar nos vasos sagrados, que ser\u00e3o por ele mesmo purificados. O sacerdote presidente deve higienizar as m\u00e3os antes da apresenta\u00e7\u00e3o das oferendas e imediatamente antes da distribui\u00e7\u00e3o da sagrada eucaristia; As ambulas com as h\u00f3stias que ser\u00e3o consagradas devem estar tampadas; O gesto da sauda\u00e7\u00e3o da paz permanece omitido; Na prociss\u00e3o para a comunh\u00e3o, seja respeitada a mesma dist\u00e2ncia requerida entre um fiel e outro. Seja reduzido ao m\u00e1ximo o n\u00famero de ministros da sagrada comunh\u00e3o durante e distribui\u00e7\u00e3o e quando for necess\u00e1rio, que higienizem as m\u00e3os imediatamente antes da distribui\u00e7\u00e3o; A Eucaristia deve ser recebida pelos fi\u00e9is nas m\u00e3os e estes devem comungar em frente do sacerdote ou ministro, que neste momento devem estar de m\u00e1scara para a distribui\u00e7\u00e3o; A sa\u00edda da Igreja deve ser orientada e gradual para que n\u00e3o haja aglomera\u00e7\u00e3o; Ap\u00f3s a celebra\u00e7\u00e3o, a Igreja deve permanecer arejada e seja cuidadosamente higienizada; As reuni\u00f5es pastorais sejam realizadas apenas quando necess\u00e1rias, dentro dos mesmos protocolos de sa\u00fade p\u00fablica quanto \u00e0 higiene e distanciamento social; Os encontros pastorais, movimentos, forma\u00e7\u00f5es, peregrina\u00e7\u00f5es, prociss\u00f5es, romarias, retiros e afins, est\u00e3o suspensos at\u00e9 que se determine o contr\u00e1rio; Quanto ao batismo, deve-se evitar, o m\u00e1ximo poss\u00edvel, o contato f\u00edsico e sejam respeitadas as mesmas normas de higiene e distanciamento. Aconselhamos que sejam multiplicadas as celebra\u00e7\u00f5es para evitar aglomera\u00e7\u00f5es; A catequese de adultos deve acontecer conforme o n\u00famero 18; A catequese de crian\u00e7as deve ser orientada, quando poss\u00edvel de maneira remota e aconselhamos vivamente que os pais assumam de forma mais efetiva este encargo, at\u00e9 que emitamos novas orienta\u00e7\u00f5es neste sentido; Para o sacramento da confirma\u00e7\u00e3o devem ser seguidas as mesmas orienta\u00e7\u00f5es dadas para as Missas. O Bispo ir\u00e1 avaliar a conveni\u00eancia de cada caso em particular e agendar com o P\u00e1roco respons\u00e1vel, quando for vi\u00e1vel; Para o sacramento da penit\u00eancia, o confessor e o penitente devem estar de m\u00e1scara, com o distanciamento m\u00ednimo exigido, num local arejado. O mesmo distanciamento seja observado pelos que, porventura, estejam esperando para serem atendidos. O lugar utilizado pelo penitente seja higienizado antes da chegada de outra pessoa; Para o sacramento da un\u00e7\u00e3o dos enfermos, ministro e fiel devem usar m\u00e1scara. No momento da imposi\u00e7\u00e3o das m\u00e3os o contato deve ser evitado e no momento da un\u00e7\u00e3o, deve-se utilizar um algod\u00e3o, que ser\u00e1 em seguida incinerado, como de costume; Para as ordena\u00e7\u00f5es e para os matrim\u00f4nios devem ser observados os mesmos crit\u00e9rios dados para a Missa; As ex\u00e9quias devem ser celebradas observando as mesmas normas de higiene e distanciamento; As Igrejas estejam abertas mesmo quando n\u00e3o haja celebra\u00e7\u00e3o, para ora\u00e7\u00e3o pessoal dos fi\u00e9is; Nas secretarias paroquiais e outros ambientes sob nossa<\/p>\n","protected":false},"author":2,"featured_media":25352,"comment_status":"closed","ping_status":"open","sticky":false,"template":"","format":"standard","meta":{"_eb_attr":"","_jetpack_memberships_contains_paid_content":false,"footnotes":""},"categories":[12],"tags":[],"class_list":["post-25351","post","type-post","status-publish","format-standard","has-post-thumbnail","hentry","category-geral"],"yoast_head":"<!-- This site is optimized with the Yoast SEO plugin v26.5 - https:\/\/yoast.com\/wordpress\/plugins\/seo\/ -->\n<title>Diocese de Campina Grande divulga decreto sobre a retomada das atividades religiosas com a presen\u00e7a de fi\u00e9is - Not&iacute;cias em Destaque<\/title>\n<meta name=\"robots\" content=\"index, follow, max-snippet:-1, max-image-preview:large, max-video-preview:-1\" \/>\n<link rel=\"canonical\" href=\"https:\/\/noticiasemdestaque.com\/cd\/?p=25351\" \/>\n<meta property=\"og:locale\" content=\"pt_BR\" \/>\n<meta property=\"og:type\" content=\"article\" \/>\n<meta property=\"og:title\" content=\"Diocese de Campina Grande divulga decreto sobre a retomada das atividades religiosas com a presen\u00e7a de fi\u00e9is - Not&iacute;cias em Destaque\" \/>\n<meta property=\"og:description\" content=\"Ap\u00f3s o Governo da Para\u00edba anunciar o novo plano de retomada das atividades no estado, dentre elas a reabertura de igrejas para realiza\u00e7\u00e3o dos eventos religiosos (missas e cultos) isso obedecendo as devidas novas normas sanit\u00e1rias, a Diocese de Campina Grande divulgou no in\u00edcio da tarde deste s\u00e1bado(13), o decreto das atividades religiosas com a presen\u00e7a dos fi\u00e9is cat\u00f3licos nas igrejas que comp\u00f5e a Diocese. O decreto foi divulgado nas m\u00eddias sociais da Diocese e entrar\u00e1 em vigor a partir do dia 20 de junho 2020. Confira as medidas do decreto: Reverend\u00edssimos Padres e Di\u00e1conos, religiosos e religiosas, estimados fi\u00e9is leigos da nossa Diocese, Sauda\u00e7\u00f5es e votos de sa\u00fade e paz! Tendo em vista o retorno das celebra\u00e7\u00f5es religiosas com a presen\u00e7a dos fi\u00e9is, CONSIDERANDO as orienta\u00e7\u00f5es lit\u00fargicas emanadas da CNBB no dia 21 de maio; CONSIDERANDO o Decreto n. 40.304 de 12 de junho de 2020, do Governo do Estado da Para\u00edba; CONSIDERANDO os protocolos para preserva\u00e7\u00e3o da sa\u00fade p\u00fablica, orientados pelas autoridades competentes, para evitar o cont\u00e1gio pela COVID-19;\u00a0determinamos o que segue para a Diocese de Campina Grande: Permanecem dispensados do preceito dominical os fi\u00e9is que por motivo de idade ou quest\u00f5es de sa\u00fade n\u00e3o puderem sair de suas casas. Aconselhamos vivamente a permanecerem em ora\u00e7\u00e3o atrav\u00e9s dos meios de comunica\u00e7\u00e3o e com suas fam\u00edlias. A mesma orienta\u00e7\u00e3o \u00e9 dada aos sacerdotes e di\u00e1conos que se incluem nessas situa\u00e7\u00f5es espec\u00edficas; Os ministros extraordin\u00e1rios da Sagrada Comunh\u00e3o podem levar a Eucaristia aos fi\u00e9is em suas casas, desde que n\u00e3o sejam igualmente de grupos de risco e desde que observadas todas as normas para a preserva\u00e7\u00e3o da sa\u00fade dos membros daquela fam\u00edlia; Sejam dadas as orienta\u00e7\u00f5es necess\u00e1rias antes de cada celebra\u00e7\u00e3o; Todas as Igrejas onde forem acontecer as celebra\u00e7\u00f5es devem disponibilizar para os fi\u00e9is o \u00e1lcool em gel ou l\u00edquido 70% e todos devem estar de m\u00e1scara, que s\u00f3 deve ser retirada no momento da sagrada comunh\u00e3o. Para isso, uma equipe deve orientar os fi\u00e9is na entrada da Igreja; As Igrejas devem manter as portas e janelas abertas, para que o ambiente esteja arejado e para que os fi\u00e9is n\u00e3o precisem tocar em ma\u00e7anetas ou puxadores; N\u00e3o se deve utilizar folhetos de cantos, jornais da celebra\u00e7\u00e3o ou outros materiais que sejam reutiliz\u00e1veis. Os recipientes de \u00e1gua benta na entrada das Igrejas devem estar vazios; A dist\u00e2ncia entre os fi\u00e9is seja de, no m\u00ednimo, 1,5m, inclusive entre a reduzida equipe celebrativa (ministros, liturgia, canto, ac\u00f3litos). Portanto, o n\u00famero de fi\u00e9is em cada celebra\u00e7\u00e3o ser\u00e1 reduzido e cada P\u00e1roco dever\u00e1 realizar o controle deste fluxo junto com a secretaria paroquial e as equipes pastorais. De forma geral, deve ser respeitada a capacidade de 30% orientada pelo Decreto do Governo do Estado, no entanto, onde o Munic\u00edpio dispuser de forma diferente, seja seguida a orienta\u00e7\u00e3o municipal, tendo em vista as diversas realidades sanit\u00e1rias; Sejam oferecidas, na medida do poss\u00edvel, o maior n\u00famero de celebra\u00e7\u00f5es, multiplicando os hor\u00e1rios das Missas. Onde e quando for poss\u00edvel, deve-se dar prefer\u00eancia \u00e0s celebra\u00e7\u00f5es campais, ao ar livre; Os leitores e cantores devem higienizar as m\u00e3os antes de tocar nos livros lit\u00fargicos, microfones e demais instrumentos necess\u00e1rios \u00e0 celebra\u00e7\u00e3o. As vestes lit\u00fargicas dos ministros leigos n\u00e3o devem ser usadas, tendo em vista que n\u00e3o s\u00e3o de uso pessoal; O recolhimento das ofertas ou d\u00edzimo deve ser feito pela equipe respons\u00e1vel quando os fi\u00e9is estiverem saindo da Igreja; Apenas o presidente da celebra\u00e7\u00e3o deve pegar nos vasos sagrados, que ser\u00e3o por ele mesmo purificados. O sacerdote presidente deve higienizar as m\u00e3os antes da apresenta\u00e7\u00e3o das oferendas e imediatamente antes da distribui\u00e7\u00e3o da sagrada eucaristia; As ambulas com as h\u00f3stias que ser\u00e3o consagradas devem estar tampadas; O gesto da sauda\u00e7\u00e3o da paz permanece omitido; Na prociss\u00e3o para a comunh\u00e3o, seja respeitada a mesma dist\u00e2ncia requerida entre um fiel e outro. Seja reduzido ao m\u00e1ximo o n\u00famero de ministros da sagrada comunh\u00e3o durante e distribui\u00e7\u00e3o e quando for necess\u00e1rio, que higienizem as m\u00e3os imediatamente antes da distribui\u00e7\u00e3o; A Eucaristia deve ser recebida pelos fi\u00e9is nas m\u00e3os e estes devem comungar em frente do sacerdote ou ministro, que neste momento devem estar de m\u00e1scara para a distribui\u00e7\u00e3o; A sa\u00edda da Igreja deve ser orientada e gradual para que n\u00e3o haja aglomera\u00e7\u00e3o; Ap\u00f3s a celebra\u00e7\u00e3o, a Igreja deve permanecer arejada e seja cuidadosamente higienizada; As reuni\u00f5es pastorais sejam realizadas apenas quando necess\u00e1rias, dentro dos mesmos protocolos de sa\u00fade p\u00fablica quanto \u00e0 higiene e distanciamento social; Os encontros pastorais, movimentos, forma\u00e7\u00f5es, peregrina\u00e7\u00f5es, prociss\u00f5es, romarias, retiros e afins, est\u00e3o suspensos at\u00e9 que se determine o contr\u00e1rio; Quanto ao batismo, deve-se evitar, o m\u00e1ximo poss\u00edvel, o contato f\u00edsico e sejam respeitadas as mesmas normas de higiene e distanciamento. Aconselhamos que sejam multiplicadas as celebra\u00e7\u00f5es para evitar aglomera\u00e7\u00f5es; A catequese de adultos deve acontecer conforme o n\u00famero 18; A catequese de crian\u00e7as deve ser orientada, quando poss\u00edvel de maneira remota e aconselhamos vivamente que os pais assumam de forma mais efetiva este encargo, at\u00e9 que emitamos novas orienta\u00e7\u00f5es neste sentido; Para o sacramento da confirma\u00e7\u00e3o devem ser seguidas as mesmas orienta\u00e7\u00f5es dadas para as Missas. O Bispo ir\u00e1 avaliar a conveni\u00eancia de cada caso em particular e agendar com o P\u00e1roco respons\u00e1vel, quando for vi\u00e1vel; Para o sacramento da penit\u00eancia, o confessor e o penitente devem estar de m\u00e1scara, com o distanciamento m\u00ednimo exigido, num local arejado. O mesmo distanciamento seja observado pelos que, porventura, estejam esperando para serem atendidos. O lugar utilizado pelo penitente seja higienizado antes da chegada de outra pessoa; Para o sacramento da un\u00e7\u00e3o dos enfermos, ministro e fiel devem usar m\u00e1scara. No momento da imposi\u00e7\u00e3o das m\u00e3os o contato deve ser evitado e no momento da un\u00e7\u00e3o, deve-se utilizar um algod\u00e3o, que ser\u00e1 em seguida incinerado, como de costume; Para as ordena\u00e7\u00f5es e para os matrim\u00f4nios devem ser observados os mesmos crit\u00e9rios dados para a Missa; As ex\u00e9quias devem ser celebradas observando as mesmas normas de higiene e distanciamento; As Igrejas estejam abertas mesmo quando n\u00e3o haja celebra\u00e7\u00e3o, para ora\u00e7\u00e3o pessoal dos fi\u00e9is; Nas secretarias paroquiais e outros ambientes sob nossa\" \/>\n<meta property=\"og:url\" content=\"https:\/\/noticiasemdestaque.com\/cd\/?p=25351\" \/>\n<meta property=\"og:site_name\" content=\"Not&iacute;cias em Destaque\" \/>\n<meta property=\"article:published_time\" content=\"2020-06-15T12:01:06+00:00\" \/>\n<meta property=\"og:image\" content=\"https:\/\/noticiasemdestaque.com\/cd\/wp-content\/uploads\/2020\/06\/dom-dulc\u00eanio-768x576.jpeg\" \/>\n\t<meta property=\"og:image:width\" content=\"768\" \/>\n\t<meta property=\"og:image:height\" content=\"576\" \/>\n\t<meta property=\"og:image:type\" content=\"image\/jpeg\" \/>\n<meta name=\"author\" content=\"Not\u00edcias em Destaque\" \/>\n<meta name=\"twitter:card\" content=\"summary_large_image\" \/>\n<meta name=\"twitter:label1\" content=\"Escrito por\" \/>\n\t<meta name=\"twitter:data1\" content=\"Not\u00edcias em Destaque\" \/>\n\t<meta name=\"twitter:label2\" content=\"Est. tempo de leitura\" \/>\n\t<meta name=\"twitter:data2\" content=\"6 minutos\" \/>\n<script type=\"application\/ld+json\" class=\"yoast-schema-graph\">{\"@context\":\"https:\/\/schema.org\",\"@graph\":[{\"@type\":\"Article\",\"@id\":\"https:\/\/noticiasemdestaque.com\/cd\/?p=25351#article\",\"isPartOf\":{\"@id\":\"https:\/\/noticiasemdestaque.com\/cd\/?p=25351\"},\"author\":{\"name\":\"Not\u00edcias em Destaque\",\"@id\":\"https:\/\/noticiasemdestaque.com\/cd\/#\/schema\/person\/21320b03a7e8bb90128938dafc9b908a\"},\"headline\":\"Diocese de Campina Grande divulga decreto sobre a retomada das atividades religiosas com a presen\u00e7a de fi\u00e9is\",\"datePublished\":\"2020-06-15T12:01:06+00:00\",\"mainEntityOfPage\":{\"@id\":\"https:\/\/noticiasemdestaque.com\/cd\/?p=25351\"},\"wordCount\":1287,\"publisher\":{\"@id\":\"https:\/\/noticiasemdestaque.com\/cd\/#organization\"},\"image\":{\"@id\":\"https:\/\/noticiasemdestaque.com\/cd\/?p=25351#primaryimage\"},\"thumbnailUrl\":\"https:\/\/noticiasemdestaque.com\/cd\/wp-content\/uploads\/2020\/06\/dom-dulc\u00eanio-768x576.jpeg\",\"articleSection\":[\"Geral\"],\"inLanguage\":\"pt-BR\"},{\"@type\":\"WebPage\",\"@id\":\"https:\/\/noticiasemdestaque.com\/cd\/?p=25351\",\"url\":\"https:\/\/noticiasemdestaque.com\/cd\/?p=25351\",\"name\":\"Diocese de Campina Grande divulga decreto sobre a retomada das atividades religiosas com a presen\u00e7a de fi\u00e9is - Not&iacute;cias em Destaque\",\"isPartOf\":{\"@id\":\"https:\/\/noticiasemdestaque.com\/cd\/#website\"},\"primaryImageOfPage\":{\"@id\":\"https:\/\/noticiasemdestaque.com\/cd\/?p=25351#primaryimage\"},\"image\":{\"@id\":\"https:\/\/noticiasemdestaque.com\/cd\/?p=25351#primaryimage\"},\"thumbnailUrl\":\"https:\/\/noticiasemdestaque.com\/cd\/wp-content\/uploads\/2020\/06\/dom-dulc\u00eanio-768x576.jpeg\",\"datePublished\":\"2020-06-15T12:01:06+00:00\",\"breadcrumb\":{\"@id\":\"https:\/\/noticiasemdestaque.com\/cd\/?p=25351#breadcrumb\"},\"inLanguage\":\"pt-BR\",\"potentialAction\":[{\"@type\":\"ReadAction\",\"target\":[\"https:\/\/noticiasemdestaque.com\/cd\/?p=25351\"]}]},{\"@type\":\"ImageObject\",\"inLanguage\":\"pt-BR\",\"@id\":\"https:\/\/noticiasemdestaque.com\/cd\/?p=25351#primaryimage\",\"url\":\"https:\/\/noticiasemdestaque.com\/cd\/wp-content\/uploads\/2020\/06\/dom-dulc\u00eanio-768x576.jpeg\",\"contentUrl\":\"https:\/\/noticiasemdestaque.com\/cd\/wp-content\/uploads\/2020\/06\/dom-dulc\u00eanio-768x576.jpeg\",\"width\":768,\"height\":576},{\"@type\":\"BreadcrumbList\",\"@id\":\"https:\/\/noticiasemdestaque.com\/cd\/?p=25351#breadcrumb\",\"itemListElement\":[{\"@type\":\"ListItem\",\"position\":1,\"name\":\"In\u00edcio\",\"item\":\"https:\/\/noticiasemdestaque.com\/cd\/\"},{\"@type\":\"ListItem\",\"position\":2,\"name\":\"Diocese de Campina Grande divulga decreto sobre a retomada das atividades religiosas com a presen\u00e7a de fi\u00e9is\"}]},{\"@type\":\"WebSite\",\"@id\":\"https:\/\/noticiasemdestaque.com\/cd\/#website\",\"url\":\"https:\/\/noticiasemdestaque.com\/cd\/\",\"name\":\"Not&iacute;cias em Destaque\",\"description\":\"\",\"publisher\":{\"@id\":\"https:\/\/noticiasemdestaque.com\/cd\/#organization\"},\"potentialAction\":[{\"@type\":\"SearchAction\",\"target\":{\"@type\":\"EntryPoint\",\"urlTemplate\":\"https:\/\/noticiasemdestaque.com\/cd\/?s={search_term_string}\"},\"query-input\":{\"@type\":\"PropertyValueSpecification\",\"valueRequired\":true,\"valueName\":\"search_term_string\"}}],\"inLanguage\":\"pt-BR\"},{\"@type\":\"Organization\",\"@id\":\"https:\/\/noticiasemdestaque.com\/cd\/#organization\",\"name\":\"Not\u00edcias em Destaque\",\"url\":\"https:\/\/noticiasemdestaque.com\/cd\/\",\"logo\":{\"@type\":\"ImageObject\",\"inLanguage\":\"pt-BR\",\"@id\":\"https:\/\/noticiasemdestaque.com\/cd\/#\/schema\/logo\/image\/\",\"url\":\"https:\/\/noticiasemdestaque.com\/cd\/wp-content\/uploads\/2022\/05\/imagem-base-noticiasemdestaque.png\",\"contentUrl\":\"https:\/\/noticiasemdestaque.com\/cd\/wp-content\/uploads\/2022\/05\/imagem-base-noticiasemdestaque.png\",\"width\":1200,\"height\":630,\"caption\":\"Not\u00edcias em Destaque\"},\"image\":{\"@id\":\"https:\/\/noticiasemdestaque.com\/cd\/#\/schema\/logo\/image\/\"}},{\"@type\":\"Person\",\"@id\":\"https:\/\/noticiasemdestaque.com\/cd\/#\/schema\/person\/21320b03a7e8bb90128938dafc9b908a\",\"name\":\"Not\u00edcias em Destaque\",\"url\":\"https:\/\/noticiasemdestaque.com\/cd\/?author=2\"}]}<\/script>\n<!-- \/ Yoast SEO plugin. -->","yoast_head_json":{"title":"Diocese de Campina Grande divulga decreto sobre a retomada das atividades religiosas com a presen\u00e7a de fi\u00e9is - Not&iacute;cias em Destaque","robots":{"index":"index","follow":"follow","max-snippet":"max-snippet:-1","max-image-preview":"max-image-preview:large","max-video-preview":"max-video-preview:-1"},"canonical":"https:\/\/noticiasemdestaque.com\/cd\/?p=25351","og_locale":"pt_BR","og_type":"article","og_title":"Diocese de Campina Grande divulga decreto sobre a retomada das atividades religiosas com a presen\u00e7a de fi\u00e9is - Not&iacute;cias em Destaque","og_description":"Ap\u00f3s o Governo da Para\u00edba anunciar o novo plano de retomada das atividades no estado, dentre elas a reabertura de igrejas para realiza\u00e7\u00e3o dos eventos religiosos (missas e cultos) isso obedecendo as devidas novas normas sanit\u00e1rias, a Diocese de Campina Grande divulgou no in\u00edcio da tarde deste s\u00e1bado(13), o decreto das atividades religiosas com a presen\u00e7a dos fi\u00e9is cat\u00f3licos nas igrejas que comp\u00f5e a Diocese. O decreto foi divulgado nas m\u00eddias sociais da Diocese e entrar\u00e1 em vigor a partir do dia 20 de junho 2020. Confira as medidas do decreto: Reverend\u00edssimos Padres e Di\u00e1conos, religiosos e religiosas, estimados fi\u00e9is leigos da nossa Diocese, Sauda\u00e7\u00f5es e votos de sa\u00fade e paz! Tendo em vista o retorno das celebra\u00e7\u00f5es religiosas com a presen\u00e7a dos fi\u00e9is, CONSIDERANDO as orienta\u00e7\u00f5es lit\u00fargicas emanadas da CNBB no dia 21 de maio; CONSIDERANDO o Decreto n. 40.304 de 12 de junho de 2020, do Governo do Estado da Para\u00edba; CONSIDERANDO os protocolos para preserva\u00e7\u00e3o da sa\u00fade p\u00fablica, orientados pelas autoridades competentes, para evitar o cont\u00e1gio pela COVID-19;\u00a0determinamos o que segue para a Diocese de Campina Grande: Permanecem dispensados do preceito dominical os fi\u00e9is que por motivo de idade ou quest\u00f5es de sa\u00fade n\u00e3o puderem sair de suas casas. Aconselhamos vivamente a permanecerem em ora\u00e7\u00e3o atrav\u00e9s dos meios de comunica\u00e7\u00e3o e com suas fam\u00edlias. A mesma orienta\u00e7\u00e3o \u00e9 dada aos sacerdotes e di\u00e1conos que se incluem nessas situa\u00e7\u00f5es espec\u00edficas; Os ministros extraordin\u00e1rios da Sagrada Comunh\u00e3o podem levar a Eucaristia aos fi\u00e9is em suas casas, desde que n\u00e3o sejam igualmente de grupos de risco e desde que observadas todas as normas para a preserva\u00e7\u00e3o da sa\u00fade dos membros daquela fam\u00edlia; Sejam dadas as orienta\u00e7\u00f5es necess\u00e1rias antes de cada celebra\u00e7\u00e3o; Todas as Igrejas onde forem acontecer as celebra\u00e7\u00f5es devem disponibilizar para os fi\u00e9is o \u00e1lcool em gel ou l\u00edquido 70% e todos devem estar de m\u00e1scara, que s\u00f3 deve ser retirada no momento da sagrada comunh\u00e3o. Para isso, uma equipe deve orientar os fi\u00e9is na entrada da Igreja; As Igrejas devem manter as portas e janelas abertas, para que o ambiente esteja arejado e para que os fi\u00e9is n\u00e3o precisem tocar em ma\u00e7anetas ou puxadores; N\u00e3o se deve utilizar folhetos de cantos, jornais da celebra\u00e7\u00e3o ou outros materiais que sejam reutiliz\u00e1veis. Os recipientes de \u00e1gua benta na entrada das Igrejas devem estar vazios; A dist\u00e2ncia entre os fi\u00e9is seja de, no m\u00ednimo, 1,5m, inclusive entre a reduzida equipe celebrativa (ministros, liturgia, canto, ac\u00f3litos). Portanto, o n\u00famero de fi\u00e9is em cada celebra\u00e7\u00e3o ser\u00e1 reduzido e cada P\u00e1roco dever\u00e1 realizar o controle deste fluxo junto com a secretaria paroquial e as equipes pastorais. De forma geral, deve ser respeitada a capacidade de 30% orientada pelo Decreto do Governo do Estado, no entanto, onde o Munic\u00edpio dispuser de forma diferente, seja seguida a orienta\u00e7\u00e3o municipal, tendo em vista as diversas realidades sanit\u00e1rias; Sejam oferecidas, na medida do poss\u00edvel, o maior n\u00famero de celebra\u00e7\u00f5es, multiplicando os hor\u00e1rios das Missas. Onde e quando for poss\u00edvel, deve-se dar prefer\u00eancia \u00e0s celebra\u00e7\u00f5es campais, ao ar livre; Os leitores e cantores devem higienizar as m\u00e3os antes de tocar nos livros lit\u00fargicos, microfones e demais instrumentos necess\u00e1rios \u00e0 celebra\u00e7\u00e3o. As vestes lit\u00fargicas dos ministros leigos n\u00e3o devem ser usadas, tendo em vista que n\u00e3o s\u00e3o de uso pessoal; O recolhimento das ofertas ou d\u00edzimo deve ser feito pela equipe respons\u00e1vel quando os fi\u00e9is estiverem saindo da Igreja; Apenas o presidente da celebra\u00e7\u00e3o deve pegar nos vasos sagrados, que ser\u00e3o por ele mesmo purificados. O sacerdote presidente deve higienizar as m\u00e3os antes da apresenta\u00e7\u00e3o das oferendas e imediatamente antes da distribui\u00e7\u00e3o da sagrada eucaristia; As ambulas com as h\u00f3stias que ser\u00e3o consagradas devem estar tampadas; O gesto da sauda\u00e7\u00e3o da paz permanece omitido; Na prociss\u00e3o para a comunh\u00e3o, seja respeitada a mesma dist\u00e2ncia requerida entre um fiel e outro. Seja reduzido ao m\u00e1ximo o n\u00famero de ministros da sagrada comunh\u00e3o durante e distribui\u00e7\u00e3o e quando for necess\u00e1rio, que higienizem as m\u00e3os imediatamente antes da distribui\u00e7\u00e3o; A Eucaristia deve ser recebida pelos fi\u00e9is nas m\u00e3os e estes devem comungar em frente do sacerdote ou ministro, que neste momento devem estar de m\u00e1scara para a distribui\u00e7\u00e3o; A sa\u00edda da Igreja deve ser orientada e gradual para que n\u00e3o haja aglomera\u00e7\u00e3o; Ap\u00f3s a celebra\u00e7\u00e3o, a Igreja deve permanecer arejada e seja cuidadosamente higienizada; As reuni\u00f5es pastorais sejam realizadas apenas quando necess\u00e1rias, dentro dos mesmos protocolos de sa\u00fade p\u00fablica quanto \u00e0 higiene e distanciamento social; Os encontros pastorais, movimentos, forma\u00e7\u00f5es, peregrina\u00e7\u00f5es, prociss\u00f5es, romarias, retiros e afins, est\u00e3o suspensos at\u00e9 que se determine o contr\u00e1rio; Quanto ao batismo, deve-se evitar, o m\u00e1ximo poss\u00edvel, o contato f\u00edsico e sejam respeitadas as mesmas normas de higiene e distanciamento. Aconselhamos que sejam multiplicadas as celebra\u00e7\u00f5es para evitar aglomera\u00e7\u00f5es; A catequese de adultos deve acontecer conforme o n\u00famero 18; A catequese de crian\u00e7as deve ser orientada, quando poss\u00edvel de maneira remota e aconselhamos vivamente que os pais assumam de forma mais efetiva este encargo, at\u00e9 que emitamos novas orienta\u00e7\u00f5es neste sentido; Para o sacramento da confirma\u00e7\u00e3o devem ser seguidas as mesmas orienta\u00e7\u00f5es dadas para as Missas. O Bispo ir\u00e1 avaliar a conveni\u00eancia de cada caso em particular e agendar com o P\u00e1roco respons\u00e1vel, quando for vi\u00e1vel; Para o sacramento da penit\u00eancia, o confessor e o penitente devem estar de m\u00e1scara, com o distanciamento m\u00ednimo exigido, num local arejado. O mesmo distanciamento seja observado pelos que, porventura, estejam esperando para serem atendidos. O lugar utilizado pelo penitente seja higienizado antes da chegada de outra pessoa; Para o sacramento da un\u00e7\u00e3o dos enfermos, ministro e fiel devem usar m\u00e1scara. No momento da imposi\u00e7\u00e3o das m\u00e3os o contato deve ser evitado e no momento da un\u00e7\u00e3o, deve-se utilizar um algod\u00e3o, que ser\u00e1 em seguida incinerado, como de costume; Para as ordena\u00e7\u00f5es e para os matrim\u00f4nios devem ser observados os mesmos crit\u00e9rios dados para a Missa; As ex\u00e9quias devem ser celebradas observando as mesmas normas de higiene e distanciamento; As Igrejas estejam abertas mesmo quando n\u00e3o haja celebra\u00e7\u00e3o, para ora\u00e7\u00e3o pessoal dos fi\u00e9is; Nas secretarias paroquiais e outros ambientes sob nossa","og_url":"https:\/\/noticiasemdestaque.com\/cd\/?p=25351","og_site_name":"Not&iacute;cias em Destaque","article_published_time":"2020-06-15T12:01:06+00:00","og_image":[{"width":768,"height":576,"url":"https:\/\/noticiasemdestaque.com\/cd\/wp-content\/uploads\/2020\/06\/dom-dulc\u00eanio-768x576.jpeg","type":"image\/jpeg"}],"author":"Not\u00edcias em Destaque","twitter_card":"summary_large_image","twitter_misc":{"Escrito por":"Not\u00edcias em Destaque","Est. tempo de leitura":"6 minutos"},"schema":{"@context":"https:\/\/schema.org","@graph":[{"@type":"Article","@id":"https:\/\/noticiasemdestaque.com\/cd\/?p=25351#article","isPartOf":{"@id":"https:\/\/noticiasemdestaque.com\/cd\/?p=25351"},"author":{"name":"Not\u00edcias em Destaque","@id":"https:\/\/noticiasemdestaque.com\/cd\/#\/schema\/person\/21320b03a7e8bb90128938dafc9b908a"},"headline":"Diocese de Campina Grande divulga decreto sobre a retomada das atividades religiosas com a presen\u00e7a de fi\u00e9is","datePublished":"2020-06-15T12:01:06+00:00","mainEntityOfPage":{"@id":"https:\/\/noticiasemdestaque.com\/cd\/?p=25351"},"wordCount":1287,"publisher":{"@id":"https:\/\/noticiasemdestaque.com\/cd\/#organization"},"image":{"@id":"https:\/\/noticiasemdestaque.com\/cd\/?p=25351#primaryimage"},"thumbnailUrl":"https:\/\/noticiasemdestaque.com\/cd\/wp-content\/uploads\/2020\/06\/dom-dulc\u00eanio-768x576.jpeg","articleSection":["Geral"],"inLanguage":"pt-BR"},{"@type":"WebPage","@id":"https:\/\/noticiasemdestaque.com\/cd\/?p=25351","url":"https:\/\/noticiasemdestaque.com\/cd\/?p=25351","name":"Diocese de Campina Grande divulga decreto sobre a retomada das atividades religiosas com a presen\u00e7a de fi\u00e9is - Not&iacute;cias em Destaque","isPartOf":{"@id":"https:\/\/noticiasemdestaque.com\/cd\/#website"},"primaryImageOfPage":{"@id":"https:\/\/noticiasemdestaque.com\/cd\/?p=25351#primaryimage"},"image":{"@id":"https:\/\/noticiasemdestaque.com\/cd\/?p=25351#primaryimage"},"thumbnailUrl":"https:\/\/noticiasemdestaque.com\/cd\/wp-content\/uploads\/2020\/06\/dom-dulc\u00eanio-768x576.jpeg","datePublished":"2020-06-15T12:01:06+00:00","breadcrumb":{"@id":"https:\/\/noticiasemdestaque.com\/cd\/?p=25351#breadcrumb"},"inLanguage":"pt-BR","potentialAction":[{"@type":"ReadAction","target":["https:\/\/noticiasemdestaque.com\/cd\/?p=25351"]}]},{"@type":"ImageObject","inLanguage":"pt-BR","@id":"https:\/\/noticiasemdestaque.com\/cd\/?p=25351#primaryimage","url":"https:\/\/noticiasemdestaque.com\/cd\/wp-content\/uploads\/2020\/06\/dom-dulc\u00eanio-768x576.jpeg","contentUrl":"https:\/\/noticiasemdestaque.com\/cd\/wp-content\/uploads\/2020\/06\/dom-dulc\u00eanio-768x576.jpeg","width":768,"height":576},{"@type":"BreadcrumbList","@id":"https:\/\/noticiasemdestaque.com\/cd\/?p=25351#breadcrumb","itemListElement":[{"@type":"ListItem","position":1,"name":"In\u00edcio","item":"https:\/\/noticiasemdestaque.com\/cd\/"},{"@type":"ListItem","position":2,"name":"Diocese de Campina Grande divulga decreto sobre a retomada das atividades religiosas com a presen\u00e7a de fi\u00e9is"}]},{"@type":"WebSite","@id":"https:\/\/noticiasemdestaque.com\/cd\/#website","url":"https:\/\/noticiasemdestaque.com\/cd\/","name":"Not&iacute;cias em Destaque","description":"","publisher":{"@id":"https:\/\/noticiasemdestaque.com\/cd\/#organization"},"potentialAction":[{"@type":"SearchAction","target":{"@type":"EntryPoint","urlTemplate":"https:\/\/noticiasemdestaque.com\/cd\/?s={search_term_string}"},"query-input":{"@type":"PropertyValueSpecification","valueRequired":true,"valueName":"search_term_string"}}],"inLanguage":"pt-BR"},{"@type":"Organization","@id":"https:\/\/noticiasemdestaque.com\/cd\/#organization","name":"Not\u00edcias em Destaque","url":"https:\/\/noticiasemdestaque.com\/cd\/","logo":{"@type":"ImageObject","inLanguage":"pt-BR","@id":"https:\/\/noticiasemdestaque.com\/cd\/#\/schema\/logo\/image\/","url":"https:\/\/noticiasemdestaque.com\/cd\/wp-content\/uploads\/2022\/05\/imagem-base-noticiasemdestaque.png","contentUrl":"https:\/\/noticiasemdestaque.com\/cd\/wp-content\/uploads\/2022\/05\/imagem-base-noticiasemdestaque.png","width":1200,"height":630,"caption":"Not\u00edcias em Destaque"},"image":{"@id":"https:\/\/noticiasemdestaque.com\/cd\/#\/schema\/logo\/image\/"}},{"@type":"Person","@id":"https:\/\/noticiasemdestaque.com\/cd\/#\/schema\/person\/21320b03a7e8bb90128938dafc9b908a","name":"Not\u00edcias em Destaque","url":"https:\/\/noticiasemdestaque.com\/cd\/?author=2"}]}},"jetpack_featured_media_url":"https:\/\/noticiasemdestaque.com\/cd\/wp-content\/uploads\/2020\/06\/dom-dulc\u00eanio-768x576.jpeg","jetpack_sharing_enabled":true,"_links":{"self":[{"href":"https:\/\/noticiasemdestaque.com\/cd\/index.php?rest_route=\/wp\/v2\/posts\/25351","targetHints":{"allow":["GET"]}}],"collection":[{"href":"https:\/\/noticiasemdestaque.com\/cd\/index.php?rest_route=\/wp\/v2\/posts"}],"about":[{"href":"https:\/\/noticiasemdestaque.com\/cd\/index.php?rest_route=\/wp\/v2\/types\/post"}],"author":[{"embeddable":true,"href":"https:\/\/noticiasemdestaque.com\/cd\/index.php?rest_route=\/wp\/v2\/users\/2"}],"replies":[{"embeddable":true,"href":"https:\/\/noticiasemdestaque.com\/cd\/index.php?rest_route=%2Fwp%2Fv2%2Fcomments&post=25351"}],"version-history":[{"count":1,"href":"https:\/\/noticiasemdestaque.com\/cd\/index.php?rest_route=\/wp\/v2\/posts\/25351\/revisions"}],"predecessor-version":[{"id":25353,"href":"https:\/\/noticiasemdestaque.com\/cd\/index.php?rest_route=\/wp\/v2\/posts\/25351\/revisions\/25353"}],"wp:featuredmedia":[{"embeddable":true,"href":"https:\/\/noticiasemdestaque.com\/cd\/index.php?rest_route=\/wp\/v2\/media\/25352"}],"wp:attachment":[{"href":"https:\/\/noticiasemdestaque.com\/cd\/index.php?rest_route=%2Fwp%2Fv2%2Fmedia&parent=25351"}],"wp:term":[{"taxonomy":"category","embeddable":true,"href":"https:\/\/noticiasemdestaque.com\/cd\/index.php?rest_route=%2Fwp%2Fv2%2Fcategories&post=25351"},{"taxonomy":"post_tag","embeddable":true,"href":"https:\/\/noticiasemdestaque.com\/cd\/index.php?rest_route=%2Fwp%2Fv2%2Ftags&post=25351"}],"curies":[{"name":"wp","href":"https:\/\/api.w.org\/{rel}","templated":true}]}}