{"id":25343,"date":"2020-06-14T21:23:14","date_gmt":"2020-06-15T00:23:14","guid":{"rendered":"http:\/\/noticiasemdestaque.com\/cd\/?p=25343"},"modified":"2020-06-14T21:23:14","modified_gmt":"2020-06-15T00:23:14","slug":"prefeitos-conseguem-reverter-e-seguro-safra-sera-pago-a-agricultores-em-21-municipios","status":"publish","type":"post","link":"https:\/\/noticiasemdestaque.com\/cd\/?p=25343","title":{"rendered":"Prefeitos conseguem reverter e Seguro Safra ser\u00e1 pago a agricultores em 21 munic\u00edpios"},"content":{"rendered":"<p><a href=\"https:\/\/noticiasemdestaque.com\/cd\/wp-content\/uploads\/2017\/08\/garantiasafra.jpg\"><img fetchpriority=\"high\" decoding=\"async\" class=\"wp-image-3783 aligncenter\" src=\"https:\/\/noticiasemdestaque.com\/cd\/wp-content\/uploads\/2017\/08\/garantiasafra-1024x678.jpg\" alt=\"\" width=\"570\" height=\"378\" srcset=\"https:\/\/noticiasemdestaque.com\/cd\/wp-content\/uploads\/2017\/08\/garantiasafra-1024x678.jpg 1024w, https:\/\/noticiasemdestaque.com\/cd\/wp-content\/uploads\/2017\/08\/garantiasafra-300x199.jpg 300w, https:\/\/noticiasemdestaque.com\/cd\/wp-content\/uploads\/2017\/08\/garantiasafra-768x508.jpg 768w, https:\/\/noticiasemdestaque.com\/cd\/wp-content\/uploads\/2017\/08\/garantiasafra.jpg 1600w\" sizes=\"(max-width: 570px) 100vw, 570px\" \/><\/a><\/p>\n<p>Agricultores de 21 munic\u00edpios da Para\u00edba foram contemplados, em junho, com o pagamento do Garantia-Safra. Ao todo, 82.677 agricultores de 102 munic\u00edpios de Alagoas, Bahia, Cear\u00e1, Maranh\u00e3o, Minas Gerais, Para\u00edba, Pernambuco e Rio Grande do Norte foram beneficiados com a medida do Governo Federal, que visa atenuar os efeitos da pandemia do novo coronav\u00edrus.<\/p>\n<p>Na Para\u00edba, os recursos chegam a agricultores dos munic\u00edpios de <strong>Congo<\/strong>, Olho d\u2019\u00c1gua, Paulista, Po\u00e7o Dantas, <strong>Santo Andr\u00e9<\/strong>, <strong>S\u00e3o Jo\u00e3o do Tigre<\/strong>, Alagoa Nova, Alcantil, Barra de S\u00e3o Miguel, Boqueir\u00e3o, Campina Grande, Fagundes, Gurinh\u00e9m, Itabaiana, Lagoa Seca, Montadas, Nova Palmeira, Puxinan\u00e3, Rem\u00edgio, Salgado de S\u00e3o F\u00e9lix e Sol\u00e2nea.<\/p>\n<p>O repasse ser\u00e1 feito em parcela \u00fanica de R$ 850,00 em decorr\u00eancia do estado de calamidade p\u00fablica e as medidas de enfrentamento da propaga\u00e7\u00e3o da pandemia do coronav\u00edrus.<\/p>\n","protected":false},"excerpt":{"rendered":"<p>Agricultores de 21 munic\u00edpios da Para\u00edba foram contemplados, em junho, com o pagamento do Garantia-Safra. Ao todo, 82.677 agricultores de 102 munic\u00edpios de Alagoas, Bahia, Cear\u00e1, Maranh\u00e3o, Minas Gerais, Para\u00edba, Pernambuco e Rio Grande do Norte foram beneficiados com a medida do Governo Federal, que visa atenuar os efeitos da pandemia do novo coronav\u00edrus. Na Para\u00edba, os recursos chegam a agricultores dos munic\u00edpios de Congo, Olho d\u2019\u00c1gua, Paulista, Po\u00e7o Dantas, Santo Andr\u00e9, S\u00e3o Jo\u00e3o do Tigre, Alagoa Nova, Alcantil, Barra de S\u00e3o Miguel, Boqueir\u00e3o, Campina Grande, Fagundes, Gurinh\u00e9m, Itabaiana, Lagoa Seca, Montadas, Nova Palmeira, Puxinan\u00e3, Rem\u00edgio, Salgado de S\u00e3o F\u00e9lix e Sol\u00e2nea. O repasse ser\u00e1 feito em parcela \u00fanica de R$ 850,00 em decorr\u00eancia do estado de calamidade p\u00fablica e as medidas de enfrentamento da propaga\u00e7\u00e3o da pandemia do coronav\u00edrus.<\/p>\n","protected":false},"author":2,"featured_media":3783,"comment_status":"closed","ping_status":"open","sticky":false,"template":"","format":"standard","meta":{"_eb_attr":"","_jetpack_memberships_contains_paid_content":false,"footnotes":""},"categories":[12],"tags":[],"class_list":["post-25343","post","type-post","status-publish","format-standard","has-post-thumbnail","hentry","category-geral"],"yoast_head":"<!-- This site is optimized with the Yoast SEO plugin v26.5 - https:\/\/yoast.com\/wordpress\/plugins\/seo\/ -->\n<title>Prefeitos conseguem reverter e Seguro Safra ser\u00e1 pago a agricultores em 21 munic\u00edpios - Not&iacute;cias em Destaque<\/title>\n<meta name=\"robots\" content=\"index, follow, max-snippet:-1, max-image-preview:large, max-video-preview:-1\" \/>\n<link rel=\"canonical\" href=\"https:\/\/noticiasemdestaque.com\/cd\/?p=25343\" \/>\n<meta property=\"og:locale\" content=\"pt_BR\" \/>\n<meta property=\"og:type\" content=\"article\" \/>\n<meta property=\"og:title\" content=\"Prefeitos conseguem reverter e Seguro Safra ser\u00e1 pago a agricultores em 21 munic\u00edpios - Not&iacute;cias em Destaque\" \/>\n<meta property=\"og:description\" content=\"Agricultores de 21 munic\u00edpios da Para\u00edba foram contemplados, em junho, com o pagamento do Garantia-Safra. Ao todo, 82.677 agricultores de 102 munic\u00edpios de Alagoas, Bahia, Cear\u00e1, Maranh\u00e3o, Minas Gerais, Para\u00edba, Pernambuco e Rio Grande do Norte foram beneficiados com a medida do Governo Federal, que visa atenuar os efeitos da pandemia do novo coronav\u00edrus. Na Para\u00edba, os recursos chegam a agricultores dos munic\u00edpios de Congo, Olho d\u2019\u00c1gua, Paulista, Po\u00e7o Dantas, Santo Andr\u00e9, S\u00e3o Jo\u00e3o do Tigre, Alagoa Nova, Alcantil, Barra de S\u00e3o Miguel, Boqueir\u00e3o, Campina Grande, Fagundes, Gurinh\u00e9m, Itabaiana, Lagoa Seca, Montadas, Nova Palmeira, Puxinan\u00e3, Rem\u00edgio, Salgado de S\u00e3o F\u00e9lix e Sol\u00e2nea. O repasse ser\u00e1 feito em parcela \u00fanica de R$ 850,00 em decorr\u00eancia do estado de calamidade p\u00fablica e as medidas de enfrentamento da propaga\u00e7\u00e3o da pandemia do coronav\u00edrus.\" \/>\n<meta property=\"og:url\" content=\"https:\/\/noticiasemdestaque.com\/cd\/?p=25343\" \/>\n<meta property=\"og:site_name\" content=\"Not&iacute;cias em Destaque\" \/>\n<meta property=\"article:published_time\" content=\"2020-06-15T00:23:14+00:00\" \/>\n<meta property=\"og:image\" content=\"https:\/\/noticiasemdestaque.com\/cd\/wp-content\/uploads\/2017\/08\/garantiasafra.jpg\" \/>\n\t<meta property=\"og:image:width\" content=\"1600\" \/>\n\t<meta property=\"og:image:height\" content=\"1059\" \/>\n\t<meta property=\"og:image:type\" content=\"image\/jpeg\" \/>\n<meta name=\"author\" content=\"Not\u00edcias em Destaque\" \/>\n<meta name=\"twitter:card\" content=\"summary_large_image\" \/>\n<meta name=\"twitter:label1\" content=\"Escrito por\" \/>\n\t<meta name=\"twitter:data1\" content=\"Not\u00edcias em Destaque\" \/>\n\t<meta name=\"twitter:label2\" content=\"Est. tempo de leitura\" \/>\n\t<meta name=\"twitter:data2\" content=\"1 minuto\" \/>\n<script type=\"application\/ld+json\" class=\"yoast-schema-graph\">{\"@context\":\"https:\/\/schema.org\",\"@graph\":[{\"@type\":\"Article\",\"@id\":\"https:\/\/noticiasemdestaque.com\/cd\/?p=25343#article\",\"isPartOf\":{\"@id\":\"https:\/\/noticiasemdestaque.com\/cd\/?p=25343\"},\"author\":{\"name\":\"Not\u00edcias em Destaque\",\"@id\":\"https:\/\/noticiasemdestaque.com\/cd\/#\/schema\/person\/21320b03a7e8bb90128938dafc9b908a\"},\"headline\":\"Prefeitos conseguem reverter e Seguro Safra ser\u00e1 pago a agricultores em 21 munic\u00edpios\",\"datePublished\":\"2020-06-15T00:23:14+00:00\",\"mainEntityOfPage\":{\"@id\":\"https:\/\/noticiasemdestaque.com\/cd\/?p=25343\"},\"wordCount\":162,\"publisher\":{\"@id\":\"https:\/\/noticiasemdestaque.com\/cd\/#organization\"},\"image\":{\"@id\":\"https:\/\/noticiasemdestaque.com\/cd\/?p=25343#primaryimage\"},\"thumbnailUrl\":\"https:\/\/noticiasemdestaque.com\/cd\/wp-content\/uploads\/2017\/08\/garantiasafra.jpg\",\"articleSection\":[\"Geral\"],\"inLanguage\":\"pt-BR\"},{\"@type\":\"WebPage\",\"@id\":\"https:\/\/noticiasemdestaque.com\/cd\/?p=25343\",\"url\":\"https:\/\/noticiasemdestaque.com\/cd\/?p=25343\",\"name\":\"Prefeitos conseguem reverter e Seguro Safra ser\u00e1 pago a agricultores em 21 munic\u00edpios - Not&iacute;cias em Destaque\",\"isPartOf\":{\"@id\":\"https:\/\/noticiasemdestaque.com\/cd\/#website\"},\"primaryImageOfPage\":{\"@id\":\"https:\/\/noticiasemdestaque.com\/cd\/?p=25343#primaryimage\"},\"image\":{\"@id\":\"https:\/\/noticiasemdestaque.com\/cd\/?p=25343#primaryimage\"},\"thumbnailUrl\":\"https:\/\/noticiasemdestaque.com\/cd\/wp-content\/uploads\/2017\/08\/garantiasafra.jpg\",\"datePublished\":\"2020-06-15T00:23:14+00:00\",\"breadcrumb\":{\"@id\":\"https:\/\/noticiasemdestaque.com\/cd\/?p=25343#breadcrumb\"},\"inLanguage\":\"pt-BR\",\"potentialAction\":[{\"@type\":\"ReadAction\",\"target\":[\"https:\/\/noticiasemdestaque.com\/cd\/?p=25343\"]}]},{\"@type\":\"ImageObject\",\"inLanguage\":\"pt-BR\",\"@id\":\"https:\/\/noticiasemdestaque.com\/cd\/?p=25343#primaryimage\",\"url\":\"https:\/\/noticiasemdestaque.com\/cd\/wp-content\/uploads\/2017\/08\/garantiasafra.jpg\",\"contentUrl\":\"https:\/\/noticiasemdestaque.com\/cd\/wp-content\/uploads\/2017\/08\/garantiasafra.jpg\",\"width\":1600,\"height\":1059},{\"@type\":\"BreadcrumbList\",\"@id\":\"https:\/\/noticiasemdestaque.com\/cd\/?p=25343#breadcrumb\",\"itemListElement\":[{\"@type\":\"ListItem\",\"position\":1,\"name\":\"In\u00edcio\",\"item\":\"https:\/\/noticiasemdestaque.com\/cd\/\"},{\"@type\":\"ListItem\",\"position\":2,\"name\":\"Prefeitos conseguem reverter e Seguro Safra ser\u00e1 pago a agricultores em 21 munic\u00edpios\"}]},{\"@type\":\"WebSite\",\"@id\":\"https:\/\/noticiasemdestaque.com\/cd\/#website\",\"url\":\"https:\/\/noticiasemdestaque.com\/cd\/\",\"name\":\"Not&iacute;cias em Destaque\",\"description\":\"\",\"publisher\":{\"@id\":\"https:\/\/noticiasemdestaque.com\/cd\/#organization\"},\"potentialAction\":[{\"@type\":\"SearchAction\",\"target\":{\"@type\":\"EntryPoint\",\"urlTemplate\":\"https:\/\/noticiasemdestaque.com\/cd\/?s={search_term_string}\"},\"query-input\":{\"@type\":\"PropertyValueSpecification\",\"valueRequired\":true,\"valueName\":\"search_term_string\"}}],\"inLanguage\":\"pt-BR\"},{\"@type\":\"Organization\",\"@id\":\"https:\/\/noticiasemdestaque.com\/cd\/#organization\",\"name\":\"Not\u00edcias em Destaque\",\"url\":\"https:\/\/noticiasemdestaque.com\/cd\/\",\"logo\":{\"@type\":\"ImageObject\",\"inLanguage\":\"pt-BR\",\"@id\":\"https:\/\/noticiasemdestaque.com\/cd\/#\/schema\/logo\/image\/\",\"url\":\"https:\/\/noticiasemdestaque.com\/cd\/wp-content\/uploads\/2022\/05\/imagem-base-noticiasemdestaque.png\",\"contentUrl\":\"https:\/\/noticiasemdestaque.com\/cd\/wp-content\/uploads\/2022\/05\/imagem-base-noticiasemdestaque.png\",\"width\":1200,\"height\":630,\"caption\":\"Not\u00edcias em Destaque\"},\"image\":{\"@id\":\"https:\/\/noticiasemdestaque.com\/cd\/#\/schema\/logo\/image\/\"}},{\"@type\":\"Person\",\"@id\":\"https:\/\/noticiasemdestaque.com\/cd\/#\/schema\/person\/21320b03a7e8bb90128938dafc9b908a\",\"name\":\"Not\u00edcias em Destaque\",\"url\":\"https:\/\/noticiasemdestaque.com\/cd\/?author=2\"}]}<\/script>\n<!-- \/ Yoast SEO plugin. -->","yoast_head_json":{"title":"Prefeitos conseguem reverter e Seguro Safra ser\u00e1 pago a agricultores em 21 munic\u00edpios - Not&iacute;cias em Destaque","robots":{"index":"index","follow":"follow","max-snippet":"max-snippet:-1","max-image-preview":"max-image-preview:large","max-video-preview":"max-video-preview:-1"},"canonical":"https:\/\/noticiasemdestaque.com\/cd\/?p=25343","og_locale":"pt_BR","og_type":"article","og_title":"Prefeitos conseguem reverter e Seguro Safra ser\u00e1 pago a agricultores em 21 munic\u00edpios - Not&iacute;cias em Destaque","og_description":"Agricultores de 21 munic\u00edpios da Para\u00edba foram contemplados, em junho, com o pagamento do Garantia-Safra. Ao todo, 82.677 agricultores de 102 munic\u00edpios de Alagoas, Bahia, Cear\u00e1, Maranh\u00e3o, Minas Gerais, Para\u00edba, Pernambuco e Rio Grande do Norte foram beneficiados com a medida do Governo Federal, que visa atenuar os efeitos da pandemia do novo coronav\u00edrus. Na Para\u00edba, os recursos chegam a agricultores dos munic\u00edpios de Congo, Olho d\u2019\u00c1gua, Paulista, Po\u00e7o Dantas, Santo Andr\u00e9, S\u00e3o Jo\u00e3o do Tigre, Alagoa Nova, Alcantil, Barra de S\u00e3o Miguel, Boqueir\u00e3o, Campina Grande, Fagundes, Gurinh\u00e9m, Itabaiana, Lagoa Seca, Montadas, Nova Palmeira, Puxinan\u00e3, Rem\u00edgio, Salgado de S\u00e3o F\u00e9lix e Sol\u00e2nea. O repasse ser\u00e1 feito em parcela \u00fanica de R$ 850,00 em decorr\u00eancia do estado de calamidade p\u00fablica e as medidas de enfrentamento da propaga\u00e7\u00e3o da pandemia do coronav\u00edrus.","og_url":"https:\/\/noticiasemdestaque.com\/cd\/?p=25343","og_site_name":"Not&iacute;cias em Destaque","article_published_time":"2020-06-15T00:23:14+00:00","og_image":[{"width":1600,"height":1059,"url":"https:\/\/noticiasemdestaque.com\/cd\/wp-content\/uploads\/2017\/08\/garantiasafra.jpg","type":"image\/jpeg"}],"author":"Not\u00edcias em Destaque","twitter_card":"summary_large_image","twitter_misc":{"Escrito por":"Not\u00edcias em Destaque","Est. tempo de leitura":"1 minuto"},"schema":{"@context":"https:\/\/schema.org","@graph":[{"@type":"Article","@id":"https:\/\/noticiasemdestaque.com\/cd\/?p=25343#article","isPartOf":{"@id":"https:\/\/noticiasemdestaque.com\/cd\/?p=25343"},"author":{"name":"Not\u00edcias em Destaque","@id":"https:\/\/noticiasemdestaque.com\/cd\/#\/schema\/person\/21320b03a7e8bb90128938dafc9b908a"},"headline":"Prefeitos conseguem reverter e Seguro Safra ser\u00e1 pago a agricultores em 21 munic\u00edpios","datePublished":"2020-06-15T00:23:14+00:00","mainEntityOfPage":{"@id":"https:\/\/noticiasemdestaque.com\/cd\/?p=25343"},"wordCount":162,"publisher":{"@id":"https:\/\/noticiasemdestaque.com\/cd\/#organization"},"image":{"@id":"https:\/\/noticiasemdestaque.com\/cd\/?p=25343#primaryimage"},"thumbnailUrl":"https:\/\/noticiasemdestaque.com\/cd\/wp-content\/uploads\/2017\/08\/garantiasafra.jpg","articleSection":["Geral"],"inLanguage":"pt-BR"},{"@type":"WebPage","@id":"https:\/\/noticiasemdestaque.com\/cd\/?p=25343","url":"https:\/\/noticiasemdestaque.com\/cd\/?p=25343","name":"Prefeitos conseguem reverter e Seguro Safra ser\u00e1 pago a agricultores em 21 munic\u00edpios - Not&iacute;cias em Destaque","isPartOf":{"@id":"https:\/\/noticiasemdestaque.com\/cd\/#website"},"primaryImageOfPage":{"@id":"https:\/\/noticiasemdestaque.com\/cd\/?p=25343#primaryimage"},"image":{"@id":"https:\/\/noticiasemdestaque.com\/cd\/?p=25343#primaryimage"},"thumbnailUrl":"https:\/\/noticiasemdestaque.com\/cd\/wp-content\/uploads\/2017\/08\/garantiasafra.jpg","datePublished":"2020-06-15T00:23:14+00:00","breadcrumb":{"@id":"https:\/\/noticiasemdestaque.com\/cd\/?p=25343#breadcrumb"},"inLanguage":"pt-BR","potentialAction":[{"@type":"ReadAction","target":["https:\/\/noticiasemdestaque.com\/cd\/?p=25343"]}]},{"@type":"ImageObject","inLanguage":"pt-BR","@id":"https:\/\/noticiasemdestaque.com\/cd\/?p=25343#primaryimage","url":"https:\/\/noticiasemdestaque.com\/cd\/wp-content\/uploads\/2017\/08\/garantiasafra.jpg","contentUrl":"https:\/\/noticiasemdestaque.com\/cd\/wp-content\/uploads\/2017\/08\/garantiasafra.jpg","width":1600,"height":1059},{"@type":"BreadcrumbList","@id":"https:\/\/noticiasemdestaque.com\/cd\/?p=25343#breadcrumb","itemListElement":[{"@type":"ListItem","position":1,"name":"In\u00edcio","item":"https:\/\/noticiasemdestaque.com\/cd\/"},{"@type":"ListItem","position":2,"name":"Prefeitos conseguem reverter e Seguro Safra ser\u00e1 pago a agricultores em 21 munic\u00edpios"}]},{"@type":"WebSite","@id":"https:\/\/noticiasemdestaque.com\/cd\/#website","url":"https:\/\/noticiasemdestaque.com\/cd\/","name":"Not&iacute;cias em Destaque","description":"","publisher":{"@id":"https:\/\/noticiasemdestaque.com\/cd\/#organization"},"potentialAction":[{"@type":"SearchAction","target":{"@type":"EntryPoint","urlTemplate":"https:\/\/noticiasemdestaque.com\/cd\/?s={search_term_string}"},"query-input":{"@type":"PropertyValueSpecification","valueRequired":true,"valueName":"search_term_string"}}],"inLanguage":"pt-BR"},{"@type":"Organization","@id":"https:\/\/noticiasemdestaque.com\/cd\/#organization","name":"Not\u00edcias em Destaque","url":"https:\/\/noticiasemdestaque.com\/cd\/","logo":{"@type":"ImageObject","inLanguage":"pt-BR","@id":"https:\/\/noticiasemdestaque.com\/cd\/#\/schema\/logo\/image\/","url":"https:\/\/noticiasemdestaque.com\/cd\/wp-content\/uploads\/2022\/05\/imagem-base-noticiasemdestaque.png","contentUrl":"https:\/\/noticiasemdestaque.com\/cd\/wp-content\/uploads\/2022\/05\/imagem-base-noticiasemdestaque.png","width":1200,"height":630,"caption":"Not\u00edcias em Destaque"},"image":{"@id":"https:\/\/noticiasemdestaque.com\/cd\/#\/schema\/logo\/image\/"}},{"@type":"Person","@id":"https:\/\/noticiasemdestaque.com\/cd\/#\/schema\/person\/21320b03a7e8bb90128938dafc9b908a","name":"Not\u00edcias em Destaque","url":"https:\/\/noticiasemdestaque.com\/cd\/?author=2"}]}},"jetpack_featured_media_url":"https:\/\/noticiasemdestaque.com\/cd\/wp-content\/uploads\/2017\/08\/garantiasafra.jpg","jetpack_sharing_enabled":true,"_links":{"self":[{"href":"https:\/\/noticiasemdestaque.com\/cd\/index.php?rest_route=\/wp\/v2\/posts\/25343","targetHints":{"allow":["GET"]}}],"collection":[{"href":"https:\/\/noticiasemdestaque.com\/cd\/index.php?rest_route=\/wp\/v2\/posts"}],"about":[{"href":"https:\/\/noticiasemdestaque.com\/cd\/index.php?rest_route=\/wp\/v2\/types\/post"}],"author":[{"embeddable":true,"href":"https:\/\/noticiasemdestaque.com\/cd\/index.php?rest_route=\/wp\/v2\/users\/2"}],"replies":[{"embeddable":true,"href":"https:\/\/noticiasemdestaque.com\/cd\/index.php?rest_route=%2Fwp%2Fv2%2Fcomments&post=25343"}],"version-history":[{"count":1,"href":"https:\/\/noticiasemdestaque.com\/cd\/index.php?rest_route=\/wp\/v2\/posts\/25343\/revisions"}],"predecessor-version":[{"id":25344,"href":"https:\/\/noticiasemdestaque.com\/cd\/index.php?rest_route=\/wp\/v2\/posts\/25343\/revisions\/25344"}],"wp:featuredmedia":[{"embeddable":true,"href":"https:\/\/noticiasemdestaque.com\/cd\/index.php?rest_route=\/wp\/v2\/media\/3783"}],"wp:attachment":[{"href":"https:\/\/noticiasemdestaque.com\/cd\/index.php?rest_route=%2Fwp%2Fv2%2Fmedia&parent=25343"}],"wp:term":[{"taxonomy":"category","embeddable":true,"href":"https:\/\/noticiasemdestaque.com\/cd\/index.php?rest_route=%2Fwp%2Fv2%2Fcategories&post=25343"},{"taxonomy":"post_tag","embeddable":true,"href":"https:\/\/noticiasemdestaque.com\/cd\/index.php?rest_route=%2Fwp%2Fv2%2Ftags&post=25343"}],"curies":[{"name":"wp","href":"https:\/\/api.w.org\/{rel}","templated":true}]}}