{"id":25337,"date":"2020-06-14T20:44:42","date_gmt":"2020-06-14T23:44:42","guid":{"rendered":"http:\/\/noticiasemdestaque.com\/cd\/?p=25337"},"modified":"2020-06-14T20:44:42","modified_gmt":"2020-06-14T23:44:42","slug":"governo-orienta-retorno-do-transporte-intermunicipal-a-partir-de-segunda-feira","status":"publish","type":"post","link":"https:\/\/noticiasemdestaque.com\/cd\/?p=25337","title":{"rendered":"Governo orienta retorno do transporte intermunicipal a partir de segunda-feira"},"content":{"rendered":"<p><a href=\"https:\/\/noticiasemdestaque.com\/cd\/wp-content\/uploads\/2020\/06\/0257.png\"><img fetchpriority=\"high\" decoding=\"async\" class=\"size-full wp-image-25338 aligncenter\" src=\"https:\/\/noticiasemdestaque.com\/cd\/wp-content\/uploads\/2020\/06\/0257.png\" alt=\"\" width=\"600\" height=\"373\" srcset=\"https:\/\/noticiasemdestaque.com\/cd\/wp-content\/uploads\/2020\/06\/0257.png 600w, https:\/\/noticiasemdestaque.com\/cd\/wp-content\/uploads\/2020\/06\/0257-300x187.png 300w\" sizes=\"(max-width: 600px) 100vw, 600px\" \/><\/a><\/p>\n<p>A partir desta segunda-feira (15), o transporte intermunicipal e os terminais rodovi\u00e1rios do Estado da Para\u00edba voltam a funcionar de forma gradual e com o cumprimento de diversas medidas de preven\u00e7\u00e3o contra a dissemina\u00e7\u00e3o do novo coronav\u00edrus. Essa e outras normas constam no novo decreto 40.304 do Governo do Estado, publicado no Di\u00e1rio Oficial deste s\u00e1bado (13).\u00a0\u00a0Entre as medidas destacam-se os hor\u00e1rios, que dever\u00e3o ser reduzidos em at\u00e9 20%, e a capacidade de lota\u00e7\u00e3o nos \u00f4nibus, que pode chegar a 60% com os passageiros transportados sentados<\/p>\n<p>Para cumprir o decreto governamental, o Departamento de Estradas de Rodagem da Para\u00edba, por meio do seu Conselho Executivo, elaborou a Resolu\u00e7\u00e3o n\u00ba 021\/2020, aprovada em reuni\u00e3o extraordin\u00e1ria realizada nessa sexta-feira (12) e publicada no Di\u00e1rio Oficial Estadual deste s\u00e1bado (13), com as provid\u00eancias que dever\u00e3o ser adotadas para a opera\u00e7\u00e3o dos \u00f4nibus e dos terminais rodovi\u00e1rios, a partir da zero hora desta segunda-feira (15).<\/p>\n<p>O Conselho considerou alguns crit\u00e9rios como a import\u00e2ncia do transporte na retomada gradativa da economia atual; a necessidade de reduzir o risco ao qual a popula\u00e7\u00e3o est\u00e1 sujeita, utilizando o transporte ilegal e clandestino; al\u00e9m da manuten\u00e7\u00e3o dos empregos e da estabilidade econ\u00f4mico-financeira das empresas transportadoras.<\/p>\n<p><b><\/b><b>Recomenda\u00e7\u00f5es para a circula\u00e7\u00e3o de \u00f4nibus nas rodovias paraibanas<\/b><\/p>\n<p>&#8211; Higieniza\u00e7\u00e3o dos \u00f4nibus antes da partida e logo ap\u00f3s a chegada no destino;<\/p>\n<p>&#8211; Higieniza\u00e7\u00e3o dos filtros do sistema de ar condicionado;<\/p>\n<p>&#8211; Obrigat\u00f3rio o uso de m\u00e1scaras pelos seus operadores (motoristas, fiscais, funcion\u00e1rios) e pelos passageiros;<\/p>\n<p>&#8211; Opera\u00e7\u00e3o em hor\u00e1rios reduzidos, em at\u00e9 20% dos hor\u00e1rios previstos, podendo ser ampliados conforme for identificada a necessidade e mediante autoriza\u00e7\u00e3o do DER\/PB;<\/p>\n<p>&#8211; A capacidade de lota\u00e7\u00e3o nos \u00f4nibus onde os passageiros dever\u00e3o ser transportados sentados pode chegar a 60%;<\/p>\n<p>&#8211; Medi\u00e7\u00e3o da temperatura dos passageiros no momento de embarque;<\/p>\n<p>&#8211; Disponibiliza\u00e7\u00e3o de \u00e1lcool em gel 70\u00b0 INPM para higieniza\u00e7\u00e3o das m\u00e3os.<\/p>\n<p><b><\/b><b>Recomenda\u00e7\u00f5es para o funcionamento dos terminais rodovi\u00e1rios administrados ou concedidos pelo DER-PB<\/b><\/p>\n<p>&#8211; Higieniza\u00e7\u00e3o das instala\u00e7\u00f5es do Terminal Rodovi\u00e1rio;<\/p>\n<p>&#8211; Sinaliza\u00e7\u00e3o horizontal no acesso aos guich\u00eas de venda de passagens para garantir o distanciamento seguro;<\/p>\n<p>&#8211; A venda de passagens poder\u00e1 ser feita pelo sistema on-line para facilitar o embarque dos passageiros;<\/p>\n<p>&#8211; Disponibiliza\u00e7\u00e3o de \u00e1lcool em gel 70\u00b0 INPM para higieniza\u00e7\u00e3o das m\u00e3os.<\/p>\n","protected":false},"excerpt":{"rendered":"<p>A partir desta segunda-feira (15), o transporte intermunicipal e os terminais rodovi\u00e1rios do Estado da Para\u00edba voltam a funcionar de forma gradual e com o cumprimento de diversas medidas de preven\u00e7\u00e3o contra a dissemina\u00e7\u00e3o do novo coronav\u00edrus. Essa e outras normas constam no novo decreto 40.304 do Governo do Estado, publicado no Di\u00e1rio Oficial deste s\u00e1bado (13).\u00a0\u00a0Entre as medidas destacam-se os hor\u00e1rios, que dever\u00e3o ser reduzidos em at\u00e9 20%, e a capacidade de lota\u00e7\u00e3o nos \u00f4nibus, que pode chegar a 60% com os passageiros transportados sentados Para cumprir o decreto governamental, o Departamento de Estradas de Rodagem da Para\u00edba, por meio do seu Conselho Executivo, elaborou a Resolu\u00e7\u00e3o n\u00ba 021\/2020, aprovada em reuni\u00e3o extraordin\u00e1ria realizada nessa sexta-feira (12) e publicada no Di\u00e1rio Oficial Estadual deste s\u00e1bado (13), com as provid\u00eancias que dever\u00e3o ser adotadas para a opera\u00e7\u00e3o dos \u00f4nibus e dos terminais rodovi\u00e1rios, a partir da zero hora desta segunda-feira (15). O Conselho considerou alguns crit\u00e9rios como a import\u00e2ncia do transporte na retomada gradativa da economia atual; a necessidade de reduzir o risco ao qual a popula\u00e7\u00e3o est\u00e1 sujeita, utilizando o transporte ilegal e clandestino; al\u00e9m da manuten\u00e7\u00e3o dos empregos e da estabilidade econ\u00f4mico-financeira das empresas transportadoras. Recomenda\u00e7\u00f5es para a circula\u00e7\u00e3o de \u00f4nibus nas rodovias paraibanas &#8211; Higieniza\u00e7\u00e3o dos \u00f4nibus antes da partida e logo ap\u00f3s a chegada no destino; &#8211; Higieniza\u00e7\u00e3o dos filtros do sistema de ar condicionado; &#8211; Obrigat\u00f3rio o uso de m\u00e1scaras pelos seus operadores (motoristas, fiscais, funcion\u00e1rios) e pelos passageiros; &#8211; Opera\u00e7\u00e3o em hor\u00e1rios reduzidos, em at\u00e9 20% dos hor\u00e1rios previstos, podendo ser ampliados conforme for identificada a necessidade e mediante autoriza\u00e7\u00e3o do DER\/PB; &#8211; A capacidade de lota\u00e7\u00e3o nos \u00f4nibus onde os passageiros dever\u00e3o ser transportados sentados pode chegar a 60%; &#8211; Medi\u00e7\u00e3o da temperatura dos passageiros no momento de embarque; &#8211; Disponibiliza\u00e7\u00e3o de \u00e1lcool em gel 70\u00b0 INPM para higieniza\u00e7\u00e3o das m\u00e3os. Recomenda\u00e7\u00f5es para o funcionamento dos terminais rodovi\u00e1rios administrados ou concedidos pelo DER-PB &#8211; Higieniza\u00e7\u00e3o das instala\u00e7\u00f5es do Terminal Rodovi\u00e1rio; &#8211; Sinaliza\u00e7\u00e3o horizontal no acesso aos guich\u00eas de venda de passagens para garantir o distanciamento seguro; &#8211; A venda de passagens poder\u00e1 ser feita pelo sistema on-line para facilitar o embarque dos passageiros; &#8211; Disponibiliza\u00e7\u00e3o de \u00e1lcool em gel 70\u00b0 INPM para higieniza\u00e7\u00e3o das m\u00e3os.<\/p>\n","protected":false},"author":2,"featured_media":25338,"comment_status":"closed","ping_status":"open","sticky":false,"template":"","format":"standard","meta":{"_eb_attr":"","_jetpack_memberships_contains_paid_content":false,"footnotes":""},"categories":[3],"tags":[],"class_list":["post-25337","post","type-post","status-publish","format-standard","has-post-thumbnail","hentry","category-cidades"],"yoast_head":"<!-- This site is optimized with the Yoast SEO plugin v26.5 - https:\/\/yoast.com\/wordpress\/plugins\/seo\/ -->\n<title>Governo orienta retorno do transporte intermunicipal a partir de segunda-feira - Not&iacute;cias em Destaque<\/title>\n<meta name=\"robots\" content=\"index, follow, max-snippet:-1, max-image-preview:large, max-video-preview:-1\" \/>\n<link rel=\"canonical\" href=\"https:\/\/noticiasemdestaque.com\/cd\/?p=25337\" \/>\n<meta property=\"og:locale\" content=\"pt_BR\" \/>\n<meta property=\"og:type\" content=\"article\" \/>\n<meta property=\"og:title\" content=\"Governo orienta retorno do transporte intermunicipal a partir de segunda-feira - Not&iacute;cias em Destaque\" \/>\n<meta property=\"og:description\" content=\"A partir desta segunda-feira (15), o transporte intermunicipal e os terminais rodovi\u00e1rios do Estado da Para\u00edba voltam a funcionar de forma gradual e com o cumprimento de diversas medidas de preven\u00e7\u00e3o contra a dissemina\u00e7\u00e3o do novo coronav\u00edrus. Essa e outras normas constam no novo decreto 40.304 do Governo do Estado, publicado no Di\u00e1rio Oficial deste s\u00e1bado (13).\u00a0\u00a0Entre as medidas destacam-se os hor\u00e1rios, que dever\u00e3o ser reduzidos em at\u00e9 20%, e a capacidade de lota\u00e7\u00e3o nos \u00f4nibus, que pode chegar a 60% com os passageiros transportados sentados Para cumprir o decreto governamental, o Departamento de Estradas de Rodagem da Para\u00edba, por meio do seu Conselho Executivo, elaborou a Resolu\u00e7\u00e3o n\u00ba 021\/2020, aprovada em reuni\u00e3o extraordin\u00e1ria realizada nessa sexta-feira (12) e publicada no Di\u00e1rio Oficial Estadual deste s\u00e1bado (13), com as provid\u00eancias que dever\u00e3o ser adotadas para a opera\u00e7\u00e3o dos \u00f4nibus e dos terminais rodovi\u00e1rios, a partir da zero hora desta segunda-feira (15). O Conselho considerou alguns crit\u00e9rios como a import\u00e2ncia do transporte na retomada gradativa da economia atual; a necessidade de reduzir o risco ao qual a popula\u00e7\u00e3o est\u00e1 sujeita, utilizando o transporte ilegal e clandestino; al\u00e9m da manuten\u00e7\u00e3o dos empregos e da estabilidade econ\u00f4mico-financeira das empresas transportadoras. Recomenda\u00e7\u00f5es para a circula\u00e7\u00e3o de \u00f4nibus nas rodovias paraibanas &#8211; Higieniza\u00e7\u00e3o dos \u00f4nibus antes da partida e logo ap\u00f3s a chegada no destino; &#8211; Higieniza\u00e7\u00e3o dos filtros do sistema de ar condicionado; &#8211; Obrigat\u00f3rio o uso de m\u00e1scaras pelos seus operadores (motoristas, fiscais, funcion\u00e1rios) e pelos passageiros; &#8211; Opera\u00e7\u00e3o em hor\u00e1rios reduzidos, em at\u00e9 20% dos hor\u00e1rios previstos, podendo ser ampliados conforme for identificada a necessidade e mediante autoriza\u00e7\u00e3o do DER\/PB; &#8211; A capacidade de lota\u00e7\u00e3o nos \u00f4nibus onde os passageiros dever\u00e3o ser transportados sentados pode chegar a 60%; &#8211; Medi\u00e7\u00e3o da temperatura dos passageiros no momento de embarque; &#8211; Disponibiliza\u00e7\u00e3o de \u00e1lcool em gel 70\u00b0 INPM para higieniza\u00e7\u00e3o das m\u00e3os. Recomenda\u00e7\u00f5es para o funcionamento dos terminais rodovi\u00e1rios administrados ou concedidos pelo DER-PB &#8211; Higieniza\u00e7\u00e3o das instala\u00e7\u00f5es do Terminal Rodovi\u00e1rio; &#8211; Sinaliza\u00e7\u00e3o horizontal no acesso aos guich\u00eas de venda de passagens para garantir o distanciamento seguro; &#8211; A venda de passagens poder\u00e1 ser feita pelo sistema on-line para facilitar o embarque dos passageiros; &#8211; Disponibiliza\u00e7\u00e3o de \u00e1lcool em gel 70\u00b0 INPM para higieniza\u00e7\u00e3o das m\u00e3os.\" \/>\n<meta property=\"og:url\" content=\"https:\/\/noticiasemdestaque.com\/cd\/?p=25337\" \/>\n<meta property=\"og:site_name\" content=\"Not&iacute;cias em Destaque\" \/>\n<meta property=\"article:published_time\" content=\"2020-06-14T23:44:42+00:00\" \/>\n<meta property=\"og:image\" content=\"https:\/\/noticiasemdestaque.com\/cd\/wp-content\/uploads\/2020\/06\/0257.png\" \/>\n\t<meta property=\"og:image:width\" content=\"600\" \/>\n\t<meta property=\"og:image:height\" content=\"373\" \/>\n\t<meta property=\"og:image:type\" content=\"image\/png\" \/>\n<meta name=\"author\" content=\"Not\u00edcias em Destaque\" \/>\n<meta name=\"twitter:card\" content=\"summary_large_image\" \/>\n<meta name=\"twitter:label1\" content=\"Escrito por\" \/>\n\t<meta name=\"twitter:data1\" content=\"Not\u00edcias em Destaque\" \/>\n\t<meta name=\"twitter:label2\" content=\"Est. tempo de leitura\" \/>\n\t<meta name=\"twitter:data2\" content=\"2 minutos\" \/>\n<script type=\"application\/ld+json\" class=\"yoast-schema-graph\">{\"@context\":\"https:\/\/schema.org\",\"@graph\":[{\"@type\":\"Article\",\"@id\":\"https:\/\/noticiasemdestaque.com\/cd\/?p=25337#article\",\"isPartOf\":{\"@id\":\"https:\/\/noticiasemdestaque.com\/cd\/?p=25337\"},\"author\":{\"name\":\"Not\u00edcias em Destaque\",\"@id\":\"https:\/\/noticiasemdestaque.com\/cd\/#\/schema\/person\/21320b03a7e8bb90128938dafc9b908a\"},\"headline\":\"Governo orienta retorno do transporte intermunicipal a partir de segunda-feira\",\"datePublished\":\"2020-06-14T23:44:42+00:00\",\"mainEntityOfPage\":{\"@id\":\"https:\/\/noticiasemdestaque.com\/cd\/?p=25337\"},\"wordCount\":425,\"publisher\":{\"@id\":\"https:\/\/noticiasemdestaque.com\/cd\/#organization\"},\"image\":{\"@id\":\"https:\/\/noticiasemdestaque.com\/cd\/?p=25337#primaryimage\"},\"thumbnailUrl\":\"https:\/\/noticiasemdestaque.com\/cd\/wp-content\/uploads\/2020\/06\/0257.png\",\"articleSection\":[\"Cidades\"],\"inLanguage\":\"pt-BR\"},{\"@type\":\"WebPage\",\"@id\":\"https:\/\/noticiasemdestaque.com\/cd\/?p=25337\",\"url\":\"https:\/\/noticiasemdestaque.com\/cd\/?p=25337\",\"name\":\"Governo orienta retorno do transporte intermunicipal a partir de segunda-feira - Not&iacute;cias em Destaque\",\"isPartOf\":{\"@id\":\"https:\/\/noticiasemdestaque.com\/cd\/#website\"},\"primaryImageOfPage\":{\"@id\":\"https:\/\/noticiasemdestaque.com\/cd\/?p=25337#primaryimage\"},\"image\":{\"@id\":\"https:\/\/noticiasemdestaque.com\/cd\/?p=25337#primaryimage\"},\"thumbnailUrl\":\"https:\/\/noticiasemdestaque.com\/cd\/wp-content\/uploads\/2020\/06\/0257.png\",\"datePublished\":\"2020-06-14T23:44:42+00:00\",\"breadcrumb\":{\"@id\":\"https:\/\/noticiasemdestaque.com\/cd\/?p=25337#breadcrumb\"},\"inLanguage\":\"pt-BR\",\"potentialAction\":[{\"@type\":\"ReadAction\",\"target\":[\"https:\/\/noticiasemdestaque.com\/cd\/?p=25337\"]}]},{\"@type\":\"ImageObject\",\"inLanguage\":\"pt-BR\",\"@id\":\"https:\/\/noticiasemdestaque.com\/cd\/?p=25337#primaryimage\",\"url\":\"https:\/\/noticiasemdestaque.com\/cd\/wp-content\/uploads\/2020\/06\/0257.png\",\"contentUrl\":\"https:\/\/noticiasemdestaque.com\/cd\/wp-content\/uploads\/2020\/06\/0257.png\",\"width\":600,\"height\":373},{\"@type\":\"BreadcrumbList\",\"@id\":\"https:\/\/noticiasemdestaque.com\/cd\/?p=25337#breadcrumb\",\"itemListElement\":[{\"@type\":\"ListItem\",\"position\":1,\"name\":\"In\u00edcio\",\"item\":\"https:\/\/noticiasemdestaque.com\/cd\/\"},{\"@type\":\"ListItem\",\"position\":2,\"name\":\"Governo orienta retorno do transporte intermunicipal a partir de segunda-feira\"}]},{\"@type\":\"WebSite\",\"@id\":\"https:\/\/noticiasemdestaque.com\/cd\/#website\",\"url\":\"https:\/\/noticiasemdestaque.com\/cd\/\",\"name\":\"Not&iacute;cias em Destaque\",\"description\":\"\",\"publisher\":{\"@id\":\"https:\/\/noticiasemdestaque.com\/cd\/#organization\"},\"potentialAction\":[{\"@type\":\"SearchAction\",\"target\":{\"@type\":\"EntryPoint\",\"urlTemplate\":\"https:\/\/noticiasemdestaque.com\/cd\/?s={search_term_string}\"},\"query-input\":{\"@type\":\"PropertyValueSpecification\",\"valueRequired\":true,\"valueName\":\"search_term_string\"}}],\"inLanguage\":\"pt-BR\"},{\"@type\":\"Organization\",\"@id\":\"https:\/\/noticiasemdestaque.com\/cd\/#organization\",\"name\":\"Not\u00edcias em Destaque\",\"url\":\"https:\/\/noticiasemdestaque.com\/cd\/\",\"logo\":{\"@type\":\"ImageObject\",\"inLanguage\":\"pt-BR\",\"@id\":\"https:\/\/noticiasemdestaque.com\/cd\/#\/schema\/logo\/image\/\",\"url\":\"https:\/\/noticiasemdestaque.com\/cd\/wp-content\/uploads\/2022\/05\/imagem-base-noticiasemdestaque.png\",\"contentUrl\":\"https:\/\/noticiasemdestaque.com\/cd\/wp-content\/uploads\/2022\/05\/imagem-base-noticiasemdestaque.png\",\"width\":1200,\"height\":630,\"caption\":\"Not\u00edcias em Destaque\"},\"image\":{\"@id\":\"https:\/\/noticiasemdestaque.com\/cd\/#\/schema\/logo\/image\/\"}},{\"@type\":\"Person\",\"@id\":\"https:\/\/noticiasemdestaque.com\/cd\/#\/schema\/person\/21320b03a7e8bb90128938dafc9b908a\",\"name\":\"Not\u00edcias em Destaque\",\"url\":\"https:\/\/noticiasemdestaque.com\/cd\/?author=2\"}]}<\/script>\n<!-- \/ Yoast SEO plugin. -->","yoast_head_json":{"title":"Governo orienta retorno do transporte intermunicipal a partir de segunda-feira - Not&iacute;cias em Destaque","robots":{"index":"index","follow":"follow","max-snippet":"max-snippet:-1","max-image-preview":"max-image-preview:large","max-video-preview":"max-video-preview:-1"},"canonical":"https:\/\/noticiasemdestaque.com\/cd\/?p=25337","og_locale":"pt_BR","og_type":"article","og_title":"Governo orienta retorno do transporte intermunicipal a partir de segunda-feira - Not&iacute;cias em Destaque","og_description":"A partir desta segunda-feira (15), o transporte intermunicipal e os terminais rodovi\u00e1rios do Estado da Para\u00edba voltam a funcionar de forma gradual e com o cumprimento de diversas medidas de preven\u00e7\u00e3o contra a dissemina\u00e7\u00e3o do novo coronav\u00edrus. Essa e outras normas constam no novo decreto 40.304 do Governo do Estado, publicado no Di\u00e1rio Oficial deste s\u00e1bado (13).\u00a0\u00a0Entre as medidas destacam-se os hor\u00e1rios, que dever\u00e3o ser reduzidos em at\u00e9 20%, e a capacidade de lota\u00e7\u00e3o nos \u00f4nibus, que pode chegar a 60% com os passageiros transportados sentados Para cumprir o decreto governamental, o Departamento de Estradas de Rodagem da Para\u00edba, por meio do seu Conselho Executivo, elaborou a Resolu\u00e7\u00e3o n\u00ba 021\/2020, aprovada em reuni\u00e3o extraordin\u00e1ria realizada nessa sexta-feira (12) e publicada no Di\u00e1rio Oficial Estadual deste s\u00e1bado (13), com as provid\u00eancias que dever\u00e3o ser adotadas para a opera\u00e7\u00e3o dos \u00f4nibus e dos terminais rodovi\u00e1rios, a partir da zero hora desta segunda-feira (15). O Conselho considerou alguns crit\u00e9rios como a import\u00e2ncia do transporte na retomada gradativa da economia atual; a necessidade de reduzir o risco ao qual a popula\u00e7\u00e3o est\u00e1 sujeita, utilizando o transporte ilegal e clandestino; al\u00e9m da manuten\u00e7\u00e3o dos empregos e da estabilidade econ\u00f4mico-financeira das empresas transportadoras. Recomenda\u00e7\u00f5es para a circula\u00e7\u00e3o de \u00f4nibus nas rodovias paraibanas &#8211; Higieniza\u00e7\u00e3o dos \u00f4nibus antes da partida e logo ap\u00f3s a chegada no destino; &#8211; Higieniza\u00e7\u00e3o dos filtros do sistema de ar condicionado; &#8211; Obrigat\u00f3rio o uso de m\u00e1scaras pelos seus operadores (motoristas, fiscais, funcion\u00e1rios) e pelos passageiros; &#8211; Opera\u00e7\u00e3o em hor\u00e1rios reduzidos, em at\u00e9 20% dos hor\u00e1rios previstos, podendo ser ampliados conforme for identificada a necessidade e mediante autoriza\u00e7\u00e3o do DER\/PB; &#8211; A capacidade de lota\u00e7\u00e3o nos \u00f4nibus onde os passageiros dever\u00e3o ser transportados sentados pode chegar a 60%; &#8211; Medi\u00e7\u00e3o da temperatura dos passageiros no momento de embarque; &#8211; Disponibiliza\u00e7\u00e3o de \u00e1lcool em gel 70\u00b0 INPM para higieniza\u00e7\u00e3o das m\u00e3os. Recomenda\u00e7\u00f5es para o funcionamento dos terminais rodovi\u00e1rios administrados ou concedidos pelo DER-PB &#8211; Higieniza\u00e7\u00e3o das instala\u00e7\u00f5es do Terminal Rodovi\u00e1rio; &#8211; Sinaliza\u00e7\u00e3o horizontal no acesso aos guich\u00eas de venda de passagens para garantir o distanciamento seguro; &#8211; A venda de passagens poder\u00e1 ser feita pelo sistema on-line para facilitar o embarque dos passageiros; &#8211; Disponibiliza\u00e7\u00e3o de \u00e1lcool em gel 70\u00b0 INPM para higieniza\u00e7\u00e3o das m\u00e3os.","og_url":"https:\/\/noticiasemdestaque.com\/cd\/?p=25337","og_site_name":"Not&iacute;cias em Destaque","article_published_time":"2020-06-14T23:44:42+00:00","og_image":[{"width":600,"height":373,"url":"https:\/\/noticiasemdestaque.com\/cd\/wp-content\/uploads\/2020\/06\/0257.png","type":"image\/png"}],"author":"Not\u00edcias em Destaque","twitter_card":"summary_large_image","twitter_misc":{"Escrito por":"Not\u00edcias em Destaque","Est. tempo de leitura":"2 minutos"},"schema":{"@context":"https:\/\/schema.org","@graph":[{"@type":"Article","@id":"https:\/\/noticiasemdestaque.com\/cd\/?p=25337#article","isPartOf":{"@id":"https:\/\/noticiasemdestaque.com\/cd\/?p=25337"},"author":{"name":"Not\u00edcias em Destaque","@id":"https:\/\/noticiasemdestaque.com\/cd\/#\/schema\/person\/21320b03a7e8bb90128938dafc9b908a"},"headline":"Governo orienta retorno do transporte intermunicipal a partir de segunda-feira","datePublished":"2020-06-14T23:44:42+00:00","mainEntityOfPage":{"@id":"https:\/\/noticiasemdestaque.com\/cd\/?p=25337"},"wordCount":425,"publisher":{"@id":"https:\/\/noticiasemdestaque.com\/cd\/#organization"},"image":{"@id":"https:\/\/noticiasemdestaque.com\/cd\/?p=25337#primaryimage"},"thumbnailUrl":"https:\/\/noticiasemdestaque.com\/cd\/wp-content\/uploads\/2020\/06\/0257.png","articleSection":["Cidades"],"inLanguage":"pt-BR"},{"@type":"WebPage","@id":"https:\/\/noticiasemdestaque.com\/cd\/?p=25337","url":"https:\/\/noticiasemdestaque.com\/cd\/?p=25337","name":"Governo orienta retorno do transporte intermunicipal a partir de segunda-feira - Not&iacute;cias em Destaque","isPartOf":{"@id":"https:\/\/noticiasemdestaque.com\/cd\/#website"},"primaryImageOfPage":{"@id":"https:\/\/noticiasemdestaque.com\/cd\/?p=25337#primaryimage"},"image":{"@id":"https:\/\/noticiasemdestaque.com\/cd\/?p=25337#primaryimage"},"thumbnailUrl":"https:\/\/noticiasemdestaque.com\/cd\/wp-content\/uploads\/2020\/06\/0257.png","datePublished":"2020-06-14T23:44:42+00:00","breadcrumb":{"@id":"https:\/\/noticiasemdestaque.com\/cd\/?p=25337#breadcrumb"},"inLanguage":"pt-BR","potentialAction":[{"@type":"ReadAction","target":["https:\/\/noticiasemdestaque.com\/cd\/?p=25337"]}]},{"@type":"ImageObject","inLanguage":"pt-BR","@id":"https:\/\/noticiasemdestaque.com\/cd\/?p=25337#primaryimage","url":"https:\/\/noticiasemdestaque.com\/cd\/wp-content\/uploads\/2020\/06\/0257.png","contentUrl":"https:\/\/noticiasemdestaque.com\/cd\/wp-content\/uploads\/2020\/06\/0257.png","width":600,"height":373},{"@type":"BreadcrumbList","@id":"https:\/\/noticiasemdestaque.com\/cd\/?p=25337#breadcrumb","itemListElement":[{"@type":"ListItem","position":1,"name":"In\u00edcio","item":"https:\/\/noticiasemdestaque.com\/cd\/"},{"@type":"ListItem","position":2,"name":"Governo orienta retorno do transporte intermunicipal a partir de segunda-feira"}]},{"@type":"WebSite","@id":"https:\/\/noticiasemdestaque.com\/cd\/#website","url":"https:\/\/noticiasemdestaque.com\/cd\/","name":"Not&iacute;cias em Destaque","description":"","publisher":{"@id":"https:\/\/noticiasemdestaque.com\/cd\/#organization"},"potentialAction":[{"@type":"SearchAction","target":{"@type":"EntryPoint","urlTemplate":"https:\/\/noticiasemdestaque.com\/cd\/?s={search_term_string}"},"query-input":{"@type":"PropertyValueSpecification","valueRequired":true,"valueName":"search_term_string"}}],"inLanguage":"pt-BR"},{"@type":"Organization","@id":"https:\/\/noticiasemdestaque.com\/cd\/#organization","name":"Not\u00edcias em Destaque","url":"https:\/\/noticiasemdestaque.com\/cd\/","logo":{"@type":"ImageObject","inLanguage":"pt-BR","@id":"https:\/\/noticiasemdestaque.com\/cd\/#\/schema\/logo\/image\/","url":"https:\/\/noticiasemdestaque.com\/cd\/wp-content\/uploads\/2022\/05\/imagem-base-noticiasemdestaque.png","contentUrl":"https:\/\/noticiasemdestaque.com\/cd\/wp-content\/uploads\/2022\/05\/imagem-base-noticiasemdestaque.png","width":1200,"height":630,"caption":"Not\u00edcias em Destaque"},"image":{"@id":"https:\/\/noticiasemdestaque.com\/cd\/#\/schema\/logo\/image\/"}},{"@type":"Person","@id":"https:\/\/noticiasemdestaque.com\/cd\/#\/schema\/person\/21320b03a7e8bb90128938dafc9b908a","name":"Not\u00edcias em Destaque","url":"https:\/\/noticiasemdestaque.com\/cd\/?author=2"}]}},"jetpack_featured_media_url":"https:\/\/noticiasemdestaque.com\/cd\/wp-content\/uploads\/2020\/06\/0257.png","jetpack_sharing_enabled":true,"_links":{"self":[{"href":"https:\/\/noticiasemdestaque.com\/cd\/index.php?rest_route=\/wp\/v2\/posts\/25337","targetHints":{"allow":["GET"]}}],"collection":[{"href":"https:\/\/noticiasemdestaque.com\/cd\/index.php?rest_route=\/wp\/v2\/posts"}],"about":[{"href":"https:\/\/noticiasemdestaque.com\/cd\/index.php?rest_route=\/wp\/v2\/types\/post"}],"author":[{"embeddable":true,"href":"https:\/\/noticiasemdestaque.com\/cd\/index.php?rest_route=\/wp\/v2\/users\/2"}],"replies":[{"embeddable":true,"href":"https:\/\/noticiasemdestaque.com\/cd\/index.php?rest_route=%2Fwp%2Fv2%2Fcomments&post=25337"}],"version-history":[{"count":1,"href":"https:\/\/noticiasemdestaque.com\/cd\/index.php?rest_route=\/wp\/v2\/posts\/25337\/revisions"}],"predecessor-version":[{"id":25339,"href":"https:\/\/noticiasemdestaque.com\/cd\/index.php?rest_route=\/wp\/v2\/posts\/25337\/revisions\/25339"}],"wp:featuredmedia":[{"embeddable":true,"href":"https:\/\/noticiasemdestaque.com\/cd\/index.php?rest_route=\/wp\/v2\/media\/25338"}],"wp:attachment":[{"href":"https:\/\/noticiasemdestaque.com\/cd\/index.php?rest_route=%2Fwp%2Fv2%2Fmedia&parent=25337"}],"wp:term":[{"taxonomy":"category","embeddable":true,"href":"https:\/\/noticiasemdestaque.com\/cd\/index.php?rest_route=%2Fwp%2Fv2%2Fcategories&post=25337"},{"taxonomy":"post_tag","embeddable":true,"href":"https:\/\/noticiasemdestaque.com\/cd\/index.php?rest_route=%2Fwp%2Fv2%2Ftags&post=25337"}],"curies":[{"name":"wp","href":"https:\/\/api.w.org\/{rel}","templated":true}]}}