{"id":25333,"date":"2020-06-14T16:51:38","date_gmt":"2020-06-14T19:51:38","guid":{"rendered":"http:\/\/noticiasemdestaque.com\/cd\/?p=25333"},"modified":"2020-06-14T16:51:38","modified_gmt":"2020-06-14T19:51:38","slug":"presidente-do-tse-luis-barroso-sugere-adiar-eleicoes-municipais","status":"publish","type":"post","link":"https:\/\/noticiasemdestaque.com\/cd\/?p=25333","title":{"rendered":"Presidente do TSE, Lu\u00eds Barroso sugere adiar elei\u00e7\u00f5es municipais"},"content":{"rendered":"<p><a href=\"https:\/\/noticiasemdestaque.com\/cd\/wp-content\/uploads\/2020\/06\/18mar2020-o-ministro-do-stf-supremo-tribunal-federal-luis-roberto-barroso-em-sessao-administrativa-da-corte-1590524712598_v2_900x506.jpg\"><img fetchpriority=\"high\" decoding=\"async\" class=\"wp-image-25334 aligncenter\" src=\"https:\/\/noticiasemdestaque.com\/cd\/wp-content\/uploads\/2020\/06\/18mar2020-o-ministro-do-stf-supremo-tribunal-federal-luis-roberto-barroso-em-sessao-administrativa-da-corte-1590524712598_v2_900x506.jpg\" alt=\"\" width=\"468\" height=\"263\" srcset=\"https:\/\/noticiasemdestaque.com\/cd\/wp-content\/uploads\/2020\/06\/18mar2020-o-ministro-do-stf-supremo-tribunal-federal-luis-roberto-barroso-em-sessao-administrativa-da-corte-1590524712598_v2_900x506.jpg 900w, https:\/\/noticiasemdestaque.com\/cd\/wp-content\/uploads\/2020\/06\/18mar2020-o-ministro-do-stf-supremo-tribunal-federal-luis-roberto-barroso-em-sessao-administrativa-da-corte-1590524712598_v2_900x506-300x169.jpg 300w, https:\/\/noticiasemdestaque.com\/cd\/wp-content\/uploads\/2020\/06\/18mar2020-o-ministro-do-stf-supremo-tribunal-federal-luis-roberto-barroso-em-sessao-administrativa-da-corte-1590524712598_v2_900x506-768x432.jpg 768w\" sizes=\"(max-width: 468px) 100vw, 468px\" \/><\/a><\/p>\n<p>&nbsp;<\/p>\n<p>Presidente do Tribunal Superior Eleitoral, o ministro Lu\u00eds Roberto Barroso falou sobre os planos do TSE e sugeriu o adiamento das elei\u00e7\u00f5es municipais deste ano em raz\u00e3o dos impactos da pandemia de covid-19. O ministro comentou sobre o assunto em uma entrevista para o Estado de S. Paulo, que foi publicada hoje (14).<\/p>\n<p>&#8220;Acho que est\u00e1 chegando a hora de se ter uma decis\u00e3o sobre isso. Como isso foi encaminhado: eu me reuni por videoconfer\u00eancia com m\u00e9dicos de diferentes especialidades altamente respeitados nas suas \u00e1reas. Todos eles opinaram no sentido da conveni\u00eancia de se adiarem as elei\u00e7\u00f5es por algumas semanas. Pela percep\u00e7\u00e3o que, possivelmente em setembro, a curva da doen\u00e7a j\u00e1 estaria decrescendo. Como a gente precisa programar isso com alguma anteced\u00eancia, sugerimos adiar por algumas semanas. Mas a decis\u00e3o \u00e9 do Congresso&#8221;, afirmou Barroso.<\/p>\n<p>De acordo com o ministro, a sugest\u00e3o j\u00e1 foi encaminhada ao presidente do Senado, Davi Alcolumbre, e para o presidente da C\u00e2mara, Rodrigo Maia.<\/p>\n<p>&#8220;A sugest\u00e3o do TSE \u00e9 uma janela que vai de 15 de novembro at\u00e9 20 de dezembro. Seria um prazo limite para o segundo turno, para que possamos dar posse at\u00e9 o dia 1\u00ba de janeiro. Portanto, eu transmiti essas informa\u00e7\u00f5es dos m\u00e9dicos para o presidente do Senado, Davi Alcolumbre, e para o presidente da C\u00e2mara, Rodrigo Maia. Eles nos pediram que reun\u00edssemos os m\u00e9dicos numa videoconfer\u00eancia para reiterar a posi\u00e7\u00e3o deles aos l\u00edderes dos partidos, o que est\u00e1 previsto para ser em breve. E a\u00ed, diante dessas informa\u00e7\u00f5es, o Congresso deliberar\u00e1&#8221;, explicou ele.<\/p>\n<p><em><strong>Not\u00edcias em Destaque<\/strong><\/em><\/p>\n<p>Com Uol<\/p>\n","protected":false},"excerpt":{"rendered":"<p>&nbsp; Presidente do Tribunal Superior Eleitoral, o ministro Lu\u00eds Roberto Barroso falou sobre os planos do TSE e sugeriu o adiamento das elei\u00e7\u00f5es municipais deste ano em raz\u00e3o dos impactos da pandemia de covid-19. O ministro comentou sobre o assunto em uma entrevista para o Estado de S. Paulo, que foi publicada hoje (14). &#8220;Acho que est\u00e1 chegando a hora de se ter uma decis\u00e3o sobre isso. Como isso foi encaminhado: eu me reuni por videoconfer\u00eancia com m\u00e9dicos de diferentes especialidades altamente respeitados nas suas \u00e1reas. Todos eles opinaram no sentido da conveni\u00eancia de se adiarem as elei\u00e7\u00f5es por algumas semanas. Pela percep\u00e7\u00e3o que, possivelmente em setembro, a curva da doen\u00e7a j\u00e1 estaria decrescendo. Como a gente precisa programar isso com alguma anteced\u00eancia, sugerimos adiar por algumas semanas. Mas a decis\u00e3o \u00e9 do Congresso&#8221;, afirmou Barroso. De acordo com o ministro, a sugest\u00e3o j\u00e1 foi encaminhada ao presidente do Senado, Davi Alcolumbre, e para o presidente da C\u00e2mara, Rodrigo Maia. &#8220;A sugest\u00e3o do TSE \u00e9 uma janela que vai de 15 de novembro at\u00e9 20 de dezembro. Seria um prazo limite para o segundo turno, para que possamos dar posse at\u00e9 o dia 1\u00ba de janeiro. Portanto, eu transmiti essas informa\u00e7\u00f5es dos m\u00e9dicos para o presidente do Senado, Davi Alcolumbre, e para o presidente da C\u00e2mara, Rodrigo Maia. Eles nos pediram que reun\u00edssemos os m\u00e9dicos numa videoconfer\u00eancia para reiterar a posi\u00e7\u00e3o deles aos l\u00edderes dos partidos, o que est\u00e1 previsto para ser em breve. E a\u00ed, diante dessas informa\u00e7\u00f5es, o Congresso deliberar\u00e1&#8221;, explicou ele. Not\u00edcias em Destaque Com Uol<\/p>\n","protected":false},"author":2,"featured_media":24401,"comment_status":"closed","ping_status":"open","sticky":false,"template":"","format":"standard","meta":{"_eb_attr":"","_jetpack_memberships_contains_paid_content":false,"footnotes":""},"categories":[4],"tags":[],"class_list":["post-25333","post","type-post","status-publish","format-standard","has-post-thumbnail","hentry","category-politica"],"yoast_head":"<!-- This site is optimized with the Yoast SEO plugin v26.5 - https:\/\/yoast.com\/wordpress\/plugins\/seo\/ -->\n<title>Presidente do TSE, Lu\u00eds Barroso sugere adiar elei\u00e7\u00f5es municipais - Not&iacute;cias em Destaque<\/title>\n<meta name=\"robots\" content=\"index, follow, max-snippet:-1, max-image-preview:large, max-video-preview:-1\" \/>\n<link rel=\"canonical\" href=\"https:\/\/noticiasemdestaque.com\/cd\/?p=25333\" \/>\n<meta property=\"og:locale\" content=\"pt_BR\" \/>\n<meta property=\"og:type\" content=\"article\" \/>\n<meta property=\"og:title\" content=\"Presidente do TSE, Lu\u00eds Barroso sugere adiar elei\u00e7\u00f5es municipais - Not&iacute;cias em Destaque\" \/>\n<meta property=\"og:description\" content=\"&nbsp; Presidente do Tribunal Superior Eleitoral, o ministro Lu\u00eds Roberto Barroso falou sobre os planos do TSE e sugeriu o adiamento das elei\u00e7\u00f5es municipais deste ano em raz\u00e3o dos impactos da pandemia de covid-19. O ministro comentou sobre o assunto em uma entrevista para o Estado de S. Paulo, que foi publicada hoje (14). &#8220;Acho que est\u00e1 chegando a hora de se ter uma decis\u00e3o sobre isso. Como isso foi encaminhado: eu me reuni por videoconfer\u00eancia com m\u00e9dicos de diferentes especialidades altamente respeitados nas suas \u00e1reas. Todos eles opinaram no sentido da conveni\u00eancia de se adiarem as elei\u00e7\u00f5es por algumas semanas. Pela percep\u00e7\u00e3o que, possivelmente em setembro, a curva da doen\u00e7a j\u00e1 estaria decrescendo. Como a gente precisa programar isso com alguma anteced\u00eancia, sugerimos adiar por algumas semanas. Mas a decis\u00e3o \u00e9 do Congresso&#8221;, afirmou Barroso. De acordo com o ministro, a sugest\u00e3o j\u00e1 foi encaminhada ao presidente do Senado, Davi Alcolumbre, e para o presidente da C\u00e2mara, Rodrigo Maia. &#8220;A sugest\u00e3o do TSE \u00e9 uma janela que vai de 15 de novembro at\u00e9 20 de dezembro. Seria um prazo limite para o segundo turno, para que possamos dar posse at\u00e9 o dia 1\u00ba de janeiro. Portanto, eu transmiti essas informa\u00e7\u00f5es dos m\u00e9dicos para o presidente do Senado, Davi Alcolumbre, e para o presidente da C\u00e2mara, Rodrigo Maia. Eles nos pediram que reun\u00edssemos os m\u00e9dicos numa videoconfer\u00eancia para reiterar a posi\u00e7\u00e3o deles aos l\u00edderes dos partidos, o que est\u00e1 previsto para ser em breve. E a\u00ed, diante dessas informa\u00e7\u00f5es, o Congresso deliberar\u00e1&#8221;, explicou ele. Not\u00edcias em Destaque Com Uol\" \/>\n<meta property=\"og:url\" content=\"https:\/\/noticiasemdestaque.com\/cd\/?p=25333\" \/>\n<meta property=\"og:site_name\" content=\"Not&iacute;cias em Destaque\" \/>\n<meta property=\"article:published_time\" content=\"2020-06-14T19:51:38+00:00\" \/>\n<meta property=\"og:image\" content=\"https:\/\/noticiasemdestaque.com\/cd\/wp-content\/uploads\/2020\/04\/PAG-2-elei\u00e7\u00f5es-2020.png\" \/>\n\t<meta property=\"og:image:width\" content=\"683\" \/>\n\t<meta property=\"og:image:height\" content=\"464\" \/>\n\t<meta property=\"og:image:type\" content=\"image\/png\" \/>\n<meta name=\"author\" content=\"Not\u00edcias em Destaque\" \/>\n<meta name=\"twitter:card\" content=\"summary_large_image\" \/>\n<meta name=\"twitter:label1\" content=\"Escrito por\" \/>\n\t<meta name=\"twitter:data1\" content=\"Not\u00edcias em Destaque\" \/>\n\t<meta name=\"twitter:label2\" content=\"Est. tempo de leitura\" \/>\n\t<meta name=\"twitter:data2\" content=\"1 minuto\" \/>\n<script type=\"application\/ld+json\" class=\"yoast-schema-graph\">{\"@context\":\"https:\/\/schema.org\",\"@graph\":[{\"@type\":\"Article\",\"@id\":\"https:\/\/noticiasemdestaque.com\/cd\/?p=25333#article\",\"isPartOf\":{\"@id\":\"https:\/\/noticiasemdestaque.com\/cd\/?p=25333\"},\"author\":{\"name\":\"Not\u00edcias em Destaque\",\"@id\":\"https:\/\/noticiasemdestaque.com\/cd\/#\/schema\/person\/21320b03a7e8bb90128938dafc9b908a\"},\"headline\":\"Presidente do TSE, Lu\u00eds Barroso sugere adiar elei\u00e7\u00f5es municipais\",\"datePublished\":\"2020-06-14T19:51:38+00:00\",\"mainEntityOfPage\":{\"@id\":\"https:\/\/noticiasemdestaque.com\/cd\/?p=25333\"},\"wordCount\":289,\"publisher\":{\"@id\":\"https:\/\/noticiasemdestaque.com\/cd\/#organization\"},\"image\":{\"@id\":\"https:\/\/noticiasemdestaque.com\/cd\/?p=25333#primaryimage\"},\"thumbnailUrl\":\"https:\/\/noticiasemdestaque.com\/cd\/wp-content\/uploads\/2020\/04\/PAG-2-elei\u00e7\u00f5es-2020.png\",\"articleSection\":[\"Pol\u00edtica\"],\"inLanguage\":\"pt-BR\"},{\"@type\":\"WebPage\",\"@id\":\"https:\/\/noticiasemdestaque.com\/cd\/?p=25333\",\"url\":\"https:\/\/noticiasemdestaque.com\/cd\/?p=25333\",\"name\":\"Presidente do TSE, Lu\u00eds Barroso sugere adiar elei\u00e7\u00f5es municipais - Not&iacute;cias em Destaque\",\"isPartOf\":{\"@id\":\"https:\/\/noticiasemdestaque.com\/cd\/#website\"},\"primaryImageOfPage\":{\"@id\":\"https:\/\/noticiasemdestaque.com\/cd\/?p=25333#primaryimage\"},\"image\":{\"@id\":\"https:\/\/noticiasemdestaque.com\/cd\/?p=25333#primaryimage\"},\"thumbnailUrl\":\"https:\/\/noticiasemdestaque.com\/cd\/wp-content\/uploads\/2020\/04\/PAG-2-elei\u00e7\u00f5es-2020.png\",\"datePublished\":\"2020-06-14T19:51:38+00:00\",\"breadcrumb\":{\"@id\":\"https:\/\/noticiasemdestaque.com\/cd\/?p=25333#breadcrumb\"},\"inLanguage\":\"pt-BR\",\"potentialAction\":[{\"@type\":\"ReadAction\",\"target\":[\"https:\/\/noticiasemdestaque.com\/cd\/?p=25333\"]}]},{\"@type\":\"ImageObject\",\"inLanguage\":\"pt-BR\",\"@id\":\"https:\/\/noticiasemdestaque.com\/cd\/?p=25333#primaryimage\",\"url\":\"https:\/\/noticiasemdestaque.com\/cd\/wp-content\/uploads\/2020\/04\/PAG-2-elei\u00e7\u00f5es-2020.png\",\"contentUrl\":\"https:\/\/noticiasemdestaque.com\/cd\/wp-content\/uploads\/2020\/04\/PAG-2-elei\u00e7\u00f5es-2020.png\",\"width\":683,\"height\":464},{\"@type\":\"BreadcrumbList\",\"@id\":\"https:\/\/noticiasemdestaque.com\/cd\/?p=25333#breadcrumb\",\"itemListElement\":[{\"@type\":\"ListItem\",\"position\":1,\"name\":\"In\u00edcio\",\"item\":\"https:\/\/noticiasemdestaque.com\/cd\/\"},{\"@type\":\"ListItem\",\"position\":2,\"name\":\"Presidente do TSE, Lu\u00eds Barroso sugere adiar elei\u00e7\u00f5es municipais\"}]},{\"@type\":\"WebSite\",\"@id\":\"https:\/\/noticiasemdestaque.com\/cd\/#website\",\"url\":\"https:\/\/noticiasemdestaque.com\/cd\/\",\"name\":\"Not&iacute;cias em Destaque\",\"description\":\"\",\"publisher\":{\"@id\":\"https:\/\/noticiasemdestaque.com\/cd\/#organization\"},\"potentialAction\":[{\"@type\":\"SearchAction\",\"target\":{\"@type\":\"EntryPoint\",\"urlTemplate\":\"https:\/\/noticiasemdestaque.com\/cd\/?s={search_term_string}\"},\"query-input\":{\"@type\":\"PropertyValueSpecification\",\"valueRequired\":true,\"valueName\":\"search_term_string\"}}],\"inLanguage\":\"pt-BR\"},{\"@type\":\"Organization\",\"@id\":\"https:\/\/noticiasemdestaque.com\/cd\/#organization\",\"name\":\"Not\u00edcias em Destaque\",\"url\":\"https:\/\/noticiasemdestaque.com\/cd\/\",\"logo\":{\"@type\":\"ImageObject\",\"inLanguage\":\"pt-BR\",\"@id\":\"https:\/\/noticiasemdestaque.com\/cd\/#\/schema\/logo\/image\/\",\"url\":\"https:\/\/noticiasemdestaque.com\/cd\/wp-content\/uploads\/2022\/05\/imagem-base-noticiasemdestaque.png\",\"contentUrl\":\"https:\/\/noticiasemdestaque.com\/cd\/wp-content\/uploads\/2022\/05\/imagem-base-noticiasemdestaque.png\",\"width\":1200,\"height\":630,\"caption\":\"Not\u00edcias em Destaque\"},\"image\":{\"@id\":\"https:\/\/noticiasemdestaque.com\/cd\/#\/schema\/logo\/image\/\"}},{\"@type\":\"Person\",\"@id\":\"https:\/\/noticiasemdestaque.com\/cd\/#\/schema\/person\/21320b03a7e8bb90128938dafc9b908a\",\"name\":\"Not\u00edcias em Destaque\",\"url\":\"https:\/\/noticiasemdestaque.com\/cd\/?author=2\"}]}<\/script>\n<!-- \/ Yoast SEO plugin. -->","yoast_head_json":{"title":"Presidente do TSE, Lu\u00eds Barroso sugere adiar elei\u00e7\u00f5es municipais - Not&iacute;cias em Destaque","robots":{"index":"index","follow":"follow","max-snippet":"max-snippet:-1","max-image-preview":"max-image-preview:large","max-video-preview":"max-video-preview:-1"},"canonical":"https:\/\/noticiasemdestaque.com\/cd\/?p=25333","og_locale":"pt_BR","og_type":"article","og_title":"Presidente do TSE, Lu\u00eds Barroso sugere adiar elei\u00e7\u00f5es municipais - Not&iacute;cias em Destaque","og_description":"&nbsp; Presidente do Tribunal Superior Eleitoral, o ministro Lu\u00eds Roberto Barroso falou sobre os planos do TSE e sugeriu o adiamento das elei\u00e7\u00f5es municipais deste ano em raz\u00e3o dos impactos da pandemia de covid-19. O ministro comentou sobre o assunto em uma entrevista para o Estado de S. Paulo, que foi publicada hoje (14). &#8220;Acho que est\u00e1 chegando a hora de se ter uma decis\u00e3o sobre isso. Como isso foi encaminhado: eu me reuni por videoconfer\u00eancia com m\u00e9dicos de diferentes especialidades altamente respeitados nas suas \u00e1reas. Todos eles opinaram no sentido da conveni\u00eancia de se adiarem as elei\u00e7\u00f5es por algumas semanas. Pela percep\u00e7\u00e3o que, possivelmente em setembro, a curva da doen\u00e7a j\u00e1 estaria decrescendo. Como a gente precisa programar isso com alguma anteced\u00eancia, sugerimos adiar por algumas semanas. Mas a decis\u00e3o \u00e9 do Congresso&#8221;, afirmou Barroso. De acordo com o ministro, a sugest\u00e3o j\u00e1 foi encaminhada ao presidente do Senado, Davi Alcolumbre, e para o presidente da C\u00e2mara, Rodrigo Maia. &#8220;A sugest\u00e3o do TSE \u00e9 uma janela que vai de 15 de novembro at\u00e9 20 de dezembro. Seria um prazo limite para o segundo turno, para que possamos dar posse at\u00e9 o dia 1\u00ba de janeiro. Portanto, eu transmiti essas informa\u00e7\u00f5es dos m\u00e9dicos para o presidente do Senado, Davi Alcolumbre, e para o presidente da C\u00e2mara, Rodrigo Maia. Eles nos pediram que reun\u00edssemos os m\u00e9dicos numa videoconfer\u00eancia para reiterar a posi\u00e7\u00e3o deles aos l\u00edderes dos partidos, o que est\u00e1 previsto para ser em breve. E a\u00ed, diante dessas informa\u00e7\u00f5es, o Congresso deliberar\u00e1&#8221;, explicou ele. Not\u00edcias em Destaque Com Uol","og_url":"https:\/\/noticiasemdestaque.com\/cd\/?p=25333","og_site_name":"Not&iacute;cias em Destaque","article_published_time":"2020-06-14T19:51:38+00:00","og_image":[{"width":683,"height":464,"url":"https:\/\/noticiasemdestaque.com\/cd\/wp-content\/uploads\/2020\/04\/PAG-2-elei\u00e7\u00f5es-2020.png","type":"image\/png"}],"author":"Not\u00edcias em Destaque","twitter_card":"summary_large_image","twitter_misc":{"Escrito por":"Not\u00edcias em Destaque","Est. tempo de leitura":"1 minuto"},"schema":{"@context":"https:\/\/schema.org","@graph":[{"@type":"Article","@id":"https:\/\/noticiasemdestaque.com\/cd\/?p=25333#article","isPartOf":{"@id":"https:\/\/noticiasemdestaque.com\/cd\/?p=25333"},"author":{"name":"Not\u00edcias em Destaque","@id":"https:\/\/noticiasemdestaque.com\/cd\/#\/schema\/person\/21320b03a7e8bb90128938dafc9b908a"},"headline":"Presidente do TSE, Lu\u00eds Barroso sugere adiar elei\u00e7\u00f5es municipais","datePublished":"2020-06-14T19:51:38+00:00","mainEntityOfPage":{"@id":"https:\/\/noticiasemdestaque.com\/cd\/?p=25333"},"wordCount":289,"publisher":{"@id":"https:\/\/noticiasemdestaque.com\/cd\/#organization"},"image":{"@id":"https:\/\/noticiasemdestaque.com\/cd\/?p=25333#primaryimage"},"thumbnailUrl":"https:\/\/noticiasemdestaque.com\/cd\/wp-content\/uploads\/2020\/04\/PAG-2-elei\u00e7\u00f5es-2020.png","articleSection":["Pol\u00edtica"],"inLanguage":"pt-BR"},{"@type":"WebPage","@id":"https:\/\/noticiasemdestaque.com\/cd\/?p=25333","url":"https:\/\/noticiasemdestaque.com\/cd\/?p=25333","name":"Presidente do TSE, Lu\u00eds Barroso sugere adiar elei\u00e7\u00f5es municipais - Not&iacute;cias em Destaque","isPartOf":{"@id":"https:\/\/noticiasemdestaque.com\/cd\/#website"},"primaryImageOfPage":{"@id":"https:\/\/noticiasemdestaque.com\/cd\/?p=25333#primaryimage"},"image":{"@id":"https:\/\/noticiasemdestaque.com\/cd\/?p=25333#primaryimage"},"thumbnailUrl":"https:\/\/noticiasemdestaque.com\/cd\/wp-content\/uploads\/2020\/04\/PAG-2-elei\u00e7\u00f5es-2020.png","datePublished":"2020-06-14T19:51:38+00:00","breadcrumb":{"@id":"https:\/\/noticiasemdestaque.com\/cd\/?p=25333#breadcrumb"},"inLanguage":"pt-BR","potentialAction":[{"@type":"ReadAction","target":["https:\/\/noticiasemdestaque.com\/cd\/?p=25333"]}]},{"@type":"ImageObject","inLanguage":"pt-BR","@id":"https:\/\/noticiasemdestaque.com\/cd\/?p=25333#primaryimage","url":"https:\/\/noticiasemdestaque.com\/cd\/wp-content\/uploads\/2020\/04\/PAG-2-elei\u00e7\u00f5es-2020.png","contentUrl":"https:\/\/noticiasemdestaque.com\/cd\/wp-content\/uploads\/2020\/04\/PAG-2-elei\u00e7\u00f5es-2020.png","width":683,"height":464},{"@type":"BreadcrumbList","@id":"https:\/\/noticiasemdestaque.com\/cd\/?p=25333#breadcrumb","itemListElement":[{"@type":"ListItem","position":1,"name":"In\u00edcio","item":"https:\/\/noticiasemdestaque.com\/cd\/"},{"@type":"ListItem","position":2,"name":"Presidente do TSE, Lu\u00eds Barroso sugere adiar elei\u00e7\u00f5es municipais"}]},{"@type":"WebSite","@id":"https:\/\/noticiasemdestaque.com\/cd\/#website","url":"https:\/\/noticiasemdestaque.com\/cd\/","name":"Not&iacute;cias em Destaque","description":"","publisher":{"@id":"https:\/\/noticiasemdestaque.com\/cd\/#organization"},"potentialAction":[{"@type":"SearchAction","target":{"@type":"EntryPoint","urlTemplate":"https:\/\/noticiasemdestaque.com\/cd\/?s={search_term_string}"},"query-input":{"@type":"PropertyValueSpecification","valueRequired":true,"valueName":"search_term_string"}}],"inLanguage":"pt-BR"},{"@type":"Organization","@id":"https:\/\/noticiasemdestaque.com\/cd\/#organization","name":"Not\u00edcias em Destaque","url":"https:\/\/noticiasemdestaque.com\/cd\/","logo":{"@type":"ImageObject","inLanguage":"pt-BR","@id":"https:\/\/noticiasemdestaque.com\/cd\/#\/schema\/logo\/image\/","url":"https:\/\/noticiasemdestaque.com\/cd\/wp-content\/uploads\/2022\/05\/imagem-base-noticiasemdestaque.png","contentUrl":"https:\/\/noticiasemdestaque.com\/cd\/wp-content\/uploads\/2022\/05\/imagem-base-noticiasemdestaque.png","width":1200,"height":630,"caption":"Not\u00edcias em Destaque"},"image":{"@id":"https:\/\/noticiasemdestaque.com\/cd\/#\/schema\/logo\/image\/"}},{"@type":"Person","@id":"https:\/\/noticiasemdestaque.com\/cd\/#\/schema\/person\/21320b03a7e8bb90128938dafc9b908a","name":"Not\u00edcias em Destaque","url":"https:\/\/noticiasemdestaque.com\/cd\/?author=2"}]}},"jetpack_featured_media_url":"https:\/\/noticiasemdestaque.com\/cd\/wp-content\/uploads\/2020\/04\/PAG-2-elei\u00e7\u00f5es-2020.png","jetpack_sharing_enabled":true,"_links":{"self":[{"href":"https:\/\/noticiasemdestaque.com\/cd\/index.php?rest_route=\/wp\/v2\/posts\/25333","targetHints":{"allow":["GET"]}}],"collection":[{"href":"https:\/\/noticiasemdestaque.com\/cd\/index.php?rest_route=\/wp\/v2\/posts"}],"about":[{"href":"https:\/\/noticiasemdestaque.com\/cd\/index.php?rest_route=\/wp\/v2\/types\/post"}],"author":[{"embeddable":true,"href":"https:\/\/noticiasemdestaque.com\/cd\/index.php?rest_route=\/wp\/v2\/users\/2"}],"replies":[{"embeddable":true,"href":"https:\/\/noticiasemdestaque.com\/cd\/index.php?rest_route=%2Fwp%2Fv2%2Fcomments&post=25333"}],"version-history":[{"count":1,"href":"https:\/\/noticiasemdestaque.com\/cd\/index.php?rest_route=\/wp\/v2\/posts\/25333\/revisions"}],"predecessor-version":[{"id":25335,"href":"https:\/\/noticiasemdestaque.com\/cd\/index.php?rest_route=\/wp\/v2\/posts\/25333\/revisions\/25335"}],"wp:featuredmedia":[{"embeddable":true,"href":"https:\/\/noticiasemdestaque.com\/cd\/index.php?rest_route=\/wp\/v2\/media\/24401"}],"wp:attachment":[{"href":"https:\/\/noticiasemdestaque.com\/cd\/index.php?rest_route=%2Fwp%2Fv2%2Fmedia&parent=25333"}],"wp:term":[{"taxonomy":"category","embeddable":true,"href":"https:\/\/noticiasemdestaque.com\/cd\/index.php?rest_route=%2Fwp%2Fv2%2Fcategories&post=25333"},{"taxonomy":"post_tag","embeddable":true,"href":"https:\/\/noticiasemdestaque.com\/cd\/index.php?rest_route=%2Fwp%2Fv2%2Ftags&post=25333"}],"curies":[{"name":"wp","href":"https:\/\/api.w.org\/{rel}","templated":true}]}}