{"id":25326,"date":"2020-06-14T16:00:58","date_gmt":"2020-06-14T19:00:58","guid":{"rendered":"http:\/\/noticiasemdestaque.com\/cd\/?p=25326"},"modified":"2020-06-14T16:00:58","modified_gmt":"2020-06-14T19:00:58","slug":"morre-em-jp-o-prefeito-de-guarabira-e-ex-deputado-zenobio-toscano","status":"publish","type":"post","link":"https:\/\/noticiasemdestaque.com\/cd\/?p=25326","title":{"rendered":"Morre em JP o prefeito de Guarabira e ex-deputado Zen\u00f3bio Toscano"},"content":{"rendered":"<p><a href=\"https:\/\/noticiasemdestaque.com\/cd\/wp-content\/uploads\/2020\/06\/Zen\u00f3bio-Toscano-1.jpg\"><img fetchpriority=\"high\" decoding=\"async\" class=\"wp-image-25327 aligncenter\" src=\"https:\/\/noticiasemdestaque.com\/cd\/wp-content\/uploads\/2020\/06\/Zen\u00f3bio-Toscano-1.jpg\" alt=\"\" width=\"529\" height=\"275\" srcset=\"https:\/\/noticiasemdestaque.com\/cd\/wp-content\/uploads\/2020\/06\/Zen\u00f3bio-Toscano-1.jpg 750w, https:\/\/noticiasemdestaque.com\/cd\/wp-content\/uploads\/2020\/06\/Zen\u00f3bio-Toscano-1-300x156.jpg 300w\" sizes=\"(max-width: 529px) 100vw, 529px\" \/><\/a><\/p>\n<p>Faleceu em hospital particular de Jo\u00e3o Pessoa, na tarde deste domingo (14), o prefeito de Guarabira e ex-deputado estadual Zen\u00f3bio Toscano, aos 74 anos, v\u00edtima de um acidente vascular cerebral (AVC) hemorr\u00e1gico. A confirma\u00e7\u00e3o da morte foi fornecida pela filha dele, a deputada estadual Camila Toscano, atrav\u00e9s de nota oficial, e pela assessoria de imprensa da unidade de sa\u00fade. Ele j\u00e1 estava afastado da prefeitura desde maio de 2019, quando sofreu um AVC isqu\u00eamico, do qual vinha se recuperando.<\/p>\n<p>Segundo o comunicado, desta vez Zen\u00f3bio estava internado desde o dia 6 de junho e se recuperava bem da Covid-19, mas, nesse s\u00e1bado (13), sofreu o novo AVC, o que agravou o quadro de sa\u00fade, levando-o \u00e0 morte.<\/p>\n<p>\u201cEle era marido amoroso, pai dedicado, av\u00f4 afetuoso e exemplo de homem p\u00fablico, que muito colaborou para o desenvolvimento da nossa Para\u00edba. Neste momento de dor, nos orgulha dizer que Zen\u00f3bio deixa um legado por todo o trabalho que desenvolveu para que nosso Estado tivesse dias melhores, com mais igualdade. Tudo isso sem descuidar da fam\u00edlia e sem deixar de dar aten\u00e7\u00e3o aos amigos. Queremos agradecer a todos pelas ora\u00e7\u00f5es e o apoio dado a nossa fam\u00edlia durante todo o tempo em que Zen\u00f3bio Toscano esteve doente. N\u00e3o Temos palavras para agradecer tamanho carinho por ele e por todos n\u00f3s da fam\u00edlia. Este \u00e9 um momento de muita tristeza para todos n\u00f3s, pois perdemos uma pessoa querida, que amamos e que nos serve de inspira\u00e7\u00e3o todos os dias\u201d, diz nota da deputada Camila Toscano.<\/p>\n<p><em><strong>Not\u00edcias em Destaque<\/strong><\/em><\/p>\n<p>Com Portal Correio<\/p>\n","protected":false},"excerpt":{"rendered":"<p>Faleceu em hospital particular de Jo\u00e3o Pessoa, na tarde deste domingo (14), o prefeito de Guarabira e ex-deputado estadual Zen\u00f3bio Toscano, aos 74 anos, v\u00edtima de um acidente vascular cerebral (AVC) hemorr\u00e1gico. A confirma\u00e7\u00e3o da morte foi fornecida pela filha dele, a deputada estadual Camila Toscano, atrav\u00e9s de nota oficial, e pela assessoria de imprensa da unidade de sa\u00fade. Ele j\u00e1 estava afastado da prefeitura desde maio de 2019, quando sofreu um AVC isqu\u00eamico, do qual vinha se recuperando. Segundo o comunicado, desta vez Zen\u00f3bio estava internado desde o dia 6 de junho e se recuperava bem da Covid-19, mas, nesse s\u00e1bado (13), sofreu o novo AVC, o que agravou o quadro de sa\u00fade, levando-o \u00e0 morte. \u201cEle era marido amoroso, pai dedicado, av\u00f4 afetuoso e exemplo de homem p\u00fablico, que muito colaborou para o desenvolvimento da nossa Para\u00edba. Neste momento de dor, nos orgulha dizer que Zen\u00f3bio deixa um legado por todo o trabalho que desenvolveu para que nosso Estado tivesse dias melhores, com mais igualdade. Tudo isso sem descuidar da fam\u00edlia e sem deixar de dar aten\u00e7\u00e3o aos amigos. Queremos agradecer a todos pelas ora\u00e7\u00f5es e o apoio dado a nossa fam\u00edlia durante todo o tempo em que Zen\u00f3bio Toscano esteve doente. N\u00e3o Temos palavras para agradecer tamanho carinho por ele e por todos n\u00f3s da fam\u00edlia. Este \u00e9 um momento de muita tristeza para todos n\u00f3s, pois perdemos uma pessoa querida, que amamos e que nos serve de inspira\u00e7\u00e3o todos os dias\u201d, diz nota da deputada Camila Toscano. Not\u00edcias em Destaque Com Portal Correio<\/p>\n","protected":false},"author":2,"featured_media":25327,"comment_status":"closed","ping_status":"open","sticky":false,"template":"","format":"standard","meta":{"_eb_attr":"","_jetpack_memberships_contains_paid_content":false,"footnotes":""},"categories":[4],"tags":[],"class_list":["post-25326","post","type-post","status-publish","format-standard","has-post-thumbnail","hentry","category-politica"],"yoast_head":"<!-- This site is optimized with the Yoast SEO plugin v26.5 - https:\/\/yoast.com\/wordpress\/plugins\/seo\/ -->\n<title>Morre em JP o prefeito de Guarabira e ex-deputado Zen\u00f3bio Toscano - Not&iacute;cias em Destaque<\/title>\n<meta name=\"robots\" content=\"index, follow, max-snippet:-1, max-image-preview:large, max-video-preview:-1\" \/>\n<link rel=\"canonical\" href=\"https:\/\/noticiasemdestaque.com\/cd\/?p=25326\" \/>\n<meta property=\"og:locale\" content=\"pt_BR\" \/>\n<meta property=\"og:type\" content=\"article\" \/>\n<meta property=\"og:title\" content=\"Morre em JP o prefeito de Guarabira e ex-deputado Zen\u00f3bio Toscano - Not&iacute;cias em Destaque\" \/>\n<meta property=\"og:description\" content=\"Faleceu em hospital particular de Jo\u00e3o Pessoa, na tarde deste domingo (14), o prefeito de Guarabira e ex-deputado estadual Zen\u00f3bio Toscano, aos 74 anos, v\u00edtima de um acidente vascular cerebral (AVC) hemorr\u00e1gico. A confirma\u00e7\u00e3o da morte foi fornecida pela filha dele, a deputada estadual Camila Toscano, atrav\u00e9s de nota oficial, e pela assessoria de imprensa da unidade de sa\u00fade. Ele j\u00e1 estava afastado da prefeitura desde maio de 2019, quando sofreu um AVC isqu\u00eamico, do qual vinha se recuperando. Segundo o comunicado, desta vez Zen\u00f3bio estava internado desde o dia 6 de junho e se recuperava bem da Covid-19, mas, nesse s\u00e1bado (13), sofreu o novo AVC, o que agravou o quadro de sa\u00fade, levando-o \u00e0 morte. \u201cEle era marido amoroso, pai dedicado, av\u00f4 afetuoso e exemplo de homem p\u00fablico, que muito colaborou para o desenvolvimento da nossa Para\u00edba. Neste momento de dor, nos orgulha dizer que Zen\u00f3bio deixa um legado por todo o trabalho que desenvolveu para que nosso Estado tivesse dias melhores, com mais igualdade. Tudo isso sem descuidar da fam\u00edlia e sem deixar de dar aten\u00e7\u00e3o aos amigos. Queremos agradecer a todos pelas ora\u00e7\u00f5es e o apoio dado a nossa fam\u00edlia durante todo o tempo em que Zen\u00f3bio Toscano esteve doente. N\u00e3o Temos palavras para agradecer tamanho carinho por ele e por todos n\u00f3s da fam\u00edlia. Este \u00e9 um momento de muita tristeza para todos n\u00f3s, pois perdemos uma pessoa querida, que amamos e que nos serve de inspira\u00e7\u00e3o todos os dias\u201d, diz nota da deputada Camila Toscano. Not\u00edcias em Destaque Com Portal Correio\" \/>\n<meta property=\"og:url\" content=\"https:\/\/noticiasemdestaque.com\/cd\/?p=25326\" \/>\n<meta property=\"og:site_name\" content=\"Not&iacute;cias em Destaque\" \/>\n<meta property=\"article:published_time\" content=\"2020-06-14T19:00:58+00:00\" \/>\n<meta property=\"og:image\" content=\"https:\/\/noticiasemdestaque.com\/cd\/wp-content\/uploads\/2020\/06\/Zen\u00f3bio-Toscano-1.jpg\" \/>\n\t<meta property=\"og:image:width\" content=\"750\" \/>\n\t<meta property=\"og:image:height\" content=\"390\" \/>\n\t<meta property=\"og:image:type\" content=\"image\/jpeg\" \/>\n<meta name=\"author\" content=\"Not\u00edcias em Destaque\" \/>\n<meta name=\"twitter:card\" content=\"summary_large_image\" \/>\n<meta name=\"twitter:label1\" content=\"Escrito por\" \/>\n\t<meta name=\"twitter:data1\" content=\"Not\u00edcias em Destaque\" \/>\n\t<meta name=\"twitter:label2\" content=\"Est. tempo de leitura\" \/>\n\t<meta name=\"twitter:data2\" content=\"1 minuto\" \/>\n<script type=\"application\/ld+json\" class=\"yoast-schema-graph\">{\"@context\":\"https:\/\/schema.org\",\"@graph\":[{\"@type\":\"Article\",\"@id\":\"https:\/\/noticiasemdestaque.com\/cd\/?p=25326#article\",\"isPartOf\":{\"@id\":\"https:\/\/noticiasemdestaque.com\/cd\/?p=25326\"},\"author\":{\"name\":\"Not\u00edcias em Destaque\",\"@id\":\"https:\/\/noticiasemdestaque.com\/cd\/#\/schema\/person\/21320b03a7e8bb90128938dafc9b908a\"},\"headline\":\"Morre em JP o prefeito de Guarabira e ex-deputado Zen\u00f3bio Toscano\",\"datePublished\":\"2020-06-14T19:00:58+00:00\",\"mainEntityOfPage\":{\"@id\":\"https:\/\/noticiasemdestaque.com\/cd\/?p=25326\"},\"wordCount\":287,\"publisher\":{\"@id\":\"https:\/\/noticiasemdestaque.com\/cd\/#organization\"},\"image\":{\"@id\":\"https:\/\/noticiasemdestaque.com\/cd\/?p=25326#primaryimage\"},\"thumbnailUrl\":\"https:\/\/noticiasemdestaque.com\/cd\/wp-content\/uploads\/2020\/06\/Zen\u00f3bio-Toscano-1.jpg\",\"articleSection\":[\"Pol\u00edtica\"],\"inLanguage\":\"pt-BR\"},{\"@type\":\"WebPage\",\"@id\":\"https:\/\/noticiasemdestaque.com\/cd\/?p=25326\",\"url\":\"https:\/\/noticiasemdestaque.com\/cd\/?p=25326\",\"name\":\"Morre em JP o prefeito de Guarabira e ex-deputado Zen\u00f3bio Toscano - Not&iacute;cias em Destaque\",\"isPartOf\":{\"@id\":\"https:\/\/noticiasemdestaque.com\/cd\/#website\"},\"primaryImageOfPage\":{\"@id\":\"https:\/\/noticiasemdestaque.com\/cd\/?p=25326#primaryimage\"},\"image\":{\"@id\":\"https:\/\/noticiasemdestaque.com\/cd\/?p=25326#primaryimage\"},\"thumbnailUrl\":\"https:\/\/noticiasemdestaque.com\/cd\/wp-content\/uploads\/2020\/06\/Zen\u00f3bio-Toscano-1.jpg\",\"datePublished\":\"2020-06-14T19:00:58+00:00\",\"breadcrumb\":{\"@id\":\"https:\/\/noticiasemdestaque.com\/cd\/?p=25326#breadcrumb\"},\"inLanguage\":\"pt-BR\",\"potentialAction\":[{\"@type\":\"ReadAction\",\"target\":[\"https:\/\/noticiasemdestaque.com\/cd\/?p=25326\"]}]},{\"@type\":\"ImageObject\",\"inLanguage\":\"pt-BR\",\"@id\":\"https:\/\/noticiasemdestaque.com\/cd\/?p=25326#primaryimage\",\"url\":\"https:\/\/noticiasemdestaque.com\/cd\/wp-content\/uploads\/2020\/06\/Zen\u00f3bio-Toscano-1.jpg\",\"contentUrl\":\"https:\/\/noticiasemdestaque.com\/cd\/wp-content\/uploads\/2020\/06\/Zen\u00f3bio-Toscano-1.jpg\",\"width\":750,\"height\":390},{\"@type\":\"BreadcrumbList\",\"@id\":\"https:\/\/noticiasemdestaque.com\/cd\/?p=25326#breadcrumb\",\"itemListElement\":[{\"@type\":\"ListItem\",\"position\":1,\"name\":\"In\u00edcio\",\"item\":\"https:\/\/noticiasemdestaque.com\/cd\/\"},{\"@type\":\"ListItem\",\"position\":2,\"name\":\"Morre em JP o prefeito de Guarabira e ex-deputado Zen\u00f3bio Toscano\"}]},{\"@type\":\"WebSite\",\"@id\":\"https:\/\/noticiasemdestaque.com\/cd\/#website\",\"url\":\"https:\/\/noticiasemdestaque.com\/cd\/\",\"name\":\"Not&iacute;cias em Destaque\",\"description\":\"\",\"publisher\":{\"@id\":\"https:\/\/noticiasemdestaque.com\/cd\/#organization\"},\"potentialAction\":[{\"@type\":\"SearchAction\",\"target\":{\"@type\":\"EntryPoint\",\"urlTemplate\":\"https:\/\/noticiasemdestaque.com\/cd\/?s={search_term_string}\"},\"query-input\":{\"@type\":\"PropertyValueSpecification\",\"valueRequired\":true,\"valueName\":\"search_term_string\"}}],\"inLanguage\":\"pt-BR\"},{\"@type\":\"Organization\",\"@id\":\"https:\/\/noticiasemdestaque.com\/cd\/#organization\",\"name\":\"Not\u00edcias em Destaque\",\"url\":\"https:\/\/noticiasemdestaque.com\/cd\/\",\"logo\":{\"@type\":\"ImageObject\",\"inLanguage\":\"pt-BR\",\"@id\":\"https:\/\/noticiasemdestaque.com\/cd\/#\/schema\/logo\/image\/\",\"url\":\"https:\/\/noticiasemdestaque.com\/cd\/wp-content\/uploads\/2022\/05\/imagem-base-noticiasemdestaque.png\",\"contentUrl\":\"https:\/\/noticiasemdestaque.com\/cd\/wp-content\/uploads\/2022\/05\/imagem-base-noticiasemdestaque.png\",\"width\":1200,\"height\":630,\"caption\":\"Not\u00edcias em Destaque\"},\"image\":{\"@id\":\"https:\/\/noticiasemdestaque.com\/cd\/#\/schema\/logo\/image\/\"}},{\"@type\":\"Person\",\"@id\":\"https:\/\/noticiasemdestaque.com\/cd\/#\/schema\/person\/21320b03a7e8bb90128938dafc9b908a\",\"name\":\"Not\u00edcias em Destaque\",\"url\":\"https:\/\/noticiasemdestaque.com\/cd\/?author=2\"}]}<\/script>\n<!-- \/ Yoast SEO plugin. -->","yoast_head_json":{"title":"Morre em JP o prefeito de Guarabira e ex-deputado Zen\u00f3bio Toscano - Not&iacute;cias em Destaque","robots":{"index":"index","follow":"follow","max-snippet":"max-snippet:-1","max-image-preview":"max-image-preview:large","max-video-preview":"max-video-preview:-1"},"canonical":"https:\/\/noticiasemdestaque.com\/cd\/?p=25326","og_locale":"pt_BR","og_type":"article","og_title":"Morre em JP o prefeito de Guarabira e ex-deputado Zen\u00f3bio Toscano - Not&iacute;cias em Destaque","og_description":"Faleceu em hospital particular de Jo\u00e3o Pessoa, na tarde deste domingo (14), o prefeito de Guarabira e ex-deputado estadual Zen\u00f3bio Toscano, aos 74 anos, v\u00edtima de um acidente vascular cerebral (AVC) hemorr\u00e1gico. A confirma\u00e7\u00e3o da morte foi fornecida pela filha dele, a deputada estadual Camila Toscano, atrav\u00e9s de nota oficial, e pela assessoria de imprensa da unidade de sa\u00fade. Ele j\u00e1 estava afastado da prefeitura desde maio de 2019, quando sofreu um AVC isqu\u00eamico, do qual vinha se recuperando. Segundo o comunicado, desta vez Zen\u00f3bio estava internado desde o dia 6 de junho e se recuperava bem da Covid-19, mas, nesse s\u00e1bado (13), sofreu o novo AVC, o que agravou o quadro de sa\u00fade, levando-o \u00e0 morte. \u201cEle era marido amoroso, pai dedicado, av\u00f4 afetuoso e exemplo de homem p\u00fablico, que muito colaborou para o desenvolvimento da nossa Para\u00edba. Neste momento de dor, nos orgulha dizer que Zen\u00f3bio deixa um legado por todo o trabalho que desenvolveu para que nosso Estado tivesse dias melhores, com mais igualdade. Tudo isso sem descuidar da fam\u00edlia e sem deixar de dar aten\u00e7\u00e3o aos amigos. Queremos agradecer a todos pelas ora\u00e7\u00f5es e o apoio dado a nossa fam\u00edlia durante todo o tempo em que Zen\u00f3bio Toscano esteve doente. N\u00e3o Temos palavras para agradecer tamanho carinho por ele e por todos n\u00f3s da fam\u00edlia. Este \u00e9 um momento de muita tristeza para todos n\u00f3s, pois perdemos uma pessoa querida, que amamos e que nos serve de inspira\u00e7\u00e3o todos os dias\u201d, diz nota da deputada Camila Toscano. Not\u00edcias em Destaque Com Portal Correio","og_url":"https:\/\/noticiasemdestaque.com\/cd\/?p=25326","og_site_name":"Not&iacute;cias em Destaque","article_published_time":"2020-06-14T19:00:58+00:00","og_image":[{"width":750,"height":390,"url":"https:\/\/noticiasemdestaque.com\/cd\/wp-content\/uploads\/2020\/06\/Zen\u00f3bio-Toscano-1.jpg","type":"image\/jpeg"}],"author":"Not\u00edcias em Destaque","twitter_card":"summary_large_image","twitter_misc":{"Escrito por":"Not\u00edcias em Destaque","Est. tempo de leitura":"1 minuto"},"schema":{"@context":"https:\/\/schema.org","@graph":[{"@type":"Article","@id":"https:\/\/noticiasemdestaque.com\/cd\/?p=25326#article","isPartOf":{"@id":"https:\/\/noticiasemdestaque.com\/cd\/?p=25326"},"author":{"name":"Not\u00edcias em Destaque","@id":"https:\/\/noticiasemdestaque.com\/cd\/#\/schema\/person\/21320b03a7e8bb90128938dafc9b908a"},"headline":"Morre em JP o prefeito de Guarabira e ex-deputado Zen\u00f3bio Toscano","datePublished":"2020-06-14T19:00:58+00:00","mainEntityOfPage":{"@id":"https:\/\/noticiasemdestaque.com\/cd\/?p=25326"},"wordCount":287,"publisher":{"@id":"https:\/\/noticiasemdestaque.com\/cd\/#organization"},"image":{"@id":"https:\/\/noticiasemdestaque.com\/cd\/?p=25326#primaryimage"},"thumbnailUrl":"https:\/\/noticiasemdestaque.com\/cd\/wp-content\/uploads\/2020\/06\/Zen\u00f3bio-Toscano-1.jpg","articleSection":["Pol\u00edtica"],"inLanguage":"pt-BR"},{"@type":"WebPage","@id":"https:\/\/noticiasemdestaque.com\/cd\/?p=25326","url":"https:\/\/noticiasemdestaque.com\/cd\/?p=25326","name":"Morre em JP o prefeito de Guarabira e ex-deputado Zen\u00f3bio Toscano - Not&iacute;cias em Destaque","isPartOf":{"@id":"https:\/\/noticiasemdestaque.com\/cd\/#website"},"primaryImageOfPage":{"@id":"https:\/\/noticiasemdestaque.com\/cd\/?p=25326#primaryimage"},"image":{"@id":"https:\/\/noticiasemdestaque.com\/cd\/?p=25326#primaryimage"},"thumbnailUrl":"https:\/\/noticiasemdestaque.com\/cd\/wp-content\/uploads\/2020\/06\/Zen\u00f3bio-Toscano-1.jpg","datePublished":"2020-06-14T19:00:58+00:00","breadcrumb":{"@id":"https:\/\/noticiasemdestaque.com\/cd\/?p=25326#breadcrumb"},"inLanguage":"pt-BR","potentialAction":[{"@type":"ReadAction","target":["https:\/\/noticiasemdestaque.com\/cd\/?p=25326"]}]},{"@type":"ImageObject","inLanguage":"pt-BR","@id":"https:\/\/noticiasemdestaque.com\/cd\/?p=25326#primaryimage","url":"https:\/\/noticiasemdestaque.com\/cd\/wp-content\/uploads\/2020\/06\/Zen\u00f3bio-Toscano-1.jpg","contentUrl":"https:\/\/noticiasemdestaque.com\/cd\/wp-content\/uploads\/2020\/06\/Zen\u00f3bio-Toscano-1.jpg","width":750,"height":390},{"@type":"BreadcrumbList","@id":"https:\/\/noticiasemdestaque.com\/cd\/?p=25326#breadcrumb","itemListElement":[{"@type":"ListItem","position":1,"name":"In\u00edcio","item":"https:\/\/noticiasemdestaque.com\/cd\/"},{"@type":"ListItem","position":2,"name":"Morre em JP o prefeito de Guarabira e ex-deputado Zen\u00f3bio Toscano"}]},{"@type":"WebSite","@id":"https:\/\/noticiasemdestaque.com\/cd\/#website","url":"https:\/\/noticiasemdestaque.com\/cd\/","name":"Not&iacute;cias em Destaque","description":"","publisher":{"@id":"https:\/\/noticiasemdestaque.com\/cd\/#organization"},"potentialAction":[{"@type":"SearchAction","target":{"@type":"EntryPoint","urlTemplate":"https:\/\/noticiasemdestaque.com\/cd\/?s={search_term_string}"},"query-input":{"@type":"PropertyValueSpecification","valueRequired":true,"valueName":"search_term_string"}}],"inLanguage":"pt-BR"},{"@type":"Organization","@id":"https:\/\/noticiasemdestaque.com\/cd\/#organization","name":"Not\u00edcias em Destaque","url":"https:\/\/noticiasemdestaque.com\/cd\/","logo":{"@type":"ImageObject","inLanguage":"pt-BR","@id":"https:\/\/noticiasemdestaque.com\/cd\/#\/schema\/logo\/image\/","url":"https:\/\/noticiasemdestaque.com\/cd\/wp-content\/uploads\/2022\/05\/imagem-base-noticiasemdestaque.png","contentUrl":"https:\/\/noticiasemdestaque.com\/cd\/wp-content\/uploads\/2022\/05\/imagem-base-noticiasemdestaque.png","width":1200,"height":630,"caption":"Not\u00edcias em Destaque"},"image":{"@id":"https:\/\/noticiasemdestaque.com\/cd\/#\/schema\/logo\/image\/"}},{"@type":"Person","@id":"https:\/\/noticiasemdestaque.com\/cd\/#\/schema\/person\/21320b03a7e8bb90128938dafc9b908a","name":"Not\u00edcias em Destaque","url":"https:\/\/noticiasemdestaque.com\/cd\/?author=2"}]}},"jetpack_featured_media_url":"https:\/\/noticiasemdestaque.com\/cd\/wp-content\/uploads\/2020\/06\/Zen\u00f3bio-Toscano-1.jpg","jetpack_sharing_enabled":true,"_links":{"self":[{"href":"https:\/\/noticiasemdestaque.com\/cd\/index.php?rest_route=\/wp\/v2\/posts\/25326","targetHints":{"allow":["GET"]}}],"collection":[{"href":"https:\/\/noticiasemdestaque.com\/cd\/index.php?rest_route=\/wp\/v2\/posts"}],"about":[{"href":"https:\/\/noticiasemdestaque.com\/cd\/index.php?rest_route=\/wp\/v2\/types\/post"}],"author":[{"embeddable":true,"href":"https:\/\/noticiasemdestaque.com\/cd\/index.php?rest_route=\/wp\/v2\/users\/2"}],"replies":[{"embeddable":true,"href":"https:\/\/noticiasemdestaque.com\/cd\/index.php?rest_route=%2Fwp%2Fv2%2Fcomments&post=25326"}],"version-history":[{"count":1,"href":"https:\/\/noticiasemdestaque.com\/cd\/index.php?rest_route=\/wp\/v2\/posts\/25326\/revisions"}],"predecessor-version":[{"id":25328,"href":"https:\/\/noticiasemdestaque.com\/cd\/index.php?rest_route=\/wp\/v2\/posts\/25326\/revisions\/25328"}],"wp:featuredmedia":[{"embeddable":true,"href":"https:\/\/noticiasemdestaque.com\/cd\/index.php?rest_route=\/wp\/v2\/media\/25327"}],"wp:attachment":[{"href":"https:\/\/noticiasemdestaque.com\/cd\/index.php?rest_route=%2Fwp%2Fv2%2Fmedia&parent=25326"}],"wp:term":[{"taxonomy":"category","embeddable":true,"href":"https:\/\/noticiasemdestaque.com\/cd\/index.php?rest_route=%2Fwp%2Fv2%2Fcategories&post=25326"},{"taxonomy":"post_tag","embeddable":true,"href":"https:\/\/noticiasemdestaque.com\/cd\/index.php?rest_route=%2Fwp%2Fv2%2Ftags&post=25326"}],"curies":[{"name":"wp","href":"https:\/\/api.w.org\/{rel}","templated":true}]}}