{"id":25269,"date":"2020-06-09T10:10:30","date_gmt":"2020-06-09T13:10:30","guid":{"rendered":"http:\/\/noticiasemdestaque.com\/cd\/?p=25269"},"modified":"2020-06-09T10:10:30","modified_gmt":"2020-06-09T13:10:30","slug":"estuda-sume-prefeitura-implanta-regime-especial-de-ensino-por-meio-de-plataforma-online","status":"publish","type":"post","link":"https:\/\/noticiasemdestaque.com\/cd\/?p=25269","title":{"rendered":"Estuda Sum\u00e9: Prefeitura implanta Regime Especial de Ensino por meio de plataforma online"},"content":{"rendered":"<p><a href=\"https:\/\/noticiasemdestaque.com\/cd\/wp-content\/uploads\/2020\/06\/WhatsApp-Image-2020-06-06-at-09.06.04-1.jpeg\"><img fetchpriority=\"high\" decoding=\"async\" class=\"wp-image-25270 aligncenter\" src=\"https:\/\/noticiasemdestaque.com\/cd\/wp-content\/uploads\/2020\/06\/WhatsApp-Image-2020-06-06-at-09.06.04-1-1024x470.jpeg\" alt=\"\" width=\"564\" height=\"259\" srcset=\"https:\/\/noticiasemdestaque.com\/cd\/wp-content\/uploads\/2020\/06\/WhatsApp-Image-2020-06-06-at-09.06.04-1-1024x470.jpeg 1024w, https:\/\/noticiasemdestaque.com\/cd\/wp-content\/uploads\/2020\/06\/WhatsApp-Image-2020-06-06-at-09.06.04-1-300x138.jpeg 300w, https:\/\/noticiasemdestaque.com\/cd\/wp-content\/uploads\/2020\/06\/WhatsApp-Image-2020-06-06-at-09.06.04-1-768x353.jpeg 768w, https:\/\/noticiasemdestaque.com\/cd\/wp-content\/uploads\/2020\/06\/WhatsApp-Image-2020-06-06-at-09.06.04-1.jpeg 1280w\" sizes=\"(max-width: 564px) 100vw, 564px\" \/><\/a><\/p>\n<p>Em fun\u00e7\u00e3o das a\u00e7\u00f5es para o enfrentamento da Covid-19, a Secretaria de Educa\u00e7\u00e3o de Sum\u00e9 criou a plataforma educacional online, \u201cEstuda Sum\u00e9\u201d, para que os alunos da rede municipal de ensino tenham acesso ao ensino \u00e0 dist\u00e2ncia. A iniciativa entrou em vigor desde 1\u00b0 de junho.<\/p>\n<p>Para acessar os conte\u00fados da plataforma, de maneira f\u00e1cil e segura, basta apenas que os usu\u00e1rios fa\u00e7am\u00a0 um r\u00e1pido cadastro no site:\u00a0<a href=\"http:\/\/www.edu.sume.pb.gov.br\/\">www.edu.sume.pb.gov.br<\/a>.<\/p>\n<p>No portal, os alunos ter\u00e3o acesso a salas de aulas virtuais, v\u00eddeos, e-books, contas de e-mail institucional gratuito. Eles poder\u00e3o tamb\u00e9m se conectar a professores, colegas e membros da Secretaria de Educa\u00e7\u00e3o.<\/p>\n<p>Para atender a demanda, a Secretaria de Educa\u00e7\u00e3o capacitou 30 professores, que replicaram o conte\u00fado para outros membros da equipe.<\/p>\n<p>O secret\u00e1rio, Odilon Ara\u00fajo, disse que no come\u00e7o \u00e9 normal que surjam desafios. \u00c9 poss\u00edvel at\u00e9 que os estudantes estranhem um pouco essa nova metodologia de ensino, mas \u00e9 quest\u00e3o de tempo para que eles se adaptem. \u201c\u00c9 tudo r\u00e1pido, simples e pr\u00e1tico\u201d, afirmou.<\/p>\n<p>Ele acrescentou ainda que est\u00e1 muito confiante com o projeto e conta com o apoio de pais, professores e toda comunidade escolar para que d\u00ea tudo certo e os alunos tenham \u00f3timos resultados.<\/p>\n<p>Outro ponto positivo da ferramenta digital, afirmou o secret\u00e1rio, \u00e9 que por meio dela \u00e9 poss\u00edvel mapear os meios com os quais os educandos, educadores e profissionais da rede municipal acessam a internet \u2014 se \u00e9 por smartphone, tablet, notebook ou outros dispositivos m\u00f3veis. O que tem sido importante para tra\u00e7ar estrat\u00e9gias de ensino, garantindo o direito a igualdade de condi\u00e7\u00f5es de acesso a todos os envolvidos, dentro da atual conjuntura em que o mundo se encontra.<\/p>\n<p>Para aqueles que n\u00e3o possuem acesso \u00e0 internet ser\u00e1 disponibilizado o material impresso aos respons\u00e1veis, como garantia de que todos ter\u00e3o direito a uma educa\u00e7\u00e3o igualit\u00e1ria.<\/p>\n<p>Passado esse momento de pandemia e de Regime Especial de Ensino, a Plataforma ESTUDA SUM\u00c9 ser\u00e1 utilizada como complemento pedag\u00f3gico na intera\u00e7\u00e3o entre aluno, professor, respons\u00e1veis e Seduc.<\/p>\n<p>Para quem \u00e9 estudante da rede municipal de ensino de Sum\u00e9 e ainda n\u00e3o aderiu ao Educa Sum\u00e9, \u00e9 importante que fa\u00e7a o cadastro no\u00a0<a href=\"http:\/\/www.edu.sume.pb.gov.br\/\">www.edu.sume.pb.gov.br<\/a>\u00a0para ter acesso ao \u00a0conhecimento e principalmente ficar em dia com o ano letivo.<\/p>\n<p>Ascom PMS<\/p>\n","protected":false},"excerpt":{"rendered":"<p>Em fun\u00e7\u00e3o das a\u00e7\u00f5es para o enfrentamento da Covid-19, a Secretaria de Educa\u00e7\u00e3o de Sum\u00e9 criou a plataforma educacional online, \u201cEstuda Sum\u00e9\u201d, para que os alunos da rede municipal de ensino tenham acesso ao ensino \u00e0 dist\u00e2ncia. A iniciativa entrou em vigor desde 1\u00b0 de junho. Para acessar os conte\u00fados da plataforma, de maneira f\u00e1cil e segura, basta apenas que os usu\u00e1rios fa\u00e7am\u00a0 um r\u00e1pido cadastro no site:\u00a0www.edu.sume.pb.gov.br. No portal, os alunos ter\u00e3o acesso a salas de aulas virtuais, v\u00eddeos, e-books, contas de e-mail institucional gratuito. Eles poder\u00e3o tamb\u00e9m se conectar a professores, colegas e membros da Secretaria de Educa\u00e7\u00e3o. Para atender a demanda, a Secretaria de Educa\u00e7\u00e3o capacitou 30 professores, que replicaram o conte\u00fado para outros membros da equipe. O secret\u00e1rio, Odilon Ara\u00fajo, disse que no come\u00e7o \u00e9 normal que surjam desafios. \u00c9 poss\u00edvel at\u00e9 que os estudantes estranhem um pouco essa nova metodologia de ensino, mas \u00e9 quest\u00e3o de tempo para que eles se adaptem. \u201c\u00c9 tudo r\u00e1pido, simples e pr\u00e1tico\u201d, afirmou. Ele acrescentou ainda que est\u00e1 muito confiante com o projeto e conta com o apoio de pais, professores e toda comunidade escolar para que d\u00ea tudo certo e os alunos tenham \u00f3timos resultados. Outro ponto positivo da ferramenta digital, afirmou o secret\u00e1rio, \u00e9 que por meio dela \u00e9 poss\u00edvel mapear os meios com os quais os educandos, educadores e profissionais da rede municipal acessam a internet \u2014 se \u00e9 por smartphone, tablet, notebook ou outros dispositivos m\u00f3veis. O que tem sido importante para tra\u00e7ar estrat\u00e9gias de ensino, garantindo o direito a igualdade de condi\u00e7\u00f5es de acesso a todos os envolvidos, dentro da atual conjuntura em que o mundo se encontra. Para aqueles que n\u00e3o possuem acesso \u00e0 internet ser\u00e1 disponibilizado o material impresso aos respons\u00e1veis, como garantia de que todos ter\u00e3o direito a uma educa\u00e7\u00e3o igualit\u00e1ria. Passado esse momento de pandemia e de Regime Especial de Ensino, a Plataforma ESTUDA SUM\u00c9 ser\u00e1 utilizada como complemento pedag\u00f3gico na intera\u00e7\u00e3o entre aluno, professor, respons\u00e1veis e Seduc. Para quem \u00e9 estudante da rede municipal de ensino de Sum\u00e9 e ainda n\u00e3o aderiu ao Educa Sum\u00e9, \u00e9 importante que fa\u00e7a o cadastro no\u00a0www.edu.sume.pb.gov.br\u00a0para ter acesso ao \u00a0conhecimento e principalmente ficar em dia com o ano letivo. Ascom PMS<\/p>\n","protected":false},"author":2,"featured_media":25270,"comment_status":"closed","ping_status":"open","sticky":false,"template":"","format":"standard","meta":{"_eb_attr":"","_jetpack_memberships_contains_paid_content":false,"footnotes":""},"categories":[6],"tags":[],"class_list":["post-25269","post","type-post","status-publish","format-standard","has-post-thumbnail","hentry","category-educacao"],"yoast_head":"<!-- This site is optimized with the Yoast SEO plugin v26.5 - https:\/\/yoast.com\/wordpress\/plugins\/seo\/ -->\n<title>Estuda Sum\u00e9: Prefeitura implanta Regime Especial de Ensino por meio de plataforma online - Not&iacute;cias em Destaque<\/title>\n<meta name=\"robots\" content=\"index, follow, max-snippet:-1, max-image-preview:large, max-video-preview:-1\" \/>\n<link rel=\"canonical\" href=\"https:\/\/noticiasemdestaque.com\/cd\/?p=25269\" \/>\n<meta property=\"og:locale\" content=\"pt_BR\" \/>\n<meta property=\"og:type\" content=\"article\" \/>\n<meta property=\"og:title\" content=\"Estuda Sum\u00e9: Prefeitura implanta Regime Especial de Ensino por meio de plataforma online - Not&iacute;cias em Destaque\" \/>\n<meta property=\"og:description\" content=\"Em fun\u00e7\u00e3o das a\u00e7\u00f5es para o enfrentamento da Covid-19, a Secretaria de Educa\u00e7\u00e3o de Sum\u00e9 criou a plataforma educacional online, \u201cEstuda Sum\u00e9\u201d, para que os alunos da rede municipal de ensino tenham acesso ao ensino \u00e0 dist\u00e2ncia. A iniciativa entrou em vigor desde 1\u00b0 de junho. Para acessar os conte\u00fados da plataforma, de maneira f\u00e1cil e segura, basta apenas que os usu\u00e1rios fa\u00e7am\u00a0 um r\u00e1pido cadastro no site:\u00a0www.edu.sume.pb.gov.br. No portal, os alunos ter\u00e3o acesso a salas de aulas virtuais, v\u00eddeos, e-books, contas de e-mail institucional gratuito. Eles poder\u00e3o tamb\u00e9m se conectar a professores, colegas e membros da Secretaria de Educa\u00e7\u00e3o. Para atender a demanda, a Secretaria de Educa\u00e7\u00e3o capacitou 30 professores, que replicaram o conte\u00fado para outros membros da equipe. O secret\u00e1rio, Odilon Ara\u00fajo, disse que no come\u00e7o \u00e9 normal que surjam desafios. \u00c9 poss\u00edvel at\u00e9 que os estudantes estranhem um pouco essa nova metodologia de ensino, mas \u00e9 quest\u00e3o de tempo para que eles se adaptem. \u201c\u00c9 tudo r\u00e1pido, simples e pr\u00e1tico\u201d, afirmou. Ele acrescentou ainda que est\u00e1 muito confiante com o projeto e conta com o apoio de pais, professores e toda comunidade escolar para que d\u00ea tudo certo e os alunos tenham \u00f3timos resultados. Outro ponto positivo da ferramenta digital, afirmou o secret\u00e1rio, \u00e9 que por meio dela \u00e9 poss\u00edvel mapear os meios com os quais os educandos, educadores e profissionais da rede municipal acessam a internet \u2014 se \u00e9 por smartphone, tablet, notebook ou outros dispositivos m\u00f3veis. O que tem sido importante para tra\u00e7ar estrat\u00e9gias de ensino, garantindo o direito a igualdade de condi\u00e7\u00f5es de acesso a todos os envolvidos, dentro da atual conjuntura em que o mundo se encontra. Para aqueles que n\u00e3o possuem acesso \u00e0 internet ser\u00e1 disponibilizado o material impresso aos respons\u00e1veis, como garantia de que todos ter\u00e3o direito a uma educa\u00e7\u00e3o igualit\u00e1ria. Passado esse momento de pandemia e de Regime Especial de Ensino, a Plataforma ESTUDA SUM\u00c9 ser\u00e1 utilizada como complemento pedag\u00f3gico na intera\u00e7\u00e3o entre aluno, professor, respons\u00e1veis e Seduc. Para quem \u00e9 estudante da rede municipal de ensino de Sum\u00e9 e ainda n\u00e3o aderiu ao Educa Sum\u00e9, \u00e9 importante que fa\u00e7a o cadastro no\u00a0www.edu.sume.pb.gov.br\u00a0para ter acesso ao \u00a0conhecimento e principalmente ficar em dia com o ano letivo. Ascom PMS\" \/>\n<meta property=\"og:url\" content=\"https:\/\/noticiasemdestaque.com\/cd\/?p=25269\" \/>\n<meta property=\"og:site_name\" content=\"Not&iacute;cias em Destaque\" \/>\n<meta property=\"article:published_time\" content=\"2020-06-09T13:10:30+00:00\" \/>\n<meta property=\"og:image\" content=\"https:\/\/noticiasemdestaque.com\/cd\/wp-content\/uploads\/2020\/06\/WhatsApp-Image-2020-06-06-at-09.06.04-1.jpeg\" \/>\n\t<meta property=\"og:image:width\" content=\"1280\" \/>\n\t<meta property=\"og:image:height\" content=\"588\" \/>\n\t<meta property=\"og:image:type\" content=\"image\/jpeg\" \/>\n<meta name=\"author\" content=\"Not\u00edcias em Destaque\" \/>\n<meta name=\"twitter:card\" content=\"summary_large_image\" \/>\n<meta name=\"twitter:label1\" content=\"Escrito por\" \/>\n\t<meta name=\"twitter:data1\" content=\"Not\u00edcias em Destaque\" \/>\n\t<meta name=\"twitter:label2\" content=\"Est. tempo de leitura\" \/>\n\t<meta name=\"twitter:data2\" content=\"2 minutos\" \/>\n<script type=\"application\/ld+json\" class=\"yoast-schema-graph\">{\"@context\":\"https:\/\/schema.org\",\"@graph\":[{\"@type\":\"Article\",\"@id\":\"https:\/\/noticiasemdestaque.com\/cd\/?p=25269#article\",\"isPartOf\":{\"@id\":\"https:\/\/noticiasemdestaque.com\/cd\/?p=25269\"},\"author\":{\"name\":\"Not\u00edcias em Destaque\",\"@id\":\"https:\/\/noticiasemdestaque.com\/cd\/#\/schema\/person\/21320b03a7e8bb90128938dafc9b908a\"},\"headline\":\"Estuda Sum\u00e9: Prefeitura implanta Regime Especial de Ensino por meio de plataforma online\",\"datePublished\":\"2020-06-09T13:10:30+00:00\",\"mainEntityOfPage\":{\"@id\":\"https:\/\/noticiasemdestaque.com\/cd\/?p=25269\"},\"wordCount\":419,\"publisher\":{\"@id\":\"https:\/\/noticiasemdestaque.com\/cd\/#organization\"},\"image\":{\"@id\":\"https:\/\/noticiasemdestaque.com\/cd\/?p=25269#primaryimage\"},\"thumbnailUrl\":\"https:\/\/noticiasemdestaque.com\/cd\/wp-content\/uploads\/2020\/06\/WhatsApp-Image-2020-06-06-at-09.06.04-1.jpeg\",\"articleSection\":[\"Educa\u00e7\u00e3o\"],\"inLanguage\":\"pt-BR\"},{\"@type\":\"WebPage\",\"@id\":\"https:\/\/noticiasemdestaque.com\/cd\/?p=25269\",\"url\":\"https:\/\/noticiasemdestaque.com\/cd\/?p=25269\",\"name\":\"Estuda Sum\u00e9: Prefeitura implanta Regime Especial de Ensino por meio de plataforma online - Not&iacute;cias em Destaque\",\"isPartOf\":{\"@id\":\"https:\/\/noticiasemdestaque.com\/cd\/#website\"},\"primaryImageOfPage\":{\"@id\":\"https:\/\/noticiasemdestaque.com\/cd\/?p=25269#primaryimage\"},\"image\":{\"@id\":\"https:\/\/noticiasemdestaque.com\/cd\/?p=25269#primaryimage\"},\"thumbnailUrl\":\"https:\/\/noticiasemdestaque.com\/cd\/wp-content\/uploads\/2020\/06\/WhatsApp-Image-2020-06-06-at-09.06.04-1.jpeg\",\"datePublished\":\"2020-06-09T13:10:30+00:00\",\"breadcrumb\":{\"@id\":\"https:\/\/noticiasemdestaque.com\/cd\/?p=25269#breadcrumb\"},\"inLanguage\":\"pt-BR\",\"potentialAction\":[{\"@type\":\"ReadAction\",\"target\":[\"https:\/\/noticiasemdestaque.com\/cd\/?p=25269\"]}]},{\"@type\":\"ImageObject\",\"inLanguage\":\"pt-BR\",\"@id\":\"https:\/\/noticiasemdestaque.com\/cd\/?p=25269#primaryimage\",\"url\":\"https:\/\/noticiasemdestaque.com\/cd\/wp-content\/uploads\/2020\/06\/WhatsApp-Image-2020-06-06-at-09.06.04-1.jpeg\",\"contentUrl\":\"https:\/\/noticiasemdestaque.com\/cd\/wp-content\/uploads\/2020\/06\/WhatsApp-Image-2020-06-06-at-09.06.04-1.jpeg\",\"width\":1280,\"height\":588},{\"@type\":\"BreadcrumbList\",\"@id\":\"https:\/\/noticiasemdestaque.com\/cd\/?p=25269#breadcrumb\",\"itemListElement\":[{\"@type\":\"ListItem\",\"position\":1,\"name\":\"In\u00edcio\",\"item\":\"https:\/\/noticiasemdestaque.com\/cd\/\"},{\"@type\":\"ListItem\",\"position\":2,\"name\":\"Estuda Sum\u00e9: Prefeitura implanta Regime Especial de Ensino por meio de plataforma online\"}]},{\"@type\":\"WebSite\",\"@id\":\"https:\/\/noticiasemdestaque.com\/cd\/#website\",\"url\":\"https:\/\/noticiasemdestaque.com\/cd\/\",\"name\":\"Not&iacute;cias em Destaque\",\"description\":\"\",\"publisher\":{\"@id\":\"https:\/\/noticiasemdestaque.com\/cd\/#organization\"},\"potentialAction\":[{\"@type\":\"SearchAction\",\"target\":{\"@type\":\"EntryPoint\",\"urlTemplate\":\"https:\/\/noticiasemdestaque.com\/cd\/?s={search_term_string}\"},\"query-input\":{\"@type\":\"PropertyValueSpecification\",\"valueRequired\":true,\"valueName\":\"search_term_string\"}}],\"inLanguage\":\"pt-BR\"},{\"@type\":\"Organization\",\"@id\":\"https:\/\/noticiasemdestaque.com\/cd\/#organization\",\"name\":\"Not\u00edcias em Destaque\",\"url\":\"https:\/\/noticiasemdestaque.com\/cd\/\",\"logo\":{\"@type\":\"ImageObject\",\"inLanguage\":\"pt-BR\",\"@id\":\"https:\/\/noticiasemdestaque.com\/cd\/#\/schema\/logo\/image\/\",\"url\":\"https:\/\/noticiasemdestaque.com\/cd\/wp-content\/uploads\/2022\/05\/imagem-base-noticiasemdestaque.png\",\"contentUrl\":\"https:\/\/noticiasemdestaque.com\/cd\/wp-content\/uploads\/2022\/05\/imagem-base-noticiasemdestaque.png\",\"width\":1200,\"height\":630,\"caption\":\"Not\u00edcias em Destaque\"},\"image\":{\"@id\":\"https:\/\/noticiasemdestaque.com\/cd\/#\/schema\/logo\/image\/\"}},{\"@type\":\"Person\",\"@id\":\"https:\/\/noticiasemdestaque.com\/cd\/#\/schema\/person\/21320b03a7e8bb90128938dafc9b908a\",\"name\":\"Not\u00edcias em Destaque\",\"url\":\"https:\/\/noticiasemdestaque.com\/cd\/?author=2\"}]}<\/script>\n<!-- \/ Yoast SEO plugin. -->","yoast_head_json":{"title":"Estuda Sum\u00e9: Prefeitura implanta Regime Especial de Ensino por meio de plataforma online - Not&iacute;cias em Destaque","robots":{"index":"index","follow":"follow","max-snippet":"max-snippet:-1","max-image-preview":"max-image-preview:large","max-video-preview":"max-video-preview:-1"},"canonical":"https:\/\/noticiasemdestaque.com\/cd\/?p=25269","og_locale":"pt_BR","og_type":"article","og_title":"Estuda Sum\u00e9: Prefeitura implanta Regime Especial de Ensino por meio de plataforma online - Not&iacute;cias em Destaque","og_description":"Em fun\u00e7\u00e3o das a\u00e7\u00f5es para o enfrentamento da Covid-19, a Secretaria de Educa\u00e7\u00e3o de Sum\u00e9 criou a plataforma educacional online, \u201cEstuda Sum\u00e9\u201d, para que os alunos da rede municipal de ensino tenham acesso ao ensino \u00e0 dist\u00e2ncia. A iniciativa entrou em vigor desde 1\u00b0 de junho. Para acessar os conte\u00fados da plataforma, de maneira f\u00e1cil e segura, basta apenas que os usu\u00e1rios fa\u00e7am\u00a0 um r\u00e1pido cadastro no site:\u00a0www.edu.sume.pb.gov.br. No portal, os alunos ter\u00e3o acesso a salas de aulas virtuais, v\u00eddeos, e-books, contas de e-mail institucional gratuito. Eles poder\u00e3o tamb\u00e9m se conectar a professores, colegas e membros da Secretaria de Educa\u00e7\u00e3o. Para atender a demanda, a Secretaria de Educa\u00e7\u00e3o capacitou 30 professores, que replicaram o conte\u00fado para outros membros da equipe. O secret\u00e1rio, Odilon Ara\u00fajo, disse que no come\u00e7o \u00e9 normal que surjam desafios. \u00c9 poss\u00edvel at\u00e9 que os estudantes estranhem um pouco essa nova metodologia de ensino, mas \u00e9 quest\u00e3o de tempo para que eles se adaptem. \u201c\u00c9 tudo r\u00e1pido, simples e pr\u00e1tico\u201d, afirmou. Ele acrescentou ainda que est\u00e1 muito confiante com o projeto e conta com o apoio de pais, professores e toda comunidade escolar para que d\u00ea tudo certo e os alunos tenham \u00f3timos resultados. Outro ponto positivo da ferramenta digital, afirmou o secret\u00e1rio, \u00e9 que por meio dela \u00e9 poss\u00edvel mapear os meios com os quais os educandos, educadores e profissionais da rede municipal acessam a internet \u2014 se \u00e9 por smartphone, tablet, notebook ou outros dispositivos m\u00f3veis. O que tem sido importante para tra\u00e7ar estrat\u00e9gias de ensino, garantindo o direito a igualdade de condi\u00e7\u00f5es de acesso a todos os envolvidos, dentro da atual conjuntura em que o mundo se encontra. Para aqueles que n\u00e3o possuem acesso \u00e0 internet ser\u00e1 disponibilizado o material impresso aos respons\u00e1veis, como garantia de que todos ter\u00e3o direito a uma educa\u00e7\u00e3o igualit\u00e1ria. Passado esse momento de pandemia e de Regime Especial de Ensino, a Plataforma ESTUDA SUM\u00c9 ser\u00e1 utilizada como complemento pedag\u00f3gico na intera\u00e7\u00e3o entre aluno, professor, respons\u00e1veis e Seduc. Para quem \u00e9 estudante da rede municipal de ensino de Sum\u00e9 e ainda n\u00e3o aderiu ao Educa Sum\u00e9, \u00e9 importante que fa\u00e7a o cadastro no\u00a0www.edu.sume.pb.gov.br\u00a0para ter acesso ao \u00a0conhecimento e principalmente ficar em dia com o ano letivo. Ascom PMS","og_url":"https:\/\/noticiasemdestaque.com\/cd\/?p=25269","og_site_name":"Not&iacute;cias em Destaque","article_published_time":"2020-06-09T13:10:30+00:00","og_image":[{"width":1280,"height":588,"url":"https:\/\/noticiasemdestaque.com\/cd\/wp-content\/uploads\/2020\/06\/WhatsApp-Image-2020-06-06-at-09.06.04-1.jpeg","type":"image\/jpeg"}],"author":"Not\u00edcias em Destaque","twitter_card":"summary_large_image","twitter_misc":{"Escrito por":"Not\u00edcias em Destaque","Est. tempo de leitura":"2 minutos"},"schema":{"@context":"https:\/\/schema.org","@graph":[{"@type":"Article","@id":"https:\/\/noticiasemdestaque.com\/cd\/?p=25269#article","isPartOf":{"@id":"https:\/\/noticiasemdestaque.com\/cd\/?p=25269"},"author":{"name":"Not\u00edcias em Destaque","@id":"https:\/\/noticiasemdestaque.com\/cd\/#\/schema\/person\/21320b03a7e8bb90128938dafc9b908a"},"headline":"Estuda Sum\u00e9: Prefeitura implanta Regime Especial de Ensino por meio de plataforma online","datePublished":"2020-06-09T13:10:30+00:00","mainEntityOfPage":{"@id":"https:\/\/noticiasemdestaque.com\/cd\/?p=25269"},"wordCount":419,"publisher":{"@id":"https:\/\/noticiasemdestaque.com\/cd\/#organization"},"image":{"@id":"https:\/\/noticiasemdestaque.com\/cd\/?p=25269#primaryimage"},"thumbnailUrl":"https:\/\/noticiasemdestaque.com\/cd\/wp-content\/uploads\/2020\/06\/WhatsApp-Image-2020-06-06-at-09.06.04-1.jpeg","articleSection":["Educa\u00e7\u00e3o"],"inLanguage":"pt-BR"},{"@type":"WebPage","@id":"https:\/\/noticiasemdestaque.com\/cd\/?p=25269","url":"https:\/\/noticiasemdestaque.com\/cd\/?p=25269","name":"Estuda Sum\u00e9: Prefeitura implanta Regime Especial de Ensino por meio de plataforma online - Not&iacute;cias em Destaque","isPartOf":{"@id":"https:\/\/noticiasemdestaque.com\/cd\/#website"},"primaryImageOfPage":{"@id":"https:\/\/noticiasemdestaque.com\/cd\/?p=25269#primaryimage"},"image":{"@id":"https:\/\/noticiasemdestaque.com\/cd\/?p=25269#primaryimage"},"thumbnailUrl":"https:\/\/noticiasemdestaque.com\/cd\/wp-content\/uploads\/2020\/06\/WhatsApp-Image-2020-06-06-at-09.06.04-1.jpeg","datePublished":"2020-06-09T13:10:30+00:00","breadcrumb":{"@id":"https:\/\/noticiasemdestaque.com\/cd\/?p=25269#breadcrumb"},"inLanguage":"pt-BR","potentialAction":[{"@type":"ReadAction","target":["https:\/\/noticiasemdestaque.com\/cd\/?p=25269"]}]},{"@type":"ImageObject","inLanguage":"pt-BR","@id":"https:\/\/noticiasemdestaque.com\/cd\/?p=25269#primaryimage","url":"https:\/\/noticiasemdestaque.com\/cd\/wp-content\/uploads\/2020\/06\/WhatsApp-Image-2020-06-06-at-09.06.04-1.jpeg","contentUrl":"https:\/\/noticiasemdestaque.com\/cd\/wp-content\/uploads\/2020\/06\/WhatsApp-Image-2020-06-06-at-09.06.04-1.jpeg","width":1280,"height":588},{"@type":"BreadcrumbList","@id":"https:\/\/noticiasemdestaque.com\/cd\/?p=25269#breadcrumb","itemListElement":[{"@type":"ListItem","position":1,"name":"In\u00edcio","item":"https:\/\/noticiasemdestaque.com\/cd\/"},{"@type":"ListItem","position":2,"name":"Estuda Sum\u00e9: Prefeitura implanta Regime Especial de Ensino por meio de plataforma online"}]},{"@type":"WebSite","@id":"https:\/\/noticiasemdestaque.com\/cd\/#website","url":"https:\/\/noticiasemdestaque.com\/cd\/","name":"Not&iacute;cias em Destaque","description":"","publisher":{"@id":"https:\/\/noticiasemdestaque.com\/cd\/#organization"},"potentialAction":[{"@type":"SearchAction","target":{"@type":"EntryPoint","urlTemplate":"https:\/\/noticiasemdestaque.com\/cd\/?s={search_term_string}"},"query-input":{"@type":"PropertyValueSpecification","valueRequired":true,"valueName":"search_term_string"}}],"inLanguage":"pt-BR"},{"@type":"Organization","@id":"https:\/\/noticiasemdestaque.com\/cd\/#organization","name":"Not\u00edcias em Destaque","url":"https:\/\/noticiasemdestaque.com\/cd\/","logo":{"@type":"ImageObject","inLanguage":"pt-BR","@id":"https:\/\/noticiasemdestaque.com\/cd\/#\/schema\/logo\/image\/","url":"https:\/\/noticiasemdestaque.com\/cd\/wp-content\/uploads\/2022\/05\/imagem-base-noticiasemdestaque.png","contentUrl":"https:\/\/noticiasemdestaque.com\/cd\/wp-content\/uploads\/2022\/05\/imagem-base-noticiasemdestaque.png","width":1200,"height":630,"caption":"Not\u00edcias em Destaque"},"image":{"@id":"https:\/\/noticiasemdestaque.com\/cd\/#\/schema\/logo\/image\/"}},{"@type":"Person","@id":"https:\/\/noticiasemdestaque.com\/cd\/#\/schema\/person\/21320b03a7e8bb90128938dafc9b908a","name":"Not\u00edcias em Destaque","url":"https:\/\/noticiasemdestaque.com\/cd\/?author=2"}]}},"jetpack_featured_media_url":"https:\/\/noticiasemdestaque.com\/cd\/wp-content\/uploads\/2020\/06\/WhatsApp-Image-2020-06-06-at-09.06.04-1.jpeg","jetpack_sharing_enabled":true,"_links":{"self":[{"href":"https:\/\/noticiasemdestaque.com\/cd\/index.php?rest_route=\/wp\/v2\/posts\/25269","targetHints":{"allow":["GET"]}}],"collection":[{"href":"https:\/\/noticiasemdestaque.com\/cd\/index.php?rest_route=\/wp\/v2\/posts"}],"about":[{"href":"https:\/\/noticiasemdestaque.com\/cd\/index.php?rest_route=\/wp\/v2\/types\/post"}],"author":[{"embeddable":true,"href":"https:\/\/noticiasemdestaque.com\/cd\/index.php?rest_route=\/wp\/v2\/users\/2"}],"replies":[{"embeddable":true,"href":"https:\/\/noticiasemdestaque.com\/cd\/index.php?rest_route=%2Fwp%2Fv2%2Fcomments&post=25269"}],"version-history":[{"count":1,"href":"https:\/\/noticiasemdestaque.com\/cd\/index.php?rest_route=\/wp\/v2\/posts\/25269\/revisions"}],"predecessor-version":[{"id":25271,"href":"https:\/\/noticiasemdestaque.com\/cd\/index.php?rest_route=\/wp\/v2\/posts\/25269\/revisions\/25271"}],"wp:featuredmedia":[{"embeddable":true,"href":"https:\/\/noticiasemdestaque.com\/cd\/index.php?rest_route=\/wp\/v2\/media\/25270"}],"wp:attachment":[{"href":"https:\/\/noticiasemdestaque.com\/cd\/index.php?rest_route=%2Fwp%2Fv2%2Fmedia&parent=25269"}],"wp:term":[{"taxonomy":"category","embeddable":true,"href":"https:\/\/noticiasemdestaque.com\/cd\/index.php?rest_route=%2Fwp%2Fv2%2Fcategories&post=25269"},{"taxonomy":"post_tag","embeddable":true,"href":"https:\/\/noticiasemdestaque.com\/cd\/index.php?rest_route=%2Fwp%2Fv2%2Ftags&post=25269"}],"curies":[{"name":"wp","href":"https:\/\/api.w.org\/{rel}","templated":true}]}}