{"id":25263,"date":"2020-06-09T07:38:42","date_gmt":"2020-06-09T10:38:42","guid":{"rendered":"http:\/\/noticiasemdestaque.com\/cd\/?p=25263"},"modified":"2020-06-09T07:38:42","modified_gmt":"2020-06-09T10:38:42","slug":"serra-branca-confirma-3-novos-casos-de-covid-19","status":"publish","type":"post","link":"https:\/\/noticiasemdestaque.com\/cd\/?p=25263","title":{"rendered":"Serra Branca confirma 3 novos casos de Covid-19"},"content":{"rendered":"<p><a href=\"https:\/\/noticiasemdestaque.com\/cd\/wp-content\/uploads\/2020\/06\/bo.jpg\"><img fetchpriority=\"high\" decoding=\"async\" class=\"size-full wp-image-25264 aligncenter\" src=\"https:\/\/noticiasemdestaque.com\/cd\/wp-content\/uploads\/2020\/06\/bo.jpg\" alt=\"\" width=\"400\" height=\"400\" srcset=\"https:\/\/noticiasemdestaque.com\/cd\/wp-content\/uploads\/2020\/06\/bo.jpg 400w, https:\/\/noticiasemdestaque.com\/cd\/wp-content\/uploads\/2020\/06\/bo-150x150.jpg 150w, https:\/\/noticiasemdestaque.com\/cd\/wp-content\/uploads\/2020\/06\/bo-300x300.jpg 300w\" sizes=\"(max-width: 400px) 100vw, 400px\" \/><\/a><\/p>\n<p style=\"font-weight: 400;\">O munic\u00edpio de Serra Branca Serra seguia com apenas tr\u00eas casos confirmados da Covid-19, e todos j\u00e1 est\u00e3o curados. Mas na tarde desta segunda-feira(08\/06), a prefeitura municipal atrav\u00e9s da secretaria de sa\u00fade confirmou tr\u00eas novos casos.<\/p>\n<p style=\"font-weight: 400;\">Os tr\u00eas novos casos confirmados:<\/p>\n<p style=\"font-weight: 400;\">1\u00ba CASO: Uma senhora, de 65 anos, se encontra em isolamento domiciliar com sintomas gripais leves e perda do paladar e olfato. (Zona rural)<\/p>\n<p style=\"font-weight: 400;\">2\u00ba CASO: Um rapaz, de 37 anos, se encontra em isolamento domiciliar, assintom\u00e1tico. (Zona rural)<\/p>\n<p style=\"font-weight: 400;\">3\u00ba CASO: Um homem, de 34 anos, se encontra em isolamento domiciliar, assintom\u00e1tico. (Zona rural)<\/p>\n<p style=\"font-weight: 400;\">Ainda de acordo com o novo boletim divulgado, Serra Branca ainda registra 10 casos suspeitos do novo v\u00edrus que se encontram sob investiga\u00e7\u00e3o.<\/p>\n<p style=\"font-weight: 400;\">Para evitar a propaga\u00e7\u00e3o da COVID-19:<\/p>\n<p style=\"font-weight: 400;\">-Lave frequentemente as m\u00e3os. Utilize \u00e1gua e sab\u00e3o, ou uma solu\u00e7\u00e3o \u00e0 base de \u00e1lcool.<\/p>\n<p style=\"font-weight: 400;\">-Mantenha uma dist\u00e2ncia segura de qualquer pessoa que estiver a espirrar ou tossir.<\/p>\n<p style=\"font-weight: 400;\">-N\u00e3o toque nos olhos, no nariz ou na boca.<\/p>\n<p style=\"font-weight: 400;\">-Cubra o nariz e a boca com o cotovelo fletido ou um len\u00e7o quando tossir ou espirrar.<\/p>\n<p style=\"font-weight: 400;\">-Se se sentir doente, fique em casa.<\/p>\n<p style=\"font-weight: 400;\">-Se tiver febre, tosse e dificuldade respirat\u00f3ria, procure assist\u00eancia m\u00e9dica. Ligue antes de sair.<\/p>\n<p style=\"font-weight: 400;\">-Siga as indica\u00e7\u00f5es da sua autoridade de sa\u00fade local.<\/p>\n<p style=\"font-weight: 400;\">Ao evitar visitas desnecess\u00e1rias a instala\u00e7\u00f5es m\u00e9dicas, permite que os sistemas de sa\u00fade funcionem com maior efic\u00e1cia, protegendo-se a si e \u00e0s outras pessoas.<\/p>\n<p>Com Focando Para\u00edba<\/p>\n","protected":false},"excerpt":{"rendered":"<p>O munic\u00edpio de Serra Branca Serra seguia com apenas tr\u00eas casos confirmados da Covid-19, e todos j\u00e1 est\u00e3o curados. Mas na tarde desta segunda-feira(08\/06), a prefeitura municipal atrav\u00e9s da secretaria de sa\u00fade confirmou tr\u00eas novos casos. Os tr\u00eas novos casos confirmados: 1\u00ba CASO: Uma senhora, de 65 anos, se encontra em isolamento domiciliar com sintomas gripais leves e perda do paladar e olfato. (Zona rural) 2\u00ba CASO: Um rapaz, de 37 anos, se encontra em isolamento domiciliar, assintom\u00e1tico. (Zona rural) 3\u00ba CASO: Um homem, de 34 anos, se encontra em isolamento domiciliar, assintom\u00e1tico. (Zona rural) Ainda de acordo com o novo boletim divulgado, Serra Branca ainda registra 10 casos suspeitos do novo v\u00edrus que se encontram sob investiga\u00e7\u00e3o. Para evitar a propaga\u00e7\u00e3o da COVID-19: -Lave frequentemente as m\u00e3os. Utilize \u00e1gua e sab\u00e3o, ou uma solu\u00e7\u00e3o \u00e0 base de \u00e1lcool. -Mantenha uma dist\u00e2ncia segura de qualquer pessoa que estiver a espirrar ou tossir. -N\u00e3o toque nos olhos, no nariz ou na boca. -Cubra o nariz e a boca com o cotovelo fletido ou um len\u00e7o quando tossir ou espirrar. -Se se sentir doente, fique em casa. -Se tiver febre, tosse e dificuldade respirat\u00f3ria, procure assist\u00eancia m\u00e9dica. Ligue antes de sair. -Siga as indica\u00e7\u00f5es da sua autoridade de sa\u00fade local. Ao evitar visitas desnecess\u00e1rias a instala\u00e7\u00f5es m\u00e9dicas, permite que os sistemas de sa\u00fade funcionem com maior efic\u00e1cia, protegendo-se a si e \u00e0s outras pessoas. Com Focando Para\u00edba<\/p>\n","protected":false},"author":2,"featured_media":25264,"comment_status":"closed","ping_status":"open","sticky":false,"template":"","format":"standard","meta":{"_eb_attr":"","_jetpack_memberships_contains_paid_content":false,"footnotes":""},"categories":[3],"tags":[],"class_list":["post-25263","post","type-post","status-publish","format-standard","has-post-thumbnail","hentry","category-cidades"],"yoast_head":"<!-- This site is optimized with the Yoast SEO plugin v26.5 - https:\/\/yoast.com\/wordpress\/plugins\/seo\/ -->\n<title>Serra Branca confirma 3 novos casos de Covid-19 - Not&iacute;cias em Destaque<\/title>\n<meta name=\"robots\" content=\"index, follow, max-snippet:-1, max-image-preview:large, max-video-preview:-1\" \/>\n<link rel=\"canonical\" href=\"https:\/\/noticiasemdestaque.com\/cd\/?p=25263\" \/>\n<meta property=\"og:locale\" content=\"pt_BR\" \/>\n<meta property=\"og:type\" content=\"article\" \/>\n<meta property=\"og:title\" content=\"Serra Branca confirma 3 novos casos de Covid-19 - Not&iacute;cias em Destaque\" \/>\n<meta property=\"og:description\" content=\"O munic\u00edpio de Serra Branca Serra seguia com apenas tr\u00eas casos confirmados da Covid-19, e todos j\u00e1 est\u00e3o curados. Mas na tarde desta segunda-feira(08\/06), a prefeitura municipal atrav\u00e9s da secretaria de sa\u00fade confirmou tr\u00eas novos casos. Os tr\u00eas novos casos confirmados: 1\u00ba CASO: Uma senhora, de 65 anos, se encontra em isolamento domiciliar com sintomas gripais leves e perda do paladar e olfato. (Zona rural) 2\u00ba CASO: Um rapaz, de 37 anos, se encontra em isolamento domiciliar, assintom\u00e1tico. (Zona rural) 3\u00ba CASO: Um homem, de 34 anos, se encontra em isolamento domiciliar, assintom\u00e1tico. (Zona rural) Ainda de acordo com o novo boletim divulgado, Serra Branca ainda registra 10 casos suspeitos do novo v\u00edrus que se encontram sob investiga\u00e7\u00e3o. Para evitar a propaga\u00e7\u00e3o da COVID-19: -Lave frequentemente as m\u00e3os. Utilize \u00e1gua e sab\u00e3o, ou uma solu\u00e7\u00e3o \u00e0 base de \u00e1lcool. -Mantenha uma dist\u00e2ncia segura de qualquer pessoa que estiver a espirrar ou tossir. -N\u00e3o toque nos olhos, no nariz ou na boca. -Cubra o nariz e a boca com o cotovelo fletido ou um len\u00e7o quando tossir ou espirrar. -Se se sentir doente, fique em casa. -Se tiver febre, tosse e dificuldade respirat\u00f3ria, procure assist\u00eancia m\u00e9dica. Ligue antes de sair. -Siga as indica\u00e7\u00f5es da sua autoridade de sa\u00fade local. Ao evitar visitas desnecess\u00e1rias a instala\u00e7\u00f5es m\u00e9dicas, permite que os sistemas de sa\u00fade funcionem com maior efic\u00e1cia, protegendo-se a si e \u00e0s outras pessoas. Com Focando Para\u00edba\" \/>\n<meta property=\"og:url\" content=\"https:\/\/noticiasemdestaque.com\/cd\/?p=25263\" \/>\n<meta property=\"og:site_name\" content=\"Not&iacute;cias em Destaque\" \/>\n<meta property=\"article:published_time\" content=\"2020-06-09T10:38:42+00:00\" \/>\n<meta property=\"og:image\" content=\"https:\/\/noticiasemdestaque.com\/cd\/wp-content\/uploads\/2020\/06\/bo.jpg\" \/>\n\t<meta property=\"og:image:width\" content=\"400\" \/>\n\t<meta property=\"og:image:height\" content=\"400\" \/>\n\t<meta property=\"og:image:type\" content=\"image\/jpeg\" \/>\n<meta name=\"author\" content=\"Not\u00edcias em Destaque\" \/>\n<meta name=\"twitter:card\" content=\"summary_large_image\" \/>\n<meta name=\"twitter:label1\" content=\"Escrito por\" \/>\n\t<meta name=\"twitter:data1\" content=\"Not\u00edcias em Destaque\" \/>\n\t<meta name=\"twitter:label2\" content=\"Est. tempo de leitura\" \/>\n\t<meta name=\"twitter:data2\" content=\"1 minuto\" \/>\n<script type=\"application\/ld+json\" class=\"yoast-schema-graph\">{\"@context\":\"https:\/\/schema.org\",\"@graph\":[{\"@type\":\"Article\",\"@id\":\"https:\/\/noticiasemdestaque.com\/cd\/?p=25263#article\",\"isPartOf\":{\"@id\":\"https:\/\/noticiasemdestaque.com\/cd\/?p=25263\"},\"author\":{\"name\":\"Not\u00edcias em Destaque\",\"@id\":\"https:\/\/noticiasemdestaque.com\/cd\/#\/schema\/person\/21320b03a7e8bb90128938dafc9b908a\"},\"headline\":\"Serra Branca confirma 3 novos casos de Covid-19\",\"datePublished\":\"2020-06-09T10:38:42+00:00\",\"mainEntityOfPage\":{\"@id\":\"https:\/\/noticiasemdestaque.com\/cd\/?p=25263\"},\"wordCount\":263,\"publisher\":{\"@id\":\"https:\/\/noticiasemdestaque.com\/cd\/#organization\"},\"image\":{\"@id\":\"https:\/\/noticiasemdestaque.com\/cd\/?p=25263#primaryimage\"},\"thumbnailUrl\":\"https:\/\/noticiasemdestaque.com\/cd\/wp-content\/uploads\/2020\/06\/bo.jpg\",\"articleSection\":[\"Cidades\"],\"inLanguage\":\"pt-BR\"},{\"@type\":\"WebPage\",\"@id\":\"https:\/\/noticiasemdestaque.com\/cd\/?p=25263\",\"url\":\"https:\/\/noticiasemdestaque.com\/cd\/?p=25263\",\"name\":\"Serra Branca confirma 3 novos casos de Covid-19 - Not&iacute;cias em Destaque\",\"isPartOf\":{\"@id\":\"https:\/\/noticiasemdestaque.com\/cd\/#website\"},\"primaryImageOfPage\":{\"@id\":\"https:\/\/noticiasemdestaque.com\/cd\/?p=25263#primaryimage\"},\"image\":{\"@id\":\"https:\/\/noticiasemdestaque.com\/cd\/?p=25263#primaryimage\"},\"thumbnailUrl\":\"https:\/\/noticiasemdestaque.com\/cd\/wp-content\/uploads\/2020\/06\/bo.jpg\",\"datePublished\":\"2020-06-09T10:38:42+00:00\",\"breadcrumb\":{\"@id\":\"https:\/\/noticiasemdestaque.com\/cd\/?p=25263#breadcrumb\"},\"inLanguage\":\"pt-BR\",\"potentialAction\":[{\"@type\":\"ReadAction\",\"target\":[\"https:\/\/noticiasemdestaque.com\/cd\/?p=25263\"]}]},{\"@type\":\"ImageObject\",\"inLanguage\":\"pt-BR\",\"@id\":\"https:\/\/noticiasemdestaque.com\/cd\/?p=25263#primaryimage\",\"url\":\"https:\/\/noticiasemdestaque.com\/cd\/wp-content\/uploads\/2020\/06\/bo.jpg\",\"contentUrl\":\"https:\/\/noticiasemdestaque.com\/cd\/wp-content\/uploads\/2020\/06\/bo.jpg\",\"width\":400,\"height\":400},{\"@type\":\"BreadcrumbList\",\"@id\":\"https:\/\/noticiasemdestaque.com\/cd\/?p=25263#breadcrumb\",\"itemListElement\":[{\"@type\":\"ListItem\",\"position\":1,\"name\":\"In\u00edcio\",\"item\":\"https:\/\/noticiasemdestaque.com\/cd\/\"},{\"@type\":\"ListItem\",\"position\":2,\"name\":\"Serra Branca confirma 3 novos casos de Covid-19\"}]},{\"@type\":\"WebSite\",\"@id\":\"https:\/\/noticiasemdestaque.com\/cd\/#website\",\"url\":\"https:\/\/noticiasemdestaque.com\/cd\/\",\"name\":\"Not&iacute;cias em Destaque\",\"description\":\"\",\"publisher\":{\"@id\":\"https:\/\/noticiasemdestaque.com\/cd\/#organization\"},\"potentialAction\":[{\"@type\":\"SearchAction\",\"target\":{\"@type\":\"EntryPoint\",\"urlTemplate\":\"https:\/\/noticiasemdestaque.com\/cd\/?s={search_term_string}\"},\"query-input\":{\"@type\":\"PropertyValueSpecification\",\"valueRequired\":true,\"valueName\":\"search_term_string\"}}],\"inLanguage\":\"pt-BR\"},{\"@type\":\"Organization\",\"@id\":\"https:\/\/noticiasemdestaque.com\/cd\/#organization\",\"name\":\"Not\u00edcias em Destaque\",\"url\":\"https:\/\/noticiasemdestaque.com\/cd\/\",\"logo\":{\"@type\":\"ImageObject\",\"inLanguage\":\"pt-BR\",\"@id\":\"https:\/\/noticiasemdestaque.com\/cd\/#\/schema\/logo\/image\/\",\"url\":\"https:\/\/noticiasemdestaque.com\/cd\/wp-content\/uploads\/2022\/05\/imagem-base-noticiasemdestaque.png\",\"contentUrl\":\"https:\/\/noticiasemdestaque.com\/cd\/wp-content\/uploads\/2022\/05\/imagem-base-noticiasemdestaque.png\",\"width\":1200,\"height\":630,\"caption\":\"Not\u00edcias em Destaque\"},\"image\":{\"@id\":\"https:\/\/noticiasemdestaque.com\/cd\/#\/schema\/logo\/image\/\"}},{\"@type\":\"Person\",\"@id\":\"https:\/\/noticiasemdestaque.com\/cd\/#\/schema\/person\/21320b03a7e8bb90128938dafc9b908a\",\"name\":\"Not\u00edcias em Destaque\",\"url\":\"https:\/\/noticiasemdestaque.com\/cd\/?author=2\"}]}<\/script>\n<!-- \/ Yoast SEO plugin. -->","yoast_head_json":{"title":"Serra Branca confirma 3 novos casos de Covid-19 - Not&iacute;cias em Destaque","robots":{"index":"index","follow":"follow","max-snippet":"max-snippet:-1","max-image-preview":"max-image-preview:large","max-video-preview":"max-video-preview:-1"},"canonical":"https:\/\/noticiasemdestaque.com\/cd\/?p=25263","og_locale":"pt_BR","og_type":"article","og_title":"Serra Branca confirma 3 novos casos de Covid-19 - Not&iacute;cias em Destaque","og_description":"O munic\u00edpio de Serra Branca Serra seguia com apenas tr\u00eas casos confirmados da Covid-19, e todos j\u00e1 est\u00e3o curados. Mas na tarde desta segunda-feira(08\/06), a prefeitura municipal atrav\u00e9s da secretaria de sa\u00fade confirmou tr\u00eas novos casos. Os tr\u00eas novos casos confirmados: 1\u00ba CASO: Uma senhora, de 65 anos, se encontra em isolamento domiciliar com sintomas gripais leves e perda do paladar e olfato. (Zona rural) 2\u00ba CASO: Um rapaz, de 37 anos, se encontra em isolamento domiciliar, assintom\u00e1tico. (Zona rural) 3\u00ba CASO: Um homem, de 34 anos, se encontra em isolamento domiciliar, assintom\u00e1tico. (Zona rural) Ainda de acordo com o novo boletim divulgado, Serra Branca ainda registra 10 casos suspeitos do novo v\u00edrus que se encontram sob investiga\u00e7\u00e3o. Para evitar a propaga\u00e7\u00e3o da COVID-19: -Lave frequentemente as m\u00e3os. Utilize \u00e1gua e sab\u00e3o, ou uma solu\u00e7\u00e3o \u00e0 base de \u00e1lcool. -Mantenha uma dist\u00e2ncia segura de qualquer pessoa que estiver a espirrar ou tossir. -N\u00e3o toque nos olhos, no nariz ou na boca. -Cubra o nariz e a boca com o cotovelo fletido ou um len\u00e7o quando tossir ou espirrar. -Se se sentir doente, fique em casa. -Se tiver febre, tosse e dificuldade respirat\u00f3ria, procure assist\u00eancia m\u00e9dica. Ligue antes de sair. -Siga as indica\u00e7\u00f5es da sua autoridade de sa\u00fade local. Ao evitar visitas desnecess\u00e1rias a instala\u00e7\u00f5es m\u00e9dicas, permite que os sistemas de sa\u00fade funcionem com maior efic\u00e1cia, protegendo-se a si e \u00e0s outras pessoas. Com Focando Para\u00edba","og_url":"https:\/\/noticiasemdestaque.com\/cd\/?p=25263","og_site_name":"Not&iacute;cias em Destaque","article_published_time":"2020-06-09T10:38:42+00:00","og_image":[{"width":400,"height":400,"url":"https:\/\/noticiasemdestaque.com\/cd\/wp-content\/uploads\/2020\/06\/bo.jpg","type":"image\/jpeg"}],"author":"Not\u00edcias em Destaque","twitter_card":"summary_large_image","twitter_misc":{"Escrito por":"Not\u00edcias em Destaque","Est. tempo de leitura":"1 minuto"},"schema":{"@context":"https:\/\/schema.org","@graph":[{"@type":"Article","@id":"https:\/\/noticiasemdestaque.com\/cd\/?p=25263#article","isPartOf":{"@id":"https:\/\/noticiasemdestaque.com\/cd\/?p=25263"},"author":{"name":"Not\u00edcias em Destaque","@id":"https:\/\/noticiasemdestaque.com\/cd\/#\/schema\/person\/21320b03a7e8bb90128938dafc9b908a"},"headline":"Serra Branca confirma 3 novos casos de Covid-19","datePublished":"2020-06-09T10:38:42+00:00","mainEntityOfPage":{"@id":"https:\/\/noticiasemdestaque.com\/cd\/?p=25263"},"wordCount":263,"publisher":{"@id":"https:\/\/noticiasemdestaque.com\/cd\/#organization"},"image":{"@id":"https:\/\/noticiasemdestaque.com\/cd\/?p=25263#primaryimage"},"thumbnailUrl":"https:\/\/noticiasemdestaque.com\/cd\/wp-content\/uploads\/2020\/06\/bo.jpg","articleSection":["Cidades"],"inLanguage":"pt-BR"},{"@type":"WebPage","@id":"https:\/\/noticiasemdestaque.com\/cd\/?p=25263","url":"https:\/\/noticiasemdestaque.com\/cd\/?p=25263","name":"Serra Branca confirma 3 novos casos de Covid-19 - Not&iacute;cias em Destaque","isPartOf":{"@id":"https:\/\/noticiasemdestaque.com\/cd\/#website"},"primaryImageOfPage":{"@id":"https:\/\/noticiasemdestaque.com\/cd\/?p=25263#primaryimage"},"image":{"@id":"https:\/\/noticiasemdestaque.com\/cd\/?p=25263#primaryimage"},"thumbnailUrl":"https:\/\/noticiasemdestaque.com\/cd\/wp-content\/uploads\/2020\/06\/bo.jpg","datePublished":"2020-06-09T10:38:42+00:00","breadcrumb":{"@id":"https:\/\/noticiasemdestaque.com\/cd\/?p=25263#breadcrumb"},"inLanguage":"pt-BR","potentialAction":[{"@type":"ReadAction","target":["https:\/\/noticiasemdestaque.com\/cd\/?p=25263"]}]},{"@type":"ImageObject","inLanguage":"pt-BR","@id":"https:\/\/noticiasemdestaque.com\/cd\/?p=25263#primaryimage","url":"https:\/\/noticiasemdestaque.com\/cd\/wp-content\/uploads\/2020\/06\/bo.jpg","contentUrl":"https:\/\/noticiasemdestaque.com\/cd\/wp-content\/uploads\/2020\/06\/bo.jpg","width":400,"height":400},{"@type":"BreadcrumbList","@id":"https:\/\/noticiasemdestaque.com\/cd\/?p=25263#breadcrumb","itemListElement":[{"@type":"ListItem","position":1,"name":"In\u00edcio","item":"https:\/\/noticiasemdestaque.com\/cd\/"},{"@type":"ListItem","position":2,"name":"Serra Branca confirma 3 novos casos de Covid-19"}]},{"@type":"WebSite","@id":"https:\/\/noticiasemdestaque.com\/cd\/#website","url":"https:\/\/noticiasemdestaque.com\/cd\/","name":"Not&iacute;cias em Destaque","description":"","publisher":{"@id":"https:\/\/noticiasemdestaque.com\/cd\/#organization"},"potentialAction":[{"@type":"SearchAction","target":{"@type":"EntryPoint","urlTemplate":"https:\/\/noticiasemdestaque.com\/cd\/?s={search_term_string}"},"query-input":{"@type":"PropertyValueSpecification","valueRequired":true,"valueName":"search_term_string"}}],"inLanguage":"pt-BR"},{"@type":"Organization","@id":"https:\/\/noticiasemdestaque.com\/cd\/#organization","name":"Not\u00edcias em Destaque","url":"https:\/\/noticiasemdestaque.com\/cd\/","logo":{"@type":"ImageObject","inLanguage":"pt-BR","@id":"https:\/\/noticiasemdestaque.com\/cd\/#\/schema\/logo\/image\/","url":"https:\/\/noticiasemdestaque.com\/cd\/wp-content\/uploads\/2022\/05\/imagem-base-noticiasemdestaque.png","contentUrl":"https:\/\/noticiasemdestaque.com\/cd\/wp-content\/uploads\/2022\/05\/imagem-base-noticiasemdestaque.png","width":1200,"height":630,"caption":"Not\u00edcias em Destaque"},"image":{"@id":"https:\/\/noticiasemdestaque.com\/cd\/#\/schema\/logo\/image\/"}},{"@type":"Person","@id":"https:\/\/noticiasemdestaque.com\/cd\/#\/schema\/person\/21320b03a7e8bb90128938dafc9b908a","name":"Not\u00edcias em Destaque","url":"https:\/\/noticiasemdestaque.com\/cd\/?author=2"}]}},"jetpack_featured_media_url":"https:\/\/noticiasemdestaque.com\/cd\/wp-content\/uploads\/2020\/06\/bo.jpg","jetpack_sharing_enabled":true,"_links":{"self":[{"href":"https:\/\/noticiasemdestaque.com\/cd\/index.php?rest_route=\/wp\/v2\/posts\/25263","targetHints":{"allow":["GET"]}}],"collection":[{"href":"https:\/\/noticiasemdestaque.com\/cd\/index.php?rest_route=\/wp\/v2\/posts"}],"about":[{"href":"https:\/\/noticiasemdestaque.com\/cd\/index.php?rest_route=\/wp\/v2\/types\/post"}],"author":[{"embeddable":true,"href":"https:\/\/noticiasemdestaque.com\/cd\/index.php?rest_route=\/wp\/v2\/users\/2"}],"replies":[{"embeddable":true,"href":"https:\/\/noticiasemdestaque.com\/cd\/index.php?rest_route=%2Fwp%2Fv2%2Fcomments&post=25263"}],"version-history":[{"count":1,"href":"https:\/\/noticiasemdestaque.com\/cd\/index.php?rest_route=\/wp\/v2\/posts\/25263\/revisions"}],"predecessor-version":[{"id":25265,"href":"https:\/\/noticiasemdestaque.com\/cd\/index.php?rest_route=\/wp\/v2\/posts\/25263\/revisions\/25265"}],"wp:featuredmedia":[{"embeddable":true,"href":"https:\/\/noticiasemdestaque.com\/cd\/index.php?rest_route=\/wp\/v2\/media\/25264"}],"wp:attachment":[{"href":"https:\/\/noticiasemdestaque.com\/cd\/index.php?rest_route=%2Fwp%2Fv2%2Fmedia&parent=25263"}],"wp:term":[{"taxonomy":"category","embeddable":true,"href":"https:\/\/noticiasemdestaque.com\/cd\/index.php?rest_route=%2Fwp%2Fv2%2Fcategories&post=25263"},{"taxonomy":"post_tag","embeddable":true,"href":"https:\/\/noticiasemdestaque.com\/cd\/index.php?rest_route=%2Fwp%2Fv2%2Ftags&post=25263"}],"curies":[{"name":"wp","href":"https:\/\/api.w.org\/{rel}","templated":true}]}}