{"id":25261,"date":"2020-06-09T07:36:40","date_gmt":"2020-06-09T10:36:40","guid":{"rendered":"http:\/\/noticiasemdestaque.com\/cd\/?p=25261"},"modified":"2020-06-09T07:36:40","modified_gmt":"2020-06-09T10:36:40","slug":"cultura-vereador-guilherme-apresenta-projeto-para-contratacao-de-artistas-que-realizarem-lives-durante-festejos-juninos","status":"publish","type":"post","link":"https:\/\/noticiasemdestaque.com\/cd\/?p=25261","title":{"rendered":"Cultura- Vereador Guilherme apresenta projeto para contrata\u00e7\u00e3o de artistas que realizarem lives durante festejos juninos"},"content":{"rendered":"<figure id=\"attachment_19257\" aria-describedby=\"caption-attachment-19257\" style=\"width: 456px\" class=\"wp-caption aligncenter\"><a href=\"https:\/\/noticiasemdestaque.com\/cd\/wp-content\/uploads\/2019\/08\/IMG_5486.jpg\"><img fetchpriority=\"high\" decoding=\"async\" class=\" wp-image-19257\" src=\"https:\/\/noticiasemdestaque.com\/cd\/wp-content\/uploads\/2019\/08\/IMG_5486-1024x683.jpg\" alt=\"\" width=\"456\" height=\"304\" srcset=\"https:\/\/noticiasemdestaque.com\/cd\/wp-content\/uploads\/2019\/08\/IMG_5486-1024x683.jpg 1024w, https:\/\/noticiasemdestaque.com\/cd\/wp-content\/uploads\/2019\/08\/IMG_5486-300x200.jpg 300w, https:\/\/noticiasemdestaque.com\/cd\/wp-content\/uploads\/2019\/08\/IMG_5486-768x512.jpg 768w, https:\/\/noticiasemdestaque.com\/cd\/wp-content\/uploads\/2019\/08\/IMG_5486-480x320.jpg 480w\" sizes=\"(max-width: 456px) 100vw, 456px\" \/><\/a><figcaption id=\"caption-attachment-19257\" class=\"wp-caption-text\">Vereador Guilherme<\/figcaption><\/figure>\n<p>O vereador Guilherme Gaud\u00eancio (PDT) apresentou projeto de lei do S\u00e3o Jo\u00e3o Virtual que disp\u00f5e sobre a contrata\u00e7\u00e3o de artistas locais afetados economicamente pela pandemia do novo Coronav\u00edrus (COVID-19) para a realiza\u00e7\u00e3o de shows virtuais durante o ciclo junino no munic\u00edpio de Serra Branca.<\/p>\n<p>De acordo com o projeto apresentado \u00e0 C\u00e2mara Municipal, os artistas locais receberiam caches para a realiza\u00e7\u00e3o de shows virtuais transmitidos pela internet, por meio de transmiss\u00e3o ao vivo (LIVES) nas redes sociais (FACEBOOK, INSTAGRAN E YOU TUBE). Guilherme explicou que os artistas, obrigatoriamente de Serra Branca, receberiam cach\u00eas com recursos que seriam destinados aos festejos juninos e os shows virtuais tamb\u00e9m poder\u00e3o servir como forma de arrecada\u00e7\u00e3o de alimentos e produtos de higiene pessoal para serem distribu\u00eddos pela Prefeitura do Serra Branca \u00e0 popula\u00e7\u00e3o mais afetada.<\/p>\n<p>O vereador Guilherme Gaud\u00eancio lembrou que os artistas foram os primeiros a sentirem os efeitos da Covid-19 com a proibi\u00e7\u00e3o de aglomera\u00e7\u00e3o nos show e eventos. O cancelamento de eventos culturais \u00e9 imprescind\u00edvel neste momento, por\u00e9m artistas e demais profissionais que trabalham nessas produ\u00e7\u00f5es s\u00e3o atingidos diretamente. Artista s\u00f3 recebe se trabalhar, se n\u00e3o tem evento, n\u00e3o tem trabalho e por consequ\u00eancia n\u00e3o tem dinheiro. As no\u00e7\u00f5es de justi\u00e7a social devem atuar para garantir uma quarentena com dignidade a todos\u201d, justificou Guilherme.<\/p>\n<p>Com Ascom<\/p>\n","protected":false},"excerpt":{"rendered":"<p>O vereador Guilherme Gaud\u00eancio (PDT) apresentou projeto de lei do S\u00e3o Jo\u00e3o Virtual que disp\u00f5e sobre a contrata\u00e7\u00e3o de artistas locais afetados economicamente pela pandemia do novo Coronav\u00edrus (COVID-19) para a realiza\u00e7\u00e3o de shows virtuais durante o ciclo junino no munic\u00edpio de Serra Branca. De acordo com o projeto apresentado \u00e0 C\u00e2mara Municipal, os artistas locais receberiam caches para a realiza\u00e7\u00e3o de shows virtuais transmitidos pela internet, por meio de transmiss\u00e3o ao vivo (LIVES) nas redes sociais (FACEBOOK, INSTAGRAN E YOU TUBE). Guilherme explicou que os artistas, obrigatoriamente de Serra Branca, receberiam cach\u00eas com recursos que seriam destinados aos festejos juninos e os shows virtuais tamb\u00e9m poder\u00e3o servir como forma de arrecada\u00e7\u00e3o de alimentos e produtos de higiene pessoal para serem distribu\u00eddos pela Prefeitura do Serra Branca \u00e0 popula\u00e7\u00e3o mais afetada. O vereador Guilherme Gaud\u00eancio lembrou que os artistas foram os primeiros a sentirem os efeitos da Covid-19 com a proibi\u00e7\u00e3o de aglomera\u00e7\u00e3o nos show e eventos. O cancelamento de eventos culturais \u00e9 imprescind\u00edvel neste momento, por\u00e9m artistas e demais profissionais que trabalham nessas produ\u00e7\u00f5es s\u00e3o atingidos diretamente. Artista s\u00f3 recebe se trabalhar, se n\u00e3o tem evento, n\u00e3o tem trabalho e por consequ\u00eancia n\u00e3o tem dinheiro. As no\u00e7\u00f5es de justi\u00e7a social devem atuar para garantir uma quarentena com dignidade a todos\u201d, justificou Guilherme. Com Ascom<\/p>\n","protected":false},"author":2,"featured_media":19257,"comment_status":"closed","ping_status":"open","sticky":false,"template":"","format":"standard","meta":{"_eb_attr":"","_jetpack_memberships_contains_paid_content":false,"footnotes":""},"categories":[4],"tags":[],"class_list":["post-25261","post","type-post","status-publish","format-standard","has-post-thumbnail","hentry","category-politica"],"yoast_head":"<!-- This site is optimized with the Yoast SEO plugin v26.5 - https:\/\/yoast.com\/wordpress\/plugins\/seo\/ -->\n<title>Cultura- Vereador Guilherme apresenta projeto para contrata\u00e7\u00e3o de artistas que realizarem lives durante festejos juninos - Not&iacute;cias em Destaque<\/title>\n<meta name=\"robots\" content=\"index, follow, max-snippet:-1, max-image-preview:large, max-video-preview:-1\" \/>\n<link rel=\"canonical\" href=\"https:\/\/noticiasemdestaque.com\/cd\/?p=25261\" \/>\n<meta property=\"og:locale\" content=\"pt_BR\" \/>\n<meta property=\"og:type\" content=\"article\" \/>\n<meta property=\"og:title\" content=\"Cultura- Vereador Guilherme apresenta projeto para contrata\u00e7\u00e3o de artistas que realizarem lives durante festejos juninos - Not&iacute;cias em Destaque\" \/>\n<meta property=\"og:description\" content=\"O vereador Guilherme Gaud\u00eancio (PDT) apresentou projeto de lei do S\u00e3o Jo\u00e3o Virtual que disp\u00f5e sobre a contrata\u00e7\u00e3o de artistas locais afetados economicamente pela pandemia do novo Coronav\u00edrus (COVID-19) para a realiza\u00e7\u00e3o de shows virtuais durante o ciclo junino no munic\u00edpio de Serra Branca. De acordo com o projeto apresentado \u00e0 C\u00e2mara Municipal, os artistas locais receberiam caches para a realiza\u00e7\u00e3o de shows virtuais transmitidos pela internet, por meio de transmiss\u00e3o ao vivo (LIVES) nas redes sociais (FACEBOOK, INSTAGRAN E YOU TUBE). Guilherme explicou que os artistas, obrigatoriamente de Serra Branca, receberiam cach\u00eas com recursos que seriam destinados aos festejos juninos e os shows virtuais tamb\u00e9m poder\u00e3o servir como forma de arrecada\u00e7\u00e3o de alimentos e produtos de higiene pessoal para serem distribu\u00eddos pela Prefeitura do Serra Branca \u00e0 popula\u00e7\u00e3o mais afetada. O vereador Guilherme Gaud\u00eancio lembrou que os artistas foram os primeiros a sentirem os efeitos da Covid-19 com a proibi\u00e7\u00e3o de aglomera\u00e7\u00e3o nos show e eventos. O cancelamento de eventos culturais \u00e9 imprescind\u00edvel neste momento, por\u00e9m artistas e demais profissionais que trabalham nessas produ\u00e7\u00f5es s\u00e3o atingidos diretamente. Artista s\u00f3 recebe se trabalhar, se n\u00e3o tem evento, n\u00e3o tem trabalho e por consequ\u00eancia n\u00e3o tem dinheiro. As no\u00e7\u00f5es de justi\u00e7a social devem atuar para garantir uma quarentena com dignidade a todos\u201d, justificou Guilherme. Com Ascom\" \/>\n<meta property=\"og:url\" content=\"https:\/\/noticiasemdestaque.com\/cd\/?p=25261\" \/>\n<meta property=\"og:site_name\" content=\"Not&iacute;cias em Destaque\" \/>\n<meta property=\"article:published_time\" content=\"2020-06-09T10:36:40+00:00\" \/>\n<meta property=\"og:image\" content=\"https:\/\/noticiasemdestaque.com\/cd\/wp-content\/uploads\/2019\/08\/IMG_5486.jpg\" \/>\n\t<meta property=\"og:image:width\" content=\"2592\" \/>\n\t<meta property=\"og:image:height\" content=\"1728\" \/>\n\t<meta property=\"og:image:type\" content=\"image\/jpeg\" \/>\n<meta name=\"author\" content=\"Not\u00edcias em Destaque\" \/>\n<meta name=\"twitter:card\" content=\"summary_large_image\" \/>\n<meta name=\"twitter:label1\" content=\"Escrito por\" \/>\n\t<meta name=\"twitter:data1\" content=\"Not\u00edcias em Destaque\" \/>\n\t<meta name=\"twitter:label2\" content=\"Est. tempo de leitura\" \/>\n\t<meta name=\"twitter:data2\" content=\"1 minuto\" \/>\n<script type=\"application\/ld+json\" class=\"yoast-schema-graph\">{\"@context\":\"https:\/\/schema.org\",\"@graph\":[{\"@type\":\"Article\",\"@id\":\"https:\/\/noticiasemdestaque.com\/cd\/?p=25261#article\",\"isPartOf\":{\"@id\":\"https:\/\/noticiasemdestaque.com\/cd\/?p=25261\"},\"author\":{\"name\":\"Not\u00edcias em Destaque\",\"@id\":\"https:\/\/noticiasemdestaque.com\/cd\/#\/schema\/person\/21320b03a7e8bb90128938dafc9b908a\"},\"headline\":\"Cultura- Vereador Guilherme apresenta projeto para contrata\u00e7\u00e3o de artistas que realizarem lives durante festejos juninos\",\"datePublished\":\"2020-06-09T10:36:40+00:00\",\"mainEntityOfPage\":{\"@id\":\"https:\/\/noticiasemdestaque.com\/cd\/?p=25261\"},\"wordCount\":267,\"publisher\":{\"@id\":\"https:\/\/noticiasemdestaque.com\/cd\/#organization\"},\"image\":{\"@id\":\"https:\/\/noticiasemdestaque.com\/cd\/?p=25261#primaryimage\"},\"thumbnailUrl\":\"https:\/\/noticiasemdestaque.com\/cd\/wp-content\/uploads\/2019\/08\/IMG_5486.jpg\",\"articleSection\":[\"Pol\u00edtica\"],\"inLanguage\":\"pt-BR\"},{\"@type\":\"WebPage\",\"@id\":\"https:\/\/noticiasemdestaque.com\/cd\/?p=25261\",\"url\":\"https:\/\/noticiasemdestaque.com\/cd\/?p=25261\",\"name\":\"Cultura- Vereador Guilherme apresenta projeto para contrata\u00e7\u00e3o de artistas que realizarem lives durante festejos juninos - Not&iacute;cias em Destaque\",\"isPartOf\":{\"@id\":\"https:\/\/noticiasemdestaque.com\/cd\/#website\"},\"primaryImageOfPage\":{\"@id\":\"https:\/\/noticiasemdestaque.com\/cd\/?p=25261#primaryimage\"},\"image\":{\"@id\":\"https:\/\/noticiasemdestaque.com\/cd\/?p=25261#primaryimage\"},\"thumbnailUrl\":\"https:\/\/noticiasemdestaque.com\/cd\/wp-content\/uploads\/2019\/08\/IMG_5486.jpg\",\"datePublished\":\"2020-06-09T10:36:40+00:00\",\"breadcrumb\":{\"@id\":\"https:\/\/noticiasemdestaque.com\/cd\/?p=25261#breadcrumb\"},\"inLanguage\":\"pt-BR\",\"potentialAction\":[{\"@type\":\"ReadAction\",\"target\":[\"https:\/\/noticiasemdestaque.com\/cd\/?p=25261\"]}]},{\"@type\":\"ImageObject\",\"inLanguage\":\"pt-BR\",\"@id\":\"https:\/\/noticiasemdestaque.com\/cd\/?p=25261#primaryimage\",\"url\":\"https:\/\/noticiasemdestaque.com\/cd\/wp-content\/uploads\/2019\/08\/IMG_5486.jpg\",\"contentUrl\":\"https:\/\/noticiasemdestaque.com\/cd\/wp-content\/uploads\/2019\/08\/IMG_5486.jpg\",\"width\":2592,\"height\":1728,\"caption\":\"Vereador Guilherme\"},{\"@type\":\"BreadcrumbList\",\"@id\":\"https:\/\/noticiasemdestaque.com\/cd\/?p=25261#breadcrumb\",\"itemListElement\":[{\"@type\":\"ListItem\",\"position\":1,\"name\":\"In\u00edcio\",\"item\":\"https:\/\/noticiasemdestaque.com\/cd\/\"},{\"@type\":\"ListItem\",\"position\":2,\"name\":\"Cultura- Vereador Guilherme apresenta projeto para contrata\u00e7\u00e3o de artistas que realizarem lives durante festejos juninos\"}]},{\"@type\":\"WebSite\",\"@id\":\"https:\/\/noticiasemdestaque.com\/cd\/#website\",\"url\":\"https:\/\/noticiasemdestaque.com\/cd\/\",\"name\":\"Not&iacute;cias em Destaque\",\"description\":\"\",\"publisher\":{\"@id\":\"https:\/\/noticiasemdestaque.com\/cd\/#organization\"},\"potentialAction\":[{\"@type\":\"SearchAction\",\"target\":{\"@type\":\"EntryPoint\",\"urlTemplate\":\"https:\/\/noticiasemdestaque.com\/cd\/?s={search_term_string}\"},\"query-input\":{\"@type\":\"PropertyValueSpecification\",\"valueRequired\":true,\"valueName\":\"search_term_string\"}}],\"inLanguage\":\"pt-BR\"},{\"@type\":\"Organization\",\"@id\":\"https:\/\/noticiasemdestaque.com\/cd\/#organization\",\"name\":\"Not\u00edcias em Destaque\",\"url\":\"https:\/\/noticiasemdestaque.com\/cd\/\",\"logo\":{\"@type\":\"ImageObject\",\"inLanguage\":\"pt-BR\",\"@id\":\"https:\/\/noticiasemdestaque.com\/cd\/#\/schema\/logo\/image\/\",\"url\":\"https:\/\/noticiasemdestaque.com\/cd\/wp-content\/uploads\/2022\/05\/imagem-base-noticiasemdestaque.png\",\"contentUrl\":\"https:\/\/noticiasemdestaque.com\/cd\/wp-content\/uploads\/2022\/05\/imagem-base-noticiasemdestaque.png\",\"width\":1200,\"height\":630,\"caption\":\"Not\u00edcias em Destaque\"},\"image\":{\"@id\":\"https:\/\/noticiasemdestaque.com\/cd\/#\/schema\/logo\/image\/\"}},{\"@type\":\"Person\",\"@id\":\"https:\/\/noticiasemdestaque.com\/cd\/#\/schema\/person\/21320b03a7e8bb90128938dafc9b908a\",\"name\":\"Not\u00edcias em Destaque\",\"url\":\"https:\/\/noticiasemdestaque.com\/cd\/?author=2\"}]}<\/script>\n<!-- \/ Yoast SEO plugin. -->","yoast_head_json":{"title":"Cultura- Vereador Guilherme apresenta projeto para contrata\u00e7\u00e3o de artistas que realizarem lives durante festejos juninos - Not&iacute;cias em Destaque","robots":{"index":"index","follow":"follow","max-snippet":"max-snippet:-1","max-image-preview":"max-image-preview:large","max-video-preview":"max-video-preview:-1"},"canonical":"https:\/\/noticiasemdestaque.com\/cd\/?p=25261","og_locale":"pt_BR","og_type":"article","og_title":"Cultura- Vereador Guilherme apresenta projeto para contrata\u00e7\u00e3o de artistas que realizarem lives durante festejos juninos - Not&iacute;cias em Destaque","og_description":"O vereador Guilherme Gaud\u00eancio (PDT) apresentou projeto de lei do S\u00e3o Jo\u00e3o Virtual que disp\u00f5e sobre a contrata\u00e7\u00e3o de artistas locais afetados economicamente pela pandemia do novo Coronav\u00edrus (COVID-19) para a realiza\u00e7\u00e3o de shows virtuais durante o ciclo junino no munic\u00edpio de Serra Branca. De acordo com o projeto apresentado \u00e0 C\u00e2mara Municipal, os artistas locais receberiam caches para a realiza\u00e7\u00e3o de shows virtuais transmitidos pela internet, por meio de transmiss\u00e3o ao vivo (LIVES) nas redes sociais (FACEBOOK, INSTAGRAN E YOU TUBE). Guilherme explicou que os artistas, obrigatoriamente de Serra Branca, receberiam cach\u00eas com recursos que seriam destinados aos festejos juninos e os shows virtuais tamb\u00e9m poder\u00e3o servir como forma de arrecada\u00e7\u00e3o de alimentos e produtos de higiene pessoal para serem distribu\u00eddos pela Prefeitura do Serra Branca \u00e0 popula\u00e7\u00e3o mais afetada. O vereador Guilherme Gaud\u00eancio lembrou que os artistas foram os primeiros a sentirem os efeitos da Covid-19 com a proibi\u00e7\u00e3o de aglomera\u00e7\u00e3o nos show e eventos. O cancelamento de eventos culturais \u00e9 imprescind\u00edvel neste momento, por\u00e9m artistas e demais profissionais que trabalham nessas produ\u00e7\u00f5es s\u00e3o atingidos diretamente. Artista s\u00f3 recebe se trabalhar, se n\u00e3o tem evento, n\u00e3o tem trabalho e por consequ\u00eancia n\u00e3o tem dinheiro. As no\u00e7\u00f5es de justi\u00e7a social devem atuar para garantir uma quarentena com dignidade a todos\u201d, justificou Guilherme. Com Ascom","og_url":"https:\/\/noticiasemdestaque.com\/cd\/?p=25261","og_site_name":"Not&iacute;cias em Destaque","article_published_time":"2020-06-09T10:36:40+00:00","og_image":[{"width":2592,"height":1728,"url":"https:\/\/noticiasemdestaque.com\/cd\/wp-content\/uploads\/2019\/08\/IMG_5486.jpg","type":"image\/jpeg"}],"author":"Not\u00edcias em Destaque","twitter_card":"summary_large_image","twitter_misc":{"Escrito por":"Not\u00edcias em Destaque","Est. tempo de leitura":"1 minuto"},"schema":{"@context":"https:\/\/schema.org","@graph":[{"@type":"Article","@id":"https:\/\/noticiasemdestaque.com\/cd\/?p=25261#article","isPartOf":{"@id":"https:\/\/noticiasemdestaque.com\/cd\/?p=25261"},"author":{"name":"Not\u00edcias em Destaque","@id":"https:\/\/noticiasemdestaque.com\/cd\/#\/schema\/person\/21320b03a7e8bb90128938dafc9b908a"},"headline":"Cultura- Vereador Guilherme apresenta projeto para contrata\u00e7\u00e3o de artistas que realizarem lives durante festejos juninos","datePublished":"2020-06-09T10:36:40+00:00","mainEntityOfPage":{"@id":"https:\/\/noticiasemdestaque.com\/cd\/?p=25261"},"wordCount":267,"publisher":{"@id":"https:\/\/noticiasemdestaque.com\/cd\/#organization"},"image":{"@id":"https:\/\/noticiasemdestaque.com\/cd\/?p=25261#primaryimage"},"thumbnailUrl":"https:\/\/noticiasemdestaque.com\/cd\/wp-content\/uploads\/2019\/08\/IMG_5486.jpg","articleSection":["Pol\u00edtica"],"inLanguage":"pt-BR"},{"@type":"WebPage","@id":"https:\/\/noticiasemdestaque.com\/cd\/?p=25261","url":"https:\/\/noticiasemdestaque.com\/cd\/?p=25261","name":"Cultura- Vereador Guilherme apresenta projeto para contrata\u00e7\u00e3o de artistas que realizarem lives durante festejos juninos - Not&iacute;cias em Destaque","isPartOf":{"@id":"https:\/\/noticiasemdestaque.com\/cd\/#website"},"primaryImageOfPage":{"@id":"https:\/\/noticiasemdestaque.com\/cd\/?p=25261#primaryimage"},"image":{"@id":"https:\/\/noticiasemdestaque.com\/cd\/?p=25261#primaryimage"},"thumbnailUrl":"https:\/\/noticiasemdestaque.com\/cd\/wp-content\/uploads\/2019\/08\/IMG_5486.jpg","datePublished":"2020-06-09T10:36:40+00:00","breadcrumb":{"@id":"https:\/\/noticiasemdestaque.com\/cd\/?p=25261#breadcrumb"},"inLanguage":"pt-BR","potentialAction":[{"@type":"ReadAction","target":["https:\/\/noticiasemdestaque.com\/cd\/?p=25261"]}]},{"@type":"ImageObject","inLanguage":"pt-BR","@id":"https:\/\/noticiasemdestaque.com\/cd\/?p=25261#primaryimage","url":"https:\/\/noticiasemdestaque.com\/cd\/wp-content\/uploads\/2019\/08\/IMG_5486.jpg","contentUrl":"https:\/\/noticiasemdestaque.com\/cd\/wp-content\/uploads\/2019\/08\/IMG_5486.jpg","width":2592,"height":1728,"caption":"Vereador Guilherme"},{"@type":"BreadcrumbList","@id":"https:\/\/noticiasemdestaque.com\/cd\/?p=25261#breadcrumb","itemListElement":[{"@type":"ListItem","position":1,"name":"In\u00edcio","item":"https:\/\/noticiasemdestaque.com\/cd\/"},{"@type":"ListItem","position":2,"name":"Cultura- Vereador Guilherme apresenta projeto para contrata\u00e7\u00e3o de artistas que realizarem lives durante festejos juninos"}]},{"@type":"WebSite","@id":"https:\/\/noticiasemdestaque.com\/cd\/#website","url":"https:\/\/noticiasemdestaque.com\/cd\/","name":"Not&iacute;cias em Destaque","description":"","publisher":{"@id":"https:\/\/noticiasemdestaque.com\/cd\/#organization"},"potentialAction":[{"@type":"SearchAction","target":{"@type":"EntryPoint","urlTemplate":"https:\/\/noticiasemdestaque.com\/cd\/?s={search_term_string}"},"query-input":{"@type":"PropertyValueSpecification","valueRequired":true,"valueName":"search_term_string"}}],"inLanguage":"pt-BR"},{"@type":"Organization","@id":"https:\/\/noticiasemdestaque.com\/cd\/#organization","name":"Not\u00edcias em Destaque","url":"https:\/\/noticiasemdestaque.com\/cd\/","logo":{"@type":"ImageObject","inLanguage":"pt-BR","@id":"https:\/\/noticiasemdestaque.com\/cd\/#\/schema\/logo\/image\/","url":"https:\/\/noticiasemdestaque.com\/cd\/wp-content\/uploads\/2022\/05\/imagem-base-noticiasemdestaque.png","contentUrl":"https:\/\/noticiasemdestaque.com\/cd\/wp-content\/uploads\/2022\/05\/imagem-base-noticiasemdestaque.png","width":1200,"height":630,"caption":"Not\u00edcias em Destaque"},"image":{"@id":"https:\/\/noticiasemdestaque.com\/cd\/#\/schema\/logo\/image\/"}},{"@type":"Person","@id":"https:\/\/noticiasemdestaque.com\/cd\/#\/schema\/person\/21320b03a7e8bb90128938dafc9b908a","name":"Not\u00edcias em Destaque","url":"https:\/\/noticiasemdestaque.com\/cd\/?author=2"}]}},"jetpack_featured_media_url":"https:\/\/noticiasemdestaque.com\/cd\/wp-content\/uploads\/2019\/08\/IMG_5486.jpg","jetpack_sharing_enabled":true,"_links":{"self":[{"href":"https:\/\/noticiasemdestaque.com\/cd\/index.php?rest_route=\/wp\/v2\/posts\/25261","targetHints":{"allow":["GET"]}}],"collection":[{"href":"https:\/\/noticiasemdestaque.com\/cd\/index.php?rest_route=\/wp\/v2\/posts"}],"about":[{"href":"https:\/\/noticiasemdestaque.com\/cd\/index.php?rest_route=\/wp\/v2\/types\/post"}],"author":[{"embeddable":true,"href":"https:\/\/noticiasemdestaque.com\/cd\/index.php?rest_route=\/wp\/v2\/users\/2"}],"replies":[{"embeddable":true,"href":"https:\/\/noticiasemdestaque.com\/cd\/index.php?rest_route=%2Fwp%2Fv2%2Fcomments&post=25261"}],"version-history":[{"count":1,"href":"https:\/\/noticiasemdestaque.com\/cd\/index.php?rest_route=\/wp\/v2\/posts\/25261\/revisions"}],"predecessor-version":[{"id":25262,"href":"https:\/\/noticiasemdestaque.com\/cd\/index.php?rest_route=\/wp\/v2\/posts\/25261\/revisions\/25262"}],"wp:featuredmedia":[{"embeddable":true,"href":"https:\/\/noticiasemdestaque.com\/cd\/index.php?rest_route=\/wp\/v2\/media\/19257"}],"wp:attachment":[{"href":"https:\/\/noticiasemdestaque.com\/cd\/index.php?rest_route=%2Fwp%2Fv2%2Fmedia&parent=25261"}],"wp:term":[{"taxonomy":"category","embeddable":true,"href":"https:\/\/noticiasemdestaque.com\/cd\/index.php?rest_route=%2Fwp%2Fv2%2Fcategories&post=25261"},{"taxonomy":"post_tag","embeddable":true,"href":"https:\/\/noticiasemdestaque.com\/cd\/index.php?rest_route=%2Fwp%2Fv2%2Ftags&post=25261"}],"curies":[{"name":"wp","href":"https:\/\/api.w.org\/{rel}","templated":true}]}}