{"id":25231,"date":"2020-06-07T18:44:39","date_gmt":"2020-06-07T21:44:39","guid":{"rendered":"http:\/\/noticiasemdestaque.com\/cd\/?p=25231"},"modified":"2020-06-07T18:44:39","modified_gmt":"2020-06-07T21:44:39","slug":"dr-arnaldo-correia-dep-wellington-roberto-emplaca-prof-da-ufpb-no-segundo-maior-cargo-do-ministerio-da-saude","status":"publish","type":"post","link":"https:\/\/noticiasemdestaque.com\/cd\/?p=25231","title":{"rendered":"Dr. ARNALDO CORREIA \u2013 Dep. Wellington Roberto emplaca prof. da UFPB no segundo maior cargo do Minist\u00e9rio da Sa\u00fade"},"content":{"rendered":"<p><a href=\"https:\/\/noticiasemdestaque.com\/cd\/wp-content\/uploads\/2020\/06\/Capturaro-1.jpg\"><img fetchpriority=\"high\" decoding=\"async\" class=\"wp-image-25232 aligncenter\" src=\"https:\/\/noticiasemdestaque.com\/cd\/wp-content\/uploads\/2020\/06\/Capturaro-1.jpg\" alt=\"\" width=\"539\" height=\"329\" srcset=\"https:\/\/noticiasemdestaque.com\/cd\/wp-content\/uploads\/2020\/06\/Capturaro-1.jpg 728w, https:\/\/noticiasemdestaque.com\/cd\/wp-content\/uploads\/2020\/06\/Capturaro-1-300x183.jpg 300w\" sizes=\"(max-width: 539px) 100vw, 539px\" \/><\/a><\/p>\n<p>O paraibano Arnaldo Correia de Medeiros \u00e9 o novo secret\u00e1rio de Vigil\u00e2ncia em Sa\u00fade. Ele ocupa vaga deixada por Wanderson de Oliveira, que pediu demiss\u00e3o em meio \u00e0 pandemia do coronav\u00edrus. A escolha foi publicada nesta sexta-feira (5) no Di\u00e1rio Oficial da Uni\u00e3o, assinada pelo ministro chefe da Casa Civil, Braga Netto.<\/p>\n<p>Arnaldo Medeiros foi indicado pelo l\u00edder do PL na C\u00e2mara, o tamb\u00e9m paraibano deputado Wellington Roberto. O partido \u00e9 conhecido por integrar o chamado \u201cCentr\u00e3o\u201d, que tem recebido acenos do presidente Jair Bolsonaro.<\/p>\n<p>O posto do Minist\u00e9rio da Sa\u00fade \u00e9 respons\u00e1vel por decis\u00f5es a respeito da vigil\u00e2ncia, preven\u00e7\u00e3o e controle de doen\u00e7as transmiss\u00edveis. O cargo \u00e9 tido como essencial para a luta contra a Covid-19.<\/p>\n<p><strong>Curr\u00edculo<\/strong><\/p>\n<p>Graduado em ci\u00eancias farmac\u00eauticas pela Universidade Federal da Para\u00edba, Medeiros foi professor da institui\u00e7\u00e3o e tem experi\u00eancia em gest\u00e3o hospitalar, tendo atuado no hospital universit\u00e1rio da UFPB. Eis o hist\u00f3rico acad\u00eamico do novo secret\u00e1rio do Minist\u00e9rio da Sa\u00fade: 1986 \u2013 gradua\u00e7\u00e3o em Ci\u00eancias Farmac\u00eauticas pela Universidade Federal da Para\u00edba; 1989 \u2013 mestrado em Bioqu\u00edmica e Imunologia pela Universidade Federal de Minas Gerais; 1995 \u2013 doutorado em Ci\u00eancias Biol\u00f3gicas (Bioqu\u00edmica) pela Universidade de S\u00e3o Paulo (1995).<\/p>\n<p><em><strong>Not\u00edcias em Destaque<\/strong><\/em><\/p>\n<p>Com Pol\u00eamica PB<\/p>\n","protected":false},"excerpt":{"rendered":"<p>O paraibano Arnaldo Correia de Medeiros \u00e9 o novo secret\u00e1rio de Vigil\u00e2ncia em Sa\u00fade. Ele ocupa vaga deixada por Wanderson de Oliveira, que pediu demiss\u00e3o em meio \u00e0 pandemia do coronav\u00edrus. A escolha foi publicada nesta sexta-feira (5) no Di\u00e1rio Oficial da Uni\u00e3o, assinada pelo ministro chefe da Casa Civil, Braga Netto. Arnaldo Medeiros foi indicado pelo l\u00edder do PL na C\u00e2mara, o tamb\u00e9m paraibano deputado Wellington Roberto. O partido \u00e9 conhecido por integrar o chamado \u201cCentr\u00e3o\u201d, que tem recebido acenos do presidente Jair Bolsonaro. O posto do Minist\u00e9rio da Sa\u00fade \u00e9 respons\u00e1vel por decis\u00f5es a respeito da vigil\u00e2ncia, preven\u00e7\u00e3o e controle de doen\u00e7as transmiss\u00edveis. O cargo \u00e9 tido como essencial para a luta contra a Covid-19. Curr\u00edculo Graduado em ci\u00eancias farmac\u00eauticas pela Universidade Federal da Para\u00edba, Medeiros foi professor da institui\u00e7\u00e3o e tem experi\u00eancia em gest\u00e3o hospitalar, tendo atuado no hospital universit\u00e1rio da UFPB. Eis o hist\u00f3rico acad\u00eamico do novo secret\u00e1rio do Minist\u00e9rio da Sa\u00fade: 1986 \u2013 gradua\u00e7\u00e3o em Ci\u00eancias Farmac\u00eauticas pela Universidade Federal da Para\u00edba; 1989 \u2013 mestrado em Bioqu\u00edmica e Imunologia pela Universidade Federal de Minas Gerais; 1995 \u2013 doutorado em Ci\u00eancias Biol\u00f3gicas (Bioqu\u00edmica) pela Universidade de S\u00e3o Paulo (1995). Not\u00edcias em Destaque Com Pol\u00eamica PB<\/p>\n","protected":false},"author":2,"featured_media":25232,"comment_status":"closed","ping_status":"open","sticky":false,"template":"","format":"standard","meta":{"_eb_attr":"","_jetpack_memberships_contains_paid_content":false,"footnotes":""},"categories":[4],"tags":[],"class_list":["post-25231","post","type-post","status-publish","format-standard","has-post-thumbnail","hentry","category-politica"],"yoast_head":"<!-- This site is optimized with the Yoast SEO plugin v26.5 - https:\/\/yoast.com\/wordpress\/plugins\/seo\/ -->\n<title>Dr. ARNALDO CORREIA \u2013 Dep. Wellington Roberto emplaca prof. da UFPB no segundo maior cargo do Minist\u00e9rio da Sa\u00fade - Not&iacute;cias em Destaque<\/title>\n<meta name=\"robots\" content=\"index, follow, max-snippet:-1, max-image-preview:large, max-video-preview:-1\" \/>\n<link rel=\"canonical\" href=\"https:\/\/noticiasemdestaque.com\/cd\/?p=25231\" \/>\n<meta property=\"og:locale\" content=\"pt_BR\" \/>\n<meta property=\"og:type\" content=\"article\" \/>\n<meta property=\"og:title\" content=\"Dr. ARNALDO CORREIA \u2013 Dep. Wellington Roberto emplaca prof. da UFPB no segundo maior cargo do Minist\u00e9rio da Sa\u00fade - Not&iacute;cias em Destaque\" \/>\n<meta property=\"og:description\" content=\"O paraibano Arnaldo Correia de Medeiros \u00e9 o novo secret\u00e1rio de Vigil\u00e2ncia em Sa\u00fade. Ele ocupa vaga deixada por Wanderson de Oliveira, que pediu demiss\u00e3o em meio \u00e0 pandemia do coronav\u00edrus. A escolha foi publicada nesta sexta-feira (5) no Di\u00e1rio Oficial da Uni\u00e3o, assinada pelo ministro chefe da Casa Civil, Braga Netto. Arnaldo Medeiros foi indicado pelo l\u00edder do PL na C\u00e2mara, o tamb\u00e9m paraibano deputado Wellington Roberto. O partido \u00e9 conhecido por integrar o chamado \u201cCentr\u00e3o\u201d, que tem recebido acenos do presidente Jair Bolsonaro. O posto do Minist\u00e9rio da Sa\u00fade \u00e9 respons\u00e1vel por decis\u00f5es a respeito da vigil\u00e2ncia, preven\u00e7\u00e3o e controle de doen\u00e7as transmiss\u00edveis. O cargo \u00e9 tido como essencial para a luta contra a Covid-19. Curr\u00edculo Graduado em ci\u00eancias farmac\u00eauticas pela Universidade Federal da Para\u00edba, Medeiros foi professor da institui\u00e7\u00e3o e tem experi\u00eancia em gest\u00e3o hospitalar, tendo atuado no hospital universit\u00e1rio da UFPB. Eis o hist\u00f3rico acad\u00eamico do novo secret\u00e1rio do Minist\u00e9rio da Sa\u00fade: 1986 \u2013 gradua\u00e7\u00e3o em Ci\u00eancias Farmac\u00eauticas pela Universidade Federal da Para\u00edba; 1989 \u2013 mestrado em Bioqu\u00edmica e Imunologia pela Universidade Federal de Minas Gerais; 1995 \u2013 doutorado em Ci\u00eancias Biol\u00f3gicas (Bioqu\u00edmica) pela Universidade de S\u00e3o Paulo (1995). Not\u00edcias em Destaque Com Pol\u00eamica PB\" \/>\n<meta property=\"og:url\" content=\"https:\/\/noticiasemdestaque.com\/cd\/?p=25231\" \/>\n<meta property=\"og:site_name\" content=\"Not&iacute;cias em Destaque\" \/>\n<meta property=\"article:published_time\" content=\"2020-06-07T21:44:39+00:00\" \/>\n<meta property=\"og:image\" content=\"https:\/\/noticiasemdestaque.com\/cd\/wp-content\/uploads\/2020\/06\/Capturaro-1.jpg\" \/>\n\t<meta property=\"og:image:width\" content=\"728\" \/>\n\t<meta property=\"og:image:height\" content=\"444\" \/>\n\t<meta property=\"og:image:type\" content=\"image\/jpeg\" \/>\n<meta name=\"author\" content=\"Not\u00edcias em Destaque\" \/>\n<meta name=\"twitter:card\" content=\"summary_large_image\" \/>\n<meta name=\"twitter:label1\" content=\"Escrito por\" \/>\n\t<meta name=\"twitter:data1\" content=\"Not\u00edcias em Destaque\" \/>\n\t<meta name=\"twitter:label2\" content=\"Est. tempo de leitura\" \/>\n\t<meta name=\"twitter:data2\" content=\"1 minuto\" \/>\n<script type=\"application\/ld+json\" class=\"yoast-schema-graph\">{\"@context\":\"https:\/\/schema.org\",\"@graph\":[{\"@type\":\"Article\",\"@id\":\"https:\/\/noticiasemdestaque.com\/cd\/?p=25231#article\",\"isPartOf\":{\"@id\":\"https:\/\/noticiasemdestaque.com\/cd\/?p=25231\"},\"author\":{\"name\":\"Not\u00edcias em Destaque\",\"@id\":\"https:\/\/noticiasemdestaque.com\/cd\/#\/schema\/person\/21320b03a7e8bb90128938dafc9b908a\"},\"headline\":\"Dr. ARNALDO CORREIA \u2013 Dep. Wellington Roberto emplaca prof. da UFPB no segundo maior cargo do Minist\u00e9rio da Sa\u00fade\",\"datePublished\":\"2020-06-07T21:44:39+00:00\",\"mainEntityOfPage\":{\"@id\":\"https:\/\/noticiasemdestaque.com\/cd\/?p=25231\"},\"wordCount\":249,\"publisher\":{\"@id\":\"https:\/\/noticiasemdestaque.com\/cd\/#organization\"},\"image\":{\"@id\":\"https:\/\/noticiasemdestaque.com\/cd\/?p=25231#primaryimage\"},\"thumbnailUrl\":\"https:\/\/noticiasemdestaque.com\/cd\/wp-content\/uploads\/2020\/06\/Capturaro-1.jpg\",\"articleSection\":[\"Pol\u00edtica\"],\"inLanguage\":\"pt-BR\"},{\"@type\":\"WebPage\",\"@id\":\"https:\/\/noticiasemdestaque.com\/cd\/?p=25231\",\"url\":\"https:\/\/noticiasemdestaque.com\/cd\/?p=25231\",\"name\":\"Dr. ARNALDO CORREIA \u2013 Dep. Wellington Roberto emplaca prof. da UFPB no segundo maior cargo do Minist\u00e9rio da Sa\u00fade - Not&iacute;cias em Destaque\",\"isPartOf\":{\"@id\":\"https:\/\/noticiasemdestaque.com\/cd\/#website\"},\"primaryImageOfPage\":{\"@id\":\"https:\/\/noticiasemdestaque.com\/cd\/?p=25231#primaryimage\"},\"image\":{\"@id\":\"https:\/\/noticiasemdestaque.com\/cd\/?p=25231#primaryimage\"},\"thumbnailUrl\":\"https:\/\/noticiasemdestaque.com\/cd\/wp-content\/uploads\/2020\/06\/Capturaro-1.jpg\",\"datePublished\":\"2020-06-07T21:44:39+00:00\",\"breadcrumb\":{\"@id\":\"https:\/\/noticiasemdestaque.com\/cd\/?p=25231#breadcrumb\"},\"inLanguage\":\"pt-BR\",\"potentialAction\":[{\"@type\":\"ReadAction\",\"target\":[\"https:\/\/noticiasemdestaque.com\/cd\/?p=25231\"]}]},{\"@type\":\"ImageObject\",\"inLanguage\":\"pt-BR\",\"@id\":\"https:\/\/noticiasemdestaque.com\/cd\/?p=25231#primaryimage\",\"url\":\"https:\/\/noticiasemdestaque.com\/cd\/wp-content\/uploads\/2020\/06\/Capturaro-1.jpg\",\"contentUrl\":\"https:\/\/noticiasemdestaque.com\/cd\/wp-content\/uploads\/2020\/06\/Capturaro-1.jpg\",\"width\":728,\"height\":444},{\"@type\":\"BreadcrumbList\",\"@id\":\"https:\/\/noticiasemdestaque.com\/cd\/?p=25231#breadcrumb\",\"itemListElement\":[{\"@type\":\"ListItem\",\"position\":1,\"name\":\"In\u00edcio\",\"item\":\"https:\/\/noticiasemdestaque.com\/cd\/\"},{\"@type\":\"ListItem\",\"position\":2,\"name\":\"Dr. ARNALDO CORREIA \u2013 Dep. Wellington Roberto emplaca prof. da UFPB no segundo maior cargo do Minist\u00e9rio da Sa\u00fade\"}]},{\"@type\":\"WebSite\",\"@id\":\"https:\/\/noticiasemdestaque.com\/cd\/#website\",\"url\":\"https:\/\/noticiasemdestaque.com\/cd\/\",\"name\":\"Not&iacute;cias em Destaque\",\"description\":\"\",\"publisher\":{\"@id\":\"https:\/\/noticiasemdestaque.com\/cd\/#organization\"},\"potentialAction\":[{\"@type\":\"SearchAction\",\"target\":{\"@type\":\"EntryPoint\",\"urlTemplate\":\"https:\/\/noticiasemdestaque.com\/cd\/?s={search_term_string}\"},\"query-input\":{\"@type\":\"PropertyValueSpecification\",\"valueRequired\":true,\"valueName\":\"search_term_string\"}}],\"inLanguage\":\"pt-BR\"},{\"@type\":\"Organization\",\"@id\":\"https:\/\/noticiasemdestaque.com\/cd\/#organization\",\"name\":\"Not\u00edcias em Destaque\",\"url\":\"https:\/\/noticiasemdestaque.com\/cd\/\",\"logo\":{\"@type\":\"ImageObject\",\"inLanguage\":\"pt-BR\",\"@id\":\"https:\/\/noticiasemdestaque.com\/cd\/#\/schema\/logo\/image\/\",\"url\":\"https:\/\/noticiasemdestaque.com\/cd\/wp-content\/uploads\/2022\/05\/imagem-base-noticiasemdestaque.png\",\"contentUrl\":\"https:\/\/noticiasemdestaque.com\/cd\/wp-content\/uploads\/2022\/05\/imagem-base-noticiasemdestaque.png\",\"width\":1200,\"height\":630,\"caption\":\"Not\u00edcias em Destaque\"},\"image\":{\"@id\":\"https:\/\/noticiasemdestaque.com\/cd\/#\/schema\/logo\/image\/\"}},{\"@type\":\"Person\",\"@id\":\"https:\/\/noticiasemdestaque.com\/cd\/#\/schema\/person\/21320b03a7e8bb90128938dafc9b908a\",\"name\":\"Not\u00edcias em Destaque\",\"url\":\"https:\/\/noticiasemdestaque.com\/cd\/?author=2\"}]}<\/script>\n<!-- \/ Yoast SEO plugin. -->","yoast_head_json":{"title":"Dr. ARNALDO CORREIA \u2013 Dep. Wellington Roberto emplaca prof. da UFPB no segundo maior cargo do Minist\u00e9rio da Sa\u00fade - Not&iacute;cias em Destaque","robots":{"index":"index","follow":"follow","max-snippet":"max-snippet:-1","max-image-preview":"max-image-preview:large","max-video-preview":"max-video-preview:-1"},"canonical":"https:\/\/noticiasemdestaque.com\/cd\/?p=25231","og_locale":"pt_BR","og_type":"article","og_title":"Dr. ARNALDO CORREIA \u2013 Dep. Wellington Roberto emplaca prof. da UFPB no segundo maior cargo do Minist\u00e9rio da Sa\u00fade - Not&iacute;cias em Destaque","og_description":"O paraibano Arnaldo Correia de Medeiros \u00e9 o novo secret\u00e1rio de Vigil\u00e2ncia em Sa\u00fade. Ele ocupa vaga deixada por Wanderson de Oliveira, que pediu demiss\u00e3o em meio \u00e0 pandemia do coronav\u00edrus. A escolha foi publicada nesta sexta-feira (5) no Di\u00e1rio Oficial da Uni\u00e3o, assinada pelo ministro chefe da Casa Civil, Braga Netto. Arnaldo Medeiros foi indicado pelo l\u00edder do PL na C\u00e2mara, o tamb\u00e9m paraibano deputado Wellington Roberto. O partido \u00e9 conhecido por integrar o chamado \u201cCentr\u00e3o\u201d, que tem recebido acenos do presidente Jair Bolsonaro. O posto do Minist\u00e9rio da Sa\u00fade \u00e9 respons\u00e1vel por decis\u00f5es a respeito da vigil\u00e2ncia, preven\u00e7\u00e3o e controle de doen\u00e7as transmiss\u00edveis. O cargo \u00e9 tido como essencial para a luta contra a Covid-19. Curr\u00edculo Graduado em ci\u00eancias farmac\u00eauticas pela Universidade Federal da Para\u00edba, Medeiros foi professor da institui\u00e7\u00e3o e tem experi\u00eancia em gest\u00e3o hospitalar, tendo atuado no hospital universit\u00e1rio da UFPB. Eis o hist\u00f3rico acad\u00eamico do novo secret\u00e1rio do Minist\u00e9rio da Sa\u00fade: 1986 \u2013 gradua\u00e7\u00e3o em Ci\u00eancias Farmac\u00eauticas pela Universidade Federal da Para\u00edba; 1989 \u2013 mestrado em Bioqu\u00edmica e Imunologia pela Universidade Federal de Minas Gerais; 1995 \u2013 doutorado em Ci\u00eancias Biol\u00f3gicas (Bioqu\u00edmica) pela Universidade de S\u00e3o Paulo (1995). Not\u00edcias em Destaque Com Pol\u00eamica PB","og_url":"https:\/\/noticiasemdestaque.com\/cd\/?p=25231","og_site_name":"Not&iacute;cias em Destaque","article_published_time":"2020-06-07T21:44:39+00:00","og_image":[{"width":728,"height":444,"url":"https:\/\/noticiasemdestaque.com\/cd\/wp-content\/uploads\/2020\/06\/Capturaro-1.jpg","type":"image\/jpeg"}],"author":"Not\u00edcias em Destaque","twitter_card":"summary_large_image","twitter_misc":{"Escrito por":"Not\u00edcias em Destaque","Est. tempo de leitura":"1 minuto"},"schema":{"@context":"https:\/\/schema.org","@graph":[{"@type":"Article","@id":"https:\/\/noticiasemdestaque.com\/cd\/?p=25231#article","isPartOf":{"@id":"https:\/\/noticiasemdestaque.com\/cd\/?p=25231"},"author":{"name":"Not\u00edcias em Destaque","@id":"https:\/\/noticiasemdestaque.com\/cd\/#\/schema\/person\/21320b03a7e8bb90128938dafc9b908a"},"headline":"Dr. ARNALDO CORREIA \u2013 Dep. Wellington Roberto emplaca prof. da UFPB no segundo maior cargo do Minist\u00e9rio da Sa\u00fade","datePublished":"2020-06-07T21:44:39+00:00","mainEntityOfPage":{"@id":"https:\/\/noticiasemdestaque.com\/cd\/?p=25231"},"wordCount":249,"publisher":{"@id":"https:\/\/noticiasemdestaque.com\/cd\/#organization"},"image":{"@id":"https:\/\/noticiasemdestaque.com\/cd\/?p=25231#primaryimage"},"thumbnailUrl":"https:\/\/noticiasemdestaque.com\/cd\/wp-content\/uploads\/2020\/06\/Capturaro-1.jpg","articleSection":["Pol\u00edtica"],"inLanguage":"pt-BR"},{"@type":"WebPage","@id":"https:\/\/noticiasemdestaque.com\/cd\/?p=25231","url":"https:\/\/noticiasemdestaque.com\/cd\/?p=25231","name":"Dr. ARNALDO CORREIA \u2013 Dep. Wellington Roberto emplaca prof. da UFPB no segundo maior cargo do Minist\u00e9rio da Sa\u00fade - Not&iacute;cias em Destaque","isPartOf":{"@id":"https:\/\/noticiasemdestaque.com\/cd\/#website"},"primaryImageOfPage":{"@id":"https:\/\/noticiasemdestaque.com\/cd\/?p=25231#primaryimage"},"image":{"@id":"https:\/\/noticiasemdestaque.com\/cd\/?p=25231#primaryimage"},"thumbnailUrl":"https:\/\/noticiasemdestaque.com\/cd\/wp-content\/uploads\/2020\/06\/Capturaro-1.jpg","datePublished":"2020-06-07T21:44:39+00:00","breadcrumb":{"@id":"https:\/\/noticiasemdestaque.com\/cd\/?p=25231#breadcrumb"},"inLanguage":"pt-BR","potentialAction":[{"@type":"ReadAction","target":["https:\/\/noticiasemdestaque.com\/cd\/?p=25231"]}]},{"@type":"ImageObject","inLanguage":"pt-BR","@id":"https:\/\/noticiasemdestaque.com\/cd\/?p=25231#primaryimage","url":"https:\/\/noticiasemdestaque.com\/cd\/wp-content\/uploads\/2020\/06\/Capturaro-1.jpg","contentUrl":"https:\/\/noticiasemdestaque.com\/cd\/wp-content\/uploads\/2020\/06\/Capturaro-1.jpg","width":728,"height":444},{"@type":"BreadcrumbList","@id":"https:\/\/noticiasemdestaque.com\/cd\/?p=25231#breadcrumb","itemListElement":[{"@type":"ListItem","position":1,"name":"In\u00edcio","item":"https:\/\/noticiasemdestaque.com\/cd\/"},{"@type":"ListItem","position":2,"name":"Dr. ARNALDO CORREIA \u2013 Dep. Wellington Roberto emplaca prof. da UFPB no segundo maior cargo do Minist\u00e9rio da Sa\u00fade"}]},{"@type":"WebSite","@id":"https:\/\/noticiasemdestaque.com\/cd\/#website","url":"https:\/\/noticiasemdestaque.com\/cd\/","name":"Not&iacute;cias em Destaque","description":"","publisher":{"@id":"https:\/\/noticiasemdestaque.com\/cd\/#organization"},"potentialAction":[{"@type":"SearchAction","target":{"@type":"EntryPoint","urlTemplate":"https:\/\/noticiasemdestaque.com\/cd\/?s={search_term_string}"},"query-input":{"@type":"PropertyValueSpecification","valueRequired":true,"valueName":"search_term_string"}}],"inLanguage":"pt-BR"},{"@type":"Organization","@id":"https:\/\/noticiasemdestaque.com\/cd\/#organization","name":"Not\u00edcias em Destaque","url":"https:\/\/noticiasemdestaque.com\/cd\/","logo":{"@type":"ImageObject","inLanguage":"pt-BR","@id":"https:\/\/noticiasemdestaque.com\/cd\/#\/schema\/logo\/image\/","url":"https:\/\/noticiasemdestaque.com\/cd\/wp-content\/uploads\/2022\/05\/imagem-base-noticiasemdestaque.png","contentUrl":"https:\/\/noticiasemdestaque.com\/cd\/wp-content\/uploads\/2022\/05\/imagem-base-noticiasemdestaque.png","width":1200,"height":630,"caption":"Not\u00edcias em Destaque"},"image":{"@id":"https:\/\/noticiasemdestaque.com\/cd\/#\/schema\/logo\/image\/"}},{"@type":"Person","@id":"https:\/\/noticiasemdestaque.com\/cd\/#\/schema\/person\/21320b03a7e8bb90128938dafc9b908a","name":"Not\u00edcias em Destaque","url":"https:\/\/noticiasemdestaque.com\/cd\/?author=2"}]}},"jetpack_featured_media_url":"https:\/\/noticiasemdestaque.com\/cd\/wp-content\/uploads\/2020\/06\/Capturaro-1.jpg","jetpack_sharing_enabled":true,"_links":{"self":[{"href":"https:\/\/noticiasemdestaque.com\/cd\/index.php?rest_route=\/wp\/v2\/posts\/25231","targetHints":{"allow":["GET"]}}],"collection":[{"href":"https:\/\/noticiasemdestaque.com\/cd\/index.php?rest_route=\/wp\/v2\/posts"}],"about":[{"href":"https:\/\/noticiasemdestaque.com\/cd\/index.php?rest_route=\/wp\/v2\/types\/post"}],"author":[{"embeddable":true,"href":"https:\/\/noticiasemdestaque.com\/cd\/index.php?rest_route=\/wp\/v2\/users\/2"}],"replies":[{"embeddable":true,"href":"https:\/\/noticiasemdestaque.com\/cd\/index.php?rest_route=%2Fwp%2Fv2%2Fcomments&post=25231"}],"version-history":[{"count":1,"href":"https:\/\/noticiasemdestaque.com\/cd\/index.php?rest_route=\/wp\/v2\/posts\/25231\/revisions"}],"predecessor-version":[{"id":25233,"href":"https:\/\/noticiasemdestaque.com\/cd\/index.php?rest_route=\/wp\/v2\/posts\/25231\/revisions\/25233"}],"wp:featuredmedia":[{"embeddable":true,"href":"https:\/\/noticiasemdestaque.com\/cd\/index.php?rest_route=\/wp\/v2\/media\/25232"}],"wp:attachment":[{"href":"https:\/\/noticiasemdestaque.com\/cd\/index.php?rest_route=%2Fwp%2Fv2%2Fmedia&parent=25231"}],"wp:term":[{"taxonomy":"category","embeddable":true,"href":"https:\/\/noticiasemdestaque.com\/cd\/index.php?rest_route=%2Fwp%2Fv2%2Fcategories&post=25231"},{"taxonomy":"post_tag","embeddable":true,"href":"https:\/\/noticiasemdestaque.com\/cd\/index.php?rest_route=%2Fwp%2Fv2%2Ftags&post=25231"}],"curies":[{"name":"wp","href":"https:\/\/api.w.org\/{rel}","templated":true}]}}